{"id":80995,"date":"2024-05-30T16:28:58","date_gmt":"2024-05-30T16:28:58","guid":{"rendered":"https:\/\/www.africa-press.net\/cotedivoire\/politique\/au-forum-schuman-a-bruxelles-tene-birahima-et-josep-borrell-discutent-des-defis-communs-en-matiere-de-securite-2"},"modified":"2024-05-30T17:09:16","modified_gmt":"2024-05-30T17:09:16","slug":"au-forum-schuman-a-bruxelles-tene-birahima-et-josep-borrell-discutent-des-defis-communs-en-matiere-de-securite-2","status":"publish","type":"post","link":"https:\/\/www.africa-press.net\/cotedivoire\/politique\/au-forum-schuman-a-bruxelles-tene-birahima-et-josep-borrell-discutent-des-defis-communs-en-matiere-de-securite-2","title":{"rendered":"Au Forum Schuman \u00e0 Bruxelles, T\u00e9n\u00e9 Birahima et Josep Borrell discutent des d\u00e9fis communs en mati\u00e8re de s\u00e9curit\u00e9"},"content":{"rendered":"<p><span style=\"color: #ff6600\"><strong>Africa-Press &#8211; C\u00f4te d&rsquo;Ivoire. <\/strong><\/span>Comme nous le relayions dans un pre\u0301ce\u0301dent article, le Ministre d\u2019Etat, Ministre de la De\u0301fense, Te\u0301ne\u0301 Birahima Ouattara , est Belgique ou\u0300 il a pris part a\u0300 Bruxelles, le 28 et 29 mai 2024, a\u0300 la deuxie\u0300me e\u0301dition du Forum Schuman sur la Se\u0301curite\u0301 et la De\u0301fense, organise\u0301e par l&rsquo;Union europe\u0301enne.<\/p>\n<p>\u00ab Je voudrais, au nom du pre\u0301sident de la Re\u0301publique, Chef Supre\u0302me des Arme\u0301es, SEM. Alassane Ouattara, remercier chaleureusement M. Josep Borrell, Haut Repre\u0301sentant de l&rsquo;Union europe\u0301enne (UE) pour les Affaires E\u0301trange\u0300res et la Politique de Se\u0301curite\u0301 \u00bb, a-t-il indique\u0301.<\/p>\n<p>Selon la De\u0301le\u0301gation de l\u2019Union europe\u0301enne en Co\u0302te d\u2019Ivoire, les deux hommes ont discute\u0301 de la manie\u0300re dont ils peuvent relever les de\u0301fis communs en matie\u0300re de se\u0301curite\u0301 gra\u0302ce a\u0300 des partenariats renforce\u0301s.<\/p>\n<p>En marge du Forum, le Ministre ivoirien a accorde\u0301 des audiences et, surtout, e\u0301change\u0301 avec les militaires ivoiriens en stage a\u0300 l&rsquo;Acade\u0301mie Royale de Belgique, qui est une e\u0301cole d&rsquo;excellence.<\/p>\n<p><strong>Pour plus d&rsquo;informations et d&rsquo;analyses sur la <a href=\"https:\/\/www.africa-press.net\/cotedivoire\">C\u00f4te d&rsquo;Ivoire<\/a>, suivez <a href=\"https:\/\/www.africa-press.net\/\">Africa-Press<\/a><\/strong><\/p>\n","protected":false},"excerpt":{"rendered":"<p>Africa-Press &#8211; C\u00f4te d&rsquo;Ivoire. Comme nous le relayions dans un pre\u0301ce\u0301dent article, le Ministre d\u2019Etat, Ministre de la De\u0301fense, Te\u0301ne\u0301 Birahima Ouattara , est Belgique ou\u0300 il a pris part a\u0300 Bruxelles, le 28 et 29 mai 2024, a\u0300 la deuxie\u0300me e\u0301dition du Forum Schuman sur la Se\u0301curite\u0301 et la De\u0301fense, organise\u0301e par l&rsquo;Union europe\u0301enne. [&hellip;]<\/p>\n","protected":false},"author":82,"featured_media":80994,"comment_status":"open","ping_status":"closed","sticky":false,"template":"","format":"standard","meta":{"footnotes":""},"categories":[2,20,10],"tags":[56,63,38,29,2486,11240,13604,303,2123,1377],"class_list":["post-80995","post","type-post","status-publish","format-standard","has-post-thumbnail","hentry","category-politique","category-top-nouvelles","category-toutes-les-actualites","tag-africa-press","tag-africa-press-cote-divoire","tag-alassane-ouattara","tag-cote-divoire","tag-forum","tag-josep-borell","tag-schuman","tag-securite","tag-tene-birahima-ouattara","tag-ue"],"yoast_head":"<!-- This site is optimized with the Yoast SEO Premium plugin v26.1 (Yoast SEO v27.0) - https:\/\/yoast.com\/product\/yoast-seo-premium-wordpress\/ -->\n<title>Au Forum Schuman \u00e0 Bruxelles, T\u00e9n\u00e9 Birahima et Josep Borrell discutent des d\u00e9fis communs en mati\u00e8re de s\u00e9curit\u00e9 - C\u00f4te d&#039;Ivoire<\/title>\n<meta name=\"description\" content=\"Comme nous le relayions dans un pre\u0301ce\u0301dent article, le Ministre d\u2019Etat, Ministre de la De\u0301fense, Te\u0301ne\u0301 Birahima Ouatta ...\" \/>\n<meta name=\"robots\" content=\"index, follow, max-snippet:-1, max-image-preview:large, max-video-preview:-1\" \/>\n<link rel=\"canonical\" href=\"https:\/\/www.africa-press.net\/cotedivoire\/politique\/au-forum-schuman-a-bruxelles-tene-birahima-et-josep-borrell-discutent-des-defis-communs-en-matiere-de-securite-2\" \/>\n<meta property=\"og:locale\" content=\"fr_FR\" \/>\n<meta property=\"og:type\" content=\"article\" \/>\n<meta property=\"og:title\" content=\"Au Forum Schuman \u00e0 Bruxelles, T\u00e9n\u00e9 Birahima et Josep Borrell discutent des d\u00e9fis communs en mati\u00e8re de s\u00e9curit\u00e9\" \/>\n<meta property=\"og:description\" content=\"Comme nous le relayions dans un pre\u0301ce\u0301dent article, le Ministre d\u2019Etat, Ministre de la De\u0301fense, Te\u0301ne\u0301 Birahima Ouatta ...\" \/>\n<meta property=\"og:url\" content=\"https:\/\/www.africa-press.net\/cotedivoire\/politique\/au-forum-schuman-a-bruxelles-tene-birahima-et-josep-borrell-discutent-des-defis-communs-en-matiere-de-securite-2\" \/>\n<meta property=\"og:site_name\" content=\"C\u00f4te d&#039;Ivoire\" \/>\n<meta property=\"article:published_time\" content=\"2024-05-30T16:28:58+00:00\" \/>\n<meta property=\"article:modified_time\" content=\"2024-05-30T17:09:16+00:00\" \/>\n<meta property=\"og:image\" content=\"https:\/\/static.africa-press.net\/cote\/sites\/43\/2024\/05\/sm_1717076153.471613.jpg\" \/>\n\t<meta property=\"og:image:width\" content=\"720\" \/>\n\t<meta property=\"og:image:height\" content=\"480\" \/>\n\t<meta property=\"og:image:type\" content=\"image\/jpeg\" \/>\n<meta name=\"author\" content=\"cfeditorfr\" \/>\n<meta name=\"twitter:card\" content=\"summary_large_image\" \/>\n<meta name=\"twitter:label1\" content=\"\u00c9crit par\" \/>\n\t<meta name=\"twitter:data1\" content=\"cfeditorfr\" \/>\n\t<meta name=\"twitter:label2\" content=\"Dur\u00e9e de lecture estim\u00e9e\" \/>\n\t<meta name=\"twitter:data2\" content=\"2 minutes\" \/>\n<script type=\"application\/ld+json\" class=\"yoast-schema-graph\">{\"@context\":\"https:\/\/schema.org\",\"@graph\":[{\"@type\":\"Article\",\"@id\":\"https:\/\/www.africa-press.net\/cotedivoire\/politique\/au-forum-schuman-a-bruxelles-tene-birahima-et-josep-borrell-discutent-des-defis-communs-en-matiere-de-securite-2#article\",\"isPartOf\":{\"@id\":\"https:\/\/www.africa-press.net\/cotedivoire\/politique\/au-forum-schuman-a-bruxelles-tene-birahima-et-josep-borrell-discutent-des-defis-communs-en-matiere-de-securite-2\"},\"author\":{\"name\":\"cfeditorfr\",\"@id\":\"https:\/\/www.africa-press.net\/cotedivoire\/#\/schema\/person\/2b1cf3cd81a31e3cd26889ca66d677f1\"},\"headline\":\"Au Forum Schuman \u00e0 Bruxelles, T\u00e9n\u00e9 Birahima et Josep Borrell discutent des d\u00e9fis communs en mati\u00e8re de s\u00e9curit\u00e9\",\"datePublished\":\"2024-05-30T16:28:58+00:00\",\"dateModified\":\"2024-05-30T17:09:16+00:00\",\"mainEntityOfPage\":{\"@id\":\"https:\/\/www.africa-press.net\/cotedivoire\/politique\/au-forum-schuman-a-bruxelles-tene-birahima-et-josep-borrell-discutent-des-defis-communs-en-matiere-de-securite-2\"},\"wordCount\":229,\"commentCount\":0,\"image\":{\"@id\":\"https:\/\/www.africa-press.net\/cotedivoire\/politique\/au-forum-schuman-a-bruxelles-tene-birahima-et-josep-borrell-discutent-des-defis-communs-en-matiere-de-securite-2#primaryimage\"},\"thumbnailUrl\":\"https:\/\/static.africa-press.net\/cote\/sites\/43\/2024\/05\/sm_1717076153.471613.jpg\",\"keywords\":[\"Africa Press\",\"Africa Press-C\u00f4te d'Ivoire\",\"Alassane Ouattara\",\"C\u00d4TE D'IVOIRE\",\"Forum\",\"Josep Borell\",\"Schuman\",\"SECURITE\",\"T\u00e9n\u00e9 Birahima Ouattara\",\"UE\"],\"articleSection\":[\"Politique\",\"Top Nouvelles\",\"Toutes les actualit\u00e9s\"],\"inLanguage\":\"fr-FR\",\"potentialAction\":[{\"@type\":\"CommentAction\",\"name\":\"Comment\",\"target\":[\"https:\/\/www.africa-press.net\/cotedivoire\/politique\/au-forum-schuman-a-bruxelles-tene-birahima-et-josep-borrell-discutent-des-defis-communs-en-matiere-de-securite-2#respond\"]}]},{\"@type\":\"WebPage\",\"@id\":\"https:\/\/www.africa-press.net\/cotedivoire\/politique\/au-forum-schuman-a-bruxelles-tene-birahima-et-josep-borrell-discutent-des-defis-communs-en-matiere-de-securite-2\",\"url\":\"https:\/\/www.africa-press.net\/cotedivoire\/politique\/au-forum-schuman-a-bruxelles-tene-birahima-et-josep-borrell-discutent-des-defis-communs-en-matiere-de-securite-2\",\"name\":\"Au Forum Schuman \u00e0 Bruxelles, T\u00e9n\u00e9 Birahima et Josep Borrell discutent des d\u00e9fis communs en mati\u00e8re de s\u00e9curit\u00e9 - C\u00f4te d&#039;Ivoire\",\"isPartOf\":{\"@id\":\"https:\/\/www.africa-press.net\/cotedivoire\/#website\"},\"primaryImageOfPage\":{\"@id\":\"https:\/\/www.africa-press.net\/cotedivoire\/politique\/au-forum-schuman-a-bruxelles-tene-birahima-et-josep-borrell-discutent-des-defis-communs-en-matiere-de-securite-2#primaryimage\"},\"image\":{\"@id\":\"https:\/\/www.africa-press.net\/cotedivoire\/politique\/au-forum-schuman-a-bruxelles-tene-birahima-et-josep-borrell-discutent-des-defis-communs-en-matiere-de-securite-2#primaryimage\"},\"thumbnailUrl\":\"https:\/\/static.africa-press.net\/cote\/sites\/43\/2024\/05\/sm_1717076153.471613.jpg\",\"datePublished\":\"2024-05-30T16:28:58+00:00\",\"dateModified\":\"2024-05-30T17:09:16+00:00\",\"author\":{\"@id\":\"https:\/\/www.africa-press.net\/cotedivoire\/#\/schema\/person\/2b1cf3cd81a31e3cd26889ca66d677f1\"},\"description\":\"Comme nous le relayions dans un pre\u0301ce\u0301dent article, le Ministre d\u2019Etat, Ministre de la De\u0301fense, Te\u0301ne\u0301 Birahima Ouatta ...\",\"breadcrumb\":{\"@id\":\"https:\/\/www.africa-press.net\/cotedivoire\/politique\/au-forum-schuman-a-bruxelles-tene-birahima-et-josep-borrell-discutent-des-defis-communs-en-matiere-de-securite-2#breadcrumb\"},\"inLanguage\":\"fr-FR\",\"potentialAction\":[{\"@type\":\"ReadAction\",\"target\":[\"https:\/\/www.africa-press.net\/cotedivoire\/politique\/au-forum-schuman-a-bruxelles-tene-birahima-et-josep-borrell-discutent-des-defis-communs-en-matiere-de-securite-2\"]}]},{\"@type\":\"ImageObject\",\"inLanguage\":\"fr-FR\",\"@id\":\"https:\/\/www.africa-press.net\/cotedivoire\/politique\/au-forum-schuman-a-bruxelles-tene-birahima-et-josep-borrell-discutent-des-defis-communs-en-matiere-de-securite-2#primaryimage\",\"url\":\"https:\/\/static.africa-press.net\/cote\/sites\/43\/2024\/05\/sm_1717076153.471613.jpg\",\"contentUrl\":\"https:\/\/static.africa-press.net\/cote\/sites\/43\/2024\/05\/sm_1717076153.471613.jpg\",\"width\":720,\"height\":480,\"caption\":\"Au Forum Schuman \u00e0 Bruxelles, T\u00e9n\u00e9 Birahima et Josep Borrell discutent des d\u00e9fis communs en mati\u00e8re de s\u00e9curit\u00e9\"},{\"@type\":\"BreadcrumbList\",\"@id\":\"https:\/\/www.africa-press.net\/cotedivoire\/politique\/au-forum-schuman-a-bruxelles-tene-birahima-et-josep-borrell-discutent-des-defis-communs-en-matiere-de-securite-2#breadcrumb\",\"itemListElement\":[{\"@type\":\"ListItem\",\"position\":1,\"name\":\"Accueil\",\"item\":\"https:\/\/www.africa-press.net\/cotedivoire\/\"},{\"@type\":\"ListItem\",\"position\":2,\"name\":\"Au Forum Schuman \u00e0 Bruxelles, T\u00e9n\u00e9 Birahima et Josep Borrell discutent des d\u00e9fis communs en mati\u00e8re de s\u00e9curit\u00e9\"}]},{\"@type\":\"WebSite\",\"@id\":\"https:\/\/www.africa-press.net\/cotedivoire\/#website\",\"url\":\"https:\/\/www.africa-press.net\/cotedivoire\/\",\"name\":\"C\u00f4te d&#039;Ivoire\",\"description\":\"Just another Africa News Agency Sites site\",\"potentialAction\":[{\"@type\":\"SearchAction\",\"target\":{\"@type\":\"EntryPoint\",\"urlTemplate\":\"https:\/\/www.africa-press.net\/cotedivoire\/?s={search_term_string}\"},\"query-input\":{\"@type\":\"PropertyValueSpecification\",\"valueRequired\":true,\"valueName\":\"search_term_string\"}}],\"inLanguage\":\"fr-FR\"},{\"@type\":\"Person\",\"@id\":\"https:\/\/www.africa-press.net\/cotedivoire\/#\/schema\/person\/2b1cf3cd81a31e3cd26889ca66d677f1\",\"name\":\"cfeditorfr\"}]}<\/script>\n<!-- \/ Yoast SEO Premium plugin. -->","yoast_head_json":{"title":"Au Forum Schuman \u00e0 Bruxelles, T\u00e9n\u00e9 Birahima et Josep Borrell discutent des d\u00e9fis communs en mati\u00e8re de s\u00e9curit\u00e9 - C\u00f4te d&#039;Ivoire","description":"Comme nous le relayions dans un pre\u0301ce\u0301dent article, le Ministre d\u2019Etat, Ministre de la De\u0301fense, Te\u0301ne\u0301 Birahima Ouatta ...","robots":{"index":"index","follow":"follow","max-snippet":"max-snippet:-1","max-image-preview":"max-image-preview:large","max-video-preview":"max-video-preview:-1"},"canonical":"https:\/\/www.africa-press.net\/cotedivoire\/politique\/au-forum-schuman-a-bruxelles-tene-birahima-et-josep-borrell-discutent-des-defis-communs-en-matiere-de-securite-2","og_locale":"fr_FR","og_type":"article","og_title":"Au Forum Schuman \u00e0 Bruxelles, T\u00e9n\u00e9 Birahima et Josep Borrell discutent des d\u00e9fis communs en mati\u00e8re de s\u00e9curit\u00e9","og_description":"Comme nous le relayions dans un pre\u0301ce\u0301dent article, le Ministre d\u2019Etat, Ministre de la De\u0301fense, Te\u0301ne\u0301 Birahima Ouatta ...","og_url":"https:\/\/www.africa-press.net\/cotedivoire\/politique\/au-forum-schuman-a-bruxelles-tene-birahima-et-josep-borrell-discutent-des-defis-communs-en-matiere-de-securite-2","og_site_name":"C\u00f4te d&#039;Ivoire","article_published_time":"2024-05-30T16:28:58+00:00","article_modified_time":"2024-05-30T17:09:16+00:00","og_image":[{"width":720,"height":480,"url":"https:\/\/static.africa-press.net\/cote\/sites\/43\/2024\/05\/sm_1717076153.471613.jpg","type":"image\/jpeg"}],"author":"cfeditorfr","twitter_card":"summary_large_image","twitter_misc":{"\u00c9crit par":"cfeditorfr","Dur\u00e9e de lecture estim\u00e9e":"2 minutes"},"schema":{"@context":"https:\/\/schema.org","@graph":[{"@type":"Article","@id":"https:\/\/www.africa-press.net\/cotedivoire\/politique\/au-forum-schuman-a-bruxelles-tene-birahima-et-josep-borrell-discutent-des-defis-communs-en-matiere-de-securite-2#article","isPartOf":{"@id":"https:\/\/www.africa-press.net\/cotedivoire\/politique\/au-forum-schuman-a-bruxelles-tene-birahima-et-josep-borrell-discutent-des-defis-communs-en-matiere-de-securite-2"},"author":{"name":"cfeditorfr","@id":"https:\/\/www.africa-press.net\/cotedivoire\/#\/schema\/person\/2b1cf3cd81a31e3cd26889ca66d677f1"},"headline":"Au Forum Schuman \u00e0 Bruxelles, T\u00e9n\u00e9 Birahima et Josep Borrell discutent des d\u00e9fis communs en mati\u00e8re de s\u00e9curit\u00e9","datePublished":"2024-05-30T16:28:58+00:00","dateModified":"2024-05-30T17:09:16+00:00","mainEntityOfPage":{"@id":"https:\/\/www.africa-press.net\/cotedivoire\/politique\/au-forum-schuman-a-bruxelles-tene-birahima-et-josep-borrell-discutent-des-defis-communs-en-matiere-de-securite-2"},"wordCount":229,"commentCount":0,"image":{"@id":"https:\/\/www.africa-press.net\/cotedivoire\/politique\/au-forum-schuman-a-bruxelles-tene-birahima-et-josep-borrell-discutent-des-defis-communs-en-matiere-de-securite-2#primaryimage"},"thumbnailUrl":"https:\/\/static.africa-press.net\/cote\/sites\/43\/2024\/05\/sm_1717076153.471613.jpg","keywords":["Africa Press","Africa Press-C\u00f4te d'Ivoire","Alassane Ouattara","C\u00d4TE D'IVOIRE","Forum","Josep Borell","Schuman","SECURITE","T\u00e9n\u00e9 Birahima Ouattara","UE"],"articleSection":["Politique","Top Nouvelles","Toutes les actualit\u00e9s"],"inLanguage":"fr-FR","potentialAction":[{"@type":"CommentAction","name":"Comment","target":["https:\/\/www.africa-press.net\/cotedivoire\/politique\/au-forum-schuman-a-bruxelles-tene-birahima-et-josep-borrell-discutent-des-defis-communs-en-matiere-de-securite-2#respond"]}]},{"@type":"WebPage","@id":"https:\/\/www.africa-press.net\/cotedivoire\/politique\/au-forum-schuman-a-bruxelles-tene-birahima-et-josep-borrell-discutent-des-defis-communs-en-matiere-de-securite-2","url":"https:\/\/www.africa-press.net\/cotedivoire\/politique\/au-forum-schuman-a-bruxelles-tene-birahima-et-josep-borrell-discutent-des-defis-communs-en-matiere-de-securite-2","name":"Au Forum Schuman \u00e0 Bruxelles, T\u00e9n\u00e9 Birahima et Josep Borrell discutent des d\u00e9fis communs en mati\u00e8re de s\u00e9curit\u00e9 - C\u00f4te d&#039;Ivoire","isPartOf":{"@id":"https:\/\/www.africa-press.net\/cotedivoire\/#website"},"primaryImageOfPage":{"@id":"https:\/\/www.africa-press.net\/cotedivoire\/politique\/au-forum-schuman-a-bruxelles-tene-birahima-et-josep-borrell-discutent-des-defis-communs-en-matiere-de-securite-2#primaryimage"},"image":{"@id":"https:\/\/www.africa-press.net\/cotedivoire\/politique\/au-forum-schuman-a-bruxelles-tene-birahima-et-josep-borrell-discutent-des-defis-communs-en-matiere-de-securite-2#primaryimage"},"thumbnailUrl":"https:\/\/static.africa-press.net\/cote\/sites\/43\/2024\/05\/sm_1717076153.471613.jpg","datePublished":"2024-05-30T16:28:58+00:00","dateModified":"2024-05-30T17:09:16+00:00","author":{"@id":"https:\/\/www.africa-press.net\/cotedivoire\/#\/schema\/person\/2b1cf3cd81a31e3cd26889ca66d677f1"},"description":"Comme nous le relayions dans un pre\u0301ce\u0301dent article, le Ministre d\u2019Etat, Ministre de la De\u0301fense, Te\u0301ne\u0301 Birahima Ouatta ...","breadcrumb":{"@id":"https:\/\/www.africa-press.net\/cotedivoire\/politique\/au-forum-schuman-a-bruxelles-tene-birahima-et-josep-borrell-discutent-des-defis-communs-en-matiere-de-securite-2#breadcrumb"},"inLanguage":"fr-FR","potentialAction":[{"@type":"ReadAction","target":["https:\/\/www.africa-press.net\/cotedivoire\/politique\/au-forum-schuman-a-bruxelles-tene-birahima-et-josep-borrell-discutent-des-defis-communs-en-matiere-de-securite-2"]}]},{"@type":"ImageObject","inLanguage":"fr-FR","@id":"https:\/\/www.africa-press.net\/cotedivoire\/politique\/au-forum-schuman-a-bruxelles-tene-birahima-et-josep-borrell-discutent-des-defis-communs-en-matiere-de-securite-2#primaryimage","url":"https:\/\/static.africa-press.net\/cote\/sites\/43\/2024\/05\/sm_1717076153.471613.jpg","contentUrl":"https:\/\/static.africa-press.net\/cote\/sites\/43\/2024\/05\/sm_1717076153.471613.jpg","width":720,"height":480,"caption":"Au Forum Schuman \u00e0 Bruxelles, T\u00e9n\u00e9 Birahima et Josep Borrell discutent des d\u00e9fis communs en mati\u00e8re de s\u00e9curit\u00e9"},{"@type":"BreadcrumbList","@id":"https:\/\/www.africa-press.net\/cotedivoire\/politique\/au-forum-schuman-a-bruxelles-tene-birahima-et-josep-borrell-discutent-des-defis-communs-en-matiere-de-securite-2#breadcrumb","itemListElement":[{"@type":"ListItem","position":1,"name":"Accueil","item":"https:\/\/www.africa-press.net\/cotedivoire\/"},{"@type":"ListItem","position":2,"name":"Au Forum Schuman \u00e0 Bruxelles, T\u00e9n\u00e9 Birahima et Josep Borrell discutent des d\u00e9fis communs en mati\u00e8re de s\u00e9curit\u00e9"}]},{"@type":"WebSite","@id":"https:\/\/www.africa-press.net\/cotedivoire\/#website","url":"https:\/\/www.africa-press.net\/cotedivoire\/","name":"C\u00f4te d&#039;Ivoire","description":"Just another Africa News Agency Sites site","potentialAction":[{"@type":"SearchAction","target":{"@type":"EntryPoint","urlTemplate":"https:\/\/www.africa-press.net\/cotedivoire\/?s={search_term_string}"},"query-input":{"@type":"PropertyValueSpecification","valueRequired":true,"valueName":"search_term_string"}}],"inLanguage":"fr-FR"},{"@type":"Person","@id":"https:\/\/www.africa-press.net\/cotedivoire\/#\/schema\/person\/2b1cf3cd81a31e3cd26889ca66d677f1","name":"cfeditorfr"}]}},"_links":{"self":[{"href":"https:\/\/www.africa-press.net\/cotedivoire\/wp-json\/wp\/v2\/posts\/80995","targetHints":{"allow":["GET"]}}],"collection":[{"href":"https:\/\/www.africa-press.net\/cotedivoire\/wp-json\/wp\/v2\/posts"}],"about":[{"href":"https:\/\/www.africa-press.net\/cotedivoire\/wp-json\/wp\/v2\/types\/post"}],"author":[{"embeddable":true,"href":"https:\/\/www.africa-press.net\/cotedivoire\/wp-json\/wp\/v2\/users\/82"}],"replies":[{"embeddable":true,"href":"https:\/\/www.africa-press.net\/cotedivoire\/wp-json\/wp\/v2\/comments?post=80995"}],"version-history":[{"count":0,"href":"https:\/\/www.africa-press.net\/cotedivoire\/wp-json\/wp\/v2\/posts\/80995\/revisions"}],"wp:featuredmedia":[{"embeddable":true,"href":"https:\/\/www.africa-press.net\/cotedivoire\/wp-json\/wp\/v2\/media\/80994"}],"wp:attachment":[{"href":"https:\/\/www.africa-press.net\/cotedivoire\/wp-json\/wp\/v2\/media?parent=80995"}],"wp:term":[{"taxonomy":"category","embeddable":true,"href":"https:\/\/www.africa-press.net\/cotedivoire\/wp-json\/wp\/v2\/categories?post=80995"},{"taxonomy":"post_tag","embeddable":true,"href":"https:\/\/www.africa-press.net\/cotedivoire\/wp-json\/wp\/v2\/tags?post=80995"}],"curies":[{"name":"wp","href":"https:\/\/api.w.org\/{rel}","templated":true}]}}