{"id":8103,"date":"2021-05-23T15:34:13","date_gmt":"2021-05-23T15:34:13","guid":{"rendered":"https:\/\/www.africa-press.net\/cotedivoire\/?p=8103"},"modified":"2021-05-23T17:35:18","modified_gmt":"2021-05-23T17:35:18","slug":"disparition-de-mahely-bah-la-diaspora-pdci-pleure-une-amazon-3d-une-combattante-une-resistante","status":"publish","type":"post","link":"https:\/\/www.africa-press.net\/cotedivoire\/politique\/disparition-de-mahely-bah-la-diaspora-pdci-pleure-une-amazon-3d-une-combattante-une-resistante","title":{"rendered":"Disparition de Mahely Bah: La diaspora PDCI pleure \u2018\u2019une Amazon 3D, une combattante, une r\u00e9sistante\u2019\u2019"},"content":{"rendered":"<p><span style=\"color: #ff6600\"><strong><a href=\"https:\/\/www.africa-press.net\/\">Africa-Press<\/a> &#8211; <a href=\"https:\/\/www.africa-press.net\/cotedivoire\">C\u00f4te d&rsquo;Ivoire<\/a>. <\/strong><\/span>D\u00e9c\u00e8s de Mahely Bah: La diaspora PDCI pleure \u2018\u2019une Amazon 3D, une combattante, une r\u00e9sistante\u2019\u2019<\/p>\n<p>Dans un communiqu\u00e9 de presse de la d\u00e9l\u00e9gation g\u00e9n\u00e9rale PDCI-RDA Paris Yvelines, dont africanewsquick.net a eu copie, les militants de la diaspora du parti de Henri Konan B\u00e9di\u00e9 pleurent Mah\u00e9ly Bah. Ils sont all\u00e9s soutenir la famille de la d\u00e9funte.<\/p>\n<p>Le 29 Avril 2021, Mahely Bah, grande artiste chanteuse engag\u00e9e, grande patriote et amazone de la r\u00e9sistance panafricaine en France, cyber activiste, est d\u00e9c\u00e9d\u00e9e des suites d\u2019une courte maladie \u00e0 Paris. Son d\u00e9c\u00e8s a sem\u00e9 la tristesse et la consternation dans le milieu de la diaspora africaine.<\/p>\n<p>Grande figure de la lutte pour la lib\u00e9ration de Laurent Gbagbo, de Bl\u00e9 Goud\u00e9, de tous les prisonniers politiques, le retour des exil\u00e9s politiques et le respect de la Constitution en C\u00f4te d\u2019Ivoire par le pouvoir d\u2019Alassane Dramane Ouattara, Mah\u00e9ly est partie trop t\u00f4t et ne verra malheureusement pas le retour du Pr\u00e9sident Laurent GBAGBO en C\u00f4te d\u2019Ivoire apr\u00e8s son acquittement d\u00e9finitif par la CPI comme Mo\u00eese qui n\u2019a pas vu la terre promise selon la Bible.<\/p>\n<p>A la suite de ce d\u00e9c\u00e8s, et le jour de la comm\u00e9moration de la f\u00eate de la libert\u00e9 organis\u00e9e par le FPI devant le Conseil d\u2019Etat, \u00e0 la place du Palais Royal \u00e0 Paris le 1 mai 2021, le PDCI-RDA en France invit\u00e9, lui a publiquement rendu hommage et pr\u00e9sent\u00e9 ses condol\u00e9ances avant d\u2019aborder le th\u00e8me du rassemblement du jour.<\/p>\n<p>Le 16 mai 2021, une D\u00e9l\u00e9gation du PDCI-RDA de France, dirig\u00e9e par Le D\u00e9l\u00e9gu\u00e9 G\u00e9n\u00e9ral Diomand\u00e9 Youd\u00e9 Adama de Paris Yvelines, avec HUE Bertin, Membre du Bureau Politique, Inspecteur du Parti et SEKA Fran\u00e7ois, Secr\u00e9taire G\u00e9n\u00e9ral de la Section Paris 17e Ternes, Membre du Grand Conseil R\u00e9gional s\u2019est rendue au domicile de la d\u00e9funte pour adresser \u00e0 la famille \u00e9plor\u00e9e de MAHELY BAH, le \u00abYAKO\u00bb, les condol\u00e9ances et la compassion du PDCI-RDA.<\/p>\n<p>La D\u00e9l\u00e9gation du PDCI-RDA qui a tenu compte des restrictions de la crise sanitaire, a \u00e9t\u00e9 re\u00e7ue par la famille de Mah\u00e9ly Aimond Chantal BAH avec la pr\u00e9sence de son p\u00e8re et de sa s\u0153ur Martha Ba.<\/p>\n<p>Le D\u00e9l\u00e9gu\u00e9 G\u00e9n\u00e9ral Diomand\u00e9 Youd\u00e9 a saisi l\u2019occasion pour faire \u00e9tat et t\u00e9moigner de quelques actions communes avec la R\u00e9sistante Mah\u00e9ly Bah dans le cadre de la lutte dans la diaspora pour le respect de notre Constitution, la r\u00e9conciliation, l\u2019\u00e9tat de droit, la justice, le rejet de la dictature etc.<\/p>\n<p>La famille a inform\u00e9 la D\u00e9l\u00e9gation du PDCI-RDA que le corps a \u00e9t\u00e9 rapatri\u00e9 au pays et qu\u2019un Comit\u00e9 d\u2019Organisation est mis en place et a pr\u00e9vu d\u2019organiser une veill\u00e9e le 19 juin 2021 \u00e0 Paris.<\/p>\n<p>A cette veill\u00e9e, tous les amis de la r\u00e9sistance panafricaine, les partis politiques alli\u00e9s, la famille artistique et les cyber activistes sont invit\u00e9s pour soutenir la famille et prier pour Mahely.<\/p>\n<p>Avant de prendre cong\u00e9s, le Chef de la D\u00e9l\u00e9gation du PDCI-RDA, Diomand\u00e9 Youd\u00e9, a r\u00e9it\u00e9r\u00e9 les Condol\u00e9ances les plus attrist\u00e9es du parti et prier le Seigneur pour qu\u2019elle repose en paix.<\/p>\n<p>&nbsp;<\/p>\n","protected":false},"excerpt":{"rendered":"<p>Africa-Press &#8211; C\u00f4te d&rsquo;Ivoire. D\u00e9c\u00e8s de Mahely Bah: La diaspora PDCI pleure \u2018\u2019une Amazon 3D, une combattante, une r\u00e9sistante\u2019\u2019 Dans un communiqu\u00e9 de presse de la d\u00e9l\u00e9gation g\u00e9n\u00e9rale PDCI-RDA Paris Yvelines, dont africanewsquick.net a eu copie, les militants de la diaspora du parti de Henri Konan B\u00e9di\u00e9 pleurent Mah\u00e9ly Bah. Ils sont all\u00e9s soutenir la [&hellip;]<\/p>\n","protected":false},"author":82,"featured_media":8102,"comment_status":"open","ping_status":"closed","sticky":false,"template":"","format":"standard","meta":{"footnotes":""},"categories":[11,2,10],"tags":[56,63,29],"class_list":["post-8103","post","type-post","status-publish","format-standard","has-post-thumbnail","hentry","category-homepage-french","category-politique","category-toutes-les-actualites","tag-africa-press","tag-africa-press-cote-divoire","tag-cote-divoire"],"yoast_head":"<!-- This site is optimized with the Yoast SEO Premium plugin v26.1 (Yoast SEO v27.0) - https:\/\/yoast.com\/product\/yoast-seo-premium-wordpress\/ -->\n<title>Disparition de Mahely Bah: La diaspora PDCI pleure \u2018\u2019une Amazon 3D, une combattante, une r\u00e9sistante\u2019\u2019 - C\u00f4te d&#039;Ivoire<\/title>\n<meta name=\"description\" content=\"D\u00e9c\u00e8s de Mahely Bah: La diaspora PDCI pleure \u2018\u2019une Amazon 3D, une combattante, une r\u00e9sistante\u2019\u2019 Dans un communiqu\u00e9 de p ...\" \/>\n<meta name=\"robots\" content=\"index, follow, max-snippet:-1, max-image-preview:large, max-video-preview:-1\" \/>\n<link rel=\"canonical\" href=\"https:\/\/www.africa-press.net\/cotedivoire\/politique\/disparition-de-mahely-bah-la-diaspora-pdci-pleure-une-amazon-3d-une-combattante-une-resistante\" \/>\n<meta property=\"og:locale\" content=\"fr_FR\" \/>\n<meta property=\"og:type\" content=\"article\" \/>\n<meta property=\"og:title\" content=\"Disparition de Mahely Bah: La diaspora PDCI pleure \u2018\u2019une Amazon 3D, une combattante, une r\u00e9sistante\u2019\u2019\" \/>\n<meta property=\"og:description\" content=\"D\u00e9c\u00e8s de Mahely Bah: La diaspora PDCI pleure \u2018\u2019une Amazon 3D, une combattante, une r\u00e9sistante\u2019\u2019 Dans un communiqu\u00e9 de p ...\" \/>\n<meta property=\"og:url\" content=\"https:\/\/www.africa-press.net\/cotedivoire\/politique\/disparition-de-mahely-bah-la-diaspora-pdci-pleure-une-amazon-3d-une-combattante-une-resistante\" \/>\n<meta property=\"og:site_name\" content=\"C\u00f4te d&#039;Ivoire\" \/>\n<meta property=\"article:published_time\" content=\"2021-05-23T15:34:13+00:00\" \/>\n<meta property=\"article:modified_time\" content=\"2021-05-23T17:35:18+00:00\" \/>\n<meta property=\"og:image\" content=\"https:\/\/static.africa-press.net\/cote\/sites\/43\/2021\/05\/img-60aa755fdb0f7.jpg\" \/>\n\t<meta property=\"og:image:width\" content=\"1280\" \/>\n\t<meta property=\"og:image:height\" content=\"720\" \/>\n\t<meta property=\"og:image:type\" content=\"image\/jpeg\" \/>\n<meta name=\"author\" content=\"cfeditorfr\" \/>\n<meta name=\"twitter:card\" content=\"summary_large_image\" \/>\n<meta name=\"twitter:label1\" content=\"\u00c9crit par\" \/>\n\t<meta name=\"twitter:data1\" content=\"cfeditorfr\" \/>\n\t<meta name=\"twitter:label2\" content=\"Dur\u00e9e de lecture estim\u00e9e\" \/>\n\t<meta name=\"twitter:data2\" content=\"3 minutes\" \/>\n<script type=\"application\/ld+json\" class=\"yoast-schema-graph\">{\"@context\":\"https:\/\/schema.org\",\"@graph\":[{\"@type\":\"Article\",\"@id\":\"https:\/\/www.africa-press.net\/cotedivoire\/politique\/disparition-de-mahely-bah-la-diaspora-pdci-pleure-une-amazon-3d-une-combattante-une-resistante#article\",\"isPartOf\":{\"@id\":\"https:\/\/www.africa-press.net\/cotedivoire\/politique\/disparition-de-mahely-bah-la-diaspora-pdci-pleure-une-amazon-3d-une-combattante-une-resistante\"},\"author\":{\"name\":\"cfeditorfr\",\"@id\":\"https:\/\/www.africa-press.net\/cotedivoire\/#\/schema\/person\/2b1cf3cd81a31e3cd26889ca66d677f1\"},\"headline\":\"Disparition de Mahely Bah: La diaspora PDCI pleure \u2018\u2019une Amazon 3D, une combattante, une r\u00e9sistante\u2019\u2019\",\"datePublished\":\"2021-05-23T15:34:13+00:00\",\"dateModified\":\"2021-05-23T17:35:18+00:00\",\"mainEntityOfPage\":{\"@id\":\"https:\/\/www.africa-press.net\/cotedivoire\/politique\/disparition-de-mahely-bah-la-diaspora-pdci-pleure-une-amazon-3d-une-combattante-une-resistante\"},\"wordCount\":602,\"commentCount\":0,\"image\":{\"@id\":\"https:\/\/www.africa-press.net\/cotedivoire\/politique\/disparition-de-mahely-bah-la-diaspora-pdci-pleure-une-amazon-3d-une-combattante-une-resistante#primaryimage\"},\"thumbnailUrl\":\"https:\/\/static.africa-press.net\/cote\/sites\/43\/2021\/05\/img-60aa755fdb0f7.jpg\",\"keywords\":[\"Africa Press\",\"Africa Press-C\u00f4te d'Ivoire\",\"C\u00d4TE D'IVOIRE\"],\"articleSection\":[\"homepage-french\",\"Politique\",\"Toutes les actualit\u00e9s\"],\"inLanguage\":\"fr-FR\",\"potentialAction\":[{\"@type\":\"CommentAction\",\"name\":\"Comment\",\"target\":[\"https:\/\/www.africa-press.net\/cotedivoire\/politique\/disparition-de-mahely-bah-la-diaspora-pdci-pleure-une-amazon-3d-une-combattante-une-resistante#respond\"]}]},{\"@type\":\"WebPage\",\"@id\":\"https:\/\/www.africa-press.net\/cotedivoire\/politique\/disparition-de-mahely-bah-la-diaspora-pdci-pleure-une-amazon-3d-une-combattante-une-resistante\",\"url\":\"https:\/\/www.africa-press.net\/cotedivoire\/politique\/disparition-de-mahely-bah-la-diaspora-pdci-pleure-une-amazon-3d-une-combattante-une-resistante\",\"name\":\"Disparition de Mahely Bah: La diaspora PDCI pleure \u2018\u2019une Amazon 3D, une combattante, une r\u00e9sistante\u2019\u2019 - C\u00f4te d&#039;Ivoire\",\"isPartOf\":{\"@id\":\"https:\/\/www.africa-press.net\/cotedivoire\/#website\"},\"primaryImageOfPage\":{\"@id\":\"https:\/\/www.africa-press.net\/cotedivoire\/politique\/disparition-de-mahely-bah-la-diaspora-pdci-pleure-une-amazon-3d-une-combattante-une-resistante#primaryimage\"},\"image\":{\"@id\":\"https:\/\/www.africa-press.net\/cotedivoire\/politique\/disparition-de-mahely-bah-la-diaspora-pdci-pleure-une-amazon-3d-une-combattante-une-resistante#primaryimage\"},\"thumbnailUrl\":\"https:\/\/static.africa-press.net\/cote\/sites\/43\/2021\/05\/img-60aa755fdb0f7.jpg\",\"datePublished\":\"2021-05-23T15:34:13+00:00\",\"dateModified\":\"2021-05-23T17:35:18+00:00\",\"author\":{\"@id\":\"https:\/\/www.africa-press.net\/cotedivoire\/#\/schema\/person\/2b1cf3cd81a31e3cd26889ca66d677f1\"},\"description\":\"D\u00e9c\u00e8s de Mahely Bah: La diaspora PDCI pleure \u2018\u2019une Amazon 3D, une combattante, une r\u00e9sistante\u2019\u2019 Dans un communiqu\u00e9 de p ...\",\"breadcrumb\":{\"@id\":\"https:\/\/www.africa-press.net\/cotedivoire\/politique\/disparition-de-mahely-bah-la-diaspora-pdci-pleure-une-amazon-3d-une-combattante-une-resistante#breadcrumb\"},\"inLanguage\":\"fr-FR\",\"potentialAction\":[{\"@type\":\"ReadAction\",\"target\":[\"https:\/\/www.africa-press.net\/cotedivoire\/politique\/disparition-de-mahely-bah-la-diaspora-pdci-pleure-une-amazon-3d-une-combattante-une-resistante\"]}]},{\"@type\":\"ImageObject\",\"inLanguage\":\"fr-FR\",\"@id\":\"https:\/\/www.africa-press.net\/cotedivoire\/politique\/disparition-de-mahely-bah-la-diaspora-pdci-pleure-une-amazon-3d-une-combattante-une-resistante#primaryimage\",\"url\":\"https:\/\/static.africa-press.net\/cote\/sites\/43\/2021\/05\/img-60aa755fdb0f7.jpg\",\"contentUrl\":\"https:\/\/static.africa-press.net\/cote\/sites\/43\/2021\/05\/img-60aa755fdb0f7.jpg\",\"width\":1280,\"height\":720,\"caption\":\"Disparition de Mahely Bah: La diaspora PDCI pleure \u2018\u2019une Amazon 3D, une combattante, une r\u00e9sistante\u2019\u2019\"},{\"@type\":\"BreadcrumbList\",\"@id\":\"https:\/\/www.africa-press.net\/cotedivoire\/politique\/disparition-de-mahely-bah-la-diaspora-pdci-pleure-une-amazon-3d-une-combattante-une-resistante#breadcrumb\",\"itemListElement\":[{\"@type\":\"ListItem\",\"position\":1,\"name\":\"Accueil\",\"item\":\"https:\/\/www.africa-press.net\/cotedivoire\/\"},{\"@type\":\"ListItem\",\"position\":2,\"name\":\"Disparition de Mahely Bah: La diaspora PDCI pleure \u2018\u2019une Amazon 3D, une combattante, une r\u00e9sistante\u2019\u2019\"}]},{\"@type\":\"WebSite\",\"@id\":\"https:\/\/www.africa-press.net\/cotedivoire\/#website\",\"url\":\"https:\/\/www.africa-press.net\/cotedivoire\/\",\"name\":\"C\u00f4te d&#039;Ivoire\",\"description\":\"Just another Africa News Agency Sites site\",\"potentialAction\":[{\"@type\":\"SearchAction\",\"target\":{\"@type\":\"EntryPoint\",\"urlTemplate\":\"https:\/\/www.africa-press.net\/cotedivoire\/?s={search_term_string}\"},\"query-input\":{\"@type\":\"PropertyValueSpecification\",\"valueRequired\":true,\"valueName\":\"search_term_string\"}}],\"inLanguage\":\"fr-FR\"},{\"@type\":\"Person\",\"@id\":\"https:\/\/www.africa-press.net\/cotedivoire\/#\/schema\/person\/2b1cf3cd81a31e3cd26889ca66d677f1\",\"name\":\"cfeditorfr\"}]}<\/script>\n<!-- \/ Yoast SEO Premium plugin. -->","yoast_head_json":{"title":"Disparition de Mahely Bah: La diaspora PDCI pleure \u2018\u2019une Amazon 3D, une combattante, une r\u00e9sistante\u2019\u2019 - C\u00f4te d&#039;Ivoire","description":"D\u00e9c\u00e8s de Mahely Bah: La diaspora PDCI pleure \u2018\u2019une Amazon 3D, une combattante, une r\u00e9sistante\u2019\u2019 Dans un communiqu\u00e9 de p ...","robots":{"index":"index","follow":"follow","max-snippet":"max-snippet:-1","max-image-preview":"max-image-preview:large","max-video-preview":"max-video-preview:-1"},"canonical":"https:\/\/www.africa-press.net\/cotedivoire\/politique\/disparition-de-mahely-bah-la-diaspora-pdci-pleure-une-amazon-3d-une-combattante-une-resistante","og_locale":"fr_FR","og_type":"article","og_title":"Disparition de Mahely Bah: La diaspora PDCI pleure \u2018\u2019une Amazon 3D, une combattante, une r\u00e9sistante\u2019\u2019","og_description":"D\u00e9c\u00e8s de Mahely Bah: La diaspora PDCI pleure \u2018\u2019une Amazon 3D, une combattante, une r\u00e9sistante\u2019\u2019 Dans un communiqu\u00e9 de p ...","og_url":"https:\/\/www.africa-press.net\/cotedivoire\/politique\/disparition-de-mahely-bah-la-diaspora-pdci-pleure-une-amazon-3d-une-combattante-une-resistante","og_site_name":"C\u00f4te d&#039;Ivoire","article_published_time":"2021-05-23T15:34:13+00:00","article_modified_time":"2021-05-23T17:35:18+00:00","og_image":[{"width":1280,"height":720,"url":"https:\/\/static.africa-press.net\/cote\/sites\/43\/2021\/05\/img-60aa755fdb0f7.jpg","type":"image\/jpeg"}],"author":"cfeditorfr","twitter_card":"summary_large_image","twitter_misc":{"\u00c9crit par":"cfeditorfr","Dur\u00e9e de lecture estim\u00e9e":"3 minutes"},"schema":{"@context":"https:\/\/schema.org","@graph":[{"@type":"Article","@id":"https:\/\/www.africa-press.net\/cotedivoire\/politique\/disparition-de-mahely-bah-la-diaspora-pdci-pleure-une-amazon-3d-une-combattante-une-resistante#article","isPartOf":{"@id":"https:\/\/www.africa-press.net\/cotedivoire\/politique\/disparition-de-mahely-bah-la-diaspora-pdci-pleure-une-amazon-3d-une-combattante-une-resistante"},"author":{"name":"cfeditorfr","@id":"https:\/\/www.africa-press.net\/cotedivoire\/#\/schema\/person\/2b1cf3cd81a31e3cd26889ca66d677f1"},"headline":"Disparition de Mahely Bah: La diaspora PDCI pleure \u2018\u2019une Amazon 3D, une combattante, une r\u00e9sistante\u2019\u2019","datePublished":"2021-05-23T15:34:13+00:00","dateModified":"2021-05-23T17:35:18+00:00","mainEntityOfPage":{"@id":"https:\/\/www.africa-press.net\/cotedivoire\/politique\/disparition-de-mahely-bah-la-diaspora-pdci-pleure-une-amazon-3d-une-combattante-une-resistante"},"wordCount":602,"commentCount":0,"image":{"@id":"https:\/\/www.africa-press.net\/cotedivoire\/politique\/disparition-de-mahely-bah-la-diaspora-pdci-pleure-une-amazon-3d-une-combattante-une-resistante#primaryimage"},"thumbnailUrl":"https:\/\/static.africa-press.net\/cote\/sites\/43\/2021\/05\/img-60aa755fdb0f7.jpg","keywords":["Africa Press","Africa Press-C\u00f4te d'Ivoire","C\u00d4TE D'IVOIRE"],"articleSection":["homepage-french","Politique","Toutes les actualit\u00e9s"],"inLanguage":"fr-FR","potentialAction":[{"@type":"CommentAction","name":"Comment","target":["https:\/\/www.africa-press.net\/cotedivoire\/politique\/disparition-de-mahely-bah-la-diaspora-pdci-pleure-une-amazon-3d-une-combattante-une-resistante#respond"]}]},{"@type":"WebPage","@id":"https:\/\/www.africa-press.net\/cotedivoire\/politique\/disparition-de-mahely-bah-la-diaspora-pdci-pleure-une-amazon-3d-une-combattante-une-resistante","url":"https:\/\/www.africa-press.net\/cotedivoire\/politique\/disparition-de-mahely-bah-la-diaspora-pdci-pleure-une-amazon-3d-une-combattante-une-resistante","name":"Disparition de Mahely Bah: La diaspora PDCI pleure \u2018\u2019une Amazon 3D, une combattante, une r\u00e9sistante\u2019\u2019 - C\u00f4te d&#039;Ivoire","isPartOf":{"@id":"https:\/\/www.africa-press.net\/cotedivoire\/#website"},"primaryImageOfPage":{"@id":"https:\/\/www.africa-press.net\/cotedivoire\/politique\/disparition-de-mahely-bah-la-diaspora-pdci-pleure-une-amazon-3d-une-combattante-une-resistante#primaryimage"},"image":{"@id":"https:\/\/www.africa-press.net\/cotedivoire\/politique\/disparition-de-mahely-bah-la-diaspora-pdci-pleure-une-amazon-3d-une-combattante-une-resistante#primaryimage"},"thumbnailUrl":"https:\/\/static.africa-press.net\/cote\/sites\/43\/2021\/05\/img-60aa755fdb0f7.jpg","datePublished":"2021-05-23T15:34:13+00:00","dateModified":"2021-05-23T17:35:18+00:00","author":{"@id":"https:\/\/www.africa-press.net\/cotedivoire\/#\/schema\/person\/2b1cf3cd81a31e3cd26889ca66d677f1"},"description":"D\u00e9c\u00e8s de Mahely Bah: La diaspora PDCI pleure \u2018\u2019une Amazon 3D, une combattante, une r\u00e9sistante\u2019\u2019 Dans un communiqu\u00e9 de p ...","breadcrumb":{"@id":"https:\/\/www.africa-press.net\/cotedivoire\/politique\/disparition-de-mahely-bah-la-diaspora-pdci-pleure-une-amazon-3d-une-combattante-une-resistante#breadcrumb"},"inLanguage":"fr-FR","potentialAction":[{"@type":"ReadAction","target":["https:\/\/www.africa-press.net\/cotedivoire\/politique\/disparition-de-mahely-bah-la-diaspora-pdci-pleure-une-amazon-3d-une-combattante-une-resistante"]}]},{"@type":"ImageObject","inLanguage":"fr-FR","@id":"https:\/\/www.africa-press.net\/cotedivoire\/politique\/disparition-de-mahely-bah-la-diaspora-pdci-pleure-une-amazon-3d-une-combattante-une-resistante#primaryimage","url":"https:\/\/static.africa-press.net\/cote\/sites\/43\/2021\/05\/img-60aa755fdb0f7.jpg","contentUrl":"https:\/\/static.africa-press.net\/cote\/sites\/43\/2021\/05\/img-60aa755fdb0f7.jpg","width":1280,"height":720,"caption":"Disparition de Mahely Bah: La diaspora PDCI pleure \u2018\u2019une Amazon 3D, une combattante, une r\u00e9sistante\u2019\u2019"},{"@type":"BreadcrumbList","@id":"https:\/\/www.africa-press.net\/cotedivoire\/politique\/disparition-de-mahely-bah-la-diaspora-pdci-pleure-une-amazon-3d-une-combattante-une-resistante#breadcrumb","itemListElement":[{"@type":"ListItem","position":1,"name":"Accueil","item":"https:\/\/www.africa-press.net\/cotedivoire\/"},{"@type":"ListItem","position":2,"name":"Disparition de Mahely Bah: La diaspora PDCI pleure \u2018\u2019une Amazon 3D, une combattante, une r\u00e9sistante\u2019\u2019"}]},{"@type":"WebSite","@id":"https:\/\/www.africa-press.net\/cotedivoire\/#website","url":"https:\/\/www.africa-press.net\/cotedivoire\/","name":"C\u00f4te d&#039;Ivoire","description":"Just another Africa News Agency Sites site","potentialAction":[{"@type":"SearchAction","target":{"@type":"EntryPoint","urlTemplate":"https:\/\/www.africa-press.net\/cotedivoire\/?s={search_term_string}"},"query-input":{"@type":"PropertyValueSpecification","valueRequired":true,"valueName":"search_term_string"}}],"inLanguage":"fr-FR"},{"@type":"Person","@id":"https:\/\/www.africa-press.net\/cotedivoire\/#\/schema\/person\/2b1cf3cd81a31e3cd26889ca66d677f1","name":"cfeditorfr"}]}},"_links":{"self":[{"href":"https:\/\/www.africa-press.net\/cotedivoire\/wp-json\/wp\/v2\/posts\/8103","targetHints":{"allow":["GET"]}}],"collection":[{"href":"https:\/\/www.africa-press.net\/cotedivoire\/wp-json\/wp\/v2\/posts"}],"about":[{"href":"https:\/\/www.africa-press.net\/cotedivoire\/wp-json\/wp\/v2\/types\/post"}],"author":[{"embeddable":true,"href":"https:\/\/www.africa-press.net\/cotedivoire\/wp-json\/wp\/v2\/users\/82"}],"replies":[{"embeddable":true,"href":"https:\/\/www.africa-press.net\/cotedivoire\/wp-json\/wp\/v2\/comments?post=8103"}],"version-history":[{"count":0,"href":"https:\/\/www.africa-press.net\/cotedivoire\/wp-json\/wp\/v2\/posts\/8103\/revisions"}],"wp:featuredmedia":[{"embeddable":true,"href":"https:\/\/www.africa-press.net\/cotedivoire\/wp-json\/wp\/v2\/media\/8102"}],"wp:attachment":[{"href":"https:\/\/www.africa-press.net\/cotedivoire\/wp-json\/wp\/v2\/media?parent=8103"}],"wp:term":[{"taxonomy":"category","embeddable":true,"href":"https:\/\/www.africa-press.net\/cotedivoire\/wp-json\/wp\/v2\/categories?post=8103"},{"taxonomy":"post_tag","embeddable":true,"href":"https:\/\/www.africa-press.net\/cotedivoire\/wp-json\/wp\/v2\/tags?post=8103"}],"curies":[{"name":"wp","href":"https:\/\/api.w.org\/{rel}","templated":true}]}}