{"id":81107,"date":"2024-06-01T12:10:01","date_gmt":"2024-06-01T12:10:01","guid":{"rendered":"https:\/\/www.africa-press.net\/cotedivoire\/politique\/secteur-fruits-et-legumes-30-jeunes-ivoiriens-a-lecole-du-pccet-pour-accroitre-leur-competitivite"},"modified":"2024-06-01T12:51:31","modified_gmt":"2024-06-01T12:51:31","slug":"secteur-fruits-et-legumes-30-jeunes-ivoiriens-a-lecole-du-pccet-pour-accroitre-leur-competitivite","status":"publish","type":"post","link":"https:\/\/www.africa-press.net\/cotedivoire\/toutes-les-actualites\/secteur-fruits-et-legumes-30-jeunes-ivoiriens-a-lecole-du-pccet-pour-accroitre-leur-competitivite","title":{"rendered":"Secteur fruits et l\u00e9gumes, 30 jeunes ivoiriens \u00e0 l&rsquo;\u00e9cole du PCCET pour accroitre leur comp\u00e9titivit\u00e9"},"content":{"rendered":"<p><span style=\"color: #ff6600\"><strong>Africa-Press &#8211; C\u00f4te d&rsquo;Ivoire. <\/strong><\/span>Le Projet des Chai\u0302nes de valeurs Compe\u0301titives pour l\u2019Emploi et la Transformation e\u0301conomique (PCCET) en partenariat avec Stichting Wageningen Research, Wageningen Centre for Development Innovation des Pays-Bas, va renforcer les capacite\u0301s de trente (30) jeunes ivoiriens dans les chai\u0302nes de valeur des fruits et le\u0301gumes tourne\u0301es vers l\u2019exportation. Ce projet s\u2019inscrit dans le cadre de la premie\u0300re phase d\u2019une formation qui aura lieu du 2 au 15 juin 2024 a\u0300 Assinie.<\/p>\n<p>Pour cette premie\u0300re phase, les be\u0301ne\u0301ficiaires dudit projet seront instruits sur quatre (4) the\u0301matiques a\u0300 savoir, le de\u0301veloppement du secteur horticole pour les marche\u0301s e\u0301mergents, la gestion des pertes post-re\u0301coltes, la transformation du secteur semencier et l\u2019acce\u0300s aux marche\u0301s pour la se\u0301curite\u0301 alimentaire et nutritionnelle.<\/p>\n<p>La deuxie\u0300me phase qui se de\u0301roulera au mois de juillet 2024, sera axe\u0301e sur des sessions de formation en ligne. Quant a\u0300 la troisie\u0300me phase, elle se de\u0301roulera sous forme d\u2019un voyage d\u2019e\u0301tude en vue d\u2019une immersion de quatorze (14) jours des jeunes ivoiriens aux Pays-Bas en octobre 2024.<\/p>\n<p>Le PCCET pour ces formations, be\u0301ne\u0301ficie de l\u2019assistance technique de l&rsquo;Universite\u0301 hollandaise de Wageningen qui dispose d&rsquo;une expe\u0301rience ave\u0301re\u0301e et mondialement reconnue sur les the\u0301matiques lie\u0301es a\u0300 l&rsquo;alimentation et la production alimentaire. En s\u2019alliant a\u0300 cette universite\u0301, cette structure entend contribuer efficacement a\u0300 l\u2019ame\u0301lioration de la compe\u0301titivite\u0301 des chai\u0302nes de valeur agricoles ivoiriennes.<\/p>\n<p>Pour rappel, le PCCET est finance\u0301 par la Banque mondiale et est mis en \u0153uvre par une Unite\u0301 de Coordination rattache\u0301e au Cabinet du Premier Ministre. Le PCCET s\u2019inscrit dans le cadre du programme du gouvernement \u2018\u2019Co\u0302te d\u2019Ivoire Solidaire\u2019\u2019 et du Plan strate\u0301gique \u2018\u2019Co\u0302te d\u2019Ivoire 2030\u2019\u2019.<\/p>\n<p><strong>Pour plus d&rsquo;informations et d&rsquo;analyses sur la <a href=\"https:\/\/www.africa-press.net\/cotedivoire\">C\u00f4te d&rsquo;Ivoire<\/a>, suivez <a href=\"https:\/\/www.africa-press.net\/\">Africa-Press<\/a><\/strong><\/p>\n","protected":false},"excerpt":{"rendered":"<p>Africa-Press &#8211; C\u00f4te d&rsquo;Ivoire. Le Projet des Chai\u0302nes de valeurs Compe\u0301titives pour l\u2019Emploi et la Transformation e\u0301conomique (PCCET) en partenariat avec Stichting Wageningen Research, Wageningen Centre for Development Innovation des Pays-Bas, va renforcer les capacite\u0301s de trente (30) jeunes ivoiriens dans les chai\u0302nes de valeur des fruits et le\u0301gumes tourne\u0301es vers l\u2019exportation. Ce projet s\u2019inscrit [&hellip;]<\/p>\n","protected":false},"author":82,"featured_media":81106,"comment_status":"open","ping_status":"closed","sticky":false,"template":"","format":"standard","meta":{"footnotes":""},"categories":[21,10],"tags":[56,63,13624,29,13620,1208,13625,13626],"class_list":["post-81107","post","type-post","status-publish","format-standard","has-post-thumbnail","hentry","category-communaute","category-toutes-les-actualites","tag-africa-press","tag-africa-press-cote-divoire","tag-competitivite","tag-cote-divoire","tag-ivoiriens-pccet","tag-jeunes","tag-legumes","tag-secteur-fruits"],"yoast_head":"<!-- This site is optimized with the Yoast SEO Premium plugin v26.1 (Yoast SEO v27.0) - https:\/\/yoast.com\/product\/yoast-seo-premium-wordpress\/ -->\n<title>Secteur fruits et l\u00e9gumes, 30 jeunes ivoiriens \u00e0 l&#039;\u00e9cole du PCCET pour accroitre leur comp\u00e9titivit\u00e9 - C\u00f4te d&#039;Ivoire<\/title>\n<meta name=\"description\" content=\"Le Projet des Chai\u0302nes de valeurs Compe\u0301titives pour l\u2019Emploi et la Transformation e\u0301conomique (PCCET) en partenariat av ...\" \/>\n<meta name=\"robots\" content=\"index, follow, max-snippet:-1, max-image-preview:large, max-video-preview:-1\" \/>\n<link rel=\"canonical\" href=\"https:\/\/www.africa-press.net\/cotedivoire\/toutes-les-actualites\/secteur-fruits-et-legumes-30-jeunes-ivoiriens-a-lecole-du-pccet-pour-accroitre-leur-competitivite\" \/>\n<meta property=\"og:locale\" content=\"fr_FR\" \/>\n<meta property=\"og:type\" content=\"article\" \/>\n<meta property=\"og:title\" content=\"Secteur fruits et l\u00e9gumes, 30 jeunes ivoiriens \u00e0 l&#039;\u00e9cole du PCCET pour accroitre leur comp\u00e9titivit\u00e9\" \/>\n<meta property=\"og:description\" content=\"Le Projet des Chai\u0302nes de valeurs Compe\u0301titives pour l\u2019Emploi et la Transformation e\u0301conomique (PCCET) en partenariat av ...\" \/>\n<meta property=\"og:url\" content=\"https:\/\/www.africa-press.net\/cotedivoire\/toutes-les-actualites\/secteur-fruits-et-legumes-30-jeunes-ivoiriens-a-lecole-du-pccet-pour-accroitre-leur-competitivite\" \/>\n<meta property=\"og:site_name\" content=\"C\u00f4te d&#039;Ivoire\" \/>\n<meta property=\"article:published_time\" content=\"2024-06-01T12:10:01+00:00\" \/>\n<meta property=\"article:modified_time\" content=\"2024-06-01T12:51:31+00:00\" \/>\n<meta property=\"og:image\" content=\"https:\/\/static.africa-press.net\/cote\/sites\/43\/2024\/06\/sm_1717232504.246375.jpg\" \/>\n\t<meta property=\"og:image:width\" content=\"720\" \/>\n\t<meta property=\"og:image:height\" content=\"480\" \/>\n\t<meta property=\"og:image:type\" content=\"image\/jpeg\" \/>\n<meta name=\"author\" content=\"cfeditorfr\" \/>\n<meta name=\"twitter:card\" content=\"summary_large_image\" \/>\n<meta name=\"twitter:label1\" content=\"\u00c9crit par\" \/>\n\t<meta name=\"twitter:data1\" content=\"cfeditorfr\" \/>\n\t<meta name=\"twitter:label2\" content=\"Dur\u00e9e de lecture estim\u00e9e\" \/>\n\t<meta name=\"twitter:data2\" content=\"2 minutes\" \/>\n<script type=\"application\/ld+json\" class=\"yoast-schema-graph\">{\"@context\":\"https:\/\/schema.org\",\"@graph\":[{\"@type\":\"Article\",\"@id\":\"https:\/\/www.africa-press.net\/cotedivoire\/toutes-les-actualites\/secteur-fruits-et-legumes-30-jeunes-ivoiriens-a-lecole-du-pccet-pour-accroitre-leur-competitivite#article\",\"isPartOf\":{\"@id\":\"https:\/\/www.africa-press.net\/cotedivoire\/toutes-les-actualites\/secteur-fruits-et-legumes-30-jeunes-ivoiriens-a-lecole-du-pccet-pour-accroitre-leur-competitivite\"},\"author\":{\"name\":\"cfeditorfr\",\"@id\":\"https:\/\/www.africa-press.net\/cotedivoire\/#\/schema\/person\/2b1cf3cd81a31e3cd26889ca66d677f1\"},\"headline\":\"Secteur fruits et l\u00e9gumes, 30 jeunes ivoiriens \u00e0 l&rsquo;\u00e9cole du PCCET pour accroitre leur comp\u00e9titivit\u00e9\",\"datePublished\":\"2024-06-01T12:10:01+00:00\",\"dateModified\":\"2024-06-01T12:51:31+00:00\",\"mainEntityOfPage\":{\"@id\":\"https:\/\/www.africa-press.net\/cotedivoire\/toutes-les-actualites\/secteur-fruits-et-legumes-30-jeunes-ivoiriens-a-lecole-du-pccet-pour-accroitre-leur-competitivite\"},\"wordCount\":348,\"commentCount\":0,\"image\":{\"@id\":\"https:\/\/www.africa-press.net\/cotedivoire\/toutes-les-actualites\/secteur-fruits-et-legumes-30-jeunes-ivoiriens-a-lecole-du-pccet-pour-accroitre-leur-competitivite#primaryimage\"},\"thumbnailUrl\":\"https:\/\/static.africa-press.net\/cote\/sites\/43\/2024\/06\/sm_1717232504.246375.jpg\",\"keywords\":[\"Africa Press\",\"Africa Press-C\u00f4te d'Ivoire\",\"comp\u00e9titivit\u00e9\",\"C\u00d4TE D'IVOIRE\",\"ivoiriens PCCET\",\"jeunes\",\"l\u00e9gumes\",\"Secteur fruits\"],\"articleSection\":[\"Communaut\u00e9\",\"Toutes les actualit\u00e9s\"],\"inLanguage\":\"fr-FR\",\"potentialAction\":[{\"@type\":\"CommentAction\",\"name\":\"Comment\",\"target\":[\"https:\/\/www.africa-press.net\/cotedivoire\/toutes-les-actualites\/secteur-fruits-et-legumes-30-jeunes-ivoiriens-a-lecole-du-pccet-pour-accroitre-leur-competitivite#respond\"]}]},{\"@type\":\"WebPage\",\"@id\":\"https:\/\/www.africa-press.net\/cotedivoire\/toutes-les-actualites\/secteur-fruits-et-legumes-30-jeunes-ivoiriens-a-lecole-du-pccet-pour-accroitre-leur-competitivite\",\"url\":\"https:\/\/www.africa-press.net\/cotedivoire\/toutes-les-actualites\/secteur-fruits-et-legumes-30-jeunes-ivoiriens-a-lecole-du-pccet-pour-accroitre-leur-competitivite\",\"name\":\"Secteur fruits et l\u00e9gumes, 30 jeunes ivoiriens \u00e0 l'\u00e9cole du PCCET pour accroitre leur comp\u00e9titivit\u00e9 - C\u00f4te d&#039;Ivoire\",\"isPartOf\":{\"@id\":\"https:\/\/www.africa-press.net\/cotedivoire\/#website\"},\"primaryImageOfPage\":{\"@id\":\"https:\/\/www.africa-press.net\/cotedivoire\/toutes-les-actualites\/secteur-fruits-et-legumes-30-jeunes-ivoiriens-a-lecole-du-pccet-pour-accroitre-leur-competitivite#primaryimage\"},\"image\":{\"@id\":\"https:\/\/www.africa-press.net\/cotedivoire\/toutes-les-actualites\/secteur-fruits-et-legumes-30-jeunes-ivoiriens-a-lecole-du-pccet-pour-accroitre-leur-competitivite#primaryimage\"},\"thumbnailUrl\":\"https:\/\/static.africa-press.net\/cote\/sites\/43\/2024\/06\/sm_1717232504.246375.jpg\",\"datePublished\":\"2024-06-01T12:10:01+00:00\",\"dateModified\":\"2024-06-01T12:51:31+00:00\",\"author\":{\"@id\":\"https:\/\/www.africa-press.net\/cotedivoire\/#\/schema\/person\/2b1cf3cd81a31e3cd26889ca66d677f1\"},\"description\":\"Le Projet des Chai\u0302nes de valeurs Compe\u0301titives pour l\u2019Emploi et la Transformation e\u0301conomique (PCCET) en partenariat av ...\",\"breadcrumb\":{\"@id\":\"https:\/\/www.africa-press.net\/cotedivoire\/toutes-les-actualites\/secteur-fruits-et-legumes-30-jeunes-ivoiriens-a-lecole-du-pccet-pour-accroitre-leur-competitivite#breadcrumb\"},\"inLanguage\":\"fr-FR\",\"potentialAction\":[{\"@type\":\"ReadAction\",\"target\":[\"https:\/\/www.africa-press.net\/cotedivoire\/toutes-les-actualites\/secteur-fruits-et-legumes-30-jeunes-ivoiriens-a-lecole-du-pccet-pour-accroitre-leur-competitivite\"]}]},{\"@type\":\"ImageObject\",\"inLanguage\":\"fr-FR\",\"@id\":\"https:\/\/www.africa-press.net\/cotedivoire\/toutes-les-actualites\/secteur-fruits-et-legumes-30-jeunes-ivoiriens-a-lecole-du-pccet-pour-accroitre-leur-competitivite#primaryimage\",\"url\":\"https:\/\/static.africa-press.net\/cote\/sites\/43\/2024\/06\/sm_1717232504.246375.jpg\",\"contentUrl\":\"https:\/\/static.africa-press.net\/cote\/sites\/43\/2024\/06\/sm_1717232504.246375.jpg\",\"width\":720,\"height\":480,\"caption\":\"Secteur fruits et l\u00e9gumes, 30 jeunes ivoiriens \u00e0 l'\u00e9cole du PCCET pour accroitre leur comp\u00e9titivit\u00e9\"},{\"@type\":\"BreadcrumbList\",\"@id\":\"https:\/\/www.africa-press.net\/cotedivoire\/toutes-les-actualites\/secteur-fruits-et-legumes-30-jeunes-ivoiriens-a-lecole-du-pccet-pour-accroitre-leur-competitivite#breadcrumb\",\"itemListElement\":[{\"@type\":\"ListItem\",\"position\":1,\"name\":\"Accueil\",\"item\":\"https:\/\/www.africa-press.net\/cotedivoire\/\"},{\"@type\":\"ListItem\",\"position\":2,\"name\":\"Secteur fruits et l\u00e9gumes, 30 jeunes ivoiriens \u00e0 l&#8217;\u00e9cole du PCCET pour accroitre leur comp\u00e9titivit\u00e9\"}]},{\"@type\":\"WebSite\",\"@id\":\"https:\/\/www.africa-press.net\/cotedivoire\/#website\",\"url\":\"https:\/\/www.africa-press.net\/cotedivoire\/\",\"name\":\"C\u00f4te d&#039;Ivoire\",\"description\":\"Just another Africa News Agency Sites site\",\"potentialAction\":[{\"@type\":\"SearchAction\",\"target\":{\"@type\":\"EntryPoint\",\"urlTemplate\":\"https:\/\/www.africa-press.net\/cotedivoire\/?s={search_term_string}\"},\"query-input\":{\"@type\":\"PropertyValueSpecification\",\"valueRequired\":true,\"valueName\":\"search_term_string\"}}],\"inLanguage\":\"fr-FR\"},{\"@type\":\"Person\",\"@id\":\"https:\/\/www.africa-press.net\/cotedivoire\/#\/schema\/person\/2b1cf3cd81a31e3cd26889ca66d677f1\",\"name\":\"cfeditorfr\"}]}<\/script>\n<!-- \/ Yoast SEO Premium plugin. -->","yoast_head_json":{"title":"Secteur fruits et l\u00e9gumes, 30 jeunes ivoiriens \u00e0 l'\u00e9cole du PCCET pour accroitre leur comp\u00e9titivit\u00e9 - C\u00f4te d&#039;Ivoire","description":"Le Projet des Chai\u0302nes de valeurs Compe\u0301titives pour l\u2019Emploi et la Transformation e\u0301conomique (PCCET) en partenariat av ...","robots":{"index":"index","follow":"follow","max-snippet":"max-snippet:-1","max-image-preview":"max-image-preview:large","max-video-preview":"max-video-preview:-1"},"canonical":"https:\/\/www.africa-press.net\/cotedivoire\/toutes-les-actualites\/secteur-fruits-et-legumes-30-jeunes-ivoiriens-a-lecole-du-pccet-pour-accroitre-leur-competitivite","og_locale":"fr_FR","og_type":"article","og_title":"Secteur fruits et l\u00e9gumes, 30 jeunes ivoiriens \u00e0 l'\u00e9cole du PCCET pour accroitre leur comp\u00e9titivit\u00e9","og_description":"Le Projet des Chai\u0302nes de valeurs Compe\u0301titives pour l\u2019Emploi et la Transformation e\u0301conomique (PCCET) en partenariat av ...","og_url":"https:\/\/www.africa-press.net\/cotedivoire\/toutes-les-actualites\/secteur-fruits-et-legumes-30-jeunes-ivoiriens-a-lecole-du-pccet-pour-accroitre-leur-competitivite","og_site_name":"C\u00f4te d&#039;Ivoire","article_published_time":"2024-06-01T12:10:01+00:00","article_modified_time":"2024-06-01T12:51:31+00:00","og_image":[{"width":720,"height":480,"url":"https:\/\/static.africa-press.net\/cote\/sites\/43\/2024\/06\/sm_1717232504.246375.jpg","type":"image\/jpeg"}],"author":"cfeditorfr","twitter_card":"summary_large_image","twitter_misc":{"\u00c9crit par":"cfeditorfr","Dur\u00e9e de lecture estim\u00e9e":"2 minutes"},"schema":{"@context":"https:\/\/schema.org","@graph":[{"@type":"Article","@id":"https:\/\/www.africa-press.net\/cotedivoire\/toutes-les-actualites\/secteur-fruits-et-legumes-30-jeunes-ivoiriens-a-lecole-du-pccet-pour-accroitre-leur-competitivite#article","isPartOf":{"@id":"https:\/\/www.africa-press.net\/cotedivoire\/toutes-les-actualites\/secteur-fruits-et-legumes-30-jeunes-ivoiriens-a-lecole-du-pccet-pour-accroitre-leur-competitivite"},"author":{"name":"cfeditorfr","@id":"https:\/\/www.africa-press.net\/cotedivoire\/#\/schema\/person\/2b1cf3cd81a31e3cd26889ca66d677f1"},"headline":"Secteur fruits et l\u00e9gumes, 30 jeunes ivoiriens \u00e0 l&rsquo;\u00e9cole du PCCET pour accroitre leur comp\u00e9titivit\u00e9","datePublished":"2024-06-01T12:10:01+00:00","dateModified":"2024-06-01T12:51:31+00:00","mainEntityOfPage":{"@id":"https:\/\/www.africa-press.net\/cotedivoire\/toutes-les-actualites\/secteur-fruits-et-legumes-30-jeunes-ivoiriens-a-lecole-du-pccet-pour-accroitre-leur-competitivite"},"wordCount":348,"commentCount":0,"image":{"@id":"https:\/\/www.africa-press.net\/cotedivoire\/toutes-les-actualites\/secteur-fruits-et-legumes-30-jeunes-ivoiriens-a-lecole-du-pccet-pour-accroitre-leur-competitivite#primaryimage"},"thumbnailUrl":"https:\/\/static.africa-press.net\/cote\/sites\/43\/2024\/06\/sm_1717232504.246375.jpg","keywords":["Africa Press","Africa Press-C\u00f4te d'Ivoire","comp\u00e9titivit\u00e9","C\u00d4TE D'IVOIRE","ivoiriens PCCET","jeunes","l\u00e9gumes","Secteur fruits"],"articleSection":["Communaut\u00e9","Toutes les actualit\u00e9s"],"inLanguage":"fr-FR","potentialAction":[{"@type":"CommentAction","name":"Comment","target":["https:\/\/www.africa-press.net\/cotedivoire\/toutes-les-actualites\/secteur-fruits-et-legumes-30-jeunes-ivoiriens-a-lecole-du-pccet-pour-accroitre-leur-competitivite#respond"]}]},{"@type":"WebPage","@id":"https:\/\/www.africa-press.net\/cotedivoire\/toutes-les-actualites\/secteur-fruits-et-legumes-30-jeunes-ivoiriens-a-lecole-du-pccet-pour-accroitre-leur-competitivite","url":"https:\/\/www.africa-press.net\/cotedivoire\/toutes-les-actualites\/secteur-fruits-et-legumes-30-jeunes-ivoiriens-a-lecole-du-pccet-pour-accroitre-leur-competitivite","name":"Secteur fruits et l\u00e9gumes, 30 jeunes ivoiriens \u00e0 l'\u00e9cole du PCCET pour accroitre leur comp\u00e9titivit\u00e9 - C\u00f4te d&#039;Ivoire","isPartOf":{"@id":"https:\/\/www.africa-press.net\/cotedivoire\/#website"},"primaryImageOfPage":{"@id":"https:\/\/www.africa-press.net\/cotedivoire\/toutes-les-actualites\/secteur-fruits-et-legumes-30-jeunes-ivoiriens-a-lecole-du-pccet-pour-accroitre-leur-competitivite#primaryimage"},"image":{"@id":"https:\/\/www.africa-press.net\/cotedivoire\/toutes-les-actualites\/secteur-fruits-et-legumes-30-jeunes-ivoiriens-a-lecole-du-pccet-pour-accroitre-leur-competitivite#primaryimage"},"thumbnailUrl":"https:\/\/static.africa-press.net\/cote\/sites\/43\/2024\/06\/sm_1717232504.246375.jpg","datePublished":"2024-06-01T12:10:01+00:00","dateModified":"2024-06-01T12:51:31+00:00","author":{"@id":"https:\/\/www.africa-press.net\/cotedivoire\/#\/schema\/person\/2b1cf3cd81a31e3cd26889ca66d677f1"},"description":"Le Projet des Chai\u0302nes de valeurs Compe\u0301titives pour l\u2019Emploi et la Transformation e\u0301conomique (PCCET) en partenariat av ...","breadcrumb":{"@id":"https:\/\/www.africa-press.net\/cotedivoire\/toutes-les-actualites\/secteur-fruits-et-legumes-30-jeunes-ivoiriens-a-lecole-du-pccet-pour-accroitre-leur-competitivite#breadcrumb"},"inLanguage":"fr-FR","potentialAction":[{"@type":"ReadAction","target":["https:\/\/www.africa-press.net\/cotedivoire\/toutes-les-actualites\/secteur-fruits-et-legumes-30-jeunes-ivoiriens-a-lecole-du-pccet-pour-accroitre-leur-competitivite"]}]},{"@type":"ImageObject","inLanguage":"fr-FR","@id":"https:\/\/www.africa-press.net\/cotedivoire\/toutes-les-actualites\/secteur-fruits-et-legumes-30-jeunes-ivoiriens-a-lecole-du-pccet-pour-accroitre-leur-competitivite#primaryimage","url":"https:\/\/static.africa-press.net\/cote\/sites\/43\/2024\/06\/sm_1717232504.246375.jpg","contentUrl":"https:\/\/static.africa-press.net\/cote\/sites\/43\/2024\/06\/sm_1717232504.246375.jpg","width":720,"height":480,"caption":"Secteur fruits et l\u00e9gumes, 30 jeunes ivoiriens \u00e0 l'\u00e9cole du PCCET pour accroitre leur comp\u00e9titivit\u00e9"},{"@type":"BreadcrumbList","@id":"https:\/\/www.africa-press.net\/cotedivoire\/toutes-les-actualites\/secteur-fruits-et-legumes-30-jeunes-ivoiriens-a-lecole-du-pccet-pour-accroitre-leur-competitivite#breadcrumb","itemListElement":[{"@type":"ListItem","position":1,"name":"Accueil","item":"https:\/\/www.africa-press.net\/cotedivoire\/"},{"@type":"ListItem","position":2,"name":"Secteur fruits et l\u00e9gumes, 30 jeunes ivoiriens \u00e0 l&#8217;\u00e9cole du PCCET pour accroitre leur comp\u00e9titivit\u00e9"}]},{"@type":"WebSite","@id":"https:\/\/www.africa-press.net\/cotedivoire\/#website","url":"https:\/\/www.africa-press.net\/cotedivoire\/","name":"C\u00f4te d&#039;Ivoire","description":"Just another Africa News Agency Sites site","potentialAction":[{"@type":"SearchAction","target":{"@type":"EntryPoint","urlTemplate":"https:\/\/www.africa-press.net\/cotedivoire\/?s={search_term_string}"},"query-input":{"@type":"PropertyValueSpecification","valueRequired":true,"valueName":"search_term_string"}}],"inLanguage":"fr-FR"},{"@type":"Person","@id":"https:\/\/www.africa-press.net\/cotedivoire\/#\/schema\/person\/2b1cf3cd81a31e3cd26889ca66d677f1","name":"cfeditorfr"}]}},"_links":{"self":[{"href":"https:\/\/www.africa-press.net\/cotedivoire\/wp-json\/wp\/v2\/posts\/81107","targetHints":{"allow":["GET"]}}],"collection":[{"href":"https:\/\/www.africa-press.net\/cotedivoire\/wp-json\/wp\/v2\/posts"}],"about":[{"href":"https:\/\/www.africa-press.net\/cotedivoire\/wp-json\/wp\/v2\/types\/post"}],"author":[{"embeddable":true,"href":"https:\/\/www.africa-press.net\/cotedivoire\/wp-json\/wp\/v2\/users\/82"}],"replies":[{"embeddable":true,"href":"https:\/\/www.africa-press.net\/cotedivoire\/wp-json\/wp\/v2\/comments?post=81107"}],"version-history":[{"count":0,"href":"https:\/\/www.africa-press.net\/cotedivoire\/wp-json\/wp\/v2\/posts\/81107\/revisions"}],"wp:featuredmedia":[{"embeddable":true,"href":"https:\/\/www.africa-press.net\/cotedivoire\/wp-json\/wp\/v2\/media\/81106"}],"wp:attachment":[{"href":"https:\/\/www.africa-press.net\/cotedivoire\/wp-json\/wp\/v2\/media?parent=81107"}],"wp:term":[{"taxonomy":"category","embeddable":true,"href":"https:\/\/www.africa-press.net\/cotedivoire\/wp-json\/wp\/v2\/categories?post=81107"},{"taxonomy":"post_tag","embeddable":true,"href":"https:\/\/www.africa-press.net\/cotedivoire\/wp-json\/wp\/v2\/tags?post=81107"}],"curies":[{"name":"wp","href":"https:\/\/api.w.org\/{rel}","templated":true}]}}