{"id":8112,"date":"2021-05-23T16:24:18","date_gmt":"2021-05-23T16:24:18","guid":{"rendered":"https:\/\/www.africa-press.net\/cotedivoire\/?p=8112"},"modified":"2021-05-23T17:35:52","modified_gmt":"2021-05-23T17:35:52","slug":"delestage-en-cote-divoire-des-consommateurs-invitent-le-gouvernement-et-les-entreprises-a-partager-les-sacrifices-avec-les-populations-itw","status":"publish","type":"post","link":"https:\/\/www.africa-press.net\/cotedivoire\/economie\/delestage-en-cote-divoire-des-consommateurs-invitent-le-gouvernement-et-les-entreprises-a-partager-les-sacrifices-avec-les-populations-itw","title":{"rendered":"D\u00e9lestage en C\u00f4te-d\u2019Ivoire: Des consommateurs invitent le gouvernement et les entreprises \u00e0 \u00ab\u00a0partager les sacrifices\u00a0\u00bb avec les populations (ITW)"},"content":{"rendered":"<p><span style=\"color: #ff6600\"><strong><a href=\"https:\/\/www.africa-press.net\/\">Africa-Press<\/a> &#8211; <a href=\"https:\/\/www.africa-press.net\/cotedivoire\">C\u00f4te d&rsquo;Ivoire<\/a>.\u00a0 <\/strong><\/span>Le pr\u00e9sident de la f\u00e9d\u00e9ration nationale des organisations des consommateurs, Soumahoro Ben N\u2019Fally, a invit\u00e9 le gouvernement ivoirien et les entreprises \u00e0 \u00ab partager les sacrifices avec les consommateurs \u00bb pendant cette p\u00e9riode o\u00f9 le pays subit des coupures intempestives d\u2019\u00e9lectricit\u00e9, dans une interview \u00e0 ALERTE INFO.<\/p>\n<p>La C\u00f4te d\u2019Ivoire traverse depuis pr\u00e8s d\u2019un mois des coupures intempestives d\u2019\u00e9lectricit\u00e9 impactant le fonctionnement normal de plusieurs activit\u00e9s et l\u2019augmentation des prix des produits dont le ciment. En votre qualit\u00e9, quelle lecture faites vous de cette situation ?<\/p>\n<p>Face \u00e0 cette situation, c\u2019est la tristesse et c\u2019est la d\u00e9solation d\u2019autant plus que les entreprises ne tournent pas en plein temps, \u00e7a un impact n\u00e9gatif sur le quotidien des consommateurs et cela va de soit que des produits vont conna\u00eetre d\u2019augmentation. Mais nous avons eu une rencontre avec les DG de la CIE, de C\u00f4te d\u2019Ivoire \u00e9nergie et de l\u2019ANARE-CI et nous nous sommes expliqu\u00e9s. Au fait, ce que nous vivons aujourd\u2019hui est une crise conjoncturelle et non structurelle. Les barrages sont vides donc nous allons affronter cette r\u00e9alit\u00e9 jusqu\u2019au mois de juillet, au plus tard ao\u00fbt, le temps que les barrages se remplissent et que la situation commence \u00e0 redevenir normale. Nous sommes en train de prendre des dispositions pour que cela p\u00e8se moins sur les consommateurs, mais forc\u00e9ment nous allons ressentir les cons\u00e9quences n\u00e9gatives. Mais face \u00e0 cette situation, il faut g\u00e9rer secteur par secteur. Il y a des secteurs qui ont connu une augmentation intol\u00e9rable telle que le ciment. La semaine derni\u00e8re, le ministre a fait sortir une note pour essayer de fixer des prix pour dire que sur l\u2019\u00e9tendue du territoire, la tonne de ciment ne doit pas exc\u00e9der 95.000 FCFA. Nous sommes en train de travailler dans le cadre de la viande et d\u2019autres secteurs.<\/p>\n<p>Vous avez envisag\u00e9 dans les d\u00e9buts une marche de protestation contre ces coupures, o\u00f9 en \u00eates vous ?<\/p>\n<p>Cette marche a \u00e9t\u00e9 report\u00e9e. Nous avons \u00e9t\u00e9 re\u00e7us par les autorit\u00e9s qui nous ont rassur\u00e9s pour dire que point par point, nos revendications vont \u00eatre examin\u00e9es donc pas de raison encore d\u2019organiser cette marche. Nous sommes dans la dynamique de trouver des solutions interm\u00e9diaires jusqu\u2019\u00e0 ce que la situation se normalise.<\/p>\n<p>Qu\u2019est-ce qui a d\u00e9coul\u00e9 de la rencontre tenue mardi dernier avec l\u2019Autorit\u00e9 nationale de r\u00e9gulation du secteur de l\u2019\u00e9lectricit\u00e9 de C\u00f4te d\u2019Ivoire, est-ce rassurant ?<\/p>\n<p>Nous nous entretenus avec l\u2019ANARE-CI. Nous n\u2019avons pas \u00e0 douter d\u2019eux. Nous avons \u00e9t\u00e9 pour constater, les barrages sont vides. C\u2019est un ph\u00e9nom\u00e8ne naturel. Prions Dieu pour qu\u2019il pleuve et qu\u2019on puisse sortir de l\u00e0 rapidement. S\u2019il pla\u00eet \u00e0 Dieu fin ao\u00fbt cette crise sera derri\u00e8re nous. Aujourd\u2019hui, le pays a tout ce qu\u2019il faut comme infrastructures pour donner le courant.<\/p>\n<p>Ne serait-il pas mieux d\u2019essayer les autres types de production de courant, en l\u2019occurrence les \u00e9nergies renouvelables, pour \u00e9viter que dans l\u2019avenir ces coupures inopin\u00e9es et inopportunes surviennent ?<\/p>\n<p>Je suis d\u2019accord, mais l\u2019\u00e9nergie renouvelable est une solution interm\u00e9diaire. Moi qui vous parle, j\u2019ai l\u2019\u00e9nergie solaire, mais quand deux jours il n\u2019y pas le soleil, je ne suis pas connect\u00e9 \u00e0 l\u2019\u00e9lectricit\u00e9. Et puis un climatiseur un cheval et demi, aujourd\u2019hui qui doit \u00eatre connect\u00e9 sur l\u2019\u00e9nergie solaire pour un travail professionnel, \u00e7a fait 2.500.000 FCFA qui n\u2019est pas \u00e0 la port\u00e9e de tous les consommateurs. Les mati\u00e8res premi\u00e8res, nous ne les fabriquons pas, c\u2019est import\u00e9. La semaine derni\u00e8re, j\u2019\u00e9tais avec quelqu\u2019un qui a une clinique qui pour l\u2019alimenter, il a d\u00e9pens\u00e9 18.000.000 FCFA. Et quand le soleil ne sort pas, la tension est tr\u00e8s faible. M\u00eame avec l\u2019\u00e9nergie solaire, il y a probl\u00e8me. Ce que nous demandons, c\u2019est que l\u2019Etat soit moins gourmand sur les taxes d\u2019importation de telle sorte que l\u2019\u00e9nergie renouvelable puisse \u00eatre \u00e0 la port\u00e9e de tous. Ce sont des propositions que nous faisons \u00e0 l\u2019Etat et nous avons dit au gouvernement qu\u2019il faudra que les sacrifices soient partag\u00e9s. Les consommateurs vont faire des sacrifices, l\u2019Etat doit faire des sacrifices et les entreprises aussi pour qu\u2019on puisse traverser cette p\u00e9riode.<\/p>\n<p>La CIE a annonc\u00e9 des programmes de rationnement qui peinent \u00e0 \u00eatre respect\u00e9s, c\u2019est-\u00e0-dire par moment trop prolong\u00e9 sur le terrain et cela cr\u00e9e des dommages collat\u00e9raux aux consommateurs, entrainant des plaintes. Qu\u2019en dites-vous ?<\/p>\n<p>Naturellement, les gens vont se plaindre, quand on a un atelier de couture, de soudure, cybercaf\u00e9 et autres et qu\u2019on ne peut pas travailler, les gens vont se plaindre. S\u2019il y a rationnement forc\u00e9ment, il y aura des plaignants. Maintenant, sur la dur\u00e9e qui n\u2019est pas respect\u00e9e, je vais soumettre cette pr\u00e9occupation \u00e0 l\u2019ANARE-CI et la CIE.<\/p>\n<p>&nbsp;<\/p>\n","protected":false},"excerpt":{"rendered":"<p>Africa-Press &#8211; C\u00f4te d&rsquo;Ivoire.\u00a0 Le pr\u00e9sident de la f\u00e9d\u00e9ration nationale des organisations des consommateurs, Soumahoro Ben N\u2019Fally, a invit\u00e9 le gouvernement ivoirien et les entreprises \u00e0 \u00ab partager les sacrifices avec les consommateurs \u00bb pendant cette p\u00e9riode o\u00f9 le pays subit des coupures intempestives d\u2019\u00e9lectricit\u00e9, dans une interview \u00e0 ALERTE INFO. La C\u00f4te d\u2019Ivoire traverse [&hellip;]<\/p>\n","protected":false},"author":82,"featured_media":8111,"comment_status":"open","ping_status":"closed","sticky":false,"template":"","format":"standard","meta":{"footnotes":""},"categories":[3,11,10],"tags":[56,63,29],"class_list":["post-8112","post","type-post","status-publish","format-standard","has-post-thumbnail","hentry","category-economie","category-homepage-french","category-toutes-les-actualites","tag-africa-press","tag-africa-press-cote-divoire","tag-cote-divoire"],"yoast_head":"<!-- This site is optimized with the Yoast SEO Premium plugin v26.1 (Yoast SEO v27.0) - https:\/\/yoast.com\/product\/yoast-seo-premium-wordpress\/ -->\n<title>D\u00e9lestage en C\u00f4te-d\u2019Ivoire: Des consommateurs invitent le gouvernement et les entreprises \u00e0 \u00ab\u00a0partager les sacrifices\u00a0\u00bb avec les populations (ITW) - C\u00f4te d&#039;Ivoire<\/title>\n<meta name=\"description\" content=\"Donald NGORANLe pr\u00e9sident de la f\u00e9d\u00e9ration nationale des organisations des consommateurs, Soumahoro Ben N\u2019Fally, a invi ...\" \/>\n<meta name=\"robots\" content=\"index, follow, max-snippet:-1, max-image-preview:large, max-video-preview:-1\" \/>\n<link rel=\"canonical\" href=\"https:\/\/www.africa-press.net\/cotedivoire\/economie\/delestage-en-cote-divoire-des-consommateurs-invitent-le-gouvernement-et-les-entreprises-a-partager-les-sacrifices-avec-les-populations-itw\" \/>\n<meta property=\"og:locale\" content=\"fr_FR\" \/>\n<meta property=\"og:type\" content=\"article\" \/>\n<meta property=\"og:title\" content=\"D\u00e9lestage en C\u00f4te-d\u2019Ivoire: Des consommateurs invitent le gouvernement et les entreprises \u00e0 \u00ab\u00a0partager les sacrifices\u00a0\u00bb avec les populations (ITW)\" \/>\n<meta property=\"og:description\" content=\"Donald NGORANLe pr\u00e9sident de la f\u00e9d\u00e9ration nationale des organisations des consommateurs, Soumahoro Ben N\u2019Fally, a invi ...\" \/>\n<meta property=\"og:url\" content=\"https:\/\/www.africa-press.net\/cotedivoire\/economie\/delestage-en-cote-divoire-des-consommateurs-invitent-le-gouvernement-et-les-entreprises-a-partager-les-sacrifices-avec-les-populations-itw\" \/>\n<meta property=\"og:site_name\" content=\"C\u00f4te d&#039;Ivoire\" \/>\n<meta property=\"article:published_time\" content=\"2021-05-23T16:24:18+00:00\" \/>\n<meta property=\"article:modified_time\" content=\"2021-05-23T17:35:52+00:00\" \/>\n<meta property=\"og:image\" content=\"https:\/\/static.africa-press.net\/cote\/sites\/43\/2021\/05\/img-60aa812777c30.jpg\" \/>\n\t<meta property=\"og:image:width\" content=\"720\" \/>\n\t<meta property=\"og:image:height\" content=\"959\" \/>\n\t<meta property=\"og:image:type\" content=\"image\/jpeg\" \/>\n<meta name=\"author\" content=\"cfeditorfr\" \/>\n<meta name=\"twitter:card\" content=\"summary_large_image\" \/>\n<meta name=\"twitter:label1\" content=\"\u00c9crit par\" \/>\n\t<meta name=\"twitter:data1\" content=\"cfeditorfr\" \/>\n\t<meta name=\"twitter:label2\" content=\"Dur\u00e9e de lecture estim\u00e9e\" \/>\n\t<meta name=\"twitter:data2\" content=\"4 minutes\" \/>\n<script type=\"application\/ld+json\" class=\"yoast-schema-graph\">{\"@context\":\"https:\/\/schema.org\",\"@graph\":[{\"@type\":\"Article\",\"@id\":\"https:\/\/www.africa-press.net\/cotedivoire\/economie\/delestage-en-cote-divoire-des-consommateurs-invitent-le-gouvernement-et-les-entreprises-a-partager-les-sacrifices-avec-les-populations-itw#article\",\"isPartOf\":{\"@id\":\"https:\/\/www.africa-press.net\/cotedivoire\/economie\/delestage-en-cote-divoire-des-consommateurs-invitent-le-gouvernement-et-les-entreprises-a-partager-les-sacrifices-avec-les-populations-itw\"},\"author\":{\"name\":\"cfeditorfr\",\"@id\":\"https:\/\/www.africa-press.net\/cotedivoire\/#\/schema\/person\/2b1cf3cd81a31e3cd26889ca66d677f1\"},\"headline\":\"D\u00e9lestage en C\u00f4te-d\u2019Ivoire: Des consommateurs invitent le gouvernement et les entreprises \u00e0 \u00ab\u00a0partager les sacrifices\u00a0\u00bb avec les populations (ITW)\",\"datePublished\":\"2021-05-23T16:24:18+00:00\",\"dateModified\":\"2021-05-23T17:35:52+00:00\",\"mainEntityOfPage\":{\"@id\":\"https:\/\/www.africa-press.net\/cotedivoire\/economie\/delestage-en-cote-divoire-des-consommateurs-invitent-le-gouvernement-et-les-entreprises-a-partager-les-sacrifices-avec-les-populations-itw\"},\"wordCount\":883,\"commentCount\":0,\"image\":{\"@id\":\"https:\/\/www.africa-press.net\/cotedivoire\/economie\/delestage-en-cote-divoire-des-consommateurs-invitent-le-gouvernement-et-les-entreprises-a-partager-les-sacrifices-avec-les-populations-itw#primaryimage\"},\"thumbnailUrl\":\"https:\/\/static.africa-press.net\/cote\/sites\/43\/2021\/05\/img-60aa812777c30.jpg\",\"keywords\":[\"Africa Press\",\"Africa Press-C\u00f4te d'Ivoire\",\"C\u00d4TE D'IVOIRE\"],\"articleSection\":[\"\u00c9conomie\",\"homepage-french\",\"Toutes les actualit\u00e9s\"],\"inLanguage\":\"fr-FR\",\"potentialAction\":[{\"@type\":\"CommentAction\",\"name\":\"Comment\",\"target\":[\"https:\/\/www.africa-press.net\/cotedivoire\/economie\/delestage-en-cote-divoire-des-consommateurs-invitent-le-gouvernement-et-les-entreprises-a-partager-les-sacrifices-avec-les-populations-itw#respond\"]}]},{\"@type\":\"WebPage\",\"@id\":\"https:\/\/www.africa-press.net\/cotedivoire\/economie\/delestage-en-cote-divoire-des-consommateurs-invitent-le-gouvernement-et-les-entreprises-a-partager-les-sacrifices-avec-les-populations-itw\",\"url\":\"https:\/\/www.africa-press.net\/cotedivoire\/economie\/delestage-en-cote-divoire-des-consommateurs-invitent-le-gouvernement-et-les-entreprises-a-partager-les-sacrifices-avec-les-populations-itw\",\"name\":\"D\u00e9lestage en C\u00f4te-d\u2019Ivoire: Des consommateurs invitent le gouvernement et les entreprises \u00e0 \u00ab\u00a0partager les sacrifices\u00a0\u00bb avec les populations (ITW) - C\u00f4te d&#039;Ivoire\",\"isPartOf\":{\"@id\":\"https:\/\/www.africa-press.net\/cotedivoire\/#website\"},\"primaryImageOfPage\":{\"@id\":\"https:\/\/www.africa-press.net\/cotedivoire\/economie\/delestage-en-cote-divoire-des-consommateurs-invitent-le-gouvernement-et-les-entreprises-a-partager-les-sacrifices-avec-les-populations-itw#primaryimage\"},\"image\":{\"@id\":\"https:\/\/www.africa-press.net\/cotedivoire\/economie\/delestage-en-cote-divoire-des-consommateurs-invitent-le-gouvernement-et-les-entreprises-a-partager-les-sacrifices-avec-les-populations-itw#primaryimage\"},\"thumbnailUrl\":\"https:\/\/static.africa-press.net\/cote\/sites\/43\/2021\/05\/img-60aa812777c30.jpg\",\"datePublished\":\"2021-05-23T16:24:18+00:00\",\"dateModified\":\"2021-05-23T17:35:52+00:00\",\"author\":{\"@id\":\"https:\/\/www.africa-press.net\/cotedivoire\/#\/schema\/person\/2b1cf3cd81a31e3cd26889ca66d677f1\"},\"description\":\"Donald NGORANLe pr\u00e9sident de la f\u00e9d\u00e9ration nationale des organisations des consommateurs, Soumahoro Ben N\u2019Fally, a invi ...\",\"breadcrumb\":{\"@id\":\"https:\/\/www.africa-press.net\/cotedivoire\/economie\/delestage-en-cote-divoire-des-consommateurs-invitent-le-gouvernement-et-les-entreprises-a-partager-les-sacrifices-avec-les-populations-itw#breadcrumb\"},\"inLanguage\":\"fr-FR\",\"potentialAction\":[{\"@type\":\"ReadAction\",\"target\":[\"https:\/\/www.africa-press.net\/cotedivoire\/economie\/delestage-en-cote-divoire-des-consommateurs-invitent-le-gouvernement-et-les-entreprises-a-partager-les-sacrifices-avec-les-populations-itw\"]}]},{\"@type\":\"ImageObject\",\"inLanguage\":\"fr-FR\",\"@id\":\"https:\/\/www.africa-press.net\/cotedivoire\/economie\/delestage-en-cote-divoire-des-consommateurs-invitent-le-gouvernement-et-les-entreprises-a-partager-les-sacrifices-avec-les-populations-itw#primaryimage\",\"url\":\"https:\/\/static.africa-press.net\/cote\/sites\/43\/2021\/05\/img-60aa812777c30.jpg\",\"contentUrl\":\"https:\/\/static.africa-press.net\/cote\/sites\/43\/2021\/05\/img-60aa812777c30.jpg\",\"width\":720,\"height\":959,\"caption\":\"D\u00e9lestage en C\u00f4te-d\u2019Ivoire: Des consommateurs invitent le gouvernement et les entreprises \u00e0 \u00ab\u00a0partager les sacrifices\u00a0\u00bb avec les populations (ITW)\"},{\"@type\":\"BreadcrumbList\",\"@id\":\"https:\/\/www.africa-press.net\/cotedivoire\/economie\/delestage-en-cote-divoire-des-consommateurs-invitent-le-gouvernement-et-les-entreprises-a-partager-les-sacrifices-avec-les-populations-itw#breadcrumb\",\"itemListElement\":[{\"@type\":\"ListItem\",\"position\":1,\"name\":\"Accueil\",\"item\":\"https:\/\/www.africa-press.net\/cotedivoire\/\"},{\"@type\":\"ListItem\",\"position\":2,\"name\":\"D\u00e9lestage en C\u00f4te-d\u2019Ivoire: Des consommateurs invitent le gouvernement et les entreprises \u00e0 \u00ab\u00a0partager les sacrifices\u00a0\u00bb avec les populations (ITW)\"}]},{\"@type\":\"WebSite\",\"@id\":\"https:\/\/www.africa-press.net\/cotedivoire\/#website\",\"url\":\"https:\/\/www.africa-press.net\/cotedivoire\/\",\"name\":\"C\u00f4te d&#039;Ivoire\",\"description\":\"Just another Africa News Agency Sites site\",\"potentialAction\":[{\"@type\":\"SearchAction\",\"target\":{\"@type\":\"EntryPoint\",\"urlTemplate\":\"https:\/\/www.africa-press.net\/cotedivoire\/?s={search_term_string}\"},\"query-input\":{\"@type\":\"PropertyValueSpecification\",\"valueRequired\":true,\"valueName\":\"search_term_string\"}}],\"inLanguage\":\"fr-FR\"},{\"@type\":\"Person\",\"@id\":\"https:\/\/www.africa-press.net\/cotedivoire\/#\/schema\/person\/2b1cf3cd81a31e3cd26889ca66d677f1\",\"name\":\"cfeditorfr\"}]}<\/script>\n<!-- \/ Yoast SEO Premium plugin. -->","yoast_head_json":{"title":"D\u00e9lestage en C\u00f4te-d\u2019Ivoire: Des consommateurs invitent le gouvernement et les entreprises \u00e0 \u00ab\u00a0partager les sacrifices\u00a0\u00bb avec les populations (ITW) - C\u00f4te d&#039;Ivoire","description":"Donald NGORANLe pr\u00e9sident de la f\u00e9d\u00e9ration nationale des organisations des consommateurs, Soumahoro Ben N\u2019Fally, a invi ...","robots":{"index":"index","follow":"follow","max-snippet":"max-snippet:-1","max-image-preview":"max-image-preview:large","max-video-preview":"max-video-preview:-1"},"canonical":"https:\/\/www.africa-press.net\/cotedivoire\/economie\/delestage-en-cote-divoire-des-consommateurs-invitent-le-gouvernement-et-les-entreprises-a-partager-les-sacrifices-avec-les-populations-itw","og_locale":"fr_FR","og_type":"article","og_title":"D\u00e9lestage en C\u00f4te-d\u2019Ivoire: Des consommateurs invitent le gouvernement et les entreprises \u00e0 \u00ab\u00a0partager les sacrifices\u00a0\u00bb avec les populations (ITW)","og_description":"Donald NGORANLe pr\u00e9sident de la f\u00e9d\u00e9ration nationale des organisations des consommateurs, Soumahoro Ben N\u2019Fally, a invi ...","og_url":"https:\/\/www.africa-press.net\/cotedivoire\/economie\/delestage-en-cote-divoire-des-consommateurs-invitent-le-gouvernement-et-les-entreprises-a-partager-les-sacrifices-avec-les-populations-itw","og_site_name":"C\u00f4te d&#039;Ivoire","article_published_time":"2021-05-23T16:24:18+00:00","article_modified_time":"2021-05-23T17:35:52+00:00","og_image":[{"width":720,"height":959,"url":"https:\/\/static.africa-press.net\/cote\/sites\/43\/2021\/05\/img-60aa812777c30.jpg","type":"image\/jpeg"}],"author":"cfeditorfr","twitter_card":"summary_large_image","twitter_misc":{"\u00c9crit par":"cfeditorfr","Dur\u00e9e de lecture estim\u00e9e":"4 minutes"},"schema":{"@context":"https:\/\/schema.org","@graph":[{"@type":"Article","@id":"https:\/\/www.africa-press.net\/cotedivoire\/economie\/delestage-en-cote-divoire-des-consommateurs-invitent-le-gouvernement-et-les-entreprises-a-partager-les-sacrifices-avec-les-populations-itw#article","isPartOf":{"@id":"https:\/\/www.africa-press.net\/cotedivoire\/economie\/delestage-en-cote-divoire-des-consommateurs-invitent-le-gouvernement-et-les-entreprises-a-partager-les-sacrifices-avec-les-populations-itw"},"author":{"name":"cfeditorfr","@id":"https:\/\/www.africa-press.net\/cotedivoire\/#\/schema\/person\/2b1cf3cd81a31e3cd26889ca66d677f1"},"headline":"D\u00e9lestage en C\u00f4te-d\u2019Ivoire: Des consommateurs invitent le gouvernement et les entreprises \u00e0 \u00ab\u00a0partager les sacrifices\u00a0\u00bb avec les populations (ITW)","datePublished":"2021-05-23T16:24:18+00:00","dateModified":"2021-05-23T17:35:52+00:00","mainEntityOfPage":{"@id":"https:\/\/www.africa-press.net\/cotedivoire\/economie\/delestage-en-cote-divoire-des-consommateurs-invitent-le-gouvernement-et-les-entreprises-a-partager-les-sacrifices-avec-les-populations-itw"},"wordCount":883,"commentCount":0,"image":{"@id":"https:\/\/www.africa-press.net\/cotedivoire\/economie\/delestage-en-cote-divoire-des-consommateurs-invitent-le-gouvernement-et-les-entreprises-a-partager-les-sacrifices-avec-les-populations-itw#primaryimage"},"thumbnailUrl":"https:\/\/static.africa-press.net\/cote\/sites\/43\/2021\/05\/img-60aa812777c30.jpg","keywords":["Africa Press","Africa Press-C\u00f4te d'Ivoire","C\u00d4TE D'IVOIRE"],"articleSection":["\u00c9conomie","homepage-french","Toutes les actualit\u00e9s"],"inLanguage":"fr-FR","potentialAction":[{"@type":"CommentAction","name":"Comment","target":["https:\/\/www.africa-press.net\/cotedivoire\/economie\/delestage-en-cote-divoire-des-consommateurs-invitent-le-gouvernement-et-les-entreprises-a-partager-les-sacrifices-avec-les-populations-itw#respond"]}]},{"@type":"WebPage","@id":"https:\/\/www.africa-press.net\/cotedivoire\/economie\/delestage-en-cote-divoire-des-consommateurs-invitent-le-gouvernement-et-les-entreprises-a-partager-les-sacrifices-avec-les-populations-itw","url":"https:\/\/www.africa-press.net\/cotedivoire\/economie\/delestage-en-cote-divoire-des-consommateurs-invitent-le-gouvernement-et-les-entreprises-a-partager-les-sacrifices-avec-les-populations-itw","name":"D\u00e9lestage en C\u00f4te-d\u2019Ivoire: Des consommateurs invitent le gouvernement et les entreprises \u00e0 \u00ab\u00a0partager les sacrifices\u00a0\u00bb avec les populations (ITW) - C\u00f4te d&#039;Ivoire","isPartOf":{"@id":"https:\/\/www.africa-press.net\/cotedivoire\/#website"},"primaryImageOfPage":{"@id":"https:\/\/www.africa-press.net\/cotedivoire\/economie\/delestage-en-cote-divoire-des-consommateurs-invitent-le-gouvernement-et-les-entreprises-a-partager-les-sacrifices-avec-les-populations-itw#primaryimage"},"image":{"@id":"https:\/\/www.africa-press.net\/cotedivoire\/economie\/delestage-en-cote-divoire-des-consommateurs-invitent-le-gouvernement-et-les-entreprises-a-partager-les-sacrifices-avec-les-populations-itw#primaryimage"},"thumbnailUrl":"https:\/\/static.africa-press.net\/cote\/sites\/43\/2021\/05\/img-60aa812777c30.jpg","datePublished":"2021-05-23T16:24:18+00:00","dateModified":"2021-05-23T17:35:52+00:00","author":{"@id":"https:\/\/www.africa-press.net\/cotedivoire\/#\/schema\/person\/2b1cf3cd81a31e3cd26889ca66d677f1"},"description":"Donald NGORANLe pr\u00e9sident de la f\u00e9d\u00e9ration nationale des organisations des consommateurs, Soumahoro Ben N\u2019Fally, a invi ...","breadcrumb":{"@id":"https:\/\/www.africa-press.net\/cotedivoire\/economie\/delestage-en-cote-divoire-des-consommateurs-invitent-le-gouvernement-et-les-entreprises-a-partager-les-sacrifices-avec-les-populations-itw#breadcrumb"},"inLanguage":"fr-FR","potentialAction":[{"@type":"ReadAction","target":["https:\/\/www.africa-press.net\/cotedivoire\/economie\/delestage-en-cote-divoire-des-consommateurs-invitent-le-gouvernement-et-les-entreprises-a-partager-les-sacrifices-avec-les-populations-itw"]}]},{"@type":"ImageObject","inLanguage":"fr-FR","@id":"https:\/\/www.africa-press.net\/cotedivoire\/economie\/delestage-en-cote-divoire-des-consommateurs-invitent-le-gouvernement-et-les-entreprises-a-partager-les-sacrifices-avec-les-populations-itw#primaryimage","url":"https:\/\/static.africa-press.net\/cote\/sites\/43\/2021\/05\/img-60aa812777c30.jpg","contentUrl":"https:\/\/static.africa-press.net\/cote\/sites\/43\/2021\/05\/img-60aa812777c30.jpg","width":720,"height":959,"caption":"D\u00e9lestage en C\u00f4te-d\u2019Ivoire: Des consommateurs invitent le gouvernement et les entreprises \u00e0 \u00ab\u00a0partager les sacrifices\u00a0\u00bb avec les populations (ITW)"},{"@type":"BreadcrumbList","@id":"https:\/\/www.africa-press.net\/cotedivoire\/economie\/delestage-en-cote-divoire-des-consommateurs-invitent-le-gouvernement-et-les-entreprises-a-partager-les-sacrifices-avec-les-populations-itw#breadcrumb","itemListElement":[{"@type":"ListItem","position":1,"name":"Accueil","item":"https:\/\/www.africa-press.net\/cotedivoire\/"},{"@type":"ListItem","position":2,"name":"D\u00e9lestage en C\u00f4te-d\u2019Ivoire: Des consommateurs invitent le gouvernement et les entreprises \u00e0 \u00ab\u00a0partager les sacrifices\u00a0\u00bb avec les populations (ITW)"}]},{"@type":"WebSite","@id":"https:\/\/www.africa-press.net\/cotedivoire\/#website","url":"https:\/\/www.africa-press.net\/cotedivoire\/","name":"C\u00f4te d&#039;Ivoire","description":"Just another Africa News Agency Sites site","potentialAction":[{"@type":"SearchAction","target":{"@type":"EntryPoint","urlTemplate":"https:\/\/www.africa-press.net\/cotedivoire\/?s={search_term_string}"},"query-input":{"@type":"PropertyValueSpecification","valueRequired":true,"valueName":"search_term_string"}}],"inLanguage":"fr-FR"},{"@type":"Person","@id":"https:\/\/www.africa-press.net\/cotedivoire\/#\/schema\/person\/2b1cf3cd81a31e3cd26889ca66d677f1","name":"cfeditorfr"}]}},"_links":{"self":[{"href":"https:\/\/www.africa-press.net\/cotedivoire\/wp-json\/wp\/v2\/posts\/8112","targetHints":{"allow":["GET"]}}],"collection":[{"href":"https:\/\/www.africa-press.net\/cotedivoire\/wp-json\/wp\/v2\/posts"}],"about":[{"href":"https:\/\/www.africa-press.net\/cotedivoire\/wp-json\/wp\/v2\/types\/post"}],"author":[{"embeddable":true,"href":"https:\/\/www.africa-press.net\/cotedivoire\/wp-json\/wp\/v2\/users\/82"}],"replies":[{"embeddable":true,"href":"https:\/\/www.africa-press.net\/cotedivoire\/wp-json\/wp\/v2\/comments?post=8112"}],"version-history":[{"count":0,"href":"https:\/\/www.africa-press.net\/cotedivoire\/wp-json\/wp\/v2\/posts\/8112\/revisions"}],"wp:featuredmedia":[{"embeddable":true,"href":"https:\/\/www.africa-press.net\/cotedivoire\/wp-json\/wp\/v2\/media\/8111"}],"wp:attachment":[{"href":"https:\/\/www.africa-press.net\/cotedivoire\/wp-json\/wp\/v2\/media?parent=8112"}],"wp:term":[{"taxonomy":"category","embeddable":true,"href":"https:\/\/www.africa-press.net\/cotedivoire\/wp-json\/wp\/v2\/categories?post=8112"},{"taxonomy":"post_tag","embeddable":true,"href":"https:\/\/www.africa-press.net\/cotedivoire\/wp-json\/wp\/v2\/tags?post=8112"}],"curies":[{"name":"wp","href":"https:\/\/api.w.org\/{rel}","templated":true}]}}