{"id":8165,"date":"2021-05-25T13:05:13","date_gmt":"2021-05-25T13:05:13","guid":{"rendered":"https:\/\/www.africa-press.net\/cotedivoire\/?p=8165"},"modified":"2021-05-25T19:05:26","modified_gmt":"2021-05-25T19:05:26","slug":"violences-contre-nigeriens-en-cote-divoire-ouattara-demande-des-sanctions-maisdes-critiques","status":"publish","type":"post","link":"https:\/\/www.africa-press.net\/cotedivoire\/politique\/violences-contre-nigeriens-en-cote-divoire-ouattara-demande-des-sanctions-maisdes-critiques","title":{"rendered":"Violences contre Nig\u00e9riens en C\u00f4te-d\u2019Ivoire: Ouattara demande des sanctions, mais\u2026des critiques"},"content":{"rendered":"<p><span style=\"color: #ff6600\"><strong><a href=\"https:\/\/www.africa-press.net\/\">Africa-Press<\/a> &#8211; <a href=\"https:\/\/www.africa-press.net\/cotedivoire\">C\u00f4te d&rsquo;Ivoire<\/a>. <\/strong><\/span>Le Chef de l\u2019Etat a regagn\u00e9 Abidjan apr\u00e8s avoir pris part au Sommet sur le financement des \u00e9conomies africaines, \u00e0 Paris.<\/p>\n<p>Le Pr\u00e9sident de la R\u00e9publique, S.E.M. Alassane Ouattara, a regagn\u00e9 Abidjan, le vendredi 21 mai 2021, apr\u00e8s avoir pris part, \u00e0 Paris (France), au Sommet sur le financement des \u00e9conomies africaines, le mardi 18 mai 2021.<\/p>\n<p>Le Chef de l\u2019Etat a \u00e9t\u00e9 accueilli \u00e0 son arriv\u00e9e par le Premier Ministre, M. Patrick ACHI, des membres du Gouvernement et du Cabinet pr\u00e9sidentiel ainsi que par la hi\u00e9rarchie militaire.<\/p>\n<p><b>Le Pr\u00e9sident de la R\u00e9publique, Alassane Ouattara a fermement condamn\u00e9 les incidents qui ont marqu\u00e9 la ville d\u2019Abidjan, le mercredi 19 mai dernier, avec les attaques et autres agressions contre les Nig\u00e9riens.<\/b><\/p>\n<p>Il a rappel\u00e9 la vocation de la C\u00f4te d\u2019Ivoire qui est une terre d\u2019hospitalit\u00e9 sur laquelle de telles situations ne devraient pas se produire. Il a demand\u00e9 des sanctions et a invit\u00e9 le grand Commandement des Forces de D\u00e9fense et de S\u00e9curit\u00e9 \u00e0 acc\u00e9l\u00e9rer les enqu\u00eates et la Justice \u00e0 faire son travail afin que les responsabilit\u00e9s soient situ\u00e9es.<\/p>\n<p>Mais avent dans la d\u00e9claration faite au salon d\u2019honneur de l\u2019a\u00e9roport, le Pr\u00e9sident Alassane Ouattara a indiqu\u00e9 que ce Sommet a permis d\u2019examiner plusieurs questions essentielles relatives \u00e0 la mobilisation de financements importants et innovants en faveur des pays africains pour la vaccination accrue des populations contre la COVID- 19, ainsi que pour la relance \u00e9conomique de nos pays.<\/p>\n<p>Il a pr\u00e9cis\u00e9 que selon le Fonds Mon\u00e9taire International (FMI), 285 milliards de dollars de financements suppl\u00e9mentaires seraient n\u00e9cessaires aux pays africains sur la p\u00e9riode 2021-2025, pour renforcer la r\u00e9ponse apport\u00e9e \u00e0 la pand\u00e9mie. Car, sans une action collective, le financement et les objectifs du Programme de d\u00e9veloppement durable \u00e0 l\u2019horizon 2030 et de l\u2019Agenda 2063 de l\u2019Union Africaine seront compromis.<br \/>\nC\u2019est pourquoi, il a \u00e9t\u00e9 pr\u00e9conis\u00e9 d\u2019agir ensemble pour proposer un plan de soutien financier substantiel pour donner une impulsion \u00e0 l\u2019\u00e9conomie des pays africains.<\/p>\n<p>Le Chef de l\u2019Etat a indiqu\u00e9 que les participants au Sommet ont soulign\u00e9 que la priorit\u00e9 absolue est de vaincre la pand\u00e9mie. A cet \u00e9gard, certains Etats ont d\u00e9cid\u00e9 de mutualiser leurs efforts pour permettre un acc\u00e8s \u00e9quitable aux vaccins, aux traitements et aux moyens de diagnostic s\u00fbrs et abordables en Afrique.<\/p>\n<p>Il a soulign\u00e9 qu\u2019il a \u00e9t\u00e9 propos\u00e9 d\u2019acc\u00e9l\u00e9rer, en partenariat avec le secteur priv\u00e9, la production, en Afrique, de vaccins et le transfert des droits de propri\u00e9t\u00e9s intellectuelles ainsi que le savoir- faire. Sur la question, il a souhait\u00e9 que la C\u00f4te d\u2019Ivoire soit \u00e9ligible au nombre des pays d\u00e9j\u00e0 retenus pour la fabrication du vaccin anti- COVID -19 sur le continent.<br \/>\nPlus g\u00e9n\u00e9ralement, la Conf\u00e9rence a d\u00e9cid\u00e9 de mettre l\u2019accent sur le d\u00e9veloppement du secteur priv\u00e9 qui est le socle du d\u00e9veloppement de nos \u00e9conomies.<\/p>\n<p>Le Pr\u00e9sident de la R\u00e9publique a ajout\u00e9 que la Conf\u00e9rence a appel\u00e9 \u00e0 soutenir l\u2019allocation de Droits de Tirage Sp\u00e9ciaux (DTS) du FMI d\u2019un montant de 650 milliards de dollars, dont pr\u00e8s de 33 milliards pour le continent africain et \u00e0 poursuivre les discussions en vue de mettre \u00e0 la disposition du continent africain, 100 milliards de dollars, pr\u00e9lev\u00e9s en partie sur les allocations des pays d\u00e9velopp\u00e9s qui jouissent d\u2019une situation confortable de r\u00e9serve de changes.<\/p>\n<p>De m\u00eame, les participants se sont tous accord\u00e9s pour poursuivre l\u2019initiative de suspension de la dette jusqu\u2019\u00e0 fin 2021. Il s\u2019agit, notamment, d\u2019adopter une approche diff\u00e9renci\u00e9e et des m\u00e9canismes de soutien pour permettre aux pays, avec une dette soutenable et ayant acc\u00e8s aux march\u00e9s internationaux des capitaux, comme la C\u00f4te d\u2019Ivoire, de mobiliser des ressources longues et \u00e0 des taux d\u2019int\u00e9r\u00eats plus faibles.<\/p>\n<p>Les pays africains ont, par ailleurs, plaid\u00e9 pour un d\u00e9ficit plus important pour le financement de la lutte contre la pand\u00e9mie de COVID-19 et le terrorisme.<\/p>\n<p>En pr\u00e9lude au Sommet sur le financement des \u00e9conomies africaines, le Chef de l\u2019Etat a particip\u00e9 \u00e0 un mini-sommet des Chefs d\u2019Etat et de Gouvernement de l\u2019UEMOA, qui visait \u00e0 harmoniser les positions des pays de la zone UEMOA.<\/p>\n<p>En marge du Sommet, il a eu plusieurs entretiens avec certains de ses homologues (Afrique du Sud, Tunisie, Mali) ainsi que d\u2019\u00e9minentes personnalit\u00e9s, notamment la Directrice G\u00e9n\u00e9rale du FMI, Mme Kristalina GEORGIEVA, le Directeur G\u00e9n\u00e9ral des Op\u00e9rations de la Banque Mondiale, M. Axel Van TROTSENBURG, et le Pr\u00e9sident de la Commission de l\u2019Union Africaine, M. Moussa Faki MAHAMAT.<\/p>\n<p>Ces entretiens ont \u00e9t\u00e9 l\u2019occasion, selon le Pr\u00e9sident de la R\u00e9publique, de passer en revue les relations de coop\u00e9ration entre la C\u00f4te d\u2019Ivoire et leurs pays respectifs, ainsi qu\u2019avec les Institutions de Bretton Woods et la Commission de l\u2019Union Africaine. Ils ont \u00e9galement permis d\u2019\u00e9voquer les questions r\u00e9gionales et internationales.<\/p>\n<p>Au cours de son s\u00e9jour \u00e0 Paris, le Chef de l\u2019Etat a \u00e9galement assist\u00e9 aux obs\u00e8ques du Pr\u00e9sident du Groupe Jeune Afrique qui a apport\u00e9, selon lui, une grande contribution au d\u00e9veloppement de l\u2019Afrique et \u00e0 l\u2019\u00e9mancipation de la jeunesse africaine.<\/p>\n<p>Pour terminer, le Pr\u00e9sident Alassane OUATTARA, a indiqu\u00e9 que le Sommet a \u00e9t\u00e9 un grand succ\u00e8s, non seulement pour notre pays mais \u00e9galement pour toute l\u2019Afrique et donne de bonnes perspectives pour acc\u00e9l\u00e9rer la relance de nos \u00e9conomies.<\/p>\n<p>Th\u00e9ophile Kouamouo<\/p>\n<p>J\u2019ai repris la semaine derni\u00e8re l\u2019\u00e9dito hebdo que j\u2019ai longtemps r\u00e9dig\u00e9 sur la C\u00f4te d\u2019Ivoire. Il est r\u00e9serv\u00e9 aux abonn\u00e9s payants de cette newsletter mais cette semaine je l\u2019ouvre \u00e0 tous les inscrits. Pour me donner les moyens d\u2019aller au-del\u00e0 de quelques posts par mois, rejoignez la communaut\u00e9 des abonn\u00e9s.<\/p>\n<p>Ainsi va la vie et ainsi va l\u2019info. Un \u201cbuzz\u201d chassant l\u2019autre, il y a fort \u00e0 parier qu\u2019on ne parlera bient\u00f4t plus du tout des ratonnades insens\u00e9es qui ont vis\u00e9 la semaine derni\u00e8re des ressortissants nig\u00e9riens, de la communaut\u00e9 haoussa, dans diverses communes du district d\u2019Abidjan. La cyberactiviste \u201cSucc\u00e8s\u201d, agitatrice ouattariste, \u00e0 l\u2019origine de la diffusion d\u2019une vid\u00e9o mensong\u00e8re d\u00e9voilant pr\u00e9tendument les s\u00e9vices auxquels des Ivoiriens auraient \u00e9t\u00e9 soumis par des Nig\u00e9riens \u2013 en r\u00e9alit\u00e9 des images de 2019 provenant du Nigeria et n\u2019ayant aucun rapport avec la C\u00f4te d\u2019Ivoire \u2013 s\u2019est livr\u00e9e jeudi dernier \u00e0 la police nationale. Elle a \u00e9t\u00e9 condamn\u00e9e \u00e0 cinq ans de prison ferme et \u00e0 2 millions de FCFA d\u2019amende dans le cadre d\u2019une proc\u00e9dure de comparution imm\u00e9diate. Fin du film ? Il est en tout cas tr\u00e8s probable qu\u2019elle \u2013 et les onze autres interpell\u00e9s \u2013 soient les \u201cAmad\u00e9 Ou\u00e9r\u00e9mi\u201d de cette s\u00e9quence honteuse. Sacrifi\u00e9s pour solde de tout compte. Les centaines de miliciens enrag\u00e9s qui ont pill\u00e9, bless\u00e9, effray\u00e9 ne seront sans doute pas inqui\u00e9t\u00e9s. Et les le\u00e7ons profondes de cette histoire ne seront pas tir\u00e9es.<\/p>\n<p><b>\u201cUn pouvoir de guerre civile\u201d<\/b><\/p>\n<p>Or ce qui s\u2019est pass\u00e9 est bien plus inqui\u00e9tant que ce qu\u2019il para\u00eet. Il s\u2019agit d\u2019une nouvelle manifestation d\u2019une troublante r\u00e9alit\u00e9 : le pouvoir d\u2019Alassane Ouattara est structurellement \u201cun pouvoir de guerre civile\u201d. Il est n\u00e9 dans la guerre civile, il fait planer en permanence l\u2019ombre de la guerre civile et il est jusqu\u2019ici difficile d\u2019entrevoir comment il prendra fin en dehors d\u2019une guerre civile \u2013 ce qui n\u2019est absolument pas souhaitable.<\/p>\n<p>D\u00e9veloppons. Les attaques a priori gratuites contre une communaut\u00e9 \u00e9trang\u00e8re sp\u00e9cifique rel\u00e8vent d\u2019une certaine forme de rationalit\u00e9. Elles interviennent au moment o\u00f9 des rationnements d\u2019\u00e9lectricit\u00e9 \u2013 et d\u2019eau \u2013 mettent \u00e0 mal l\u2019\u00e9conomie ivoirienne. Et elles touchent en premier lieu les travailleurs du secteur informel et autres journaliers qui sont les premi\u00e8res variables d\u2019ajustement des entreprises quand des chocs inattendus se produisent. Or le ouattarisme a ceci de particulier qu\u2019il agr\u00e8ge une masse de personnes appartenant au lumpenprol\u00e9tariat (les plus pauvres d\u2019entre les pauvres) et une minorit\u00e9 d\u2019ultra riches, membres d\u2019une bourgeoisie parasitaire et accaparatrice vou\u00e9e corps et \u00e2me aux int\u00e9r\u00eats du grand capital international. De fait, la crise \u00e9nerg\u00e9tique actuelle s\u2019explique par les pr\u00e9dations diverses sur le secteur \u00e9lectrique, qui engraisse les fr\u00e8res Bouygues, les groupes Aga Khan et Axa\u2026 dont les complices inconditionnels sont au sommet de l\u2019\u00c9tat.<\/p>\n<p><b>La logique du bouc \u00e9missaire<\/b><\/p>\n<p>Face \u00e0 l\u2019appauvrissement \u00e9conomique d\u2019un grand nombre \u201cd\u2019adorateurs\u201d, il faut trouver un bouc \u00e9missaire. Cette fois-ci, le bouc \u00e9missaire a \u00e9t\u00e9 \u201cle Haoussa\u201d. Le Haoussa qui, s\u2019il est souvent tout aussi pauvre que son voisin ivoirien, peut donner l\u2019impression d\u2019\u00eatre prosp\u00e8re parce qu\u2019il g\u00e8re de la liquidit\u00e9 dans le cadre de son \u201cgarbadrome\u201d ou de sa quincaillerie.<\/p>\n<p>On peut se dire qu\u2019apr\u00e8s tout, dans des contextes de difficult\u00e9 \u00e9conomique et sous tous les cieux, les \u00e9trangers les plus fragiles \u2013 car la grande bourgeoisie internationale s\u2019en sort toujours \u2013 sont toujours montr\u00e9s du doigt. Certes. On peut toutefois noter que le \u201cbord politique\u201d qui a toujours accus\u00e9 ses adversaires de x\u00e9nophobie est celui dont les partisans succombent \u2013 pour rien, comme \u00e7a \u2013 \u00e0 la x\u00e9nophobie la plus primitive.<\/p>\n<p>Surtout, ce qui inqui\u00e8te, au-del\u00e0 de l\u2019absence totale de fondement de ces pseudo repr\u00e9sailles, c\u2019est le caract\u00e8re \u00e9ruptif des attaques qui ont vis\u00e9 les Haoussas. C\u2019est la rapidit\u00e9 avec laquelle la violence se secr\u00e8te sur aucune autre base qu\u2019une frustration latente et un d\u00e9sir de rapines, enr\u00f4le des centaines de d\u00e9soeuvr\u00e9s et se jette avec f\u00e9rocit\u00e9 sur les cibles du moment. Ce qui fait peur, c\u2019est la profondeur d\u2019une culture \u201cmilicienne\u201d qui est n\u00e9e en 2002 avec la r\u00e9bellion du MPCI et qui n\u2019a cess\u00e9 de se diffuser dans le corps de la soci\u00e9t\u00e9, se r\u00e9pliquant dans le camp gouvernemental d\u2019alors (avec les \u201cGPP\u201d, \u201cFLGO\u201d et autres), puis devenant une sorte de monopole d\u2019un pouvoir qui pr\u00e9sente un masque avenant et r\u00e9publicain aux \u201cpartenaires ext\u00e9rieurs\u201d et un visage moyen\u00e2geux et profond\u00e9ment f\u00e9odal en interne.<\/p>\n<p><b>Si l\u2019on traite ainsi le bois vert<\/b><\/p>\n<p>Les miliciens ivres de haine qui ont failli commettre l\u2019irr\u00e9parable sur de pauvres immigr\u00e9s nig\u00e9riens la semaine derni\u00e8re sont les m\u00eames qui ont \u201cjou\u00e9 au football\u201d avec la t\u00eate tranch\u00e9e d\u2019un militant de l\u2019opposition \u00e0 Daoukro. C\u2019est le m\u00eame logiciel politico-social fait d\u2019ignorance, de chauvinisme tribal, de sentiment absolu d\u2019impunit\u00e9, de pauvret\u00e9 et de frustrations instrumentalis\u00e9es qui est \u00e0 l\u2019\u0153uvre.<\/p>\n<p>\u201cSi l\u2019on traite ainsi le bois vert, qu\u2019arrivera-t-il au bois sec ?\u201d. Si un \u201crien du tout\u201d faussement attribu\u00e9 \u00e0 des gens qui se trouvent \u00e0 environ 1500 kilom\u00e8tres d\u2019Abidjan entra\u00eene de tels d\u00e9bordements, qu\u2019arrivera-t-il quand l\u2019on expliquera demain \u00e0 ces loups fanatis\u00e9s que le pouvoir est sur le point de changer de mains ?<\/p>\n<p>Violence milicienne au Sud, culture djihadiste en s\u00e9cr\u00e9tion au Nord\u2026 l\u2019avenir politique est lourd de menaces pour la C\u00f4te d\u2019Ivoire.<\/p>\n<p>Partagez cet article \u00e0 vos proches en cliquant sur le lien ici bas, et faites grossir la newsletter.<\/p>\n","protected":false},"excerpt":{"rendered":"<p>Africa-Press &#8211; C\u00f4te d&rsquo;Ivoire. Le Chef de l\u2019Etat a regagn\u00e9 Abidjan apr\u00e8s avoir pris part au Sommet sur le financement des \u00e9conomies africaines, \u00e0 Paris. Le Pr\u00e9sident de la R\u00e9publique, S.E.M. Alassane Ouattara, a regagn\u00e9 Abidjan, le vendredi 21 mai 2021, apr\u00e8s avoir pris part, \u00e0 Paris (France), au Sommet sur le financement des \u00e9conomies [&hellip;]<\/p>\n","protected":false},"author":82,"featured_media":8164,"comment_status":"open","ping_status":"closed","sticky":false,"template":"","format":"standard","meta":{"footnotes":""},"categories":[11,2,10],"tags":[56,63,29],"class_list":["post-8165","post","type-post","status-publish","format-standard","has-post-thumbnail","hentry","category-homepage-french","category-politique","category-toutes-les-actualites","tag-africa-press","tag-africa-press-cote-divoire","tag-cote-divoire"],"yoast_head":"<!-- This site is optimized with the Yoast SEO Premium plugin v26.1 (Yoast SEO v27.0) - https:\/\/yoast.com\/product\/yoast-seo-premium-wordpress\/ -->\n<title>Violences contre Nig\u00e9riens en C\u00f4te-d\u2019Ivoire: Ouattara demande des sanctions, mais\u2026des critiques - C\u00f4te d&#039;Ivoire<\/title>\n<meta name=\"description\" content=\"Le Chef de l\u2019Etat a regagn\u00e9 Abidjan apr\u00e8s avoir pris part au Sommet sur le financement des \u00e9conomies africaines, \u00e0 Paris ...\" \/>\n<meta name=\"robots\" content=\"index, follow, max-snippet:-1, max-image-preview:large, max-video-preview:-1\" \/>\n<link rel=\"canonical\" href=\"https:\/\/www.africa-press.net\/cotedivoire\/politique\/violences-contre-nigeriens-en-cote-divoire-ouattara-demande-des-sanctions-maisdes-critiques\" \/>\n<meta property=\"og:locale\" content=\"fr_FR\" \/>\n<meta property=\"og:type\" content=\"article\" \/>\n<meta property=\"og:title\" content=\"Violences contre Nig\u00e9riens en C\u00f4te-d\u2019Ivoire: Ouattara demande des sanctions, mais\u2026des critiques\" \/>\n<meta property=\"og:description\" content=\"Le Chef de l\u2019Etat a regagn\u00e9 Abidjan apr\u00e8s avoir pris part au Sommet sur le financement des \u00e9conomies africaines, \u00e0 Paris ...\" \/>\n<meta property=\"og:url\" content=\"https:\/\/www.africa-press.net\/cotedivoire\/politique\/violences-contre-nigeriens-en-cote-divoire-ouattara-demande-des-sanctions-maisdes-critiques\" \/>\n<meta property=\"og:site_name\" content=\"C\u00f4te d&#039;Ivoire\" \/>\n<meta property=\"article:published_time\" content=\"2021-05-25T13:05:13+00:00\" \/>\n<meta property=\"article:modified_time\" content=\"2021-05-25T19:05:26+00:00\" \/>\n<meta property=\"og:image\" content=\"https:\/\/static.africa-press.net\/cote\/sites\/43\/2021\/05\/img-60acf50af2a9e.jpg\" \/>\n\t<meta property=\"og:image:width\" content=\"965\" \/>\n\t<meta property=\"og:image:height\" content=\"515\" \/>\n\t<meta property=\"og:image:type\" content=\"image\/jpeg\" \/>\n<meta name=\"author\" content=\"cfeditorfr\" \/>\n<meta name=\"twitter:card\" content=\"summary_large_image\" \/>\n<meta name=\"twitter:label1\" content=\"\u00c9crit par\" \/>\n\t<meta name=\"twitter:data1\" content=\"cfeditorfr\" \/>\n\t<meta name=\"twitter:label2\" content=\"Dur\u00e9e de lecture estim\u00e9e\" \/>\n\t<meta name=\"twitter:data2\" content=\"8 minutes\" \/>\n<script type=\"application\/ld+json\" class=\"yoast-schema-graph\">{\"@context\":\"https:\/\/schema.org\",\"@graph\":[{\"@type\":\"Article\",\"@id\":\"https:\/\/www.africa-press.net\/cotedivoire\/politique\/violences-contre-nigeriens-en-cote-divoire-ouattara-demande-des-sanctions-maisdes-critiques#article\",\"isPartOf\":{\"@id\":\"https:\/\/www.africa-press.net\/cotedivoire\/politique\/violences-contre-nigeriens-en-cote-divoire-ouattara-demande-des-sanctions-maisdes-critiques\"},\"author\":{\"name\":\"cfeditorfr\",\"@id\":\"https:\/\/www.africa-press.net\/cotedivoire\/#\/schema\/person\/2b1cf3cd81a31e3cd26889ca66d677f1\"},\"headline\":\"Violences contre Nig\u00e9riens en C\u00f4te-d\u2019Ivoire: Ouattara demande des sanctions, mais\u2026des critiques\",\"datePublished\":\"2021-05-25T13:05:13+00:00\",\"dateModified\":\"2021-05-25T19:05:26+00:00\",\"mainEntityOfPage\":{\"@id\":\"https:\/\/www.africa-press.net\/cotedivoire\/politique\/violences-contre-nigeriens-en-cote-divoire-ouattara-demande-des-sanctions-maisdes-critiques\"},\"wordCount\":1990,\"commentCount\":0,\"image\":{\"@id\":\"https:\/\/www.africa-press.net\/cotedivoire\/politique\/violences-contre-nigeriens-en-cote-divoire-ouattara-demande-des-sanctions-maisdes-critiques#primaryimage\"},\"thumbnailUrl\":\"https:\/\/static.africa-press.net\/cote\/sites\/43\/2021\/05\/img-60acf50af2a9e.jpg\",\"keywords\":[\"Africa Press\",\"Africa Press-C\u00f4te d'Ivoire\",\"C\u00d4TE D'IVOIRE\"],\"articleSection\":[\"homepage-french\",\"Politique\",\"Toutes les actualit\u00e9s\"],\"inLanguage\":\"fr-FR\",\"potentialAction\":[{\"@type\":\"CommentAction\",\"name\":\"Comment\",\"target\":[\"https:\/\/www.africa-press.net\/cotedivoire\/politique\/violences-contre-nigeriens-en-cote-divoire-ouattara-demande-des-sanctions-maisdes-critiques#respond\"]}]},{\"@type\":\"WebPage\",\"@id\":\"https:\/\/www.africa-press.net\/cotedivoire\/politique\/violences-contre-nigeriens-en-cote-divoire-ouattara-demande-des-sanctions-maisdes-critiques\",\"url\":\"https:\/\/www.africa-press.net\/cotedivoire\/politique\/violences-contre-nigeriens-en-cote-divoire-ouattara-demande-des-sanctions-maisdes-critiques\",\"name\":\"Violences contre Nig\u00e9riens en C\u00f4te-d\u2019Ivoire: Ouattara demande des sanctions, mais\u2026des critiques - C\u00f4te d&#039;Ivoire\",\"isPartOf\":{\"@id\":\"https:\/\/www.africa-press.net\/cotedivoire\/#website\"},\"primaryImageOfPage\":{\"@id\":\"https:\/\/www.africa-press.net\/cotedivoire\/politique\/violences-contre-nigeriens-en-cote-divoire-ouattara-demande-des-sanctions-maisdes-critiques#primaryimage\"},\"image\":{\"@id\":\"https:\/\/www.africa-press.net\/cotedivoire\/politique\/violences-contre-nigeriens-en-cote-divoire-ouattara-demande-des-sanctions-maisdes-critiques#primaryimage\"},\"thumbnailUrl\":\"https:\/\/static.africa-press.net\/cote\/sites\/43\/2021\/05\/img-60acf50af2a9e.jpg\",\"datePublished\":\"2021-05-25T13:05:13+00:00\",\"dateModified\":\"2021-05-25T19:05:26+00:00\",\"author\":{\"@id\":\"https:\/\/www.africa-press.net\/cotedivoire\/#\/schema\/person\/2b1cf3cd81a31e3cd26889ca66d677f1\"},\"description\":\"Le Chef de l\u2019Etat a regagn\u00e9 Abidjan apr\u00e8s avoir pris part au Sommet sur le financement des \u00e9conomies africaines, \u00e0 Paris ...\",\"breadcrumb\":{\"@id\":\"https:\/\/www.africa-press.net\/cotedivoire\/politique\/violences-contre-nigeriens-en-cote-divoire-ouattara-demande-des-sanctions-maisdes-critiques#breadcrumb\"},\"inLanguage\":\"fr-FR\",\"potentialAction\":[{\"@type\":\"ReadAction\",\"target\":[\"https:\/\/www.africa-press.net\/cotedivoire\/politique\/violences-contre-nigeriens-en-cote-divoire-ouattara-demande-des-sanctions-maisdes-critiques\"]}]},{\"@type\":\"ImageObject\",\"inLanguage\":\"fr-FR\",\"@id\":\"https:\/\/www.africa-press.net\/cotedivoire\/politique\/violences-contre-nigeriens-en-cote-divoire-ouattara-demande-des-sanctions-maisdes-critiques#primaryimage\",\"url\":\"https:\/\/static.africa-press.net\/cote\/sites\/43\/2021\/05\/img-60acf50af2a9e.jpg\",\"contentUrl\":\"https:\/\/static.africa-press.net\/cote\/sites\/43\/2021\/05\/img-60acf50af2a9e.jpg\",\"width\":965,\"height\":515,\"caption\":\"Violences contre Nig\u00e9riens en C\u00f4te-d\u2019Ivoire: Ouattara demande des sanctions, mais\u2026des critiques\"},{\"@type\":\"BreadcrumbList\",\"@id\":\"https:\/\/www.africa-press.net\/cotedivoire\/politique\/violences-contre-nigeriens-en-cote-divoire-ouattara-demande-des-sanctions-maisdes-critiques#breadcrumb\",\"itemListElement\":[{\"@type\":\"ListItem\",\"position\":1,\"name\":\"Accueil\",\"item\":\"https:\/\/www.africa-press.net\/cotedivoire\/\"},{\"@type\":\"ListItem\",\"position\":2,\"name\":\"Violences contre Nig\u00e9riens en C\u00f4te-d\u2019Ivoire: Ouattara demande des sanctions, mais\u2026des critiques\"}]},{\"@type\":\"WebSite\",\"@id\":\"https:\/\/www.africa-press.net\/cotedivoire\/#website\",\"url\":\"https:\/\/www.africa-press.net\/cotedivoire\/\",\"name\":\"C\u00f4te d&#039;Ivoire\",\"description\":\"Just another Africa News Agency Sites site\",\"potentialAction\":[{\"@type\":\"SearchAction\",\"target\":{\"@type\":\"EntryPoint\",\"urlTemplate\":\"https:\/\/www.africa-press.net\/cotedivoire\/?s={search_term_string}\"},\"query-input\":{\"@type\":\"PropertyValueSpecification\",\"valueRequired\":true,\"valueName\":\"search_term_string\"}}],\"inLanguage\":\"fr-FR\"},{\"@type\":\"Person\",\"@id\":\"https:\/\/www.africa-press.net\/cotedivoire\/#\/schema\/person\/2b1cf3cd81a31e3cd26889ca66d677f1\",\"name\":\"cfeditorfr\"}]}<\/script>\n<!-- \/ Yoast SEO Premium plugin. -->","yoast_head_json":{"title":"Violences contre Nig\u00e9riens en C\u00f4te-d\u2019Ivoire: Ouattara demande des sanctions, mais\u2026des critiques - C\u00f4te d&#039;Ivoire","description":"Le Chef de l\u2019Etat a regagn\u00e9 Abidjan apr\u00e8s avoir pris part au Sommet sur le financement des \u00e9conomies africaines, \u00e0 Paris ...","robots":{"index":"index","follow":"follow","max-snippet":"max-snippet:-1","max-image-preview":"max-image-preview:large","max-video-preview":"max-video-preview:-1"},"canonical":"https:\/\/www.africa-press.net\/cotedivoire\/politique\/violences-contre-nigeriens-en-cote-divoire-ouattara-demande-des-sanctions-maisdes-critiques","og_locale":"fr_FR","og_type":"article","og_title":"Violences contre Nig\u00e9riens en C\u00f4te-d\u2019Ivoire: Ouattara demande des sanctions, mais\u2026des critiques","og_description":"Le Chef de l\u2019Etat a regagn\u00e9 Abidjan apr\u00e8s avoir pris part au Sommet sur le financement des \u00e9conomies africaines, \u00e0 Paris ...","og_url":"https:\/\/www.africa-press.net\/cotedivoire\/politique\/violences-contre-nigeriens-en-cote-divoire-ouattara-demande-des-sanctions-maisdes-critiques","og_site_name":"C\u00f4te d&#039;Ivoire","article_published_time":"2021-05-25T13:05:13+00:00","article_modified_time":"2021-05-25T19:05:26+00:00","og_image":[{"width":965,"height":515,"url":"https:\/\/static.africa-press.net\/cote\/sites\/43\/2021\/05\/img-60acf50af2a9e.jpg","type":"image\/jpeg"}],"author":"cfeditorfr","twitter_card":"summary_large_image","twitter_misc":{"\u00c9crit par":"cfeditorfr","Dur\u00e9e de lecture estim\u00e9e":"8 minutes"},"schema":{"@context":"https:\/\/schema.org","@graph":[{"@type":"Article","@id":"https:\/\/www.africa-press.net\/cotedivoire\/politique\/violences-contre-nigeriens-en-cote-divoire-ouattara-demande-des-sanctions-maisdes-critiques#article","isPartOf":{"@id":"https:\/\/www.africa-press.net\/cotedivoire\/politique\/violences-contre-nigeriens-en-cote-divoire-ouattara-demande-des-sanctions-maisdes-critiques"},"author":{"name":"cfeditorfr","@id":"https:\/\/www.africa-press.net\/cotedivoire\/#\/schema\/person\/2b1cf3cd81a31e3cd26889ca66d677f1"},"headline":"Violences contre Nig\u00e9riens en C\u00f4te-d\u2019Ivoire: Ouattara demande des sanctions, mais\u2026des critiques","datePublished":"2021-05-25T13:05:13+00:00","dateModified":"2021-05-25T19:05:26+00:00","mainEntityOfPage":{"@id":"https:\/\/www.africa-press.net\/cotedivoire\/politique\/violences-contre-nigeriens-en-cote-divoire-ouattara-demande-des-sanctions-maisdes-critiques"},"wordCount":1990,"commentCount":0,"image":{"@id":"https:\/\/www.africa-press.net\/cotedivoire\/politique\/violences-contre-nigeriens-en-cote-divoire-ouattara-demande-des-sanctions-maisdes-critiques#primaryimage"},"thumbnailUrl":"https:\/\/static.africa-press.net\/cote\/sites\/43\/2021\/05\/img-60acf50af2a9e.jpg","keywords":["Africa Press","Africa Press-C\u00f4te d'Ivoire","C\u00d4TE D'IVOIRE"],"articleSection":["homepage-french","Politique","Toutes les actualit\u00e9s"],"inLanguage":"fr-FR","potentialAction":[{"@type":"CommentAction","name":"Comment","target":["https:\/\/www.africa-press.net\/cotedivoire\/politique\/violences-contre-nigeriens-en-cote-divoire-ouattara-demande-des-sanctions-maisdes-critiques#respond"]}]},{"@type":"WebPage","@id":"https:\/\/www.africa-press.net\/cotedivoire\/politique\/violences-contre-nigeriens-en-cote-divoire-ouattara-demande-des-sanctions-maisdes-critiques","url":"https:\/\/www.africa-press.net\/cotedivoire\/politique\/violences-contre-nigeriens-en-cote-divoire-ouattara-demande-des-sanctions-maisdes-critiques","name":"Violences contre Nig\u00e9riens en C\u00f4te-d\u2019Ivoire: Ouattara demande des sanctions, mais\u2026des critiques - C\u00f4te d&#039;Ivoire","isPartOf":{"@id":"https:\/\/www.africa-press.net\/cotedivoire\/#website"},"primaryImageOfPage":{"@id":"https:\/\/www.africa-press.net\/cotedivoire\/politique\/violences-contre-nigeriens-en-cote-divoire-ouattara-demande-des-sanctions-maisdes-critiques#primaryimage"},"image":{"@id":"https:\/\/www.africa-press.net\/cotedivoire\/politique\/violences-contre-nigeriens-en-cote-divoire-ouattara-demande-des-sanctions-maisdes-critiques#primaryimage"},"thumbnailUrl":"https:\/\/static.africa-press.net\/cote\/sites\/43\/2021\/05\/img-60acf50af2a9e.jpg","datePublished":"2021-05-25T13:05:13+00:00","dateModified":"2021-05-25T19:05:26+00:00","author":{"@id":"https:\/\/www.africa-press.net\/cotedivoire\/#\/schema\/person\/2b1cf3cd81a31e3cd26889ca66d677f1"},"description":"Le Chef de l\u2019Etat a regagn\u00e9 Abidjan apr\u00e8s avoir pris part au Sommet sur le financement des \u00e9conomies africaines, \u00e0 Paris ...","breadcrumb":{"@id":"https:\/\/www.africa-press.net\/cotedivoire\/politique\/violences-contre-nigeriens-en-cote-divoire-ouattara-demande-des-sanctions-maisdes-critiques#breadcrumb"},"inLanguage":"fr-FR","potentialAction":[{"@type":"ReadAction","target":["https:\/\/www.africa-press.net\/cotedivoire\/politique\/violences-contre-nigeriens-en-cote-divoire-ouattara-demande-des-sanctions-maisdes-critiques"]}]},{"@type":"ImageObject","inLanguage":"fr-FR","@id":"https:\/\/www.africa-press.net\/cotedivoire\/politique\/violences-contre-nigeriens-en-cote-divoire-ouattara-demande-des-sanctions-maisdes-critiques#primaryimage","url":"https:\/\/static.africa-press.net\/cote\/sites\/43\/2021\/05\/img-60acf50af2a9e.jpg","contentUrl":"https:\/\/static.africa-press.net\/cote\/sites\/43\/2021\/05\/img-60acf50af2a9e.jpg","width":965,"height":515,"caption":"Violences contre Nig\u00e9riens en C\u00f4te-d\u2019Ivoire: Ouattara demande des sanctions, mais\u2026des critiques"},{"@type":"BreadcrumbList","@id":"https:\/\/www.africa-press.net\/cotedivoire\/politique\/violences-contre-nigeriens-en-cote-divoire-ouattara-demande-des-sanctions-maisdes-critiques#breadcrumb","itemListElement":[{"@type":"ListItem","position":1,"name":"Accueil","item":"https:\/\/www.africa-press.net\/cotedivoire\/"},{"@type":"ListItem","position":2,"name":"Violences contre Nig\u00e9riens en C\u00f4te-d\u2019Ivoire: Ouattara demande des sanctions, mais\u2026des critiques"}]},{"@type":"WebSite","@id":"https:\/\/www.africa-press.net\/cotedivoire\/#website","url":"https:\/\/www.africa-press.net\/cotedivoire\/","name":"C\u00f4te d&#039;Ivoire","description":"Just another Africa News Agency Sites site","potentialAction":[{"@type":"SearchAction","target":{"@type":"EntryPoint","urlTemplate":"https:\/\/www.africa-press.net\/cotedivoire\/?s={search_term_string}"},"query-input":{"@type":"PropertyValueSpecification","valueRequired":true,"valueName":"search_term_string"}}],"inLanguage":"fr-FR"},{"@type":"Person","@id":"https:\/\/www.africa-press.net\/cotedivoire\/#\/schema\/person\/2b1cf3cd81a31e3cd26889ca66d677f1","name":"cfeditorfr"}]}},"_links":{"self":[{"href":"https:\/\/www.africa-press.net\/cotedivoire\/wp-json\/wp\/v2\/posts\/8165","targetHints":{"allow":["GET"]}}],"collection":[{"href":"https:\/\/www.africa-press.net\/cotedivoire\/wp-json\/wp\/v2\/posts"}],"about":[{"href":"https:\/\/www.africa-press.net\/cotedivoire\/wp-json\/wp\/v2\/types\/post"}],"author":[{"embeddable":true,"href":"https:\/\/www.africa-press.net\/cotedivoire\/wp-json\/wp\/v2\/users\/82"}],"replies":[{"embeddable":true,"href":"https:\/\/www.africa-press.net\/cotedivoire\/wp-json\/wp\/v2\/comments?post=8165"}],"version-history":[{"count":0,"href":"https:\/\/www.africa-press.net\/cotedivoire\/wp-json\/wp\/v2\/posts\/8165\/revisions"}],"wp:featuredmedia":[{"embeddable":true,"href":"https:\/\/www.africa-press.net\/cotedivoire\/wp-json\/wp\/v2\/media\/8164"}],"wp:attachment":[{"href":"https:\/\/www.africa-press.net\/cotedivoire\/wp-json\/wp\/v2\/media?parent=8165"}],"wp:term":[{"taxonomy":"category","embeddable":true,"href":"https:\/\/www.africa-press.net\/cotedivoire\/wp-json\/wp\/v2\/categories?post=8165"},{"taxonomy":"post_tag","embeddable":true,"href":"https:\/\/www.africa-press.net\/cotedivoire\/wp-json\/wp\/v2\/tags?post=8165"}],"curies":[{"name":"wp","href":"https:\/\/api.w.org\/{rel}","templated":true}]}}