{"id":81664,"date":"2024-06-08T17:51:36","date_gmt":"2024-06-08T17:51:36","guid":{"rendered":"https:\/\/www.africa-press.net\/cotedivoire\/politique\/yamoussoukro-face-aux-senateurs-jean-sansan-kambile-mets-quiconque-au-defi-de-le-montrer-le-caractere-liberticide-de-la-disposition-de-lalinea-2-de-larticle-185-du-code-penal"},"modified":"2024-06-08T18:30:24","modified_gmt":"2024-06-08T18:30:24","slug":"yamoussoukro-face-aux-senateurs-jean-sansan-kambile-mets-quiconque-au-defi-de-le-montrer-le-caractere-liberticide-de-la-disposition-de-lalinea-2-de-larticle-185-du-code-penal","status":"publish","type":"post","link":"https:\/\/www.africa-press.net\/cotedivoire\/politique\/yamoussoukro-face-aux-senateurs-jean-sansan-kambile-mets-quiconque-au-defi-de-le-montrer-le-caractere-liberticide-de-la-disposition-de-lalinea-2-de-larticle-185-du-code-penal","title":{"rendered":"Yamoussoukro, face aux s\u00e9nateurs, Jean Sansan Kambil\u00e9 \u00ab  mets quiconque au d\u00e9fi de le montrer le caract\u00e8re liberticide de la disposition de l&rsquo;alin\u00e9a 2 de l&rsquo;article 185 du code p\u00e9nal \u00bb"},"content":{"rendered":"<p><span style=\"color: #ff6600\"><strong>Africa-Press &#8211; C\u00f4te d&rsquo;Ivoire. <\/strong><\/span>Dans le cadre de la lutte contre la corruption, le blanchiment des capitaux, le financement du terrorisme et la prolife\u0301ration des armes de destruction massive de me\u0302me que la lutte contre la criminalite\u0301 transnationale organise\u0301e, un certain nombre de textes ont e\u0301te\u0301 transmis au Parlement pour examen.<\/p>\n<p>En sa qualite\u0301 du repre\u0301sentant du pre\u0301sident de la Re\u0301publique, Jean Sansan Kambile\u0301, garde des Sceaux ministre de la Justice a pre\u0301sente\u0301 mardi 7 mai 2024 a\u0300 Yamoussoukro, aux ve\u0301ne\u0301rables se\u0301nateurs membres de la commission des Affaires ge\u0301ne\u0301rales institutionnelles et des collectivite\u0301s territoriales 5 projets de lois.<\/p>\n<p>Les deux premie\u0300res lois avaient trait a\u0300 la modification du Code pe\u0301nal et du Code de proce\u0301dure pe\u0301nale, il y a eu un projet de loi modificatif de la loi sur la re\u0301pression du terrorisme, un autre projet de loi sur l&rsquo;entraide judiciaire en matie\u0300re pe\u0301nale et le dernier, c&rsquo;e\u0301tait le projet de loi portant cre\u0301ation du registre des be\u0301ne\u0301ficiaires effectifs des personnes morales et des constructions juridiques.<\/p>\n<p>Ces cinq projets de lois ont e\u0301te\u0301 analyse\u0301s puis adopte\u0301s a\u0300 l&rsquo;unanimite\u0301 des se\u0301nateurs, d&rsquo;ou\u0300 la joie du ministre de la Justice qui a profite\u0301 de l&rsquo;occasion a\u0300 lui offerte pour faire se prononcer abondamment sur l\u2019article 185 qui ferait pole\u0301mique. Jean Sansan Kambile\u0301 a d&#8217;emble\u0301e indique\u0301 que le Code de proce\u0301dure pe\u0301nale et le Code pe\u0301nal ont e\u0301te\u0301 pre\u0301sente\u0301s a\u0300 la commission des Affaires ge\u0301ne\u0301rales institutionnelles de l&rsquo;Assemble\u0301e nationale et adopte\u0301s, a\u0300 l&rsquo;unanimite\u0301, des membres de cette commission.<\/p>\n<p>\u00ab Nous pensons que, c&rsquo;est le\u0301gitime pour les de\u0301pute\u0301s de l&rsquo;opposition de faire des critiques sur l&rsquo;action gouvernementale cela donc participe du jeu de\u0301mocratique et en raison donc du principe de la redevabilite\u0301, il revient ainsi a\u0300 ceux qui exercent le pouvoir de rendre compte de ce qu&rsquo;ils font et d&rsquo;expliquer le sens de leur action. Donc, relativement a\u0300 l\u2019article 185, je vais chercher a\u0300 e\u0302tre didactique et vous indiquez ce qui existait et ce qui a e\u0301te\u0301 propose\u0301 \u00bb, a de\u0301clare\u0301, le ministre.<\/p>\n<p>Selon lui, s&rsquo;il y a pole\u0301mique, elle porte sur l&rsquo;aline\u0301a 2 de l&rsquo;article 185 qui e\u0301tait pre\u0301ce\u0301demment l&rsquo;article 175 du Code pe\u0301nal et cette disposition a e\u0301te\u0301 modifie\u0301e en 2019 puis actuellement pour re\u0301pondre, en ce qui concerne l&rsquo;aline\u0301a 1, le champ de re\u0301pression de l&rsquo;apologie de crime.<\/p>\n<p>\u00ab Il e\u0301tait dispose\u0301, ce qui suit, article 175 de1995: est puni des peines porte\u0301es, a\u0300 l&rsquo;article 174, deuxie\u0300mement quiconque par l&rsquo;un des moyens vise\u0301s, audit article, fait l\u2019apologie des crimes de meurtre de pillage, d&rsquo;incendie ou de destruction d&rsquo;e\u0301difice, de vol, de crime contre le droit des gens et des infractions pre\u0301vues au chapitre 2 du pre\u0301sent titre. En 2019, la modification qui avait e\u0301te\u0301 faite, consistait a\u0300 dire que, est puni des peines pre\u0301vues a\u0300 l&rsquo;article 184 aline\u0301a 2 quiconque par l&rsquo;un des moyens vise\u0301s auxdits articles, 1 faire de l&rsquo;apologie, des crimes, des meurtres, des pliages ou de destruction d\u2019e\u0301difices, de vol, des crimes contre le droit des gens et des infractions pre\u0301vues au chapitre 2 et 3 du pre\u0301sent titre \u00bb, a-t-il rappele\u0301.<\/p>\n<p>Comme l&rsquo;a ensuite indique\u0301, le Garde des sceaux, le texte qui a e\u0301te\u0301 propose\u0301, visait a\u0300 e\u0301tendre le centre de re\u0301pression a\u0300 tous les crimes parce que, pre\u0301ce\u0301demment, on visait certaines crises et non l&rsquo;ensemble des crimes et donc c&rsquo;est ce qui a e\u0301te\u0301 propose\u0301.<\/p>\n<p>\u00ab Mais l&rsquo;aline\u0301a 2 de cette disposition qui existe donc depuis 1981 n&rsquo;a pas fait l&rsquo;objet de modification. Donc quand on vous dit que ce texte est liberticide, donc cette disposition est liberticide depuis 1981, si depuis 1981 personnes n&rsquo;a e\u0301te\u0301 inquie\u0301te\u0301 pour avoir e\u0301mis des opinions, ce n&rsquo;est pas maintenant \u00bb, a pre\u0301venu, Jean Sansan Kambile\u0301.<\/p>\n<p>\u00ab Et que dit en re\u0301alite\u0301 cette disposition. C&rsquo;est quoi l&rsquo;apologie. L&rsquo;apologie, c&rsquo;est faire des e\u0301loges justifie\u0301s, c&rsquo;est de justifier, c&rsquo;est de glorifier un acte ou une personne. Donc, on ne peut pas faire l\u2019apologie d&rsquo;un crime. Exemple, il n&rsquo;y a pas longtemps, vous avez vu un journaliste, un animateur avait e\u0301te\u0301 poursuivi justement pour apologie de viol, c\u0327a veut dire qu&rsquo;on l&rsquo;a poursuivi parce que par son action il entendait mettre en exergue ou glorifier un acte qui n&rsquo;est pas normal, parce que le viol n&rsquo;est pas un acte normal. C&rsquo;est un crime et donc si on e\u0301coute bien ce qui est dit, c&rsquo;est de dire que cette personne qui est poursuivie pour apologie de viol, on doit pouvoir glorifier son action ou justifier son action et donc comment comprendre que la personne qui fait l&rsquo;apologie et qui est condamne\u0301e, cela est normal. Mais par contre, la personne qui vient justifier ou glorifier l&rsquo;action commise par la personne qui est condamne\u0301e parce qu&rsquo;elle est une personne qui a une activite\u0301 politique, religieuse ou philosophique, on ne doit pas la poursuivre, c\u0327a n&rsquo;a aucun sens. Ce n&rsquo;est pas c\u0327a faire de la pole\u0301mique. C&rsquo;est une pole\u0301mique totalement inutile. Et comme je l&rsquo;ai indique\u0301, faire l&rsquo;apologie d&rsquo;un acte criminel n&rsquo;est pas la liberte\u0301 d&rsquo;opinion \u00bb, s&rsquo;est justifie\u0301, le ministre.<\/p>\n<p>\u00ab L&rsquo;exemple qui a e\u0301te\u0301 choisi, oui, si moi, je vais et j\u2019e\u0301mets une opinion sur un acte attentatoire a\u0300 la su\u0302rete\u0301 de l&rsquo;E\u0301tat, je peux e\u0302tre poursuivi, mais comme je l&rsquo;ai indique\u0301, cette disposition n&rsquo;a pas e\u0301te\u0301 touche\u0301e, elle existe depuis 1981. Je mets quiconque au de\u0301fi peut me dire que depuis que ce texte existe, on a poursuivi quelqu&rsquo;un qui est venu e\u0301mettre une opinion ou un jugement sur un acte criminel \u00bb, a poursuivi, M. Kambile\u0301.<\/p>\n<p>Le ministre de la Justice invite ses compatriotes a\u0300 faire tre\u0300s attention, car, ils ne doivent pas confondre, l&rsquo;apologie d&rsquo;un crime avec le fait de contester ou de porter atteinte, ou de jeter le discre\u0301dit sur une de\u0301cision de justice.<\/p>\n<p>\u00ab Et donc j&rsquo;ai entendu des choses qui sont ahurissantes, on nous dit, on sait comment les ordres sont donne\u0301s a\u0300 la justice, mais ceux qui le disent ont exerce\u0301 le pouvoir d&rsquo;E\u0301tat. Cela, veut-il dire qu&rsquo;a\u0300 leur e\u0301poque elles ont donne\u0301 des ordres pour faire des choses aux juges qui ne sont pas bien. Je crois qu&rsquo;il faut e\u0301viter de salir l\u2019institution judiciaire, qui est une institution honorable. Le pouvoir judiciaire est inde\u0301pendant du pouvoir politique, du pouvoir exe\u0301cutif. Je crois que quand on veut expliquer quelque chose, on veut contester l&rsquo;autorite\u0301 de l&rsquo;exe\u0301cutif sur un sujet donne\u0301, il faut y mettre un peu de bonne foi, on ne fait pas de la politique partout \u00bb, a-t-il de\u0301plore\u0301.<\/p>\n<p>Le repre\u0301sentant du pre\u0301sident de la Re\u0301publique estime que ses concitoyens ont besoin de savoir la re\u0301alite\u0301 de ce qui est demande\u0301, contrairement a\u0300 ce que veut leur faire croire les politiciens.<\/p>\n<p>\u00ab Aujourd&rsquo;hui, on nous dit, parce que je suis un homme politique, j&rsquo;ai le droit de faire l&rsquo;apologie de l\u2019atteinte a\u0300 la su\u0302rete\u0301 de l&rsquo;E\u0301tat, a\u0300 l&rsquo;autorite\u0301 de l&rsquo;E\u0301tat. Mais je rappelle a\u0300 ceux qui le disent que le pre\u0301ambule de notre Constitution fait e\u0301tat de ce que, nous re\u0301prouvons, tout changement anti-constitutionnel du re\u0301gime. Alors, et cette disposition, il faut le rappeler, a e\u0301te\u0301 mise parce que le pre\u0301sident Be\u0301die\u0301 a\u0300 l&rsquo;e\u0301poque l&rsquo;avait souhaite\u0301. Je crois qu&rsquo;il faut e\u0301viter de banaliser certaines actions, il ne revient pas aux politiques de faire l&rsquo;apologie d&rsquo;un acte criminel, il ne vient pas au religieux de faire l\u2019apologie d&rsquo;un acte criminel. Donc faire l\u2019apologie, n&rsquo;est pas l&rsquo;e\u0301mission d&rsquo;une opinion politique. Personne n&rsquo;a e\u0301te\u0301 arre\u0302te\u0301 parce qu&rsquo;il a e\u0301mis une opinion politique, il faut qu&rsquo;on arre\u0302te de tromper les gens. Cela est totalement faux, il n&rsquo;y a pas de pole\u0301mique. Il n&rsquo;y a absolument rien et ce texte, comme je l&rsquo;ai dit, les de\u0301pute\u0301s qui s&rsquo;e\u0301chinent a\u0300 montrer le caracte\u0300re liberticide de cette disposition, e\u0301tait en commission au moment de l&rsquo;adoption a\u0300 l&rsquo;unanimite\u0301 de ce texte. Alors, vous savez, il faut e\u0301viter de faire croire aux gens qu&rsquo;on a une certaine science qui faille critiquer absolument ce qui est fait et c&rsquo;est totalement faux et je mets quiconque au de\u0301fi de me montrer le caracte\u0300re liberticide de cette disposition qui comme je l\u2019ai dit existent depuis 1981. Alors, il faut que les gens arre\u0302tent, on ne pole\u0301mique pas partout \u00bb, a-t-il mentionne\u0301.<\/p>\n<p>\u00ab La modification qui e\u0301tait propose\u0301e est la suivante, on nous demandait d&rsquo;ajouter une disposition visant les dispositions de l\u2019aline\u0301a 2 ne s&rsquo;applique pas au propos tenus dans un cadre politique, syndical, philosophique ou religieux. Mais tenir des propos et faire l\u2019apologie, ce n&rsquo;est pas la me\u0302me chose et je vois qu&rsquo;il faut que les gens retournent au dictionnaire pour voir ce que c&rsquo;est quoi exactement faire l\u2019apologie. Ce n&rsquo;est pas tenir des propos et puis la politique commence ou\u0300. Est-ce que ces dispositions si on les suit, le simple militant d&rsquo;un parti politique pourrait e\u0301galement dire que parce que, il est dans un cadre de politique, il ne doit pas e\u0302tre poursuivi, je crois qu&rsquo;il faut pour respecter nos concitoyens qu&rsquo;on respecte les ivoiriens, surtout qu&rsquo;on leur dise la ve\u0301rite\u0301 de ce qui est et non qu&rsquo;on cherche a\u0300 travestir des propos et des faits qui sont totalement faux. Ce texte existe depuis 1981 a\u0300 ce que je sache, ce n&rsquo;est pas ce pouvoir qui e\u0301tait la\u0300 en 1981. Que les gens arre\u0302tent, de pole\u0301miquer sur tout, il n&rsquo;y a pas de contenu liberticide dans cette disposition. Seuls ceux qui veulent glorifier ou faire l&rsquo;apologie de crimes soient a\u0300 me\u0302me de s&rsquo;e\u0301nerver ou de croire qu&rsquo;il y a une pole\u0301mique ste\u0301rile a\u0300 faire en la matie\u0300re \u00bb, a explique\u0301, le Garde des sceaux, ministre de la Justice, espe\u0301rant que la pole\u0301mique prendra fin.<\/p>\n<p><strong>Pour plus d&rsquo;informations et d&rsquo;analyses sur la <a href=\"https:\/\/www.africa-press.net\/cotedivoire\">C\u00f4te d&rsquo;Ivoire<\/a>, suivez <a href=\"https:\/\/www.africa-press.net\/\">Africa-Press<\/a><\/strong><\/p>\n","protected":false},"excerpt":{"rendered":"<p>Africa-Press &#8211; C\u00f4te d&rsquo;Ivoire. Dans le cadre de la lutte contre la corruption, le blanchiment des capitaux, le financement du terrorisme et la prolife\u0301ration des armes de destruction massive de me\u0302me que la lutte contre la criminalite\u0301 transnationale organise\u0301e, un certain nombre de textes ont e\u0301te\u0301 transmis au Parlement pour examen. En sa qualite\u0301 du [&hellip;]<\/p>\n","protected":false},"author":82,"featured_media":81663,"comment_status":"open","ping_status":"closed","sticky":false,"template":"","format":"standard","meta":{"footnotes":""},"categories":[2,10],"tags":[56,63,3006,29,5914,5521,6244,33],"class_list":["post-81664","post","type-post","status-publish","format-standard","has-post-thumbnail","hentry","category-politique","category-toutes-les-actualites","tag-africa-press","tag-africa-press-cote-divoire","tag-code-penal","tag-cote-divoire","tag-jean-sansan-kambile","tag-polemique","tag-senateurs","tag-yamoussoukro"],"yoast_head":"<!-- This site is optimized with the Yoast SEO Premium plugin v26.1 (Yoast SEO v27.0) - https:\/\/yoast.com\/product\/yoast-seo-premium-wordpress\/ -->\n<title>Yamoussoukro, face aux s\u00e9nateurs, Jean Sansan Kambil\u00e9 \u00ab mets quiconque au d\u00e9fi de le montrer le caract\u00e8re liberticide de la disposition de l&#039;alin\u00e9a 2 de l&#039;article 185 du code p\u00e9nal \u00bb - C\u00f4te d&#039;Ivoire<\/title>\n<meta name=\"description\" content=\"Dans le cadre de la lutte contre la corruption, le blanchiment des capitaux, le financement du terrorisme et la prolife\u0301 ...\" \/>\n<meta name=\"robots\" content=\"index, follow, max-snippet:-1, max-image-preview:large, max-video-preview:-1\" \/>\n<link rel=\"canonical\" href=\"https:\/\/www.africa-press.net\/cotedivoire\/politique\/yamoussoukro-face-aux-senateurs-jean-sansan-kambile-mets-quiconque-au-defi-de-le-montrer-le-caractere-liberticide-de-la-disposition-de-lalinea-2-de-larticle-185-du-code-penal\" \/>\n<meta property=\"og:locale\" content=\"fr_FR\" \/>\n<meta property=\"og:type\" content=\"article\" \/>\n<meta property=\"og:title\" content=\"Yamoussoukro, face aux s\u00e9nateurs, Jean Sansan Kambil\u00e9 \u00ab mets quiconque au d\u00e9fi de le montrer le caract\u00e8re liberticide de la disposition de l&#039;alin\u00e9a 2 de l&#039;article 185 du code p\u00e9nal \u00bb\" \/>\n<meta property=\"og:description\" content=\"Dans le cadre de la lutte contre la corruption, le blanchiment des capitaux, le financement du terrorisme et la prolife\u0301 ...\" \/>\n<meta property=\"og:url\" content=\"https:\/\/www.africa-press.net\/cotedivoire\/politique\/yamoussoukro-face-aux-senateurs-jean-sansan-kambile-mets-quiconque-au-defi-de-le-montrer-le-caractere-liberticide-de-la-disposition-de-lalinea-2-de-larticle-185-du-code-penal\" \/>\n<meta property=\"og:site_name\" content=\"C\u00f4te d&#039;Ivoire\" \/>\n<meta property=\"article:published_time\" content=\"2024-06-08T17:51:36+00:00\" \/>\n<meta property=\"article:modified_time\" content=\"2024-06-08T18:30:24+00:00\" \/>\n<meta property=\"og:image\" content=\"https:\/\/static.africa-press.net\/cote\/sites\/43\/2024\/06\/sm_1717858611.417427.jpg\" \/>\n\t<meta property=\"og:image:width\" content=\"720\" \/>\n\t<meta property=\"og:image:height\" content=\"481\" \/>\n\t<meta property=\"og:image:type\" content=\"image\/jpeg\" \/>\n<meta name=\"author\" content=\"cfeditorfr\" \/>\n<meta name=\"twitter:card\" content=\"summary_large_image\" \/>\n<meta name=\"twitter:label1\" content=\"\u00c9crit par\" \/>\n\t<meta name=\"twitter:data1\" content=\"cfeditorfr\" \/>\n\t<meta name=\"twitter:label2\" content=\"Dur\u00e9e de lecture estim\u00e9e\" \/>\n\t<meta name=\"twitter:data2\" content=\"9 minutes\" \/>\n<script type=\"application\/ld+json\" class=\"yoast-schema-graph\">{\"@context\":\"https:\/\/schema.org\",\"@graph\":[{\"@type\":\"Article\",\"@id\":\"https:\/\/www.africa-press.net\/cotedivoire\/politique\/yamoussoukro-face-aux-senateurs-jean-sansan-kambile-mets-quiconque-au-defi-de-le-montrer-le-caractere-liberticide-de-la-disposition-de-lalinea-2-de-larticle-185-du-code-penal#article\",\"isPartOf\":{\"@id\":\"https:\/\/www.africa-press.net\/cotedivoire\/politique\/yamoussoukro-face-aux-senateurs-jean-sansan-kambile-mets-quiconque-au-defi-de-le-montrer-le-caractere-liberticide-de-la-disposition-de-lalinea-2-de-larticle-185-du-code-penal\"},\"author\":{\"name\":\"cfeditorfr\",\"@id\":\"https:\/\/www.africa-press.net\/cotedivoire\/#\/schema\/person\/2b1cf3cd81a31e3cd26889ca66d677f1\"},\"headline\":\"Yamoussoukro, face aux s\u00e9nateurs, Jean Sansan Kambil\u00e9 \u00ab mets quiconque au d\u00e9fi de le montrer le caract\u00e8re liberticide de la disposition de l&rsquo;alin\u00e9a 2 de l&rsquo;article 185 du code p\u00e9nal \u00bb\",\"datePublished\":\"2024-06-08T17:51:36+00:00\",\"dateModified\":\"2024-06-08T18:30:24+00:00\",\"mainEntityOfPage\":{\"@id\":\"https:\/\/www.africa-press.net\/cotedivoire\/politique\/yamoussoukro-face-aux-senateurs-jean-sansan-kambile-mets-quiconque-au-defi-de-le-montrer-le-caractere-liberticide-de-la-disposition-de-lalinea-2-de-larticle-185-du-code-penal\"},\"wordCount\":1877,\"commentCount\":0,\"image\":{\"@id\":\"https:\/\/www.africa-press.net\/cotedivoire\/politique\/yamoussoukro-face-aux-senateurs-jean-sansan-kambile-mets-quiconque-au-defi-de-le-montrer-le-caractere-liberticide-de-la-disposition-de-lalinea-2-de-larticle-185-du-code-penal#primaryimage\"},\"thumbnailUrl\":\"https:\/\/static.africa-press.net\/cote\/sites\/43\/2024\/06\/sm_1717858611.417427.jpg\",\"keywords\":[\"Africa Press\",\"Africa Press-C\u00f4te d'Ivoire\",\"code p\u00e9nal\",\"C\u00d4TE D'IVOIRE\",\"Jean Sansan Kambil\u00e9\",\"Pol\u00e9mique\",\"S\u00e9nateurs\",\"Yamoussoukro\"],\"articleSection\":[\"Politique\",\"Toutes les actualit\u00e9s\"],\"inLanguage\":\"fr-FR\",\"potentialAction\":[{\"@type\":\"CommentAction\",\"name\":\"Comment\",\"target\":[\"https:\/\/www.africa-press.net\/cotedivoire\/politique\/yamoussoukro-face-aux-senateurs-jean-sansan-kambile-mets-quiconque-au-defi-de-le-montrer-le-caractere-liberticide-de-la-disposition-de-lalinea-2-de-larticle-185-du-code-penal#respond\"]}]},{\"@type\":\"WebPage\",\"@id\":\"https:\/\/www.africa-press.net\/cotedivoire\/politique\/yamoussoukro-face-aux-senateurs-jean-sansan-kambile-mets-quiconque-au-defi-de-le-montrer-le-caractere-liberticide-de-la-disposition-de-lalinea-2-de-larticle-185-du-code-penal\",\"url\":\"https:\/\/www.africa-press.net\/cotedivoire\/politique\/yamoussoukro-face-aux-senateurs-jean-sansan-kambile-mets-quiconque-au-defi-de-le-montrer-le-caractere-liberticide-de-la-disposition-de-lalinea-2-de-larticle-185-du-code-penal\",\"name\":\"Yamoussoukro, face aux s\u00e9nateurs, Jean Sansan Kambil\u00e9 \u00ab mets quiconque au d\u00e9fi de le montrer le caract\u00e8re liberticide de la disposition de l'alin\u00e9a 2 de l'article 185 du code p\u00e9nal \u00bb - C\u00f4te d&#039;Ivoire\",\"isPartOf\":{\"@id\":\"https:\/\/www.africa-press.net\/cotedivoire\/#website\"},\"primaryImageOfPage\":{\"@id\":\"https:\/\/www.africa-press.net\/cotedivoire\/politique\/yamoussoukro-face-aux-senateurs-jean-sansan-kambile-mets-quiconque-au-defi-de-le-montrer-le-caractere-liberticide-de-la-disposition-de-lalinea-2-de-larticle-185-du-code-penal#primaryimage\"},\"image\":{\"@id\":\"https:\/\/www.africa-press.net\/cotedivoire\/politique\/yamoussoukro-face-aux-senateurs-jean-sansan-kambile-mets-quiconque-au-defi-de-le-montrer-le-caractere-liberticide-de-la-disposition-de-lalinea-2-de-larticle-185-du-code-penal#primaryimage\"},\"thumbnailUrl\":\"https:\/\/static.africa-press.net\/cote\/sites\/43\/2024\/06\/sm_1717858611.417427.jpg\",\"datePublished\":\"2024-06-08T17:51:36+00:00\",\"dateModified\":\"2024-06-08T18:30:24+00:00\",\"author\":{\"@id\":\"https:\/\/www.africa-press.net\/cotedivoire\/#\/schema\/person\/2b1cf3cd81a31e3cd26889ca66d677f1\"},\"description\":\"Dans le cadre de la lutte contre la corruption, le blanchiment des capitaux, le financement du terrorisme et la prolife\u0301 ...\",\"breadcrumb\":{\"@id\":\"https:\/\/www.africa-press.net\/cotedivoire\/politique\/yamoussoukro-face-aux-senateurs-jean-sansan-kambile-mets-quiconque-au-defi-de-le-montrer-le-caractere-liberticide-de-la-disposition-de-lalinea-2-de-larticle-185-du-code-penal#breadcrumb\"},\"inLanguage\":\"fr-FR\",\"potentialAction\":[{\"@type\":\"ReadAction\",\"target\":[\"https:\/\/www.africa-press.net\/cotedivoire\/politique\/yamoussoukro-face-aux-senateurs-jean-sansan-kambile-mets-quiconque-au-defi-de-le-montrer-le-caractere-liberticide-de-la-disposition-de-lalinea-2-de-larticle-185-du-code-penal\"]}]},{\"@type\":\"ImageObject\",\"inLanguage\":\"fr-FR\",\"@id\":\"https:\/\/www.africa-press.net\/cotedivoire\/politique\/yamoussoukro-face-aux-senateurs-jean-sansan-kambile-mets-quiconque-au-defi-de-le-montrer-le-caractere-liberticide-de-la-disposition-de-lalinea-2-de-larticle-185-du-code-penal#primaryimage\",\"url\":\"https:\/\/static.africa-press.net\/cote\/sites\/43\/2024\/06\/sm_1717858611.417427.jpg\",\"contentUrl\":\"https:\/\/static.africa-press.net\/cote\/sites\/43\/2024\/06\/sm_1717858611.417427.jpg\",\"width\":720,\"height\":481,\"caption\":\"Yamoussoukro, face aux s\u00e9nateurs, Jean Sansan Kambil\u00e9 \u00ab mets quiconque au d\u00e9fi de le montrer le caract\u00e8re liberticide de la disposition de l'alin\u00e9a 2 de l'article 185 du code p\u00e9nal \u00bb\"},{\"@type\":\"BreadcrumbList\",\"@id\":\"https:\/\/www.africa-press.net\/cotedivoire\/politique\/yamoussoukro-face-aux-senateurs-jean-sansan-kambile-mets-quiconque-au-defi-de-le-montrer-le-caractere-liberticide-de-la-disposition-de-lalinea-2-de-larticle-185-du-code-penal#breadcrumb\",\"itemListElement\":[{\"@type\":\"ListItem\",\"position\":1,\"name\":\"Accueil\",\"item\":\"https:\/\/www.africa-press.net\/cotedivoire\/\"},{\"@type\":\"ListItem\",\"position\":2,\"name\":\"Yamoussoukro, face aux s\u00e9nateurs, Jean Sansan Kambil\u00e9 \u00ab mets quiconque au d\u00e9fi de le montrer le caract\u00e8re liberticide de la disposition de l&#8217;alin\u00e9a 2 de l&#8217;article 185 du code p\u00e9nal \u00bb\"}]},{\"@type\":\"WebSite\",\"@id\":\"https:\/\/www.africa-press.net\/cotedivoire\/#website\",\"url\":\"https:\/\/www.africa-press.net\/cotedivoire\/\",\"name\":\"C\u00f4te d&#039;Ivoire\",\"description\":\"Just another Africa News Agency Sites site\",\"potentialAction\":[{\"@type\":\"SearchAction\",\"target\":{\"@type\":\"EntryPoint\",\"urlTemplate\":\"https:\/\/www.africa-press.net\/cotedivoire\/?s={search_term_string}\"},\"query-input\":{\"@type\":\"PropertyValueSpecification\",\"valueRequired\":true,\"valueName\":\"search_term_string\"}}],\"inLanguage\":\"fr-FR\"},{\"@type\":\"Person\",\"@id\":\"https:\/\/www.africa-press.net\/cotedivoire\/#\/schema\/person\/2b1cf3cd81a31e3cd26889ca66d677f1\",\"name\":\"cfeditorfr\"}]}<\/script>\n<!-- \/ Yoast SEO Premium plugin. -->","yoast_head_json":{"title":"Yamoussoukro, face aux s\u00e9nateurs, Jean Sansan Kambil\u00e9 \u00ab mets quiconque au d\u00e9fi de le montrer le caract\u00e8re liberticide de la disposition de l'alin\u00e9a 2 de l'article 185 du code p\u00e9nal \u00bb - C\u00f4te d&#039;Ivoire","description":"Dans le cadre de la lutte contre la corruption, le blanchiment des capitaux, le financement du terrorisme et la prolife\u0301 ...","robots":{"index":"index","follow":"follow","max-snippet":"max-snippet:-1","max-image-preview":"max-image-preview:large","max-video-preview":"max-video-preview:-1"},"canonical":"https:\/\/www.africa-press.net\/cotedivoire\/politique\/yamoussoukro-face-aux-senateurs-jean-sansan-kambile-mets-quiconque-au-defi-de-le-montrer-le-caractere-liberticide-de-la-disposition-de-lalinea-2-de-larticle-185-du-code-penal","og_locale":"fr_FR","og_type":"article","og_title":"Yamoussoukro, face aux s\u00e9nateurs, Jean Sansan Kambil\u00e9 \u00ab mets quiconque au d\u00e9fi de le montrer le caract\u00e8re liberticide de la disposition de l'alin\u00e9a 2 de l'article 185 du code p\u00e9nal \u00bb","og_description":"Dans le cadre de la lutte contre la corruption, le blanchiment des capitaux, le financement du terrorisme et la prolife\u0301 ...","og_url":"https:\/\/www.africa-press.net\/cotedivoire\/politique\/yamoussoukro-face-aux-senateurs-jean-sansan-kambile-mets-quiconque-au-defi-de-le-montrer-le-caractere-liberticide-de-la-disposition-de-lalinea-2-de-larticle-185-du-code-penal","og_site_name":"C\u00f4te d&#039;Ivoire","article_published_time":"2024-06-08T17:51:36+00:00","article_modified_time":"2024-06-08T18:30:24+00:00","og_image":[{"width":720,"height":481,"url":"https:\/\/static.africa-press.net\/cote\/sites\/43\/2024\/06\/sm_1717858611.417427.jpg","type":"image\/jpeg"}],"author":"cfeditorfr","twitter_card":"summary_large_image","twitter_misc":{"\u00c9crit par":"cfeditorfr","Dur\u00e9e de lecture estim\u00e9e":"9 minutes"},"schema":{"@context":"https:\/\/schema.org","@graph":[{"@type":"Article","@id":"https:\/\/www.africa-press.net\/cotedivoire\/politique\/yamoussoukro-face-aux-senateurs-jean-sansan-kambile-mets-quiconque-au-defi-de-le-montrer-le-caractere-liberticide-de-la-disposition-de-lalinea-2-de-larticle-185-du-code-penal#article","isPartOf":{"@id":"https:\/\/www.africa-press.net\/cotedivoire\/politique\/yamoussoukro-face-aux-senateurs-jean-sansan-kambile-mets-quiconque-au-defi-de-le-montrer-le-caractere-liberticide-de-la-disposition-de-lalinea-2-de-larticle-185-du-code-penal"},"author":{"name":"cfeditorfr","@id":"https:\/\/www.africa-press.net\/cotedivoire\/#\/schema\/person\/2b1cf3cd81a31e3cd26889ca66d677f1"},"headline":"Yamoussoukro, face aux s\u00e9nateurs, Jean Sansan Kambil\u00e9 \u00ab mets quiconque au d\u00e9fi de le montrer le caract\u00e8re liberticide de la disposition de l&rsquo;alin\u00e9a 2 de l&rsquo;article 185 du code p\u00e9nal \u00bb","datePublished":"2024-06-08T17:51:36+00:00","dateModified":"2024-06-08T18:30:24+00:00","mainEntityOfPage":{"@id":"https:\/\/www.africa-press.net\/cotedivoire\/politique\/yamoussoukro-face-aux-senateurs-jean-sansan-kambile-mets-quiconque-au-defi-de-le-montrer-le-caractere-liberticide-de-la-disposition-de-lalinea-2-de-larticle-185-du-code-penal"},"wordCount":1877,"commentCount":0,"image":{"@id":"https:\/\/www.africa-press.net\/cotedivoire\/politique\/yamoussoukro-face-aux-senateurs-jean-sansan-kambile-mets-quiconque-au-defi-de-le-montrer-le-caractere-liberticide-de-la-disposition-de-lalinea-2-de-larticle-185-du-code-penal#primaryimage"},"thumbnailUrl":"https:\/\/static.africa-press.net\/cote\/sites\/43\/2024\/06\/sm_1717858611.417427.jpg","keywords":["Africa Press","Africa Press-C\u00f4te d'Ivoire","code p\u00e9nal","C\u00d4TE D'IVOIRE","Jean Sansan Kambil\u00e9","Pol\u00e9mique","S\u00e9nateurs","Yamoussoukro"],"articleSection":["Politique","Toutes les actualit\u00e9s"],"inLanguage":"fr-FR","potentialAction":[{"@type":"CommentAction","name":"Comment","target":["https:\/\/www.africa-press.net\/cotedivoire\/politique\/yamoussoukro-face-aux-senateurs-jean-sansan-kambile-mets-quiconque-au-defi-de-le-montrer-le-caractere-liberticide-de-la-disposition-de-lalinea-2-de-larticle-185-du-code-penal#respond"]}]},{"@type":"WebPage","@id":"https:\/\/www.africa-press.net\/cotedivoire\/politique\/yamoussoukro-face-aux-senateurs-jean-sansan-kambile-mets-quiconque-au-defi-de-le-montrer-le-caractere-liberticide-de-la-disposition-de-lalinea-2-de-larticle-185-du-code-penal","url":"https:\/\/www.africa-press.net\/cotedivoire\/politique\/yamoussoukro-face-aux-senateurs-jean-sansan-kambile-mets-quiconque-au-defi-de-le-montrer-le-caractere-liberticide-de-la-disposition-de-lalinea-2-de-larticle-185-du-code-penal","name":"Yamoussoukro, face aux s\u00e9nateurs, Jean Sansan Kambil\u00e9 \u00ab mets quiconque au d\u00e9fi de le montrer le caract\u00e8re liberticide de la disposition de l'alin\u00e9a 2 de l'article 185 du code p\u00e9nal \u00bb - C\u00f4te d&#039;Ivoire","isPartOf":{"@id":"https:\/\/www.africa-press.net\/cotedivoire\/#website"},"primaryImageOfPage":{"@id":"https:\/\/www.africa-press.net\/cotedivoire\/politique\/yamoussoukro-face-aux-senateurs-jean-sansan-kambile-mets-quiconque-au-defi-de-le-montrer-le-caractere-liberticide-de-la-disposition-de-lalinea-2-de-larticle-185-du-code-penal#primaryimage"},"image":{"@id":"https:\/\/www.africa-press.net\/cotedivoire\/politique\/yamoussoukro-face-aux-senateurs-jean-sansan-kambile-mets-quiconque-au-defi-de-le-montrer-le-caractere-liberticide-de-la-disposition-de-lalinea-2-de-larticle-185-du-code-penal#primaryimage"},"thumbnailUrl":"https:\/\/static.africa-press.net\/cote\/sites\/43\/2024\/06\/sm_1717858611.417427.jpg","datePublished":"2024-06-08T17:51:36+00:00","dateModified":"2024-06-08T18:30:24+00:00","author":{"@id":"https:\/\/www.africa-press.net\/cotedivoire\/#\/schema\/person\/2b1cf3cd81a31e3cd26889ca66d677f1"},"description":"Dans le cadre de la lutte contre la corruption, le blanchiment des capitaux, le financement du terrorisme et la prolife\u0301 ...","breadcrumb":{"@id":"https:\/\/www.africa-press.net\/cotedivoire\/politique\/yamoussoukro-face-aux-senateurs-jean-sansan-kambile-mets-quiconque-au-defi-de-le-montrer-le-caractere-liberticide-de-la-disposition-de-lalinea-2-de-larticle-185-du-code-penal#breadcrumb"},"inLanguage":"fr-FR","potentialAction":[{"@type":"ReadAction","target":["https:\/\/www.africa-press.net\/cotedivoire\/politique\/yamoussoukro-face-aux-senateurs-jean-sansan-kambile-mets-quiconque-au-defi-de-le-montrer-le-caractere-liberticide-de-la-disposition-de-lalinea-2-de-larticle-185-du-code-penal"]}]},{"@type":"ImageObject","inLanguage":"fr-FR","@id":"https:\/\/www.africa-press.net\/cotedivoire\/politique\/yamoussoukro-face-aux-senateurs-jean-sansan-kambile-mets-quiconque-au-defi-de-le-montrer-le-caractere-liberticide-de-la-disposition-de-lalinea-2-de-larticle-185-du-code-penal#primaryimage","url":"https:\/\/static.africa-press.net\/cote\/sites\/43\/2024\/06\/sm_1717858611.417427.jpg","contentUrl":"https:\/\/static.africa-press.net\/cote\/sites\/43\/2024\/06\/sm_1717858611.417427.jpg","width":720,"height":481,"caption":"Yamoussoukro, face aux s\u00e9nateurs, Jean Sansan Kambil\u00e9 \u00ab mets quiconque au d\u00e9fi de le montrer le caract\u00e8re liberticide de la disposition de l'alin\u00e9a 2 de l'article 185 du code p\u00e9nal \u00bb"},{"@type":"BreadcrumbList","@id":"https:\/\/www.africa-press.net\/cotedivoire\/politique\/yamoussoukro-face-aux-senateurs-jean-sansan-kambile-mets-quiconque-au-defi-de-le-montrer-le-caractere-liberticide-de-la-disposition-de-lalinea-2-de-larticle-185-du-code-penal#breadcrumb","itemListElement":[{"@type":"ListItem","position":1,"name":"Accueil","item":"https:\/\/www.africa-press.net\/cotedivoire\/"},{"@type":"ListItem","position":2,"name":"Yamoussoukro, face aux s\u00e9nateurs, Jean Sansan Kambil\u00e9 \u00ab mets quiconque au d\u00e9fi de le montrer le caract\u00e8re liberticide de la disposition de l&#8217;alin\u00e9a 2 de l&#8217;article 185 du code p\u00e9nal \u00bb"}]},{"@type":"WebSite","@id":"https:\/\/www.africa-press.net\/cotedivoire\/#website","url":"https:\/\/www.africa-press.net\/cotedivoire\/","name":"C\u00f4te d&#039;Ivoire","description":"Just another Africa News Agency Sites site","potentialAction":[{"@type":"SearchAction","target":{"@type":"EntryPoint","urlTemplate":"https:\/\/www.africa-press.net\/cotedivoire\/?s={search_term_string}"},"query-input":{"@type":"PropertyValueSpecification","valueRequired":true,"valueName":"search_term_string"}}],"inLanguage":"fr-FR"},{"@type":"Person","@id":"https:\/\/www.africa-press.net\/cotedivoire\/#\/schema\/person\/2b1cf3cd81a31e3cd26889ca66d677f1","name":"cfeditorfr"}]}},"_links":{"self":[{"href":"https:\/\/www.africa-press.net\/cotedivoire\/wp-json\/wp\/v2\/posts\/81664","targetHints":{"allow":["GET"]}}],"collection":[{"href":"https:\/\/www.africa-press.net\/cotedivoire\/wp-json\/wp\/v2\/posts"}],"about":[{"href":"https:\/\/www.africa-press.net\/cotedivoire\/wp-json\/wp\/v2\/types\/post"}],"author":[{"embeddable":true,"href":"https:\/\/www.africa-press.net\/cotedivoire\/wp-json\/wp\/v2\/users\/82"}],"replies":[{"embeddable":true,"href":"https:\/\/www.africa-press.net\/cotedivoire\/wp-json\/wp\/v2\/comments?post=81664"}],"version-history":[{"count":0,"href":"https:\/\/www.africa-press.net\/cotedivoire\/wp-json\/wp\/v2\/posts\/81664\/revisions"}],"wp:featuredmedia":[{"embeddable":true,"href":"https:\/\/www.africa-press.net\/cotedivoire\/wp-json\/wp\/v2\/media\/81663"}],"wp:attachment":[{"href":"https:\/\/www.africa-press.net\/cotedivoire\/wp-json\/wp\/v2\/media?parent=81664"}],"wp:term":[{"taxonomy":"category","embeddable":true,"href":"https:\/\/www.africa-press.net\/cotedivoire\/wp-json\/wp\/v2\/categories?post=81664"},{"taxonomy":"post_tag","embeddable":true,"href":"https:\/\/www.africa-press.net\/cotedivoire\/wp-json\/wp\/v2\/tags?post=81664"}],"curies":[{"name":"wp","href":"https:\/\/api.w.org\/{rel}","templated":true}]}}