{"id":8171,"date":"2021-05-25T13:20:10","date_gmt":"2021-05-25T13:20:10","guid":{"rendered":"https:\/\/www.africa-press.net\/cotedivoire\/?p=8171"},"modified":"2021-05-25T19:05:53","modified_gmt":"2021-05-25T19:05:53","slug":"violences-anti-nigeriens-cote-divoire-michel-gbagbo-souhaite-quil-ny-ait-pas-de-vengeance","status":"publish","type":"post","link":"https:\/\/www.africa-press.net\/cotedivoire\/politique\/violences-anti-nigeriens-cote-divoire-michel-gbagbo-souhaite-quil-ny-ait-pas-de-vengeance","title":{"rendered":"Violences anti-nig\u00e9riens\/C\u00f4te-d\u2019Ivoire: Michel Gbagbo souhaite \u00ab\u00a0qu\u2019il n\u2019y ait pas de vengeance\u00a0\u00bb"},"content":{"rendered":"<p><span style=\"color: #ff6600\"><strong><a href=\"https:\/\/www.africa-press.net\/\">Africa-Press<\/a> &#8211; <a href=\"https:\/\/www.africa-press.net\/cotedivoire\">C\u00f4te d&rsquo;Ivoire<\/a>. <\/strong><\/span>Le d\u00e9put\u00e9 de Yopougon (ouest Abidjan) Michel Gbagbo a souhait\u00e9 lundi \u00ab qu\u2019il n\u2019y ait pas de vengeance \u00bb apr\u00e8s les violences contre les Nig\u00e9riens, appelant la communaut\u00e9 nig\u00e9rienne de sa commune \u00e0 \u00ab parler aux jeunes \u00bb, lors d\u2019une rencontre.<\/p>\n<p>\u00ab Parlez aux jeunes pour ne pas qu\u2019il y ait de vengeance \u00bb, a recommand\u00e9 Michel Gbagbo \u00e0 la communaut\u00e9 du Niger.<\/p>\n<p>En compagnie des d\u00e9put\u00e9s de l\u2019opposition de Yopougon, Ak\u00e9 Akebi\u00e9 Marie et Euphraise N\u2019Guessan, il a traduit sa compassion \u00e0 cette communaut\u00e9.<\/p>\n<p>Nous sommes \u00ab venus vous dire Yako \u00bb, a-t-il dit, souhaitant que de telles violences ne \u00ab se reproduisent plus jamais \u00bb.<\/p>\n<p>Une personne a \u00e9t\u00e9 tu\u00e9e, plusieurs autres bless\u00e9es, dans des violences \u00e0 Abidjan et Daloa visant la communaut\u00e9 nig\u00e9rienne, apr\u00e8s une vid\u00e9o d\u2019actes de violences sur de pr\u00e9sum\u00e9s ivoiriens \u00e0 l\u2019\u00e9tranger publi\u00e9e sur les r\u00e9seaux sociaux.<\/p>\n<p>&nbsp;<\/p>\n","protected":false},"excerpt":{"rendered":"<p>Africa-Press &#8211; C\u00f4te d&rsquo;Ivoire. Le d\u00e9put\u00e9 de Yopougon (ouest Abidjan) Michel Gbagbo a souhait\u00e9 lundi \u00ab qu\u2019il n\u2019y ait pas de vengeance \u00bb apr\u00e8s les violences contre les Nig\u00e9riens, appelant la communaut\u00e9 nig\u00e9rienne de sa commune \u00e0 \u00ab parler aux jeunes \u00bb, lors d\u2019une rencontre. \u00ab Parlez aux jeunes pour ne pas qu\u2019il y ait [&hellip;]<\/p>\n","protected":false},"author":82,"featured_media":8170,"comment_status":"open","ping_status":"closed","sticky":false,"template":"","format":"standard","meta":{"footnotes":""},"categories":[11,2,20,10],"tags":[56,63,29],"class_list":["post-8171","post","type-post","status-publish","format-standard","has-post-thumbnail","hentry","category-homepage-french","category-politique","category-top-nouvelles","category-toutes-les-actualites","tag-africa-press","tag-africa-press-cote-divoire","tag-cote-divoire"],"yoast_head":"<!-- This site is optimized with the Yoast SEO Premium plugin v26.1 (Yoast SEO v27.0) - https:\/\/yoast.com\/product\/yoast-seo-premium-wordpress\/ -->\n<title>Violences anti-nig\u00e9riens\/C\u00f4te-d\u2019Ivoire: Michel Gbagbo souhaite \u00ab\u00a0qu\u2019il n\u2019y ait pas de vengeance\u00a0\u00bb - C\u00f4te d&#039;Ivoire<\/title>\n<meta name=\"description\" content=\"Edwige FIENDE Le d\u00e9put\u00e9 de Yopougon (ouest Abidjan) Michel Gbagbo a souhait\u00e9 lundi \u00ab qu\u2019il n\u2019y ait pas de vengeance \u00bb a ...\" \/>\n<meta name=\"robots\" content=\"index, follow, max-snippet:-1, max-image-preview:large, max-video-preview:-1\" \/>\n<link rel=\"canonical\" href=\"https:\/\/www.africa-press.net\/cotedivoire\/politique\/violences-anti-nigeriens-cote-divoire-michel-gbagbo-souhaite-quil-ny-ait-pas-de-vengeance\" \/>\n<meta property=\"og:locale\" content=\"fr_FR\" \/>\n<meta property=\"og:type\" content=\"article\" \/>\n<meta property=\"og:title\" content=\"Violences anti-nig\u00e9riens\/C\u00f4te-d\u2019Ivoire: Michel Gbagbo souhaite \u00ab\u00a0qu\u2019il n\u2019y ait pas de vengeance\u00a0\u00bb\" \/>\n<meta property=\"og:description\" content=\"Edwige FIENDE Le d\u00e9put\u00e9 de Yopougon (ouest Abidjan) Michel Gbagbo a souhait\u00e9 lundi \u00ab qu\u2019il n\u2019y ait pas de vengeance \u00bb a ...\" \/>\n<meta property=\"og:url\" content=\"https:\/\/www.africa-press.net\/cotedivoire\/politique\/violences-anti-nigeriens-cote-divoire-michel-gbagbo-souhaite-quil-ny-ait-pas-de-vengeance\" \/>\n<meta property=\"og:site_name\" content=\"C\u00f4te d&#039;Ivoire\" \/>\n<meta property=\"article:published_time\" content=\"2021-05-25T13:20:10+00:00\" \/>\n<meta property=\"article:modified_time\" content=\"2021-05-25T19:05:53+00:00\" \/>\n<meta property=\"og:image\" content=\"https:\/\/static.africa-press.net\/cote\/sites\/43\/2021\/05\/img-60acf574716fd.jpg\" \/>\n\t<meta property=\"og:image:width\" content=\"728\" \/>\n\t<meta property=\"og:image:height\" content=\"642\" \/>\n\t<meta property=\"og:image:type\" content=\"image\/jpeg\" \/>\n<meta name=\"author\" content=\"cfeditorfr\" \/>\n<meta name=\"twitter:card\" content=\"summary_large_image\" \/>\n<meta name=\"twitter:label1\" content=\"\u00c9crit par\" \/>\n\t<meta name=\"twitter:data1\" content=\"cfeditorfr\" \/>\n\t<meta name=\"twitter:label2\" content=\"Dur\u00e9e de lecture estim\u00e9e\" \/>\n\t<meta name=\"twitter:data2\" content=\"1 minute\" \/>\n<script type=\"application\/ld+json\" class=\"yoast-schema-graph\">{\"@context\":\"https:\/\/schema.org\",\"@graph\":[{\"@type\":\"Article\",\"@id\":\"https:\/\/www.africa-press.net\/cotedivoire\/politique\/violences-anti-nigeriens-cote-divoire-michel-gbagbo-souhaite-quil-ny-ait-pas-de-vengeance#article\",\"isPartOf\":{\"@id\":\"https:\/\/www.africa-press.net\/cotedivoire\/politique\/violences-anti-nigeriens-cote-divoire-michel-gbagbo-souhaite-quil-ny-ait-pas-de-vengeance\"},\"author\":{\"name\":\"cfeditorfr\",\"@id\":\"https:\/\/www.africa-press.net\/cotedivoire\/#\/schema\/person\/2b1cf3cd81a31e3cd26889ca66d677f1\"},\"headline\":\"Violences anti-nig\u00e9riens\/C\u00f4te-d\u2019Ivoire: Michel Gbagbo souhaite \u00ab\u00a0qu\u2019il n\u2019y ait pas de vengeance\u00a0\u00bb\",\"datePublished\":\"2021-05-25T13:20:10+00:00\",\"dateModified\":\"2021-05-25T19:05:53+00:00\",\"mainEntityOfPage\":{\"@id\":\"https:\/\/www.africa-press.net\/cotedivoire\/politique\/violences-anti-nigeriens-cote-divoire-michel-gbagbo-souhaite-quil-ny-ait-pas-de-vengeance\"},\"wordCount\":175,\"commentCount\":0,\"image\":{\"@id\":\"https:\/\/www.africa-press.net\/cotedivoire\/politique\/violences-anti-nigeriens-cote-divoire-michel-gbagbo-souhaite-quil-ny-ait-pas-de-vengeance#primaryimage\"},\"thumbnailUrl\":\"https:\/\/static.africa-press.net\/cote\/sites\/43\/2021\/05\/img-60acf574716fd.jpg\",\"keywords\":[\"Africa Press\",\"Africa Press-C\u00f4te d'Ivoire\",\"C\u00d4TE D'IVOIRE\"],\"articleSection\":[\"homepage-french\",\"Politique\",\"Top Nouvelles\",\"Toutes les actualit\u00e9s\"],\"inLanguage\":\"fr-FR\",\"potentialAction\":[{\"@type\":\"CommentAction\",\"name\":\"Comment\",\"target\":[\"https:\/\/www.africa-press.net\/cotedivoire\/politique\/violences-anti-nigeriens-cote-divoire-michel-gbagbo-souhaite-quil-ny-ait-pas-de-vengeance#respond\"]}]},{\"@type\":\"WebPage\",\"@id\":\"https:\/\/www.africa-press.net\/cotedivoire\/politique\/violences-anti-nigeriens-cote-divoire-michel-gbagbo-souhaite-quil-ny-ait-pas-de-vengeance\",\"url\":\"https:\/\/www.africa-press.net\/cotedivoire\/politique\/violences-anti-nigeriens-cote-divoire-michel-gbagbo-souhaite-quil-ny-ait-pas-de-vengeance\",\"name\":\"Violences anti-nig\u00e9riens\/C\u00f4te-d\u2019Ivoire: Michel Gbagbo souhaite \u00ab\u00a0qu\u2019il n\u2019y ait pas de vengeance\u00a0\u00bb - C\u00f4te d&#039;Ivoire\",\"isPartOf\":{\"@id\":\"https:\/\/www.africa-press.net\/cotedivoire\/#website\"},\"primaryImageOfPage\":{\"@id\":\"https:\/\/www.africa-press.net\/cotedivoire\/politique\/violences-anti-nigeriens-cote-divoire-michel-gbagbo-souhaite-quil-ny-ait-pas-de-vengeance#primaryimage\"},\"image\":{\"@id\":\"https:\/\/www.africa-press.net\/cotedivoire\/politique\/violences-anti-nigeriens-cote-divoire-michel-gbagbo-souhaite-quil-ny-ait-pas-de-vengeance#primaryimage\"},\"thumbnailUrl\":\"https:\/\/static.africa-press.net\/cote\/sites\/43\/2021\/05\/img-60acf574716fd.jpg\",\"datePublished\":\"2021-05-25T13:20:10+00:00\",\"dateModified\":\"2021-05-25T19:05:53+00:00\",\"author\":{\"@id\":\"https:\/\/www.africa-press.net\/cotedivoire\/#\/schema\/person\/2b1cf3cd81a31e3cd26889ca66d677f1\"},\"description\":\"Edwige FIENDE Le d\u00e9put\u00e9 de Yopougon (ouest Abidjan) Michel Gbagbo a souhait\u00e9 lundi \u00ab qu\u2019il n\u2019y ait pas de vengeance \u00bb a ...\",\"breadcrumb\":{\"@id\":\"https:\/\/www.africa-press.net\/cotedivoire\/politique\/violences-anti-nigeriens-cote-divoire-michel-gbagbo-souhaite-quil-ny-ait-pas-de-vengeance#breadcrumb\"},\"inLanguage\":\"fr-FR\",\"potentialAction\":[{\"@type\":\"ReadAction\",\"target\":[\"https:\/\/www.africa-press.net\/cotedivoire\/politique\/violences-anti-nigeriens-cote-divoire-michel-gbagbo-souhaite-quil-ny-ait-pas-de-vengeance\"]}]},{\"@type\":\"ImageObject\",\"inLanguage\":\"fr-FR\",\"@id\":\"https:\/\/www.africa-press.net\/cotedivoire\/politique\/violences-anti-nigeriens-cote-divoire-michel-gbagbo-souhaite-quil-ny-ait-pas-de-vengeance#primaryimage\",\"url\":\"https:\/\/static.africa-press.net\/cote\/sites\/43\/2021\/05\/img-60acf574716fd.jpg\",\"contentUrl\":\"https:\/\/static.africa-press.net\/cote\/sites\/43\/2021\/05\/img-60acf574716fd.jpg\",\"width\":728,\"height\":642,\"caption\":\"Violences anti-nig\u00e9riens\/C\u00f4te-d\u2019Ivoire: Michel Gbagbo souhaite \u00ab\u00a0qu\u2019il n\u2019y ait pas de vengeance\u00a0\u00bb\"},{\"@type\":\"BreadcrumbList\",\"@id\":\"https:\/\/www.africa-press.net\/cotedivoire\/politique\/violences-anti-nigeriens-cote-divoire-michel-gbagbo-souhaite-quil-ny-ait-pas-de-vengeance#breadcrumb\",\"itemListElement\":[{\"@type\":\"ListItem\",\"position\":1,\"name\":\"Accueil\",\"item\":\"https:\/\/www.africa-press.net\/cotedivoire\/\"},{\"@type\":\"ListItem\",\"position\":2,\"name\":\"Violences anti-nig\u00e9riens\/C\u00f4te-d\u2019Ivoire: Michel Gbagbo souhaite \u00ab\u00a0qu\u2019il n\u2019y ait pas de vengeance\u00a0\u00bb\"}]},{\"@type\":\"WebSite\",\"@id\":\"https:\/\/www.africa-press.net\/cotedivoire\/#website\",\"url\":\"https:\/\/www.africa-press.net\/cotedivoire\/\",\"name\":\"C\u00f4te d&#039;Ivoire\",\"description\":\"Just another Africa News Agency Sites site\",\"potentialAction\":[{\"@type\":\"SearchAction\",\"target\":{\"@type\":\"EntryPoint\",\"urlTemplate\":\"https:\/\/www.africa-press.net\/cotedivoire\/?s={search_term_string}\"},\"query-input\":{\"@type\":\"PropertyValueSpecification\",\"valueRequired\":true,\"valueName\":\"search_term_string\"}}],\"inLanguage\":\"fr-FR\"},{\"@type\":\"Person\",\"@id\":\"https:\/\/www.africa-press.net\/cotedivoire\/#\/schema\/person\/2b1cf3cd81a31e3cd26889ca66d677f1\",\"name\":\"cfeditorfr\"}]}<\/script>\n<!-- \/ Yoast SEO Premium plugin. -->","yoast_head_json":{"title":"Violences anti-nig\u00e9riens\/C\u00f4te-d\u2019Ivoire: Michel Gbagbo souhaite \u00ab\u00a0qu\u2019il n\u2019y ait pas de vengeance\u00a0\u00bb - C\u00f4te d&#039;Ivoire","description":"Edwige FIENDE Le d\u00e9put\u00e9 de Yopougon (ouest Abidjan) Michel Gbagbo a souhait\u00e9 lundi \u00ab qu\u2019il n\u2019y ait pas de vengeance \u00bb a ...","robots":{"index":"index","follow":"follow","max-snippet":"max-snippet:-1","max-image-preview":"max-image-preview:large","max-video-preview":"max-video-preview:-1"},"canonical":"https:\/\/www.africa-press.net\/cotedivoire\/politique\/violences-anti-nigeriens-cote-divoire-michel-gbagbo-souhaite-quil-ny-ait-pas-de-vengeance","og_locale":"fr_FR","og_type":"article","og_title":"Violences anti-nig\u00e9riens\/C\u00f4te-d\u2019Ivoire: Michel Gbagbo souhaite \u00ab\u00a0qu\u2019il n\u2019y ait pas de vengeance\u00a0\u00bb","og_description":"Edwige FIENDE Le d\u00e9put\u00e9 de Yopougon (ouest Abidjan) Michel Gbagbo a souhait\u00e9 lundi \u00ab qu\u2019il n\u2019y ait pas de vengeance \u00bb a ...","og_url":"https:\/\/www.africa-press.net\/cotedivoire\/politique\/violences-anti-nigeriens-cote-divoire-michel-gbagbo-souhaite-quil-ny-ait-pas-de-vengeance","og_site_name":"C\u00f4te d&#039;Ivoire","article_published_time":"2021-05-25T13:20:10+00:00","article_modified_time":"2021-05-25T19:05:53+00:00","og_image":[{"width":728,"height":642,"url":"https:\/\/static.africa-press.net\/cote\/sites\/43\/2021\/05\/img-60acf574716fd.jpg","type":"image\/jpeg"}],"author":"cfeditorfr","twitter_card":"summary_large_image","twitter_misc":{"\u00c9crit par":"cfeditorfr","Dur\u00e9e de lecture estim\u00e9e":"1 minute"},"schema":{"@context":"https:\/\/schema.org","@graph":[{"@type":"Article","@id":"https:\/\/www.africa-press.net\/cotedivoire\/politique\/violences-anti-nigeriens-cote-divoire-michel-gbagbo-souhaite-quil-ny-ait-pas-de-vengeance#article","isPartOf":{"@id":"https:\/\/www.africa-press.net\/cotedivoire\/politique\/violences-anti-nigeriens-cote-divoire-michel-gbagbo-souhaite-quil-ny-ait-pas-de-vengeance"},"author":{"name":"cfeditorfr","@id":"https:\/\/www.africa-press.net\/cotedivoire\/#\/schema\/person\/2b1cf3cd81a31e3cd26889ca66d677f1"},"headline":"Violences anti-nig\u00e9riens\/C\u00f4te-d\u2019Ivoire: Michel Gbagbo souhaite \u00ab\u00a0qu\u2019il n\u2019y ait pas de vengeance\u00a0\u00bb","datePublished":"2021-05-25T13:20:10+00:00","dateModified":"2021-05-25T19:05:53+00:00","mainEntityOfPage":{"@id":"https:\/\/www.africa-press.net\/cotedivoire\/politique\/violences-anti-nigeriens-cote-divoire-michel-gbagbo-souhaite-quil-ny-ait-pas-de-vengeance"},"wordCount":175,"commentCount":0,"image":{"@id":"https:\/\/www.africa-press.net\/cotedivoire\/politique\/violences-anti-nigeriens-cote-divoire-michel-gbagbo-souhaite-quil-ny-ait-pas-de-vengeance#primaryimage"},"thumbnailUrl":"https:\/\/static.africa-press.net\/cote\/sites\/43\/2021\/05\/img-60acf574716fd.jpg","keywords":["Africa Press","Africa Press-C\u00f4te d'Ivoire","C\u00d4TE D'IVOIRE"],"articleSection":["homepage-french","Politique","Top Nouvelles","Toutes les actualit\u00e9s"],"inLanguage":"fr-FR","potentialAction":[{"@type":"CommentAction","name":"Comment","target":["https:\/\/www.africa-press.net\/cotedivoire\/politique\/violences-anti-nigeriens-cote-divoire-michel-gbagbo-souhaite-quil-ny-ait-pas-de-vengeance#respond"]}]},{"@type":"WebPage","@id":"https:\/\/www.africa-press.net\/cotedivoire\/politique\/violences-anti-nigeriens-cote-divoire-michel-gbagbo-souhaite-quil-ny-ait-pas-de-vengeance","url":"https:\/\/www.africa-press.net\/cotedivoire\/politique\/violences-anti-nigeriens-cote-divoire-michel-gbagbo-souhaite-quil-ny-ait-pas-de-vengeance","name":"Violences anti-nig\u00e9riens\/C\u00f4te-d\u2019Ivoire: Michel Gbagbo souhaite \u00ab\u00a0qu\u2019il n\u2019y ait pas de vengeance\u00a0\u00bb - C\u00f4te d&#039;Ivoire","isPartOf":{"@id":"https:\/\/www.africa-press.net\/cotedivoire\/#website"},"primaryImageOfPage":{"@id":"https:\/\/www.africa-press.net\/cotedivoire\/politique\/violences-anti-nigeriens-cote-divoire-michel-gbagbo-souhaite-quil-ny-ait-pas-de-vengeance#primaryimage"},"image":{"@id":"https:\/\/www.africa-press.net\/cotedivoire\/politique\/violences-anti-nigeriens-cote-divoire-michel-gbagbo-souhaite-quil-ny-ait-pas-de-vengeance#primaryimage"},"thumbnailUrl":"https:\/\/static.africa-press.net\/cote\/sites\/43\/2021\/05\/img-60acf574716fd.jpg","datePublished":"2021-05-25T13:20:10+00:00","dateModified":"2021-05-25T19:05:53+00:00","author":{"@id":"https:\/\/www.africa-press.net\/cotedivoire\/#\/schema\/person\/2b1cf3cd81a31e3cd26889ca66d677f1"},"description":"Edwige FIENDE Le d\u00e9put\u00e9 de Yopougon (ouest Abidjan) Michel Gbagbo a souhait\u00e9 lundi \u00ab qu\u2019il n\u2019y ait pas de vengeance \u00bb a ...","breadcrumb":{"@id":"https:\/\/www.africa-press.net\/cotedivoire\/politique\/violences-anti-nigeriens-cote-divoire-michel-gbagbo-souhaite-quil-ny-ait-pas-de-vengeance#breadcrumb"},"inLanguage":"fr-FR","potentialAction":[{"@type":"ReadAction","target":["https:\/\/www.africa-press.net\/cotedivoire\/politique\/violences-anti-nigeriens-cote-divoire-michel-gbagbo-souhaite-quil-ny-ait-pas-de-vengeance"]}]},{"@type":"ImageObject","inLanguage":"fr-FR","@id":"https:\/\/www.africa-press.net\/cotedivoire\/politique\/violences-anti-nigeriens-cote-divoire-michel-gbagbo-souhaite-quil-ny-ait-pas-de-vengeance#primaryimage","url":"https:\/\/static.africa-press.net\/cote\/sites\/43\/2021\/05\/img-60acf574716fd.jpg","contentUrl":"https:\/\/static.africa-press.net\/cote\/sites\/43\/2021\/05\/img-60acf574716fd.jpg","width":728,"height":642,"caption":"Violences anti-nig\u00e9riens\/C\u00f4te-d\u2019Ivoire: Michel Gbagbo souhaite \u00ab\u00a0qu\u2019il n\u2019y ait pas de vengeance\u00a0\u00bb"},{"@type":"BreadcrumbList","@id":"https:\/\/www.africa-press.net\/cotedivoire\/politique\/violences-anti-nigeriens-cote-divoire-michel-gbagbo-souhaite-quil-ny-ait-pas-de-vengeance#breadcrumb","itemListElement":[{"@type":"ListItem","position":1,"name":"Accueil","item":"https:\/\/www.africa-press.net\/cotedivoire\/"},{"@type":"ListItem","position":2,"name":"Violences anti-nig\u00e9riens\/C\u00f4te-d\u2019Ivoire: Michel Gbagbo souhaite \u00ab\u00a0qu\u2019il n\u2019y ait pas de vengeance\u00a0\u00bb"}]},{"@type":"WebSite","@id":"https:\/\/www.africa-press.net\/cotedivoire\/#website","url":"https:\/\/www.africa-press.net\/cotedivoire\/","name":"C\u00f4te d&#039;Ivoire","description":"Just another Africa News Agency Sites site","potentialAction":[{"@type":"SearchAction","target":{"@type":"EntryPoint","urlTemplate":"https:\/\/www.africa-press.net\/cotedivoire\/?s={search_term_string}"},"query-input":{"@type":"PropertyValueSpecification","valueRequired":true,"valueName":"search_term_string"}}],"inLanguage":"fr-FR"},{"@type":"Person","@id":"https:\/\/www.africa-press.net\/cotedivoire\/#\/schema\/person\/2b1cf3cd81a31e3cd26889ca66d677f1","name":"cfeditorfr"}]}},"_links":{"self":[{"href":"https:\/\/www.africa-press.net\/cotedivoire\/wp-json\/wp\/v2\/posts\/8171","targetHints":{"allow":["GET"]}}],"collection":[{"href":"https:\/\/www.africa-press.net\/cotedivoire\/wp-json\/wp\/v2\/posts"}],"about":[{"href":"https:\/\/www.africa-press.net\/cotedivoire\/wp-json\/wp\/v2\/types\/post"}],"author":[{"embeddable":true,"href":"https:\/\/www.africa-press.net\/cotedivoire\/wp-json\/wp\/v2\/users\/82"}],"replies":[{"embeddable":true,"href":"https:\/\/www.africa-press.net\/cotedivoire\/wp-json\/wp\/v2\/comments?post=8171"}],"version-history":[{"count":0,"href":"https:\/\/www.africa-press.net\/cotedivoire\/wp-json\/wp\/v2\/posts\/8171\/revisions"}],"wp:featuredmedia":[{"embeddable":true,"href":"https:\/\/www.africa-press.net\/cotedivoire\/wp-json\/wp\/v2\/media\/8170"}],"wp:attachment":[{"href":"https:\/\/www.africa-press.net\/cotedivoire\/wp-json\/wp\/v2\/media?parent=8171"}],"wp:term":[{"taxonomy":"category","embeddable":true,"href":"https:\/\/www.africa-press.net\/cotedivoire\/wp-json\/wp\/v2\/categories?post=8171"},{"taxonomy":"post_tag","embeddable":true,"href":"https:\/\/www.africa-press.net\/cotedivoire\/wp-json\/wp\/v2\/tags?post=8171"}],"curies":[{"name":"wp","href":"https:\/\/api.w.org\/{rel}","templated":true}]}}