{"id":8174,"date":"2021-05-25T13:28:00","date_gmt":"2021-05-25T13:28:00","guid":{"rendered":"https:\/\/www.africa-press.net\/cotedivoire\/?p=8174"},"modified":"2021-05-25T19:06:01","modified_gmt":"2021-05-25T19:06:01","slug":"seminaire-bilan-legislatives-rhdp-cavally-introspection-et-autocritique-sans-faux-fuyant","status":"publish","type":"post","link":"https:\/\/www.africa-press.net\/cotedivoire\/politique\/seminaire-bilan-legislatives-rhdp-cavally-introspection-et-autocritique-sans-faux-fuyant","title":{"rendered":"S\u00e9minaire bilan l\u00e9gislatives RHDP Cavally: Introspection et autocritique sans faux fuyant"},"content":{"rendered":"<p><span style=\"color: #ff6600\"><strong><a href=\"https:\/\/www.africa-press.net\/\">Africa-Press<\/a> &#8211; <a href=\"https:\/\/www.africa-press.net\/cotedivoire\">C\u00f4te d&rsquo;Ivoire<\/a>. <\/strong><\/span>\u00ab RHDP dans le cavally, bilan 2020\/2021 et perspectives 2023\/2025 \u00bb tel est le th\u00e8me du s\u00e9minaire autour duquel la Ministre Anne D\u00e9sir\u00e9e Ouloto a convi\u00e9 les responsables locaux du RHDP.<\/p>\n<p>Dans son propos liminaire, Anne D\u00e9sir\u00e9e Ouloto,coordinatrice r\u00e9gionale du RHDP du Cavally, a r\u00e9v\u00e9l\u00e9 que les sollicitations du parti pr\u00e9sidentiel par les populations locales sont croissantes et diverses.<\/p>\n<p>\u00c9gren\u00e9es p\u00e8le m\u00eale, ces derni\u00e8res vont du financement des projets des jeunes et des femmes \u00e0 la r\u00e9solution des conflits divers, le tout sur fond de proximit\u00e9 avec les populations a r\u00e9v\u00e9l\u00e9 Anne D\u00e9sir\u00e9e Ouloto. Si ce constat qui ne souffre d\u2019aucune contestation peut \u00eatre flatteur et constituer un motif de satisfaction et la preuve que les populations ont toujours confiance au RHDP, il ne doit gu\u00e8re occulter le fait, pr\u00e9cise Anne Ouloto, que le RHDP a perdu 3 si\u00e8ges qu\u2019il occupait et obtenu qu\u2019un si\u00e8ge au cours de l\u2019\u00e9lection du 06 mars 2021 dans le Cavally.<br \/>\nAlors, la Coordinatrice r\u00e9gionale interroge et invite les responsables locaux du parti \u00e0 s\u2019interroger et mener la r\u00e9flexion au cours du s\u00e9minaire qu\u2019elle a initi\u00e9 du 21 au 22 mai 2021 \u00e0 Guiglo autour des questions ou th\u00e9matiques suivant:<\/p>\n<p>Que s\u2019est il pass\u00e9 ?<br \/>\nQu\u2019est-ce qui n\u2019a pas march\u00e9 ?<br \/>\nAi-je fait, bien fait pour mon parti en tant que militant, en tant que responsable ce que je devais pour que mon parti remporte l\u2019 election l\u00e9gislative \u00e0 Guiglo et dans le cavally?<\/p>\n<p>Des r\u00e9flexions qui devront se mener dans la v\u00e9rit\u00e9 et la franchise sur fond d\u2019humilit\u00e9 et de fraternit\u00e9, a insist\u00e9 la Ministre de la fonction publique qui n\u2019a pas manqu\u00e9 de f\u00e9liciter le comit\u00e9 d\u2019organisation pour la qualit\u00e9 et la diligence dans l\u2019organisation de cet important atelier en d\u00e9pit de sa jeunesse.<\/p>\n<p>A l\u2019issue de la restitution des travaux des six(06) commissions de ce s\u00e9minaire bilan le dimanche dernier, la directrice adjointe du directoire du RHDP, Anne D\u00e9sir\u00e9e Ouloto, a salu\u00e9 la pr\u00e9sence de tous les responsables locaux du parti y compris tous les candidats \u00e0 la derni\u00e8re \u00e9lection l\u00e9gislative \u00e0 ce s\u00e9minaire, en particulier les candidats dissidents qui avaient suscit\u00e9 des candidatures ind\u00e9pendantes tels que Bamba Moussa \u00e0 Guiglo provoquant la d\u00e9faite des candidats du parti pr\u00e9sidentiel.<br \/>\nPremi\u00e8re force politique dans la r\u00e9gion du Cavally avec trois mairies et le conseil r\u00e9gional, le RHDP a connu une d\u00e9b\u00e2cle \u00e0 l\u2019\u00e9lection l\u00e9gislative du 06 mars 2021 dernier. Pass\u00e9 au peigne fin par cet atelier, cet \u00e9chec a \u00e9t\u00e9 attribu\u00e9 en conclusion aux responsables locaux du parti pr\u00e9sidentiel qui ont failli individuellement comme collectivement. Cet \u00e9chec se d\u00e9cline ,aux dires d\u2019Anne Ouloto, en manque d\u2019humilit\u00e9, en manque d\u2019objectivit\u00e9, en indiscipline de certains responsables, en refus de se remettre en cause, en usage de la violence physique ou verbale par action ou par r\u00e9action etc\u2026<\/p>\n<p>Au terme des travaux ,Anne D\u00e9sir\u00e9e Ouloto a invit\u00e9 les responsables locaux de son parti au pardon ,\u00e0 se remettre en cause, \u00e0 faire preuve d d\u2019humilit\u00e9 en ayant toujours \u00e0 l\u2019esprit l\u2019avenir que nul ne connait ou ne peut pr\u00e9dire. S\u00e9ance tenante, Anne D\u00e9sir\u00e9e Ouloto a donn\u00e9 l\u2019exemple en joignant l\u2019acte \u00e0 la parole en acceptant les excuses de Bamba Moussa, responsable un des responsables RHDP de Guiglo, qui s\u2019\u00e9tait d\u00e9solidaris\u00e9 de son parti en se portant candidat ind\u00e9pendant \u00e0 l\u2019\u00e9lection l\u00e9gislative du 06 mars 2021 \u00e0 Guiglo. Elle a promis l\u2019inviter \u00e0 partager un repas dans le but de consolider cette r\u00e9conciliation.<\/p>\n<p>Les participants ont salu\u00e9 la tenue de ce s\u00e9minaire in\u00e9dit, une premi\u00e8re dans la r\u00e9gion qui permet de r\u00e9concilier les responsables RHDP du Cavally entre eux tout en resserrant leurs liens.<br \/>\nIls se sont engag\u00e9s \u00e0 s\u2019approprier et \u00e0 mettre en pratique les recommandations de ce s\u00e9minaire dont la teneur n\u2019a pas \u00e9t\u00e9 rendue publique par strat\u00e9gie politique.<br \/>\nIl faut noter que la ministre Anne Ouloto avait \u00e0 ses c\u00f4t\u00e9s les s\u00e9nateurs Ke\u00ef \u00c9douard et Dehe Paul, les honorables Oula\u00ef Madeleine, Aim\u00e9 Gnonssian, Guy Serod\u00e9, Lambert Kahiba et les maires Baillet Ben S\u00e9verin de Guiglo et Hyppolite Bayalla de Ta\u00ef.<br \/>\nOn peut le dire le linge sal au sein du Rhdp a \u00e9t\u00e9 lav\u00e9 en famille dans le cavally pour mieux attaquer les futures batailles \u00e9lectorales.<\/p>\n<p>&nbsp;<\/p>\n","protected":false},"excerpt":{"rendered":"<p>Africa-Press &#8211; C\u00f4te d&rsquo;Ivoire. \u00ab RHDP dans le cavally, bilan 2020\/2021 et perspectives 2023\/2025 \u00bb tel est le th\u00e8me du s\u00e9minaire autour duquel la Ministre Anne D\u00e9sir\u00e9e Ouloto a convi\u00e9 les responsables locaux du RHDP. Dans son propos liminaire, Anne D\u00e9sir\u00e9e Ouloto,coordinatrice r\u00e9gionale du RHDP du Cavally, a r\u00e9v\u00e9l\u00e9 que les sollicitations du parti pr\u00e9sidentiel [&hellip;]<\/p>\n","protected":false},"author":82,"featured_media":8173,"comment_status":"open","ping_status":"closed","sticky":false,"template":"","format":"standard","meta":{"footnotes":""},"categories":[11,2,10],"tags":[56,63,29],"class_list":["post-8174","post","type-post","status-publish","format-standard","has-post-thumbnail","hentry","category-homepage-french","category-politique","category-toutes-les-actualites","tag-africa-press","tag-africa-press-cote-divoire","tag-cote-divoire"],"yoast_head":"<!-- This site is optimized with the Yoast SEO Premium plugin v26.1 (Yoast SEO v27.0) - https:\/\/yoast.com\/product\/yoast-seo-premium-wordpress\/ -->\n<title>S\u00e9minaire bilan l\u00e9gislatives RHDP Cavally: Introspection et autocritique sans faux fuyant - C\u00f4te d&#039;Ivoire<\/title>\n<meta name=\"description\" content=\"\u00ab RHDP dans le cavally, bilan 2020\/2021 et perspectives 2023\/2025 \u00bb tel est le th\u00e8me du s\u00e9minaire autour duquel la Minis ...\" \/>\n<meta name=\"robots\" content=\"index, follow, max-snippet:-1, max-image-preview:large, max-video-preview:-1\" \/>\n<link rel=\"canonical\" href=\"https:\/\/www.africa-press.net\/cotedivoire\/politique\/seminaire-bilan-legislatives-rhdp-cavally-introspection-et-autocritique-sans-faux-fuyant\" \/>\n<meta property=\"og:locale\" content=\"fr_FR\" \/>\n<meta property=\"og:type\" content=\"article\" \/>\n<meta property=\"og:title\" content=\"S\u00e9minaire bilan l\u00e9gislatives RHDP Cavally: Introspection et autocritique sans faux fuyant\" \/>\n<meta property=\"og:description\" content=\"\u00ab RHDP dans le cavally, bilan 2020\/2021 et perspectives 2023\/2025 \u00bb tel est le th\u00e8me du s\u00e9minaire autour duquel la Minis ...\" \/>\n<meta property=\"og:url\" content=\"https:\/\/www.africa-press.net\/cotedivoire\/politique\/seminaire-bilan-legislatives-rhdp-cavally-introspection-et-autocritique-sans-faux-fuyant\" \/>\n<meta property=\"og:site_name\" content=\"C\u00f4te d&#039;Ivoire\" \/>\n<meta property=\"article:published_time\" content=\"2021-05-25T13:28:00+00:00\" \/>\n<meta property=\"article:modified_time\" content=\"2021-05-25T19:06:01+00:00\" \/>\n<meta property=\"og:image\" content=\"https:\/\/static.africa-press.net\/cote\/sites\/43\/2021\/05\/img-60acf5b0ecef9.jpg\" \/>\n\t<meta property=\"og:image:width\" content=\"1024\" \/>\n\t<meta property=\"og:image:height\" content=\"681\" \/>\n\t<meta property=\"og:image:type\" content=\"image\/jpeg\" \/>\n<meta name=\"author\" content=\"cfeditorfr\" \/>\n<meta name=\"twitter:card\" content=\"summary_large_image\" \/>\n<meta name=\"twitter:label1\" content=\"\u00c9crit par\" \/>\n\t<meta name=\"twitter:data1\" content=\"cfeditorfr\" \/>\n\t<meta name=\"twitter:label2\" content=\"Dur\u00e9e de lecture estim\u00e9e\" \/>\n\t<meta name=\"twitter:data2\" content=\"4 minutes\" \/>\n<script type=\"application\/ld+json\" class=\"yoast-schema-graph\">{\"@context\":\"https:\/\/schema.org\",\"@graph\":[{\"@type\":\"Article\",\"@id\":\"https:\/\/www.africa-press.net\/cotedivoire\/politique\/seminaire-bilan-legislatives-rhdp-cavally-introspection-et-autocritique-sans-faux-fuyant#article\",\"isPartOf\":{\"@id\":\"https:\/\/www.africa-press.net\/cotedivoire\/politique\/seminaire-bilan-legislatives-rhdp-cavally-introspection-et-autocritique-sans-faux-fuyant\"},\"author\":{\"name\":\"cfeditorfr\",\"@id\":\"https:\/\/www.africa-press.net\/cotedivoire\/#\/schema\/person\/2b1cf3cd81a31e3cd26889ca66d677f1\"},\"headline\":\"S\u00e9minaire bilan l\u00e9gislatives RHDP Cavally: Introspection et autocritique sans faux fuyant\",\"datePublished\":\"2021-05-25T13:28:00+00:00\",\"dateModified\":\"2021-05-25T19:06:01+00:00\",\"mainEntityOfPage\":{\"@id\":\"https:\/\/www.africa-press.net\/cotedivoire\/politique\/seminaire-bilan-legislatives-rhdp-cavally-introspection-et-autocritique-sans-faux-fuyant\"},\"wordCount\":780,\"commentCount\":0,\"image\":{\"@id\":\"https:\/\/www.africa-press.net\/cotedivoire\/politique\/seminaire-bilan-legislatives-rhdp-cavally-introspection-et-autocritique-sans-faux-fuyant#primaryimage\"},\"thumbnailUrl\":\"https:\/\/static.africa-press.net\/cote\/sites\/43\/2021\/05\/img-60acf5b0ecef9.jpg\",\"keywords\":[\"Africa Press\",\"Africa Press-C\u00f4te d'Ivoire\",\"C\u00d4TE D'IVOIRE\"],\"articleSection\":[\"homepage-french\",\"Politique\",\"Toutes les actualit\u00e9s\"],\"inLanguage\":\"fr-FR\",\"potentialAction\":[{\"@type\":\"CommentAction\",\"name\":\"Comment\",\"target\":[\"https:\/\/www.africa-press.net\/cotedivoire\/politique\/seminaire-bilan-legislatives-rhdp-cavally-introspection-et-autocritique-sans-faux-fuyant#respond\"]}]},{\"@type\":\"WebPage\",\"@id\":\"https:\/\/www.africa-press.net\/cotedivoire\/politique\/seminaire-bilan-legislatives-rhdp-cavally-introspection-et-autocritique-sans-faux-fuyant\",\"url\":\"https:\/\/www.africa-press.net\/cotedivoire\/politique\/seminaire-bilan-legislatives-rhdp-cavally-introspection-et-autocritique-sans-faux-fuyant\",\"name\":\"S\u00e9minaire bilan l\u00e9gislatives RHDP Cavally: Introspection et autocritique sans faux fuyant - C\u00f4te d&#039;Ivoire\",\"isPartOf\":{\"@id\":\"https:\/\/www.africa-press.net\/cotedivoire\/#website\"},\"primaryImageOfPage\":{\"@id\":\"https:\/\/www.africa-press.net\/cotedivoire\/politique\/seminaire-bilan-legislatives-rhdp-cavally-introspection-et-autocritique-sans-faux-fuyant#primaryimage\"},\"image\":{\"@id\":\"https:\/\/www.africa-press.net\/cotedivoire\/politique\/seminaire-bilan-legislatives-rhdp-cavally-introspection-et-autocritique-sans-faux-fuyant#primaryimage\"},\"thumbnailUrl\":\"https:\/\/static.africa-press.net\/cote\/sites\/43\/2021\/05\/img-60acf5b0ecef9.jpg\",\"datePublished\":\"2021-05-25T13:28:00+00:00\",\"dateModified\":\"2021-05-25T19:06:01+00:00\",\"author\":{\"@id\":\"https:\/\/www.africa-press.net\/cotedivoire\/#\/schema\/person\/2b1cf3cd81a31e3cd26889ca66d677f1\"},\"description\":\"\u00ab RHDP dans le cavally, bilan 2020\/2021 et perspectives 2023\/2025 \u00bb tel est le th\u00e8me du s\u00e9minaire autour duquel la Minis ...\",\"breadcrumb\":{\"@id\":\"https:\/\/www.africa-press.net\/cotedivoire\/politique\/seminaire-bilan-legislatives-rhdp-cavally-introspection-et-autocritique-sans-faux-fuyant#breadcrumb\"},\"inLanguage\":\"fr-FR\",\"potentialAction\":[{\"@type\":\"ReadAction\",\"target\":[\"https:\/\/www.africa-press.net\/cotedivoire\/politique\/seminaire-bilan-legislatives-rhdp-cavally-introspection-et-autocritique-sans-faux-fuyant\"]}]},{\"@type\":\"ImageObject\",\"inLanguage\":\"fr-FR\",\"@id\":\"https:\/\/www.africa-press.net\/cotedivoire\/politique\/seminaire-bilan-legislatives-rhdp-cavally-introspection-et-autocritique-sans-faux-fuyant#primaryimage\",\"url\":\"https:\/\/static.africa-press.net\/cote\/sites\/43\/2021\/05\/img-60acf5b0ecef9.jpg\",\"contentUrl\":\"https:\/\/static.africa-press.net\/cote\/sites\/43\/2021\/05\/img-60acf5b0ecef9.jpg\",\"width\":1024,\"height\":681,\"caption\":\"S\u00e9minaire bilan l\u00e9gislatives RHDP Cavally: Introspection et autocritique sans faux fuyant\"},{\"@type\":\"BreadcrumbList\",\"@id\":\"https:\/\/www.africa-press.net\/cotedivoire\/politique\/seminaire-bilan-legislatives-rhdp-cavally-introspection-et-autocritique-sans-faux-fuyant#breadcrumb\",\"itemListElement\":[{\"@type\":\"ListItem\",\"position\":1,\"name\":\"Accueil\",\"item\":\"https:\/\/www.africa-press.net\/cotedivoire\/\"},{\"@type\":\"ListItem\",\"position\":2,\"name\":\"S\u00e9minaire bilan l\u00e9gislatives RHDP Cavally: Introspection et autocritique sans faux fuyant\"}]},{\"@type\":\"WebSite\",\"@id\":\"https:\/\/www.africa-press.net\/cotedivoire\/#website\",\"url\":\"https:\/\/www.africa-press.net\/cotedivoire\/\",\"name\":\"C\u00f4te d&#039;Ivoire\",\"description\":\"Just another Africa News Agency Sites site\",\"potentialAction\":[{\"@type\":\"SearchAction\",\"target\":{\"@type\":\"EntryPoint\",\"urlTemplate\":\"https:\/\/www.africa-press.net\/cotedivoire\/?s={search_term_string}\"},\"query-input\":{\"@type\":\"PropertyValueSpecification\",\"valueRequired\":true,\"valueName\":\"search_term_string\"}}],\"inLanguage\":\"fr-FR\"},{\"@type\":\"Person\",\"@id\":\"https:\/\/www.africa-press.net\/cotedivoire\/#\/schema\/person\/2b1cf3cd81a31e3cd26889ca66d677f1\",\"name\":\"cfeditorfr\"}]}<\/script>\n<!-- \/ Yoast SEO Premium plugin. -->","yoast_head_json":{"title":"S\u00e9minaire bilan l\u00e9gislatives RHDP Cavally: Introspection et autocritique sans faux fuyant - C\u00f4te d&#039;Ivoire","description":"\u00ab RHDP dans le cavally, bilan 2020\/2021 et perspectives 2023\/2025 \u00bb tel est le th\u00e8me du s\u00e9minaire autour duquel la Minis ...","robots":{"index":"index","follow":"follow","max-snippet":"max-snippet:-1","max-image-preview":"max-image-preview:large","max-video-preview":"max-video-preview:-1"},"canonical":"https:\/\/www.africa-press.net\/cotedivoire\/politique\/seminaire-bilan-legislatives-rhdp-cavally-introspection-et-autocritique-sans-faux-fuyant","og_locale":"fr_FR","og_type":"article","og_title":"S\u00e9minaire bilan l\u00e9gislatives RHDP Cavally: Introspection et autocritique sans faux fuyant","og_description":"\u00ab RHDP dans le cavally, bilan 2020\/2021 et perspectives 2023\/2025 \u00bb tel est le th\u00e8me du s\u00e9minaire autour duquel la Minis ...","og_url":"https:\/\/www.africa-press.net\/cotedivoire\/politique\/seminaire-bilan-legislatives-rhdp-cavally-introspection-et-autocritique-sans-faux-fuyant","og_site_name":"C\u00f4te d&#039;Ivoire","article_published_time":"2021-05-25T13:28:00+00:00","article_modified_time":"2021-05-25T19:06:01+00:00","og_image":[{"width":1024,"height":681,"url":"https:\/\/static.africa-press.net\/cote\/sites\/43\/2021\/05\/img-60acf5b0ecef9.jpg","type":"image\/jpeg"}],"author":"cfeditorfr","twitter_card":"summary_large_image","twitter_misc":{"\u00c9crit par":"cfeditorfr","Dur\u00e9e de lecture estim\u00e9e":"4 minutes"},"schema":{"@context":"https:\/\/schema.org","@graph":[{"@type":"Article","@id":"https:\/\/www.africa-press.net\/cotedivoire\/politique\/seminaire-bilan-legislatives-rhdp-cavally-introspection-et-autocritique-sans-faux-fuyant#article","isPartOf":{"@id":"https:\/\/www.africa-press.net\/cotedivoire\/politique\/seminaire-bilan-legislatives-rhdp-cavally-introspection-et-autocritique-sans-faux-fuyant"},"author":{"name":"cfeditorfr","@id":"https:\/\/www.africa-press.net\/cotedivoire\/#\/schema\/person\/2b1cf3cd81a31e3cd26889ca66d677f1"},"headline":"S\u00e9minaire bilan l\u00e9gislatives RHDP Cavally: Introspection et autocritique sans faux fuyant","datePublished":"2021-05-25T13:28:00+00:00","dateModified":"2021-05-25T19:06:01+00:00","mainEntityOfPage":{"@id":"https:\/\/www.africa-press.net\/cotedivoire\/politique\/seminaire-bilan-legislatives-rhdp-cavally-introspection-et-autocritique-sans-faux-fuyant"},"wordCount":780,"commentCount":0,"image":{"@id":"https:\/\/www.africa-press.net\/cotedivoire\/politique\/seminaire-bilan-legislatives-rhdp-cavally-introspection-et-autocritique-sans-faux-fuyant#primaryimage"},"thumbnailUrl":"https:\/\/static.africa-press.net\/cote\/sites\/43\/2021\/05\/img-60acf5b0ecef9.jpg","keywords":["Africa Press","Africa Press-C\u00f4te d'Ivoire","C\u00d4TE D'IVOIRE"],"articleSection":["homepage-french","Politique","Toutes les actualit\u00e9s"],"inLanguage":"fr-FR","potentialAction":[{"@type":"CommentAction","name":"Comment","target":["https:\/\/www.africa-press.net\/cotedivoire\/politique\/seminaire-bilan-legislatives-rhdp-cavally-introspection-et-autocritique-sans-faux-fuyant#respond"]}]},{"@type":"WebPage","@id":"https:\/\/www.africa-press.net\/cotedivoire\/politique\/seminaire-bilan-legislatives-rhdp-cavally-introspection-et-autocritique-sans-faux-fuyant","url":"https:\/\/www.africa-press.net\/cotedivoire\/politique\/seminaire-bilan-legislatives-rhdp-cavally-introspection-et-autocritique-sans-faux-fuyant","name":"S\u00e9minaire bilan l\u00e9gislatives RHDP Cavally: Introspection et autocritique sans faux fuyant - C\u00f4te d&#039;Ivoire","isPartOf":{"@id":"https:\/\/www.africa-press.net\/cotedivoire\/#website"},"primaryImageOfPage":{"@id":"https:\/\/www.africa-press.net\/cotedivoire\/politique\/seminaire-bilan-legislatives-rhdp-cavally-introspection-et-autocritique-sans-faux-fuyant#primaryimage"},"image":{"@id":"https:\/\/www.africa-press.net\/cotedivoire\/politique\/seminaire-bilan-legislatives-rhdp-cavally-introspection-et-autocritique-sans-faux-fuyant#primaryimage"},"thumbnailUrl":"https:\/\/static.africa-press.net\/cote\/sites\/43\/2021\/05\/img-60acf5b0ecef9.jpg","datePublished":"2021-05-25T13:28:00+00:00","dateModified":"2021-05-25T19:06:01+00:00","author":{"@id":"https:\/\/www.africa-press.net\/cotedivoire\/#\/schema\/person\/2b1cf3cd81a31e3cd26889ca66d677f1"},"description":"\u00ab RHDP dans le cavally, bilan 2020\/2021 et perspectives 2023\/2025 \u00bb tel est le th\u00e8me du s\u00e9minaire autour duquel la Minis ...","breadcrumb":{"@id":"https:\/\/www.africa-press.net\/cotedivoire\/politique\/seminaire-bilan-legislatives-rhdp-cavally-introspection-et-autocritique-sans-faux-fuyant#breadcrumb"},"inLanguage":"fr-FR","potentialAction":[{"@type":"ReadAction","target":["https:\/\/www.africa-press.net\/cotedivoire\/politique\/seminaire-bilan-legislatives-rhdp-cavally-introspection-et-autocritique-sans-faux-fuyant"]}]},{"@type":"ImageObject","inLanguage":"fr-FR","@id":"https:\/\/www.africa-press.net\/cotedivoire\/politique\/seminaire-bilan-legislatives-rhdp-cavally-introspection-et-autocritique-sans-faux-fuyant#primaryimage","url":"https:\/\/static.africa-press.net\/cote\/sites\/43\/2021\/05\/img-60acf5b0ecef9.jpg","contentUrl":"https:\/\/static.africa-press.net\/cote\/sites\/43\/2021\/05\/img-60acf5b0ecef9.jpg","width":1024,"height":681,"caption":"S\u00e9minaire bilan l\u00e9gislatives RHDP Cavally: Introspection et autocritique sans faux fuyant"},{"@type":"BreadcrumbList","@id":"https:\/\/www.africa-press.net\/cotedivoire\/politique\/seminaire-bilan-legislatives-rhdp-cavally-introspection-et-autocritique-sans-faux-fuyant#breadcrumb","itemListElement":[{"@type":"ListItem","position":1,"name":"Accueil","item":"https:\/\/www.africa-press.net\/cotedivoire\/"},{"@type":"ListItem","position":2,"name":"S\u00e9minaire bilan l\u00e9gislatives RHDP Cavally: Introspection et autocritique sans faux fuyant"}]},{"@type":"WebSite","@id":"https:\/\/www.africa-press.net\/cotedivoire\/#website","url":"https:\/\/www.africa-press.net\/cotedivoire\/","name":"C\u00f4te d&#039;Ivoire","description":"Just another Africa News Agency Sites site","potentialAction":[{"@type":"SearchAction","target":{"@type":"EntryPoint","urlTemplate":"https:\/\/www.africa-press.net\/cotedivoire\/?s={search_term_string}"},"query-input":{"@type":"PropertyValueSpecification","valueRequired":true,"valueName":"search_term_string"}}],"inLanguage":"fr-FR"},{"@type":"Person","@id":"https:\/\/www.africa-press.net\/cotedivoire\/#\/schema\/person\/2b1cf3cd81a31e3cd26889ca66d677f1","name":"cfeditorfr"}]}},"_links":{"self":[{"href":"https:\/\/www.africa-press.net\/cotedivoire\/wp-json\/wp\/v2\/posts\/8174","targetHints":{"allow":["GET"]}}],"collection":[{"href":"https:\/\/www.africa-press.net\/cotedivoire\/wp-json\/wp\/v2\/posts"}],"about":[{"href":"https:\/\/www.africa-press.net\/cotedivoire\/wp-json\/wp\/v2\/types\/post"}],"author":[{"embeddable":true,"href":"https:\/\/www.africa-press.net\/cotedivoire\/wp-json\/wp\/v2\/users\/82"}],"replies":[{"embeddable":true,"href":"https:\/\/www.africa-press.net\/cotedivoire\/wp-json\/wp\/v2\/comments?post=8174"}],"version-history":[{"count":0,"href":"https:\/\/www.africa-press.net\/cotedivoire\/wp-json\/wp\/v2\/posts\/8174\/revisions"}],"wp:featuredmedia":[{"embeddable":true,"href":"https:\/\/www.africa-press.net\/cotedivoire\/wp-json\/wp\/v2\/media\/8173"}],"wp:attachment":[{"href":"https:\/\/www.africa-press.net\/cotedivoire\/wp-json\/wp\/v2\/media?parent=8174"}],"wp:term":[{"taxonomy":"category","embeddable":true,"href":"https:\/\/www.africa-press.net\/cotedivoire\/wp-json\/wp\/v2\/categories?post=8174"},{"taxonomy":"post_tag","embeddable":true,"href":"https:\/\/www.africa-press.net\/cotedivoire\/wp-json\/wp\/v2\/tags?post=8174"}],"curies":[{"name":"wp","href":"https:\/\/api.w.org\/{rel}","templated":true}]}}