{"id":8185,"date":"2021-05-26T15:05:25","date_gmt":"2021-05-26T15:05:25","guid":{"rendered":"https:\/\/www.africa-press.net\/cotedivoire\/?p=8185"},"modified":"2021-05-26T20:16:19","modified_gmt":"2021-05-26T20:16:19","slug":"cote-divoire-adama-bictogo-un-homme-au-coeur-du-systeme-ouattara","status":"publish","type":"post","link":"https:\/\/www.africa-press.net\/cotedivoire\/politique\/cote-divoire-adama-bictogo-un-homme-au-coeur-du-systeme-ouattara","title":{"rendered":"Adama Bictogo, un homme au c\u0153ur du syst\u00e8me Ouattara"},"content":{"rendered":"<p><span style=\"color: #ff6600\"><strong><a href=\"https:\/\/www.africa-press.net\/\">Africa-Press<\/a> &#8211; <a href=\"https:\/\/www.africa-press.net\/cotedivoire\">C\u00f4te d&rsquo;Ivoire<\/a>. <\/strong><\/span>Le num\u00e9ro deux du parti pr\u00e9sidentiel est un homme patient. Il conna\u00eet le chef de l\u2019\u00c9tat depuis plus d\u2019un quart de si\u00e8cle, mais il sait qu\u2019il n\u2019a rien \u00e0 gagner \u00e0 sortir trop t\u00f4t du peloton. Politicien madr\u00e9, homme d\u2019affaires avis\u00e9, pourra-t-il un jour viser plus haut ?<\/p>\n<p>Il est \u00e0 l\u2019h\u00f4tel Ivoire un peu comme chez lui. Il y passe une, voire plusieurs fois, par semaine. Pour une r\u00e9union politique, pour une rencontre officielle, pour un rendez-vous d\u2019affaires. Mais ce qu\u2019il pr\u00e9f\u00e8re, c\u2019est y jouer au tennis. Avec des piliers du pouvoir, comme Fid\u00e8le Sarassoro, le directeur de cabinet d\u2019Alassane Ouattara, avec des responsables politiques, tel l\u2019ancien ministre Thierry Tanoh, mais aussi avec des diplomates en poste \u00e0 Abidjan. Ou comment joindre l\u2019utile \u00e0 l\u2019agr\u00e9able tout en travaillant son service.<\/p>\n<p>En cette matin\u00e9e \u00e0 la chaleur lourde, Adama Bictogo n\u2019est pas en short et baskets mais en costume crois\u00e9. Bien mis, comme d\u2019habitude. Ramadan oblige en cette fin avril, il fait l\u2019impasse sur son caf\u00e9 matinal. Aucun souci, pr\u00e9cise le directeur ex\u00e9cutif du Rassemblement des houphou\u00ebtistes pour la d\u00e9mocratie et la paix (RHDP, au pouvoir). \u00ab J\u2019ai 58 ans, je suis plut\u00f4t en forme pour mon \u00e2ge. Je suis debout tous les matins \u00e0 5 heures pour faire un footing de 10 km autour de chez moi \u00bb, assure-t-il.<\/p>\n<p><b>Disciplin\u00e9<\/b><\/p>\n<p>Quelques semaines plus t\u00f4t, cet homme d\u2019affaires prosp\u00e8re arpentait les rues en lat\u00e9rite d\u2019Agboville, la localit\u00e9 du sud du pays qui l\u2019a vu na\u00eetre. En campagne pour les l\u00e9gislatives, \u00ab Adams \u00bb \u2013 comme le surnomment ses vieux amis \u2013 y a \u00e9t\u00e9 r\u00e9\u00e9lu d\u00e9put\u00e9 le 6 mars. Une victoire un temps contest\u00e9e par sa rivale du Front populaire ivoirien (FPI), Fleur Ak\u00e9 M\u2019Bo, mais finalement confirm\u00e9e par la commission \u00e9lectorale. \u00ab Il a mobilis\u00e9 beaucoup d\u2019argent et de moyens pour gagner, mais il faut reconna\u00eetre qu\u2019il a \u00e9t\u00e9 \u00e9lu \u00bb, souffle un cadre du parti de Laurent Gbagbo.<\/p>\n<p>Bictogo, lui, pr\u00e9f\u00e8re \u00e9voquer son attachement \u00ab au terroir \u00bb et \u00ab une belle campagne, bien men\u00e9e \u00bb, durant laquelle il a voulu \u00ab faire plaisir \u00e0 la population en lui faisant des dons, comme [il le fait] toute l\u2019ann\u00e9e \u00bb.<\/p>\n","protected":false},"excerpt":{"rendered":"<p>Africa-Press &#8211; C\u00f4te d&rsquo;Ivoire. Le num\u00e9ro deux du parti pr\u00e9sidentiel est un homme patient. Il conna\u00eet le chef de l\u2019\u00c9tat depuis plus d\u2019un quart de si\u00e8cle, mais il sait qu\u2019il n\u2019a rien \u00e0 gagner \u00e0 sortir trop t\u00f4t du peloton. Politicien madr\u00e9, homme d\u2019affaires avis\u00e9, pourra-t-il un jour viser plus haut ? Il est \u00e0 [&hellip;]<\/p>\n","protected":false},"author":82,"featured_media":8184,"comment_status":"open","ping_status":"closed","sticky":false,"template":"","format":"standard","meta":{"footnotes":""},"categories":[11,2,20,10],"tags":[56,63,29],"class_list":["post-8185","post","type-post","status-publish","format-standard","has-post-thumbnail","hentry","category-homepage-french","category-politique","category-top-nouvelles","category-toutes-les-actualites","tag-africa-press","tag-africa-press-cote-divoire","tag-cote-divoire"],"yoast_head":"<!-- This site is optimized with the Yoast SEO Premium plugin v26.1 (Yoast SEO v27.0) - https:\/\/yoast.com\/product\/yoast-seo-premium-wordpress\/ -->\n<title>Adama Bictogo, un homme au c\u0153ur du syst\u00e8me Ouattara - C\u00f4te d&#039;Ivoire<\/title>\n<meta name=\"description\" content=\"Le num\u00e9ro deux du parti pr\u00e9sidentiel est un homme patient. Il conna\u00eet le chef de l\u2019\u00c9tat depuis plus d\u2019un quart de si\u00e8cle ...\" \/>\n<meta name=\"robots\" content=\"index, follow, max-snippet:-1, max-image-preview:large, max-video-preview:-1\" \/>\n<link rel=\"canonical\" href=\"https:\/\/www.africa-press.net\/cotedivoire\/politique\/cote-divoire-adama-bictogo-un-homme-au-coeur-du-systeme-ouattara\" \/>\n<meta property=\"og:locale\" content=\"fr_FR\" \/>\n<meta property=\"og:type\" content=\"article\" \/>\n<meta property=\"og:title\" content=\"Adama Bictogo, un homme au c\u0153ur du syst\u00e8me Ouattara\" \/>\n<meta property=\"og:description\" content=\"Le num\u00e9ro deux du parti pr\u00e9sidentiel est un homme patient. Il conna\u00eet le chef de l\u2019\u00c9tat depuis plus d\u2019un quart de si\u00e8cle ...\" \/>\n<meta property=\"og:url\" content=\"https:\/\/www.africa-press.net\/cotedivoire\/politique\/cote-divoire-adama-bictogo-un-homme-au-coeur-du-systeme-ouattara\" \/>\n<meta property=\"og:site_name\" content=\"C\u00f4te d&#039;Ivoire\" \/>\n<meta property=\"article:published_time\" content=\"2021-05-26T15:05:25+00:00\" \/>\n<meta property=\"article:modified_time\" content=\"2021-05-26T20:16:19+00:00\" \/>\n<meta property=\"og:image\" content=\"https:\/\/static.africa-press.net\/cote\/sites\/43\/2021\/05\/img-60ae632dca5c2.jpg\" \/>\n\t<meta property=\"og:image:width\" content=\"720\" \/>\n\t<meta property=\"og:image:height\" content=\"360\" \/>\n\t<meta property=\"og:image:type\" content=\"image\/jpeg\" \/>\n<meta name=\"author\" content=\"cfeditorfr\" \/>\n<meta name=\"twitter:card\" content=\"summary_large_image\" \/>\n<meta name=\"twitter:label1\" content=\"\u00c9crit par\" \/>\n\t<meta name=\"twitter:data1\" content=\"cfeditorfr\" \/>\n\t<meta name=\"twitter:label2\" content=\"Dur\u00e9e de lecture estim\u00e9e\" \/>\n\t<meta name=\"twitter:data2\" content=\"2 minutes\" \/>\n<script type=\"application\/ld+json\" class=\"yoast-schema-graph\">{\"@context\":\"https:\/\/schema.org\",\"@graph\":[{\"@type\":\"Article\",\"@id\":\"https:\/\/www.africa-press.net\/cotedivoire\/politique\/cote-divoire-adama-bictogo-un-homme-au-coeur-du-systeme-ouattara#article\",\"isPartOf\":{\"@id\":\"https:\/\/www.africa-press.net\/cotedivoire\/politique\/cote-divoire-adama-bictogo-un-homme-au-coeur-du-systeme-ouattara\"},\"author\":{\"name\":\"cfeditorfr\",\"@id\":\"https:\/\/www.africa-press.net\/cotedivoire\/#\/schema\/person\/2b1cf3cd81a31e3cd26889ca66d677f1\"},\"headline\":\"Adama Bictogo, un homme au c\u0153ur du syst\u00e8me Ouattara\",\"datePublished\":\"2021-05-26T15:05:25+00:00\",\"dateModified\":\"2021-05-26T20:16:19+00:00\",\"mainEntityOfPage\":{\"@id\":\"https:\/\/www.africa-press.net\/cotedivoire\/politique\/cote-divoire-adama-bictogo-un-homme-au-coeur-du-systeme-ouattara\"},\"wordCount\":406,\"commentCount\":0,\"image\":{\"@id\":\"https:\/\/www.africa-press.net\/cotedivoire\/politique\/cote-divoire-adama-bictogo-un-homme-au-coeur-du-systeme-ouattara#primaryimage\"},\"thumbnailUrl\":\"https:\/\/static.africa-press.net\/cote\/sites\/43\/2021\/05\/img-60ae632dca5c2.jpg\",\"keywords\":[\"Africa Press\",\"Africa Press-C\u00f4te d'Ivoire\",\"C\u00d4TE D'IVOIRE\"],\"articleSection\":[\"homepage-french\",\"Politique\",\"Top Nouvelles\",\"Toutes les actualit\u00e9s\"],\"inLanguage\":\"fr-FR\",\"potentialAction\":[{\"@type\":\"CommentAction\",\"name\":\"Comment\",\"target\":[\"https:\/\/www.africa-press.net\/cotedivoire\/politique\/cote-divoire-adama-bictogo-un-homme-au-coeur-du-systeme-ouattara#respond\"]}]},{\"@type\":\"WebPage\",\"@id\":\"https:\/\/www.africa-press.net\/cotedivoire\/politique\/cote-divoire-adama-bictogo-un-homme-au-coeur-du-systeme-ouattara\",\"url\":\"https:\/\/www.africa-press.net\/cotedivoire\/politique\/cote-divoire-adama-bictogo-un-homme-au-coeur-du-systeme-ouattara\",\"name\":\"Adama Bictogo, un homme au c\u0153ur du syst\u00e8me Ouattara - C\u00f4te d&#039;Ivoire\",\"isPartOf\":{\"@id\":\"https:\/\/www.africa-press.net\/cotedivoire\/#website\"},\"primaryImageOfPage\":{\"@id\":\"https:\/\/www.africa-press.net\/cotedivoire\/politique\/cote-divoire-adama-bictogo-un-homme-au-coeur-du-systeme-ouattara#primaryimage\"},\"image\":{\"@id\":\"https:\/\/www.africa-press.net\/cotedivoire\/politique\/cote-divoire-adama-bictogo-un-homme-au-coeur-du-systeme-ouattara#primaryimage\"},\"thumbnailUrl\":\"https:\/\/static.africa-press.net\/cote\/sites\/43\/2021\/05\/img-60ae632dca5c2.jpg\",\"datePublished\":\"2021-05-26T15:05:25+00:00\",\"dateModified\":\"2021-05-26T20:16:19+00:00\",\"author\":{\"@id\":\"https:\/\/www.africa-press.net\/cotedivoire\/#\/schema\/person\/2b1cf3cd81a31e3cd26889ca66d677f1\"},\"description\":\"Le num\u00e9ro deux du parti pr\u00e9sidentiel est un homme patient. Il conna\u00eet le chef de l\u2019\u00c9tat depuis plus d\u2019un quart de si\u00e8cle ...\",\"breadcrumb\":{\"@id\":\"https:\/\/www.africa-press.net\/cotedivoire\/politique\/cote-divoire-adama-bictogo-un-homme-au-coeur-du-systeme-ouattara#breadcrumb\"},\"inLanguage\":\"fr-FR\",\"potentialAction\":[{\"@type\":\"ReadAction\",\"target\":[\"https:\/\/www.africa-press.net\/cotedivoire\/politique\/cote-divoire-adama-bictogo-un-homme-au-coeur-du-systeme-ouattara\"]}]},{\"@type\":\"ImageObject\",\"inLanguage\":\"fr-FR\",\"@id\":\"https:\/\/www.africa-press.net\/cotedivoire\/politique\/cote-divoire-adama-bictogo-un-homme-au-coeur-du-systeme-ouattara#primaryimage\",\"url\":\"https:\/\/static.africa-press.net\/cote\/sites\/43\/2021\/05\/img-60ae632dca5c2.jpg\",\"contentUrl\":\"https:\/\/static.africa-press.net\/cote\/sites\/43\/2021\/05\/img-60ae632dca5c2.jpg\",\"width\":720,\"height\":360,\"caption\":\"C\u00f4te d\u2019Ivoire : Adama Bictogo, un homme au c\u0153ur du syst\u00e8me Ouattara\"},{\"@type\":\"BreadcrumbList\",\"@id\":\"https:\/\/www.africa-press.net\/cotedivoire\/politique\/cote-divoire-adama-bictogo-un-homme-au-coeur-du-systeme-ouattara#breadcrumb\",\"itemListElement\":[{\"@type\":\"ListItem\",\"position\":1,\"name\":\"Accueil\",\"item\":\"https:\/\/www.africa-press.net\/cotedivoire\/\"},{\"@type\":\"ListItem\",\"position\":2,\"name\":\"Adama Bictogo, un homme au c\u0153ur du syst\u00e8me Ouattara\"}]},{\"@type\":\"WebSite\",\"@id\":\"https:\/\/www.africa-press.net\/cotedivoire\/#website\",\"url\":\"https:\/\/www.africa-press.net\/cotedivoire\/\",\"name\":\"C\u00f4te d&#039;Ivoire\",\"description\":\"Just another Africa News Agency Sites site\",\"potentialAction\":[{\"@type\":\"SearchAction\",\"target\":{\"@type\":\"EntryPoint\",\"urlTemplate\":\"https:\/\/www.africa-press.net\/cotedivoire\/?s={search_term_string}\"},\"query-input\":{\"@type\":\"PropertyValueSpecification\",\"valueRequired\":true,\"valueName\":\"search_term_string\"}}],\"inLanguage\":\"fr-FR\"},{\"@type\":\"Person\",\"@id\":\"https:\/\/www.africa-press.net\/cotedivoire\/#\/schema\/person\/2b1cf3cd81a31e3cd26889ca66d677f1\",\"name\":\"cfeditorfr\"}]}<\/script>\n<!-- \/ Yoast SEO Premium plugin. -->","yoast_head_json":{"title":"Adama Bictogo, un homme au c\u0153ur du syst\u00e8me Ouattara - C\u00f4te d&#039;Ivoire","description":"Le num\u00e9ro deux du parti pr\u00e9sidentiel est un homme patient. Il conna\u00eet le chef de l\u2019\u00c9tat depuis plus d\u2019un quart de si\u00e8cle ...","robots":{"index":"index","follow":"follow","max-snippet":"max-snippet:-1","max-image-preview":"max-image-preview:large","max-video-preview":"max-video-preview:-1"},"canonical":"https:\/\/www.africa-press.net\/cotedivoire\/politique\/cote-divoire-adama-bictogo-un-homme-au-coeur-du-systeme-ouattara","og_locale":"fr_FR","og_type":"article","og_title":"Adama Bictogo, un homme au c\u0153ur du syst\u00e8me Ouattara","og_description":"Le num\u00e9ro deux du parti pr\u00e9sidentiel est un homme patient. Il conna\u00eet le chef de l\u2019\u00c9tat depuis plus d\u2019un quart de si\u00e8cle ...","og_url":"https:\/\/www.africa-press.net\/cotedivoire\/politique\/cote-divoire-adama-bictogo-un-homme-au-coeur-du-systeme-ouattara","og_site_name":"C\u00f4te d&#039;Ivoire","article_published_time":"2021-05-26T15:05:25+00:00","article_modified_time":"2021-05-26T20:16:19+00:00","og_image":[{"width":720,"height":360,"url":"https:\/\/static.africa-press.net\/cote\/sites\/43\/2021\/05\/img-60ae632dca5c2.jpg","type":"image\/jpeg"}],"author":"cfeditorfr","twitter_card":"summary_large_image","twitter_misc":{"\u00c9crit par":"cfeditorfr","Dur\u00e9e de lecture estim\u00e9e":"2 minutes"},"schema":{"@context":"https:\/\/schema.org","@graph":[{"@type":"Article","@id":"https:\/\/www.africa-press.net\/cotedivoire\/politique\/cote-divoire-adama-bictogo-un-homme-au-coeur-du-systeme-ouattara#article","isPartOf":{"@id":"https:\/\/www.africa-press.net\/cotedivoire\/politique\/cote-divoire-adama-bictogo-un-homme-au-coeur-du-systeme-ouattara"},"author":{"name":"cfeditorfr","@id":"https:\/\/www.africa-press.net\/cotedivoire\/#\/schema\/person\/2b1cf3cd81a31e3cd26889ca66d677f1"},"headline":"Adama Bictogo, un homme au c\u0153ur du syst\u00e8me Ouattara","datePublished":"2021-05-26T15:05:25+00:00","dateModified":"2021-05-26T20:16:19+00:00","mainEntityOfPage":{"@id":"https:\/\/www.africa-press.net\/cotedivoire\/politique\/cote-divoire-adama-bictogo-un-homme-au-coeur-du-systeme-ouattara"},"wordCount":406,"commentCount":0,"image":{"@id":"https:\/\/www.africa-press.net\/cotedivoire\/politique\/cote-divoire-adama-bictogo-un-homme-au-coeur-du-systeme-ouattara#primaryimage"},"thumbnailUrl":"https:\/\/static.africa-press.net\/cote\/sites\/43\/2021\/05\/img-60ae632dca5c2.jpg","keywords":["Africa Press","Africa Press-C\u00f4te d'Ivoire","C\u00d4TE D'IVOIRE"],"articleSection":["homepage-french","Politique","Top Nouvelles","Toutes les actualit\u00e9s"],"inLanguage":"fr-FR","potentialAction":[{"@type":"CommentAction","name":"Comment","target":["https:\/\/www.africa-press.net\/cotedivoire\/politique\/cote-divoire-adama-bictogo-un-homme-au-coeur-du-systeme-ouattara#respond"]}]},{"@type":"WebPage","@id":"https:\/\/www.africa-press.net\/cotedivoire\/politique\/cote-divoire-adama-bictogo-un-homme-au-coeur-du-systeme-ouattara","url":"https:\/\/www.africa-press.net\/cotedivoire\/politique\/cote-divoire-adama-bictogo-un-homme-au-coeur-du-systeme-ouattara","name":"Adama Bictogo, un homme au c\u0153ur du syst\u00e8me Ouattara - C\u00f4te d&#039;Ivoire","isPartOf":{"@id":"https:\/\/www.africa-press.net\/cotedivoire\/#website"},"primaryImageOfPage":{"@id":"https:\/\/www.africa-press.net\/cotedivoire\/politique\/cote-divoire-adama-bictogo-un-homme-au-coeur-du-systeme-ouattara#primaryimage"},"image":{"@id":"https:\/\/www.africa-press.net\/cotedivoire\/politique\/cote-divoire-adama-bictogo-un-homme-au-coeur-du-systeme-ouattara#primaryimage"},"thumbnailUrl":"https:\/\/static.africa-press.net\/cote\/sites\/43\/2021\/05\/img-60ae632dca5c2.jpg","datePublished":"2021-05-26T15:05:25+00:00","dateModified":"2021-05-26T20:16:19+00:00","author":{"@id":"https:\/\/www.africa-press.net\/cotedivoire\/#\/schema\/person\/2b1cf3cd81a31e3cd26889ca66d677f1"},"description":"Le num\u00e9ro deux du parti pr\u00e9sidentiel est un homme patient. Il conna\u00eet le chef de l\u2019\u00c9tat depuis plus d\u2019un quart de si\u00e8cle ...","breadcrumb":{"@id":"https:\/\/www.africa-press.net\/cotedivoire\/politique\/cote-divoire-adama-bictogo-un-homme-au-coeur-du-systeme-ouattara#breadcrumb"},"inLanguage":"fr-FR","potentialAction":[{"@type":"ReadAction","target":["https:\/\/www.africa-press.net\/cotedivoire\/politique\/cote-divoire-adama-bictogo-un-homme-au-coeur-du-systeme-ouattara"]}]},{"@type":"ImageObject","inLanguage":"fr-FR","@id":"https:\/\/www.africa-press.net\/cotedivoire\/politique\/cote-divoire-adama-bictogo-un-homme-au-coeur-du-systeme-ouattara#primaryimage","url":"https:\/\/static.africa-press.net\/cote\/sites\/43\/2021\/05\/img-60ae632dca5c2.jpg","contentUrl":"https:\/\/static.africa-press.net\/cote\/sites\/43\/2021\/05\/img-60ae632dca5c2.jpg","width":720,"height":360,"caption":"C\u00f4te d\u2019Ivoire : Adama Bictogo, un homme au c\u0153ur du syst\u00e8me Ouattara"},{"@type":"BreadcrumbList","@id":"https:\/\/www.africa-press.net\/cotedivoire\/politique\/cote-divoire-adama-bictogo-un-homme-au-coeur-du-systeme-ouattara#breadcrumb","itemListElement":[{"@type":"ListItem","position":1,"name":"Accueil","item":"https:\/\/www.africa-press.net\/cotedivoire\/"},{"@type":"ListItem","position":2,"name":"Adama Bictogo, un homme au c\u0153ur du syst\u00e8me Ouattara"}]},{"@type":"WebSite","@id":"https:\/\/www.africa-press.net\/cotedivoire\/#website","url":"https:\/\/www.africa-press.net\/cotedivoire\/","name":"C\u00f4te d&#039;Ivoire","description":"Just another Africa News Agency Sites site","potentialAction":[{"@type":"SearchAction","target":{"@type":"EntryPoint","urlTemplate":"https:\/\/www.africa-press.net\/cotedivoire\/?s={search_term_string}"},"query-input":{"@type":"PropertyValueSpecification","valueRequired":true,"valueName":"search_term_string"}}],"inLanguage":"fr-FR"},{"@type":"Person","@id":"https:\/\/www.africa-press.net\/cotedivoire\/#\/schema\/person\/2b1cf3cd81a31e3cd26889ca66d677f1","name":"cfeditorfr"}]}},"_links":{"self":[{"href":"https:\/\/www.africa-press.net\/cotedivoire\/wp-json\/wp\/v2\/posts\/8185","targetHints":{"allow":["GET"]}}],"collection":[{"href":"https:\/\/www.africa-press.net\/cotedivoire\/wp-json\/wp\/v2\/posts"}],"about":[{"href":"https:\/\/www.africa-press.net\/cotedivoire\/wp-json\/wp\/v2\/types\/post"}],"author":[{"embeddable":true,"href":"https:\/\/www.africa-press.net\/cotedivoire\/wp-json\/wp\/v2\/users\/82"}],"replies":[{"embeddable":true,"href":"https:\/\/www.africa-press.net\/cotedivoire\/wp-json\/wp\/v2\/comments?post=8185"}],"version-history":[{"count":0,"href":"https:\/\/www.africa-press.net\/cotedivoire\/wp-json\/wp\/v2\/posts\/8185\/revisions"}],"wp:featuredmedia":[{"embeddable":true,"href":"https:\/\/www.africa-press.net\/cotedivoire\/wp-json\/wp\/v2\/media\/8184"}],"wp:attachment":[{"href":"https:\/\/www.africa-press.net\/cotedivoire\/wp-json\/wp\/v2\/media?parent=8185"}],"wp:term":[{"taxonomy":"category","embeddable":true,"href":"https:\/\/www.africa-press.net\/cotedivoire\/wp-json\/wp\/v2\/categories?post=8185"},{"taxonomy":"post_tag","embeddable":true,"href":"https:\/\/www.africa-press.net\/cotedivoire\/wp-json\/wp\/v2\/tags?post=8185"}],"curies":[{"name":"wp","href":"https:\/\/api.w.org\/{rel}","templated":true}]}}