{"id":8188,"date":"2021-05-26T15:14:43","date_gmt":"2021-05-26T15:14:43","guid":{"rendered":"https:\/\/www.africa-press.net\/cotedivoire\/?p=8188"},"modified":"2021-05-26T20:16:29","modified_gmt":"2021-05-26T20:16:29","slug":"deux-gendarmes-accuses-de-meurtre-mis-aux-arrets-en-cote-divoire-commandement-superieur","status":"publish","type":"post","link":"https:\/\/www.africa-press.net\/cotedivoire\/politique\/deux-gendarmes-accuses-de-meurtre-mis-aux-arrets-en-cote-divoire-commandement-superieur","title":{"rendered":"Deux gendarmes accus\u00e9s de meurtre mis aux arr\u00eats en C\u00f4te-d\u2019Ivoire (Commandement sup\u00e9rieur)"},"content":{"rendered":"<p><span style=\"color: #ff6600\"><strong><a href=\"https:\/\/www.africa-press.net\/\">Africa-Press<\/a> &#8211; <a href=\"https:\/\/www.africa-press.net\/cotedivoire\">C\u00f4te d&rsquo;Ivoire<\/a>. <\/strong><\/span>Dans la nuit du lundi au mardi 25 Mai 2021, aux environs de 00 heure 25 minutes, une altercation entre deux gendarmes et un groupe de jeunes \u00e0 Gonat\u00e9, localit\u00e9 situ\u00e9e \u00e0 20 km de la ville de Daloa, a occasionn\u00e9 la mort de monsieur FOFANA Aboulaye, de nationalit\u00e9 ivoirienne, n\u00e9 le 01\/01\/1991 \u00e0 Gonat\u00e9 sous-pr\u00e9fecture dudit.Inform\u00e9s de la situation, le Sous-pr\u00e9fet de Gonat\u00e9, le Commandant de l\u2019Ecole de Gendarmerie d\u2019Abidjan et le Commandant de la deuxi\u00e8me R\u00e9gion de Gendarmerie de Daloa, accompagn\u00e9s d\u2019une patrouille se sont rendus sur les lieux pour apaiser la population. La situation est rapidement revenue au calme.Les deux gendarmes ont \u00e9t\u00e9 imm\u00e9diatement mis aux arr\u00eats. Une enqu\u00eate a \u00e9t\u00e9 ouverte par le Tribunal militaire afin de d\u00e9terminer les circonstances de ce drame et situer les responsabilit\u00e9s.La Gendarmerie Nationale pr\u00e9sente ses profonds regrets face \u00e0 cette tragique situation et exprime toute sa compassion \u00e0 la famille du d\u00e9funt.<\/p>\n<p>&nbsp;<\/p>\n","protected":false},"excerpt":{"rendered":"<p>Africa-Press &#8211; C\u00f4te d&rsquo;Ivoire. Dans la nuit du lundi au mardi 25 Mai 2021, aux environs de 00 heure 25 minutes, une altercation entre deux gendarmes et un groupe de jeunes \u00e0 Gonat\u00e9, localit\u00e9 situ\u00e9e \u00e0 20 km de la ville de Daloa, a occasionn\u00e9 la mort de monsieur FOFANA Aboulaye, de nationalit\u00e9 ivoirienne, n\u00e9 [&hellip;]<\/p>\n","protected":false},"author":82,"featured_media":8187,"comment_status":"open","ping_status":"closed","sticky":false,"template":"","format":"standard","meta":{"footnotes":""},"categories":[11,2,10],"tags":[56,63,29],"class_list":["post-8188","post","type-post","status-publish","format-standard","has-post-thumbnail","hentry","category-homepage-french","category-politique","category-toutes-les-actualites","tag-africa-press","tag-africa-press-cote-divoire","tag-cote-divoire"],"yoast_head":"<!-- This site is optimized with the Yoast SEO Premium plugin v26.1 (Yoast SEO v27.0) - https:\/\/yoast.com\/product\/yoast-seo-premium-wordpress\/ -->\n<title>Deux gendarmes accus\u00e9s de meurtre mis aux arr\u00eats en C\u00f4te-d\u2019Ivoire (Commandement sup\u00e9rieur) - C\u00f4te d&#039;Ivoire<\/title>\n<meta name=\"description\" content=\"Dans la nuit du lundi au mardi 25 Mai 2021, aux environs de 00 heure 25 minutes, une altercation entre deux gendarmes et ...\" \/>\n<meta name=\"robots\" content=\"index, follow, max-snippet:-1, max-image-preview:large, max-video-preview:-1\" \/>\n<link rel=\"canonical\" href=\"https:\/\/www.africa-press.net\/cotedivoire\/politique\/deux-gendarmes-accuses-de-meurtre-mis-aux-arrets-en-cote-divoire-commandement-superieur\" \/>\n<meta property=\"og:locale\" content=\"fr_FR\" \/>\n<meta property=\"og:type\" content=\"article\" \/>\n<meta property=\"og:title\" content=\"Deux gendarmes accus\u00e9s de meurtre mis aux arr\u00eats en C\u00f4te-d\u2019Ivoire (Commandement sup\u00e9rieur)\" \/>\n<meta property=\"og:description\" content=\"Dans la nuit du lundi au mardi 25 Mai 2021, aux environs de 00 heure 25 minutes, une altercation entre deux gendarmes et ...\" \/>\n<meta property=\"og:url\" content=\"https:\/\/www.africa-press.net\/cotedivoire\/politique\/deux-gendarmes-accuses-de-meurtre-mis-aux-arrets-en-cote-divoire-commandement-superieur\" \/>\n<meta property=\"og:site_name\" content=\"C\u00f4te d&#039;Ivoire\" \/>\n<meta property=\"article:published_time\" content=\"2021-05-26T15:14:43+00:00\" \/>\n<meta property=\"article:modified_time\" content=\"2021-05-26T20:16:29+00:00\" \/>\n<meta property=\"og:image\" content=\"https:\/\/static.africa-press.net\/cote\/sites\/43\/2021\/05\/img-60ae637d0625d.jpg\" \/>\n\t<meta property=\"og:image:width\" content=\"960\" \/>\n\t<meta property=\"og:image:height\" content=\"640\" \/>\n\t<meta property=\"og:image:type\" content=\"image\/jpeg\" \/>\n<meta name=\"author\" content=\"cfeditorfr\" \/>\n<meta name=\"twitter:card\" content=\"summary_large_image\" \/>\n<meta name=\"twitter:label1\" content=\"\u00c9crit par\" \/>\n\t<meta name=\"twitter:data1\" content=\"cfeditorfr\" \/>\n\t<meta name=\"twitter:label2\" content=\"Dur\u00e9e de lecture estim\u00e9e\" \/>\n\t<meta name=\"twitter:data2\" content=\"1 minute\" \/>\n<script type=\"application\/ld+json\" class=\"yoast-schema-graph\">{\"@context\":\"https:\/\/schema.org\",\"@graph\":[{\"@type\":\"Article\",\"@id\":\"https:\/\/www.africa-press.net\/cotedivoire\/politique\/deux-gendarmes-accuses-de-meurtre-mis-aux-arrets-en-cote-divoire-commandement-superieur#article\",\"isPartOf\":{\"@id\":\"https:\/\/www.africa-press.net\/cotedivoire\/politique\/deux-gendarmes-accuses-de-meurtre-mis-aux-arrets-en-cote-divoire-commandement-superieur\"},\"author\":{\"name\":\"cfeditorfr\",\"@id\":\"https:\/\/www.africa-press.net\/cotedivoire\/#\/schema\/person\/2b1cf3cd81a31e3cd26889ca66d677f1\"},\"headline\":\"Deux gendarmes accus\u00e9s de meurtre mis aux arr\u00eats en C\u00f4te-d\u2019Ivoire (Commandement sup\u00e9rieur)\",\"datePublished\":\"2021-05-26T15:14:43+00:00\",\"dateModified\":\"2021-05-26T20:16:29+00:00\",\"mainEntityOfPage\":{\"@id\":\"https:\/\/www.africa-press.net\/cotedivoire\/politique\/deux-gendarmes-accuses-de-meurtre-mis-aux-arrets-en-cote-divoire-commandement-superieur\"},\"wordCount\":185,\"commentCount\":0,\"image\":{\"@id\":\"https:\/\/www.africa-press.net\/cotedivoire\/politique\/deux-gendarmes-accuses-de-meurtre-mis-aux-arrets-en-cote-divoire-commandement-superieur#primaryimage\"},\"thumbnailUrl\":\"https:\/\/static.africa-press.net\/cote\/sites\/43\/2021\/05\/img-60ae637d0625d.jpg\",\"keywords\":[\"Africa Press\",\"Africa Press-C\u00f4te d'Ivoire\",\"C\u00d4TE D'IVOIRE\"],\"articleSection\":[\"homepage-french\",\"Politique\",\"Toutes les actualit\u00e9s\"],\"inLanguage\":\"fr-FR\",\"potentialAction\":[{\"@type\":\"CommentAction\",\"name\":\"Comment\",\"target\":[\"https:\/\/www.africa-press.net\/cotedivoire\/politique\/deux-gendarmes-accuses-de-meurtre-mis-aux-arrets-en-cote-divoire-commandement-superieur#respond\"]}]},{\"@type\":\"WebPage\",\"@id\":\"https:\/\/www.africa-press.net\/cotedivoire\/politique\/deux-gendarmes-accuses-de-meurtre-mis-aux-arrets-en-cote-divoire-commandement-superieur\",\"url\":\"https:\/\/www.africa-press.net\/cotedivoire\/politique\/deux-gendarmes-accuses-de-meurtre-mis-aux-arrets-en-cote-divoire-commandement-superieur\",\"name\":\"Deux gendarmes accus\u00e9s de meurtre mis aux arr\u00eats en C\u00f4te-d\u2019Ivoire (Commandement sup\u00e9rieur) - C\u00f4te d&#039;Ivoire\",\"isPartOf\":{\"@id\":\"https:\/\/www.africa-press.net\/cotedivoire\/#website\"},\"primaryImageOfPage\":{\"@id\":\"https:\/\/www.africa-press.net\/cotedivoire\/politique\/deux-gendarmes-accuses-de-meurtre-mis-aux-arrets-en-cote-divoire-commandement-superieur#primaryimage\"},\"image\":{\"@id\":\"https:\/\/www.africa-press.net\/cotedivoire\/politique\/deux-gendarmes-accuses-de-meurtre-mis-aux-arrets-en-cote-divoire-commandement-superieur#primaryimage\"},\"thumbnailUrl\":\"https:\/\/static.africa-press.net\/cote\/sites\/43\/2021\/05\/img-60ae637d0625d.jpg\",\"datePublished\":\"2021-05-26T15:14:43+00:00\",\"dateModified\":\"2021-05-26T20:16:29+00:00\",\"author\":{\"@id\":\"https:\/\/www.africa-press.net\/cotedivoire\/#\/schema\/person\/2b1cf3cd81a31e3cd26889ca66d677f1\"},\"description\":\"Dans la nuit du lundi au mardi 25 Mai 2021, aux environs de 00 heure 25 minutes, une altercation entre deux gendarmes et ...\",\"breadcrumb\":{\"@id\":\"https:\/\/www.africa-press.net\/cotedivoire\/politique\/deux-gendarmes-accuses-de-meurtre-mis-aux-arrets-en-cote-divoire-commandement-superieur#breadcrumb\"},\"inLanguage\":\"fr-FR\",\"potentialAction\":[{\"@type\":\"ReadAction\",\"target\":[\"https:\/\/www.africa-press.net\/cotedivoire\/politique\/deux-gendarmes-accuses-de-meurtre-mis-aux-arrets-en-cote-divoire-commandement-superieur\"]}]},{\"@type\":\"ImageObject\",\"inLanguage\":\"fr-FR\",\"@id\":\"https:\/\/www.africa-press.net\/cotedivoire\/politique\/deux-gendarmes-accuses-de-meurtre-mis-aux-arrets-en-cote-divoire-commandement-superieur#primaryimage\",\"url\":\"https:\/\/static.africa-press.net\/cote\/sites\/43\/2021\/05\/img-60ae637d0625d.jpg\",\"contentUrl\":\"https:\/\/static.africa-press.net\/cote\/sites\/43\/2021\/05\/img-60ae637d0625d.jpg\",\"width\":960,\"height\":640,\"caption\":\"Deux gendarmes accus\u00e9s de meurtre mis aux arr\u00eats en C\u00f4te-d\u2019Ivoire (Commandement sup\u00e9rieur)\"},{\"@type\":\"BreadcrumbList\",\"@id\":\"https:\/\/www.africa-press.net\/cotedivoire\/politique\/deux-gendarmes-accuses-de-meurtre-mis-aux-arrets-en-cote-divoire-commandement-superieur#breadcrumb\",\"itemListElement\":[{\"@type\":\"ListItem\",\"position\":1,\"name\":\"Accueil\",\"item\":\"https:\/\/www.africa-press.net\/cotedivoire\/\"},{\"@type\":\"ListItem\",\"position\":2,\"name\":\"Deux gendarmes accus\u00e9s de meurtre mis aux arr\u00eats en C\u00f4te-d\u2019Ivoire (Commandement sup\u00e9rieur)\"}]},{\"@type\":\"WebSite\",\"@id\":\"https:\/\/www.africa-press.net\/cotedivoire\/#website\",\"url\":\"https:\/\/www.africa-press.net\/cotedivoire\/\",\"name\":\"C\u00f4te d&#039;Ivoire\",\"description\":\"Just another Africa News Agency Sites site\",\"potentialAction\":[{\"@type\":\"SearchAction\",\"target\":{\"@type\":\"EntryPoint\",\"urlTemplate\":\"https:\/\/www.africa-press.net\/cotedivoire\/?s={search_term_string}\"},\"query-input\":{\"@type\":\"PropertyValueSpecification\",\"valueRequired\":true,\"valueName\":\"search_term_string\"}}],\"inLanguage\":\"fr-FR\"},{\"@type\":\"Person\",\"@id\":\"https:\/\/www.africa-press.net\/cotedivoire\/#\/schema\/person\/2b1cf3cd81a31e3cd26889ca66d677f1\",\"name\":\"cfeditorfr\"}]}<\/script>\n<!-- \/ Yoast SEO Premium plugin. -->","yoast_head_json":{"title":"Deux gendarmes accus\u00e9s de meurtre mis aux arr\u00eats en C\u00f4te-d\u2019Ivoire (Commandement sup\u00e9rieur) - C\u00f4te d&#039;Ivoire","description":"Dans la nuit du lundi au mardi 25 Mai 2021, aux environs de 00 heure 25 minutes, une altercation entre deux gendarmes et ...","robots":{"index":"index","follow":"follow","max-snippet":"max-snippet:-1","max-image-preview":"max-image-preview:large","max-video-preview":"max-video-preview:-1"},"canonical":"https:\/\/www.africa-press.net\/cotedivoire\/politique\/deux-gendarmes-accuses-de-meurtre-mis-aux-arrets-en-cote-divoire-commandement-superieur","og_locale":"fr_FR","og_type":"article","og_title":"Deux gendarmes accus\u00e9s de meurtre mis aux arr\u00eats en C\u00f4te-d\u2019Ivoire (Commandement sup\u00e9rieur)","og_description":"Dans la nuit du lundi au mardi 25 Mai 2021, aux environs de 00 heure 25 minutes, une altercation entre deux gendarmes et ...","og_url":"https:\/\/www.africa-press.net\/cotedivoire\/politique\/deux-gendarmes-accuses-de-meurtre-mis-aux-arrets-en-cote-divoire-commandement-superieur","og_site_name":"C\u00f4te d&#039;Ivoire","article_published_time":"2021-05-26T15:14:43+00:00","article_modified_time":"2021-05-26T20:16:29+00:00","og_image":[{"width":960,"height":640,"url":"https:\/\/static.africa-press.net\/cote\/sites\/43\/2021\/05\/img-60ae637d0625d.jpg","type":"image\/jpeg"}],"author":"cfeditorfr","twitter_card":"summary_large_image","twitter_misc":{"\u00c9crit par":"cfeditorfr","Dur\u00e9e de lecture estim\u00e9e":"1 minute"},"schema":{"@context":"https:\/\/schema.org","@graph":[{"@type":"Article","@id":"https:\/\/www.africa-press.net\/cotedivoire\/politique\/deux-gendarmes-accuses-de-meurtre-mis-aux-arrets-en-cote-divoire-commandement-superieur#article","isPartOf":{"@id":"https:\/\/www.africa-press.net\/cotedivoire\/politique\/deux-gendarmes-accuses-de-meurtre-mis-aux-arrets-en-cote-divoire-commandement-superieur"},"author":{"name":"cfeditorfr","@id":"https:\/\/www.africa-press.net\/cotedivoire\/#\/schema\/person\/2b1cf3cd81a31e3cd26889ca66d677f1"},"headline":"Deux gendarmes accus\u00e9s de meurtre mis aux arr\u00eats en C\u00f4te-d\u2019Ivoire (Commandement sup\u00e9rieur)","datePublished":"2021-05-26T15:14:43+00:00","dateModified":"2021-05-26T20:16:29+00:00","mainEntityOfPage":{"@id":"https:\/\/www.africa-press.net\/cotedivoire\/politique\/deux-gendarmes-accuses-de-meurtre-mis-aux-arrets-en-cote-divoire-commandement-superieur"},"wordCount":185,"commentCount":0,"image":{"@id":"https:\/\/www.africa-press.net\/cotedivoire\/politique\/deux-gendarmes-accuses-de-meurtre-mis-aux-arrets-en-cote-divoire-commandement-superieur#primaryimage"},"thumbnailUrl":"https:\/\/static.africa-press.net\/cote\/sites\/43\/2021\/05\/img-60ae637d0625d.jpg","keywords":["Africa Press","Africa Press-C\u00f4te d'Ivoire","C\u00d4TE D'IVOIRE"],"articleSection":["homepage-french","Politique","Toutes les actualit\u00e9s"],"inLanguage":"fr-FR","potentialAction":[{"@type":"CommentAction","name":"Comment","target":["https:\/\/www.africa-press.net\/cotedivoire\/politique\/deux-gendarmes-accuses-de-meurtre-mis-aux-arrets-en-cote-divoire-commandement-superieur#respond"]}]},{"@type":"WebPage","@id":"https:\/\/www.africa-press.net\/cotedivoire\/politique\/deux-gendarmes-accuses-de-meurtre-mis-aux-arrets-en-cote-divoire-commandement-superieur","url":"https:\/\/www.africa-press.net\/cotedivoire\/politique\/deux-gendarmes-accuses-de-meurtre-mis-aux-arrets-en-cote-divoire-commandement-superieur","name":"Deux gendarmes accus\u00e9s de meurtre mis aux arr\u00eats en C\u00f4te-d\u2019Ivoire (Commandement sup\u00e9rieur) - C\u00f4te d&#039;Ivoire","isPartOf":{"@id":"https:\/\/www.africa-press.net\/cotedivoire\/#website"},"primaryImageOfPage":{"@id":"https:\/\/www.africa-press.net\/cotedivoire\/politique\/deux-gendarmes-accuses-de-meurtre-mis-aux-arrets-en-cote-divoire-commandement-superieur#primaryimage"},"image":{"@id":"https:\/\/www.africa-press.net\/cotedivoire\/politique\/deux-gendarmes-accuses-de-meurtre-mis-aux-arrets-en-cote-divoire-commandement-superieur#primaryimage"},"thumbnailUrl":"https:\/\/static.africa-press.net\/cote\/sites\/43\/2021\/05\/img-60ae637d0625d.jpg","datePublished":"2021-05-26T15:14:43+00:00","dateModified":"2021-05-26T20:16:29+00:00","author":{"@id":"https:\/\/www.africa-press.net\/cotedivoire\/#\/schema\/person\/2b1cf3cd81a31e3cd26889ca66d677f1"},"description":"Dans la nuit du lundi au mardi 25 Mai 2021, aux environs de 00 heure 25 minutes, une altercation entre deux gendarmes et ...","breadcrumb":{"@id":"https:\/\/www.africa-press.net\/cotedivoire\/politique\/deux-gendarmes-accuses-de-meurtre-mis-aux-arrets-en-cote-divoire-commandement-superieur#breadcrumb"},"inLanguage":"fr-FR","potentialAction":[{"@type":"ReadAction","target":["https:\/\/www.africa-press.net\/cotedivoire\/politique\/deux-gendarmes-accuses-de-meurtre-mis-aux-arrets-en-cote-divoire-commandement-superieur"]}]},{"@type":"ImageObject","inLanguage":"fr-FR","@id":"https:\/\/www.africa-press.net\/cotedivoire\/politique\/deux-gendarmes-accuses-de-meurtre-mis-aux-arrets-en-cote-divoire-commandement-superieur#primaryimage","url":"https:\/\/static.africa-press.net\/cote\/sites\/43\/2021\/05\/img-60ae637d0625d.jpg","contentUrl":"https:\/\/static.africa-press.net\/cote\/sites\/43\/2021\/05\/img-60ae637d0625d.jpg","width":960,"height":640,"caption":"Deux gendarmes accus\u00e9s de meurtre mis aux arr\u00eats en C\u00f4te-d\u2019Ivoire (Commandement sup\u00e9rieur)"},{"@type":"BreadcrumbList","@id":"https:\/\/www.africa-press.net\/cotedivoire\/politique\/deux-gendarmes-accuses-de-meurtre-mis-aux-arrets-en-cote-divoire-commandement-superieur#breadcrumb","itemListElement":[{"@type":"ListItem","position":1,"name":"Accueil","item":"https:\/\/www.africa-press.net\/cotedivoire\/"},{"@type":"ListItem","position":2,"name":"Deux gendarmes accus\u00e9s de meurtre mis aux arr\u00eats en C\u00f4te-d\u2019Ivoire (Commandement sup\u00e9rieur)"}]},{"@type":"WebSite","@id":"https:\/\/www.africa-press.net\/cotedivoire\/#website","url":"https:\/\/www.africa-press.net\/cotedivoire\/","name":"C\u00f4te d&#039;Ivoire","description":"Just another Africa News Agency Sites site","potentialAction":[{"@type":"SearchAction","target":{"@type":"EntryPoint","urlTemplate":"https:\/\/www.africa-press.net\/cotedivoire\/?s={search_term_string}"},"query-input":{"@type":"PropertyValueSpecification","valueRequired":true,"valueName":"search_term_string"}}],"inLanguage":"fr-FR"},{"@type":"Person","@id":"https:\/\/www.africa-press.net\/cotedivoire\/#\/schema\/person\/2b1cf3cd81a31e3cd26889ca66d677f1","name":"cfeditorfr"}]}},"_links":{"self":[{"href":"https:\/\/www.africa-press.net\/cotedivoire\/wp-json\/wp\/v2\/posts\/8188","targetHints":{"allow":["GET"]}}],"collection":[{"href":"https:\/\/www.africa-press.net\/cotedivoire\/wp-json\/wp\/v2\/posts"}],"about":[{"href":"https:\/\/www.africa-press.net\/cotedivoire\/wp-json\/wp\/v2\/types\/post"}],"author":[{"embeddable":true,"href":"https:\/\/www.africa-press.net\/cotedivoire\/wp-json\/wp\/v2\/users\/82"}],"replies":[{"embeddable":true,"href":"https:\/\/www.africa-press.net\/cotedivoire\/wp-json\/wp\/v2\/comments?post=8188"}],"version-history":[{"count":0,"href":"https:\/\/www.africa-press.net\/cotedivoire\/wp-json\/wp\/v2\/posts\/8188\/revisions"}],"wp:featuredmedia":[{"embeddable":true,"href":"https:\/\/www.africa-press.net\/cotedivoire\/wp-json\/wp\/v2\/media\/8187"}],"wp:attachment":[{"href":"https:\/\/www.africa-press.net\/cotedivoire\/wp-json\/wp\/v2\/media?parent=8188"}],"wp:term":[{"taxonomy":"category","embeddable":true,"href":"https:\/\/www.africa-press.net\/cotedivoire\/wp-json\/wp\/v2\/categories?post=8188"},{"taxonomy":"post_tag","embeddable":true,"href":"https:\/\/www.africa-press.net\/cotedivoire\/wp-json\/wp\/v2\/tags?post=8188"}],"curies":[{"name":"wp","href":"https:\/\/api.w.org\/{rel}","templated":true}]}}