{"id":81935,"date":"2024-06-13T14:08:01","date_gmt":"2024-06-13T14:08:01","guid":{"rendered":"https:\/\/www.africa-press.net\/cotedivoire\/politique\/affaire-de-fraude-sur-la-nationalite-et-trafic-de-passeports-abass-baddredine-declare-non-coupable-les-explications-de-son-avocat"},"modified":"2024-06-13T15:43:49","modified_gmt":"2024-06-13T15:43:49","slug":"affaire-de-fraude-sur-la-nationalite-et-trafic-de-passeports-abass-baddredine-declare-non-coupable-les-explications-de-son-avocat","status":"publish","type":"post","link":"https:\/\/www.africa-press.net\/cotedivoire\/toutes-les-actualites\/affaire-de-fraude-sur-la-nationalite-et-trafic-de-passeports-abass-baddredine-declare-non-coupable-les-explications-de-son-avocat","title":{"rendered":"\u00ab Affaire de fraude sur la nationalit\u00e9 et trafic de passeports \u00bb, Abass Baddredine d\u00e9clar\u00e9 non coupable, les explications de son avocat"},"content":{"rendered":"<p><span style=\"color: #ff6600\"><strong>Africa-Press &#8211; C\u00f4te d&rsquo;Ivoire. <\/strong><\/span>Comme nous le relayions dans un pre\u0301ce\u0301dent article, l\u2019homme d\u2019affaires Abbas Baddredine, a e\u0301te\u0301 acquitte\u0301 le mercredi 12 juin 2024, suite a\u0300 un proce\u0300s en appel dans l\u2019affaire de fraude sur la nationalite\u0301 Ivoirienne et trafic de passeport.<\/p>\n<p>Selon sa De\u0301fense, Mai\u0302tre Donald Parfait Bedi, son client a e\u0301te\u0301 de\u0301clare\u0301 non coupable des faits qui lui ont e\u0301te\u0301 reproche\u0301s en juillet 2023.<\/p>\n<p>\u00ab La ve\u0301rite\u0301 a triomphe\u0301. La cour, apre\u0300s une analyse objective du dossier, a de\u0301clare\u0301 notre client non coupable des faits qui lui e\u0301taient reproche\u0301s et ordonne\u0301 sa rela\u0302che \u00bb, a-t-il de\u0301clare\u0301 a\u0300 sa sortie d\u2019audience.<\/p>\n<p>Pour l\u2019avocat, il n\u2019est pas question de re\u0301paration apre\u0300s que son client ait purge\u0301 l\u2019entie\u0300rete\u0301 de sa peine.<\/p>\n<p>\u00ab Nous espe\u0301rons que cette affaire est de\u0301sormais derrie\u0300re nous. Il n\u2019est pas question de repre\u0301sailles ou de rancunes \u00bb, a rejete\u0301 Me Bedi<\/p>\n<p>Notons que, dans le cadre de cette affaire de falsification de documents administratifs, y compris des passeports ivoiriens, Aboubacar Diakite\u0301, conside\u0301re\u0301 comme le cerveau du re\u0301seau , a e\u0301te\u0301 condamne\u0301 a\u0300 cinq ans de prison ferme.<\/p>\n<p>Ce pre\u0301venu avait e\u0301te\u0301 condamne\u0301 en de\u0301cembre dernier par le Po\u0302le pe\u0301nal e\u0301conomique et financier (PPEF). Il n\u2019a pas pu faire appel dans les temps, sa peine a donc e\u0301te\u0301 confirme\u0301e par la justice.<\/p>\n<p>La peine a e\u0301te\u0301 confirme\u0301e mais alle\u0301ge\u0301e pour trois autres pre\u0301venus condamne\u0301s a\u0300 24 mois, 18 mois et 12 mois de prison, pour \u00ab faux et usage de faux documents administratifs \u00bb. Et puis enfin, cinq pre\u0301venus ont e\u0301te\u0301 reconnus non coupable dans ce dossier.<\/p>\n<p><strong>Pour plus d&rsquo;informations et d&rsquo;analyses sur la C\u00f4te d&rsquo;Ivoire, suivez Africa-Press<\/strong><\/p>\n","protected":false},"excerpt":{"rendered":"<p>Africa-Press &#8211; C\u00f4te d&rsquo;Ivoire. Comme nous le relayions dans un pre\u0301ce\u0301dent article, l\u2019homme d\u2019affaires Abbas Baddredine, a e\u0301te\u0301 acquitte\u0301 le mercredi 12 juin 2024, suite a\u0300 un proce\u0300s en appel dans l\u2019affaire de fraude sur la nationalite\u0301 Ivoirienne et trafic de passeport. Selon sa De\u0301fense, Mai\u0302tre Donald Parfait Bedi, son client a e\u0301te\u0301 de\u0301clare\u0301 non [&hellip;]<\/p>\n","protected":false},"author":82,"featured_media":81933,"comment_status":"open","ping_status":"closed","sticky":false,"template":"","format":"standard","meta":{"footnotes":""},"categories":[21,10],"tags":[13777,29,13776,55,1133,3934,3815],"class_list":["post-81935","post","type-post","status-publish","format-standard","has-post-thumbnail","hentry","category-communaute","category-toutes-les-actualites","tag-abbas-baddredine","tag-cote-divoire","tag-donald-parfait-bedi","tag-justice","tag-nationalite","tag-passeports","tag-trafic"],"yoast_head":"<!-- This site is optimized with the Yoast SEO Premium plugin v26.1 (Yoast SEO v27.0) - https:\/\/yoast.com\/product\/yoast-seo-premium-wordpress\/ -->\n<title>\u00ab Affaire de fraude sur la nationalit\u00e9 et trafic de passeports \u00bb, Abass Baddredine d\u00e9clar\u00e9 non coupable, les explications de son avocat - C\u00f4te d&#039;Ivoire<\/title>\n<meta name=\"description\" content=\"Comme nous le relayions dans un pre\u0301ce\u0301dent article, l\u2019homme d\u2019affaires Abbas Baddredine, a e\u0301te\u0301 acquitte\u0301 le mercredi ...\" \/>\n<meta name=\"robots\" content=\"index, follow, max-snippet:-1, max-image-preview:large, max-video-preview:-1\" \/>\n<link rel=\"canonical\" href=\"https:\/\/www.africa-press.net\/cotedivoire\/toutes-les-actualites\/affaire-de-fraude-sur-la-nationalite-et-trafic-de-passeports-abass-baddredine-declare-non-coupable-les-explications-de-son-avocat\" \/>\n<meta property=\"og:locale\" content=\"fr_FR\" \/>\n<meta property=\"og:type\" content=\"article\" \/>\n<meta property=\"og:title\" content=\"\u00ab Affaire de fraude sur la nationalit\u00e9 et trafic de passeports \u00bb, Abass Baddredine d\u00e9clar\u00e9 non coupable, les explications de son avocat\" \/>\n<meta property=\"og:description\" content=\"Comme nous le relayions dans un pre\u0301ce\u0301dent article, l\u2019homme d\u2019affaires Abbas Baddredine, a e\u0301te\u0301 acquitte\u0301 le mercredi ...\" \/>\n<meta property=\"og:url\" content=\"https:\/\/www.africa-press.net\/cotedivoire\/toutes-les-actualites\/affaire-de-fraude-sur-la-nationalite-et-trafic-de-passeports-abass-baddredine-declare-non-coupable-les-explications-de-son-avocat\" \/>\n<meta property=\"og:site_name\" content=\"C\u00f4te d&#039;Ivoire\" \/>\n<meta property=\"article:published_time\" content=\"2024-06-13T14:08:01+00:00\" \/>\n<meta property=\"article:modified_time\" content=\"2024-06-13T15:43:49+00:00\" \/>\n<meta property=\"og:image\" content=\"https:\/\/static.africa-press.net\/cote\/sites\/43\/2024\/06\/sm_1718280804.067701.jpg\" \/>\n\t<meta property=\"og:image:width\" content=\"720\" \/>\n\t<meta property=\"og:image:height\" content=\"472\" \/>\n\t<meta property=\"og:image:type\" content=\"image\/jpeg\" \/>\n<meta name=\"author\" content=\"cfeditorfr\" \/>\n<meta name=\"twitter:card\" content=\"summary_large_image\" \/>\n<meta name=\"twitter:label1\" content=\"\u00c9crit par\" \/>\n\t<meta name=\"twitter:data1\" content=\"cfeditorfr\" \/>\n\t<meta name=\"twitter:label2\" content=\"Dur\u00e9e de lecture estim\u00e9e\" \/>\n\t<meta name=\"twitter:data2\" content=\"2 minutes\" \/>\n<script type=\"application\/ld+json\" class=\"yoast-schema-graph\">{\"@context\":\"https:\/\/schema.org\",\"@graph\":[{\"@type\":\"Article\",\"@id\":\"https:\/\/www.africa-press.net\/cotedivoire\/toutes-les-actualites\/affaire-de-fraude-sur-la-nationalite-et-trafic-de-passeports-abass-baddredine-declare-non-coupable-les-explications-de-son-avocat#article\",\"isPartOf\":{\"@id\":\"https:\/\/www.africa-press.net\/cotedivoire\/toutes-les-actualites\/affaire-de-fraude-sur-la-nationalite-et-trafic-de-passeports-abass-baddredine-declare-non-coupable-les-explications-de-son-avocat\"},\"author\":{\"name\":\"cfeditorfr\",\"@id\":\"https:\/\/www.africa-press.net\/cotedivoire\/#\/schema\/person\/2b1cf3cd81a31e3cd26889ca66d677f1\"},\"headline\":\"\u00ab Affaire de fraude sur la nationalit\u00e9 et trafic de passeports \u00bb, Abass Baddredine d\u00e9clar\u00e9 non coupable, les explications de son avocat\",\"datePublished\":\"2024-06-13T14:08:01+00:00\",\"dateModified\":\"2024-06-13T15:43:49+00:00\",\"mainEntityOfPage\":{\"@id\":\"https:\/\/www.africa-press.net\/cotedivoire\/toutes-les-actualites\/affaire-de-fraude-sur-la-nationalite-et-trafic-de-passeports-abass-baddredine-declare-non-coupable-les-explications-de-son-avocat\"},\"wordCount\":336,\"commentCount\":0,\"image\":{\"@id\":\"https:\/\/www.africa-press.net\/cotedivoire\/toutes-les-actualites\/affaire-de-fraude-sur-la-nationalite-et-trafic-de-passeports-abass-baddredine-declare-non-coupable-les-explications-de-son-avocat#primaryimage\"},\"thumbnailUrl\":\"https:\/\/static.africa-press.net\/cote\/sites\/43\/2024\/06\/sm_1718280804.067701.jpg\",\"keywords\":[\"Abbas Baddredine\",\"C\u00d4TE D'IVOIRE\",\"Donald Parfait Bedi\",\"Justice\",\"nationalit\u00e9\",\"passeports\",\"trafic\"],\"articleSection\":[\"Communaut\u00e9\",\"Toutes les actualit\u00e9s\"],\"inLanguage\":\"fr-FR\",\"potentialAction\":[{\"@type\":\"CommentAction\",\"name\":\"Comment\",\"target\":[\"https:\/\/www.africa-press.net\/cotedivoire\/toutes-les-actualites\/affaire-de-fraude-sur-la-nationalite-et-trafic-de-passeports-abass-baddredine-declare-non-coupable-les-explications-de-son-avocat#respond\"]}]},{\"@type\":\"WebPage\",\"@id\":\"https:\/\/www.africa-press.net\/cotedivoire\/toutes-les-actualites\/affaire-de-fraude-sur-la-nationalite-et-trafic-de-passeports-abass-baddredine-declare-non-coupable-les-explications-de-son-avocat\",\"url\":\"https:\/\/www.africa-press.net\/cotedivoire\/toutes-les-actualites\/affaire-de-fraude-sur-la-nationalite-et-trafic-de-passeports-abass-baddredine-declare-non-coupable-les-explications-de-son-avocat\",\"name\":\"\u00ab Affaire de fraude sur la nationalit\u00e9 et trafic de passeports \u00bb, Abass Baddredine d\u00e9clar\u00e9 non coupable, les explications de son avocat - C\u00f4te d&#039;Ivoire\",\"isPartOf\":{\"@id\":\"https:\/\/www.africa-press.net\/cotedivoire\/#website\"},\"primaryImageOfPage\":{\"@id\":\"https:\/\/www.africa-press.net\/cotedivoire\/toutes-les-actualites\/affaire-de-fraude-sur-la-nationalite-et-trafic-de-passeports-abass-baddredine-declare-non-coupable-les-explications-de-son-avocat#primaryimage\"},\"image\":{\"@id\":\"https:\/\/www.africa-press.net\/cotedivoire\/toutes-les-actualites\/affaire-de-fraude-sur-la-nationalite-et-trafic-de-passeports-abass-baddredine-declare-non-coupable-les-explications-de-son-avocat#primaryimage\"},\"thumbnailUrl\":\"https:\/\/static.africa-press.net\/cote\/sites\/43\/2024\/06\/sm_1718280804.067701.jpg\",\"datePublished\":\"2024-06-13T14:08:01+00:00\",\"dateModified\":\"2024-06-13T15:43:49+00:00\",\"author\":{\"@id\":\"https:\/\/www.africa-press.net\/cotedivoire\/#\/schema\/person\/2b1cf3cd81a31e3cd26889ca66d677f1\"},\"description\":\"Comme nous le relayions dans un pre\u0301ce\u0301dent article, l\u2019homme d\u2019affaires Abbas Baddredine, a e\u0301te\u0301 acquitte\u0301 le mercredi ...\",\"breadcrumb\":{\"@id\":\"https:\/\/www.africa-press.net\/cotedivoire\/toutes-les-actualites\/affaire-de-fraude-sur-la-nationalite-et-trafic-de-passeports-abass-baddredine-declare-non-coupable-les-explications-de-son-avocat#breadcrumb\"},\"inLanguage\":\"fr-FR\",\"potentialAction\":[{\"@type\":\"ReadAction\",\"target\":[\"https:\/\/www.africa-press.net\/cotedivoire\/toutes-les-actualites\/affaire-de-fraude-sur-la-nationalite-et-trafic-de-passeports-abass-baddredine-declare-non-coupable-les-explications-de-son-avocat\"]}]},{\"@type\":\"ImageObject\",\"inLanguage\":\"fr-FR\",\"@id\":\"https:\/\/www.africa-press.net\/cotedivoire\/toutes-les-actualites\/affaire-de-fraude-sur-la-nationalite-et-trafic-de-passeports-abass-baddredine-declare-non-coupable-les-explications-de-son-avocat#primaryimage\",\"url\":\"https:\/\/static.africa-press.net\/cote\/sites\/43\/2024\/06\/sm_1718280804.067701.jpg\",\"contentUrl\":\"https:\/\/static.africa-press.net\/cote\/sites\/43\/2024\/06\/sm_1718280804.067701.jpg\",\"width\":720,\"height\":472,\"caption\":\"\u00ab Affaire de fraude sur la nationalit\u00e9 et trafic de passeports \u00bb, Abass Baddredine d\u00e9clar\u00e9 non coupable, les explications de son avocat\"},{\"@type\":\"BreadcrumbList\",\"@id\":\"https:\/\/www.africa-press.net\/cotedivoire\/toutes-les-actualites\/affaire-de-fraude-sur-la-nationalite-et-trafic-de-passeports-abass-baddredine-declare-non-coupable-les-explications-de-son-avocat#breadcrumb\",\"itemListElement\":[{\"@type\":\"ListItem\",\"position\":1,\"name\":\"Accueil\",\"item\":\"https:\/\/www.africa-press.net\/cotedivoire\/\"},{\"@type\":\"ListItem\",\"position\":2,\"name\":\"\u00ab Affaire de fraude sur la nationalit\u00e9 et trafic de passeports \u00bb, Abass Baddredine d\u00e9clar\u00e9 non coupable, les explications de son avocat\"}]},{\"@type\":\"WebSite\",\"@id\":\"https:\/\/www.africa-press.net\/cotedivoire\/#website\",\"url\":\"https:\/\/www.africa-press.net\/cotedivoire\/\",\"name\":\"C\u00f4te d&#039;Ivoire\",\"description\":\"Just another Africa News Agency Sites site\",\"potentialAction\":[{\"@type\":\"SearchAction\",\"target\":{\"@type\":\"EntryPoint\",\"urlTemplate\":\"https:\/\/www.africa-press.net\/cotedivoire\/?s={search_term_string}\"},\"query-input\":{\"@type\":\"PropertyValueSpecification\",\"valueRequired\":true,\"valueName\":\"search_term_string\"}}],\"inLanguage\":\"fr-FR\"},{\"@type\":\"Person\",\"@id\":\"https:\/\/www.africa-press.net\/cotedivoire\/#\/schema\/person\/2b1cf3cd81a31e3cd26889ca66d677f1\",\"name\":\"cfeditorfr\"}]}<\/script>\n<!-- \/ Yoast SEO Premium plugin. -->","yoast_head_json":{"title":"\u00ab Affaire de fraude sur la nationalit\u00e9 et trafic de passeports \u00bb, Abass Baddredine d\u00e9clar\u00e9 non coupable, les explications de son avocat - C\u00f4te d&#039;Ivoire","description":"Comme nous le relayions dans un pre\u0301ce\u0301dent article, l\u2019homme d\u2019affaires Abbas Baddredine, a e\u0301te\u0301 acquitte\u0301 le mercredi ...","robots":{"index":"index","follow":"follow","max-snippet":"max-snippet:-1","max-image-preview":"max-image-preview:large","max-video-preview":"max-video-preview:-1"},"canonical":"https:\/\/www.africa-press.net\/cotedivoire\/toutes-les-actualites\/affaire-de-fraude-sur-la-nationalite-et-trafic-de-passeports-abass-baddredine-declare-non-coupable-les-explications-de-son-avocat","og_locale":"fr_FR","og_type":"article","og_title":"\u00ab Affaire de fraude sur la nationalit\u00e9 et trafic de passeports \u00bb, Abass Baddredine d\u00e9clar\u00e9 non coupable, les explications de son avocat","og_description":"Comme nous le relayions dans un pre\u0301ce\u0301dent article, l\u2019homme d\u2019affaires Abbas Baddredine, a e\u0301te\u0301 acquitte\u0301 le mercredi ...","og_url":"https:\/\/www.africa-press.net\/cotedivoire\/toutes-les-actualites\/affaire-de-fraude-sur-la-nationalite-et-trafic-de-passeports-abass-baddredine-declare-non-coupable-les-explications-de-son-avocat","og_site_name":"C\u00f4te d&#039;Ivoire","article_published_time":"2024-06-13T14:08:01+00:00","article_modified_time":"2024-06-13T15:43:49+00:00","og_image":[{"width":720,"height":472,"url":"https:\/\/static.africa-press.net\/cote\/sites\/43\/2024\/06\/sm_1718280804.067701.jpg","type":"image\/jpeg"}],"author":"cfeditorfr","twitter_card":"summary_large_image","twitter_misc":{"\u00c9crit par":"cfeditorfr","Dur\u00e9e de lecture estim\u00e9e":"2 minutes"},"schema":{"@context":"https:\/\/schema.org","@graph":[{"@type":"Article","@id":"https:\/\/www.africa-press.net\/cotedivoire\/toutes-les-actualites\/affaire-de-fraude-sur-la-nationalite-et-trafic-de-passeports-abass-baddredine-declare-non-coupable-les-explications-de-son-avocat#article","isPartOf":{"@id":"https:\/\/www.africa-press.net\/cotedivoire\/toutes-les-actualites\/affaire-de-fraude-sur-la-nationalite-et-trafic-de-passeports-abass-baddredine-declare-non-coupable-les-explications-de-son-avocat"},"author":{"name":"cfeditorfr","@id":"https:\/\/www.africa-press.net\/cotedivoire\/#\/schema\/person\/2b1cf3cd81a31e3cd26889ca66d677f1"},"headline":"\u00ab Affaire de fraude sur la nationalit\u00e9 et trafic de passeports \u00bb, Abass Baddredine d\u00e9clar\u00e9 non coupable, les explications de son avocat","datePublished":"2024-06-13T14:08:01+00:00","dateModified":"2024-06-13T15:43:49+00:00","mainEntityOfPage":{"@id":"https:\/\/www.africa-press.net\/cotedivoire\/toutes-les-actualites\/affaire-de-fraude-sur-la-nationalite-et-trafic-de-passeports-abass-baddredine-declare-non-coupable-les-explications-de-son-avocat"},"wordCount":336,"commentCount":0,"image":{"@id":"https:\/\/www.africa-press.net\/cotedivoire\/toutes-les-actualites\/affaire-de-fraude-sur-la-nationalite-et-trafic-de-passeports-abass-baddredine-declare-non-coupable-les-explications-de-son-avocat#primaryimage"},"thumbnailUrl":"https:\/\/static.africa-press.net\/cote\/sites\/43\/2024\/06\/sm_1718280804.067701.jpg","keywords":["Abbas Baddredine","C\u00d4TE D'IVOIRE","Donald Parfait Bedi","Justice","nationalit\u00e9","passeports","trafic"],"articleSection":["Communaut\u00e9","Toutes les actualit\u00e9s"],"inLanguage":"fr-FR","potentialAction":[{"@type":"CommentAction","name":"Comment","target":["https:\/\/www.africa-press.net\/cotedivoire\/toutes-les-actualites\/affaire-de-fraude-sur-la-nationalite-et-trafic-de-passeports-abass-baddredine-declare-non-coupable-les-explications-de-son-avocat#respond"]}]},{"@type":"WebPage","@id":"https:\/\/www.africa-press.net\/cotedivoire\/toutes-les-actualites\/affaire-de-fraude-sur-la-nationalite-et-trafic-de-passeports-abass-baddredine-declare-non-coupable-les-explications-de-son-avocat","url":"https:\/\/www.africa-press.net\/cotedivoire\/toutes-les-actualites\/affaire-de-fraude-sur-la-nationalite-et-trafic-de-passeports-abass-baddredine-declare-non-coupable-les-explications-de-son-avocat","name":"\u00ab Affaire de fraude sur la nationalit\u00e9 et trafic de passeports \u00bb, Abass Baddredine d\u00e9clar\u00e9 non coupable, les explications de son avocat - C\u00f4te d&#039;Ivoire","isPartOf":{"@id":"https:\/\/www.africa-press.net\/cotedivoire\/#website"},"primaryImageOfPage":{"@id":"https:\/\/www.africa-press.net\/cotedivoire\/toutes-les-actualites\/affaire-de-fraude-sur-la-nationalite-et-trafic-de-passeports-abass-baddredine-declare-non-coupable-les-explications-de-son-avocat#primaryimage"},"image":{"@id":"https:\/\/www.africa-press.net\/cotedivoire\/toutes-les-actualites\/affaire-de-fraude-sur-la-nationalite-et-trafic-de-passeports-abass-baddredine-declare-non-coupable-les-explications-de-son-avocat#primaryimage"},"thumbnailUrl":"https:\/\/static.africa-press.net\/cote\/sites\/43\/2024\/06\/sm_1718280804.067701.jpg","datePublished":"2024-06-13T14:08:01+00:00","dateModified":"2024-06-13T15:43:49+00:00","author":{"@id":"https:\/\/www.africa-press.net\/cotedivoire\/#\/schema\/person\/2b1cf3cd81a31e3cd26889ca66d677f1"},"description":"Comme nous le relayions dans un pre\u0301ce\u0301dent article, l\u2019homme d\u2019affaires Abbas Baddredine, a e\u0301te\u0301 acquitte\u0301 le mercredi ...","breadcrumb":{"@id":"https:\/\/www.africa-press.net\/cotedivoire\/toutes-les-actualites\/affaire-de-fraude-sur-la-nationalite-et-trafic-de-passeports-abass-baddredine-declare-non-coupable-les-explications-de-son-avocat#breadcrumb"},"inLanguage":"fr-FR","potentialAction":[{"@type":"ReadAction","target":["https:\/\/www.africa-press.net\/cotedivoire\/toutes-les-actualites\/affaire-de-fraude-sur-la-nationalite-et-trafic-de-passeports-abass-baddredine-declare-non-coupable-les-explications-de-son-avocat"]}]},{"@type":"ImageObject","inLanguage":"fr-FR","@id":"https:\/\/www.africa-press.net\/cotedivoire\/toutes-les-actualites\/affaire-de-fraude-sur-la-nationalite-et-trafic-de-passeports-abass-baddredine-declare-non-coupable-les-explications-de-son-avocat#primaryimage","url":"https:\/\/static.africa-press.net\/cote\/sites\/43\/2024\/06\/sm_1718280804.067701.jpg","contentUrl":"https:\/\/static.africa-press.net\/cote\/sites\/43\/2024\/06\/sm_1718280804.067701.jpg","width":720,"height":472,"caption":"\u00ab Affaire de fraude sur la nationalit\u00e9 et trafic de passeports \u00bb, Abass Baddredine d\u00e9clar\u00e9 non coupable, les explications de son avocat"},{"@type":"BreadcrumbList","@id":"https:\/\/www.africa-press.net\/cotedivoire\/toutes-les-actualites\/affaire-de-fraude-sur-la-nationalite-et-trafic-de-passeports-abass-baddredine-declare-non-coupable-les-explications-de-son-avocat#breadcrumb","itemListElement":[{"@type":"ListItem","position":1,"name":"Accueil","item":"https:\/\/www.africa-press.net\/cotedivoire\/"},{"@type":"ListItem","position":2,"name":"\u00ab Affaire de fraude sur la nationalit\u00e9 et trafic de passeports \u00bb, Abass Baddredine d\u00e9clar\u00e9 non coupable, les explications de son avocat"}]},{"@type":"WebSite","@id":"https:\/\/www.africa-press.net\/cotedivoire\/#website","url":"https:\/\/www.africa-press.net\/cotedivoire\/","name":"C\u00f4te d&#039;Ivoire","description":"Just another Africa News Agency Sites site","potentialAction":[{"@type":"SearchAction","target":{"@type":"EntryPoint","urlTemplate":"https:\/\/www.africa-press.net\/cotedivoire\/?s={search_term_string}"},"query-input":{"@type":"PropertyValueSpecification","valueRequired":true,"valueName":"search_term_string"}}],"inLanguage":"fr-FR"},{"@type":"Person","@id":"https:\/\/www.africa-press.net\/cotedivoire\/#\/schema\/person\/2b1cf3cd81a31e3cd26889ca66d677f1","name":"cfeditorfr"}]}},"_links":{"self":[{"href":"https:\/\/www.africa-press.net\/cotedivoire\/wp-json\/wp\/v2\/posts\/81935","targetHints":{"allow":["GET"]}}],"collection":[{"href":"https:\/\/www.africa-press.net\/cotedivoire\/wp-json\/wp\/v2\/posts"}],"about":[{"href":"https:\/\/www.africa-press.net\/cotedivoire\/wp-json\/wp\/v2\/types\/post"}],"author":[{"embeddable":true,"href":"https:\/\/www.africa-press.net\/cotedivoire\/wp-json\/wp\/v2\/users\/82"}],"replies":[{"embeddable":true,"href":"https:\/\/www.africa-press.net\/cotedivoire\/wp-json\/wp\/v2\/comments?post=81935"}],"version-history":[{"count":0,"href":"https:\/\/www.africa-press.net\/cotedivoire\/wp-json\/wp\/v2\/posts\/81935\/revisions"}],"wp:featuredmedia":[{"embeddable":true,"href":"https:\/\/www.africa-press.net\/cotedivoire\/wp-json\/wp\/v2\/media\/81933"}],"wp:attachment":[{"href":"https:\/\/www.africa-press.net\/cotedivoire\/wp-json\/wp\/v2\/media?parent=81935"}],"wp:term":[{"taxonomy":"category","embeddable":true,"href":"https:\/\/www.africa-press.net\/cotedivoire\/wp-json\/wp\/v2\/categories?post=81935"},{"taxonomy":"post_tag","embeddable":true,"href":"https:\/\/www.africa-press.net\/cotedivoire\/wp-json\/wp\/v2\/tags?post=81935"}],"curies":[{"name":"wp","href":"https:\/\/api.w.org\/{rel}","templated":true}]}}