{"id":8194,"date":"2021-05-26T15:29:24","date_gmt":"2021-05-26T15:29:24","guid":{"rendered":"https:\/\/www.africa-press.net\/cotedivoire\/?p=8194"},"modified":"2021-05-26T20:16:51","modified_gmt":"2021-05-26T20:16:51","slug":"armees-francaises-le-43e-bima-en-cote-divoire-receptionne-28-vehicules-tactiques","status":"publish","type":"post","link":"https:\/\/www.africa-press.net\/cotedivoire\/politique\/armees-francaises-le-43e-bima-en-cote-divoire-receptionne-28-vehicules-tactiques","title":{"rendered":"Arm\u00e9es fran\u00e7aises: Le 43e BIMa en C\u00f4te-d\u2019Ivoire r\u00e9ceptionne 28 v\u00e9hicules tactiques"},"content":{"rendered":"<p><span style=\"color: #ff6600\"><strong><a href=\"https:\/\/www.africa-press.net\/\">Africa-Press<\/a> &#8211; <a href=\"https:\/\/www.africa-press.net\/cotedivoire\">C\u00f4te d&rsquo;Ivoire<\/a>. <\/strong><\/span>Durant le mois de mars, le 43e Bataillon d\u2019infanterie de marine (BIMa) a r\u00e9ceptionn\u00e9 ses premiers V\u00e9hicules tactiques 4\u00d74 (VT4) standards 2.2 de l\u2019arm\u00e9e de Terre. Ces v\u00e9hicules sont destin\u00e9s \u00e0 remplacer les V\u00e9hicules l\u00e9ger tout-terrain (VLTT) Peugeot P4 vieillissants.<\/p>\n<p>En mars et mai 2021, ce sont vingt-huit v\u00e9hicules qui ont \u00e9t\u00e9 livr\u00e9s au 43e BIMa. Douze autres v\u00e9hicules arriveront sur les prochains navires affr\u00e9t\u00e9s. Dans ce cadre, chaque v\u00e9hicule a fait l\u2019objet d\u2019une v\u00e9rification par le D\u00e9tachement de maintenance des mat\u00e9riels terrestres (DMMT) en arrivant sur le territoire.<\/p>\n<p>Ces v\u00e9hicules de liaison seront utilis\u00e9s par les combattants FELIN (Fantassin \u00e0 \u00e9quipement et liaisons int\u00e9gr\u00e9es) lors des activit\u00e9s de pr\u00e9paration op\u00e9rationnelle, de formation ou de partenariat militaire op\u00e9rationnel. Leurs moyens de communication et d\u2019information leur permettent de s\u2019ins\u00e9rer dans un dispositif tactique. Il s\u2019agira pour ces derniers d\u2019entrer pleinement dans l\u2019\u00e8re SCORPION.<\/p>\n<p>La livraison des VT4 contribue \u00e0 placer le 43e BIMa, unit\u00e9 de l\u2019arm\u00e9e de Terre au sein des Forces fran\u00e7aises en C\u00f4te d\u2019Ivoire (FFCI), aux m\u00eames standards que les forces terrestres m\u00e9tropolitaines. Cette capacit\u00e9 suppl\u00e9mentaire permettra aux unit\u00e9s tournantes d\u2019assurer le maintien d\u2019un haut niveau d\u2019entra\u00eenement au plus pr\u00e8s des conditions en op\u00e9rations ext\u00e9rieures.<\/p>\n<p>Cr\u00e9\u00e9es le 1er janvier 2015, les Forces fran\u00e7aises en C\u00f4te d\u2019Ivoire s\u2019inscrivent dans la continuit\u00e9 de l\u2019accord de partenariat de d\u00e9fense de 2012 qui scelle une proximit\u00e9 ancienne entre la France et la C\u00f4te d\u2019Ivoire. Les 900 militaires engag\u00e9s forment la r\u00e9serve op\u00e9rative pour l\u2019Afrique centrale et de l\u2019Ouest et sont charg\u00e9s d\u2019appuyer et de soutenir les op\u00e9rations dans la zone, mais aussi de mettre en \u0153uvre un partenariat militaire op\u00e9rationnel avec la R\u00e9publique de C\u00f4te d\u2019Ivoire et en coop\u00e9ration avec les forces partenaires de la r\u00e9gion.<\/p>\n<p>&nbsp;<\/p>\n","protected":false},"excerpt":{"rendered":"<p>Africa-Press &#8211; C\u00f4te d&rsquo;Ivoire. Durant le mois de mars, le 43e Bataillon d\u2019infanterie de marine (BIMa) a r\u00e9ceptionn\u00e9 ses premiers V\u00e9hicules tactiques 4\u00d74 (VT4) standards 2.2 de l\u2019arm\u00e9e de Terre. Ces v\u00e9hicules sont destin\u00e9s \u00e0 remplacer les V\u00e9hicules l\u00e9ger tout-terrain (VLTT) Peugeot P4 vieillissants. En mars et mai 2021, ce sont vingt-huit v\u00e9hicules qui ont [&hellip;]<\/p>\n","protected":false},"author":82,"featured_media":8193,"comment_status":"open","ping_status":"closed","sticky":false,"template":"","format":"standard","meta":{"footnotes":""},"categories":[11,2,10],"tags":[56,63,29],"class_list":["post-8194","post","type-post","status-publish","format-standard","has-post-thumbnail","hentry","category-homepage-french","category-politique","category-toutes-les-actualites","tag-africa-press","tag-africa-press-cote-divoire","tag-cote-divoire"],"yoast_head":"<!-- This site is optimized with the Yoast SEO Premium plugin v26.1 (Yoast SEO v27.0) - https:\/\/yoast.com\/product\/yoast-seo-premium-wordpress\/ -->\n<title>Arm\u00e9es fran\u00e7aises: Le 43e BIMa en C\u00f4te-d\u2019Ivoire r\u00e9ceptionne 28 v\u00e9hicules tactiques - C\u00f4te d&#039;Ivoire<\/title>\n<meta name=\"description\" content=\"FFCI: L\u2019arriv\u00e9e des premiers v\u00e9hicules tactiques au 43e BIMa Durant le mois de mars, le 43e Bataillon d\u2019infanterie de m ...\" \/>\n<meta name=\"robots\" content=\"index, follow, max-snippet:-1, max-image-preview:large, max-video-preview:-1\" \/>\n<link rel=\"canonical\" href=\"https:\/\/www.africa-press.net\/cotedivoire\/politique\/armees-francaises-le-43e-bima-en-cote-divoire-receptionne-28-vehicules-tactiques\" \/>\n<meta property=\"og:locale\" content=\"fr_FR\" \/>\n<meta property=\"og:type\" content=\"article\" \/>\n<meta property=\"og:title\" content=\"Arm\u00e9es fran\u00e7aises: Le 43e BIMa en C\u00f4te-d\u2019Ivoire r\u00e9ceptionne 28 v\u00e9hicules tactiques\" \/>\n<meta property=\"og:description\" content=\"FFCI: L\u2019arriv\u00e9e des premiers v\u00e9hicules tactiques au 43e BIMa Durant le mois de mars, le 43e Bataillon d\u2019infanterie de m ...\" \/>\n<meta property=\"og:url\" content=\"https:\/\/www.africa-press.net\/cotedivoire\/politique\/armees-francaises-le-43e-bima-en-cote-divoire-receptionne-28-vehicules-tactiques\" \/>\n<meta property=\"og:site_name\" content=\"C\u00f4te d&#039;Ivoire\" \/>\n<meta property=\"article:published_time\" content=\"2021-05-26T15:29:24+00:00\" \/>\n<meta property=\"article:modified_time\" content=\"2021-05-26T20:16:51+00:00\" \/>\n<meta property=\"og:image\" content=\"https:\/\/static.africa-press.net\/cote\/sites\/43\/2021\/05\/img-60ae63e1608d0.jpg\" \/>\n\t<meta property=\"og:image:width\" content=\"800\" \/>\n\t<meta property=\"og:image:height\" content=\"532\" \/>\n\t<meta property=\"og:image:type\" content=\"image\/jpeg\" \/>\n<meta name=\"author\" content=\"cfeditorfr\" \/>\n<meta name=\"twitter:card\" content=\"summary_large_image\" \/>\n<meta name=\"twitter:label1\" content=\"\u00c9crit par\" \/>\n\t<meta name=\"twitter:data1\" content=\"cfeditorfr\" \/>\n\t<meta name=\"twitter:label2\" content=\"Dur\u00e9e de lecture estim\u00e9e\" \/>\n\t<meta name=\"twitter:data2\" content=\"2 minutes\" \/>\n<script type=\"application\/ld+json\" class=\"yoast-schema-graph\">{\"@context\":\"https:\/\/schema.org\",\"@graph\":[{\"@type\":\"Article\",\"@id\":\"https:\/\/www.africa-press.net\/cotedivoire\/politique\/armees-francaises-le-43e-bima-en-cote-divoire-receptionne-28-vehicules-tactiques#article\",\"isPartOf\":{\"@id\":\"https:\/\/www.africa-press.net\/cotedivoire\/politique\/armees-francaises-le-43e-bima-en-cote-divoire-receptionne-28-vehicules-tactiques\"},\"author\":{\"name\":\"cfeditorfr\",\"@id\":\"https:\/\/www.africa-press.net\/cotedivoire\/#\/schema\/person\/2b1cf3cd81a31e3cd26889ca66d677f1\"},\"headline\":\"Arm\u00e9es fran\u00e7aises: Le 43e BIMa en C\u00f4te-d\u2019Ivoire r\u00e9ceptionne 28 v\u00e9hicules tactiques\",\"datePublished\":\"2021-05-26T15:29:24+00:00\",\"dateModified\":\"2021-05-26T20:16:51+00:00\",\"mainEntityOfPage\":{\"@id\":\"https:\/\/www.africa-press.net\/cotedivoire\/politique\/armees-francaises-le-43e-bima-en-cote-divoire-receptionne-28-vehicules-tactiques\"},\"wordCount\":370,\"commentCount\":0,\"image\":{\"@id\":\"https:\/\/www.africa-press.net\/cotedivoire\/politique\/armees-francaises-le-43e-bima-en-cote-divoire-receptionne-28-vehicules-tactiques#primaryimage\"},\"thumbnailUrl\":\"https:\/\/static.africa-press.net\/cote\/sites\/43\/2021\/05\/img-60ae63e1608d0.jpg\",\"keywords\":[\"Africa Press\",\"Africa Press-C\u00f4te d'Ivoire\",\"C\u00d4TE D'IVOIRE\"],\"articleSection\":[\"homepage-french\",\"Politique\",\"Toutes les actualit\u00e9s\"],\"inLanguage\":\"fr-FR\",\"potentialAction\":[{\"@type\":\"CommentAction\",\"name\":\"Comment\",\"target\":[\"https:\/\/www.africa-press.net\/cotedivoire\/politique\/armees-francaises-le-43e-bima-en-cote-divoire-receptionne-28-vehicules-tactiques#respond\"]}]},{\"@type\":\"WebPage\",\"@id\":\"https:\/\/www.africa-press.net\/cotedivoire\/politique\/armees-francaises-le-43e-bima-en-cote-divoire-receptionne-28-vehicules-tactiques\",\"url\":\"https:\/\/www.africa-press.net\/cotedivoire\/politique\/armees-francaises-le-43e-bima-en-cote-divoire-receptionne-28-vehicules-tactiques\",\"name\":\"Arm\u00e9es fran\u00e7aises: Le 43e BIMa en C\u00f4te-d\u2019Ivoire r\u00e9ceptionne 28 v\u00e9hicules tactiques - C\u00f4te d&#039;Ivoire\",\"isPartOf\":{\"@id\":\"https:\/\/www.africa-press.net\/cotedivoire\/#website\"},\"primaryImageOfPage\":{\"@id\":\"https:\/\/www.africa-press.net\/cotedivoire\/politique\/armees-francaises-le-43e-bima-en-cote-divoire-receptionne-28-vehicules-tactiques#primaryimage\"},\"image\":{\"@id\":\"https:\/\/www.africa-press.net\/cotedivoire\/politique\/armees-francaises-le-43e-bima-en-cote-divoire-receptionne-28-vehicules-tactiques#primaryimage\"},\"thumbnailUrl\":\"https:\/\/static.africa-press.net\/cote\/sites\/43\/2021\/05\/img-60ae63e1608d0.jpg\",\"datePublished\":\"2021-05-26T15:29:24+00:00\",\"dateModified\":\"2021-05-26T20:16:51+00:00\",\"author\":{\"@id\":\"https:\/\/www.africa-press.net\/cotedivoire\/#\/schema\/person\/2b1cf3cd81a31e3cd26889ca66d677f1\"},\"description\":\"FFCI: L\u2019arriv\u00e9e des premiers v\u00e9hicules tactiques au 43e BIMa Durant le mois de mars, le 43e Bataillon d\u2019infanterie de m ...\",\"breadcrumb\":{\"@id\":\"https:\/\/www.africa-press.net\/cotedivoire\/politique\/armees-francaises-le-43e-bima-en-cote-divoire-receptionne-28-vehicules-tactiques#breadcrumb\"},\"inLanguage\":\"fr-FR\",\"potentialAction\":[{\"@type\":\"ReadAction\",\"target\":[\"https:\/\/www.africa-press.net\/cotedivoire\/politique\/armees-francaises-le-43e-bima-en-cote-divoire-receptionne-28-vehicules-tactiques\"]}]},{\"@type\":\"ImageObject\",\"inLanguage\":\"fr-FR\",\"@id\":\"https:\/\/www.africa-press.net\/cotedivoire\/politique\/armees-francaises-le-43e-bima-en-cote-divoire-receptionne-28-vehicules-tactiques#primaryimage\",\"url\":\"https:\/\/static.africa-press.net\/cote\/sites\/43\/2021\/05\/img-60ae63e1608d0.jpg\",\"contentUrl\":\"https:\/\/static.africa-press.net\/cote\/sites\/43\/2021\/05\/img-60ae63e1608d0.jpg\",\"width\":800,\"height\":532,\"caption\":\"Arm\u00e9es fran\u00e7aises: Le 43e BIMa en C\u00f4te-d\u2019Ivoire r\u00e9ceptionne 28 v\u00e9hicules tactiques\"},{\"@type\":\"BreadcrumbList\",\"@id\":\"https:\/\/www.africa-press.net\/cotedivoire\/politique\/armees-francaises-le-43e-bima-en-cote-divoire-receptionne-28-vehicules-tactiques#breadcrumb\",\"itemListElement\":[{\"@type\":\"ListItem\",\"position\":1,\"name\":\"Accueil\",\"item\":\"https:\/\/www.africa-press.net\/cotedivoire\/\"},{\"@type\":\"ListItem\",\"position\":2,\"name\":\"Arm\u00e9es fran\u00e7aises: Le 43e BIMa en C\u00f4te-d\u2019Ivoire r\u00e9ceptionne 28 v\u00e9hicules tactiques\"}]},{\"@type\":\"WebSite\",\"@id\":\"https:\/\/www.africa-press.net\/cotedivoire\/#website\",\"url\":\"https:\/\/www.africa-press.net\/cotedivoire\/\",\"name\":\"C\u00f4te d&#039;Ivoire\",\"description\":\"Just another Africa News Agency Sites site\",\"potentialAction\":[{\"@type\":\"SearchAction\",\"target\":{\"@type\":\"EntryPoint\",\"urlTemplate\":\"https:\/\/www.africa-press.net\/cotedivoire\/?s={search_term_string}\"},\"query-input\":{\"@type\":\"PropertyValueSpecification\",\"valueRequired\":true,\"valueName\":\"search_term_string\"}}],\"inLanguage\":\"fr-FR\"},{\"@type\":\"Person\",\"@id\":\"https:\/\/www.africa-press.net\/cotedivoire\/#\/schema\/person\/2b1cf3cd81a31e3cd26889ca66d677f1\",\"name\":\"cfeditorfr\"}]}<\/script>\n<!-- \/ Yoast SEO Premium plugin. -->","yoast_head_json":{"title":"Arm\u00e9es fran\u00e7aises: Le 43e BIMa en C\u00f4te-d\u2019Ivoire r\u00e9ceptionne 28 v\u00e9hicules tactiques - C\u00f4te d&#039;Ivoire","description":"FFCI: L\u2019arriv\u00e9e des premiers v\u00e9hicules tactiques au 43e BIMa Durant le mois de mars, le 43e Bataillon d\u2019infanterie de m ...","robots":{"index":"index","follow":"follow","max-snippet":"max-snippet:-1","max-image-preview":"max-image-preview:large","max-video-preview":"max-video-preview:-1"},"canonical":"https:\/\/www.africa-press.net\/cotedivoire\/politique\/armees-francaises-le-43e-bima-en-cote-divoire-receptionne-28-vehicules-tactiques","og_locale":"fr_FR","og_type":"article","og_title":"Arm\u00e9es fran\u00e7aises: Le 43e BIMa en C\u00f4te-d\u2019Ivoire r\u00e9ceptionne 28 v\u00e9hicules tactiques","og_description":"FFCI: L\u2019arriv\u00e9e des premiers v\u00e9hicules tactiques au 43e BIMa Durant le mois de mars, le 43e Bataillon d\u2019infanterie de m ...","og_url":"https:\/\/www.africa-press.net\/cotedivoire\/politique\/armees-francaises-le-43e-bima-en-cote-divoire-receptionne-28-vehicules-tactiques","og_site_name":"C\u00f4te d&#039;Ivoire","article_published_time":"2021-05-26T15:29:24+00:00","article_modified_time":"2021-05-26T20:16:51+00:00","og_image":[{"width":800,"height":532,"url":"https:\/\/static.africa-press.net\/cote\/sites\/43\/2021\/05\/img-60ae63e1608d0.jpg","type":"image\/jpeg"}],"author":"cfeditorfr","twitter_card":"summary_large_image","twitter_misc":{"\u00c9crit par":"cfeditorfr","Dur\u00e9e de lecture estim\u00e9e":"2 minutes"},"schema":{"@context":"https:\/\/schema.org","@graph":[{"@type":"Article","@id":"https:\/\/www.africa-press.net\/cotedivoire\/politique\/armees-francaises-le-43e-bima-en-cote-divoire-receptionne-28-vehicules-tactiques#article","isPartOf":{"@id":"https:\/\/www.africa-press.net\/cotedivoire\/politique\/armees-francaises-le-43e-bima-en-cote-divoire-receptionne-28-vehicules-tactiques"},"author":{"name":"cfeditorfr","@id":"https:\/\/www.africa-press.net\/cotedivoire\/#\/schema\/person\/2b1cf3cd81a31e3cd26889ca66d677f1"},"headline":"Arm\u00e9es fran\u00e7aises: Le 43e BIMa en C\u00f4te-d\u2019Ivoire r\u00e9ceptionne 28 v\u00e9hicules tactiques","datePublished":"2021-05-26T15:29:24+00:00","dateModified":"2021-05-26T20:16:51+00:00","mainEntityOfPage":{"@id":"https:\/\/www.africa-press.net\/cotedivoire\/politique\/armees-francaises-le-43e-bima-en-cote-divoire-receptionne-28-vehicules-tactiques"},"wordCount":370,"commentCount":0,"image":{"@id":"https:\/\/www.africa-press.net\/cotedivoire\/politique\/armees-francaises-le-43e-bima-en-cote-divoire-receptionne-28-vehicules-tactiques#primaryimage"},"thumbnailUrl":"https:\/\/static.africa-press.net\/cote\/sites\/43\/2021\/05\/img-60ae63e1608d0.jpg","keywords":["Africa Press","Africa Press-C\u00f4te d'Ivoire","C\u00d4TE D'IVOIRE"],"articleSection":["homepage-french","Politique","Toutes les actualit\u00e9s"],"inLanguage":"fr-FR","potentialAction":[{"@type":"CommentAction","name":"Comment","target":["https:\/\/www.africa-press.net\/cotedivoire\/politique\/armees-francaises-le-43e-bima-en-cote-divoire-receptionne-28-vehicules-tactiques#respond"]}]},{"@type":"WebPage","@id":"https:\/\/www.africa-press.net\/cotedivoire\/politique\/armees-francaises-le-43e-bima-en-cote-divoire-receptionne-28-vehicules-tactiques","url":"https:\/\/www.africa-press.net\/cotedivoire\/politique\/armees-francaises-le-43e-bima-en-cote-divoire-receptionne-28-vehicules-tactiques","name":"Arm\u00e9es fran\u00e7aises: Le 43e BIMa en C\u00f4te-d\u2019Ivoire r\u00e9ceptionne 28 v\u00e9hicules tactiques - C\u00f4te d&#039;Ivoire","isPartOf":{"@id":"https:\/\/www.africa-press.net\/cotedivoire\/#website"},"primaryImageOfPage":{"@id":"https:\/\/www.africa-press.net\/cotedivoire\/politique\/armees-francaises-le-43e-bima-en-cote-divoire-receptionne-28-vehicules-tactiques#primaryimage"},"image":{"@id":"https:\/\/www.africa-press.net\/cotedivoire\/politique\/armees-francaises-le-43e-bima-en-cote-divoire-receptionne-28-vehicules-tactiques#primaryimage"},"thumbnailUrl":"https:\/\/static.africa-press.net\/cote\/sites\/43\/2021\/05\/img-60ae63e1608d0.jpg","datePublished":"2021-05-26T15:29:24+00:00","dateModified":"2021-05-26T20:16:51+00:00","author":{"@id":"https:\/\/www.africa-press.net\/cotedivoire\/#\/schema\/person\/2b1cf3cd81a31e3cd26889ca66d677f1"},"description":"FFCI: L\u2019arriv\u00e9e des premiers v\u00e9hicules tactiques au 43e BIMa Durant le mois de mars, le 43e Bataillon d\u2019infanterie de m ...","breadcrumb":{"@id":"https:\/\/www.africa-press.net\/cotedivoire\/politique\/armees-francaises-le-43e-bima-en-cote-divoire-receptionne-28-vehicules-tactiques#breadcrumb"},"inLanguage":"fr-FR","potentialAction":[{"@type":"ReadAction","target":["https:\/\/www.africa-press.net\/cotedivoire\/politique\/armees-francaises-le-43e-bima-en-cote-divoire-receptionne-28-vehicules-tactiques"]}]},{"@type":"ImageObject","inLanguage":"fr-FR","@id":"https:\/\/www.africa-press.net\/cotedivoire\/politique\/armees-francaises-le-43e-bima-en-cote-divoire-receptionne-28-vehicules-tactiques#primaryimage","url":"https:\/\/static.africa-press.net\/cote\/sites\/43\/2021\/05\/img-60ae63e1608d0.jpg","contentUrl":"https:\/\/static.africa-press.net\/cote\/sites\/43\/2021\/05\/img-60ae63e1608d0.jpg","width":800,"height":532,"caption":"Arm\u00e9es fran\u00e7aises: Le 43e BIMa en C\u00f4te-d\u2019Ivoire r\u00e9ceptionne 28 v\u00e9hicules tactiques"},{"@type":"BreadcrumbList","@id":"https:\/\/www.africa-press.net\/cotedivoire\/politique\/armees-francaises-le-43e-bima-en-cote-divoire-receptionne-28-vehicules-tactiques#breadcrumb","itemListElement":[{"@type":"ListItem","position":1,"name":"Accueil","item":"https:\/\/www.africa-press.net\/cotedivoire\/"},{"@type":"ListItem","position":2,"name":"Arm\u00e9es fran\u00e7aises: Le 43e BIMa en C\u00f4te-d\u2019Ivoire r\u00e9ceptionne 28 v\u00e9hicules tactiques"}]},{"@type":"WebSite","@id":"https:\/\/www.africa-press.net\/cotedivoire\/#website","url":"https:\/\/www.africa-press.net\/cotedivoire\/","name":"C\u00f4te d&#039;Ivoire","description":"Just another Africa News Agency Sites site","potentialAction":[{"@type":"SearchAction","target":{"@type":"EntryPoint","urlTemplate":"https:\/\/www.africa-press.net\/cotedivoire\/?s={search_term_string}"},"query-input":{"@type":"PropertyValueSpecification","valueRequired":true,"valueName":"search_term_string"}}],"inLanguage":"fr-FR"},{"@type":"Person","@id":"https:\/\/www.africa-press.net\/cotedivoire\/#\/schema\/person\/2b1cf3cd81a31e3cd26889ca66d677f1","name":"cfeditorfr"}]}},"_links":{"self":[{"href":"https:\/\/www.africa-press.net\/cotedivoire\/wp-json\/wp\/v2\/posts\/8194","targetHints":{"allow":["GET"]}}],"collection":[{"href":"https:\/\/www.africa-press.net\/cotedivoire\/wp-json\/wp\/v2\/posts"}],"about":[{"href":"https:\/\/www.africa-press.net\/cotedivoire\/wp-json\/wp\/v2\/types\/post"}],"author":[{"embeddable":true,"href":"https:\/\/www.africa-press.net\/cotedivoire\/wp-json\/wp\/v2\/users\/82"}],"replies":[{"embeddable":true,"href":"https:\/\/www.africa-press.net\/cotedivoire\/wp-json\/wp\/v2\/comments?post=8194"}],"version-history":[{"count":0,"href":"https:\/\/www.africa-press.net\/cotedivoire\/wp-json\/wp\/v2\/posts\/8194\/revisions"}],"wp:featuredmedia":[{"embeddable":true,"href":"https:\/\/www.africa-press.net\/cotedivoire\/wp-json\/wp\/v2\/media\/8193"}],"wp:attachment":[{"href":"https:\/\/www.africa-press.net\/cotedivoire\/wp-json\/wp\/v2\/media?parent=8194"}],"wp:term":[{"taxonomy":"category","embeddable":true,"href":"https:\/\/www.africa-press.net\/cotedivoire\/wp-json\/wp\/v2\/categories?post=8194"},{"taxonomy":"post_tag","embeddable":true,"href":"https:\/\/www.africa-press.net\/cotedivoire\/wp-json\/wp\/v2\/tags?post=8194"}],"curies":[{"name":"wp","href":"https:\/\/api.w.org\/{rel}","templated":true}]}}