{"id":8197,"date":"2021-05-26T15:36:20","date_gmt":"2021-05-26T15:36:20","guid":{"rendered":"https:\/\/www.africa-press.net\/cotedivoire\/?p=8197"},"modified":"2021-05-26T15:07:43","modified_gmt":"2021-05-26T15:07:43","slug":"mali-le-conseiller-special-des-affaires-africaines-de-la-russie-au-sahel-arrive-a-bamako","status":"publish","type":"post","link":"https:\/\/www.africa-press.net\/cotedivoire\/politique\/mali-le-conseiller-special-des-affaires-africaines-de-la-russie-au-sahel-arrive-a-bamako","title":{"rendered":"Mali \u2013 Le conseiller sp\u00e9cial des affaires africaines de la Russie au Sahel arriv\u00e9 \u00e0 Bamako"},"content":{"rendered":"<p><span style=\"color: #ff6600\"><strong><a href=\"https:\/\/www.africa-press.net\/\">Africa-Press<\/a> &#8211; <a href=\"https:\/\/www.africa-press.net\/cotedivoire\">C\u00f4te d&rsquo;Ivoire<\/a>. <\/strong><\/span><b>Lu pour vous sur Twitter<\/b><\/p>\n<p>Derni\u00e8re minute: Le conseiller sp\u00e9cial des affaires africaines de la Russie au Sahel attendu avant fin de cette semaine \u00e0 Bamako. Paris en difficult\u00e9 au Mali. @rfemassala (journaliste Financialafrik)<br \/>\n@saifon_djalloh a @rfemassala<br \/>\nOn s\u2019en fout de Paris! Pourquoi la situation de la France devrait-elle nous pr\u00e9occuper? Le Mali ne peut pas continuer \u00e0 rester dans une agonie \u00e9ternelle pour faire plaisir \u00e0 Paris. Qui a aggrav\u00e9 le bordel dans ce pays? \u00c9coutez bien ce qu\u2019en dit Me Bathily.<br \/>\nMali-France: Un accord de d\u00e9fense, inadapt\u00e9. #MALI; #Barkhane, #Sahel<br \/>\nAlors que la crise au Mali entre dans sa dixi\u00e8me ann\u00e9e, et pourtant les actes de violence et des exactions sur les populations civiles augmentent et se propa\u2026<br \/>\n@Absiby<br \/>\nEn r\u00e9ponse \u00e0<br \/>\n@rfemassala<br \/>\n@HawoyeAissata<br \/>\nChaque puissance qui soutient un pays le fait pour ses int\u00e9r\u00eats. Que \u00e7a soit la Chine, les Usa, La Russie, la France\u2026.nous avons besoin que nos dirigeants soient responsables et conscients des enjeux pour leurs concitoyens.<br \/>\nAssaman.B<br \/>\nVous \u00eates vraiment all\u00e9s \u00e0 l\u2019\u00e9cole de la France. Leur \u00e9ducation est bien pass\u00e9e. Nous allons essayer avec d\u2019autres et mourir si \u00e7a \u00e9choue, que la France ne vienne pas \u00e0 nos obs\u00e8ques<\/p>\n","protected":false},"excerpt":{"rendered":"<p>Africa-Press &#8211; C\u00f4te d&rsquo;Ivoire. Lu pour vous sur Twitter Derni\u00e8re minute: Le conseiller sp\u00e9cial des affaires africaines de la Russie au Sahel attendu avant fin de cette semaine \u00e0 Bamako. Paris en difficult\u00e9 au Mali. @rfemassala (journaliste Financialafrik) @saifon_djalloh a @rfemassala On s\u2019en fout de Paris! Pourquoi la situation de la France devrait-elle nous pr\u00e9occuper? [&hellip;]<\/p>\n","protected":false},"author":82,"featured_media":8196,"comment_status":"open","ping_status":"closed","sticky":false,"template":"","format":"standard","meta":{"footnotes":""},"categories":[11,2,10],"tags":[56,63,29],"class_list":["post-8197","post","type-post","status-publish","format-standard","has-post-thumbnail","hentry","category-homepage-french","category-politique","category-toutes-les-actualites","tag-africa-press","tag-africa-press-cote-divoire","tag-cote-divoire"],"yoast_head":"<!-- This site is optimized with the Yoast SEO Premium plugin v26.1 (Yoast SEO v27.0) - https:\/\/yoast.com\/product\/yoast-seo-premium-wordpress\/ -->\n<title>Mali \u2013 Le conseiller sp\u00e9cial des affaires africaines de la Russie au Sahel arriv\u00e9 \u00e0 Bamako - C\u00f4te d&#039;Ivoire<\/title>\n<meta name=\"description\" content=\"Lu pour vous sur Twitter Derni\u00e8re minute: Le conseiller sp\u00e9cial des affaires africaines de la Russie au Sahel at ...\" \/>\n<meta name=\"robots\" content=\"index, follow, max-snippet:-1, max-image-preview:large, max-video-preview:-1\" \/>\n<link rel=\"canonical\" href=\"https:\/\/www.africa-press.net\/cotedivoire\/politique\/mali-le-conseiller-special-des-affaires-africaines-de-la-russie-au-sahel-arrive-a-bamako\" \/>\n<meta property=\"og:locale\" content=\"fr_FR\" \/>\n<meta property=\"og:type\" content=\"article\" \/>\n<meta property=\"og:title\" content=\"Mali \u2013 Le conseiller sp\u00e9cial des affaires africaines de la Russie au Sahel arriv\u00e9 \u00e0 Bamako\" \/>\n<meta property=\"og:description\" content=\"Lu pour vous sur Twitter Derni\u00e8re minute: Le conseiller sp\u00e9cial des affaires africaines de la Russie au Sahel at ...\" \/>\n<meta property=\"og:url\" content=\"https:\/\/www.africa-press.net\/cotedivoire\/politique\/mali-le-conseiller-special-des-affaires-africaines-de-la-russie-au-sahel-arrive-a-bamako\" \/>\n<meta property=\"og:site_name\" content=\"C\u00f4te d&#039;Ivoire\" \/>\n<meta property=\"article:published_time\" content=\"2021-05-26T15:36:20+00:00\" \/>\n<meta property=\"og:image\" content=\"https:\/\/static.africa-press.net\/cote\/sites\/43\/2021\/05\/img-60ae641b4829e.jpg\" \/>\n\t<meta property=\"og:image:width\" content=\"720\" \/>\n\t<meta property=\"og:image:height\" content=\"360\" \/>\n\t<meta property=\"og:image:type\" content=\"image\/jpeg\" \/>\n<meta name=\"author\" content=\"cfeditorfr\" \/>\n<meta name=\"twitter:card\" content=\"summary_large_image\" \/>\n<meta name=\"twitter:label1\" content=\"\u00c9crit par\" \/>\n\t<meta name=\"twitter:data1\" content=\"cfeditorfr\" \/>\n\t<meta name=\"twitter:label2\" content=\"Dur\u00e9e de lecture estim\u00e9e\" \/>\n\t<meta name=\"twitter:data2\" content=\"1 minute\" \/>\n<script type=\"application\/ld+json\" class=\"yoast-schema-graph\">{\"@context\":\"https:\/\/schema.org\",\"@graph\":[{\"@type\":\"Article\",\"@id\":\"https:\/\/www.africa-press.net\/cotedivoire\/politique\/mali-le-conseiller-special-des-affaires-africaines-de-la-russie-au-sahel-arrive-a-bamako#article\",\"isPartOf\":{\"@id\":\"https:\/\/www.africa-press.net\/cotedivoire\/politique\/mali-le-conseiller-special-des-affaires-africaines-de-la-russie-au-sahel-arrive-a-bamako\"},\"author\":{\"name\":\"cfeditorfr\",\"@id\":\"https:\/\/www.africa-press.net\/cotedivoire\/#\/schema\/person\/2b1cf3cd81a31e3cd26889ca66d677f1\"},\"headline\":\"Mali \u2013 Le conseiller sp\u00e9cial des affaires africaines de la Russie au Sahel arriv\u00e9 \u00e0 Bamako\",\"datePublished\":\"2021-05-26T15:36:20+00:00\",\"mainEntityOfPage\":{\"@id\":\"https:\/\/www.africa-press.net\/cotedivoire\/politique\/mali-le-conseiller-special-des-affaires-africaines-de-la-russie-au-sahel-arrive-a-bamako\"},\"wordCount\":230,\"commentCount\":0,\"image\":{\"@id\":\"https:\/\/www.africa-press.net\/cotedivoire\/politique\/mali-le-conseiller-special-des-affaires-africaines-de-la-russie-au-sahel-arrive-a-bamako#primaryimage\"},\"thumbnailUrl\":\"https:\/\/static.africa-press.net\/cote\/sites\/43\/2021\/05\/img-60ae641b4829e.jpg\",\"keywords\":[\"Africa Press\",\"Africa Press-C\u00f4te d'Ivoire\",\"C\u00d4TE D'IVOIRE\"],\"articleSection\":[\"homepage-french\",\"Politique\",\"Toutes les actualit\u00e9s\"],\"inLanguage\":\"fr-FR\",\"potentialAction\":[{\"@type\":\"CommentAction\",\"name\":\"Comment\",\"target\":[\"https:\/\/www.africa-press.net\/cotedivoire\/politique\/mali-le-conseiller-special-des-affaires-africaines-de-la-russie-au-sahel-arrive-a-bamako#respond\"]}]},{\"@type\":\"WebPage\",\"@id\":\"https:\/\/www.africa-press.net\/cotedivoire\/politique\/mali-le-conseiller-special-des-affaires-africaines-de-la-russie-au-sahel-arrive-a-bamako\",\"url\":\"https:\/\/www.africa-press.net\/cotedivoire\/politique\/mali-le-conseiller-special-des-affaires-africaines-de-la-russie-au-sahel-arrive-a-bamako\",\"name\":\"Mali \u2013 Le conseiller sp\u00e9cial des affaires africaines de la Russie au Sahel arriv\u00e9 \u00e0 Bamako - C\u00f4te d&#039;Ivoire\",\"isPartOf\":{\"@id\":\"https:\/\/www.africa-press.net\/cotedivoire\/#website\"},\"primaryImageOfPage\":{\"@id\":\"https:\/\/www.africa-press.net\/cotedivoire\/politique\/mali-le-conseiller-special-des-affaires-africaines-de-la-russie-au-sahel-arrive-a-bamako#primaryimage\"},\"image\":{\"@id\":\"https:\/\/www.africa-press.net\/cotedivoire\/politique\/mali-le-conseiller-special-des-affaires-africaines-de-la-russie-au-sahel-arrive-a-bamako#primaryimage\"},\"thumbnailUrl\":\"https:\/\/static.africa-press.net\/cote\/sites\/43\/2021\/05\/img-60ae641b4829e.jpg\",\"datePublished\":\"2021-05-26T15:36:20+00:00\",\"author\":{\"@id\":\"https:\/\/www.africa-press.net\/cotedivoire\/#\/schema\/person\/2b1cf3cd81a31e3cd26889ca66d677f1\"},\"description\":\"Lu pour vous sur Twitter Derni\u00e8re minute: Le conseiller sp\u00e9cial des affaires africaines de la Russie au Sahel at ...\",\"breadcrumb\":{\"@id\":\"https:\/\/www.africa-press.net\/cotedivoire\/politique\/mali-le-conseiller-special-des-affaires-africaines-de-la-russie-au-sahel-arrive-a-bamako#breadcrumb\"},\"inLanguage\":\"fr-FR\",\"potentialAction\":[{\"@type\":\"ReadAction\",\"target\":[\"https:\/\/www.africa-press.net\/cotedivoire\/politique\/mali-le-conseiller-special-des-affaires-africaines-de-la-russie-au-sahel-arrive-a-bamako\"]}]},{\"@type\":\"ImageObject\",\"inLanguage\":\"fr-FR\",\"@id\":\"https:\/\/www.africa-press.net\/cotedivoire\/politique\/mali-le-conseiller-special-des-affaires-africaines-de-la-russie-au-sahel-arrive-a-bamako#primaryimage\",\"url\":\"https:\/\/static.africa-press.net\/cote\/sites\/43\/2021\/05\/img-60ae641b4829e.jpg\",\"contentUrl\":\"https:\/\/static.africa-press.net\/cote\/sites\/43\/2021\/05\/img-60ae641b4829e.jpg\",\"width\":720,\"height\":360,\"caption\":\"Mali \u2013 Le conseiller sp\u00e9cial des affaires africaines de la Russie au Sahel arriv\u00e9 \u00e0 Bamako\"},{\"@type\":\"BreadcrumbList\",\"@id\":\"https:\/\/www.africa-press.net\/cotedivoire\/politique\/mali-le-conseiller-special-des-affaires-africaines-de-la-russie-au-sahel-arrive-a-bamako#breadcrumb\",\"itemListElement\":[{\"@type\":\"ListItem\",\"position\":1,\"name\":\"Accueil\",\"item\":\"https:\/\/www.africa-press.net\/cotedivoire\/\"},{\"@type\":\"ListItem\",\"position\":2,\"name\":\"Mali \u2013 Le conseiller sp\u00e9cial des affaires africaines de la Russie au Sahel arriv\u00e9 \u00e0 Bamako\"}]},{\"@type\":\"WebSite\",\"@id\":\"https:\/\/www.africa-press.net\/cotedivoire\/#website\",\"url\":\"https:\/\/www.africa-press.net\/cotedivoire\/\",\"name\":\"C\u00f4te d&#039;Ivoire\",\"description\":\"Just another Africa News Agency Sites site\",\"potentialAction\":[{\"@type\":\"SearchAction\",\"target\":{\"@type\":\"EntryPoint\",\"urlTemplate\":\"https:\/\/www.africa-press.net\/cotedivoire\/?s={search_term_string}\"},\"query-input\":{\"@type\":\"PropertyValueSpecification\",\"valueRequired\":true,\"valueName\":\"search_term_string\"}}],\"inLanguage\":\"fr-FR\"},{\"@type\":\"Person\",\"@id\":\"https:\/\/www.africa-press.net\/cotedivoire\/#\/schema\/person\/2b1cf3cd81a31e3cd26889ca66d677f1\",\"name\":\"cfeditorfr\"}]}<\/script>\n<!-- \/ Yoast SEO Premium plugin. -->","yoast_head_json":{"title":"Mali \u2013 Le conseiller sp\u00e9cial des affaires africaines de la Russie au Sahel arriv\u00e9 \u00e0 Bamako - C\u00f4te d&#039;Ivoire","description":"Lu pour vous sur Twitter Derni\u00e8re minute: Le conseiller sp\u00e9cial des affaires africaines de la Russie au Sahel at ...","robots":{"index":"index","follow":"follow","max-snippet":"max-snippet:-1","max-image-preview":"max-image-preview:large","max-video-preview":"max-video-preview:-1"},"canonical":"https:\/\/www.africa-press.net\/cotedivoire\/politique\/mali-le-conseiller-special-des-affaires-africaines-de-la-russie-au-sahel-arrive-a-bamako","og_locale":"fr_FR","og_type":"article","og_title":"Mali \u2013 Le conseiller sp\u00e9cial des affaires africaines de la Russie au Sahel arriv\u00e9 \u00e0 Bamako","og_description":"Lu pour vous sur Twitter Derni\u00e8re minute: Le conseiller sp\u00e9cial des affaires africaines de la Russie au Sahel at ...","og_url":"https:\/\/www.africa-press.net\/cotedivoire\/politique\/mali-le-conseiller-special-des-affaires-africaines-de-la-russie-au-sahel-arrive-a-bamako","og_site_name":"C\u00f4te d&#039;Ivoire","article_published_time":"2021-05-26T15:36:20+00:00","og_image":[{"width":720,"height":360,"url":"https:\/\/static.africa-press.net\/cote\/sites\/43\/2021\/05\/img-60ae641b4829e.jpg","type":"image\/jpeg"}],"author":"cfeditorfr","twitter_card":"summary_large_image","twitter_misc":{"\u00c9crit par":"cfeditorfr","Dur\u00e9e de lecture estim\u00e9e":"1 minute"},"schema":{"@context":"https:\/\/schema.org","@graph":[{"@type":"Article","@id":"https:\/\/www.africa-press.net\/cotedivoire\/politique\/mali-le-conseiller-special-des-affaires-africaines-de-la-russie-au-sahel-arrive-a-bamako#article","isPartOf":{"@id":"https:\/\/www.africa-press.net\/cotedivoire\/politique\/mali-le-conseiller-special-des-affaires-africaines-de-la-russie-au-sahel-arrive-a-bamako"},"author":{"name":"cfeditorfr","@id":"https:\/\/www.africa-press.net\/cotedivoire\/#\/schema\/person\/2b1cf3cd81a31e3cd26889ca66d677f1"},"headline":"Mali \u2013 Le conseiller sp\u00e9cial des affaires africaines de la Russie au Sahel arriv\u00e9 \u00e0 Bamako","datePublished":"2021-05-26T15:36:20+00:00","mainEntityOfPage":{"@id":"https:\/\/www.africa-press.net\/cotedivoire\/politique\/mali-le-conseiller-special-des-affaires-africaines-de-la-russie-au-sahel-arrive-a-bamako"},"wordCount":230,"commentCount":0,"image":{"@id":"https:\/\/www.africa-press.net\/cotedivoire\/politique\/mali-le-conseiller-special-des-affaires-africaines-de-la-russie-au-sahel-arrive-a-bamako#primaryimage"},"thumbnailUrl":"https:\/\/static.africa-press.net\/cote\/sites\/43\/2021\/05\/img-60ae641b4829e.jpg","keywords":["Africa Press","Africa Press-C\u00f4te d'Ivoire","C\u00d4TE D'IVOIRE"],"articleSection":["homepage-french","Politique","Toutes les actualit\u00e9s"],"inLanguage":"fr-FR","potentialAction":[{"@type":"CommentAction","name":"Comment","target":["https:\/\/www.africa-press.net\/cotedivoire\/politique\/mali-le-conseiller-special-des-affaires-africaines-de-la-russie-au-sahel-arrive-a-bamako#respond"]}]},{"@type":"WebPage","@id":"https:\/\/www.africa-press.net\/cotedivoire\/politique\/mali-le-conseiller-special-des-affaires-africaines-de-la-russie-au-sahel-arrive-a-bamako","url":"https:\/\/www.africa-press.net\/cotedivoire\/politique\/mali-le-conseiller-special-des-affaires-africaines-de-la-russie-au-sahel-arrive-a-bamako","name":"Mali \u2013 Le conseiller sp\u00e9cial des affaires africaines de la Russie au Sahel arriv\u00e9 \u00e0 Bamako - C\u00f4te d&#039;Ivoire","isPartOf":{"@id":"https:\/\/www.africa-press.net\/cotedivoire\/#website"},"primaryImageOfPage":{"@id":"https:\/\/www.africa-press.net\/cotedivoire\/politique\/mali-le-conseiller-special-des-affaires-africaines-de-la-russie-au-sahel-arrive-a-bamako#primaryimage"},"image":{"@id":"https:\/\/www.africa-press.net\/cotedivoire\/politique\/mali-le-conseiller-special-des-affaires-africaines-de-la-russie-au-sahel-arrive-a-bamako#primaryimage"},"thumbnailUrl":"https:\/\/static.africa-press.net\/cote\/sites\/43\/2021\/05\/img-60ae641b4829e.jpg","datePublished":"2021-05-26T15:36:20+00:00","author":{"@id":"https:\/\/www.africa-press.net\/cotedivoire\/#\/schema\/person\/2b1cf3cd81a31e3cd26889ca66d677f1"},"description":"Lu pour vous sur Twitter Derni\u00e8re minute: Le conseiller sp\u00e9cial des affaires africaines de la Russie au Sahel at ...","breadcrumb":{"@id":"https:\/\/www.africa-press.net\/cotedivoire\/politique\/mali-le-conseiller-special-des-affaires-africaines-de-la-russie-au-sahel-arrive-a-bamako#breadcrumb"},"inLanguage":"fr-FR","potentialAction":[{"@type":"ReadAction","target":["https:\/\/www.africa-press.net\/cotedivoire\/politique\/mali-le-conseiller-special-des-affaires-africaines-de-la-russie-au-sahel-arrive-a-bamako"]}]},{"@type":"ImageObject","inLanguage":"fr-FR","@id":"https:\/\/www.africa-press.net\/cotedivoire\/politique\/mali-le-conseiller-special-des-affaires-africaines-de-la-russie-au-sahel-arrive-a-bamako#primaryimage","url":"https:\/\/static.africa-press.net\/cote\/sites\/43\/2021\/05\/img-60ae641b4829e.jpg","contentUrl":"https:\/\/static.africa-press.net\/cote\/sites\/43\/2021\/05\/img-60ae641b4829e.jpg","width":720,"height":360,"caption":"Mali \u2013 Le conseiller sp\u00e9cial des affaires africaines de la Russie au Sahel arriv\u00e9 \u00e0 Bamako"},{"@type":"BreadcrumbList","@id":"https:\/\/www.africa-press.net\/cotedivoire\/politique\/mali-le-conseiller-special-des-affaires-africaines-de-la-russie-au-sahel-arrive-a-bamako#breadcrumb","itemListElement":[{"@type":"ListItem","position":1,"name":"Accueil","item":"https:\/\/www.africa-press.net\/cotedivoire\/"},{"@type":"ListItem","position":2,"name":"Mali \u2013 Le conseiller sp\u00e9cial des affaires africaines de la Russie au Sahel arriv\u00e9 \u00e0 Bamako"}]},{"@type":"WebSite","@id":"https:\/\/www.africa-press.net\/cotedivoire\/#website","url":"https:\/\/www.africa-press.net\/cotedivoire\/","name":"C\u00f4te d&#039;Ivoire","description":"Just another Africa News Agency Sites site","potentialAction":[{"@type":"SearchAction","target":{"@type":"EntryPoint","urlTemplate":"https:\/\/www.africa-press.net\/cotedivoire\/?s={search_term_string}"},"query-input":{"@type":"PropertyValueSpecification","valueRequired":true,"valueName":"search_term_string"}}],"inLanguage":"fr-FR"},{"@type":"Person","@id":"https:\/\/www.africa-press.net\/cotedivoire\/#\/schema\/person\/2b1cf3cd81a31e3cd26889ca66d677f1","name":"cfeditorfr"}]}},"_links":{"self":[{"href":"https:\/\/www.africa-press.net\/cotedivoire\/wp-json\/wp\/v2\/posts\/8197","targetHints":{"allow":["GET"]}}],"collection":[{"href":"https:\/\/www.africa-press.net\/cotedivoire\/wp-json\/wp\/v2\/posts"}],"about":[{"href":"https:\/\/www.africa-press.net\/cotedivoire\/wp-json\/wp\/v2\/types\/post"}],"author":[{"embeddable":true,"href":"https:\/\/www.africa-press.net\/cotedivoire\/wp-json\/wp\/v2\/users\/82"}],"replies":[{"embeddable":true,"href":"https:\/\/www.africa-press.net\/cotedivoire\/wp-json\/wp\/v2\/comments?post=8197"}],"version-history":[{"count":0,"href":"https:\/\/www.africa-press.net\/cotedivoire\/wp-json\/wp\/v2\/posts\/8197\/revisions"}],"wp:featuredmedia":[{"embeddable":true,"href":"https:\/\/www.africa-press.net\/cotedivoire\/wp-json\/wp\/v2\/media\/8196"}],"wp:attachment":[{"href":"https:\/\/www.africa-press.net\/cotedivoire\/wp-json\/wp\/v2\/media?parent=8197"}],"wp:term":[{"taxonomy":"category","embeddable":true,"href":"https:\/\/www.africa-press.net\/cotedivoire\/wp-json\/wp\/v2\/categories?post=8197"},{"taxonomy":"post_tag","embeddable":true,"href":"https:\/\/www.africa-press.net\/cotedivoire\/wp-json\/wp\/v2\/tags?post=8197"}],"curies":[{"name":"wp","href":"https:\/\/api.w.org\/{rel}","templated":true}]}}