{"id":8200,"date":"2021-05-26T15:48:09","date_gmt":"2021-05-26T15:48:09","guid":{"rendered":"https:\/\/www.africa-press.net\/cotedivoire\/?p=8200"},"modified":"2021-05-26T20:17:13","modified_gmt":"2021-05-26T20:17:13","slug":"usa-le-commandant-des-operations-speciales-de-larmee-de-terre-pour-lafrique-en-visite-en-cote-divoire","status":"publish","type":"post","link":"https:\/\/www.africa-press.net\/cotedivoire\/politique\/usa-le-commandant-des-operations-speciales-de-larmee-de-terre-pour-lafrique-en-visite-en-cote-divoire","title":{"rendered":"USA: Le Commandant des Op\u00e9rations sp\u00e9ciales de l\u2019Arm\u00e9e de terre pour l\u2019Afrique en visite en C\u00f4te-d\u2019Ivoire"},"content":{"rendered":"<p><span style=\"color: #ff6600\"><strong><a href=\"https:\/\/www.africa-press.net\/\">Africa-Press<\/a> &#8211; <a href=\"https:\/\/www.africa-press.net\/cotedivoire\">C\u00f4te d&rsquo;Ivoire<\/a>. <\/strong><\/span>le Commandant du Commandement des Op\u00e9rations Sp\u00e9ciales de l\u2019Arm\u00e9e de Terre des Etats-Unis pour l\u2019Afrique (SOCAF) a effectu\u00e9 une visite de travail au Commandement Sup\u00e9rieur de la Gendarmerie Nationale.<br \/>\nApr\u00e8s les honneurs qui lui ont \u00e9t\u00e9 rendus, le Major General Anderson a \u00e9t\u00e9 re\u00e7u \u00e0 la salle de conf\u00e9rence du Commandement Sup\u00e9rieur o\u00f9 il a eu des \u00e9changes enrichissants avec le Commandant Sup\u00e9rieur de la Gendarmerie nationale, le G\u00e9n\u00e9ral de Corps d\u2019Arm\u00e9e ALEXANDRE APALO TOURE et ses collaborateurs.<br \/>\nL\u2019exercice tactique FLINTOCK qui aura lieu en C\u00f4te d\u2019Ivoire en 2022 et surtout les questions relatives \u00e0 la lutte contre le terrorisme au nord de la C\u00f4te d\u2019Ivoire, ont \u00e9t\u00e9 les principaux sujets de discussion entre les parties Am\u00e9ricaines et Ivoiriennes.<br \/>\nLes deux G\u00e9n\u00e9raux, ainsi que leurs collaborateurs ont \u00e9chang\u00e9 sur les modes d\u2019op\u00e9rations et les strat\u00e9gies utilis\u00e9es par les terroristes d\u2019une fa\u00e7on g\u00e9n\u00e9rale et ont \u00e9voqu\u00e9 le cas particulier du Nord de la C\u00f4te d\u2019Ivoire.<br \/>\nDans leurs approches pour lutter contre ce d\u00e9fi s\u00e9curitaire, ils ont estim\u00e9 qu\u2019en plus des moyens techniques utilis\u00e9s, il est n\u00e9cessaire de prendre en compte plusieurs autres param\u00e8tres dont les relations avec les populations qui demeurent l\u2019\u00e9picentre de cette question s\u00e9curitaire.<br \/>\nAu bout d\u2019une quarantaine de minutes, les \u00e9changes fructueux entre la d\u00e9l\u00e9gation militaire Am\u00e9ricaine et la haute hi\u00e9rarchie de la Gendarmerie nationale ont pris fin par des \u00e9changes de pr\u00e9sents symboliques.<\/p>\n","protected":false},"excerpt":{"rendered":"<p>Africa-Press &#8211; C\u00f4te d&rsquo;Ivoire. le Commandant du Commandement des Op\u00e9rations Sp\u00e9ciales de l\u2019Arm\u00e9e de Terre des Etats-Unis pour l\u2019Afrique (SOCAF) a effectu\u00e9 une visite de travail au Commandement Sup\u00e9rieur de la Gendarmerie Nationale. Apr\u00e8s les honneurs qui lui ont \u00e9t\u00e9 rendus, le Major General Anderson a \u00e9t\u00e9 re\u00e7u \u00e0 la salle de conf\u00e9rence du Commandement [&hellip;]<\/p>\n","protected":false},"author":82,"featured_media":8199,"comment_status":"open","ping_status":"closed","sticky":false,"template":"","format":"standard","meta":{"footnotes":""},"categories":[11,2,10],"tags":[56,63,29],"class_list":["post-8200","post","type-post","status-publish","format-standard","has-post-thumbnail","hentry","category-homepage-french","category-politique","category-toutes-les-actualites","tag-africa-press","tag-africa-press-cote-divoire","tag-cote-divoire"],"yoast_head":"<!-- This site is optimized with the Yoast SEO Premium plugin v26.1 (Yoast SEO v27.0) - https:\/\/yoast.com\/product\/yoast-seo-premium-wordpress\/ -->\n<title>USA: Le Commandant des Op\u00e9rations sp\u00e9ciales de l\u2019Arm\u00e9e de terre pour l\u2019Afrique en visite en C\u00f4te-d\u2019Ivoire - C\u00f4te d&#039;Ivoire<\/title>\n<meta name=\"description\" content=\"Le vendredi 21 Mai 2021, le Commandant du Commandement des Op\u00e9rations Sp\u00e9ciales de l\u2019Arm\u00e9e de Terre des Etats-Unis pour ...\" \/>\n<meta name=\"robots\" content=\"index, follow, max-snippet:-1, max-image-preview:large, max-video-preview:-1\" \/>\n<link rel=\"canonical\" href=\"https:\/\/www.africa-press.net\/cotedivoire\/politique\/usa-le-commandant-des-operations-speciales-de-larmee-de-terre-pour-lafrique-en-visite-en-cote-divoire\" \/>\n<meta property=\"og:locale\" content=\"fr_FR\" \/>\n<meta property=\"og:type\" content=\"article\" \/>\n<meta property=\"og:title\" content=\"USA: Le Commandant des Op\u00e9rations sp\u00e9ciales de l\u2019Arm\u00e9e de terre pour l\u2019Afrique en visite en C\u00f4te-d\u2019Ivoire\" \/>\n<meta property=\"og:description\" content=\"Le vendredi 21 Mai 2021, le Commandant du Commandement des Op\u00e9rations Sp\u00e9ciales de l\u2019Arm\u00e9e de Terre des Etats-Unis pour ...\" \/>\n<meta property=\"og:url\" content=\"https:\/\/www.africa-press.net\/cotedivoire\/politique\/usa-le-commandant-des-operations-speciales-de-larmee-de-terre-pour-lafrique-en-visite-en-cote-divoire\" \/>\n<meta property=\"og:site_name\" content=\"C\u00f4te d&#039;Ivoire\" \/>\n<meta property=\"article:published_time\" content=\"2021-05-26T15:48:09+00:00\" \/>\n<meta property=\"article:modified_time\" content=\"2021-05-26T20:17:13+00:00\" \/>\n<meta property=\"og:image\" content=\"https:\/\/static.africa-press.net\/cote\/sites\/43\/2021\/05\/img-60ae644ab0b95.jpg\" \/>\n\t<meta property=\"og:image:width\" content=\"960\" \/>\n\t<meta property=\"og:image:height\" content=\"640\" \/>\n\t<meta property=\"og:image:type\" content=\"image\/jpeg\" \/>\n<meta name=\"author\" content=\"cfeditorfr\" \/>\n<meta name=\"twitter:card\" content=\"summary_large_image\" \/>\n<meta name=\"twitter:label1\" content=\"\u00c9crit par\" \/>\n\t<meta name=\"twitter:data1\" content=\"cfeditorfr\" \/>\n\t<meta name=\"twitter:label2\" content=\"Dur\u00e9e de lecture estim\u00e9e\" \/>\n\t<meta name=\"twitter:data2\" content=\"2 minutes\" \/>\n<script type=\"application\/ld+json\" class=\"yoast-schema-graph\">{\"@context\":\"https:\/\/schema.org\",\"@graph\":[{\"@type\":\"Article\",\"@id\":\"https:\/\/www.africa-press.net\/cotedivoire\/politique\/usa-le-commandant-des-operations-speciales-de-larmee-de-terre-pour-lafrique-en-visite-en-cote-divoire#article\",\"isPartOf\":{\"@id\":\"https:\/\/www.africa-press.net\/cotedivoire\/politique\/usa-le-commandant-des-operations-speciales-de-larmee-de-terre-pour-lafrique-en-visite-en-cote-divoire\"},\"author\":{\"name\":\"cfeditorfr\",\"@id\":\"https:\/\/www.africa-press.net\/cotedivoire\/#\/schema\/person\/2b1cf3cd81a31e3cd26889ca66d677f1\"},\"headline\":\"USA: Le Commandant des Op\u00e9rations sp\u00e9ciales de l\u2019Arm\u00e9e de terre pour l\u2019Afrique en visite en C\u00f4te-d\u2019Ivoire\",\"datePublished\":\"2021-05-26T15:48:09+00:00\",\"dateModified\":\"2021-05-26T20:17:13+00:00\",\"mainEntityOfPage\":{\"@id\":\"https:\/\/www.africa-press.net\/cotedivoire\/politique\/usa-le-commandant-des-operations-speciales-de-larmee-de-terre-pour-lafrique-en-visite-en-cote-divoire\"},\"wordCount\":299,\"commentCount\":0,\"image\":{\"@id\":\"https:\/\/www.africa-press.net\/cotedivoire\/politique\/usa-le-commandant-des-operations-speciales-de-larmee-de-terre-pour-lafrique-en-visite-en-cote-divoire#primaryimage\"},\"thumbnailUrl\":\"https:\/\/static.africa-press.net\/cote\/sites\/43\/2021\/05\/img-60ae644ab0b95.jpg\",\"keywords\":[\"Africa Press\",\"Africa Press-C\u00f4te d'Ivoire\",\"C\u00d4TE D'IVOIRE\"],\"articleSection\":[\"homepage-french\",\"Politique\",\"Toutes les actualit\u00e9s\"],\"inLanguage\":\"fr-FR\",\"potentialAction\":[{\"@type\":\"CommentAction\",\"name\":\"Comment\",\"target\":[\"https:\/\/www.africa-press.net\/cotedivoire\/politique\/usa-le-commandant-des-operations-speciales-de-larmee-de-terre-pour-lafrique-en-visite-en-cote-divoire#respond\"]}]},{\"@type\":\"WebPage\",\"@id\":\"https:\/\/www.africa-press.net\/cotedivoire\/politique\/usa-le-commandant-des-operations-speciales-de-larmee-de-terre-pour-lafrique-en-visite-en-cote-divoire\",\"url\":\"https:\/\/www.africa-press.net\/cotedivoire\/politique\/usa-le-commandant-des-operations-speciales-de-larmee-de-terre-pour-lafrique-en-visite-en-cote-divoire\",\"name\":\"USA: Le Commandant des Op\u00e9rations sp\u00e9ciales de l\u2019Arm\u00e9e de terre pour l\u2019Afrique en visite en C\u00f4te-d\u2019Ivoire - C\u00f4te d&#039;Ivoire\",\"isPartOf\":{\"@id\":\"https:\/\/www.africa-press.net\/cotedivoire\/#website\"},\"primaryImageOfPage\":{\"@id\":\"https:\/\/www.africa-press.net\/cotedivoire\/politique\/usa-le-commandant-des-operations-speciales-de-larmee-de-terre-pour-lafrique-en-visite-en-cote-divoire#primaryimage\"},\"image\":{\"@id\":\"https:\/\/www.africa-press.net\/cotedivoire\/politique\/usa-le-commandant-des-operations-speciales-de-larmee-de-terre-pour-lafrique-en-visite-en-cote-divoire#primaryimage\"},\"thumbnailUrl\":\"https:\/\/static.africa-press.net\/cote\/sites\/43\/2021\/05\/img-60ae644ab0b95.jpg\",\"datePublished\":\"2021-05-26T15:48:09+00:00\",\"dateModified\":\"2021-05-26T20:17:13+00:00\",\"author\":{\"@id\":\"https:\/\/www.africa-press.net\/cotedivoire\/#\/schema\/person\/2b1cf3cd81a31e3cd26889ca66d677f1\"},\"description\":\"Le vendredi 21 Mai 2021, le Commandant du Commandement des Op\u00e9rations Sp\u00e9ciales de l\u2019Arm\u00e9e de Terre des Etats-Unis pour ...\",\"breadcrumb\":{\"@id\":\"https:\/\/www.africa-press.net\/cotedivoire\/politique\/usa-le-commandant-des-operations-speciales-de-larmee-de-terre-pour-lafrique-en-visite-en-cote-divoire#breadcrumb\"},\"inLanguage\":\"fr-FR\",\"potentialAction\":[{\"@type\":\"ReadAction\",\"target\":[\"https:\/\/www.africa-press.net\/cotedivoire\/politique\/usa-le-commandant-des-operations-speciales-de-larmee-de-terre-pour-lafrique-en-visite-en-cote-divoire\"]}]},{\"@type\":\"ImageObject\",\"inLanguage\":\"fr-FR\",\"@id\":\"https:\/\/www.africa-press.net\/cotedivoire\/politique\/usa-le-commandant-des-operations-speciales-de-larmee-de-terre-pour-lafrique-en-visite-en-cote-divoire#primaryimage\",\"url\":\"https:\/\/static.africa-press.net\/cote\/sites\/43\/2021\/05\/img-60ae644ab0b95.jpg\",\"contentUrl\":\"https:\/\/static.africa-press.net\/cote\/sites\/43\/2021\/05\/img-60ae644ab0b95.jpg\",\"width\":960,\"height\":640,\"caption\":\"USA: Le Commandant des Op\u00e9rations sp\u00e9ciales de l\u2019Arm\u00e9e de terre pour l\u2019Afrique en visite en C\u00f4te-d\u2019Ivoire\"},{\"@type\":\"BreadcrumbList\",\"@id\":\"https:\/\/www.africa-press.net\/cotedivoire\/politique\/usa-le-commandant-des-operations-speciales-de-larmee-de-terre-pour-lafrique-en-visite-en-cote-divoire#breadcrumb\",\"itemListElement\":[{\"@type\":\"ListItem\",\"position\":1,\"name\":\"Accueil\",\"item\":\"https:\/\/www.africa-press.net\/cotedivoire\/\"},{\"@type\":\"ListItem\",\"position\":2,\"name\":\"USA: Le Commandant des Op\u00e9rations sp\u00e9ciales de l\u2019Arm\u00e9e de terre pour l\u2019Afrique en visite en C\u00f4te-d\u2019Ivoire\"}]},{\"@type\":\"WebSite\",\"@id\":\"https:\/\/www.africa-press.net\/cotedivoire\/#website\",\"url\":\"https:\/\/www.africa-press.net\/cotedivoire\/\",\"name\":\"C\u00f4te d&#039;Ivoire\",\"description\":\"Just another Africa News Agency Sites site\",\"potentialAction\":[{\"@type\":\"SearchAction\",\"target\":{\"@type\":\"EntryPoint\",\"urlTemplate\":\"https:\/\/www.africa-press.net\/cotedivoire\/?s={search_term_string}\"},\"query-input\":{\"@type\":\"PropertyValueSpecification\",\"valueRequired\":true,\"valueName\":\"search_term_string\"}}],\"inLanguage\":\"fr-FR\"},{\"@type\":\"Person\",\"@id\":\"https:\/\/www.africa-press.net\/cotedivoire\/#\/schema\/person\/2b1cf3cd81a31e3cd26889ca66d677f1\",\"name\":\"cfeditorfr\"}]}<\/script>\n<!-- \/ Yoast SEO Premium plugin. -->","yoast_head_json":{"title":"USA: Le Commandant des Op\u00e9rations sp\u00e9ciales de l\u2019Arm\u00e9e de terre pour l\u2019Afrique en visite en C\u00f4te-d\u2019Ivoire - C\u00f4te d&#039;Ivoire","description":"Le vendredi 21 Mai 2021, le Commandant du Commandement des Op\u00e9rations Sp\u00e9ciales de l\u2019Arm\u00e9e de Terre des Etats-Unis pour ...","robots":{"index":"index","follow":"follow","max-snippet":"max-snippet:-1","max-image-preview":"max-image-preview:large","max-video-preview":"max-video-preview:-1"},"canonical":"https:\/\/www.africa-press.net\/cotedivoire\/politique\/usa-le-commandant-des-operations-speciales-de-larmee-de-terre-pour-lafrique-en-visite-en-cote-divoire","og_locale":"fr_FR","og_type":"article","og_title":"USA: Le Commandant des Op\u00e9rations sp\u00e9ciales de l\u2019Arm\u00e9e de terre pour l\u2019Afrique en visite en C\u00f4te-d\u2019Ivoire","og_description":"Le vendredi 21 Mai 2021, le Commandant du Commandement des Op\u00e9rations Sp\u00e9ciales de l\u2019Arm\u00e9e de Terre des Etats-Unis pour ...","og_url":"https:\/\/www.africa-press.net\/cotedivoire\/politique\/usa-le-commandant-des-operations-speciales-de-larmee-de-terre-pour-lafrique-en-visite-en-cote-divoire","og_site_name":"C\u00f4te d&#039;Ivoire","article_published_time":"2021-05-26T15:48:09+00:00","article_modified_time":"2021-05-26T20:17:13+00:00","og_image":[{"width":960,"height":640,"url":"https:\/\/static.africa-press.net\/cote\/sites\/43\/2021\/05\/img-60ae644ab0b95.jpg","type":"image\/jpeg"}],"author":"cfeditorfr","twitter_card":"summary_large_image","twitter_misc":{"\u00c9crit par":"cfeditorfr","Dur\u00e9e de lecture estim\u00e9e":"2 minutes"},"schema":{"@context":"https:\/\/schema.org","@graph":[{"@type":"Article","@id":"https:\/\/www.africa-press.net\/cotedivoire\/politique\/usa-le-commandant-des-operations-speciales-de-larmee-de-terre-pour-lafrique-en-visite-en-cote-divoire#article","isPartOf":{"@id":"https:\/\/www.africa-press.net\/cotedivoire\/politique\/usa-le-commandant-des-operations-speciales-de-larmee-de-terre-pour-lafrique-en-visite-en-cote-divoire"},"author":{"name":"cfeditorfr","@id":"https:\/\/www.africa-press.net\/cotedivoire\/#\/schema\/person\/2b1cf3cd81a31e3cd26889ca66d677f1"},"headline":"USA: Le Commandant des Op\u00e9rations sp\u00e9ciales de l\u2019Arm\u00e9e de terre pour l\u2019Afrique en visite en C\u00f4te-d\u2019Ivoire","datePublished":"2021-05-26T15:48:09+00:00","dateModified":"2021-05-26T20:17:13+00:00","mainEntityOfPage":{"@id":"https:\/\/www.africa-press.net\/cotedivoire\/politique\/usa-le-commandant-des-operations-speciales-de-larmee-de-terre-pour-lafrique-en-visite-en-cote-divoire"},"wordCount":299,"commentCount":0,"image":{"@id":"https:\/\/www.africa-press.net\/cotedivoire\/politique\/usa-le-commandant-des-operations-speciales-de-larmee-de-terre-pour-lafrique-en-visite-en-cote-divoire#primaryimage"},"thumbnailUrl":"https:\/\/static.africa-press.net\/cote\/sites\/43\/2021\/05\/img-60ae644ab0b95.jpg","keywords":["Africa Press","Africa Press-C\u00f4te d'Ivoire","C\u00d4TE D'IVOIRE"],"articleSection":["homepage-french","Politique","Toutes les actualit\u00e9s"],"inLanguage":"fr-FR","potentialAction":[{"@type":"CommentAction","name":"Comment","target":["https:\/\/www.africa-press.net\/cotedivoire\/politique\/usa-le-commandant-des-operations-speciales-de-larmee-de-terre-pour-lafrique-en-visite-en-cote-divoire#respond"]}]},{"@type":"WebPage","@id":"https:\/\/www.africa-press.net\/cotedivoire\/politique\/usa-le-commandant-des-operations-speciales-de-larmee-de-terre-pour-lafrique-en-visite-en-cote-divoire","url":"https:\/\/www.africa-press.net\/cotedivoire\/politique\/usa-le-commandant-des-operations-speciales-de-larmee-de-terre-pour-lafrique-en-visite-en-cote-divoire","name":"USA: Le Commandant des Op\u00e9rations sp\u00e9ciales de l\u2019Arm\u00e9e de terre pour l\u2019Afrique en visite en C\u00f4te-d\u2019Ivoire - C\u00f4te d&#039;Ivoire","isPartOf":{"@id":"https:\/\/www.africa-press.net\/cotedivoire\/#website"},"primaryImageOfPage":{"@id":"https:\/\/www.africa-press.net\/cotedivoire\/politique\/usa-le-commandant-des-operations-speciales-de-larmee-de-terre-pour-lafrique-en-visite-en-cote-divoire#primaryimage"},"image":{"@id":"https:\/\/www.africa-press.net\/cotedivoire\/politique\/usa-le-commandant-des-operations-speciales-de-larmee-de-terre-pour-lafrique-en-visite-en-cote-divoire#primaryimage"},"thumbnailUrl":"https:\/\/static.africa-press.net\/cote\/sites\/43\/2021\/05\/img-60ae644ab0b95.jpg","datePublished":"2021-05-26T15:48:09+00:00","dateModified":"2021-05-26T20:17:13+00:00","author":{"@id":"https:\/\/www.africa-press.net\/cotedivoire\/#\/schema\/person\/2b1cf3cd81a31e3cd26889ca66d677f1"},"description":"Le vendredi 21 Mai 2021, le Commandant du Commandement des Op\u00e9rations Sp\u00e9ciales de l\u2019Arm\u00e9e de Terre des Etats-Unis pour ...","breadcrumb":{"@id":"https:\/\/www.africa-press.net\/cotedivoire\/politique\/usa-le-commandant-des-operations-speciales-de-larmee-de-terre-pour-lafrique-en-visite-en-cote-divoire#breadcrumb"},"inLanguage":"fr-FR","potentialAction":[{"@type":"ReadAction","target":["https:\/\/www.africa-press.net\/cotedivoire\/politique\/usa-le-commandant-des-operations-speciales-de-larmee-de-terre-pour-lafrique-en-visite-en-cote-divoire"]}]},{"@type":"ImageObject","inLanguage":"fr-FR","@id":"https:\/\/www.africa-press.net\/cotedivoire\/politique\/usa-le-commandant-des-operations-speciales-de-larmee-de-terre-pour-lafrique-en-visite-en-cote-divoire#primaryimage","url":"https:\/\/static.africa-press.net\/cote\/sites\/43\/2021\/05\/img-60ae644ab0b95.jpg","contentUrl":"https:\/\/static.africa-press.net\/cote\/sites\/43\/2021\/05\/img-60ae644ab0b95.jpg","width":960,"height":640,"caption":"USA: Le Commandant des Op\u00e9rations sp\u00e9ciales de l\u2019Arm\u00e9e de terre pour l\u2019Afrique en visite en C\u00f4te-d\u2019Ivoire"},{"@type":"BreadcrumbList","@id":"https:\/\/www.africa-press.net\/cotedivoire\/politique\/usa-le-commandant-des-operations-speciales-de-larmee-de-terre-pour-lafrique-en-visite-en-cote-divoire#breadcrumb","itemListElement":[{"@type":"ListItem","position":1,"name":"Accueil","item":"https:\/\/www.africa-press.net\/cotedivoire\/"},{"@type":"ListItem","position":2,"name":"USA: Le Commandant des Op\u00e9rations sp\u00e9ciales de l\u2019Arm\u00e9e de terre pour l\u2019Afrique en visite en C\u00f4te-d\u2019Ivoire"}]},{"@type":"WebSite","@id":"https:\/\/www.africa-press.net\/cotedivoire\/#website","url":"https:\/\/www.africa-press.net\/cotedivoire\/","name":"C\u00f4te d&#039;Ivoire","description":"Just another Africa News Agency Sites site","potentialAction":[{"@type":"SearchAction","target":{"@type":"EntryPoint","urlTemplate":"https:\/\/www.africa-press.net\/cotedivoire\/?s={search_term_string}"},"query-input":{"@type":"PropertyValueSpecification","valueRequired":true,"valueName":"search_term_string"}}],"inLanguage":"fr-FR"},{"@type":"Person","@id":"https:\/\/www.africa-press.net\/cotedivoire\/#\/schema\/person\/2b1cf3cd81a31e3cd26889ca66d677f1","name":"cfeditorfr"}]}},"_links":{"self":[{"href":"https:\/\/www.africa-press.net\/cotedivoire\/wp-json\/wp\/v2\/posts\/8200","targetHints":{"allow":["GET"]}}],"collection":[{"href":"https:\/\/www.africa-press.net\/cotedivoire\/wp-json\/wp\/v2\/posts"}],"about":[{"href":"https:\/\/www.africa-press.net\/cotedivoire\/wp-json\/wp\/v2\/types\/post"}],"author":[{"embeddable":true,"href":"https:\/\/www.africa-press.net\/cotedivoire\/wp-json\/wp\/v2\/users\/82"}],"replies":[{"embeddable":true,"href":"https:\/\/www.africa-press.net\/cotedivoire\/wp-json\/wp\/v2\/comments?post=8200"}],"version-history":[{"count":0,"href":"https:\/\/www.africa-press.net\/cotedivoire\/wp-json\/wp\/v2\/posts\/8200\/revisions"}],"wp:featuredmedia":[{"embeddable":true,"href":"https:\/\/www.africa-press.net\/cotedivoire\/wp-json\/wp\/v2\/media\/8199"}],"wp:attachment":[{"href":"https:\/\/www.africa-press.net\/cotedivoire\/wp-json\/wp\/v2\/media?parent=8200"}],"wp:term":[{"taxonomy":"category","embeddable":true,"href":"https:\/\/www.africa-press.net\/cotedivoire\/wp-json\/wp\/v2\/categories?post=8200"},{"taxonomy":"post_tag","embeddable":true,"href":"https:\/\/www.africa-press.net\/cotedivoire\/wp-json\/wp\/v2\/tags?post=8200"}],"curies":[{"name":"wp","href":"https:\/\/api.w.org\/{rel}","templated":true}]}}