{"id":8203,"date":"2021-05-26T15:55:54","date_gmt":"2021-05-26T15:55:54","guid":{"rendered":"https:\/\/www.africa-press.net\/cotedivoire\/?p=8203"},"modified":"2021-05-26T20:17:24","modified_gmt":"2021-05-26T20:17:24","slug":"blolequin-investiture-du-chef-de-zeaglo-ouloto-invite-les-populations-a-ne-pas-mettre-en-doute-les-promesses-de-ouattara","status":"publish","type":"post","link":"https:\/\/www.africa-press.net\/cotedivoire\/economie\/blolequin-investiture-du-chef-de-zeaglo-ouloto-invite-les-populations-a-ne-pas-mettre-en-doute-les-promesses-de-ouattara","title":{"rendered":"Blol\u00e9quin\/investiture du chef de Z\u00e9aglo: Ouloto invite les populations \u00e0 ne pas mettre en doute  les promesses de Ouattara"},"content":{"rendered":"<p><span style=\"color: #ff6600\"><strong><a href=\"https:\/\/www.africa-press.net\/\">Africa-Press<\/a> &#8211; <a href=\"https:\/\/www.africa-press.net\/cotedivoire\">C\u00f4te d&rsquo;Ivoire<\/a>. <\/strong><\/span>Pr\u00e9sidant la c\u00e9r\u00e9monie d\u2019investiture du chef du village de Z\u00e9aglo le samedi 22 mai dernier, la ministre de la Fonction publique, Anne D\u00e9sir\u00e9e Ouloto, pr\u00e9sidente du Conseil r\u00e9gional du Cavally dans l\u2019ouest de la C\u00f4te-d\u2019Ivoire, en a profit\u00e9 pour dire la v\u00e9rit\u00e9 \u00e0 ses h\u00f4tes. Dans un language de v\u00e9rit\u00e9, elle a d\u00e9clar\u00e9 que malgr\u00e9 tous les efforts et sacrifices consentis pour apporter un minimum d\u2019infrastructures de base pour le bien-\u00eatre des populations de la r\u00e9gion du Cavally, certaines d\u2019entre elles se sont illustr\u00e9es par une ingratitude qui ne dit pas son nom. Elles ont pr\u00e9f\u00e9r\u00e9 accorder leurs suffrages \u00e0 ses adversaires qui la combattent au quotidien et qui entravent toutes les actions de d\u00e9veloppement local.<\/p>\n<p>\u00bb Vous me soutenez, vous priez pour moi, mais vous me cassez les ailes. Chers parents du Zarabaon, de Blol\u00e9quin, la vie repose sur un principe. La loi du donner et du recevoir. Ici \u00e0 Blol\u00e9quin, vous m\u2019avez dit non. Vous m\u2019avez fragilis\u00e9. Alors que j\u2019ai besoin de plus de force. J\u2019ai beaucoup mal. En m\u00eame temps vous me demandez beaucoup, en m\u00eame temps vous me rendez la t\u00e2che difficile. Sachons faire les choix qui peuvent nous aider. On ne montre pas le d\u00e9veloppement \u00e0 quelqu\u2019un, mais on fait le d\u00e9veloppement. Blol\u00e9quin est en chantier. Ici \u00e0 Z\u00e9aglo, vous savez dans quel \u00e9tat \u00e9tait votre \u00e9cole. Chef du village, nous sommes tous vos enfants. Donnez l\u2019opportunit\u00e9 \u00e0 ceux qui peuvent vous aider et qui veulent vous aider de vous aider. Mon c\u0153ur saigne. Je ne suis pas contente. Je ne peux vous le cacher. Parce que Blol\u00e9quin a dit non au d\u00e9veloppement que le RHDP veut lui apporter \u00bb, a-t-elle d\u00e9plor\u00e9. Promettant que malgr\u00e9 l\u2019ingratitude des populations de Blol\u00e9quin \u00e0 son \u00e9gard, elle ne les abandonnera pas. \u00bb J\u2019enverrai \u00e0 Z\u00e9aglo, l\u2019ambulance que vous avez demand\u00e9. Je tends la main \u00e0 Z\u00e9aglo et \u00e0 Blol\u00e9quin. Je vous exhorte \u00e0 saisir l\u2019opportunit\u00e9 de la pr\u00e9sidence d\u2019Alassane Ouattara \u00e0 la t\u00eate du pays, pour le d\u00e9veloppement de Z\u00e9aglo. C\u2019est au nom de l\u2019amour que je suis ici. Je veux semez l\u2019amour dans les coeurs \u00e0 Z\u00e9aglo \u00bb, a d\u00e9clar\u00e9 la ministre Anne Ouloto. Puis de situer les enjeux des derni\u00e8res \u00e9lections l\u00e9gislatives. \u00bb Si je n\u2019avais pas \u00e9t\u00e9 \u00e9lue, aurai-je pu \u00eatre ministre pour vous soutenir? Je ne veux pas qu\u2019au moment du bilan, vous m\u2019interrogez tu as fais quoi pour Z\u00e9aglo? Comment puis-je demand\u00e9 des aides \u00e0 Ouattara et \u00e0 son \u00e9pouse si vous ne me soutenez pas? Alassane Ouattara, arriv\u00e9 au pouvoir n\u2019a pas abandonn\u00e9 le pays w\u00ea. Aidez moi \u00e0 vous aider \u00bb, a-t-elle pr\u00e9conis\u00e9. Sans oublier de mettre en garde ses h\u00f4tes contre ces \u00e9lus qui ne feront rien de leurs pr\u00e9occupations parce que n\u2019ayant pas d\u2019entr\u00e9es et de bons rapports avec les d\u00e9cideurs qui peuvent prendre des d\u00e9cisions pour sortir Z\u00e9aglo du sous d\u00e9veloppement.<\/p>\n<p>Poursuivant, elle a appel\u00e9 tous les cadres et \u00e9lus \u00e0 s\u2019unir autour du d\u00e9partement de Blol\u00e9quin. \u00bb Ne vous laissez pas tromper. C\u2019est Alassane qui dirige la C\u00f4te d\u2019Ivoire. C\u2019est Dieu qui l\u2019a \u00e9tabli. Il a pris votre fille que je suis \u00e0 ses c\u00f4t\u00e9s pour vous aider. Travaillons \u00e0 la r\u00e9conciliation et au d\u00e9veloppement de notre r\u00e9gion. Demain sera un autre jour. Aujourd\u2019hui c\u2019est aujourd\u2019hui, profitons d\u2019aujourd\u2019hui. Travaillons au d\u00e9veloppement de Z\u00e9aglo, de Blol\u00e9quin et du Cavally \u00bb, a-t-elle conseill\u00e9. Tout en invitant tous ceux qui veulent l\u2019approcher \u00e0 ne pas se g\u00eaner.<\/p>\n<p>Plusieurs chefs traditionnels du cavally avec \u00e0 leur t\u00eate , le pr\u00e9sident du directoire de la chefferie traditionnelle du cavally, Coulayes Victor Emmanuel se sont mobilis\u00e9s pour apporter un cachet exceptionnel \u00e0 la c\u00e9r\u00e9monie d\u2019investiture du chef de Zeaglo, Biento Gnoabou Jacques. Sur la place de r\u00e9jouissance, ce dernier a promis travailler dans l\u2019int\u00e9r\u00eat du village.<\/p>\n","protected":false},"excerpt":{"rendered":"<p>Africa-Press &#8211; C\u00f4te d&rsquo;Ivoire. Pr\u00e9sidant la c\u00e9r\u00e9monie d\u2019investiture du chef du village de Z\u00e9aglo le samedi 22 mai dernier, la ministre de la Fonction publique, Anne D\u00e9sir\u00e9e Ouloto, pr\u00e9sidente du Conseil r\u00e9gional du Cavally dans l\u2019ouest de la C\u00f4te-d\u2019Ivoire, en a profit\u00e9 pour dire la v\u00e9rit\u00e9 \u00e0 ses h\u00f4tes. Dans un language de v\u00e9rit\u00e9, elle [&hellip;]<\/p>\n","protected":false},"author":82,"featured_media":8202,"comment_status":"open","ping_status":"closed","sticky":false,"template":"","format":"standard","meta":{"footnotes":""},"categories":[3,11,10],"tags":[56,63,29],"class_list":["post-8203","post","type-post","status-publish","format-standard","has-post-thumbnail","hentry","category-economie","category-homepage-french","category-toutes-les-actualites","tag-africa-press","tag-africa-press-cote-divoire","tag-cote-divoire"],"yoast_head":"<!-- This site is optimized with the Yoast SEO Premium plugin v26.1 (Yoast SEO v27.0) - https:\/\/yoast.com\/product\/yoast-seo-premium-wordpress\/ -->\n<title>Blol\u00e9quin\/investiture du chef de Z\u00e9aglo: Ouloto invite les populations \u00e0 ne pas mettre en doute les promesses de Ouattara - C\u00f4te d&#039;Ivoire<\/title>\n<meta name=\"description\" content=\"Pr\u00e9sidant la c\u00e9r\u00e9monie d\u2019investiture du chef du village de Z\u00e9aglo le samedi 22 mai dernier, la ministre de la Fonction p ...\" \/>\n<meta name=\"robots\" content=\"index, follow, max-snippet:-1, max-image-preview:large, max-video-preview:-1\" \/>\n<link rel=\"canonical\" href=\"https:\/\/www.africa-press.net\/cotedivoire\/economie\/blolequin-investiture-du-chef-de-zeaglo-ouloto-invite-les-populations-a-ne-pas-mettre-en-doute-les-promesses-de-ouattara\" \/>\n<meta property=\"og:locale\" content=\"fr_FR\" \/>\n<meta property=\"og:type\" content=\"article\" \/>\n<meta property=\"og:title\" content=\"Blol\u00e9quin\/investiture du chef de Z\u00e9aglo: Ouloto invite les populations \u00e0 ne pas mettre en doute les promesses de Ouattara\" \/>\n<meta property=\"og:description\" content=\"Pr\u00e9sidant la c\u00e9r\u00e9monie d\u2019investiture du chef du village de Z\u00e9aglo le samedi 22 mai dernier, la ministre de la Fonction p ...\" \/>\n<meta property=\"og:url\" content=\"https:\/\/www.africa-press.net\/cotedivoire\/economie\/blolequin-investiture-du-chef-de-zeaglo-ouloto-invite-les-populations-a-ne-pas-mettre-en-doute-les-promesses-de-ouattara\" \/>\n<meta property=\"og:site_name\" content=\"C\u00f4te d&#039;Ivoire\" \/>\n<meta property=\"article:published_time\" content=\"2021-05-26T15:55:54+00:00\" \/>\n<meta property=\"article:modified_time\" content=\"2021-05-26T20:17:24+00:00\" \/>\n<meta property=\"og:image\" content=\"https:\/\/static.africa-press.net\/cote\/sites\/43\/2021\/05\/img-60ae647726bf5.jpg\" \/>\n\t<meta property=\"og:image:width\" content=\"1024\" \/>\n\t<meta property=\"og:image:height\" content=\"681\" \/>\n\t<meta property=\"og:image:type\" content=\"image\/jpeg\" \/>\n<meta name=\"author\" content=\"cfeditorfr\" \/>\n<meta name=\"twitter:card\" content=\"summary_large_image\" \/>\n<meta name=\"twitter:label1\" content=\"\u00c9crit par\" \/>\n\t<meta name=\"twitter:data1\" content=\"cfeditorfr\" \/>\n\t<meta name=\"twitter:label2\" content=\"Dur\u00e9e de lecture estim\u00e9e\" \/>\n\t<meta name=\"twitter:data2\" content=\"3 minutes\" \/>\n<script type=\"application\/ld+json\" class=\"yoast-schema-graph\">{\"@context\":\"https:\/\/schema.org\",\"@graph\":[{\"@type\":\"Article\",\"@id\":\"https:\/\/www.africa-press.net\/cotedivoire\/economie\/blolequin-investiture-du-chef-de-zeaglo-ouloto-invite-les-populations-a-ne-pas-mettre-en-doute-les-promesses-de-ouattara#article\",\"isPartOf\":{\"@id\":\"https:\/\/www.africa-press.net\/cotedivoire\/economie\/blolequin-investiture-du-chef-de-zeaglo-ouloto-invite-les-populations-a-ne-pas-mettre-en-doute-les-promesses-de-ouattara\"},\"author\":{\"name\":\"cfeditorfr\",\"@id\":\"https:\/\/www.africa-press.net\/cotedivoire\/#\/schema\/person\/2b1cf3cd81a31e3cd26889ca66d677f1\"},\"headline\":\"Blol\u00e9quin\/investiture du chef de Z\u00e9aglo: Ouloto invite les populations \u00e0 ne pas mettre en doute les promesses de Ouattara\",\"datePublished\":\"2021-05-26T15:55:54+00:00\",\"dateModified\":\"2021-05-26T20:17:24+00:00\",\"mainEntityOfPage\":{\"@id\":\"https:\/\/www.africa-press.net\/cotedivoire\/economie\/blolequin-investiture-du-chef-de-zeaglo-ouloto-invite-les-populations-a-ne-pas-mettre-en-doute-les-promesses-de-ouattara\"},\"wordCount\":729,\"commentCount\":0,\"image\":{\"@id\":\"https:\/\/www.africa-press.net\/cotedivoire\/economie\/blolequin-investiture-du-chef-de-zeaglo-ouloto-invite-les-populations-a-ne-pas-mettre-en-doute-les-promesses-de-ouattara#primaryimage\"},\"thumbnailUrl\":\"https:\/\/static.africa-press.net\/cote\/sites\/43\/2021\/05\/img-60ae647726bf5.jpg\",\"keywords\":[\"Africa Press\",\"Africa Press-C\u00f4te d'Ivoire\",\"C\u00d4TE D'IVOIRE\"],\"articleSection\":[\"\u00c9conomie\",\"homepage-french\",\"Toutes les actualit\u00e9s\"],\"inLanguage\":\"fr-FR\",\"potentialAction\":[{\"@type\":\"CommentAction\",\"name\":\"Comment\",\"target\":[\"https:\/\/www.africa-press.net\/cotedivoire\/economie\/blolequin-investiture-du-chef-de-zeaglo-ouloto-invite-les-populations-a-ne-pas-mettre-en-doute-les-promesses-de-ouattara#respond\"]}]},{\"@type\":\"WebPage\",\"@id\":\"https:\/\/www.africa-press.net\/cotedivoire\/economie\/blolequin-investiture-du-chef-de-zeaglo-ouloto-invite-les-populations-a-ne-pas-mettre-en-doute-les-promesses-de-ouattara\",\"url\":\"https:\/\/www.africa-press.net\/cotedivoire\/economie\/blolequin-investiture-du-chef-de-zeaglo-ouloto-invite-les-populations-a-ne-pas-mettre-en-doute-les-promesses-de-ouattara\",\"name\":\"Blol\u00e9quin\/investiture du chef de Z\u00e9aglo: Ouloto invite les populations \u00e0 ne pas mettre en doute les promesses de Ouattara - C\u00f4te d&#039;Ivoire\",\"isPartOf\":{\"@id\":\"https:\/\/www.africa-press.net\/cotedivoire\/#website\"},\"primaryImageOfPage\":{\"@id\":\"https:\/\/www.africa-press.net\/cotedivoire\/economie\/blolequin-investiture-du-chef-de-zeaglo-ouloto-invite-les-populations-a-ne-pas-mettre-en-doute-les-promesses-de-ouattara#primaryimage\"},\"image\":{\"@id\":\"https:\/\/www.africa-press.net\/cotedivoire\/economie\/blolequin-investiture-du-chef-de-zeaglo-ouloto-invite-les-populations-a-ne-pas-mettre-en-doute-les-promesses-de-ouattara#primaryimage\"},\"thumbnailUrl\":\"https:\/\/static.africa-press.net\/cote\/sites\/43\/2021\/05\/img-60ae647726bf5.jpg\",\"datePublished\":\"2021-05-26T15:55:54+00:00\",\"dateModified\":\"2021-05-26T20:17:24+00:00\",\"author\":{\"@id\":\"https:\/\/www.africa-press.net\/cotedivoire\/#\/schema\/person\/2b1cf3cd81a31e3cd26889ca66d677f1\"},\"description\":\"Pr\u00e9sidant la c\u00e9r\u00e9monie d\u2019investiture du chef du village de Z\u00e9aglo le samedi 22 mai dernier, la ministre de la Fonction p ...\",\"breadcrumb\":{\"@id\":\"https:\/\/www.africa-press.net\/cotedivoire\/economie\/blolequin-investiture-du-chef-de-zeaglo-ouloto-invite-les-populations-a-ne-pas-mettre-en-doute-les-promesses-de-ouattara#breadcrumb\"},\"inLanguage\":\"fr-FR\",\"potentialAction\":[{\"@type\":\"ReadAction\",\"target\":[\"https:\/\/www.africa-press.net\/cotedivoire\/economie\/blolequin-investiture-du-chef-de-zeaglo-ouloto-invite-les-populations-a-ne-pas-mettre-en-doute-les-promesses-de-ouattara\"]}]},{\"@type\":\"ImageObject\",\"inLanguage\":\"fr-FR\",\"@id\":\"https:\/\/www.africa-press.net\/cotedivoire\/economie\/blolequin-investiture-du-chef-de-zeaglo-ouloto-invite-les-populations-a-ne-pas-mettre-en-doute-les-promesses-de-ouattara#primaryimage\",\"url\":\"https:\/\/static.africa-press.net\/cote\/sites\/43\/2021\/05\/img-60ae647726bf5.jpg\",\"contentUrl\":\"https:\/\/static.africa-press.net\/cote\/sites\/43\/2021\/05\/img-60ae647726bf5.jpg\",\"width\":1024,\"height\":681,\"caption\":\"Blol\u00e9quin\/investiture du chef de Z\u00e9aglo: Ouloto invite les populations \u00e0 ne pas mettre en doute les promesses de Ouattara\"},{\"@type\":\"BreadcrumbList\",\"@id\":\"https:\/\/www.africa-press.net\/cotedivoire\/economie\/blolequin-investiture-du-chef-de-zeaglo-ouloto-invite-les-populations-a-ne-pas-mettre-en-doute-les-promesses-de-ouattara#breadcrumb\",\"itemListElement\":[{\"@type\":\"ListItem\",\"position\":1,\"name\":\"Accueil\",\"item\":\"https:\/\/www.africa-press.net\/cotedivoire\/\"},{\"@type\":\"ListItem\",\"position\":2,\"name\":\"Blol\u00e9quin\/investiture du chef de Z\u00e9aglo: Ouloto invite les populations \u00e0 ne pas mettre en doute les promesses de Ouattara\"}]},{\"@type\":\"WebSite\",\"@id\":\"https:\/\/www.africa-press.net\/cotedivoire\/#website\",\"url\":\"https:\/\/www.africa-press.net\/cotedivoire\/\",\"name\":\"C\u00f4te d&#039;Ivoire\",\"description\":\"Just another Africa News Agency Sites site\",\"potentialAction\":[{\"@type\":\"SearchAction\",\"target\":{\"@type\":\"EntryPoint\",\"urlTemplate\":\"https:\/\/www.africa-press.net\/cotedivoire\/?s={search_term_string}\"},\"query-input\":{\"@type\":\"PropertyValueSpecification\",\"valueRequired\":true,\"valueName\":\"search_term_string\"}}],\"inLanguage\":\"fr-FR\"},{\"@type\":\"Person\",\"@id\":\"https:\/\/www.africa-press.net\/cotedivoire\/#\/schema\/person\/2b1cf3cd81a31e3cd26889ca66d677f1\",\"name\":\"cfeditorfr\"}]}<\/script>\n<!-- \/ Yoast SEO Premium plugin. -->","yoast_head_json":{"title":"Blol\u00e9quin\/investiture du chef de Z\u00e9aglo: Ouloto invite les populations \u00e0 ne pas mettre en doute les promesses de Ouattara - C\u00f4te d&#039;Ivoire","description":"Pr\u00e9sidant la c\u00e9r\u00e9monie d\u2019investiture du chef du village de Z\u00e9aglo le samedi 22 mai dernier, la ministre de la Fonction p ...","robots":{"index":"index","follow":"follow","max-snippet":"max-snippet:-1","max-image-preview":"max-image-preview:large","max-video-preview":"max-video-preview:-1"},"canonical":"https:\/\/www.africa-press.net\/cotedivoire\/economie\/blolequin-investiture-du-chef-de-zeaglo-ouloto-invite-les-populations-a-ne-pas-mettre-en-doute-les-promesses-de-ouattara","og_locale":"fr_FR","og_type":"article","og_title":"Blol\u00e9quin\/investiture du chef de Z\u00e9aglo: Ouloto invite les populations \u00e0 ne pas mettre en doute les promesses de Ouattara","og_description":"Pr\u00e9sidant la c\u00e9r\u00e9monie d\u2019investiture du chef du village de Z\u00e9aglo le samedi 22 mai dernier, la ministre de la Fonction p ...","og_url":"https:\/\/www.africa-press.net\/cotedivoire\/economie\/blolequin-investiture-du-chef-de-zeaglo-ouloto-invite-les-populations-a-ne-pas-mettre-en-doute-les-promesses-de-ouattara","og_site_name":"C\u00f4te d&#039;Ivoire","article_published_time":"2021-05-26T15:55:54+00:00","article_modified_time":"2021-05-26T20:17:24+00:00","og_image":[{"width":1024,"height":681,"url":"https:\/\/static.africa-press.net\/cote\/sites\/43\/2021\/05\/img-60ae647726bf5.jpg","type":"image\/jpeg"}],"author":"cfeditorfr","twitter_card":"summary_large_image","twitter_misc":{"\u00c9crit par":"cfeditorfr","Dur\u00e9e de lecture estim\u00e9e":"3 minutes"},"schema":{"@context":"https:\/\/schema.org","@graph":[{"@type":"Article","@id":"https:\/\/www.africa-press.net\/cotedivoire\/economie\/blolequin-investiture-du-chef-de-zeaglo-ouloto-invite-les-populations-a-ne-pas-mettre-en-doute-les-promesses-de-ouattara#article","isPartOf":{"@id":"https:\/\/www.africa-press.net\/cotedivoire\/economie\/blolequin-investiture-du-chef-de-zeaglo-ouloto-invite-les-populations-a-ne-pas-mettre-en-doute-les-promesses-de-ouattara"},"author":{"name":"cfeditorfr","@id":"https:\/\/www.africa-press.net\/cotedivoire\/#\/schema\/person\/2b1cf3cd81a31e3cd26889ca66d677f1"},"headline":"Blol\u00e9quin\/investiture du chef de Z\u00e9aglo: Ouloto invite les populations \u00e0 ne pas mettre en doute les promesses de Ouattara","datePublished":"2021-05-26T15:55:54+00:00","dateModified":"2021-05-26T20:17:24+00:00","mainEntityOfPage":{"@id":"https:\/\/www.africa-press.net\/cotedivoire\/economie\/blolequin-investiture-du-chef-de-zeaglo-ouloto-invite-les-populations-a-ne-pas-mettre-en-doute-les-promesses-de-ouattara"},"wordCount":729,"commentCount":0,"image":{"@id":"https:\/\/www.africa-press.net\/cotedivoire\/economie\/blolequin-investiture-du-chef-de-zeaglo-ouloto-invite-les-populations-a-ne-pas-mettre-en-doute-les-promesses-de-ouattara#primaryimage"},"thumbnailUrl":"https:\/\/static.africa-press.net\/cote\/sites\/43\/2021\/05\/img-60ae647726bf5.jpg","keywords":["Africa Press","Africa Press-C\u00f4te d'Ivoire","C\u00d4TE D'IVOIRE"],"articleSection":["\u00c9conomie","homepage-french","Toutes les actualit\u00e9s"],"inLanguage":"fr-FR","potentialAction":[{"@type":"CommentAction","name":"Comment","target":["https:\/\/www.africa-press.net\/cotedivoire\/economie\/blolequin-investiture-du-chef-de-zeaglo-ouloto-invite-les-populations-a-ne-pas-mettre-en-doute-les-promesses-de-ouattara#respond"]}]},{"@type":"WebPage","@id":"https:\/\/www.africa-press.net\/cotedivoire\/economie\/blolequin-investiture-du-chef-de-zeaglo-ouloto-invite-les-populations-a-ne-pas-mettre-en-doute-les-promesses-de-ouattara","url":"https:\/\/www.africa-press.net\/cotedivoire\/economie\/blolequin-investiture-du-chef-de-zeaglo-ouloto-invite-les-populations-a-ne-pas-mettre-en-doute-les-promesses-de-ouattara","name":"Blol\u00e9quin\/investiture du chef de Z\u00e9aglo: Ouloto invite les populations \u00e0 ne pas mettre en doute les promesses de Ouattara - C\u00f4te d&#039;Ivoire","isPartOf":{"@id":"https:\/\/www.africa-press.net\/cotedivoire\/#website"},"primaryImageOfPage":{"@id":"https:\/\/www.africa-press.net\/cotedivoire\/economie\/blolequin-investiture-du-chef-de-zeaglo-ouloto-invite-les-populations-a-ne-pas-mettre-en-doute-les-promesses-de-ouattara#primaryimage"},"image":{"@id":"https:\/\/www.africa-press.net\/cotedivoire\/economie\/blolequin-investiture-du-chef-de-zeaglo-ouloto-invite-les-populations-a-ne-pas-mettre-en-doute-les-promesses-de-ouattara#primaryimage"},"thumbnailUrl":"https:\/\/static.africa-press.net\/cote\/sites\/43\/2021\/05\/img-60ae647726bf5.jpg","datePublished":"2021-05-26T15:55:54+00:00","dateModified":"2021-05-26T20:17:24+00:00","author":{"@id":"https:\/\/www.africa-press.net\/cotedivoire\/#\/schema\/person\/2b1cf3cd81a31e3cd26889ca66d677f1"},"description":"Pr\u00e9sidant la c\u00e9r\u00e9monie d\u2019investiture du chef du village de Z\u00e9aglo le samedi 22 mai dernier, la ministre de la Fonction p ...","breadcrumb":{"@id":"https:\/\/www.africa-press.net\/cotedivoire\/economie\/blolequin-investiture-du-chef-de-zeaglo-ouloto-invite-les-populations-a-ne-pas-mettre-en-doute-les-promesses-de-ouattara#breadcrumb"},"inLanguage":"fr-FR","potentialAction":[{"@type":"ReadAction","target":["https:\/\/www.africa-press.net\/cotedivoire\/economie\/blolequin-investiture-du-chef-de-zeaglo-ouloto-invite-les-populations-a-ne-pas-mettre-en-doute-les-promesses-de-ouattara"]}]},{"@type":"ImageObject","inLanguage":"fr-FR","@id":"https:\/\/www.africa-press.net\/cotedivoire\/economie\/blolequin-investiture-du-chef-de-zeaglo-ouloto-invite-les-populations-a-ne-pas-mettre-en-doute-les-promesses-de-ouattara#primaryimage","url":"https:\/\/static.africa-press.net\/cote\/sites\/43\/2021\/05\/img-60ae647726bf5.jpg","contentUrl":"https:\/\/static.africa-press.net\/cote\/sites\/43\/2021\/05\/img-60ae647726bf5.jpg","width":1024,"height":681,"caption":"Blol\u00e9quin\/investiture du chef de Z\u00e9aglo: Ouloto invite les populations \u00e0 ne pas mettre en doute les promesses de Ouattara"},{"@type":"BreadcrumbList","@id":"https:\/\/www.africa-press.net\/cotedivoire\/economie\/blolequin-investiture-du-chef-de-zeaglo-ouloto-invite-les-populations-a-ne-pas-mettre-en-doute-les-promesses-de-ouattara#breadcrumb","itemListElement":[{"@type":"ListItem","position":1,"name":"Accueil","item":"https:\/\/www.africa-press.net\/cotedivoire\/"},{"@type":"ListItem","position":2,"name":"Blol\u00e9quin\/investiture du chef de Z\u00e9aglo: Ouloto invite les populations \u00e0 ne pas mettre en doute les promesses de Ouattara"}]},{"@type":"WebSite","@id":"https:\/\/www.africa-press.net\/cotedivoire\/#website","url":"https:\/\/www.africa-press.net\/cotedivoire\/","name":"C\u00f4te d&#039;Ivoire","description":"Just another Africa News Agency Sites site","potentialAction":[{"@type":"SearchAction","target":{"@type":"EntryPoint","urlTemplate":"https:\/\/www.africa-press.net\/cotedivoire\/?s={search_term_string}"},"query-input":{"@type":"PropertyValueSpecification","valueRequired":true,"valueName":"search_term_string"}}],"inLanguage":"fr-FR"},{"@type":"Person","@id":"https:\/\/www.africa-press.net\/cotedivoire\/#\/schema\/person\/2b1cf3cd81a31e3cd26889ca66d677f1","name":"cfeditorfr"}]}},"_links":{"self":[{"href":"https:\/\/www.africa-press.net\/cotedivoire\/wp-json\/wp\/v2\/posts\/8203","targetHints":{"allow":["GET"]}}],"collection":[{"href":"https:\/\/www.africa-press.net\/cotedivoire\/wp-json\/wp\/v2\/posts"}],"about":[{"href":"https:\/\/www.africa-press.net\/cotedivoire\/wp-json\/wp\/v2\/types\/post"}],"author":[{"embeddable":true,"href":"https:\/\/www.africa-press.net\/cotedivoire\/wp-json\/wp\/v2\/users\/82"}],"replies":[{"embeddable":true,"href":"https:\/\/www.africa-press.net\/cotedivoire\/wp-json\/wp\/v2\/comments?post=8203"}],"version-history":[{"count":0,"href":"https:\/\/www.africa-press.net\/cotedivoire\/wp-json\/wp\/v2\/posts\/8203\/revisions"}],"wp:featuredmedia":[{"embeddable":true,"href":"https:\/\/www.africa-press.net\/cotedivoire\/wp-json\/wp\/v2\/media\/8202"}],"wp:attachment":[{"href":"https:\/\/www.africa-press.net\/cotedivoire\/wp-json\/wp\/v2\/media?parent=8203"}],"wp:term":[{"taxonomy":"category","embeddable":true,"href":"https:\/\/www.africa-press.net\/cotedivoire\/wp-json\/wp\/v2\/categories?post=8203"},{"taxonomy":"post_tag","embeddable":true,"href":"https:\/\/www.africa-press.net\/cotedivoire\/wp-json\/wp\/v2\/tags?post=8203"}],"curies":[{"name":"wp","href":"https:\/\/api.w.org\/{rel}","templated":true}]}}