{"id":82071,"date":"2024-06-15T12:39:52","date_gmt":"2024-06-15T12:39:52","guid":{"rendered":"https:\/\/www.africa-press.net\/cotedivoire\/politique\/crise-dans-la-bande-de-gaza-des-etudiants-ivoiriens-disent-stop-au-genocide-en-palestine-et-apportent-leur-soutien-au-peuple-palestinien"},"modified":"2024-06-15T14:04:03","modified_gmt":"2024-06-15T14:04:03","slug":"crise-dans-la-bande-de-gaza-des-etudiants-ivoiriens-disent-stop-au-genocide-en-palestine-et-apportent-leur-soutien-au-peuple-palestinien","status":"publish","type":"post","link":"https:\/\/www.africa-press.net\/cotedivoire\/politique\/crise-dans-la-bande-de-gaza-des-etudiants-ivoiriens-disent-stop-au-genocide-en-palestine-et-apportent-leur-soutien-au-peuple-palestinien","title":{"rendered":"Crise dans la bande de Gaza, des \u00e9tudiants ivoiriens disent stop au g\u00e9nocide en Palestine et apportent leur soutien au peuple palestinien"},"content":{"rendered":"<p><span style=\"color: #ff6600\"><strong>Africa-Press &#8211; C\u00f4te d&rsquo;Ivoire. <\/strong><\/span>Stop au ge\u0301nocide en Palestine\u00a0\u00bb. Tel est le the\u0300me de la confe\u0301rence publique anime\u0301e, ce vendredi 14 juin par le professeur Pierre Dago de la faculte\u0301 de droit a\u0300 l&rsquo;universite\u0301 Fe\u0301lix Houphoue\u0308t-Boigny de Cocody.<\/p>\n<p>En effet, face aux e\u0301tudiants de droit, cet avocat au nombre des six cents avocats engage\u0301s pour la cause palestinienne, est convaincu que seule l&rsquo;existence d&rsquo;un E\u0301tat palestinien peut ramener la paix dans cette partie du Proche-Orient.<\/p>\n<p>\u00ab\u00a0La crise palestinienne n&rsquo;aura de solution que s&rsquo;il existe un e\u0301tat Palestinien\u00a0\u00bb, a de\u0301clare\u0301 le professeur Dago rappelant que tous les pays africains reconnaissent de\u0301ja\u0300 comme les nations unies l&rsquo;existence de l&rsquo;E\u0301tat de la Palestine.<\/p>\n<p>Situant l&rsquo;objectif de la pre\u0301sente confe\u0301rence, Pierre Dago veut lever toute ambigui\u0308te\u0301 qui pourrait e\u0302tre entretenue relativement a\u0300 son intervention. \u00ab\u00a0Nous sommes ici pour parler de la ne\u0301cessite\u0301 d&rsquo;un Etat palestinien et du ge\u0301nocide en cours\u00a0\u00bb, a-t-il pre\u0301cise\u0301 avant l&rsquo;expose\u0301 de Son Excellence Monsieur Abdal Karim Ewaida, Ambassadeur de l&rsquo;E\u0301tat de la Palestine en Co\u0302te d&rsquo;Ivoire.<\/p>\n<p>Pour le diplomate palestinien, la communaute\u0301 internationale n&rsquo;a pas e\u0301te\u0301 a\u0300 la hauteur de la question palestinienne. Elle ne parvient pas a\u0300 faire appliquer les diffe\u0301rentes re\u0301solutions prises.<\/p>\n<p>\u00ab\u00a0147 pays y compris le Vatican reconnaissent l&rsquo;existence de l&rsquo;E\u0301tat de la Palestine. Israe\u0308l e\u0301galement le reconnai\u0302t dans le cadre des accords d&rsquo;Oslo de 1993. Et malgre\u0301 le fait que la Palestine soit a\u0300 l&rsquo;ONU comme Etat membre observateur, toutes ses de\u0301marches pour e\u0302tre reconnu officiellement comme un Etat butte sur le ve\u0301to des E\u0301tats Unis\u00a0\u00bb, a de\u0301plore\u0301 Son Excellence Monsieur Abdal Karim Ewaida qualifiant de \u00ab\u00a0guerre barbare\u00a0\u00bb livre\u0301e par l&rsquo;E\u0301tat d&rsquo;Israe\u0308l a\u0300 son pays et qui a fait plusieurs dizaines de milliers de morts de\u0301ja\u0300.<\/p>\n<p>Pour le diplomate palestinien, soutenu, sur le terrain, \u00ab\u00a0Israe\u0308l man\u0153uvre pour empe\u0302cher l&rsquo;aboutissement de l&rsquo;E\u0301tat de la Palestine par l&rsquo;occupation militaire et par la colonisation\u00a0\u00bb.<\/p>\n<p>Gardant tout de me\u0302me foi en l&rsquo;avenir, Son Excellence Monsieur Abdal Karim Ewaida, croit que le re\u0302ve palestinien deviendra to\u0302t ou tard re\u0301alite\u0301.<\/p>\n<p>\u00ab\u00a0Nous sommes entrain de travailler pour un Etat palestinien et je crois que nous y arriverons a\u0300 re\u0301aliser tout le re\u0302ve du peuple palestinien d&rsquo;avoir un Etat inde\u0301pendant sur la base des frontie\u0300res de 1967\u00a0\u00bb, a-t-il conclu.<\/p>\n<p>Au terme de cette confe\u0301rence plusieurs motions de soutien des e\u0301tudiants a\u0300 la cause palestinienne ont e\u0301te\u0301 adresse\u0301es au diplomate palestinien dont en voici un contenu:<\/p>\n<p>MOTION DE SOUTIEN AU PEUPLE PALESTINIEN<\/p>\n<p>Les e\u0301tudiants de l&rsquo;universite\u0301 Fe\u0301lix Houphoue\u0308t Boigny d&rsquo;Abidjan re\u0301unis ce 14 juin 2024 apportent tout leur soutien au peuple palestinien et condamnent avec la plus grande fermete\u0301 l&rsquo;assassinat des civils en Palestine.<\/p>\n<p>En 6 mois, plus de 50.000 personnes sont de\u0301ja\u0300 mortes dont pre\u0300s de la moitie\u0301 sont des enfants. Les massacres de la population palestinienne ne font que s&rsquo;accentuer chaque jour. La violence et les actes de terreur perpe\u0301tre\u0301s par le Hamas le 7 octobre dernier contre des civils israe\u0301liens ne justifient en rien la punition collective actuellement a\u0300 l&rsquo;\u0153uvre contre le peuple palestinien tout entier. Les crimes de guerre et crimes contre l&rsquo;humanite\u0301 se multiplient. Ce qui se passe actuellement est un ge\u0301nocide.<\/p>\n<p>Le gouvernement israe\u0301lien bafoue a\u0300 nouveau le droit international apre\u0300s l&rsquo;avoir fait depuis des de\u0301cennies avec l&rsquo;occupation des territoires palestiniens par les colons israe\u0301liens. Ce gouvernement domine\u0301 par l&rsquo;extre\u0302me-droite me\u0300ne ouvertement une politique d&rsquo;apartheid et poursuit inexorablement la colonisation de la Cisjordanie et de Je\u0301rusalem-Est, au me\u0301pris de toutes les de\u0301cisions internationales. Les ho\u0302pitaux sont bombarde\u0301s ; ceux qui ne sont pas encore de\u0301truits sont exsangues et pris d&rsquo;assaut par les blesse\u0301s.<\/p>\n<p>Pre\u0300s de 1,7 millions de personnes ont e\u0301te\u0301 oblige\u0301es de quitter leur logement dans l&rsquo;urgence et la peur. Le sud de Gaza ou\u0300 se re\u0301fugie une partie des habitants du nord est bombarde\u0301, alors que la densite\u0301 de population au km carre\u0301 y a de\u0301passe\u0301 les 10.000<\/p>\n<p>habitants. Le renforcement du blocus (sur l&rsquo;eau, l&rsquo;e\u0301lectricite\u0301, acce\u0300s aux secours..) aggrave encore plus la situation des populations civiles.<\/p>\n<p>Aucun argument religieux, politique ou e\u0301conomique ne peut justifier des actes de violence ou de guerre.<\/p>\n<p>Par conse\u0301quent, nous, e\u0301tudiants de l&rsquo;Universite\u0301 Fe\u0301lix Houphoue\u0308t-Boigny d&rsquo;Abidjan exigeons, le cessez-le-feu imme\u0301diat et la leve\u0301e du blocus, l&rsquo;arre\u0302t des bombardements et des de\u0301placements force\u0301s de la population<\/p>\n<p>palestinienne ; la protection du peuple palestinien a\u0300 Gaza et en Cisjordanie ;la liberte\u0301 d&rsquo;expression et de manifestation, les liberte\u0301s de\u0301mocratiques fondamentales ; une paix juste et durable entre Palestiniens et Israe\u0301liens.<\/p>\n<p><strong>Pour plus d&rsquo;informations et d&rsquo;analyses sur la C\u00f4te d&rsquo;Ivoire, suivez Africa-Press<\/strong><\/p>\n","protected":false},"excerpt":{"rendered":"<p>Africa-Press &#8211; C\u00f4te d&rsquo;Ivoire. Stop au ge\u0301nocide en Palestine\u00a0\u00bb. Tel est le the\u0300me de la confe\u0301rence publique anime\u0301e, ce vendredi 14 juin par le professeur Pierre Dago de la faculte\u0301 de droit a\u0300 l&rsquo;universite\u0301 Fe\u0301lix Houphoue\u0308t-Boigny de Cocody. En effet, face aux e\u0301tudiants de droit, cet avocat au nombre des six cents avocats engage\u0301s pour [&hellip;]<\/p>\n","protected":false},"author":82,"featured_media":82069,"comment_status":"open","ping_status":"closed","sticky":false,"template":"","format":"standard","meta":{"footnotes":""},"categories":[2,10],"tags":[13815,29,13814,630,13812,11612,1115],"class_list":["post-82071","post","type-post","status-publish","format-standard","has-post-thumbnail","hentry","category-politique","category-toutes-les-actualites","tag-cesse-le-feu","tag-cote-divoire","tag-crise-bande-de-gaza","tag-etudiants","tag-genocide","tag-palestine","tag-universite-de-cocody"],"yoast_head":"<!-- This site is optimized with the Yoast SEO Premium plugin v26.1 (Yoast SEO v27.0) - https:\/\/yoast.com\/product\/yoast-seo-premium-wordpress\/ -->\n<title>Crise dans la bande de Gaza, des \u00e9tudiants ivoiriens disent stop au g\u00e9nocide en Palestine et apportent leur soutien au peuple palestinien - C\u00f4te d&#039;Ivoire<\/title>\n<meta name=\"description\" content=\"Stop au ge\u0301nocide en Palestine&quot;. Tel est le the\u0300me de la confe\u0301rence publique anime\u0301e, ce vendredi 14 juin par le profes ...\" \/>\n<meta name=\"robots\" content=\"index, follow, max-snippet:-1, max-image-preview:large, max-video-preview:-1\" \/>\n<link rel=\"canonical\" href=\"https:\/\/www.africa-press.net\/cotedivoire\/politique\/crise-dans-la-bande-de-gaza-des-etudiants-ivoiriens-disent-stop-au-genocide-en-palestine-et-apportent-leur-soutien-au-peuple-palestinien\" \/>\n<meta property=\"og:locale\" content=\"fr_FR\" \/>\n<meta property=\"og:type\" content=\"article\" \/>\n<meta property=\"og:title\" content=\"Crise dans la bande de Gaza, des \u00e9tudiants ivoiriens disent stop au g\u00e9nocide en Palestine et apportent leur soutien au peuple palestinien\" \/>\n<meta property=\"og:description\" content=\"Stop au ge\u0301nocide en Palestine&quot;. Tel est le the\u0300me de la confe\u0301rence publique anime\u0301e, ce vendredi 14 juin par le profes ...\" \/>\n<meta property=\"og:url\" content=\"https:\/\/www.africa-press.net\/cotedivoire\/politique\/crise-dans-la-bande-de-gaza-des-etudiants-ivoiriens-disent-stop-au-genocide-en-palestine-et-apportent-leur-soutien-au-peuple-palestinien\" \/>\n<meta property=\"og:site_name\" content=\"C\u00f4te d&#039;Ivoire\" \/>\n<meta property=\"article:published_time\" content=\"2024-06-15T12:39:52+00:00\" \/>\n<meta property=\"article:modified_time\" content=\"2024-06-15T14:04:03+00:00\" \/>\n<meta property=\"og:image\" content=\"https:\/\/static.africa-press.net\/cote\/sites\/43\/2024\/06\/sm_1718447564.248543.jpg\" \/>\n\t<meta property=\"og:image:width\" content=\"720\" \/>\n\t<meta property=\"og:image:height\" content=\"540\" \/>\n\t<meta property=\"og:image:type\" content=\"image\/jpeg\" \/>\n<meta name=\"author\" content=\"cfeditorfr\" \/>\n<meta name=\"twitter:card\" content=\"summary_large_image\" \/>\n<meta name=\"twitter:label1\" content=\"\u00c9crit par\" \/>\n\t<meta name=\"twitter:data1\" content=\"cfeditorfr\" \/>\n\t<meta name=\"twitter:label2\" content=\"Dur\u00e9e de lecture estim\u00e9e\" \/>\n\t<meta name=\"twitter:data2\" content=\"4 minutes\" \/>\n<script type=\"application\/ld+json\" class=\"yoast-schema-graph\">{\"@context\":\"https:\/\/schema.org\",\"@graph\":[{\"@type\":\"Article\",\"@id\":\"https:\/\/www.africa-press.net\/cotedivoire\/politique\/crise-dans-la-bande-de-gaza-des-etudiants-ivoiriens-disent-stop-au-genocide-en-palestine-et-apportent-leur-soutien-au-peuple-palestinien#article\",\"isPartOf\":{\"@id\":\"https:\/\/www.africa-press.net\/cotedivoire\/politique\/crise-dans-la-bande-de-gaza-des-etudiants-ivoiriens-disent-stop-au-genocide-en-palestine-et-apportent-leur-soutien-au-peuple-palestinien\"},\"author\":{\"name\":\"cfeditorfr\",\"@id\":\"https:\/\/www.africa-press.net\/cotedivoire\/#\/schema\/person\/2b1cf3cd81a31e3cd26889ca66d677f1\"},\"headline\":\"Crise dans la bande de Gaza, des \u00e9tudiants ivoiriens disent stop au g\u00e9nocide en Palestine et apportent leur soutien au peuple palestinien\",\"datePublished\":\"2024-06-15T12:39:52+00:00\",\"dateModified\":\"2024-06-15T14:04:03+00:00\",\"mainEntityOfPage\":{\"@id\":\"https:\/\/www.africa-press.net\/cotedivoire\/politique\/crise-dans-la-bande-de-gaza-des-etudiants-ivoiriens-disent-stop-au-genocide-en-palestine-et-apportent-leur-soutien-au-peuple-palestinien\"},\"wordCount\":891,\"commentCount\":0,\"image\":{\"@id\":\"https:\/\/www.africa-press.net\/cotedivoire\/politique\/crise-dans-la-bande-de-gaza-des-etudiants-ivoiriens-disent-stop-au-genocide-en-palestine-et-apportent-leur-soutien-au-peuple-palestinien#primaryimage\"},\"thumbnailUrl\":\"https:\/\/static.africa-press.net\/cote\/sites\/43\/2024\/06\/sm_1718447564.248543.jpg\",\"keywords\":[\"cess\u00e9 le feu\",\"C\u00d4TE D'IVOIRE\",\"Crise bande de Gaza\",\"\u00e9tudiants\",\"g\u00e9nocide\",\"Palestine\",\"Universit\u00e9 de Cocody\"],\"articleSection\":[\"Politique\",\"Toutes les actualit\u00e9s\"],\"inLanguage\":\"fr-FR\",\"potentialAction\":[{\"@type\":\"CommentAction\",\"name\":\"Comment\",\"target\":[\"https:\/\/www.africa-press.net\/cotedivoire\/politique\/crise-dans-la-bande-de-gaza-des-etudiants-ivoiriens-disent-stop-au-genocide-en-palestine-et-apportent-leur-soutien-au-peuple-palestinien#respond\"]}]},{\"@type\":\"WebPage\",\"@id\":\"https:\/\/www.africa-press.net\/cotedivoire\/politique\/crise-dans-la-bande-de-gaza-des-etudiants-ivoiriens-disent-stop-au-genocide-en-palestine-et-apportent-leur-soutien-au-peuple-palestinien\",\"url\":\"https:\/\/www.africa-press.net\/cotedivoire\/politique\/crise-dans-la-bande-de-gaza-des-etudiants-ivoiriens-disent-stop-au-genocide-en-palestine-et-apportent-leur-soutien-au-peuple-palestinien\",\"name\":\"Crise dans la bande de Gaza, des \u00e9tudiants ivoiriens disent stop au g\u00e9nocide en Palestine et apportent leur soutien au peuple palestinien - C\u00f4te d&#039;Ivoire\",\"isPartOf\":{\"@id\":\"https:\/\/www.africa-press.net\/cotedivoire\/#website\"},\"primaryImageOfPage\":{\"@id\":\"https:\/\/www.africa-press.net\/cotedivoire\/politique\/crise-dans-la-bande-de-gaza-des-etudiants-ivoiriens-disent-stop-au-genocide-en-palestine-et-apportent-leur-soutien-au-peuple-palestinien#primaryimage\"},\"image\":{\"@id\":\"https:\/\/www.africa-press.net\/cotedivoire\/politique\/crise-dans-la-bande-de-gaza-des-etudiants-ivoiriens-disent-stop-au-genocide-en-palestine-et-apportent-leur-soutien-au-peuple-palestinien#primaryimage\"},\"thumbnailUrl\":\"https:\/\/static.africa-press.net\/cote\/sites\/43\/2024\/06\/sm_1718447564.248543.jpg\",\"datePublished\":\"2024-06-15T12:39:52+00:00\",\"dateModified\":\"2024-06-15T14:04:03+00:00\",\"author\":{\"@id\":\"https:\/\/www.africa-press.net\/cotedivoire\/#\/schema\/person\/2b1cf3cd81a31e3cd26889ca66d677f1\"},\"description\":\"Stop au ge\u0301nocide en Palestine\\\". Tel est le the\u0300me de la confe\u0301rence publique anime\u0301e, ce vendredi 14 juin par le profes ...\",\"breadcrumb\":{\"@id\":\"https:\/\/www.africa-press.net\/cotedivoire\/politique\/crise-dans-la-bande-de-gaza-des-etudiants-ivoiriens-disent-stop-au-genocide-en-palestine-et-apportent-leur-soutien-au-peuple-palestinien#breadcrumb\"},\"inLanguage\":\"fr-FR\",\"potentialAction\":[{\"@type\":\"ReadAction\",\"target\":[\"https:\/\/www.africa-press.net\/cotedivoire\/politique\/crise-dans-la-bande-de-gaza-des-etudiants-ivoiriens-disent-stop-au-genocide-en-palestine-et-apportent-leur-soutien-au-peuple-palestinien\"]}]},{\"@type\":\"ImageObject\",\"inLanguage\":\"fr-FR\",\"@id\":\"https:\/\/www.africa-press.net\/cotedivoire\/politique\/crise-dans-la-bande-de-gaza-des-etudiants-ivoiriens-disent-stop-au-genocide-en-palestine-et-apportent-leur-soutien-au-peuple-palestinien#primaryimage\",\"url\":\"https:\/\/static.africa-press.net\/cote\/sites\/43\/2024\/06\/sm_1718447564.248543.jpg\",\"contentUrl\":\"https:\/\/static.africa-press.net\/cote\/sites\/43\/2024\/06\/sm_1718447564.248543.jpg\",\"width\":720,\"height\":540,\"caption\":\"Crise dans la bande de Gaza, des \u00e9tudiants ivoiriens disent stop au g\u00e9nocide en Palestine et apportent leur soutien au peuple palestinien\"},{\"@type\":\"BreadcrumbList\",\"@id\":\"https:\/\/www.africa-press.net\/cotedivoire\/politique\/crise-dans-la-bande-de-gaza-des-etudiants-ivoiriens-disent-stop-au-genocide-en-palestine-et-apportent-leur-soutien-au-peuple-palestinien#breadcrumb\",\"itemListElement\":[{\"@type\":\"ListItem\",\"position\":1,\"name\":\"Accueil\",\"item\":\"https:\/\/www.africa-press.net\/cotedivoire\/\"},{\"@type\":\"ListItem\",\"position\":2,\"name\":\"Crise dans la bande de Gaza, des \u00e9tudiants ivoiriens disent stop au g\u00e9nocide en Palestine et apportent leur soutien au peuple palestinien\"}]},{\"@type\":\"WebSite\",\"@id\":\"https:\/\/www.africa-press.net\/cotedivoire\/#website\",\"url\":\"https:\/\/www.africa-press.net\/cotedivoire\/\",\"name\":\"C\u00f4te d&#039;Ivoire\",\"description\":\"Just another Africa News Agency Sites site\",\"potentialAction\":[{\"@type\":\"SearchAction\",\"target\":{\"@type\":\"EntryPoint\",\"urlTemplate\":\"https:\/\/www.africa-press.net\/cotedivoire\/?s={search_term_string}\"},\"query-input\":{\"@type\":\"PropertyValueSpecification\",\"valueRequired\":true,\"valueName\":\"search_term_string\"}}],\"inLanguage\":\"fr-FR\"},{\"@type\":\"Person\",\"@id\":\"https:\/\/www.africa-press.net\/cotedivoire\/#\/schema\/person\/2b1cf3cd81a31e3cd26889ca66d677f1\",\"name\":\"cfeditorfr\"}]}<\/script>\n<!-- \/ Yoast SEO Premium plugin. -->","yoast_head_json":{"title":"Crise dans la bande de Gaza, des \u00e9tudiants ivoiriens disent stop au g\u00e9nocide en Palestine et apportent leur soutien au peuple palestinien - C\u00f4te d&#039;Ivoire","description":"Stop au ge\u0301nocide en Palestine\". Tel est le the\u0300me de la confe\u0301rence publique anime\u0301e, ce vendredi 14 juin par le profes ...","robots":{"index":"index","follow":"follow","max-snippet":"max-snippet:-1","max-image-preview":"max-image-preview:large","max-video-preview":"max-video-preview:-1"},"canonical":"https:\/\/www.africa-press.net\/cotedivoire\/politique\/crise-dans-la-bande-de-gaza-des-etudiants-ivoiriens-disent-stop-au-genocide-en-palestine-et-apportent-leur-soutien-au-peuple-palestinien","og_locale":"fr_FR","og_type":"article","og_title":"Crise dans la bande de Gaza, des \u00e9tudiants ivoiriens disent stop au g\u00e9nocide en Palestine et apportent leur soutien au peuple palestinien","og_description":"Stop au ge\u0301nocide en Palestine\". Tel est le the\u0300me de la confe\u0301rence publique anime\u0301e, ce vendredi 14 juin par le profes ...","og_url":"https:\/\/www.africa-press.net\/cotedivoire\/politique\/crise-dans-la-bande-de-gaza-des-etudiants-ivoiriens-disent-stop-au-genocide-en-palestine-et-apportent-leur-soutien-au-peuple-palestinien","og_site_name":"C\u00f4te d&#039;Ivoire","article_published_time":"2024-06-15T12:39:52+00:00","article_modified_time":"2024-06-15T14:04:03+00:00","og_image":[{"width":720,"height":540,"url":"https:\/\/static.africa-press.net\/cote\/sites\/43\/2024\/06\/sm_1718447564.248543.jpg","type":"image\/jpeg"}],"author":"cfeditorfr","twitter_card":"summary_large_image","twitter_misc":{"\u00c9crit par":"cfeditorfr","Dur\u00e9e de lecture estim\u00e9e":"4 minutes"},"schema":{"@context":"https:\/\/schema.org","@graph":[{"@type":"Article","@id":"https:\/\/www.africa-press.net\/cotedivoire\/politique\/crise-dans-la-bande-de-gaza-des-etudiants-ivoiriens-disent-stop-au-genocide-en-palestine-et-apportent-leur-soutien-au-peuple-palestinien#article","isPartOf":{"@id":"https:\/\/www.africa-press.net\/cotedivoire\/politique\/crise-dans-la-bande-de-gaza-des-etudiants-ivoiriens-disent-stop-au-genocide-en-palestine-et-apportent-leur-soutien-au-peuple-palestinien"},"author":{"name":"cfeditorfr","@id":"https:\/\/www.africa-press.net\/cotedivoire\/#\/schema\/person\/2b1cf3cd81a31e3cd26889ca66d677f1"},"headline":"Crise dans la bande de Gaza, des \u00e9tudiants ivoiriens disent stop au g\u00e9nocide en Palestine et apportent leur soutien au peuple palestinien","datePublished":"2024-06-15T12:39:52+00:00","dateModified":"2024-06-15T14:04:03+00:00","mainEntityOfPage":{"@id":"https:\/\/www.africa-press.net\/cotedivoire\/politique\/crise-dans-la-bande-de-gaza-des-etudiants-ivoiriens-disent-stop-au-genocide-en-palestine-et-apportent-leur-soutien-au-peuple-palestinien"},"wordCount":891,"commentCount":0,"image":{"@id":"https:\/\/www.africa-press.net\/cotedivoire\/politique\/crise-dans-la-bande-de-gaza-des-etudiants-ivoiriens-disent-stop-au-genocide-en-palestine-et-apportent-leur-soutien-au-peuple-palestinien#primaryimage"},"thumbnailUrl":"https:\/\/static.africa-press.net\/cote\/sites\/43\/2024\/06\/sm_1718447564.248543.jpg","keywords":["cess\u00e9 le feu","C\u00d4TE D'IVOIRE","Crise bande de Gaza","\u00e9tudiants","g\u00e9nocide","Palestine","Universit\u00e9 de Cocody"],"articleSection":["Politique","Toutes les actualit\u00e9s"],"inLanguage":"fr-FR","potentialAction":[{"@type":"CommentAction","name":"Comment","target":["https:\/\/www.africa-press.net\/cotedivoire\/politique\/crise-dans-la-bande-de-gaza-des-etudiants-ivoiriens-disent-stop-au-genocide-en-palestine-et-apportent-leur-soutien-au-peuple-palestinien#respond"]}]},{"@type":"WebPage","@id":"https:\/\/www.africa-press.net\/cotedivoire\/politique\/crise-dans-la-bande-de-gaza-des-etudiants-ivoiriens-disent-stop-au-genocide-en-palestine-et-apportent-leur-soutien-au-peuple-palestinien","url":"https:\/\/www.africa-press.net\/cotedivoire\/politique\/crise-dans-la-bande-de-gaza-des-etudiants-ivoiriens-disent-stop-au-genocide-en-palestine-et-apportent-leur-soutien-au-peuple-palestinien","name":"Crise dans la bande de Gaza, des \u00e9tudiants ivoiriens disent stop au g\u00e9nocide en Palestine et apportent leur soutien au peuple palestinien - C\u00f4te d&#039;Ivoire","isPartOf":{"@id":"https:\/\/www.africa-press.net\/cotedivoire\/#website"},"primaryImageOfPage":{"@id":"https:\/\/www.africa-press.net\/cotedivoire\/politique\/crise-dans-la-bande-de-gaza-des-etudiants-ivoiriens-disent-stop-au-genocide-en-palestine-et-apportent-leur-soutien-au-peuple-palestinien#primaryimage"},"image":{"@id":"https:\/\/www.africa-press.net\/cotedivoire\/politique\/crise-dans-la-bande-de-gaza-des-etudiants-ivoiriens-disent-stop-au-genocide-en-palestine-et-apportent-leur-soutien-au-peuple-palestinien#primaryimage"},"thumbnailUrl":"https:\/\/static.africa-press.net\/cote\/sites\/43\/2024\/06\/sm_1718447564.248543.jpg","datePublished":"2024-06-15T12:39:52+00:00","dateModified":"2024-06-15T14:04:03+00:00","author":{"@id":"https:\/\/www.africa-press.net\/cotedivoire\/#\/schema\/person\/2b1cf3cd81a31e3cd26889ca66d677f1"},"description":"Stop au ge\u0301nocide en Palestine\". Tel est le the\u0300me de la confe\u0301rence publique anime\u0301e, ce vendredi 14 juin par le profes ...","breadcrumb":{"@id":"https:\/\/www.africa-press.net\/cotedivoire\/politique\/crise-dans-la-bande-de-gaza-des-etudiants-ivoiriens-disent-stop-au-genocide-en-palestine-et-apportent-leur-soutien-au-peuple-palestinien#breadcrumb"},"inLanguage":"fr-FR","potentialAction":[{"@type":"ReadAction","target":["https:\/\/www.africa-press.net\/cotedivoire\/politique\/crise-dans-la-bande-de-gaza-des-etudiants-ivoiriens-disent-stop-au-genocide-en-palestine-et-apportent-leur-soutien-au-peuple-palestinien"]}]},{"@type":"ImageObject","inLanguage":"fr-FR","@id":"https:\/\/www.africa-press.net\/cotedivoire\/politique\/crise-dans-la-bande-de-gaza-des-etudiants-ivoiriens-disent-stop-au-genocide-en-palestine-et-apportent-leur-soutien-au-peuple-palestinien#primaryimage","url":"https:\/\/static.africa-press.net\/cote\/sites\/43\/2024\/06\/sm_1718447564.248543.jpg","contentUrl":"https:\/\/static.africa-press.net\/cote\/sites\/43\/2024\/06\/sm_1718447564.248543.jpg","width":720,"height":540,"caption":"Crise dans la bande de Gaza, des \u00e9tudiants ivoiriens disent stop au g\u00e9nocide en Palestine et apportent leur soutien au peuple palestinien"},{"@type":"BreadcrumbList","@id":"https:\/\/www.africa-press.net\/cotedivoire\/politique\/crise-dans-la-bande-de-gaza-des-etudiants-ivoiriens-disent-stop-au-genocide-en-palestine-et-apportent-leur-soutien-au-peuple-palestinien#breadcrumb","itemListElement":[{"@type":"ListItem","position":1,"name":"Accueil","item":"https:\/\/www.africa-press.net\/cotedivoire\/"},{"@type":"ListItem","position":2,"name":"Crise dans la bande de Gaza, des \u00e9tudiants ivoiriens disent stop au g\u00e9nocide en Palestine et apportent leur soutien au peuple palestinien"}]},{"@type":"WebSite","@id":"https:\/\/www.africa-press.net\/cotedivoire\/#website","url":"https:\/\/www.africa-press.net\/cotedivoire\/","name":"C\u00f4te d&#039;Ivoire","description":"Just another Africa News Agency Sites site","potentialAction":[{"@type":"SearchAction","target":{"@type":"EntryPoint","urlTemplate":"https:\/\/www.africa-press.net\/cotedivoire\/?s={search_term_string}"},"query-input":{"@type":"PropertyValueSpecification","valueRequired":true,"valueName":"search_term_string"}}],"inLanguage":"fr-FR"},{"@type":"Person","@id":"https:\/\/www.africa-press.net\/cotedivoire\/#\/schema\/person\/2b1cf3cd81a31e3cd26889ca66d677f1","name":"cfeditorfr"}]}},"_links":{"self":[{"href":"https:\/\/www.africa-press.net\/cotedivoire\/wp-json\/wp\/v2\/posts\/82071","targetHints":{"allow":["GET"]}}],"collection":[{"href":"https:\/\/www.africa-press.net\/cotedivoire\/wp-json\/wp\/v2\/posts"}],"about":[{"href":"https:\/\/www.africa-press.net\/cotedivoire\/wp-json\/wp\/v2\/types\/post"}],"author":[{"embeddable":true,"href":"https:\/\/www.africa-press.net\/cotedivoire\/wp-json\/wp\/v2\/users\/82"}],"replies":[{"embeddable":true,"href":"https:\/\/www.africa-press.net\/cotedivoire\/wp-json\/wp\/v2\/comments?post=82071"}],"version-history":[{"count":0,"href":"https:\/\/www.africa-press.net\/cotedivoire\/wp-json\/wp\/v2\/posts\/82071\/revisions"}],"wp:featuredmedia":[{"embeddable":true,"href":"https:\/\/www.africa-press.net\/cotedivoire\/wp-json\/wp\/v2\/media\/82069"}],"wp:attachment":[{"href":"https:\/\/www.africa-press.net\/cotedivoire\/wp-json\/wp\/v2\/media?parent=82071"}],"wp:term":[{"taxonomy":"category","embeddable":true,"href":"https:\/\/www.africa-press.net\/cotedivoire\/wp-json\/wp\/v2\/categories?post=82071"},{"taxonomy":"post_tag","embeddable":true,"href":"https:\/\/www.africa-press.net\/cotedivoire\/wp-json\/wp\/v2\/tags?post=82071"}],"curies":[{"name":"wp","href":"https:\/\/api.w.org\/{rel}","templated":true}]}}