{"id":82125,"date":"2024-06-17T07:43:43","date_gmt":"2024-06-17T07:43:43","guid":{"rendered":"https:\/\/www.africa-press.net\/cotedivoire\/politique\/huit-morts-a-abidjan-a-cause-de-fortes-pluies-bilan-actualise"},"modified":"2024-06-17T07:55:56","modified_gmt":"2024-06-17T07:55:56","slug":"huit-morts-a-abidjan-a-cause-de-fortes-pluies-bilan-actualise","status":"publish","type":"post","link":"https:\/\/www.africa-press.net\/cotedivoire\/toutes-les-actualites\/huit-morts-a-abidjan-a-cause-de-fortes-pluies-bilan-actualise","title":{"rendered":"huit morts \u00e0 Abidjan \u00e0 cause de fortes pluies (bilan actualis\u00e9)"},"content":{"rendered":"<p><span style=\"color: #ff6600\"><strong>Africa-Press &#8211; C\u00f4te d&rsquo;Ivoire. <\/strong><\/span>Les pluies diluviennes qui se sont abattues a\u0300 Abidjan et ses banlieues de jeudi a\u0300 vendredi dernier, ont fait 8 morts, dans des e\u0301boulements ou en raison de la monte\u0301e des eaux, selon un nouveau bilan livre\u0301 par les sapeurs-pompiers ivoiriens samedi.<\/p>\n<p>Les sapeurs-pompiers ajoutent avoir enregistre\u0301 \u00ab\u00a0412 victimes, dont 386 mises en se\u0301curite\u0301 et 18 personnes e\u0301vacue\u0301es dans des centres de sante\u0301\u00a0\u00bb.<\/p>\n<p>Les personnes de\u0301ce\u0301de\u0301es ont e\u0301te\u0301 soit emporte\u0301es par les eaux ou ensevelies suite a\u0300 des e\u0301boulements.<\/p>\n<p>Selon l&rsquo;agence me\u0301te\u0301orologique ivoirienne Sodexam, en seulement 24 heures, la commune de Yopougon (nord d&rsquo;Abidjan) e enregistre\u0301 214 mm de pluie et celle de Cocody (nord d&rsquo;Abidjan) 205mm, soit un quart des pre\u0301cipitations attendues sur l&rsquo;ensemble des trois mois de la saison des pluies (mai-juin-juillet), en une seule journe\u0301e. Le seuil \u00ab\u00a0normal\u00a0\u00bb de\u0301fini est de 50 mm en 24 heures ajoute la Sodexam.<\/p>\n<p><strong>Pour plus d&rsquo;informations et d&rsquo;analyses sur la C\u00f4te d&rsquo;Ivoire, suivez Africa-Press<\/strong><\/p>\n","protected":false},"excerpt":{"rendered":"<p>Africa-Press &#8211; C\u00f4te d&rsquo;Ivoire. Les pluies diluviennes qui se sont abattues a\u0300 Abidjan et ses banlieues de jeudi a\u0300 vendredi dernier, ont fait 8 morts, dans des e\u0301boulements ou en raison de la monte\u0301e des eaux, selon un nouveau bilan livre\u0301 par les sapeurs-pompiers ivoiriens samedi. Les sapeurs-pompiers ajoutent avoir enregistre\u0301 \u00ab\u00a0412 victimes, dont 386 [&hellip;]<\/p>\n","protected":false},"author":82,"featured_media":82124,"comment_status":"open","ping_status":"closed","sticky":false,"template":"","format":"standard","meta":{"footnotes":""},"categories":[21,70,20,10],"tags":[29,1592],"class_list":["post-82125","post","type-post","status-publish","format-standard","has-post-thumbnail","hentry","category-communaute","category-to-homepage","category-top-nouvelles","category-toutes-les-actualites","tag-cote-divoire","tag-pluie"],"yoast_head":"<!-- This site is optimized with the Yoast SEO Premium plugin v26.1 (Yoast SEO v27.0) - https:\/\/yoast.com\/product\/yoast-seo-premium-wordpress\/ -->\n<title>huit morts \u00e0 Abidjan \u00e0 cause de fortes pluies (bilan actualis\u00e9) - C\u00f4te d&#039;Ivoire<\/title>\n<meta name=\"description\" content=\"Les pluies diluviennes qui se sont abattues a\u0300 Abidjan et ses banlieues de jeudi a\u0300 vendredi dernier, ont fait 8 morts, ...\" \/>\n<meta name=\"robots\" content=\"index, follow, max-snippet:-1, max-image-preview:large, max-video-preview:-1\" \/>\n<link rel=\"canonical\" href=\"https:\/\/www.africa-press.net\/cotedivoire\/toutes-les-actualites\/huit-morts-a-abidjan-a-cause-de-fortes-pluies-bilan-actualise\" \/>\n<meta property=\"og:locale\" content=\"fr_FR\" \/>\n<meta property=\"og:type\" content=\"article\" \/>\n<meta property=\"og:title\" content=\"huit morts \u00e0 Abidjan \u00e0 cause de fortes pluies (bilan actualis\u00e9)\" \/>\n<meta property=\"og:description\" content=\"Les pluies diluviennes qui se sont abattues a\u0300 Abidjan et ses banlieues de jeudi a\u0300 vendredi dernier, ont fait 8 morts, ...\" \/>\n<meta property=\"og:url\" content=\"https:\/\/www.africa-press.net\/cotedivoire\/toutes-les-actualites\/huit-morts-a-abidjan-a-cause-de-fortes-pluies-bilan-actualise\" \/>\n<meta property=\"og:site_name\" content=\"C\u00f4te d&#039;Ivoire\" \/>\n<meta property=\"article:published_time\" content=\"2024-06-17T07:43:43+00:00\" \/>\n<meta property=\"article:modified_time\" content=\"2024-06-17T07:55:56+00:00\" \/>\n<meta property=\"og:image\" content=\"https:\/\/static.africa-press.net\/cote\/sites\/43\/2024\/06\/sm_1718598256.155364.jpg\" \/>\n\t<meta property=\"og:image:width\" content=\"864\" \/>\n\t<meta property=\"og:image:height\" content=\"486\" \/>\n\t<meta property=\"og:image:type\" content=\"image\/jpeg\" \/>\n<meta name=\"author\" content=\"cfeditorfr\" \/>\n<meta name=\"twitter:card\" content=\"summary_large_image\" \/>\n<meta name=\"twitter:label1\" content=\"\u00c9crit par\" \/>\n\t<meta name=\"twitter:data1\" content=\"cfeditorfr\" \/>\n\t<meta name=\"twitter:label2\" content=\"Dur\u00e9e de lecture estim\u00e9e\" \/>\n\t<meta name=\"twitter:data2\" content=\"1 minute\" \/>\n<script type=\"application\/ld+json\" class=\"yoast-schema-graph\">{\"@context\":\"https:\/\/schema.org\",\"@graph\":[{\"@type\":\"Article\",\"@id\":\"https:\/\/www.africa-press.net\/cotedivoire\/toutes-les-actualites\/huit-morts-a-abidjan-a-cause-de-fortes-pluies-bilan-actualise#article\",\"isPartOf\":{\"@id\":\"https:\/\/www.africa-press.net\/cotedivoire\/toutes-les-actualites\/huit-morts-a-abidjan-a-cause-de-fortes-pluies-bilan-actualise\"},\"author\":{\"name\":\"cfeditorfr\",\"@id\":\"https:\/\/www.africa-press.net\/cotedivoire\/#\/schema\/person\/2b1cf3cd81a31e3cd26889ca66d677f1\"},\"headline\":\"huit morts \u00e0 Abidjan \u00e0 cause de fortes pluies (bilan actualis\u00e9)\",\"datePublished\":\"2024-06-17T07:43:43+00:00\",\"dateModified\":\"2024-06-17T07:55:56+00:00\",\"mainEntityOfPage\":{\"@id\":\"https:\/\/www.africa-press.net\/cotedivoire\/toutes-les-actualites\/huit-morts-a-abidjan-a-cause-de-fortes-pluies-bilan-actualise\"},\"wordCount\":184,\"commentCount\":0,\"image\":{\"@id\":\"https:\/\/www.africa-press.net\/cotedivoire\/toutes-les-actualites\/huit-morts-a-abidjan-a-cause-de-fortes-pluies-bilan-actualise#primaryimage\"},\"thumbnailUrl\":\"https:\/\/static.africa-press.net\/cote\/sites\/43\/2024\/06\/sm_1718598256.155364.jpg\",\"keywords\":[\"C\u00d4TE D'IVOIRE\",\"pluie\"],\"articleSection\":[\"Communaut\u00e9\",\"to-homepage\",\"Top Nouvelles\",\"Toutes les actualit\u00e9s\"],\"inLanguage\":\"fr-FR\",\"potentialAction\":[{\"@type\":\"CommentAction\",\"name\":\"Comment\",\"target\":[\"https:\/\/www.africa-press.net\/cotedivoire\/toutes-les-actualites\/huit-morts-a-abidjan-a-cause-de-fortes-pluies-bilan-actualise#respond\"]}]},{\"@type\":\"WebPage\",\"@id\":\"https:\/\/www.africa-press.net\/cotedivoire\/toutes-les-actualites\/huit-morts-a-abidjan-a-cause-de-fortes-pluies-bilan-actualise\",\"url\":\"https:\/\/www.africa-press.net\/cotedivoire\/toutes-les-actualites\/huit-morts-a-abidjan-a-cause-de-fortes-pluies-bilan-actualise\",\"name\":\"huit morts \u00e0 Abidjan \u00e0 cause de fortes pluies (bilan actualis\u00e9) - C\u00f4te d&#039;Ivoire\",\"isPartOf\":{\"@id\":\"https:\/\/www.africa-press.net\/cotedivoire\/#website\"},\"primaryImageOfPage\":{\"@id\":\"https:\/\/www.africa-press.net\/cotedivoire\/toutes-les-actualites\/huit-morts-a-abidjan-a-cause-de-fortes-pluies-bilan-actualise#primaryimage\"},\"image\":{\"@id\":\"https:\/\/www.africa-press.net\/cotedivoire\/toutes-les-actualites\/huit-morts-a-abidjan-a-cause-de-fortes-pluies-bilan-actualise#primaryimage\"},\"thumbnailUrl\":\"https:\/\/static.africa-press.net\/cote\/sites\/43\/2024\/06\/sm_1718598256.155364.jpg\",\"datePublished\":\"2024-06-17T07:43:43+00:00\",\"dateModified\":\"2024-06-17T07:55:56+00:00\",\"author\":{\"@id\":\"https:\/\/www.africa-press.net\/cotedivoire\/#\/schema\/person\/2b1cf3cd81a31e3cd26889ca66d677f1\"},\"description\":\"Les pluies diluviennes qui se sont abattues a\u0300 Abidjan et ses banlieues de jeudi a\u0300 vendredi dernier, ont fait 8 morts, ...\",\"breadcrumb\":{\"@id\":\"https:\/\/www.africa-press.net\/cotedivoire\/toutes-les-actualites\/huit-morts-a-abidjan-a-cause-de-fortes-pluies-bilan-actualise#breadcrumb\"},\"inLanguage\":\"fr-FR\",\"potentialAction\":[{\"@type\":\"ReadAction\",\"target\":[\"https:\/\/www.africa-press.net\/cotedivoire\/toutes-les-actualites\/huit-morts-a-abidjan-a-cause-de-fortes-pluies-bilan-actualise\"]}]},{\"@type\":\"ImageObject\",\"inLanguage\":\"fr-FR\",\"@id\":\"https:\/\/www.africa-press.net\/cotedivoire\/toutes-les-actualites\/huit-morts-a-abidjan-a-cause-de-fortes-pluies-bilan-actualise#primaryimage\",\"url\":\"https:\/\/static.africa-press.net\/cote\/sites\/43\/2024\/06\/sm_1718598256.155364.jpg\",\"contentUrl\":\"https:\/\/static.africa-press.net\/cote\/sites\/43\/2024\/06\/sm_1718598256.155364.jpg\",\"width\":864,\"height\":486,\"caption\":\"huit morts \u00e0 Abidjan \u00e0 cause de fortes pluies (bilan actualis\u00e9)\"},{\"@type\":\"BreadcrumbList\",\"@id\":\"https:\/\/www.africa-press.net\/cotedivoire\/toutes-les-actualites\/huit-morts-a-abidjan-a-cause-de-fortes-pluies-bilan-actualise#breadcrumb\",\"itemListElement\":[{\"@type\":\"ListItem\",\"position\":1,\"name\":\"Accueil\",\"item\":\"https:\/\/www.africa-press.net\/cotedivoire\/\"},{\"@type\":\"ListItem\",\"position\":2,\"name\":\"huit morts \u00e0 Abidjan \u00e0 cause de fortes pluies (bilan actualis\u00e9)\"}]},{\"@type\":\"WebSite\",\"@id\":\"https:\/\/www.africa-press.net\/cotedivoire\/#website\",\"url\":\"https:\/\/www.africa-press.net\/cotedivoire\/\",\"name\":\"C\u00f4te d&#039;Ivoire\",\"description\":\"Just another Africa News Agency Sites site\",\"potentialAction\":[{\"@type\":\"SearchAction\",\"target\":{\"@type\":\"EntryPoint\",\"urlTemplate\":\"https:\/\/www.africa-press.net\/cotedivoire\/?s={search_term_string}\"},\"query-input\":{\"@type\":\"PropertyValueSpecification\",\"valueRequired\":true,\"valueName\":\"search_term_string\"}}],\"inLanguage\":\"fr-FR\"},{\"@type\":\"Person\",\"@id\":\"https:\/\/www.africa-press.net\/cotedivoire\/#\/schema\/person\/2b1cf3cd81a31e3cd26889ca66d677f1\",\"name\":\"cfeditorfr\"}]}<\/script>\n<!-- \/ Yoast SEO Premium plugin. -->","yoast_head_json":{"title":"huit morts \u00e0 Abidjan \u00e0 cause de fortes pluies (bilan actualis\u00e9) - C\u00f4te d&#039;Ivoire","description":"Les pluies diluviennes qui se sont abattues a\u0300 Abidjan et ses banlieues de jeudi a\u0300 vendredi dernier, ont fait 8 morts, ...","robots":{"index":"index","follow":"follow","max-snippet":"max-snippet:-1","max-image-preview":"max-image-preview:large","max-video-preview":"max-video-preview:-1"},"canonical":"https:\/\/www.africa-press.net\/cotedivoire\/toutes-les-actualites\/huit-morts-a-abidjan-a-cause-de-fortes-pluies-bilan-actualise","og_locale":"fr_FR","og_type":"article","og_title":"huit morts \u00e0 Abidjan \u00e0 cause de fortes pluies (bilan actualis\u00e9)","og_description":"Les pluies diluviennes qui se sont abattues a\u0300 Abidjan et ses banlieues de jeudi a\u0300 vendredi dernier, ont fait 8 morts, ...","og_url":"https:\/\/www.africa-press.net\/cotedivoire\/toutes-les-actualites\/huit-morts-a-abidjan-a-cause-de-fortes-pluies-bilan-actualise","og_site_name":"C\u00f4te d&#039;Ivoire","article_published_time":"2024-06-17T07:43:43+00:00","article_modified_time":"2024-06-17T07:55:56+00:00","og_image":[{"width":864,"height":486,"url":"https:\/\/static.africa-press.net\/cote\/sites\/43\/2024\/06\/sm_1718598256.155364.jpg","type":"image\/jpeg"}],"author":"cfeditorfr","twitter_card":"summary_large_image","twitter_misc":{"\u00c9crit par":"cfeditorfr","Dur\u00e9e de lecture estim\u00e9e":"1 minute"},"schema":{"@context":"https:\/\/schema.org","@graph":[{"@type":"Article","@id":"https:\/\/www.africa-press.net\/cotedivoire\/toutes-les-actualites\/huit-morts-a-abidjan-a-cause-de-fortes-pluies-bilan-actualise#article","isPartOf":{"@id":"https:\/\/www.africa-press.net\/cotedivoire\/toutes-les-actualites\/huit-morts-a-abidjan-a-cause-de-fortes-pluies-bilan-actualise"},"author":{"name":"cfeditorfr","@id":"https:\/\/www.africa-press.net\/cotedivoire\/#\/schema\/person\/2b1cf3cd81a31e3cd26889ca66d677f1"},"headline":"huit morts \u00e0 Abidjan \u00e0 cause de fortes pluies (bilan actualis\u00e9)","datePublished":"2024-06-17T07:43:43+00:00","dateModified":"2024-06-17T07:55:56+00:00","mainEntityOfPage":{"@id":"https:\/\/www.africa-press.net\/cotedivoire\/toutes-les-actualites\/huit-morts-a-abidjan-a-cause-de-fortes-pluies-bilan-actualise"},"wordCount":184,"commentCount":0,"image":{"@id":"https:\/\/www.africa-press.net\/cotedivoire\/toutes-les-actualites\/huit-morts-a-abidjan-a-cause-de-fortes-pluies-bilan-actualise#primaryimage"},"thumbnailUrl":"https:\/\/static.africa-press.net\/cote\/sites\/43\/2024\/06\/sm_1718598256.155364.jpg","keywords":["C\u00d4TE D'IVOIRE","pluie"],"articleSection":["Communaut\u00e9","to-homepage","Top Nouvelles","Toutes les actualit\u00e9s"],"inLanguage":"fr-FR","potentialAction":[{"@type":"CommentAction","name":"Comment","target":["https:\/\/www.africa-press.net\/cotedivoire\/toutes-les-actualites\/huit-morts-a-abidjan-a-cause-de-fortes-pluies-bilan-actualise#respond"]}]},{"@type":"WebPage","@id":"https:\/\/www.africa-press.net\/cotedivoire\/toutes-les-actualites\/huit-morts-a-abidjan-a-cause-de-fortes-pluies-bilan-actualise","url":"https:\/\/www.africa-press.net\/cotedivoire\/toutes-les-actualites\/huit-morts-a-abidjan-a-cause-de-fortes-pluies-bilan-actualise","name":"huit morts \u00e0 Abidjan \u00e0 cause de fortes pluies (bilan actualis\u00e9) - C\u00f4te d&#039;Ivoire","isPartOf":{"@id":"https:\/\/www.africa-press.net\/cotedivoire\/#website"},"primaryImageOfPage":{"@id":"https:\/\/www.africa-press.net\/cotedivoire\/toutes-les-actualites\/huit-morts-a-abidjan-a-cause-de-fortes-pluies-bilan-actualise#primaryimage"},"image":{"@id":"https:\/\/www.africa-press.net\/cotedivoire\/toutes-les-actualites\/huit-morts-a-abidjan-a-cause-de-fortes-pluies-bilan-actualise#primaryimage"},"thumbnailUrl":"https:\/\/static.africa-press.net\/cote\/sites\/43\/2024\/06\/sm_1718598256.155364.jpg","datePublished":"2024-06-17T07:43:43+00:00","dateModified":"2024-06-17T07:55:56+00:00","author":{"@id":"https:\/\/www.africa-press.net\/cotedivoire\/#\/schema\/person\/2b1cf3cd81a31e3cd26889ca66d677f1"},"description":"Les pluies diluviennes qui se sont abattues a\u0300 Abidjan et ses banlieues de jeudi a\u0300 vendredi dernier, ont fait 8 morts, ...","breadcrumb":{"@id":"https:\/\/www.africa-press.net\/cotedivoire\/toutes-les-actualites\/huit-morts-a-abidjan-a-cause-de-fortes-pluies-bilan-actualise#breadcrumb"},"inLanguage":"fr-FR","potentialAction":[{"@type":"ReadAction","target":["https:\/\/www.africa-press.net\/cotedivoire\/toutes-les-actualites\/huit-morts-a-abidjan-a-cause-de-fortes-pluies-bilan-actualise"]}]},{"@type":"ImageObject","inLanguage":"fr-FR","@id":"https:\/\/www.africa-press.net\/cotedivoire\/toutes-les-actualites\/huit-morts-a-abidjan-a-cause-de-fortes-pluies-bilan-actualise#primaryimage","url":"https:\/\/static.africa-press.net\/cote\/sites\/43\/2024\/06\/sm_1718598256.155364.jpg","contentUrl":"https:\/\/static.africa-press.net\/cote\/sites\/43\/2024\/06\/sm_1718598256.155364.jpg","width":864,"height":486,"caption":"huit morts \u00e0 Abidjan \u00e0 cause de fortes pluies (bilan actualis\u00e9)"},{"@type":"BreadcrumbList","@id":"https:\/\/www.africa-press.net\/cotedivoire\/toutes-les-actualites\/huit-morts-a-abidjan-a-cause-de-fortes-pluies-bilan-actualise#breadcrumb","itemListElement":[{"@type":"ListItem","position":1,"name":"Accueil","item":"https:\/\/www.africa-press.net\/cotedivoire\/"},{"@type":"ListItem","position":2,"name":"huit morts \u00e0 Abidjan \u00e0 cause de fortes pluies (bilan actualis\u00e9)"}]},{"@type":"WebSite","@id":"https:\/\/www.africa-press.net\/cotedivoire\/#website","url":"https:\/\/www.africa-press.net\/cotedivoire\/","name":"C\u00f4te d&#039;Ivoire","description":"Just another Africa News Agency Sites site","potentialAction":[{"@type":"SearchAction","target":{"@type":"EntryPoint","urlTemplate":"https:\/\/www.africa-press.net\/cotedivoire\/?s={search_term_string}"},"query-input":{"@type":"PropertyValueSpecification","valueRequired":true,"valueName":"search_term_string"}}],"inLanguage":"fr-FR"},{"@type":"Person","@id":"https:\/\/www.africa-press.net\/cotedivoire\/#\/schema\/person\/2b1cf3cd81a31e3cd26889ca66d677f1","name":"cfeditorfr"}]}},"_links":{"self":[{"href":"https:\/\/www.africa-press.net\/cotedivoire\/wp-json\/wp\/v2\/posts\/82125","targetHints":{"allow":["GET"]}}],"collection":[{"href":"https:\/\/www.africa-press.net\/cotedivoire\/wp-json\/wp\/v2\/posts"}],"about":[{"href":"https:\/\/www.africa-press.net\/cotedivoire\/wp-json\/wp\/v2\/types\/post"}],"author":[{"embeddable":true,"href":"https:\/\/www.africa-press.net\/cotedivoire\/wp-json\/wp\/v2\/users\/82"}],"replies":[{"embeddable":true,"href":"https:\/\/www.africa-press.net\/cotedivoire\/wp-json\/wp\/v2\/comments?post=82125"}],"version-history":[{"count":0,"href":"https:\/\/www.africa-press.net\/cotedivoire\/wp-json\/wp\/v2\/posts\/82125\/revisions"}],"wp:featuredmedia":[{"embeddable":true,"href":"https:\/\/www.africa-press.net\/cotedivoire\/wp-json\/wp\/v2\/media\/82124"}],"wp:attachment":[{"href":"https:\/\/www.africa-press.net\/cotedivoire\/wp-json\/wp\/v2\/media?parent=82125"}],"wp:term":[{"taxonomy":"category","embeddable":true,"href":"https:\/\/www.africa-press.net\/cotedivoire\/wp-json\/wp\/v2\/categories?post=82125"},{"taxonomy":"post_tag","embeddable":true,"href":"https:\/\/www.africa-press.net\/cotedivoire\/wp-json\/wp\/v2\/tags?post=82125"}],"curies":[{"name":"wp","href":"https:\/\/api.w.org\/{rel}","templated":true}]}}