{"id":82153,"date":"2024-06-17T16:43:54","date_gmt":"2024-06-17T16:43:54","guid":{"rendered":"https:\/\/www.africa-press.net\/cotedivoire\/politique\/bouake-ouattara-celebre-par-les-enseignants-enseignants-chercheurs-etudiants-et-personnel-administratif-de-luao-pour-ses-actions-en-faveur-du-monde-universitaire"},"modified":"2024-06-17T17:49:19","modified_gmt":"2024-06-17T17:49:19","slug":"bouake-ouattara-celebre-par-les-enseignants-enseignants-chercheurs-etudiants-et-personnel-administratif-de-luao-pour-ses-actions-en-faveur-du-monde-universitaire","status":"publish","type":"post","link":"https:\/\/www.africa-press.net\/cotedivoire\/politique\/bouake-ouattara-celebre-par-les-enseignants-enseignants-chercheurs-etudiants-et-personnel-administratif-de-luao-pour-ses-actions-en-faveur-du-monde-universitaire","title":{"rendered":"Bouak\u00e9, Ouattara c\u00e9l\u00e9br\u00e9 par les enseignants, enseignants-chercheurs, \u00e9tudiants et personnel administratif de l&rsquo;UAO, pour ses actions en faveur du monde universitaire"},"content":{"rendered":"<p><span style=\"color: #ff6600\"><strong>Africa-Press &#8211; C\u00f4te d&rsquo;Ivoire. <\/strong><\/span>L\u2019universite\u0301 Alassane Ouattara de Bouake\u0301 a rendu un vibrant hommage, samedi 15 juin 2024, au chef de l\u2019Etat pour les nombreuses actions pose\u0301es en faveur du monde universitaire ivoirien et particulie\u0300rement en l\u2019endroit de cette universite\u0301 qui porte son nom, depuis son accession en 2011 a\u0300 la te\u0302te du pays.<\/p>\n<p>Ce sont plus de 10.000 e\u0301tudiants, enseignants, enseignants-chercheurs et membres du personnel administratif et technique de cette universite\u0301 qui se sont mobilise\u0301s comme un seul homme, pour traduire leur reconnaissance a\u0300 Alassane Ouattara, pour les nombreux efforts consentis pour l\u2019ame\u0301lioration de leurs conditions de vie et de travail depuis son arrive\u0301e au pouvoir.<\/p>\n<p>Pre\u0301sent a\u0300 cette ce\u0301re\u0301monie, le Professeur Adama Diawara, Ministre de l\u2019Enseignement supe\u0301rieur et de la recherche scientifique, a rappele\u0301 les nombreux investissements entrepris par le chef de l\u2019Etat dans l\u2019enseignement supe\u0301rieur et la recherche scientifique et qui, aujourd\u2019hui, donnent fie\u0300re allure a\u0300 ce secteur.<\/p>\n<p>\u00ab Depuis son accession a\u0300 la magistrature supre\u0302me, le pre\u0301sident Alassane Ouattara a pose\u0301 de nombreuses actions a\u0300 l\u2019endroit des acteurs du monde universitaire. De trois universite\u0301s publiques en 2011, la Co\u0302te d&rsquo;Ivoire est passe\u0301e a\u0300 neuf aujourd&rsquo;hui. La pose de la premie\u0300re pierre de la 10e se fera biento\u0302t \u00bb, a indique\u0301 le ministre de l\u2019Enseignement supe\u0301rieur et de la Recherche scientifique.<\/p>\n<p>Il a ajoute\u0301 que \u00ab 6 270 enseignants et enseignants-chercheurs ont e\u0301te\u0301 recrute\u0301s de 2011 a\u0300 2023 contre 1288 de 2000 a\u0300 2010 \u00bb, sans compter \u00ab l&rsquo;augmentation des primes de recherche \u00bb et \u00ab l\u2019augmentation de l\u2019enveloppe des bourses des e\u0301tudiants \u00bb. \u00ab Aujourd\u2019hui, plus de 39 milliards FCFA sont consentis pour le paiement des bourses des e\u0301tudiants en Co\u0302te d\u2019Ivoire et hors Co\u0302te d&rsquo;Ivoire. On peut donc comprendre que c\u2019est pour toutes ces actions que les acteurs du monde universitaire de Bouake\u0301 ont magnifie\u0301 le pre\u0301sident de la Re\u0301publique \u00bb, a ajoute\u0301 le patron de l\u2019Enseignement supe\u0301rieur en Co\u0302te d\u2019Ivoire.<\/p>\n<p>Adama Diawara a ensuite informe\u0301 que cet hommage au chef de l\u2019E\u0301tat, qui sera re\u0301pe\u0301te\u0301 dans toutes les universite\u0301s publiques, verra son point culminant en 2025 a\u0300 l\u2019Universite\u0301 Fe\u0301lix Houphoue\u0308t-Boigny de Cocody.<\/p>\n<p>Ayant e\u0301galement re\u0301hausse\u0301 de sa pre\u0301sence la ce\u0301re\u0301monie, le ministre d&rsquo;E\u0301tat, ministre de l\u2019Agriculture et du De\u0301veloppement rural, Kouassi Kobe\u0301nan Adjoumani, a salue\u0301 la mobilisation exceptionnelle des e\u0301tudiants et les a invite\u0301s a\u0300 continuer d&rsquo;espe\u0301rer en une Co\u0302te d&rsquo;Ivoire qui va de l&rsquo;avant. Il a e\u0301galement salue\u0301 le travail qu\u2019abat son colle\u0300gue, Adama Diawara a\u0300 la te\u0302te du ministe\u0300re de l\u2019Enseignement supe\u0301rieur et de la Recherche scientifique. \u00ab On vous voit a\u0300 l\u2019\u0153uvre. Au-dela\u0300 de vos re\u0301sultats, vous vous fondez en vos e\u0301tudiants, ce sont des actions a\u0300 encourager\u00bb.<\/p>\n<p>Au nom des e\u0301lus locaux, le ministre des Transport et maire de la commune de Bouake\u0301, Amadou Kone\u0301, a pour sa part encourage\u0301 et fe\u0301licite\u0301 l\u2019initiative de cette ce\u0301re\u0301monie. \u00ab Oui, vous avez raison de ce\u0301le\u0301brer le pre\u0301sident Alassane Ouattara qui a su restaurer et rehausser la dignite\u0301 et la fierte\u0301 des Ivoiriens \u00bb, a-t-il dit, en pre\u0301sence d\u2019Assahore\u0301 Konan Jacques, ministre du De\u0301veloppement durable et de la Transition e\u0301cologique.<\/p>\n<p>Au nom des e\u0301tudiants, Ouattara Kle\u0301bien Jacob, Secre\u0301taire ge\u0301ne\u0301ral du Comite\u0301 des E\u0301le\u0300ves et E\u0301tudiants de Co\u0302te d\u2019Ivoire (CEECI) a de\u0301clare\u0301 que le pre\u0301sident Alassane Ouattara me\u0301rite d\u2019e\u0302tre ce\u0301le\u0301bre\u0301 pour toutes les actions qu\u2019il a pose\u0301es a\u0300 l\u2019endroit des e\u0301tudiants ivoiriens.<\/p>\n<p>Plusieurs motions de soutien au chef de l\u2019E\u0301tat ont e\u0301te\u0301 lues par les porte-paroles des e\u0301tudiants, des enseignants et des personnels administratifs et techniques. Des messages qui, a\u0300 en croire le ministre Adama Diawara, seront transmis avec diligence au pre\u0301sident de la Re\u0301publique Alassane Ouattara.<\/p>\n<p><strong>Pour plus d&rsquo;informations et d&rsquo;analyses sur la C\u00f4te d&rsquo;Ivoire, suivez Africa-Press<\/strong><\/p>\n","protected":false},"excerpt":{"rendered":"<p>Africa-Press &#8211; C\u00f4te d&rsquo;Ivoire. L\u2019universite\u0301 Alassane Ouattara de Bouake\u0301 a rendu un vibrant hommage, samedi 15 juin 2024, au chef de l\u2019Etat pour les nombreuses actions pose\u0301es en faveur du monde universitaire ivoirien et particulie\u0300rement en l\u2019endroit de cette universite\u0301 qui porte son nom, depuis son accession en 2011 a\u0300 la te\u0302te du pays. Ce [&hellip;]<\/p>\n","protected":false},"author":82,"featured_media":82152,"comment_status":"open","ping_status":"closed","sticky":false,"template":"","format":"standard","meta":{"footnotes":""},"categories":[2,10],"tags":[38,1471,366,2788,29,843,1485],"class_list":["post-82153","post","type-post","status-publish","format-standard","has-post-thumbnail","hentry","category-politique","category-toutes-les-actualites","tag-alassane-ouattara","tag-assahore-konan-jacques","tag-bouake","tag-chercheur","tag-cote-divoire","tag-enseignant","tag-uao"],"yoast_head":"<!-- This site is optimized with the Yoast SEO Premium plugin v26.1 (Yoast SEO v27.0) - https:\/\/yoast.com\/product\/yoast-seo-premium-wordpress\/ -->\n<title>Bouak\u00e9, Ouattara c\u00e9l\u00e9br\u00e9 par les enseignants, enseignants-chercheurs, \u00e9tudiants et personnel administratif de l&#039;UAO, pour ses actions en faveur du monde universitaire - C\u00f4te d&#039;Ivoire<\/title>\n<meta name=\"description\" content=\"L\u2019universite\u0301 Alassane Ouattara de Bouake\u0301 a rendu un vibrant hommage, samedi 15 juin 2024, au chef de l\u2019Etat pour les n ...\" \/>\n<meta name=\"robots\" content=\"index, follow, max-snippet:-1, max-image-preview:large, max-video-preview:-1\" \/>\n<link rel=\"canonical\" href=\"https:\/\/www.africa-press.net\/cotedivoire\/politique\/bouake-ouattara-celebre-par-les-enseignants-enseignants-chercheurs-etudiants-et-personnel-administratif-de-luao-pour-ses-actions-en-faveur-du-monde-universitaire\" \/>\n<meta property=\"og:locale\" content=\"fr_FR\" \/>\n<meta property=\"og:type\" content=\"article\" \/>\n<meta property=\"og:title\" content=\"Bouak\u00e9, Ouattara c\u00e9l\u00e9br\u00e9 par les enseignants, enseignants-chercheurs, \u00e9tudiants et personnel administratif de l&#039;UAO, pour ses actions en faveur du monde universitaire\" \/>\n<meta property=\"og:description\" content=\"L\u2019universite\u0301 Alassane Ouattara de Bouake\u0301 a rendu un vibrant hommage, samedi 15 juin 2024, au chef de l\u2019Etat pour les n ...\" \/>\n<meta property=\"og:url\" content=\"https:\/\/www.africa-press.net\/cotedivoire\/politique\/bouake-ouattara-celebre-par-les-enseignants-enseignants-chercheurs-etudiants-et-personnel-administratif-de-luao-pour-ses-actions-en-faveur-du-monde-universitaire\" \/>\n<meta property=\"og:site_name\" content=\"C\u00f4te d&#039;Ivoire\" \/>\n<meta property=\"article:published_time\" content=\"2024-06-17T16:43:54+00:00\" \/>\n<meta property=\"article:modified_time\" content=\"2024-06-17T17:49:19+00:00\" \/>\n<meta property=\"og:image\" content=\"https:\/\/static.africa-press.net\/cote\/sites\/43\/2024\/06\/sm_1718633855.642725.jpg\" \/>\n\t<meta property=\"og:image:width\" content=\"720\" \/>\n\t<meta property=\"og:image:height\" content=\"480\" \/>\n\t<meta property=\"og:image:type\" content=\"image\/jpeg\" \/>\n<meta name=\"author\" content=\"cfeditorfr\" \/>\n<meta name=\"twitter:card\" content=\"summary_large_image\" \/>\n<meta name=\"twitter:label1\" content=\"\u00c9crit par\" \/>\n\t<meta name=\"twitter:data1\" content=\"cfeditorfr\" \/>\n\t<meta name=\"twitter:label2\" content=\"Dur\u00e9e de lecture estim\u00e9e\" \/>\n\t<meta name=\"twitter:data2\" content=\"3 minutes\" \/>\n<script type=\"application\/ld+json\" class=\"yoast-schema-graph\">{\"@context\":\"https:\/\/schema.org\",\"@graph\":[{\"@type\":\"Article\",\"@id\":\"https:\/\/www.africa-press.net\/cotedivoire\/politique\/bouake-ouattara-celebre-par-les-enseignants-enseignants-chercheurs-etudiants-et-personnel-administratif-de-luao-pour-ses-actions-en-faveur-du-monde-universitaire#article\",\"isPartOf\":{\"@id\":\"https:\/\/www.africa-press.net\/cotedivoire\/politique\/bouake-ouattara-celebre-par-les-enseignants-enseignants-chercheurs-etudiants-et-personnel-administratif-de-luao-pour-ses-actions-en-faveur-du-monde-universitaire\"},\"author\":{\"name\":\"cfeditorfr\",\"@id\":\"https:\/\/www.africa-press.net\/cotedivoire\/#\/schema\/person\/2b1cf3cd81a31e3cd26889ca66d677f1\"},\"headline\":\"Bouak\u00e9, Ouattara c\u00e9l\u00e9br\u00e9 par les enseignants, enseignants-chercheurs, \u00e9tudiants et personnel administratif de l&rsquo;UAO, pour ses actions en faveur du monde universitaire\",\"datePublished\":\"2024-06-17T16:43:54+00:00\",\"dateModified\":\"2024-06-17T17:49:19+00:00\",\"mainEntityOfPage\":{\"@id\":\"https:\/\/www.africa-press.net\/cotedivoire\/politique\/bouake-ouattara-celebre-par-les-enseignants-enseignants-chercheurs-etudiants-et-personnel-administratif-de-luao-pour-ses-actions-en-faveur-du-monde-universitaire\"},\"wordCount\":733,\"commentCount\":0,\"image\":{\"@id\":\"https:\/\/www.africa-press.net\/cotedivoire\/politique\/bouake-ouattara-celebre-par-les-enseignants-enseignants-chercheurs-etudiants-et-personnel-administratif-de-luao-pour-ses-actions-en-faveur-du-monde-universitaire#primaryimage\"},\"thumbnailUrl\":\"https:\/\/static.africa-press.net\/cote\/sites\/43\/2024\/06\/sm_1718633855.642725.jpg\",\"keywords\":[\"Alassane Ouattara\",\"Assahor\u00e9 Konan Jacques\",\"Bouak\u00e9\",\"chercheur\",\"C\u00d4TE D'IVOIRE\",\"enseignant\",\"UAO\"],\"articleSection\":[\"Politique\",\"Toutes les actualit\u00e9s\"],\"inLanguage\":\"fr-FR\",\"potentialAction\":[{\"@type\":\"CommentAction\",\"name\":\"Comment\",\"target\":[\"https:\/\/www.africa-press.net\/cotedivoire\/politique\/bouake-ouattara-celebre-par-les-enseignants-enseignants-chercheurs-etudiants-et-personnel-administratif-de-luao-pour-ses-actions-en-faveur-du-monde-universitaire#respond\"]}]},{\"@type\":\"WebPage\",\"@id\":\"https:\/\/www.africa-press.net\/cotedivoire\/politique\/bouake-ouattara-celebre-par-les-enseignants-enseignants-chercheurs-etudiants-et-personnel-administratif-de-luao-pour-ses-actions-en-faveur-du-monde-universitaire\",\"url\":\"https:\/\/www.africa-press.net\/cotedivoire\/politique\/bouake-ouattara-celebre-par-les-enseignants-enseignants-chercheurs-etudiants-et-personnel-administratif-de-luao-pour-ses-actions-en-faveur-du-monde-universitaire\",\"name\":\"Bouak\u00e9, Ouattara c\u00e9l\u00e9br\u00e9 par les enseignants, enseignants-chercheurs, \u00e9tudiants et personnel administratif de l'UAO, pour ses actions en faveur du monde universitaire - C\u00f4te d&#039;Ivoire\",\"isPartOf\":{\"@id\":\"https:\/\/www.africa-press.net\/cotedivoire\/#website\"},\"primaryImageOfPage\":{\"@id\":\"https:\/\/www.africa-press.net\/cotedivoire\/politique\/bouake-ouattara-celebre-par-les-enseignants-enseignants-chercheurs-etudiants-et-personnel-administratif-de-luao-pour-ses-actions-en-faveur-du-monde-universitaire#primaryimage\"},\"image\":{\"@id\":\"https:\/\/www.africa-press.net\/cotedivoire\/politique\/bouake-ouattara-celebre-par-les-enseignants-enseignants-chercheurs-etudiants-et-personnel-administratif-de-luao-pour-ses-actions-en-faveur-du-monde-universitaire#primaryimage\"},\"thumbnailUrl\":\"https:\/\/static.africa-press.net\/cote\/sites\/43\/2024\/06\/sm_1718633855.642725.jpg\",\"datePublished\":\"2024-06-17T16:43:54+00:00\",\"dateModified\":\"2024-06-17T17:49:19+00:00\",\"author\":{\"@id\":\"https:\/\/www.africa-press.net\/cotedivoire\/#\/schema\/person\/2b1cf3cd81a31e3cd26889ca66d677f1\"},\"description\":\"L\u2019universite\u0301 Alassane Ouattara de Bouake\u0301 a rendu un vibrant hommage, samedi 15 juin 2024, au chef de l\u2019Etat pour les n ...\",\"breadcrumb\":{\"@id\":\"https:\/\/www.africa-press.net\/cotedivoire\/politique\/bouake-ouattara-celebre-par-les-enseignants-enseignants-chercheurs-etudiants-et-personnel-administratif-de-luao-pour-ses-actions-en-faveur-du-monde-universitaire#breadcrumb\"},\"inLanguage\":\"fr-FR\",\"potentialAction\":[{\"@type\":\"ReadAction\",\"target\":[\"https:\/\/www.africa-press.net\/cotedivoire\/politique\/bouake-ouattara-celebre-par-les-enseignants-enseignants-chercheurs-etudiants-et-personnel-administratif-de-luao-pour-ses-actions-en-faveur-du-monde-universitaire\"]}]},{\"@type\":\"ImageObject\",\"inLanguage\":\"fr-FR\",\"@id\":\"https:\/\/www.africa-press.net\/cotedivoire\/politique\/bouake-ouattara-celebre-par-les-enseignants-enseignants-chercheurs-etudiants-et-personnel-administratif-de-luao-pour-ses-actions-en-faveur-du-monde-universitaire#primaryimage\",\"url\":\"https:\/\/static.africa-press.net\/cote\/sites\/43\/2024\/06\/sm_1718633855.642725.jpg\",\"contentUrl\":\"https:\/\/static.africa-press.net\/cote\/sites\/43\/2024\/06\/sm_1718633855.642725.jpg\",\"width\":720,\"height\":480,\"caption\":\"Bouak\u00e9, Ouattara c\u00e9l\u00e9br\u00e9 par les enseignants, enseignants-chercheurs, \u00e9tudiants et personnel administratif de l'UAO, pour ses actions en faveur du monde universitaire\"},{\"@type\":\"BreadcrumbList\",\"@id\":\"https:\/\/www.africa-press.net\/cotedivoire\/politique\/bouake-ouattara-celebre-par-les-enseignants-enseignants-chercheurs-etudiants-et-personnel-administratif-de-luao-pour-ses-actions-en-faveur-du-monde-universitaire#breadcrumb\",\"itemListElement\":[{\"@type\":\"ListItem\",\"position\":1,\"name\":\"Accueil\",\"item\":\"https:\/\/www.africa-press.net\/cotedivoire\/\"},{\"@type\":\"ListItem\",\"position\":2,\"name\":\"Bouak\u00e9, Ouattara c\u00e9l\u00e9br\u00e9 par les enseignants, enseignants-chercheurs, \u00e9tudiants et personnel administratif de l&#8217;UAO, pour ses actions en faveur du monde universitaire\"}]},{\"@type\":\"WebSite\",\"@id\":\"https:\/\/www.africa-press.net\/cotedivoire\/#website\",\"url\":\"https:\/\/www.africa-press.net\/cotedivoire\/\",\"name\":\"C\u00f4te d&#039;Ivoire\",\"description\":\"Just another Africa News Agency Sites site\",\"potentialAction\":[{\"@type\":\"SearchAction\",\"target\":{\"@type\":\"EntryPoint\",\"urlTemplate\":\"https:\/\/www.africa-press.net\/cotedivoire\/?s={search_term_string}\"},\"query-input\":{\"@type\":\"PropertyValueSpecification\",\"valueRequired\":true,\"valueName\":\"search_term_string\"}}],\"inLanguage\":\"fr-FR\"},{\"@type\":\"Person\",\"@id\":\"https:\/\/www.africa-press.net\/cotedivoire\/#\/schema\/person\/2b1cf3cd81a31e3cd26889ca66d677f1\",\"name\":\"cfeditorfr\"}]}<\/script>\n<!-- \/ Yoast SEO Premium plugin. -->","yoast_head_json":{"title":"Bouak\u00e9, Ouattara c\u00e9l\u00e9br\u00e9 par les enseignants, enseignants-chercheurs, \u00e9tudiants et personnel administratif de l'UAO, pour ses actions en faveur du monde universitaire - C\u00f4te d&#039;Ivoire","description":"L\u2019universite\u0301 Alassane Ouattara de Bouake\u0301 a rendu un vibrant hommage, samedi 15 juin 2024, au chef de l\u2019Etat pour les n ...","robots":{"index":"index","follow":"follow","max-snippet":"max-snippet:-1","max-image-preview":"max-image-preview:large","max-video-preview":"max-video-preview:-1"},"canonical":"https:\/\/www.africa-press.net\/cotedivoire\/politique\/bouake-ouattara-celebre-par-les-enseignants-enseignants-chercheurs-etudiants-et-personnel-administratif-de-luao-pour-ses-actions-en-faveur-du-monde-universitaire","og_locale":"fr_FR","og_type":"article","og_title":"Bouak\u00e9, Ouattara c\u00e9l\u00e9br\u00e9 par les enseignants, enseignants-chercheurs, \u00e9tudiants et personnel administratif de l'UAO, pour ses actions en faveur du monde universitaire","og_description":"L\u2019universite\u0301 Alassane Ouattara de Bouake\u0301 a rendu un vibrant hommage, samedi 15 juin 2024, au chef de l\u2019Etat pour les n ...","og_url":"https:\/\/www.africa-press.net\/cotedivoire\/politique\/bouake-ouattara-celebre-par-les-enseignants-enseignants-chercheurs-etudiants-et-personnel-administratif-de-luao-pour-ses-actions-en-faveur-du-monde-universitaire","og_site_name":"C\u00f4te d&#039;Ivoire","article_published_time":"2024-06-17T16:43:54+00:00","article_modified_time":"2024-06-17T17:49:19+00:00","og_image":[{"width":720,"height":480,"url":"https:\/\/static.africa-press.net\/cote\/sites\/43\/2024\/06\/sm_1718633855.642725.jpg","type":"image\/jpeg"}],"author":"cfeditorfr","twitter_card":"summary_large_image","twitter_misc":{"\u00c9crit par":"cfeditorfr","Dur\u00e9e de lecture estim\u00e9e":"3 minutes"},"schema":{"@context":"https:\/\/schema.org","@graph":[{"@type":"Article","@id":"https:\/\/www.africa-press.net\/cotedivoire\/politique\/bouake-ouattara-celebre-par-les-enseignants-enseignants-chercheurs-etudiants-et-personnel-administratif-de-luao-pour-ses-actions-en-faveur-du-monde-universitaire#article","isPartOf":{"@id":"https:\/\/www.africa-press.net\/cotedivoire\/politique\/bouake-ouattara-celebre-par-les-enseignants-enseignants-chercheurs-etudiants-et-personnel-administratif-de-luao-pour-ses-actions-en-faveur-du-monde-universitaire"},"author":{"name":"cfeditorfr","@id":"https:\/\/www.africa-press.net\/cotedivoire\/#\/schema\/person\/2b1cf3cd81a31e3cd26889ca66d677f1"},"headline":"Bouak\u00e9, Ouattara c\u00e9l\u00e9br\u00e9 par les enseignants, enseignants-chercheurs, \u00e9tudiants et personnel administratif de l&rsquo;UAO, pour ses actions en faveur du monde universitaire","datePublished":"2024-06-17T16:43:54+00:00","dateModified":"2024-06-17T17:49:19+00:00","mainEntityOfPage":{"@id":"https:\/\/www.africa-press.net\/cotedivoire\/politique\/bouake-ouattara-celebre-par-les-enseignants-enseignants-chercheurs-etudiants-et-personnel-administratif-de-luao-pour-ses-actions-en-faveur-du-monde-universitaire"},"wordCount":733,"commentCount":0,"image":{"@id":"https:\/\/www.africa-press.net\/cotedivoire\/politique\/bouake-ouattara-celebre-par-les-enseignants-enseignants-chercheurs-etudiants-et-personnel-administratif-de-luao-pour-ses-actions-en-faveur-du-monde-universitaire#primaryimage"},"thumbnailUrl":"https:\/\/static.africa-press.net\/cote\/sites\/43\/2024\/06\/sm_1718633855.642725.jpg","keywords":["Alassane Ouattara","Assahor\u00e9 Konan Jacques","Bouak\u00e9","chercheur","C\u00d4TE D'IVOIRE","enseignant","UAO"],"articleSection":["Politique","Toutes les actualit\u00e9s"],"inLanguage":"fr-FR","potentialAction":[{"@type":"CommentAction","name":"Comment","target":["https:\/\/www.africa-press.net\/cotedivoire\/politique\/bouake-ouattara-celebre-par-les-enseignants-enseignants-chercheurs-etudiants-et-personnel-administratif-de-luao-pour-ses-actions-en-faveur-du-monde-universitaire#respond"]}]},{"@type":"WebPage","@id":"https:\/\/www.africa-press.net\/cotedivoire\/politique\/bouake-ouattara-celebre-par-les-enseignants-enseignants-chercheurs-etudiants-et-personnel-administratif-de-luao-pour-ses-actions-en-faveur-du-monde-universitaire","url":"https:\/\/www.africa-press.net\/cotedivoire\/politique\/bouake-ouattara-celebre-par-les-enseignants-enseignants-chercheurs-etudiants-et-personnel-administratif-de-luao-pour-ses-actions-en-faveur-du-monde-universitaire","name":"Bouak\u00e9, Ouattara c\u00e9l\u00e9br\u00e9 par les enseignants, enseignants-chercheurs, \u00e9tudiants et personnel administratif de l'UAO, pour ses actions en faveur du monde universitaire - C\u00f4te d&#039;Ivoire","isPartOf":{"@id":"https:\/\/www.africa-press.net\/cotedivoire\/#website"},"primaryImageOfPage":{"@id":"https:\/\/www.africa-press.net\/cotedivoire\/politique\/bouake-ouattara-celebre-par-les-enseignants-enseignants-chercheurs-etudiants-et-personnel-administratif-de-luao-pour-ses-actions-en-faveur-du-monde-universitaire#primaryimage"},"image":{"@id":"https:\/\/www.africa-press.net\/cotedivoire\/politique\/bouake-ouattara-celebre-par-les-enseignants-enseignants-chercheurs-etudiants-et-personnel-administratif-de-luao-pour-ses-actions-en-faveur-du-monde-universitaire#primaryimage"},"thumbnailUrl":"https:\/\/static.africa-press.net\/cote\/sites\/43\/2024\/06\/sm_1718633855.642725.jpg","datePublished":"2024-06-17T16:43:54+00:00","dateModified":"2024-06-17T17:49:19+00:00","author":{"@id":"https:\/\/www.africa-press.net\/cotedivoire\/#\/schema\/person\/2b1cf3cd81a31e3cd26889ca66d677f1"},"description":"L\u2019universite\u0301 Alassane Ouattara de Bouake\u0301 a rendu un vibrant hommage, samedi 15 juin 2024, au chef de l\u2019Etat pour les n ...","breadcrumb":{"@id":"https:\/\/www.africa-press.net\/cotedivoire\/politique\/bouake-ouattara-celebre-par-les-enseignants-enseignants-chercheurs-etudiants-et-personnel-administratif-de-luao-pour-ses-actions-en-faveur-du-monde-universitaire#breadcrumb"},"inLanguage":"fr-FR","potentialAction":[{"@type":"ReadAction","target":["https:\/\/www.africa-press.net\/cotedivoire\/politique\/bouake-ouattara-celebre-par-les-enseignants-enseignants-chercheurs-etudiants-et-personnel-administratif-de-luao-pour-ses-actions-en-faveur-du-monde-universitaire"]}]},{"@type":"ImageObject","inLanguage":"fr-FR","@id":"https:\/\/www.africa-press.net\/cotedivoire\/politique\/bouake-ouattara-celebre-par-les-enseignants-enseignants-chercheurs-etudiants-et-personnel-administratif-de-luao-pour-ses-actions-en-faveur-du-monde-universitaire#primaryimage","url":"https:\/\/static.africa-press.net\/cote\/sites\/43\/2024\/06\/sm_1718633855.642725.jpg","contentUrl":"https:\/\/static.africa-press.net\/cote\/sites\/43\/2024\/06\/sm_1718633855.642725.jpg","width":720,"height":480,"caption":"Bouak\u00e9, Ouattara c\u00e9l\u00e9br\u00e9 par les enseignants, enseignants-chercheurs, \u00e9tudiants et personnel administratif de l'UAO, pour ses actions en faveur du monde universitaire"},{"@type":"BreadcrumbList","@id":"https:\/\/www.africa-press.net\/cotedivoire\/politique\/bouake-ouattara-celebre-par-les-enseignants-enseignants-chercheurs-etudiants-et-personnel-administratif-de-luao-pour-ses-actions-en-faveur-du-monde-universitaire#breadcrumb","itemListElement":[{"@type":"ListItem","position":1,"name":"Accueil","item":"https:\/\/www.africa-press.net\/cotedivoire\/"},{"@type":"ListItem","position":2,"name":"Bouak\u00e9, Ouattara c\u00e9l\u00e9br\u00e9 par les enseignants, enseignants-chercheurs, \u00e9tudiants et personnel administratif de l&#8217;UAO, pour ses actions en faveur du monde universitaire"}]},{"@type":"WebSite","@id":"https:\/\/www.africa-press.net\/cotedivoire\/#website","url":"https:\/\/www.africa-press.net\/cotedivoire\/","name":"C\u00f4te d&#039;Ivoire","description":"Just another Africa News Agency Sites site","potentialAction":[{"@type":"SearchAction","target":{"@type":"EntryPoint","urlTemplate":"https:\/\/www.africa-press.net\/cotedivoire\/?s={search_term_string}"},"query-input":{"@type":"PropertyValueSpecification","valueRequired":true,"valueName":"search_term_string"}}],"inLanguage":"fr-FR"},{"@type":"Person","@id":"https:\/\/www.africa-press.net\/cotedivoire\/#\/schema\/person\/2b1cf3cd81a31e3cd26889ca66d677f1","name":"cfeditorfr"}]}},"_links":{"self":[{"href":"https:\/\/www.africa-press.net\/cotedivoire\/wp-json\/wp\/v2\/posts\/82153","targetHints":{"allow":["GET"]}}],"collection":[{"href":"https:\/\/www.africa-press.net\/cotedivoire\/wp-json\/wp\/v2\/posts"}],"about":[{"href":"https:\/\/www.africa-press.net\/cotedivoire\/wp-json\/wp\/v2\/types\/post"}],"author":[{"embeddable":true,"href":"https:\/\/www.africa-press.net\/cotedivoire\/wp-json\/wp\/v2\/users\/82"}],"replies":[{"embeddable":true,"href":"https:\/\/www.africa-press.net\/cotedivoire\/wp-json\/wp\/v2\/comments?post=82153"}],"version-history":[{"count":0,"href":"https:\/\/www.africa-press.net\/cotedivoire\/wp-json\/wp\/v2\/posts\/82153\/revisions"}],"wp:featuredmedia":[{"embeddable":true,"href":"https:\/\/www.africa-press.net\/cotedivoire\/wp-json\/wp\/v2\/media\/82152"}],"wp:attachment":[{"href":"https:\/\/www.africa-press.net\/cotedivoire\/wp-json\/wp\/v2\/media?parent=82153"}],"wp:term":[{"taxonomy":"category","embeddable":true,"href":"https:\/\/www.africa-press.net\/cotedivoire\/wp-json\/wp\/v2\/categories?post=82153"},{"taxonomy":"post_tag","embeddable":true,"href":"https:\/\/www.africa-press.net\/cotedivoire\/wp-json\/wp\/v2\/tags?post=82153"}],"curies":[{"name":"wp","href":"https:\/\/api.w.org\/{rel}","templated":true}]}}