{"id":82165,"date":"2024-06-17T16:46:21","date_gmt":"2024-06-17T16:46:21","guid":{"rendered":"https:\/\/www.africa-press.net\/cotedivoire\/politique\/ouattara-revient-sur-les-decisions-prises-lors-du-conseil-des-ministres-du-mercredi"},"modified":"2024-06-17T17:50:32","modified_gmt":"2024-06-17T17:50:32","slug":"ouattara-revient-sur-les-decisions-prises-lors-du-conseil-des-ministres-du-mercredi","status":"publish","type":"post","link":"https:\/\/www.africa-press.net\/cotedivoire\/politique\/ouattara-revient-sur-les-decisions-prises-lors-du-conseil-des-ministres-du-mercredi","title":{"rendered":"Ouattara revient sur les d\u00e9cisions prises lors du Conseil des Ministres du mercredi"},"content":{"rendered":"<p><span style=\"color: #ff6600\"><strong>Africa-Press &#8211; C\u00f4te d&rsquo;Ivoire. <\/strong><\/span>En Suisse ou\u0300 il participe ce samedi 15 juin 2024 au sommet pour la paix en Ukraine, le chef de l\u2019Etat, Alassane Ouattara, via son compte officiel est revenu sur les de\u0301cisions prises lors du Conseil des Ministres du mercredi 12 juin 2024.<\/p>\n<p>Selon le pre\u0301sident de la Re\u0301publique, ces de\u0301cisions ont pour but d\u2019acce\u0301le\u0301rer l&rsquo;industrialisation du pays.<\/p>\n<p>\u00ab A\u0300 l&rsquo;occasion du Conseil des Ministres du mercredi 12 juin 2024, nous avons pris des de\u0301cisions importantes pour acce\u0301le\u0301rer l&rsquo;industrialisation de notre pays, moderniser et ame\u0301liorer les performances de notre syste\u0300me statistique national et renforcer l&rsquo;approvisionnement en eau potable dans nos villes ainsi que la lutte contre la criminalite\u0301 lie\u0301e aux espe\u0300ces sauvages \u00bb, a-t-il poste\u0301.<\/p>\n<p>Le chef de l\u2019Etat, Alassane Ouattara, devrait regagner Abidjan le dimanche 16 juin 2024.<\/p>\n<p>Il adressera un important message a\u0300 la Nation devant les parlementaires des deux Chambres, le mardi 18 juin 2024, au Sofitel Ho\u0302tel Ivoire d\u2019Abidjan-Cocody.<\/p>\n<p><strong>Pour plus d&rsquo;informations et d&rsquo;analyses sur la C\u00f4te d&rsquo;Ivoire, suivez Africa-Press<\/strong><\/p>\n","protected":false},"excerpt":{"rendered":"<p>Africa-Press &#8211; C\u00f4te d&rsquo;Ivoire. En Suisse ou\u0300 il participe ce samedi 15 juin 2024 au sommet pour la paix en Ukraine, le chef de l\u2019Etat, Alassane Ouattara, via son compte officiel est revenu sur les de\u0301cisions prises lors du Conseil des Ministres du mercredi 12 juin 2024. Selon le pre\u0301sident de la Re\u0301publique, ces de\u0301cisions [&hellip;]<\/p>\n","protected":false},"author":82,"featured_media":82164,"comment_status":"open","ping_status":"closed","sticky":false,"template":"","format":"standard","meta":{"footnotes":""},"categories":[2,20,10],"tags":[8256,29],"class_list":["post-82165","post","type-post","status-publish","format-standard","has-post-thumbnail","hentry","category-politique","category-top-nouvelles","category-toutes-les-actualites","tag-conseil-des-ministres","tag-cote-divoire"],"yoast_head":"<!-- This site is optimized with the Yoast SEO Premium plugin v26.1 (Yoast SEO v27.0) - https:\/\/yoast.com\/product\/yoast-seo-premium-wordpress\/ -->\n<title>Ouattara revient sur les d\u00e9cisions prises lors du Conseil des Ministres du mercredi - C\u00f4te d&#039;Ivoire<\/title>\n<meta name=\"description\" content=\"En Suisse ou\u0300 il participe ce samedi 15 juin 2024 au sommet pour la paix en Ukraine, le chef de l\u2019Etat, Alassane Ouattar ...\" \/>\n<meta name=\"robots\" content=\"index, follow, max-snippet:-1, max-image-preview:large, max-video-preview:-1\" \/>\n<link rel=\"canonical\" href=\"https:\/\/www.africa-press.net\/cotedivoire\/politique\/ouattara-revient-sur-les-decisions-prises-lors-du-conseil-des-ministres-du-mercredi\" \/>\n<meta property=\"og:locale\" content=\"fr_FR\" \/>\n<meta property=\"og:type\" content=\"article\" \/>\n<meta property=\"og:title\" content=\"Ouattara revient sur les d\u00e9cisions prises lors du Conseil des Ministres du mercredi\" \/>\n<meta property=\"og:description\" content=\"En Suisse ou\u0300 il participe ce samedi 15 juin 2024 au sommet pour la paix en Ukraine, le chef de l\u2019Etat, Alassane Ouattar ...\" \/>\n<meta property=\"og:url\" content=\"https:\/\/www.africa-press.net\/cotedivoire\/politique\/ouattara-revient-sur-les-decisions-prises-lors-du-conseil-des-ministres-du-mercredi\" \/>\n<meta property=\"og:site_name\" content=\"C\u00f4te d&#039;Ivoire\" \/>\n<meta property=\"article:published_time\" content=\"2024-06-17T16:46:21+00:00\" \/>\n<meta property=\"article:modified_time\" content=\"2024-06-17T17:50:32+00:00\" \/>\n<meta property=\"og:image\" content=\"https:\/\/static.africa-press.net\/cote\/sites\/43\/2024\/06\/sm_1718633922.428706.jpg\" \/>\n\t<meta property=\"og:image:width\" content=\"720\" \/>\n\t<meta property=\"og:image:height\" content=\"480\" \/>\n\t<meta property=\"og:image:type\" content=\"image\/jpeg\" \/>\n<meta name=\"author\" content=\"cfeditorfr\" \/>\n<meta name=\"twitter:card\" content=\"summary_large_image\" \/>\n<meta name=\"twitter:label1\" content=\"\u00c9crit par\" \/>\n\t<meta name=\"twitter:data1\" content=\"cfeditorfr\" \/>\n\t<meta name=\"twitter:label2\" content=\"Dur\u00e9e de lecture estim\u00e9e\" \/>\n\t<meta name=\"twitter:data2\" content=\"2 minutes\" \/>\n<script type=\"application\/ld+json\" class=\"yoast-schema-graph\">{\"@context\":\"https:\/\/schema.org\",\"@graph\":[{\"@type\":\"Article\",\"@id\":\"https:\/\/www.africa-press.net\/cotedivoire\/politique\/ouattara-revient-sur-les-decisions-prises-lors-du-conseil-des-ministres-du-mercredi#article\",\"isPartOf\":{\"@id\":\"https:\/\/www.africa-press.net\/cotedivoire\/politique\/ouattara-revient-sur-les-decisions-prises-lors-du-conseil-des-ministres-du-mercredi\"},\"author\":{\"name\":\"cfeditorfr\",\"@id\":\"https:\/\/www.africa-press.net\/cotedivoire\/#\/schema\/person\/2b1cf3cd81a31e3cd26889ca66d677f1\"},\"headline\":\"Ouattara revient sur les d\u00e9cisions prises lors du Conseil des Ministres du mercredi\",\"datePublished\":\"2024-06-17T16:46:21+00:00\",\"dateModified\":\"2024-06-17T17:50:32+00:00\",\"mainEntityOfPage\":{\"@id\":\"https:\/\/www.africa-press.net\/cotedivoire\/politique\/ouattara-revient-sur-les-decisions-prises-lors-du-conseil-des-ministres-du-mercredi\"},\"wordCount\":198,\"commentCount\":0,\"image\":{\"@id\":\"https:\/\/www.africa-press.net\/cotedivoire\/politique\/ouattara-revient-sur-les-decisions-prises-lors-du-conseil-des-ministres-du-mercredi#primaryimage\"},\"thumbnailUrl\":\"https:\/\/static.africa-press.net\/cote\/sites\/43\/2024\/06\/sm_1718633922.428706.jpg\",\"keywords\":[\"Conseil des ministres\",\"C\u00d4TE D'IVOIRE\"],\"articleSection\":[\"Politique\",\"Top Nouvelles\",\"Toutes les actualit\u00e9s\"],\"inLanguage\":\"fr-FR\",\"potentialAction\":[{\"@type\":\"CommentAction\",\"name\":\"Comment\",\"target\":[\"https:\/\/www.africa-press.net\/cotedivoire\/politique\/ouattara-revient-sur-les-decisions-prises-lors-du-conseil-des-ministres-du-mercredi#respond\"]}]},{\"@type\":\"WebPage\",\"@id\":\"https:\/\/www.africa-press.net\/cotedivoire\/politique\/ouattara-revient-sur-les-decisions-prises-lors-du-conseil-des-ministres-du-mercredi\",\"url\":\"https:\/\/www.africa-press.net\/cotedivoire\/politique\/ouattara-revient-sur-les-decisions-prises-lors-du-conseil-des-ministres-du-mercredi\",\"name\":\"Ouattara revient sur les d\u00e9cisions prises lors du Conseil des Ministres du mercredi - C\u00f4te d&#039;Ivoire\",\"isPartOf\":{\"@id\":\"https:\/\/www.africa-press.net\/cotedivoire\/#website\"},\"primaryImageOfPage\":{\"@id\":\"https:\/\/www.africa-press.net\/cotedivoire\/politique\/ouattara-revient-sur-les-decisions-prises-lors-du-conseil-des-ministres-du-mercredi#primaryimage\"},\"image\":{\"@id\":\"https:\/\/www.africa-press.net\/cotedivoire\/politique\/ouattara-revient-sur-les-decisions-prises-lors-du-conseil-des-ministres-du-mercredi#primaryimage\"},\"thumbnailUrl\":\"https:\/\/static.africa-press.net\/cote\/sites\/43\/2024\/06\/sm_1718633922.428706.jpg\",\"datePublished\":\"2024-06-17T16:46:21+00:00\",\"dateModified\":\"2024-06-17T17:50:32+00:00\",\"author\":{\"@id\":\"https:\/\/www.africa-press.net\/cotedivoire\/#\/schema\/person\/2b1cf3cd81a31e3cd26889ca66d677f1\"},\"description\":\"En Suisse ou\u0300 il participe ce samedi 15 juin 2024 au sommet pour la paix en Ukraine, le chef de l\u2019Etat, Alassane Ouattar ...\",\"breadcrumb\":{\"@id\":\"https:\/\/www.africa-press.net\/cotedivoire\/politique\/ouattara-revient-sur-les-decisions-prises-lors-du-conseil-des-ministres-du-mercredi#breadcrumb\"},\"inLanguage\":\"fr-FR\",\"potentialAction\":[{\"@type\":\"ReadAction\",\"target\":[\"https:\/\/www.africa-press.net\/cotedivoire\/politique\/ouattara-revient-sur-les-decisions-prises-lors-du-conseil-des-ministres-du-mercredi\"]}]},{\"@type\":\"ImageObject\",\"inLanguage\":\"fr-FR\",\"@id\":\"https:\/\/www.africa-press.net\/cotedivoire\/politique\/ouattara-revient-sur-les-decisions-prises-lors-du-conseil-des-ministres-du-mercredi#primaryimage\",\"url\":\"https:\/\/static.africa-press.net\/cote\/sites\/43\/2024\/06\/sm_1718633922.428706.jpg\",\"contentUrl\":\"https:\/\/static.africa-press.net\/cote\/sites\/43\/2024\/06\/sm_1718633922.428706.jpg\",\"width\":720,\"height\":480,\"caption\":\"Ouattara revient sur les d\u00e9cisions prises lors du Conseil des Ministres du mercredi\"},{\"@type\":\"BreadcrumbList\",\"@id\":\"https:\/\/www.africa-press.net\/cotedivoire\/politique\/ouattara-revient-sur-les-decisions-prises-lors-du-conseil-des-ministres-du-mercredi#breadcrumb\",\"itemListElement\":[{\"@type\":\"ListItem\",\"position\":1,\"name\":\"Accueil\",\"item\":\"https:\/\/www.africa-press.net\/cotedivoire\/\"},{\"@type\":\"ListItem\",\"position\":2,\"name\":\"Ouattara revient sur les d\u00e9cisions prises lors du Conseil des Ministres du mercredi\"}]},{\"@type\":\"WebSite\",\"@id\":\"https:\/\/www.africa-press.net\/cotedivoire\/#website\",\"url\":\"https:\/\/www.africa-press.net\/cotedivoire\/\",\"name\":\"C\u00f4te d&#039;Ivoire\",\"description\":\"Just another Africa News Agency Sites site\",\"potentialAction\":[{\"@type\":\"SearchAction\",\"target\":{\"@type\":\"EntryPoint\",\"urlTemplate\":\"https:\/\/www.africa-press.net\/cotedivoire\/?s={search_term_string}\"},\"query-input\":{\"@type\":\"PropertyValueSpecification\",\"valueRequired\":true,\"valueName\":\"search_term_string\"}}],\"inLanguage\":\"fr-FR\"},{\"@type\":\"Person\",\"@id\":\"https:\/\/www.africa-press.net\/cotedivoire\/#\/schema\/person\/2b1cf3cd81a31e3cd26889ca66d677f1\",\"name\":\"cfeditorfr\"}]}<\/script>\n<!-- \/ Yoast SEO Premium plugin. -->","yoast_head_json":{"title":"Ouattara revient sur les d\u00e9cisions prises lors du Conseil des Ministres du mercredi - C\u00f4te d&#039;Ivoire","description":"En Suisse ou\u0300 il participe ce samedi 15 juin 2024 au sommet pour la paix en Ukraine, le chef de l\u2019Etat, Alassane Ouattar ...","robots":{"index":"index","follow":"follow","max-snippet":"max-snippet:-1","max-image-preview":"max-image-preview:large","max-video-preview":"max-video-preview:-1"},"canonical":"https:\/\/www.africa-press.net\/cotedivoire\/politique\/ouattara-revient-sur-les-decisions-prises-lors-du-conseil-des-ministres-du-mercredi","og_locale":"fr_FR","og_type":"article","og_title":"Ouattara revient sur les d\u00e9cisions prises lors du Conseil des Ministres du mercredi","og_description":"En Suisse ou\u0300 il participe ce samedi 15 juin 2024 au sommet pour la paix en Ukraine, le chef de l\u2019Etat, Alassane Ouattar ...","og_url":"https:\/\/www.africa-press.net\/cotedivoire\/politique\/ouattara-revient-sur-les-decisions-prises-lors-du-conseil-des-ministres-du-mercredi","og_site_name":"C\u00f4te d&#039;Ivoire","article_published_time":"2024-06-17T16:46:21+00:00","article_modified_time":"2024-06-17T17:50:32+00:00","og_image":[{"width":720,"height":480,"url":"https:\/\/static.africa-press.net\/cote\/sites\/43\/2024\/06\/sm_1718633922.428706.jpg","type":"image\/jpeg"}],"author":"cfeditorfr","twitter_card":"summary_large_image","twitter_misc":{"\u00c9crit par":"cfeditorfr","Dur\u00e9e de lecture estim\u00e9e":"2 minutes"},"schema":{"@context":"https:\/\/schema.org","@graph":[{"@type":"Article","@id":"https:\/\/www.africa-press.net\/cotedivoire\/politique\/ouattara-revient-sur-les-decisions-prises-lors-du-conseil-des-ministres-du-mercredi#article","isPartOf":{"@id":"https:\/\/www.africa-press.net\/cotedivoire\/politique\/ouattara-revient-sur-les-decisions-prises-lors-du-conseil-des-ministres-du-mercredi"},"author":{"name":"cfeditorfr","@id":"https:\/\/www.africa-press.net\/cotedivoire\/#\/schema\/person\/2b1cf3cd81a31e3cd26889ca66d677f1"},"headline":"Ouattara revient sur les d\u00e9cisions prises lors du Conseil des Ministres du mercredi","datePublished":"2024-06-17T16:46:21+00:00","dateModified":"2024-06-17T17:50:32+00:00","mainEntityOfPage":{"@id":"https:\/\/www.africa-press.net\/cotedivoire\/politique\/ouattara-revient-sur-les-decisions-prises-lors-du-conseil-des-ministres-du-mercredi"},"wordCount":198,"commentCount":0,"image":{"@id":"https:\/\/www.africa-press.net\/cotedivoire\/politique\/ouattara-revient-sur-les-decisions-prises-lors-du-conseil-des-ministres-du-mercredi#primaryimage"},"thumbnailUrl":"https:\/\/static.africa-press.net\/cote\/sites\/43\/2024\/06\/sm_1718633922.428706.jpg","keywords":["Conseil des ministres","C\u00d4TE D'IVOIRE"],"articleSection":["Politique","Top Nouvelles","Toutes les actualit\u00e9s"],"inLanguage":"fr-FR","potentialAction":[{"@type":"CommentAction","name":"Comment","target":["https:\/\/www.africa-press.net\/cotedivoire\/politique\/ouattara-revient-sur-les-decisions-prises-lors-du-conseil-des-ministres-du-mercredi#respond"]}]},{"@type":"WebPage","@id":"https:\/\/www.africa-press.net\/cotedivoire\/politique\/ouattara-revient-sur-les-decisions-prises-lors-du-conseil-des-ministres-du-mercredi","url":"https:\/\/www.africa-press.net\/cotedivoire\/politique\/ouattara-revient-sur-les-decisions-prises-lors-du-conseil-des-ministres-du-mercredi","name":"Ouattara revient sur les d\u00e9cisions prises lors du Conseil des Ministres du mercredi - C\u00f4te d&#039;Ivoire","isPartOf":{"@id":"https:\/\/www.africa-press.net\/cotedivoire\/#website"},"primaryImageOfPage":{"@id":"https:\/\/www.africa-press.net\/cotedivoire\/politique\/ouattara-revient-sur-les-decisions-prises-lors-du-conseil-des-ministres-du-mercredi#primaryimage"},"image":{"@id":"https:\/\/www.africa-press.net\/cotedivoire\/politique\/ouattara-revient-sur-les-decisions-prises-lors-du-conseil-des-ministres-du-mercredi#primaryimage"},"thumbnailUrl":"https:\/\/static.africa-press.net\/cote\/sites\/43\/2024\/06\/sm_1718633922.428706.jpg","datePublished":"2024-06-17T16:46:21+00:00","dateModified":"2024-06-17T17:50:32+00:00","author":{"@id":"https:\/\/www.africa-press.net\/cotedivoire\/#\/schema\/person\/2b1cf3cd81a31e3cd26889ca66d677f1"},"description":"En Suisse ou\u0300 il participe ce samedi 15 juin 2024 au sommet pour la paix en Ukraine, le chef de l\u2019Etat, Alassane Ouattar ...","breadcrumb":{"@id":"https:\/\/www.africa-press.net\/cotedivoire\/politique\/ouattara-revient-sur-les-decisions-prises-lors-du-conseil-des-ministres-du-mercredi#breadcrumb"},"inLanguage":"fr-FR","potentialAction":[{"@type":"ReadAction","target":["https:\/\/www.africa-press.net\/cotedivoire\/politique\/ouattara-revient-sur-les-decisions-prises-lors-du-conseil-des-ministres-du-mercredi"]}]},{"@type":"ImageObject","inLanguage":"fr-FR","@id":"https:\/\/www.africa-press.net\/cotedivoire\/politique\/ouattara-revient-sur-les-decisions-prises-lors-du-conseil-des-ministres-du-mercredi#primaryimage","url":"https:\/\/static.africa-press.net\/cote\/sites\/43\/2024\/06\/sm_1718633922.428706.jpg","contentUrl":"https:\/\/static.africa-press.net\/cote\/sites\/43\/2024\/06\/sm_1718633922.428706.jpg","width":720,"height":480,"caption":"Ouattara revient sur les d\u00e9cisions prises lors du Conseil des Ministres du mercredi"},{"@type":"BreadcrumbList","@id":"https:\/\/www.africa-press.net\/cotedivoire\/politique\/ouattara-revient-sur-les-decisions-prises-lors-du-conseil-des-ministres-du-mercredi#breadcrumb","itemListElement":[{"@type":"ListItem","position":1,"name":"Accueil","item":"https:\/\/www.africa-press.net\/cotedivoire\/"},{"@type":"ListItem","position":2,"name":"Ouattara revient sur les d\u00e9cisions prises lors du Conseil des Ministres du mercredi"}]},{"@type":"WebSite","@id":"https:\/\/www.africa-press.net\/cotedivoire\/#website","url":"https:\/\/www.africa-press.net\/cotedivoire\/","name":"C\u00f4te d&#039;Ivoire","description":"Just another Africa News Agency Sites site","potentialAction":[{"@type":"SearchAction","target":{"@type":"EntryPoint","urlTemplate":"https:\/\/www.africa-press.net\/cotedivoire\/?s={search_term_string}"},"query-input":{"@type":"PropertyValueSpecification","valueRequired":true,"valueName":"search_term_string"}}],"inLanguage":"fr-FR"},{"@type":"Person","@id":"https:\/\/www.africa-press.net\/cotedivoire\/#\/schema\/person\/2b1cf3cd81a31e3cd26889ca66d677f1","name":"cfeditorfr"}]}},"_links":{"self":[{"href":"https:\/\/www.africa-press.net\/cotedivoire\/wp-json\/wp\/v2\/posts\/82165","targetHints":{"allow":["GET"]}}],"collection":[{"href":"https:\/\/www.africa-press.net\/cotedivoire\/wp-json\/wp\/v2\/posts"}],"about":[{"href":"https:\/\/www.africa-press.net\/cotedivoire\/wp-json\/wp\/v2\/types\/post"}],"author":[{"embeddable":true,"href":"https:\/\/www.africa-press.net\/cotedivoire\/wp-json\/wp\/v2\/users\/82"}],"replies":[{"embeddable":true,"href":"https:\/\/www.africa-press.net\/cotedivoire\/wp-json\/wp\/v2\/comments?post=82165"}],"version-history":[{"count":0,"href":"https:\/\/www.africa-press.net\/cotedivoire\/wp-json\/wp\/v2\/posts\/82165\/revisions"}],"wp:featuredmedia":[{"embeddable":true,"href":"https:\/\/www.africa-press.net\/cotedivoire\/wp-json\/wp\/v2\/media\/82164"}],"wp:attachment":[{"href":"https:\/\/www.africa-press.net\/cotedivoire\/wp-json\/wp\/v2\/media?parent=82165"}],"wp:term":[{"taxonomy":"category","embeddable":true,"href":"https:\/\/www.africa-press.net\/cotedivoire\/wp-json\/wp\/v2\/categories?post=82165"},{"taxonomy":"post_tag","embeddable":true,"href":"https:\/\/www.africa-press.net\/cotedivoire\/wp-json\/wp\/v2\/tags?post=82165"}],"curies":[{"name":"wp","href":"https:\/\/api.w.org\/{rel}","templated":true}]}}