{"id":8223,"date":"2021-05-27T17:17:15","date_gmt":"2021-05-27T17:17:15","guid":{"rendered":"https:\/\/www.africa-press.net\/cotedivoire\/?p=8223"},"modified":"2021-05-27T20:54:13","modified_gmt":"2021-05-27T20:54:13","slug":"tiken-jah-fakoly-le-jour-ou-jai-ete-interdit-de-sejour-au-senegal","status":"publish","type":"post","link":"https:\/\/www.africa-press.net\/cotedivoire\/politique\/tiken-jah-fakoly-le-jour-ou-jai-ete-interdit-de-sejour-au-senegal","title":{"rendered":"Tiken Jah Fakoly : \u00ab Le jour o\u00f9 j\u2019ai \u00e9t\u00e9 interdit de s\u00e9jour au S\u00e9n\u00e9gal \u00bb"},"content":{"rendered":"<p><span style=\"color: #ff6600\"><strong><a href=\"https:\/\/www.africa-press.net\/\">Africa-Press<\/a> &#8211; <a href=\"https:\/\/www.africa-press.net\/cotedivoire\">C\u00f4te d&rsquo;Ivoire<\/a>. <\/strong><\/span>En 2007, le reggaeman sommait Karim Wade de s\u2019expliquer sur l\u2019utilisation de fonds publics et essuyait les foudres de son pr\u00e9sident de p\u00e8re. Un \u00e9pisode qui contribua \u00e0 b\u00e2tir la notori\u00e9t\u00e9 du chanteur hors de sa C\u00f4te d\u2019Ivoire natale. T\u00e9moignage.<\/p>\n<p>J\u2019\u00e9tais au S\u00e9n\u00e9gal en 2007. Je jouais \u00e0 l\u2019Institut fran\u00e7ais de Dakar dans le cadre d\u2019un festival de rap. Nous \u00e9tions en pleine pol\u00e9mique sur Karim Wade, le fils du pr\u00e9sident Abdoulaye Wade. Il avait \u00e9t\u00e9 convoqu\u00e9 par l\u2019Assembl\u00e9e nationale pour s\u2019expliquer sur des travaux qu\u2019il avait faits \u00e0 Dakar pour le sommet de l\u2019Organisation de la coop\u00e9ration islamique (OCI), qui devait se tenir l\u2019ann\u00e9e suivante, mais il refusait de s\u2019y rendre.<\/p>\n<p>Comme Karim Wade \u00e9tait ministre et qu\u2019il g\u00e9rait des fonds publics, il me semblait important qu\u2019il rende des comptes. J\u2019ai donc prononc\u00e9 un petit discours sur sc\u00e8ne et j\u2019ai dit qu\u2019il devait s\u2019expliquer devant les d\u00e9put\u00e9s. Puis j\u2019ai ajout\u00e9 que si Abdoulaye Wade ne voulait pas que son fils aille \u00e0 l\u2019Assembl\u00e9e nationale, qui \u00e9tait \u00e0 l\u2019\u00e9poque dirig\u00e9e par Macky Sall, il aurait fallu le laisser dans son berceau, \u00e0 la maison, et ne pas le m\u00ealer \u00e0 la politique. J\u2019ai enchain\u00e9 avec mon titre Quitte le pouvoir et le concert s\u2019est termin\u00e9 sans encombre.<\/p>\n<p><b>\u00a0<\/b><\/p>\n","protected":false},"excerpt":{"rendered":"<p>Africa-Press &#8211; C\u00f4te d&rsquo;Ivoire. En 2007, le reggaeman sommait Karim Wade de s\u2019expliquer sur l\u2019utilisation de fonds publics et essuyait les foudres de son pr\u00e9sident de p\u00e8re. Un \u00e9pisode qui contribua \u00e0 b\u00e2tir la notori\u00e9t\u00e9 du chanteur hors de sa C\u00f4te d\u2019Ivoire natale. T\u00e9moignage. J\u2019\u00e9tais au S\u00e9n\u00e9gal en 2007. Je jouais \u00e0 l\u2019Institut fran\u00e7ais de [&hellip;]<\/p>\n","protected":false},"author":82,"featured_media":8222,"comment_status":"open","ping_status":"closed","sticky":false,"template":"","format":"standard","meta":{"footnotes":""},"categories":[11,2,20,10],"tags":[56,63,29],"class_list":["post-8223","post","type-post","status-publish","format-standard","has-post-thumbnail","hentry","category-homepage-french","category-politique","category-top-nouvelles","category-toutes-les-actualites","tag-africa-press","tag-africa-press-cote-divoire","tag-cote-divoire"],"yoast_head":"<!-- This site is optimized with the Yoast SEO Premium plugin v26.1 (Yoast SEO v27.0) - https:\/\/yoast.com\/product\/yoast-seo-premium-wordpress\/ -->\n<title>Tiken Jah Fakoly : \u00ab Le jour o\u00f9 j\u2019ai \u00e9t\u00e9 interdit de s\u00e9jour au S\u00e9n\u00e9gal \u00bb - C\u00f4te d&#039;Ivoire<\/title>\n<meta name=\"description\" content=\"En 2007, le reggaeman sommait Karim Wade de s\u2019expliquer sur l\u2019utilisation de fonds publics et essuyait les foudres de so ...\" \/>\n<meta name=\"robots\" content=\"index, follow, max-snippet:-1, max-image-preview:large, max-video-preview:-1\" \/>\n<link rel=\"canonical\" href=\"https:\/\/www.africa-press.net\/cotedivoire\/politique\/tiken-jah-fakoly-le-jour-ou-jai-ete-interdit-de-sejour-au-senegal\" \/>\n<meta property=\"og:locale\" content=\"fr_FR\" \/>\n<meta property=\"og:type\" content=\"article\" \/>\n<meta property=\"og:title\" content=\"Tiken Jah Fakoly : \u00ab Le jour o\u00f9 j\u2019ai \u00e9t\u00e9 interdit de s\u00e9jour au S\u00e9n\u00e9gal \u00bb\" \/>\n<meta property=\"og:description\" content=\"En 2007, le reggaeman sommait Karim Wade de s\u2019expliquer sur l\u2019utilisation de fonds publics et essuyait les foudres de so ...\" \/>\n<meta property=\"og:url\" content=\"https:\/\/www.africa-press.net\/cotedivoire\/politique\/tiken-jah-fakoly-le-jour-ou-jai-ete-interdit-de-sejour-au-senegal\" \/>\n<meta property=\"og:site_name\" content=\"C\u00f4te d&#039;Ivoire\" \/>\n<meta property=\"article:published_time\" content=\"2021-05-27T17:17:15+00:00\" \/>\n<meta property=\"article:modified_time\" content=\"2021-05-27T20:54:13+00:00\" \/>\n<meta property=\"og:image\" content=\"https:\/\/static.africa-press.net\/cote\/sites\/43\/2021\/05\/img-60afd1ee717dd.jpg\" \/>\n\t<meta property=\"og:image:width\" content=\"720\" \/>\n\t<meta property=\"og:image:height\" content=\"360\" \/>\n\t<meta property=\"og:image:type\" content=\"image\/jpeg\" \/>\n<meta name=\"author\" content=\"cfeditorfr\" \/>\n<meta name=\"twitter:card\" content=\"summary_large_image\" \/>\n<meta name=\"twitter:label1\" content=\"\u00c9crit par\" \/>\n\t<meta name=\"twitter:data1\" content=\"cfeditorfr\" \/>\n\t<meta name=\"twitter:label2\" content=\"Dur\u00e9e de lecture estim\u00e9e\" \/>\n\t<meta name=\"twitter:data2\" content=\"1 minute\" \/>\n<script type=\"application\/ld+json\" class=\"yoast-schema-graph\">{\"@context\":\"https:\/\/schema.org\",\"@graph\":[{\"@type\":\"Article\",\"@id\":\"https:\/\/www.africa-press.net\/cotedivoire\/politique\/tiken-jah-fakoly-le-jour-ou-jai-ete-interdit-de-sejour-au-senegal#article\",\"isPartOf\":{\"@id\":\"https:\/\/www.africa-press.net\/cotedivoire\/politique\/tiken-jah-fakoly-le-jour-ou-jai-ete-interdit-de-sejour-au-senegal\"},\"author\":{\"name\":\"cfeditorfr\",\"@id\":\"https:\/\/www.africa-press.net\/cotedivoire\/#\/schema\/person\/2b1cf3cd81a31e3cd26889ca66d677f1\"},\"headline\":\"Tiken Jah Fakoly : \u00ab Le jour o\u00f9 j\u2019ai \u00e9t\u00e9 interdit de s\u00e9jour au S\u00e9n\u00e9gal \u00bb\",\"datePublished\":\"2021-05-27T17:17:15+00:00\",\"dateModified\":\"2021-05-27T20:54:13+00:00\",\"mainEntityOfPage\":{\"@id\":\"https:\/\/www.africa-press.net\/cotedivoire\/politique\/tiken-jah-fakoly-le-jour-ou-jai-ete-interdit-de-sejour-au-senegal\"},\"wordCount\":265,\"commentCount\":0,\"image\":{\"@id\":\"https:\/\/www.africa-press.net\/cotedivoire\/politique\/tiken-jah-fakoly-le-jour-ou-jai-ete-interdit-de-sejour-au-senegal#primaryimage\"},\"thumbnailUrl\":\"https:\/\/static.africa-press.net\/cote\/sites\/43\/2021\/05\/img-60afd1ee717dd.jpg\",\"keywords\":[\"Africa Press\",\"Africa Press-C\u00f4te d'Ivoire\",\"C\u00d4TE D'IVOIRE\"],\"articleSection\":[\"homepage-french\",\"Politique\",\"Top Nouvelles\",\"Toutes les actualit\u00e9s\"],\"inLanguage\":\"fr-FR\",\"potentialAction\":[{\"@type\":\"CommentAction\",\"name\":\"Comment\",\"target\":[\"https:\/\/www.africa-press.net\/cotedivoire\/politique\/tiken-jah-fakoly-le-jour-ou-jai-ete-interdit-de-sejour-au-senegal#respond\"]}]},{\"@type\":\"WebPage\",\"@id\":\"https:\/\/www.africa-press.net\/cotedivoire\/politique\/tiken-jah-fakoly-le-jour-ou-jai-ete-interdit-de-sejour-au-senegal\",\"url\":\"https:\/\/www.africa-press.net\/cotedivoire\/politique\/tiken-jah-fakoly-le-jour-ou-jai-ete-interdit-de-sejour-au-senegal\",\"name\":\"Tiken Jah Fakoly : \u00ab Le jour o\u00f9 j\u2019ai \u00e9t\u00e9 interdit de s\u00e9jour au S\u00e9n\u00e9gal \u00bb - C\u00f4te d&#039;Ivoire\",\"isPartOf\":{\"@id\":\"https:\/\/www.africa-press.net\/cotedivoire\/#website\"},\"primaryImageOfPage\":{\"@id\":\"https:\/\/www.africa-press.net\/cotedivoire\/politique\/tiken-jah-fakoly-le-jour-ou-jai-ete-interdit-de-sejour-au-senegal#primaryimage\"},\"image\":{\"@id\":\"https:\/\/www.africa-press.net\/cotedivoire\/politique\/tiken-jah-fakoly-le-jour-ou-jai-ete-interdit-de-sejour-au-senegal#primaryimage\"},\"thumbnailUrl\":\"https:\/\/static.africa-press.net\/cote\/sites\/43\/2021\/05\/img-60afd1ee717dd.jpg\",\"datePublished\":\"2021-05-27T17:17:15+00:00\",\"dateModified\":\"2021-05-27T20:54:13+00:00\",\"author\":{\"@id\":\"https:\/\/www.africa-press.net\/cotedivoire\/#\/schema\/person\/2b1cf3cd81a31e3cd26889ca66d677f1\"},\"description\":\"En 2007, le reggaeman sommait Karim Wade de s\u2019expliquer sur l\u2019utilisation de fonds publics et essuyait les foudres de so ...\",\"breadcrumb\":{\"@id\":\"https:\/\/www.africa-press.net\/cotedivoire\/politique\/tiken-jah-fakoly-le-jour-ou-jai-ete-interdit-de-sejour-au-senegal#breadcrumb\"},\"inLanguage\":\"fr-FR\",\"potentialAction\":[{\"@type\":\"ReadAction\",\"target\":[\"https:\/\/www.africa-press.net\/cotedivoire\/politique\/tiken-jah-fakoly-le-jour-ou-jai-ete-interdit-de-sejour-au-senegal\"]}]},{\"@type\":\"ImageObject\",\"inLanguage\":\"fr-FR\",\"@id\":\"https:\/\/www.africa-press.net\/cotedivoire\/politique\/tiken-jah-fakoly-le-jour-ou-jai-ete-interdit-de-sejour-au-senegal#primaryimage\",\"url\":\"https:\/\/static.africa-press.net\/cote\/sites\/43\/2021\/05\/img-60afd1ee717dd.jpg\",\"contentUrl\":\"https:\/\/static.africa-press.net\/cote\/sites\/43\/2021\/05\/img-60afd1ee717dd.jpg\",\"width\":720,\"height\":360,\"caption\":\"Tiken Jah Fakoly : \u00ab Le jour o\u00f9 j\u2019ai \u00e9t\u00e9 interdit de s\u00e9jour au S\u00e9n\u00e9gal \u00bb\"},{\"@type\":\"BreadcrumbList\",\"@id\":\"https:\/\/www.africa-press.net\/cotedivoire\/politique\/tiken-jah-fakoly-le-jour-ou-jai-ete-interdit-de-sejour-au-senegal#breadcrumb\",\"itemListElement\":[{\"@type\":\"ListItem\",\"position\":1,\"name\":\"Accueil\",\"item\":\"https:\/\/www.africa-press.net\/cotedivoire\/\"},{\"@type\":\"ListItem\",\"position\":2,\"name\":\"Tiken Jah Fakoly : \u00ab Le jour o\u00f9 j\u2019ai \u00e9t\u00e9 interdit de s\u00e9jour au S\u00e9n\u00e9gal \u00bb\"}]},{\"@type\":\"WebSite\",\"@id\":\"https:\/\/www.africa-press.net\/cotedivoire\/#website\",\"url\":\"https:\/\/www.africa-press.net\/cotedivoire\/\",\"name\":\"C\u00f4te d&#039;Ivoire\",\"description\":\"Just another Africa News Agency Sites site\",\"potentialAction\":[{\"@type\":\"SearchAction\",\"target\":{\"@type\":\"EntryPoint\",\"urlTemplate\":\"https:\/\/www.africa-press.net\/cotedivoire\/?s={search_term_string}\"},\"query-input\":{\"@type\":\"PropertyValueSpecification\",\"valueRequired\":true,\"valueName\":\"search_term_string\"}}],\"inLanguage\":\"fr-FR\"},{\"@type\":\"Person\",\"@id\":\"https:\/\/www.africa-press.net\/cotedivoire\/#\/schema\/person\/2b1cf3cd81a31e3cd26889ca66d677f1\",\"name\":\"cfeditorfr\"}]}<\/script>\n<!-- \/ Yoast SEO Premium plugin. -->","yoast_head_json":{"title":"Tiken Jah Fakoly : \u00ab Le jour o\u00f9 j\u2019ai \u00e9t\u00e9 interdit de s\u00e9jour au S\u00e9n\u00e9gal \u00bb - C\u00f4te d&#039;Ivoire","description":"En 2007, le reggaeman sommait Karim Wade de s\u2019expliquer sur l\u2019utilisation de fonds publics et essuyait les foudres de so ...","robots":{"index":"index","follow":"follow","max-snippet":"max-snippet:-1","max-image-preview":"max-image-preview:large","max-video-preview":"max-video-preview:-1"},"canonical":"https:\/\/www.africa-press.net\/cotedivoire\/politique\/tiken-jah-fakoly-le-jour-ou-jai-ete-interdit-de-sejour-au-senegal","og_locale":"fr_FR","og_type":"article","og_title":"Tiken Jah Fakoly : \u00ab Le jour o\u00f9 j\u2019ai \u00e9t\u00e9 interdit de s\u00e9jour au S\u00e9n\u00e9gal \u00bb","og_description":"En 2007, le reggaeman sommait Karim Wade de s\u2019expliquer sur l\u2019utilisation de fonds publics et essuyait les foudres de so ...","og_url":"https:\/\/www.africa-press.net\/cotedivoire\/politique\/tiken-jah-fakoly-le-jour-ou-jai-ete-interdit-de-sejour-au-senegal","og_site_name":"C\u00f4te d&#039;Ivoire","article_published_time":"2021-05-27T17:17:15+00:00","article_modified_time":"2021-05-27T20:54:13+00:00","og_image":[{"width":720,"height":360,"url":"https:\/\/static.africa-press.net\/cote\/sites\/43\/2021\/05\/img-60afd1ee717dd.jpg","type":"image\/jpeg"}],"author":"cfeditorfr","twitter_card":"summary_large_image","twitter_misc":{"\u00c9crit par":"cfeditorfr","Dur\u00e9e de lecture estim\u00e9e":"1 minute"},"schema":{"@context":"https:\/\/schema.org","@graph":[{"@type":"Article","@id":"https:\/\/www.africa-press.net\/cotedivoire\/politique\/tiken-jah-fakoly-le-jour-ou-jai-ete-interdit-de-sejour-au-senegal#article","isPartOf":{"@id":"https:\/\/www.africa-press.net\/cotedivoire\/politique\/tiken-jah-fakoly-le-jour-ou-jai-ete-interdit-de-sejour-au-senegal"},"author":{"name":"cfeditorfr","@id":"https:\/\/www.africa-press.net\/cotedivoire\/#\/schema\/person\/2b1cf3cd81a31e3cd26889ca66d677f1"},"headline":"Tiken Jah Fakoly : \u00ab Le jour o\u00f9 j\u2019ai \u00e9t\u00e9 interdit de s\u00e9jour au S\u00e9n\u00e9gal \u00bb","datePublished":"2021-05-27T17:17:15+00:00","dateModified":"2021-05-27T20:54:13+00:00","mainEntityOfPage":{"@id":"https:\/\/www.africa-press.net\/cotedivoire\/politique\/tiken-jah-fakoly-le-jour-ou-jai-ete-interdit-de-sejour-au-senegal"},"wordCount":265,"commentCount":0,"image":{"@id":"https:\/\/www.africa-press.net\/cotedivoire\/politique\/tiken-jah-fakoly-le-jour-ou-jai-ete-interdit-de-sejour-au-senegal#primaryimage"},"thumbnailUrl":"https:\/\/static.africa-press.net\/cote\/sites\/43\/2021\/05\/img-60afd1ee717dd.jpg","keywords":["Africa Press","Africa Press-C\u00f4te d'Ivoire","C\u00d4TE D'IVOIRE"],"articleSection":["homepage-french","Politique","Top Nouvelles","Toutes les actualit\u00e9s"],"inLanguage":"fr-FR","potentialAction":[{"@type":"CommentAction","name":"Comment","target":["https:\/\/www.africa-press.net\/cotedivoire\/politique\/tiken-jah-fakoly-le-jour-ou-jai-ete-interdit-de-sejour-au-senegal#respond"]}]},{"@type":"WebPage","@id":"https:\/\/www.africa-press.net\/cotedivoire\/politique\/tiken-jah-fakoly-le-jour-ou-jai-ete-interdit-de-sejour-au-senegal","url":"https:\/\/www.africa-press.net\/cotedivoire\/politique\/tiken-jah-fakoly-le-jour-ou-jai-ete-interdit-de-sejour-au-senegal","name":"Tiken Jah Fakoly : \u00ab Le jour o\u00f9 j\u2019ai \u00e9t\u00e9 interdit de s\u00e9jour au S\u00e9n\u00e9gal \u00bb - C\u00f4te d&#039;Ivoire","isPartOf":{"@id":"https:\/\/www.africa-press.net\/cotedivoire\/#website"},"primaryImageOfPage":{"@id":"https:\/\/www.africa-press.net\/cotedivoire\/politique\/tiken-jah-fakoly-le-jour-ou-jai-ete-interdit-de-sejour-au-senegal#primaryimage"},"image":{"@id":"https:\/\/www.africa-press.net\/cotedivoire\/politique\/tiken-jah-fakoly-le-jour-ou-jai-ete-interdit-de-sejour-au-senegal#primaryimage"},"thumbnailUrl":"https:\/\/static.africa-press.net\/cote\/sites\/43\/2021\/05\/img-60afd1ee717dd.jpg","datePublished":"2021-05-27T17:17:15+00:00","dateModified":"2021-05-27T20:54:13+00:00","author":{"@id":"https:\/\/www.africa-press.net\/cotedivoire\/#\/schema\/person\/2b1cf3cd81a31e3cd26889ca66d677f1"},"description":"En 2007, le reggaeman sommait Karim Wade de s\u2019expliquer sur l\u2019utilisation de fonds publics et essuyait les foudres de so ...","breadcrumb":{"@id":"https:\/\/www.africa-press.net\/cotedivoire\/politique\/tiken-jah-fakoly-le-jour-ou-jai-ete-interdit-de-sejour-au-senegal#breadcrumb"},"inLanguage":"fr-FR","potentialAction":[{"@type":"ReadAction","target":["https:\/\/www.africa-press.net\/cotedivoire\/politique\/tiken-jah-fakoly-le-jour-ou-jai-ete-interdit-de-sejour-au-senegal"]}]},{"@type":"ImageObject","inLanguage":"fr-FR","@id":"https:\/\/www.africa-press.net\/cotedivoire\/politique\/tiken-jah-fakoly-le-jour-ou-jai-ete-interdit-de-sejour-au-senegal#primaryimage","url":"https:\/\/static.africa-press.net\/cote\/sites\/43\/2021\/05\/img-60afd1ee717dd.jpg","contentUrl":"https:\/\/static.africa-press.net\/cote\/sites\/43\/2021\/05\/img-60afd1ee717dd.jpg","width":720,"height":360,"caption":"Tiken Jah Fakoly : \u00ab Le jour o\u00f9 j\u2019ai \u00e9t\u00e9 interdit de s\u00e9jour au S\u00e9n\u00e9gal \u00bb"},{"@type":"BreadcrumbList","@id":"https:\/\/www.africa-press.net\/cotedivoire\/politique\/tiken-jah-fakoly-le-jour-ou-jai-ete-interdit-de-sejour-au-senegal#breadcrumb","itemListElement":[{"@type":"ListItem","position":1,"name":"Accueil","item":"https:\/\/www.africa-press.net\/cotedivoire\/"},{"@type":"ListItem","position":2,"name":"Tiken Jah Fakoly : \u00ab Le jour o\u00f9 j\u2019ai \u00e9t\u00e9 interdit de s\u00e9jour au S\u00e9n\u00e9gal \u00bb"}]},{"@type":"WebSite","@id":"https:\/\/www.africa-press.net\/cotedivoire\/#website","url":"https:\/\/www.africa-press.net\/cotedivoire\/","name":"C\u00f4te d&#039;Ivoire","description":"Just another Africa News Agency Sites site","potentialAction":[{"@type":"SearchAction","target":{"@type":"EntryPoint","urlTemplate":"https:\/\/www.africa-press.net\/cotedivoire\/?s={search_term_string}"},"query-input":{"@type":"PropertyValueSpecification","valueRequired":true,"valueName":"search_term_string"}}],"inLanguage":"fr-FR"},{"@type":"Person","@id":"https:\/\/www.africa-press.net\/cotedivoire\/#\/schema\/person\/2b1cf3cd81a31e3cd26889ca66d677f1","name":"cfeditorfr"}]}},"_links":{"self":[{"href":"https:\/\/www.africa-press.net\/cotedivoire\/wp-json\/wp\/v2\/posts\/8223","targetHints":{"allow":["GET"]}}],"collection":[{"href":"https:\/\/www.africa-press.net\/cotedivoire\/wp-json\/wp\/v2\/posts"}],"about":[{"href":"https:\/\/www.africa-press.net\/cotedivoire\/wp-json\/wp\/v2\/types\/post"}],"author":[{"embeddable":true,"href":"https:\/\/www.africa-press.net\/cotedivoire\/wp-json\/wp\/v2\/users\/82"}],"replies":[{"embeddable":true,"href":"https:\/\/www.africa-press.net\/cotedivoire\/wp-json\/wp\/v2\/comments?post=8223"}],"version-history":[{"count":0,"href":"https:\/\/www.africa-press.net\/cotedivoire\/wp-json\/wp\/v2\/posts\/8223\/revisions"}],"wp:featuredmedia":[{"embeddable":true,"href":"https:\/\/www.africa-press.net\/cotedivoire\/wp-json\/wp\/v2\/media\/8222"}],"wp:attachment":[{"href":"https:\/\/www.africa-press.net\/cotedivoire\/wp-json\/wp\/v2\/media?parent=8223"}],"wp:term":[{"taxonomy":"category","embeddable":true,"href":"https:\/\/www.africa-press.net\/cotedivoire\/wp-json\/wp\/v2\/categories?post=8223"},{"taxonomy":"post_tag","embeddable":true,"href":"https:\/\/www.africa-press.net\/cotedivoire\/wp-json\/wp\/v2\/tags?post=8223"}],"curies":[{"name":"wp","href":"https:\/\/api.w.org\/{rel}","templated":true}]}}