{"id":82268,"date":"2024-06-19T14:12:44","date_gmt":"2024-06-19T14:12:44","guid":{"rendered":"https:\/\/www.africa-press.net\/cotedivoire\/politique\/apres-la-can-comite-dorganisation-offre-un-bus-a-la-federation-ivoirienne-de-football-fif"},"modified":"2024-06-19T14:27:59","modified_gmt":"2024-06-19T14:27:59","slug":"apres-la-can-comite-dorganisation-offre-un-bus-a-la-federation-ivoirienne-de-football-fif","status":"publish","type":"post","link":"https:\/\/www.africa-press.net\/cotedivoire\/sports\/apres-la-can-comite-dorganisation-offre-un-bus-a-la-federation-ivoirienne-de-football-fif","title":{"rendered":"Apr\u00e8s la CAN,  Comit\u00e9 d&rsquo;organisation  offre un bus \u00e0 la F\u00e9d\u00e9ration Ivoirienne de Football (FIF)"},"content":{"rendered":"<p><span style=\"color: #ff6600\"><strong>Africa-Press &#8211; C\u00f4te d&rsquo;Ivoire. <\/strong><\/span>Apre\u0300s la Coupe d\u2019Afrique des Nations (CAN) 2023, le comite\u0301 d\u2019organisation pilote\u0301 par Franc\u0327ois Albert Amichia, a offert un bus a\u0300 la Fe\u0301de\u0301ration Ivoirienne de Football (FIF).<\/p>\n<p>La ce\u0301re\u0301monie de remise de l\u2019engin a eu lieu le mardi 18 juin 2024 au sie\u0300ge de la FIF a\u0300 Abidjan-Treichville.<\/p>\n<p>Il s\u2019agit du programme \u00ab He\u0301ritage \u00bb pour l\u2019exploitation des acquis mate\u0301riels et immate\u0301riels de la CAN 2023 qui s\u2019est de\u0301roule\u0301e du 10 janvier au 11 fe\u0301vrier dernier et remporte\u0301e par les e\u0301le\u0301phants de Co\u0302te d\u2019Ivoire.<\/p>\n<p>C\u2019est un bus a\u0300 e\u0301tage de marque Volvo, il est le fruit d\u2019une vision porte\u0301e par la Commission de la Logistique et des Transports bien avant le de\u0301but de la compe\u0301tition.<\/p>\n<p>Le Pre\u0301sident du COCAN, le Ministre Franc\u0327ois Albert Amichia, a rappele\u0301 l\u2019importance de cet he\u0301ritage pour la Co\u0302te d\u2019Ivoire. Il a salue\u0301 le travail accompli par les Commissions du COCAN et a exprime\u0301 sa gratitude envers toutes les parties implique\u0301es, du Gouvernement ivoirien a\u0300 la Fe\u0301de\u0301ration Ivoirienne de Football.<\/p>\n<p>\u00ab Pre\u0301sident Idriss Diallo, vous e\u0302tes un homme heureux. Vous avez toujours dit que l\u2019he\u0301ritier du COCAN est la Fe\u0301de\u0301ration Ivoirienne de Football. Aujourd\u2019hui, l\u2019he\u0301ritage est en place. Gra\u0302ce au COCAN et a\u0300 la Fe\u0301de\u0301ration, la Radio Te\u0301le\u0301vision Ivoirienne dispose de vans pour retransmettre en direct plusieurs e\u0301ve\u0301nements. Cela te\u0301moigne du travail du COCAN, qui ne se limitait pas a\u0300 l\u2019organisation de cette 34e e\u0301dition re\u0301ussie, mais visait e\u0301galement a\u0300 doter la Co\u0302te d\u2019Ivoire d\u2019outils et d\u2019instruments pour son e\u0301mergence \u00bb, a indique\u0301 le Ministre Franc\u0327ois Albert Amichia.<\/p>\n<p>Pour sa part, le Pre\u0301sident de la FIF, M. Yacine Idriss Diallo, a signifie\u0301 que ce nouveau bus est le symbole de l\u2019unite\u0301 et de la victoire ivoirienne. Il a promis que la Fe\u0301de\u0301ration prendrait grand soin de ce bus, symbole d\u2019une Co\u0302te d\u2019Ivoire en mouvement vers de nouveaux succe\u0300s.<\/p>\n<p>\u00ab La notion d\u2019he\u0301ritage est centrale aujourd\u2019hui. Nous parlons de ce magnifique bus a\u0300 double e\u0301tage. Lors de nos re\u0301unions, le pre\u0301sident Amichia insistait sur le fait que tout ce que nous achetions devait e\u0302tre au service de la FIF. Ce bus, arrive\u0301 a\u0300 Korhogo, a e\u0301te\u0301 accueilli avec joie par les joueurs de l\u2019e\u0301quipe nationale. Ce premier he\u0301ritage est une merveille, et nous en prenons possession avec bonheur, convaincus qu\u2019il y aura d\u2019autres biens le\u0301gue\u0301s par le COCAN. Pour nous, c\u2019est l\u2019opportunite\u0301 de ba\u0302tir quelque chose pour le football ivoirien sur le long terme. Le premier bus que nous avons eu, en partenariat avec Puma lors de la qualification pour la Coupe du Monde 2006, a 22 ans, et il e\u0301tait quasi impossible de le remplacer par nous-me\u0302mes. Gra\u0302ce aux moyens de l\u2019E\u0301tat, a\u0300 la volonte\u0301 du pre\u0301sident du COCAN et de l\u2019ensemble du COCAN, nous avons acquis ce nouveau bus, qui restera avec nous pendant de nombreuses anne\u0301es. Monsieur le Pre\u0301sident du COCAN, soyez rassure\u0301, nous prendrons soin de ce bus comme un diamant. Nous allons passer un contrat avec SMT pour la maintenance et trouver les meilleurs conducteurs. Ce bus est un symbole de la Co\u0302te d\u2019Ivoire qui avance, qui gagne, et qui re\u0301ussit \u00bb, a souligne\u0301 le Pre\u0301sident Yacine Idriss Diallo.<\/p>\n<p><strong>Pour plus d&rsquo;informations et d&rsquo;analyses sur la C\u00f4te d&rsquo;Ivoire, suivez Africa-Press<\/strong><\/p>\n","protected":false},"excerpt":{"rendered":"<p>Africa-Press &#8211; C\u00f4te d&rsquo;Ivoire. Apre\u0300s la Coupe d\u2019Afrique des Nations (CAN) 2023, le comite\u0301 d\u2019organisation pilote\u0301 par Franc\u0327ois Albert Amichia, a offert un bus a\u0300 la Fe\u0301de\u0301ration Ivoirienne de Football (FIF). La ce\u0301re\u0301monie de remise de l\u2019engin a eu lieu le mardi 18 juin 2024 au sie\u0300ge de la FIF a\u0300 Abidjan-Treichville. Il s\u2019agit du [&hellip;]<\/p>\n","protected":false},"author":82,"featured_media":82266,"comment_status":"open","ping_status":"closed","sticky":false,"template":"","format":"standard","meta":{"footnotes":""},"categories":[6,10],"tags":[2113,1791,29,526,859,1830,1356,13841],"class_list":["post-82268","post","type-post","status-publish","format-standard","has-post-thumbnail","hentry","category-sports","category-toutes-les-actualites","tag-can-2023","tag-cocan","tag-cote-divoire","tag-elephants","tag-fif","tag-francois-amichia","tag-idriss-diallo","tag-volvo"],"yoast_head":"<!-- This site is optimized with the Yoast SEO Premium plugin v26.1 (Yoast SEO v27.0) - https:\/\/yoast.com\/product\/yoast-seo-premium-wordpress\/ -->\n<title>Apr\u00e8s la CAN, Comit\u00e9 d&#039;organisation offre un bus \u00e0 la F\u00e9d\u00e9ration Ivoirienne de Football (FIF) - C\u00f4te d&#039;Ivoire<\/title>\n<meta name=\"description\" content=\"Apre\u0300s la Coupe d\u2019Afrique des Nations (CAN) 2023, le comite\u0301 d\u2019organisation pilote\u0301 par Franc\u0327ois Albert Amichia, a offe ...\" \/>\n<meta name=\"robots\" content=\"index, follow, max-snippet:-1, max-image-preview:large, max-video-preview:-1\" \/>\n<link rel=\"canonical\" href=\"https:\/\/www.africa-press.net\/cotedivoire\/sports\/apres-la-can-comite-dorganisation-offre-un-bus-a-la-federation-ivoirienne-de-football-fif\" \/>\n<meta property=\"og:locale\" content=\"fr_FR\" \/>\n<meta property=\"og:type\" content=\"article\" \/>\n<meta property=\"og:title\" content=\"Apr\u00e8s la CAN, Comit\u00e9 d&#039;organisation offre un bus \u00e0 la F\u00e9d\u00e9ration Ivoirienne de Football (FIF)\" \/>\n<meta property=\"og:description\" content=\"Apre\u0300s la Coupe d\u2019Afrique des Nations (CAN) 2023, le comite\u0301 d\u2019organisation pilote\u0301 par Franc\u0327ois Albert Amichia, a offe ...\" \/>\n<meta property=\"og:url\" content=\"https:\/\/www.africa-press.net\/cotedivoire\/sports\/apres-la-can-comite-dorganisation-offre-un-bus-a-la-federation-ivoirienne-de-football-fif\" \/>\n<meta property=\"og:site_name\" content=\"C\u00f4te d&#039;Ivoire\" \/>\n<meta property=\"article:published_time\" content=\"2024-06-19T14:12:44+00:00\" \/>\n<meta property=\"article:modified_time\" content=\"2024-06-19T14:27:59+00:00\" \/>\n<meta property=\"og:image\" content=\"https:\/\/static.africa-press.net\/cote\/sites\/43\/2024\/06\/sm_1718794606.902665.jpg\" \/>\n\t<meta property=\"og:image:width\" content=\"720\" \/>\n\t<meta property=\"og:image:height\" content=\"374\" \/>\n\t<meta property=\"og:image:type\" content=\"image\/jpeg\" \/>\n<meta name=\"author\" content=\"cfeditorfr\" \/>\n<meta name=\"twitter:card\" content=\"summary_large_image\" \/>\n<meta name=\"twitter:label1\" content=\"\u00c9crit par\" \/>\n\t<meta name=\"twitter:data1\" content=\"cfeditorfr\" \/>\n\t<meta name=\"twitter:label2\" content=\"Dur\u00e9e de lecture estim\u00e9e\" \/>\n\t<meta name=\"twitter:data2\" content=\"3 minutes\" \/>\n<script type=\"application\/ld+json\" class=\"yoast-schema-graph\">{\"@context\":\"https:\/\/schema.org\",\"@graph\":[{\"@type\":\"Article\",\"@id\":\"https:\/\/www.africa-press.net\/cotedivoire\/sports\/apres-la-can-comite-dorganisation-offre-un-bus-a-la-federation-ivoirienne-de-football-fif#article\",\"isPartOf\":{\"@id\":\"https:\/\/www.africa-press.net\/cotedivoire\/sports\/apres-la-can-comite-dorganisation-offre-un-bus-a-la-federation-ivoirienne-de-football-fif\"},\"author\":{\"name\":\"cfeditorfr\",\"@id\":\"https:\/\/www.africa-press.net\/cotedivoire\/#\/schema\/person\/2b1cf3cd81a31e3cd26889ca66d677f1\"},\"headline\":\"Apr\u00e8s la CAN, Comit\u00e9 d&rsquo;organisation offre un bus \u00e0 la F\u00e9d\u00e9ration Ivoirienne de Football (FIF)\",\"datePublished\":\"2024-06-19T14:12:44+00:00\",\"dateModified\":\"2024-06-19T14:27:59+00:00\",\"mainEntityOfPage\":{\"@id\":\"https:\/\/www.africa-press.net\/cotedivoire\/sports\/apres-la-can-comite-dorganisation-offre-un-bus-a-la-federation-ivoirienne-de-football-fif\"},\"wordCount\":647,\"commentCount\":0,\"image\":{\"@id\":\"https:\/\/www.africa-press.net\/cotedivoire\/sports\/apres-la-can-comite-dorganisation-offre-un-bus-a-la-federation-ivoirienne-de-football-fif#primaryimage\"},\"thumbnailUrl\":\"https:\/\/static.africa-press.net\/cote\/sites\/43\/2024\/06\/sm_1718794606.902665.jpg\",\"keywords\":[\"CAN 2023\",\"COCAN\",\"C\u00d4TE D'IVOIRE\",\"\u00e9l\u00e9phants\",\"FIF\",\"Fran\u00e7ois Amichia\",\"Idriss Diallo\",\"Volvo\"],\"articleSection\":[\"Sports\",\"Toutes les actualit\u00e9s\"],\"inLanguage\":\"fr-FR\",\"potentialAction\":[{\"@type\":\"CommentAction\",\"name\":\"Comment\",\"target\":[\"https:\/\/www.africa-press.net\/cotedivoire\/sports\/apres-la-can-comite-dorganisation-offre-un-bus-a-la-federation-ivoirienne-de-football-fif#respond\"]}]},{\"@type\":\"WebPage\",\"@id\":\"https:\/\/www.africa-press.net\/cotedivoire\/sports\/apres-la-can-comite-dorganisation-offre-un-bus-a-la-federation-ivoirienne-de-football-fif\",\"url\":\"https:\/\/www.africa-press.net\/cotedivoire\/sports\/apres-la-can-comite-dorganisation-offre-un-bus-a-la-federation-ivoirienne-de-football-fif\",\"name\":\"Apr\u00e8s la CAN, Comit\u00e9 d'organisation offre un bus \u00e0 la F\u00e9d\u00e9ration Ivoirienne de Football (FIF) - C\u00f4te d&#039;Ivoire\",\"isPartOf\":{\"@id\":\"https:\/\/www.africa-press.net\/cotedivoire\/#website\"},\"primaryImageOfPage\":{\"@id\":\"https:\/\/www.africa-press.net\/cotedivoire\/sports\/apres-la-can-comite-dorganisation-offre-un-bus-a-la-federation-ivoirienne-de-football-fif#primaryimage\"},\"image\":{\"@id\":\"https:\/\/www.africa-press.net\/cotedivoire\/sports\/apres-la-can-comite-dorganisation-offre-un-bus-a-la-federation-ivoirienne-de-football-fif#primaryimage\"},\"thumbnailUrl\":\"https:\/\/static.africa-press.net\/cote\/sites\/43\/2024\/06\/sm_1718794606.902665.jpg\",\"datePublished\":\"2024-06-19T14:12:44+00:00\",\"dateModified\":\"2024-06-19T14:27:59+00:00\",\"author\":{\"@id\":\"https:\/\/www.africa-press.net\/cotedivoire\/#\/schema\/person\/2b1cf3cd81a31e3cd26889ca66d677f1\"},\"description\":\"Apre\u0300s la Coupe d\u2019Afrique des Nations (CAN) 2023, le comite\u0301 d\u2019organisation pilote\u0301 par Franc\u0327ois Albert Amichia, a offe ...\",\"breadcrumb\":{\"@id\":\"https:\/\/www.africa-press.net\/cotedivoire\/sports\/apres-la-can-comite-dorganisation-offre-un-bus-a-la-federation-ivoirienne-de-football-fif#breadcrumb\"},\"inLanguage\":\"fr-FR\",\"potentialAction\":[{\"@type\":\"ReadAction\",\"target\":[\"https:\/\/www.africa-press.net\/cotedivoire\/sports\/apres-la-can-comite-dorganisation-offre-un-bus-a-la-federation-ivoirienne-de-football-fif\"]}]},{\"@type\":\"ImageObject\",\"inLanguage\":\"fr-FR\",\"@id\":\"https:\/\/www.africa-press.net\/cotedivoire\/sports\/apres-la-can-comite-dorganisation-offre-un-bus-a-la-federation-ivoirienne-de-football-fif#primaryimage\",\"url\":\"https:\/\/static.africa-press.net\/cote\/sites\/43\/2024\/06\/sm_1718794606.902665.jpg\",\"contentUrl\":\"https:\/\/static.africa-press.net\/cote\/sites\/43\/2024\/06\/sm_1718794606.902665.jpg\",\"width\":720,\"height\":374,\"caption\":\"Apr\u00e8s la CAN, Comit\u00e9 d'organisation offre un bus \u00e0 la F\u00e9d\u00e9ration Ivoirienne de Football (FIF)\"},{\"@type\":\"BreadcrumbList\",\"@id\":\"https:\/\/www.africa-press.net\/cotedivoire\/sports\/apres-la-can-comite-dorganisation-offre-un-bus-a-la-federation-ivoirienne-de-football-fif#breadcrumb\",\"itemListElement\":[{\"@type\":\"ListItem\",\"position\":1,\"name\":\"Accueil\",\"item\":\"https:\/\/www.africa-press.net\/cotedivoire\/\"},{\"@type\":\"ListItem\",\"position\":2,\"name\":\"Apr\u00e8s la CAN, Comit\u00e9 d&#8217;organisation offre un bus \u00e0 la F\u00e9d\u00e9ration Ivoirienne de Football (FIF)\"}]},{\"@type\":\"WebSite\",\"@id\":\"https:\/\/www.africa-press.net\/cotedivoire\/#website\",\"url\":\"https:\/\/www.africa-press.net\/cotedivoire\/\",\"name\":\"C\u00f4te d&#039;Ivoire\",\"description\":\"Just another Africa News Agency Sites site\",\"potentialAction\":[{\"@type\":\"SearchAction\",\"target\":{\"@type\":\"EntryPoint\",\"urlTemplate\":\"https:\/\/www.africa-press.net\/cotedivoire\/?s={search_term_string}\"},\"query-input\":{\"@type\":\"PropertyValueSpecification\",\"valueRequired\":true,\"valueName\":\"search_term_string\"}}],\"inLanguage\":\"fr-FR\"},{\"@type\":\"Person\",\"@id\":\"https:\/\/www.africa-press.net\/cotedivoire\/#\/schema\/person\/2b1cf3cd81a31e3cd26889ca66d677f1\",\"name\":\"cfeditorfr\"}]}<\/script>\n<!-- \/ Yoast SEO Premium plugin. -->","yoast_head_json":{"title":"Apr\u00e8s la CAN, Comit\u00e9 d'organisation offre un bus \u00e0 la F\u00e9d\u00e9ration Ivoirienne de Football (FIF) - C\u00f4te d&#039;Ivoire","description":"Apre\u0300s la Coupe d\u2019Afrique des Nations (CAN) 2023, le comite\u0301 d\u2019organisation pilote\u0301 par Franc\u0327ois Albert Amichia, a offe ...","robots":{"index":"index","follow":"follow","max-snippet":"max-snippet:-1","max-image-preview":"max-image-preview:large","max-video-preview":"max-video-preview:-1"},"canonical":"https:\/\/www.africa-press.net\/cotedivoire\/sports\/apres-la-can-comite-dorganisation-offre-un-bus-a-la-federation-ivoirienne-de-football-fif","og_locale":"fr_FR","og_type":"article","og_title":"Apr\u00e8s la CAN, Comit\u00e9 d'organisation offre un bus \u00e0 la F\u00e9d\u00e9ration Ivoirienne de Football (FIF)","og_description":"Apre\u0300s la Coupe d\u2019Afrique des Nations (CAN) 2023, le comite\u0301 d\u2019organisation pilote\u0301 par Franc\u0327ois Albert Amichia, a offe ...","og_url":"https:\/\/www.africa-press.net\/cotedivoire\/sports\/apres-la-can-comite-dorganisation-offre-un-bus-a-la-federation-ivoirienne-de-football-fif","og_site_name":"C\u00f4te d&#039;Ivoire","article_published_time":"2024-06-19T14:12:44+00:00","article_modified_time":"2024-06-19T14:27:59+00:00","og_image":[{"width":720,"height":374,"url":"https:\/\/static.africa-press.net\/cote\/sites\/43\/2024\/06\/sm_1718794606.902665.jpg","type":"image\/jpeg"}],"author":"cfeditorfr","twitter_card":"summary_large_image","twitter_misc":{"\u00c9crit par":"cfeditorfr","Dur\u00e9e de lecture estim\u00e9e":"3 minutes"},"schema":{"@context":"https:\/\/schema.org","@graph":[{"@type":"Article","@id":"https:\/\/www.africa-press.net\/cotedivoire\/sports\/apres-la-can-comite-dorganisation-offre-un-bus-a-la-federation-ivoirienne-de-football-fif#article","isPartOf":{"@id":"https:\/\/www.africa-press.net\/cotedivoire\/sports\/apres-la-can-comite-dorganisation-offre-un-bus-a-la-federation-ivoirienne-de-football-fif"},"author":{"name":"cfeditorfr","@id":"https:\/\/www.africa-press.net\/cotedivoire\/#\/schema\/person\/2b1cf3cd81a31e3cd26889ca66d677f1"},"headline":"Apr\u00e8s la CAN, Comit\u00e9 d&rsquo;organisation offre un bus \u00e0 la F\u00e9d\u00e9ration Ivoirienne de Football (FIF)","datePublished":"2024-06-19T14:12:44+00:00","dateModified":"2024-06-19T14:27:59+00:00","mainEntityOfPage":{"@id":"https:\/\/www.africa-press.net\/cotedivoire\/sports\/apres-la-can-comite-dorganisation-offre-un-bus-a-la-federation-ivoirienne-de-football-fif"},"wordCount":647,"commentCount":0,"image":{"@id":"https:\/\/www.africa-press.net\/cotedivoire\/sports\/apres-la-can-comite-dorganisation-offre-un-bus-a-la-federation-ivoirienne-de-football-fif#primaryimage"},"thumbnailUrl":"https:\/\/static.africa-press.net\/cote\/sites\/43\/2024\/06\/sm_1718794606.902665.jpg","keywords":["CAN 2023","COCAN","C\u00d4TE D'IVOIRE","\u00e9l\u00e9phants","FIF","Fran\u00e7ois Amichia","Idriss Diallo","Volvo"],"articleSection":["Sports","Toutes les actualit\u00e9s"],"inLanguage":"fr-FR","potentialAction":[{"@type":"CommentAction","name":"Comment","target":["https:\/\/www.africa-press.net\/cotedivoire\/sports\/apres-la-can-comite-dorganisation-offre-un-bus-a-la-federation-ivoirienne-de-football-fif#respond"]}]},{"@type":"WebPage","@id":"https:\/\/www.africa-press.net\/cotedivoire\/sports\/apres-la-can-comite-dorganisation-offre-un-bus-a-la-federation-ivoirienne-de-football-fif","url":"https:\/\/www.africa-press.net\/cotedivoire\/sports\/apres-la-can-comite-dorganisation-offre-un-bus-a-la-federation-ivoirienne-de-football-fif","name":"Apr\u00e8s la CAN, Comit\u00e9 d'organisation offre un bus \u00e0 la F\u00e9d\u00e9ration Ivoirienne de Football (FIF) - C\u00f4te d&#039;Ivoire","isPartOf":{"@id":"https:\/\/www.africa-press.net\/cotedivoire\/#website"},"primaryImageOfPage":{"@id":"https:\/\/www.africa-press.net\/cotedivoire\/sports\/apres-la-can-comite-dorganisation-offre-un-bus-a-la-federation-ivoirienne-de-football-fif#primaryimage"},"image":{"@id":"https:\/\/www.africa-press.net\/cotedivoire\/sports\/apres-la-can-comite-dorganisation-offre-un-bus-a-la-federation-ivoirienne-de-football-fif#primaryimage"},"thumbnailUrl":"https:\/\/static.africa-press.net\/cote\/sites\/43\/2024\/06\/sm_1718794606.902665.jpg","datePublished":"2024-06-19T14:12:44+00:00","dateModified":"2024-06-19T14:27:59+00:00","author":{"@id":"https:\/\/www.africa-press.net\/cotedivoire\/#\/schema\/person\/2b1cf3cd81a31e3cd26889ca66d677f1"},"description":"Apre\u0300s la Coupe d\u2019Afrique des Nations (CAN) 2023, le comite\u0301 d\u2019organisation pilote\u0301 par Franc\u0327ois Albert Amichia, a offe ...","breadcrumb":{"@id":"https:\/\/www.africa-press.net\/cotedivoire\/sports\/apres-la-can-comite-dorganisation-offre-un-bus-a-la-federation-ivoirienne-de-football-fif#breadcrumb"},"inLanguage":"fr-FR","potentialAction":[{"@type":"ReadAction","target":["https:\/\/www.africa-press.net\/cotedivoire\/sports\/apres-la-can-comite-dorganisation-offre-un-bus-a-la-federation-ivoirienne-de-football-fif"]}]},{"@type":"ImageObject","inLanguage":"fr-FR","@id":"https:\/\/www.africa-press.net\/cotedivoire\/sports\/apres-la-can-comite-dorganisation-offre-un-bus-a-la-federation-ivoirienne-de-football-fif#primaryimage","url":"https:\/\/static.africa-press.net\/cote\/sites\/43\/2024\/06\/sm_1718794606.902665.jpg","contentUrl":"https:\/\/static.africa-press.net\/cote\/sites\/43\/2024\/06\/sm_1718794606.902665.jpg","width":720,"height":374,"caption":"Apr\u00e8s la CAN, Comit\u00e9 d'organisation offre un bus \u00e0 la F\u00e9d\u00e9ration Ivoirienne de Football (FIF)"},{"@type":"BreadcrumbList","@id":"https:\/\/www.africa-press.net\/cotedivoire\/sports\/apres-la-can-comite-dorganisation-offre-un-bus-a-la-federation-ivoirienne-de-football-fif#breadcrumb","itemListElement":[{"@type":"ListItem","position":1,"name":"Accueil","item":"https:\/\/www.africa-press.net\/cotedivoire\/"},{"@type":"ListItem","position":2,"name":"Apr\u00e8s la CAN, Comit\u00e9 d&#8217;organisation offre un bus \u00e0 la F\u00e9d\u00e9ration Ivoirienne de Football (FIF)"}]},{"@type":"WebSite","@id":"https:\/\/www.africa-press.net\/cotedivoire\/#website","url":"https:\/\/www.africa-press.net\/cotedivoire\/","name":"C\u00f4te d&#039;Ivoire","description":"Just another Africa News Agency Sites site","potentialAction":[{"@type":"SearchAction","target":{"@type":"EntryPoint","urlTemplate":"https:\/\/www.africa-press.net\/cotedivoire\/?s={search_term_string}"},"query-input":{"@type":"PropertyValueSpecification","valueRequired":true,"valueName":"search_term_string"}}],"inLanguage":"fr-FR"},{"@type":"Person","@id":"https:\/\/www.africa-press.net\/cotedivoire\/#\/schema\/person\/2b1cf3cd81a31e3cd26889ca66d677f1","name":"cfeditorfr"}]}},"_links":{"self":[{"href":"https:\/\/www.africa-press.net\/cotedivoire\/wp-json\/wp\/v2\/posts\/82268","targetHints":{"allow":["GET"]}}],"collection":[{"href":"https:\/\/www.africa-press.net\/cotedivoire\/wp-json\/wp\/v2\/posts"}],"about":[{"href":"https:\/\/www.africa-press.net\/cotedivoire\/wp-json\/wp\/v2\/types\/post"}],"author":[{"embeddable":true,"href":"https:\/\/www.africa-press.net\/cotedivoire\/wp-json\/wp\/v2\/users\/82"}],"replies":[{"embeddable":true,"href":"https:\/\/www.africa-press.net\/cotedivoire\/wp-json\/wp\/v2\/comments?post=82268"}],"version-history":[{"count":0,"href":"https:\/\/www.africa-press.net\/cotedivoire\/wp-json\/wp\/v2\/posts\/82268\/revisions"}],"wp:featuredmedia":[{"embeddable":true,"href":"https:\/\/www.africa-press.net\/cotedivoire\/wp-json\/wp\/v2\/media\/82266"}],"wp:attachment":[{"href":"https:\/\/www.africa-press.net\/cotedivoire\/wp-json\/wp\/v2\/media?parent=82268"}],"wp:term":[{"taxonomy":"category","embeddable":true,"href":"https:\/\/www.africa-press.net\/cotedivoire\/wp-json\/wp\/v2\/categories?post=82268"},{"taxonomy":"post_tag","embeddable":true,"href":"https:\/\/www.africa-press.net\/cotedivoire\/wp-json\/wp\/v2\/tags?post=82268"}],"curies":[{"name":"wp","href":"https:\/\/api.w.org\/{rel}","templated":true}]}}