{"id":8232,"date":"2021-05-27T17:42:16","date_gmt":"2021-05-27T17:42:16","guid":{"rendered":"https:\/\/www.africa-press.net\/cotedivoire\/?p=8232"},"modified":"2021-05-27T20:54:42","modified_gmt":"2021-05-27T20:54:42","slug":"cote-divoire-le-pr-le-pm-et-les-pdts-de-lassemblee-et-du-senat-exemptes-de-linterdiction-des-sirenes-et-des-gyrophares","status":"publish","type":"post","link":"https:\/\/www.africa-press.net\/cotedivoire\/politique\/cote-divoire-le-pr-le-pm-et-les-pdts-de-lassemblee-et-du-senat-exemptes-de-linterdiction-des-sirenes-et-des-gyrophares","title":{"rendered":"Le PR, le PM et les pdts de l\u2019Assembl\u00e9e et du S\u00e9nat, exempt\u00e9s de l\u2019interdiction des sir\u00e8nes et des gyrophares"},"content":{"rendered":"<p><span style=\"color: #ff6600\"><strong><a href=\"https:\/\/www.africa-press.net\/\">Africa-Press<\/a> &#8211; <a href=\"https:\/\/www.africa-press.net\/cotedivoire\">C\u00f4te d&rsquo;Ivoire<\/a>.\u00a0 <\/strong><\/span>Le pr\u00e9sident, le Premier ministre, les pr\u00e9sidents de l\u2019Assembl\u00e9e nationale et du S\u00e9nat, sont exempt\u00e9s de l\u2019interdiction de l\u2019utilisation des sir\u00e8nes, des gyrophares et des avertisseurs sp\u00e9ciaux pour les hautes personnalit\u00e9s de l\u2019Etat de C\u00f4te d\u2019Ivoire, fait savoir mercredi, une note de la pr\u00e9sidence \u00e0 l\u2019issue du Conseil des ministres.<\/p>\n<p>\u00ab Le Conseil des ministres a d\u00e9cid\u00e9 de l\u2019interdiction de l\u2019utilisation des sir\u00e8nes, des gyrophares et des avertisseurs sp\u00e9ciaux pour les hautes personnalit\u00e9s de l\u2019Etat \u00e0 l\u2019exception du pr\u00e9sident de la R\u00e9publique, du Premier ministre, des pr\u00e9sidents de l\u2019Assembl\u00e9e nationale et du S\u00e9nat \u00bb, peut-on lire dans la note.<\/p>\n<p>En outre, selon le communiqu\u00e9 de la pr\u00e9sidence, l\u2019interdiction de l\u2019utilisation des sir\u00e8nes, des gyrophares et des avertisseurs sp\u00e9ciaux, n\u2019est pas \u00ab applicable \u00bb au Vice-pr\u00e9sident et \u00ab aux anciens pr\u00e9sidents de la R\u00e9publique qui b\u00e9n\u00e9ficient de mesures sp\u00e9ciales de protection et d\u2019escorte \u00bb.<\/p>\n<p>La note pr\u00e9cise que \u00ab les unit\u00e9s des Forces de d\u00e9fense et de s\u00e9curit\u00e9 en intervention, les sapeurs-pompiers, les ambulances en intervention et les cort\u00e8ges des hautes autorit\u00e9s \u00e9trang\u00e8res en mission officielle sont autoris\u00e9s \u00e0 les utiliser \u00bb.<\/p>\n<p>Cette d\u00e9cision fait suite \u00e0 l\u2019adoption d\u2019un d\u00e9cret en Conseil des ministres mercredi relatif \u00e0 la s\u00e9curit\u00e9 des hautes personnalit\u00e9s et \u00e0 l\u2019utilisation des avertisseurs sp\u00e9ciaux sonores et lumineux.<\/p>\n<p>\u00ab Ce d\u00e9cret adapte le dispositif s\u00e9curitaire des hautes personnalit\u00e9s au contexte actuel de l\u2019av\u00e8nement de nouvelles hautes personnalit\u00e9s dans l\u2019environnement institutionnel de notre pays \u00bb, explique la note.<\/p>\n<p>Lors du dernier Conseil des ministres, le pr\u00e9sident ivoirien Alassane Ouattara a demand\u00e9 \u00e0 ses ministres d\u2019arr\u00eater \u00ab l\u2019utilisation des sir\u00e8nes \u00bb, annon\u00e7ant un d\u00e9cret pour le \u00ab faire savoir \u00bb.<\/p>\n<p>\u00ab J\u2019entends beaucoup de sir\u00e8nes en ville. J\u2019ai demand\u00e9 qu\u2019on arr\u00eate l\u2019utilisation. Je vais prendre un d\u00e9cret pour le faire savoir \u00bb, a-t-il d\u00e9clar\u00e9 \u00e0 l\u2019occasion.<\/p>\n<p>Pour lui, les sir\u00e8nes sont \u00ab source de nuisance pour les populations \u00bb avant d\u2019ajouter \u00ab nous allons les supprimer \u00bb.<\/p>\n<p>&nbsp;<\/p>\n","protected":false},"excerpt":{"rendered":"<p>Africa-Press &#8211; C\u00f4te d&rsquo;Ivoire.\u00a0 Le pr\u00e9sident, le Premier ministre, les pr\u00e9sidents de l\u2019Assembl\u00e9e nationale et du S\u00e9nat, sont exempt\u00e9s de l\u2019interdiction de l\u2019utilisation des sir\u00e8nes, des gyrophares et des avertisseurs sp\u00e9ciaux pour les hautes personnalit\u00e9s de l\u2019Etat de C\u00f4te d\u2019Ivoire, fait savoir mercredi, une note de la pr\u00e9sidence \u00e0 l\u2019issue du Conseil des ministres. \u00ab [&hellip;]<\/p>\n","protected":false},"author":82,"featured_media":8231,"comment_status":"open","ping_status":"closed","sticky":false,"template":"","format":"standard","meta":{"footnotes":""},"categories":[11,2,10],"tags":[56,63,29],"class_list":["post-8232","post","type-post","status-publish","format-standard","has-post-thumbnail","hentry","category-homepage-french","category-politique","category-toutes-les-actualites","tag-africa-press","tag-africa-press-cote-divoire","tag-cote-divoire"],"yoast_head":"<!-- This site is optimized with the Yoast SEO Premium plugin v26.1 (Yoast SEO v27.0) - https:\/\/yoast.com\/product\/yoast-seo-premium-wordpress\/ -->\n<title>Le PR, le PM et les pdts de l\u2019Assembl\u00e9e et du S\u00e9nat, exempt\u00e9s de l\u2019interdiction des sir\u00e8nes et des gyrophares - C\u00f4te d&#039;Ivoire<\/title>\n<meta name=\"description\" content=\"Djamal AKINBOLA Le pr\u00e9sident, le Premier ministre, les pr\u00e9sidents de l\u2019Assembl\u00e9e nationale et du S\u00e9nat, sont exempt\u00e9s d ...\" \/>\n<meta name=\"robots\" content=\"index, follow, max-snippet:-1, max-image-preview:large, max-video-preview:-1\" \/>\n<link rel=\"canonical\" href=\"https:\/\/www.africa-press.net\/cotedivoire\/politique\/cote-divoire-le-pr-le-pm-et-les-pdts-de-lassemblee-et-du-senat-exemptes-de-linterdiction-des-sirenes-et-des-gyrophares\" \/>\n<meta property=\"og:locale\" content=\"fr_FR\" \/>\n<meta property=\"og:type\" content=\"article\" \/>\n<meta property=\"og:title\" content=\"Le PR, le PM et les pdts de l\u2019Assembl\u00e9e et du S\u00e9nat, exempt\u00e9s de l\u2019interdiction des sir\u00e8nes et des gyrophares\" \/>\n<meta property=\"og:description\" content=\"Djamal AKINBOLA Le pr\u00e9sident, le Premier ministre, les pr\u00e9sidents de l\u2019Assembl\u00e9e nationale et du S\u00e9nat, sont exempt\u00e9s d ...\" \/>\n<meta property=\"og:url\" content=\"https:\/\/www.africa-press.net\/cotedivoire\/politique\/cote-divoire-le-pr-le-pm-et-les-pdts-de-lassemblee-et-du-senat-exemptes-de-linterdiction-des-sirenes-et-des-gyrophares\" \/>\n<meta property=\"og:site_name\" content=\"C\u00f4te d&#039;Ivoire\" \/>\n<meta property=\"article:published_time\" content=\"2021-05-27T17:42:16+00:00\" \/>\n<meta property=\"article:modified_time\" content=\"2021-05-27T20:54:42+00:00\" \/>\n<meta property=\"og:image\" content=\"https:\/\/static.africa-press.net\/cote\/sites\/43\/2021\/05\/img-60afd26a1817d.jpg\" \/>\n\t<meta property=\"og:image:width\" content=\"992\" \/>\n\t<meta property=\"og:image:height\" content=\"744\" \/>\n\t<meta property=\"og:image:type\" content=\"image\/jpeg\" \/>\n<meta name=\"author\" content=\"cfeditorfr\" \/>\n<meta name=\"twitter:card\" content=\"summary_large_image\" \/>\n<meta name=\"twitter:label1\" content=\"\u00c9crit par\" \/>\n\t<meta name=\"twitter:data1\" content=\"cfeditorfr\" \/>\n\t<meta name=\"twitter:label2\" content=\"Dur\u00e9e de lecture estim\u00e9e\" \/>\n\t<meta name=\"twitter:data2\" content=\"2 minutes\" \/>\n<script type=\"application\/ld+json\" class=\"yoast-schema-graph\">{\"@context\":\"https:\/\/schema.org\",\"@graph\":[{\"@type\":\"Article\",\"@id\":\"https:\/\/www.africa-press.net\/cotedivoire\/politique\/cote-divoire-le-pr-le-pm-et-les-pdts-de-lassemblee-et-du-senat-exemptes-de-linterdiction-des-sirenes-et-des-gyrophares#article\",\"isPartOf\":{\"@id\":\"https:\/\/www.africa-press.net\/cotedivoire\/politique\/cote-divoire-le-pr-le-pm-et-les-pdts-de-lassemblee-et-du-senat-exemptes-de-linterdiction-des-sirenes-et-des-gyrophares\"},\"author\":{\"name\":\"cfeditorfr\",\"@id\":\"https:\/\/www.africa-press.net\/cotedivoire\/#\/schema\/person\/2b1cf3cd81a31e3cd26889ca66d677f1\"},\"headline\":\"Le PR, le PM et les pdts de l\u2019Assembl\u00e9e et du S\u00e9nat, exempt\u00e9s de l\u2019interdiction des sir\u00e8nes et des gyrophares\",\"datePublished\":\"2021-05-27T17:42:16+00:00\",\"dateModified\":\"2021-05-27T20:54:42+00:00\",\"mainEntityOfPage\":{\"@id\":\"https:\/\/www.africa-press.net\/cotedivoire\/politique\/cote-divoire-le-pr-le-pm-et-les-pdts-de-lassemblee-et-du-senat-exemptes-de-linterdiction-des-sirenes-et-des-gyrophares\"},\"wordCount\":406,\"commentCount\":0,\"image\":{\"@id\":\"https:\/\/www.africa-press.net\/cotedivoire\/politique\/cote-divoire-le-pr-le-pm-et-les-pdts-de-lassemblee-et-du-senat-exemptes-de-linterdiction-des-sirenes-et-des-gyrophares#primaryimage\"},\"thumbnailUrl\":\"https:\/\/static.africa-press.net\/cote\/sites\/43\/2021\/05\/img-60afd26a1817d.jpg\",\"keywords\":[\"Africa Press\",\"Africa Press-C\u00f4te d'Ivoire\",\"C\u00d4TE D'IVOIRE\"],\"articleSection\":[\"homepage-french\",\"Politique\",\"Toutes les actualit\u00e9s\"],\"inLanguage\":\"fr-FR\",\"potentialAction\":[{\"@type\":\"CommentAction\",\"name\":\"Comment\",\"target\":[\"https:\/\/www.africa-press.net\/cotedivoire\/politique\/cote-divoire-le-pr-le-pm-et-les-pdts-de-lassemblee-et-du-senat-exemptes-de-linterdiction-des-sirenes-et-des-gyrophares#respond\"]}]},{\"@type\":\"WebPage\",\"@id\":\"https:\/\/www.africa-press.net\/cotedivoire\/politique\/cote-divoire-le-pr-le-pm-et-les-pdts-de-lassemblee-et-du-senat-exemptes-de-linterdiction-des-sirenes-et-des-gyrophares\",\"url\":\"https:\/\/www.africa-press.net\/cotedivoire\/politique\/cote-divoire-le-pr-le-pm-et-les-pdts-de-lassemblee-et-du-senat-exemptes-de-linterdiction-des-sirenes-et-des-gyrophares\",\"name\":\"Le PR, le PM et les pdts de l\u2019Assembl\u00e9e et du S\u00e9nat, exempt\u00e9s de l\u2019interdiction des sir\u00e8nes et des gyrophares - C\u00f4te d&#039;Ivoire\",\"isPartOf\":{\"@id\":\"https:\/\/www.africa-press.net\/cotedivoire\/#website\"},\"primaryImageOfPage\":{\"@id\":\"https:\/\/www.africa-press.net\/cotedivoire\/politique\/cote-divoire-le-pr-le-pm-et-les-pdts-de-lassemblee-et-du-senat-exemptes-de-linterdiction-des-sirenes-et-des-gyrophares#primaryimage\"},\"image\":{\"@id\":\"https:\/\/www.africa-press.net\/cotedivoire\/politique\/cote-divoire-le-pr-le-pm-et-les-pdts-de-lassemblee-et-du-senat-exemptes-de-linterdiction-des-sirenes-et-des-gyrophares#primaryimage\"},\"thumbnailUrl\":\"https:\/\/static.africa-press.net\/cote\/sites\/43\/2021\/05\/img-60afd26a1817d.jpg\",\"datePublished\":\"2021-05-27T17:42:16+00:00\",\"dateModified\":\"2021-05-27T20:54:42+00:00\",\"author\":{\"@id\":\"https:\/\/www.africa-press.net\/cotedivoire\/#\/schema\/person\/2b1cf3cd81a31e3cd26889ca66d677f1\"},\"description\":\"Djamal AKINBOLA Le pr\u00e9sident, le Premier ministre, les pr\u00e9sidents de l\u2019Assembl\u00e9e nationale et du S\u00e9nat, sont exempt\u00e9s d ...\",\"breadcrumb\":{\"@id\":\"https:\/\/www.africa-press.net\/cotedivoire\/politique\/cote-divoire-le-pr-le-pm-et-les-pdts-de-lassemblee-et-du-senat-exemptes-de-linterdiction-des-sirenes-et-des-gyrophares#breadcrumb\"},\"inLanguage\":\"fr-FR\",\"potentialAction\":[{\"@type\":\"ReadAction\",\"target\":[\"https:\/\/www.africa-press.net\/cotedivoire\/politique\/cote-divoire-le-pr-le-pm-et-les-pdts-de-lassemblee-et-du-senat-exemptes-de-linterdiction-des-sirenes-et-des-gyrophares\"]}]},{\"@type\":\"ImageObject\",\"inLanguage\":\"fr-FR\",\"@id\":\"https:\/\/www.africa-press.net\/cotedivoire\/politique\/cote-divoire-le-pr-le-pm-et-les-pdts-de-lassemblee-et-du-senat-exemptes-de-linterdiction-des-sirenes-et-des-gyrophares#primaryimage\",\"url\":\"https:\/\/static.africa-press.net\/cote\/sites\/43\/2021\/05\/img-60afd26a1817d.jpg\",\"contentUrl\":\"https:\/\/static.africa-press.net\/cote\/sites\/43\/2021\/05\/img-60afd26a1817d.jpg\",\"width\":992,\"height\":744,\"caption\":\"C\u00f4te d\u2019Ivoire: Le PR, le PM et les pdts de l\u2019Assembl\u00e9e et du S\u00e9nat, exempt\u00e9s de l\u2019interdiction des sir\u00e8nes et des gyrophares\"},{\"@type\":\"BreadcrumbList\",\"@id\":\"https:\/\/www.africa-press.net\/cotedivoire\/politique\/cote-divoire-le-pr-le-pm-et-les-pdts-de-lassemblee-et-du-senat-exemptes-de-linterdiction-des-sirenes-et-des-gyrophares#breadcrumb\",\"itemListElement\":[{\"@type\":\"ListItem\",\"position\":1,\"name\":\"Accueil\",\"item\":\"https:\/\/www.africa-press.net\/cotedivoire\/\"},{\"@type\":\"ListItem\",\"position\":2,\"name\":\"Le PR, le PM et les pdts de l\u2019Assembl\u00e9e et du S\u00e9nat, exempt\u00e9s de l\u2019interdiction des sir\u00e8nes et des gyrophares\"}]},{\"@type\":\"WebSite\",\"@id\":\"https:\/\/www.africa-press.net\/cotedivoire\/#website\",\"url\":\"https:\/\/www.africa-press.net\/cotedivoire\/\",\"name\":\"C\u00f4te d&#039;Ivoire\",\"description\":\"Just another Africa News Agency Sites site\",\"potentialAction\":[{\"@type\":\"SearchAction\",\"target\":{\"@type\":\"EntryPoint\",\"urlTemplate\":\"https:\/\/www.africa-press.net\/cotedivoire\/?s={search_term_string}\"},\"query-input\":{\"@type\":\"PropertyValueSpecification\",\"valueRequired\":true,\"valueName\":\"search_term_string\"}}],\"inLanguage\":\"fr-FR\"},{\"@type\":\"Person\",\"@id\":\"https:\/\/www.africa-press.net\/cotedivoire\/#\/schema\/person\/2b1cf3cd81a31e3cd26889ca66d677f1\",\"name\":\"cfeditorfr\"}]}<\/script>\n<!-- \/ Yoast SEO Premium plugin. -->","yoast_head_json":{"title":"Le PR, le PM et les pdts de l\u2019Assembl\u00e9e et du S\u00e9nat, exempt\u00e9s de l\u2019interdiction des sir\u00e8nes et des gyrophares - C\u00f4te d&#039;Ivoire","description":"Djamal AKINBOLA Le pr\u00e9sident, le Premier ministre, les pr\u00e9sidents de l\u2019Assembl\u00e9e nationale et du S\u00e9nat, sont exempt\u00e9s d ...","robots":{"index":"index","follow":"follow","max-snippet":"max-snippet:-1","max-image-preview":"max-image-preview:large","max-video-preview":"max-video-preview:-1"},"canonical":"https:\/\/www.africa-press.net\/cotedivoire\/politique\/cote-divoire-le-pr-le-pm-et-les-pdts-de-lassemblee-et-du-senat-exemptes-de-linterdiction-des-sirenes-et-des-gyrophares","og_locale":"fr_FR","og_type":"article","og_title":"Le PR, le PM et les pdts de l\u2019Assembl\u00e9e et du S\u00e9nat, exempt\u00e9s de l\u2019interdiction des sir\u00e8nes et des gyrophares","og_description":"Djamal AKINBOLA Le pr\u00e9sident, le Premier ministre, les pr\u00e9sidents de l\u2019Assembl\u00e9e nationale et du S\u00e9nat, sont exempt\u00e9s d ...","og_url":"https:\/\/www.africa-press.net\/cotedivoire\/politique\/cote-divoire-le-pr-le-pm-et-les-pdts-de-lassemblee-et-du-senat-exemptes-de-linterdiction-des-sirenes-et-des-gyrophares","og_site_name":"C\u00f4te d&#039;Ivoire","article_published_time":"2021-05-27T17:42:16+00:00","article_modified_time":"2021-05-27T20:54:42+00:00","og_image":[{"width":992,"height":744,"url":"https:\/\/static.africa-press.net\/cote\/sites\/43\/2021\/05\/img-60afd26a1817d.jpg","type":"image\/jpeg"}],"author":"cfeditorfr","twitter_card":"summary_large_image","twitter_misc":{"\u00c9crit par":"cfeditorfr","Dur\u00e9e de lecture estim\u00e9e":"2 minutes"},"schema":{"@context":"https:\/\/schema.org","@graph":[{"@type":"Article","@id":"https:\/\/www.africa-press.net\/cotedivoire\/politique\/cote-divoire-le-pr-le-pm-et-les-pdts-de-lassemblee-et-du-senat-exemptes-de-linterdiction-des-sirenes-et-des-gyrophares#article","isPartOf":{"@id":"https:\/\/www.africa-press.net\/cotedivoire\/politique\/cote-divoire-le-pr-le-pm-et-les-pdts-de-lassemblee-et-du-senat-exemptes-de-linterdiction-des-sirenes-et-des-gyrophares"},"author":{"name":"cfeditorfr","@id":"https:\/\/www.africa-press.net\/cotedivoire\/#\/schema\/person\/2b1cf3cd81a31e3cd26889ca66d677f1"},"headline":"Le PR, le PM et les pdts de l\u2019Assembl\u00e9e et du S\u00e9nat, exempt\u00e9s de l\u2019interdiction des sir\u00e8nes et des gyrophares","datePublished":"2021-05-27T17:42:16+00:00","dateModified":"2021-05-27T20:54:42+00:00","mainEntityOfPage":{"@id":"https:\/\/www.africa-press.net\/cotedivoire\/politique\/cote-divoire-le-pr-le-pm-et-les-pdts-de-lassemblee-et-du-senat-exemptes-de-linterdiction-des-sirenes-et-des-gyrophares"},"wordCount":406,"commentCount":0,"image":{"@id":"https:\/\/www.africa-press.net\/cotedivoire\/politique\/cote-divoire-le-pr-le-pm-et-les-pdts-de-lassemblee-et-du-senat-exemptes-de-linterdiction-des-sirenes-et-des-gyrophares#primaryimage"},"thumbnailUrl":"https:\/\/static.africa-press.net\/cote\/sites\/43\/2021\/05\/img-60afd26a1817d.jpg","keywords":["Africa Press","Africa Press-C\u00f4te d'Ivoire","C\u00d4TE D'IVOIRE"],"articleSection":["homepage-french","Politique","Toutes les actualit\u00e9s"],"inLanguage":"fr-FR","potentialAction":[{"@type":"CommentAction","name":"Comment","target":["https:\/\/www.africa-press.net\/cotedivoire\/politique\/cote-divoire-le-pr-le-pm-et-les-pdts-de-lassemblee-et-du-senat-exemptes-de-linterdiction-des-sirenes-et-des-gyrophares#respond"]}]},{"@type":"WebPage","@id":"https:\/\/www.africa-press.net\/cotedivoire\/politique\/cote-divoire-le-pr-le-pm-et-les-pdts-de-lassemblee-et-du-senat-exemptes-de-linterdiction-des-sirenes-et-des-gyrophares","url":"https:\/\/www.africa-press.net\/cotedivoire\/politique\/cote-divoire-le-pr-le-pm-et-les-pdts-de-lassemblee-et-du-senat-exemptes-de-linterdiction-des-sirenes-et-des-gyrophares","name":"Le PR, le PM et les pdts de l\u2019Assembl\u00e9e et du S\u00e9nat, exempt\u00e9s de l\u2019interdiction des sir\u00e8nes et des gyrophares - C\u00f4te d&#039;Ivoire","isPartOf":{"@id":"https:\/\/www.africa-press.net\/cotedivoire\/#website"},"primaryImageOfPage":{"@id":"https:\/\/www.africa-press.net\/cotedivoire\/politique\/cote-divoire-le-pr-le-pm-et-les-pdts-de-lassemblee-et-du-senat-exemptes-de-linterdiction-des-sirenes-et-des-gyrophares#primaryimage"},"image":{"@id":"https:\/\/www.africa-press.net\/cotedivoire\/politique\/cote-divoire-le-pr-le-pm-et-les-pdts-de-lassemblee-et-du-senat-exemptes-de-linterdiction-des-sirenes-et-des-gyrophares#primaryimage"},"thumbnailUrl":"https:\/\/static.africa-press.net\/cote\/sites\/43\/2021\/05\/img-60afd26a1817d.jpg","datePublished":"2021-05-27T17:42:16+00:00","dateModified":"2021-05-27T20:54:42+00:00","author":{"@id":"https:\/\/www.africa-press.net\/cotedivoire\/#\/schema\/person\/2b1cf3cd81a31e3cd26889ca66d677f1"},"description":"Djamal AKINBOLA Le pr\u00e9sident, le Premier ministre, les pr\u00e9sidents de l\u2019Assembl\u00e9e nationale et du S\u00e9nat, sont exempt\u00e9s d ...","breadcrumb":{"@id":"https:\/\/www.africa-press.net\/cotedivoire\/politique\/cote-divoire-le-pr-le-pm-et-les-pdts-de-lassemblee-et-du-senat-exemptes-de-linterdiction-des-sirenes-et-des-gyrophares#breadcrumb"},"inLanguage":"fr-FR","potentialAction":[{"@type":"ReadAction","target":["https:\/\/www.africa-press.net\/cotedivoire\/politique\/cote-divoire-le-pr-le-pm-et-les-pdts-de-lassemblee-et-du-senat-exemptes-de-linterdiction-des-sirenes-et-des-gyrophares"]}]},{"@type":"ImageObject","inLanguage":"fr-FR","@id":"https:\/\/www.africa-press.net\/cotedivoire\/politique\/cote-divoire-le-pr-le-pm-et-les-pdts-de-lassemblee-et-du-senat-exemptes-de-linterdiction-des-sirenes-et-des-gyrophares#primaryimage","url":"https:\/\/static.africa-press.net\/cote\/sites\/43\/2021\/05\/img-60afd26a1817d.jpg","contentUrl":"https:\/\/static.africa-press.net\/cote\/sites\/43\/2021\/05\/img-60afd26a1817d.jpg","width":992,"height":744,"caption":"C\u00f4te d\u2019Ivoire: Le PR, le PM et les pdts de l\u2019Assembl\u00e9e et du S\u00e9nat, exempt\u00e9s de l\u2019interdiction des sir\u00e8nes et des gyrophares"},{"@type":"BreadcrumbList","@id":"https:\/\/www.africa-press.net\/cotedivoire\/politique\/cote-divoire-le-pr-le-pm-et-les-pdts-de-lassemblee-et-du-senat-exemptes-de-linterdiction-des-sirenes-et-des-gyrophares#breadcrumb","itemListElement":[{"@type":"ListItem","position":1,"name":"Accueil","item":"https:\/\/www.africa-press.net\/cotedivoire\/"},{"@type":"ListItem","position":2,"name":"Le PR, le PM et les pdts de l\u2019Assembl\u00e9e et du S\u00e9nat, exempt\u00e9s de l\u2019interdiction des sir\u00e8nes et des gyrophares"}]},{"@type":"WebSite","@id":"https:\/\/www.africa-press.net\/cotedivoire\/#website","url":"https:\/\/www.africa-press.net\/cotedivoire\/","name":"C\u00f4te d&#039;Ivoire","description":"Just another Africa News Agency Sites site","potentialAction":[{"@type":"SearchAction","target":{"@type":"EntryPoint","urlTemplate":"https:\/\/www.africa-press.net\/cotedivoire\/?s={search_term_string}"},"query-input":{"@type":"PropertyValueSpecification","valueRequired":true,"valueName":"search_term_string"}}],"inLanguage":"fr-FR"},{"@type":"Person","@id":"https:\/\/www.africa-press.net\/cotedivoire\/#\/schema\/person\/2b1cf3cd81a31e3cd26889ca66d677f1","name":"cfeditorfr"}]}},"_links":{"self":[{"href":"https:\/\/www.africa-press.net\/cotedivoire\/wp-json\/wp\/v2\/posts\/8232","targetHints":{"allow":["GET"]}}],"collection":[{"href":"https:\/\/www.africa-press.net\/cotedivoire\/wp-json\/wp\/v2\/posts"}],"about":[{"href":"https:\/\/www.africa-press.net\/cotedivoire\/wp-json\/wp\/v2\/types\/post"}],"author":[{"embeddable":true,"href":"https:\/\/www.africa-press.net\/cotedivoire\/wp-json\/wp\/v2\/users\/82"}],"replies":[{"embeddable":true,"href":"https:\/\/www.africa-press.net\/cotedivoire\/wp-json\/wp\/v2\/comments?post=8232"}],"version-history":[{"count":0,"href":"https:\/\/www.africa-press.net\/cotedivoire\/wp-json\/wp\/v2\/posts\/8232\/revisions"}],"wp:featuredmedia":[{"embeddable":true,"href":"https:\/\/www.africa-press.net\/cotedivoire\/wp-json\/wp\/v2\/media\/8231"}],"wp:attachment":[{"href":"https:\/\/www.africa-press.net\/cotedivoire\/wp-json\/wp\/v2\/media?parent=8232"}],"wp:term":[{"taxonomy":"category","embeddable":true,"href":"https:\/\/www.africa-press.net\/cotedivoire\/wp-json\/wp\/v2\/categories?post=8232"},{"taxonomy":"post_tag","embeddable":true,"href":"https:\/\/www.africa-press.net\/cotedivoire\/wp-json\/wp\/v2\/tags?post=8232"}],"curies":[{"name":"wp","href":"https:\/\/api.w.org\/{rel}","templated":true}]}}