{"id":8235,"date":"2021-05-27T17:46:53","date_gmt":"2021-05-27T17:46:53","guid":{"rendered":"https:\/\/www.africa-press.net\/cotedivoire\/?p=8235"},"modified":"2021-05-27T20:54:52","modified_gmt":"2021-05-27T20:54:52","slug":"cote-divoire-pulcherie-gbalet-confirme-le-soutien-financier-de-soro","status":"publish","type":"post","link":"https:\/\/www.africa-press.net\/cotedivoire\/politique\/cote-divoire-pulcherie-gbalet-confirme-le-soutien-financier-de-soro","title":{"rendered":"Pulch\u00e9rie Gbalet confirme le soutien financier de Soro"},"content":{"rendered":"<p><span style=\"color: #ff6600\"><strong><a href=\"https:\/\/www.africa-press.net\/\">Africa-Press<\/a> &#8211; <a href=\"https:\/\/www.africa-press.net\/cotedivoire\">C\u00f4te d&rsquo;Ivoire<\/a>. <\/strong><\/span>On va recadrer les choses. C\u2019est El Hadj Mamadou Traor\u00e9, cadre de GPS qui a assist\u00e9 \u00e0 la rencontre qui rend compte, avec cette photo en appui. Voici ce qu\u2019il \u00e9crit sur sa page : \u00ab Dans l\u2019impossibilit\u00e9 de se rendre personnellement en Europe pour rencontrer Guillaume Soro, parce qu\u2019emp\u00each\u00e9e de sortir du pays, elle est venue traduire \u00e0 la d\u00e9l\u00e9gation GPS de C\u00f4te d\u2019Ivoire son remerciement au leader de ce mouvement citoyen.<\/p>\n<p>Remerciements par rapport \u00e0 l\u2019assistance qu\u2019elle a re\u00e7ue de la part de Guillaume Soro pendant son s\u00e9jour carc\u00e9ral. En effet, suite \u00e0 son arrestation, sans la conna\u00eetre, Guillaume Soro lui a apport\u00e9, dans les premiers instants de son incarc\u00e9ration, la somme de 400.000f et a apport\u00e9 \u00e0 sa famille la somme de 150.000f. Et il a \u00e9t\u00e9 constant avec cette somme \u00e0 l\u2019endroit de sa famille chaque fin du mois jusqu\u2019\u00e0 ce qu\u2019elle sorte de la prison. Sans oublier ce qu\u2019il lui apportait comme assistance financi\u00e8re en prison. Il a \u00e9t\u00e9 d\u2019ailleurs le plus constant de ses soutiens selon elle \u00bb.Voici la \u00ab rectification \u00bb de Pulch\u00e9rie Gbalet partag\u00e9e sur sa page : \u00abLa Pr\u00e9sidente de l\u2019Alternative Citoyenne Ivoirienne \u2013 ACI, Pulcherie Gbalet dit avoir re\u00e7u, de la part de l\u2019ancien Premier Ministre Soro Guillaume : une seule fois la somme de 400 mille francs CFA dans le mois d\u2019Ao\u00fbt, ensuite 150 mille francs CFA par mois \u00e0 sa famille durant toute la p\u00e9riode de sa d\u00e9tention. Toute information contraire n\u2019est que de l\u2019imagination \u00bb.<\/p>\n<p>Mon commentaire : en quoi, cette \u00ab rectification \u00bb est diff\u00e9rente de l\u2019information donn\u00e9e par Mamadou Traor\u00e9 et reprise par Afriksoir ? Cette \u00ab rectification \u00bb n\u2019est donc rien d\u2019autre que la confirmation que Guillaume Soro a accord\u00e9 un soutien financier de 400 000 FCFA \u00e0 Pulch\u00e9rie Gbalet et de 150 000 FCFA par mois \u00e0 sa famille, jusqu\u2019\u00e0 sa lib\u00e9ration. En twittant le texte de Mamadou Traor\u00e9, notre intention n\u2019\u00e9tait pas de d\u00e9noncer un quelconque soutien, vu qu\u2019elle \u00e9tait en prison et avait justement besoin de soutien. Mais nous n\u2019accepterons pas qu\u2019on veuille faire croire que nous avons dit autre chose que ce que les deux parties disent et confirment.<\/p>\n<p>En clair, il faut comprendre par-l\u00e0 que la r\u00e9v\u00e9lation du cadre de GPS, qui, en sa qualit\u00e9 de politique, a voulu montrer que son patron n\u2019est pas l\u2019ingrat qui abandonne ses proches en prison (\u00e9tant donn\u00e9 qu\u2019elle n\u2019est pas une militante de son parti) g\u00eane Pulch\u00e9rie Gbalet. C\u2019est cela la v\u00e9rit\u00e9 mais nous n\u2019avons pas \u00e0 g\u00e9rer \u00e7a. Puisque cela d\u00e9montre clairement qu\u2019elle a b\u00e9n\u00e9fici\u00e9 du financement d\u2019un adversaire coriace du RHDP. Mais on peut comprendre qu\u2019elle se sente mal \u00e0 l\u2019aise, face \u00e0 d\u2019autres soutiens \u00e9ventuels, puisque le cadre de GPS a aussi dit qu\u2019elle a d\u00e9clar\u00e9 que l\u2019ancien pr\u00e9sident de l\u2019Assembl\u00e9e nationale a \u00e9t\u00e9 \u00ab le plus constant de ses soutiens \u00bb. Toute chose que sa \u00ab rectification \u00bb a bien pris soin d\u2019ignorer. On peut aussi comprendre qu\u2019elle soit g\u00ean\u00e9e par le fait qu\u2019un tel geste soit \u00e9tal\u00e9 sur la place publique, non pas, par des journalistes, mais par un cadre qui a assist\u00e9 \u00e0 l\u2019audience, mais de l\u00e0 \u00e0 faire croire que le site Afriksoir a dit autre chose, rel\u00e8ve quand m\u00eame du cocasse. Parce que je r\u00e9p\u00e8te : le d\u00e9menti ne fait que, reprendre mot pour mot, les r\u00e9v\u00e9lations de Mamadou Traor\u00e9 sur le soutien financier de Guillaume Soro \u00e0 Pulch\u00e9rie Gbalet et \u00e0 sa famille, lesquelles r\u00e9v\u00e9lations ont \u00e9t\u00e9 reprises par le site, sans retrait, ni ajout d\u2019une seule virgule. Sachons discipliner nos rectifications-confirmations. Voir moins.<\/p>\n<p>&nbsp;<\/p>\n","protected":false},"excerpt":{"rendered":"<p>Africa-Press &#8211; C\u00f4te d&rsquo;Ivoire. On va recadrer les choses. C\u2019est El Hadj Mamadou Traor\u00e9, cadre de GPS qui a assist\u00e9 \u00e0 la rencontre qui rend compte, avec cette photo en appui. Voici ce qu\u2019il \u00e9crit sur sa page : \u00ab Dans l\u2019impossibilit\u00e9 de se rendre personnellement en Europe pour rencontrer Guillaume Soro, parce qu\u2019emp\u00each\u00e9e de [&hellip;]<\/p>\n","protected":false},"author":82,"featured_media":8234,"comment_status":"open","ping_status":"closed","sticky":false,"template":"","format":"standard","meta":{"footnotes":""},"categories":[11,2,10],"tags":[56,63,29],"class_list":["post-8235","post","type-post","status-publish","format-standard","has-post-thumbnail","hentry","category-homepage-french","category-politique","category-toutes-les-actualites","tag-africa-press","tag-africa-press-cote-divoire","tag-cote-divoire"],"yoast_head":"<!-- This site is optimized with the Yoast SEO Premium plugin v26.1 (Yoast SEO v27.0) - https:\/\/yoast.com\/product\/yoast-seo-premium-wordpress\/ -->\n<title>Pulch\u00e9rie Gbalet confirme le soutien financier de Soro - C\u00f4te d&#039;Ivoire<\/title>\n<meta name=\"description\" content=\"On va recadrer les choses. C\u2019est El Hadj Mamadou Traor\u00e9, cadre de GPS qui a assist\u00e9 \u00e0 la rencontre qui rend compte, avec ...\" \/>\n<meta name=\"robots\" content=\"index, follow, max-snippet:-1, max-image-preview:large, max-video-preview:-1\" \/>\n<link rel=\"canonical\" href=\"https:\/\/www.africa-press.net\/cotedivoire\/politique\/cote-divoire-pulcherie-gbalet-confirme-le-soutien-financier-de-soro\" \/>\n<meta property=\"og:locale\" content=\"fr_FR\" \/>\n<meta property=\"og:type\" content=\"article\" \/>\n<meta property=\"og:title\" content=\"Pulch\u00e9rie Gbalet confirme le soutien financier de Soro\" \/>\n<meta property=\"og:description\" content=\"On va recadrer les choses. C\u2019est El Hadj Mamadou Traor\u00e9, cadre de GPS qui a assist\u00e9 \u00e0 la rencontre qui rend compte, avec ...\" \/>\n<meta property=\"og:url\" content=\"https:\/\/www.africa-press.net\/cotedivoire\/politique\/cote-divoire-pulcherie-gbalet-confirme-le-soutien-financier-de-soro\" \/>\n<meta property=\"og:site_name\" content=\"C\u00f4te d&#039;Ivoire\" \/>\n<meta property=\"article:published_time\" content=\"2021-05-27T17:46:53+00:00\" \/>\n<meta property=\"article:modified_time\" content=\"2021-05-27T20:54:52+00:00\" \/>\n<meta property=\"og:image\" content=\"https:\/\/static.africa-press.net\/cote\/sites\/43\/2021\/05\/img-60afd28fe921f.jpg\" \/>\n\t<meta property=\"og:image:width\" content=\"720\" \/>\n\t<meta property=\"og:image:height\" content=\"561\" \/>\n\t<meta property=\"og:image:type\" content=\"image\/jpeg\" \/>\n<meta name=\"author\" content=\"cfeditorfr\" \/>\n<meta name=\"twitter:card\" content=\"summary_large_image\" \/>\n<meta name=\"twitter:label1\" content=\"\u00c9crit par\" \/>\n\t<meta name=\"twitter:data1\" content=\"cfeditorfr\" \/>\n\t<meta name=\"twitter:label2\" content=\"Dur\u00e9e de lecture estim\u00e9e\" \/>\n\t<meta name=\"twitter:data2\" content=\"3 minutes\" \/>\n<script type=\"application\/ld+json\" class=\"yoast-schema-graph\">{\"@context\":\"https:\/\/schema.org\",\"@graph\":[{\"@type\":\"Article\",\"@id\":\"https:\/\/www.africa-press.net\/cotedivoire\/politique\/cote-divoire-pulcherie-gbalet-confirme-le-soutien-financier-de-soro#article\",\"isPartOf\":{\"@id\":\"https:\/\/www.africa-press.net\/cotedivoire\/politique\/cote-divoire-pulcherie-gbalet-confirme-le-soutien-financier-de-soro\"},\"author\":{\"name\":\"cfeditorfr\",\"@id\":\"https:\/\/www.africa-press.net\/cotedivoire\/#\/schema\/person\/2b1cf3cd81a31e3cd26889ca66d677f1\"},\"headline\":\"Pulch\u00e9rie Gbalet confirme le soutien financier de Soro\",\"datePublished\":\"2021-05-27T17:46:53+00:00\",\"dateModified\":\"2021-05-27T20:54:52+00:00\",\"mainEntityOfPage\":{\"@id\":\"https:\/\/www.africa-press.net\/cotedivoire\/politique\/cote-divoire-pulcherie-gbalet-confirme-le-soutien-financier-de-soro\"},\"wordCount\":655,\"commentCount\":0,\"image\":{\"@id\":\"https:\/\/www.africa-press.net\/cotedivoire\/politique\/cote-divoire-pulcherie-gbalet-confirme-le-soutien-financier-de-soro#primaryimage\"},\"thumbnailUrl\":\"https:\/\/static.africa-press.net\/cote\/sites\/43\/2021\/05\/img-60afd28fe921f.jpg\",\"keywords\":[\"Africa Press\",\"Africa Press-C\u00f4te d'Ivoire\",\"C\u00d4TE D'IVOIRE\"],\"articleSection\":[\"homepage-french\",\"Politique\",\"Toutes les actualit\u00e9s\"],\"inLanguage\":\"fr-FR\",\"potentialAction\":[{\"@type\":\"CommentAction\",\"name\":\"Comment\",\"target\":[\"https:\/\/www.africa-press.net\/cotedivoire\/politique\/cote-divoire-pulcherie-gbalet-confirme-le-soutien-financier-de-soro#respond\"]}]},{\"@type\":\"WebPage\",\"@id\":\"https:\/\/www.africa-press.net\/cotedivoire\/politique\/cote-divoire-pulcherie-gbalet-confirme-le-soutien-financier-de-soro\",\"url\":\"https:\/\/www.africa-press.net\/cotedivoire\/politique\/cote-divoire-pulcherie-gbalet-confirme-le-soutien-financier-de-soro\",\"name\":\"Pulch\u00e9rie Gbalet confirme le soutien financier de Soro - C\u00f4te d&#039;Ivoire\",\"isPartOf\":{\"@id\":\"https:\/\/www.africa-press.net\/cotedivoire\/#website\"},\"primaryImageOfPage\":{\"@id\":\"https:\/\/www.africa-press.net\/cotedivoire\/politique\/cote-divoire-pulcherie-gbalet-confirme-le-soutien-financier-de-soro#primaryimage\"},\"image\":{\"@id\":\"https:\/\/www.africa-press.net\/cotedivoire\/politique\/cote-divoire-pulcherie-gbalet-confirme-le-soutien-financier-de-soro#primaryimage\"},\"thumbnailUrl\":\"https:\/\/static.africa-press.net\/cote\/sites\/43\/2021\/05\/img-60afd28fe921f.jpg\",\"datePublished\":\"2021-05-27T17:46:53+00:00\",\"dateModified\":\"2021-05-27T20:54:52+00:00\",\"author\":{\"@id\":\"https:\/\/www.africa-press.net\/cotedivoire\/#\/schema\/person\/2b1cf3cd81a31e3cd26889ca66d677f1\"},\"description\":\"On va recadrer les choses. C\u2019est El Hadj Mamadou Traor\u00e9, cadre de GPS qui a assist\u00e9 \u00e0 la rencontre qui rend compte, avec ...\",\"breadcrumb\":{\"@id\":\"https:\/\/www.africa-press.net\/cotedivoire\/politique\/cote-divoire-pulcherie-gbalet-confirme-le-soutien-financier-de-soro#breadcrumb\"},\"inLanguage\":\"fr-FR\",\"potentialAction\":[{\"@type\":\"ReadAction\",\"target\":[\"https:\/\/www.africa-press.net\/cotedivoire\/politique\/cote-divoire-pulcherie-gbalet-confirme-le-soutien-financier-de-soro\"]}]},{\"@type\":\"ImageObject\",\"inLanguage\":\"fr-FR\",\"@id\":\"https:\/\/www.africa-press.net\/cotedivoire\/politique\/cote-divoire-pulcherie-gbalet-confirme-le-soutien-financier-de-soro#primaryimage\",\"url\":\"https:\/\/static.africa-press.net\/cote\/sites\/43\/2021\/05\/img-60afd28fe921f.jpg\",\"contentUrl\":\"https:\/\/static.africa-press.net\/cote\/sites\/43\/2021\/05\/img-60afd28fe921f.jpg\",\"width\":720,\"height\":561,\"caption\":\"C\u00f4te-d\u2019Ivoire: Pulch\u00e9rie Gbalet confirme le soutien financier de Soro\"},{\"@type\":\"BreadcrumbList\",\"@id\":\"https:\/\/www.africa-press.net\/cotedivoire\/politique\/cote-divoire-pulcherie-gbalet-confirme-le-soutien-financier-de-soro#breadcrumb\",\"itemListElement\":[{\"@type\":\"ListItem\",\"position\":1,\"name\":\"Accueil\",\"item\":\"https:\/\/www.africa-press.net\/cotedivoire\/\"},{\"@type\":\"ListItem\",\"position\":2,\"name\":\"Pulch\u00e9rie Gbalet confirme le soutien financier de Soro\"}]},{\"@type\":\"WebSite\",\"@id\":\"https:\/\/www.africa-press.net\/cotedivoire\/#website\",\"url\":\"https:\/\/www.africa-press.net\/cotedivoire\/\",\"name\":\"C\u00f4te d&#039;Ivoire\",\"description\":\"Just another Africa News Agency Sites site\",\"potentialAction\":[{\"@type\":\"SearchAction\",\"target\":{\"@type\":\"EntryPoint\",\"urlTemplate\":\"https:\/\/www.africa-press.net\/cotedivoire\/?s={search_term_string}\"},\"query-input\":{\"@type\":\"PropertyValueSpecification\",\"valueRequired\":true,\"valueName\":\"search_term_string\"}}],\"inLanguage\":\"fr-FR\"},{\"@type\":\"Person\",\"@id\":\"https:\/\/www.africa-press.net\/cotedivoire\/#\/schema\/person\/2b1cf3cd81a31e3cd26889ca66d677f1\",\"name\":\"cfeditorfr\"}]}<\/script>\n<!-- \/ Yoast SEO Premium plugin. -->","yoast_head_json":{"title":"Pulch\u00e9rie Gbalet confirme le soutien financier de Soro - C\u00f4te d&#039;Ivoire","description":"On va recadrer les choses. C\u2019est El Hadj Mamadou Traor\u00e9, cadre de GPS qui a assist\u00e9 \u00e0 la rencontre qui rend compte, avec ...","robots":{"index":"index","follow":"follow","max-snippet":"max-snippet:-1","max-image-preview":"max-image-preview:large","max-video-preview":"max-video-preview:-1"},"canonical":"https:\/\/www.africa-press.net\/cotedivoire\/politique\/cote-divoire-pulcherie-gbalet-confirme-le-soutien-financier-de-soro","og_locale":"fr_FR","og_type":"article","og_title":"Pulch\u00e9rie Gbalet confirme le soutien financier de Soro","og_description":"On va recadrer les choses. C\u2019est El Hadj Mamadou Traor\u00e9, cadre de GPS qui a assist\u00e9 \u00e0 la rencontre qui rend compte, avec ...","og_url":"https:\/\/www.africa-press.net\/cotedivoire\/politique\/cote-divoire-pulcherie-gbalet-confirme-le-soutien-financier-de-soro","og_site_name":"C\u00f4te d&#039;Ivoire","article_published_time":"2021-05-27T17:46:53+00:00","article_modified_time":"2021-05-27T20:54:52+00:00","og_image":[{"width":720,"height":561,"url":"https:\/\/static.africa-press.net\/cote\/sites\/43\/2021\/05\/img-60afd28fe921f.jpg","type":"image\/jpeg"}],"author":"cfeditorfr","twitter_card":"summary_large_image","twitter_misc":{"\u00c9crit par":"cfeditorfr","Dur\u00e9e de lecture estim\u00e9e":"3 minutes"},"schema":{"@context":"https:\/\/schema.org","@graph":[{"@type":"Article","@id":"https:\/\/www.africa-press.net\/cotedivoire\/politique\/cote-divoire-pulcherie-gbalet-confirme-le-soutien-financier-de-soro#article","isPartOf":{"@id":"https:\/\/www.africa-press.net\/cotedivoire\/politique\/cote-divoire-pulcherie-gbalet-confirme-le-soutien-financier-de-soro"},"author":{"name":"cfeditorfr","@id":"https:\/\/www.africa-press.net\/cotedivoire\/#\/schema\/person\/2b1cf3cd81a31e3cd26889ca66d677f1"},"headline":"Pulch\u00e9rie Gbalet confirme le soutien financier de Soro","datePublished":"2021-05-27T17:46:53+00:00","dateModified":"2021-05-27T20:54:52+00:00","mainEntityOfPage":{"@id":"https:\/\/www.africa-press.net\/cotedivoire\/politique\/cote-divoire-pulcherie-gbalet-confirme-le-soutien-financier-de-soro"},"wordCount":655,"commentCount":0,"image":{"@id":"https:\/\/www.africa-press.net\/cotedivoire\/politique\/cote-divoire-pulcherie-gbalet-confirme-le-soutien-financier-de-soro#primaryimage"},"thumbnailUrl":"https:\/\/static.africa-press.net\/cote\/sites\/43\/2021\/05\/img-60afd28fe921f.jpg","keywords":["Africa Press","Africa Press-C\u00f4te d'Ivoire","C\u00d4TE D'IVOIRE"],"articleSection":["homepage-french","Politique","Toutes les actualit\u00e9s"],"inLanguage":"fr-FR","potentialAction":[{"@type":"CommentAction","name":"Comment","target":["https:\/\/www.africa-press.net\/cotedivoire\/politique\/cote-divoire-pulcherie-gbalet-confirme-le-soutien-financier-de-soro#respond"]}]},{"@type":"WebPage","@id":"https:\/\/www.africa-press.net\/cotedivoire\/politique\/cote-divoire-pulcherie-gbalet-confirme-le-soutien-financier-de-soro","url":"https:\/\/www.africa-press.net\/cotedivoire\/politique\/cote-divoire-pulcherie-gbalet-confirme-le-soutien-financier-de-soro","name":"Pulch\u00e9rie Gbalet confirme le soutien financier de Soro - C\u00f4te d&#039;Ivoire","isPartOf":{"@id":"https:\/\/www.africa-press.net\/cotedivoire\/#website"},"primaryImageOfPage":{"@id":"https:\/\/www.africa-press.net\/cotedivoire\/politique\/cote-divoire-pulcherie-gbalet-confirme-le-soutien-financier-de-soro#primaryimage"},"image":{"@id":"https:\/\/www.africa-press.net\/cotedivoire\/politique\/cote-divoire-pulcherie-gbalet-confirme-le-soutien-financier-de-soro#primaryimage"},"thumbnailUrl":"https:\/\/static.africa-press.net\/cote\/sites\/43\/2021\/05\/img-60afd28fe921f.jpg","datePublished":"2021-05-27T17:46:53+00:00","dateModified":"2021-05-27T20:54:52+00:00","author":{"@id":"https:\/\/www.africa-press.net\/cotedivoire\/#\/schema\/person\/2b1cf3cd81a31e3cd26889ca66d677f1"},"description":"On va recadrer les choses. C\u2019est El Hadj Mamadou Traor\u00e9, cadre de GPS qui a assist\u00e9 \u00e0 la rencontre qui rend compte, avec ...","breadcrumb":{"@id":"https:\/\/www.africa-press.net\/cotedivoire\/politique\/cote-divoire-pulcherie-gbalet-confirme-le-soutien-financier-de-soro#breadcrumb"},"inLanguage":"fr-FR","potentialAction":[{"@type":"ReadAction","target":["https:\/\/www.africa-press.net\/cotedivoire\/politique\/cote-divoire-pulcherie-gbalet-confirme-le-soutien-financier-de-soro"]}]},{"@type":"ImageObject","inLanguage":"fr-FR","@id":"https:\/\/www.africa-press.net\/cotedivoire\/politique\/cote-divoire-pulcherie-gbalet-confirme-le-soutien-financier-de-soro#primaryimage","url":"https:\/\/static.africa-press.net\/cote\/sites\/43\/2021\/05\/img-60afd28fe921f.jpg","contentUrl":"https:\/\/static.africa-press.net\/cote\/sites\/43\/2021\/05\/img-60afd28fe921f.jpg","width":720,"height":561,"caption":"C\u00f4te-d\u2019Ivoire: Pulch\u00e9rie Gbalet confirme le soutien financier de Soro"},{"@type":"BreadcrumbList","@id":"https:\/\/www.africa-press.net\/cotedivoire\/politique\/cote-divoire-pulcherie-gbalet-confirme-le-soutien-financier-de-soro#breadcrumb","itemListElement":[{"@type":"ListItem","position":1,"name":"Accueil","item":"https:\/\/www.africa-press.net\/cotedivoire\/"},{"@type":"ListItem","position":2,"name":"Pulch\u00e9rie Gbalet confirme le soutien financier de Soro"}]},{"@type":"WebSite","@id":"https:\/\/www.africa-press.net\/cotedivoire\/#website","url":"https:\/\/www.africa-press.net\/cotedivoire\/","name":"C\u00f4te d&#039;Ivoire","description":"Just another Africa News Agency Sites site","potentialAction":[{"@type":"SearchAction","target":{"@type":"EntryPoint","urlTemplate":"https:\/\/www.africa-press.net\/cotedivoire\/?s={search_term_string}"},"query-input":{"@type":"PropertyValueSpecification","valueRequired":true,"valueName":"search_term_string"}}],"inLanguage":"fr-FR"},{"@type":"Person","@id":"https:\/\/www.africa-press.net\/cotedivoire\/#\/schema\/person\/2b1cf3cd81a31e3cd26889ca66d677f1","name":"cfeditorfr"}]}},"_links":{"self":[{"href":"https:\/\/www.africa-press.net\/cotedivoire\/wp-json\/wp\/v2\/posts\/8235","targetHints":{"allow":["GET"]}}],"collection":[{"href":"https:\/\/www.africa-press.net\/cotedivoire\/wp-json\/wp\/v2\/posts"}],"about":[{"href":"https:\/\/www.africa-press.net\/cotedivoire\/wp-json\/wp\/v2\/types\/post"}],"author":[{"embeddable":true,"href":"https:\/\/www.africa-press.net\/cotedivoire\/wp-json\/wp\/v2\/users\/82"}],"replies":[{"embeddable":true,"href":"https:\/\/www.africa-press.net\/cotedivoire\/wp-json\/wp\/v2\/comments?post=8235"}],"version-history":[{"count":0,"href":"https:\/\/www.africa-press.net\/cotedivoire\/wp-json\/wp\/v2\/posts\/8235\/revisions"}],"wp:featuredmedia":[{"embeddable":true,"href":"https:\/\/www.africa-press.net\/cotedivoire\/wp-json\/wp\/v2\/media\/8234"}],"wp:attachment":[{"href":"https:\/\/www.africa-press.net\/cotedivoire\/wp-json\/wp\/v2\/media?parent=8235"}],"wp:term":[{"taxonomy":"category","embeddable":true,"href":"https:\/\/www.africa-press.net\/cotedivoire\/wp-json\/wp\/v2\/categories?post=8235"},{"taxonomy":"post_tag","embeddable":true,"href":"https:\/\/www.africa-press.net\/cotedivoire\/wp-json\/wp\/v2\/tags?post=8235"}],"curies":[{"name":"wp","href":"https:\/\/api.w.org\/{rel}","templated":true}]}}