{"id":8238,"date":"2021-05-27T17:57:27","date_gmt":"2021-05-27T17:57:27","guid":{"rendered":"https:\/\/www.africa-press.net\/cotedivoire\/?p=8238"},"modified":"2021-05-27T20:54:59","modified_gmt":"2021-05-27T20:54:59","slug":"alerte-cote-divoire-le-president-du-conseil-constitutionnel-kone-mamadou-nest-pas-decede","status":"publish","type":"post","link":"https:\/\/www.africa-press.net\/cotedivoire\/politique\/alerte-cote-divoire-le-president-du-conseil-constitutionnel-kone-mamadou-nest-pas-decede","title":{"rendered":"Le pr\u00e9sident du Conseil constitutionnel Kon\u00e9 Mamadou \u00ab\u00a0n\u2019est pas d\u00e9c\u00e9d\u00e9\u00a0\u00bb"},"content":{"rendered":"<p><span style=\"color: #ff6600\"><strong><a href=\"https:\/\/www.africa-press.net\/\">Africa-Press<\/a> &#8211; <a href=\"https:\/\/www.africa-press.net\/cotedivoire\">C\u00f4te d&rsquo;Ivoire<\/a>. <\/strong><\/span>Selon nos informations, le pr\u00e9sident du Conseil constitutionnel en C\u00f4te-d\u2019Ivoire, le juge Kon\u00e9 Mamadou \u00ab n\u2019a pas rendu l\u2019\u00e2me \u00bb, contrairement \u00e0 des rumeurs ventil\u00e9es depuis hier par un avatar bien connu dans ce pays d\u2019Afrique de l\u2019ouest.<\/p>\n<p>Une rencontre est d\u2019ailleurs pr\u00e9vue ce matin [27 mai 2021] entre le juge hors hi\u00e9rarchie et le ministre de la r\u00e9conciliation et de la coh\u00e9sion sociale, Kouadio Konan Bertin dit KKB.<\/p>\n<p>&nbsp;<\/p>\n","protected":false},"excerpt":{"rendered":"<p>Africa-Press &#8211; C\u00f4te d&rsquo;Ivoire. Selon nos informations, le pr\u00e9sident du Conseil constitutionnel en C\u00f4te-d\u2019Ivoire, le juge Kon\u00e9 Mamadou \u00ab n\u2019a pas rendu l\u2019\u00e2me \u00bb, contrairement \u00e0 des rumeurs ventil\u00e9es depuis hier par un avatar bien connu dans ce pays d\u2019Afrique de l\u2019ouest. Une rencontre est d\u2019ailleurs pr\u00e9vue ce matin [27 mai 2021] entre le juge [&hellip;]<\/p>\n","protected":false},"author":82,"featured_media":8237,"comment_status":"open","ping_status":"closed","sticky":false,"template":"","format":"standard","meta":{"footnotes":""},"categories":[11,2,20,10],"tags":[56,63,29],"class_list":["post-8238","post","type-post","status-publish","format-standard","has-post-thumbnail","hentry","category-homepage-french","category-politique","category-top-nouvelles","category-toutes-les-actualites","tag-africa-press","tag-africa-press-cote-divoire","tag-cote-divoire"],"yoast_head":"<!-- This site is optimized with the Yoast SEO Premium plugin v26.1 (Yoast SEO v27.0) - https:\/\/yoast.com\/product\/yoast-seo-premium-wordpress\/ -->\n<title>Le pr\u00e9sident du Conseil constitutionnel Kon\u00e9 Mamadou \u00ab\u00a0n\u2019est pas d\u00e9c\u00e9d\u00e9\u00a0\u00bb - C\u00f4te d&#039;Ivoire<\/title>\n<meta name=\"description\" content=\"Selon nos informations, le pr\u00e9sident du Conseil constitutionnel en C\u00f4te-d\u2019Ivoire, le juge Kon\u00e9 Mamadou \u00ab n\u2019a pas rendu l ...\" \/>\n<meta name=\"robots\" content=\"index, follow, max-snippet:-1, max-image-preview:large, max-video-preview:-1\" \/>\n<link rel=\"canonical\" href=\"https:\/\/www.africa-press.net\/cotedivoire\/politique\/alerte-cote-divoire-le-president-du-conseil-constitutionnel-kone-mamadou-nest-pas-decede\" \/>\n<meta property=\"og:locale\" content=\"fr_FR\" \/>\n<meta property=\"og:type\" content=\"article\" \/>\n<meta property=\"og:title\" content=\"Le pr\u00e9sident du Conseil constitutionnel Kon\u00e9 Mamadou \u00ab\u00a0n\u2019est pas d\u00e9c\u00e9d\u00e9\u00a0\u00bb\" \/>\n<meta property=\"og:description\" content=\"Selon nos informations, le pr\u00e9sident du Conseil constitutionnel en C\u00f4te-d\u2019Ivoire, le juge Kon\u00e9 Mamadou \u00ab n\u2019a pas rendu l ...\" \/>\n<meta property=\"og:url\" content=\"https:\/\/www.africa-press.net\/cotedivoire\/politique\/alerte-cote-divoire-le-president-du-conseil-constitutionnel-kone-mamadou-nest-pas-decede\" \/>\n<meta property=\"og:site_name\" content=\"C\u00f4te d&#039;Ivoire\" \/>\n<meta property=\"article:published_time\" content=\"2021-05-27T17:57:27+00:00\" \/>\n<meta property=\"article:modified_time\" content=\"2021-05-27T20:54:59+00:00\" \/>\n<meta property=\"og:image\" content=\"https:\/\/static.africa-press.net\/cote\/sites\/43\/2021\/05\/img-60afd2b1e99c2.jpg\" \/>\n\t<meta property=\"og:image:width\" content=\"768\" \/>\n\t<meta property=\"og:image:height\" content=\"422\" \/>\n\t<meta property=\"og:image:type\" content=\"image\/jpeg\" \/>\n<meta name=\"author\" content=\"cfeditorfr\" \/>\n<meta name=\"twitter:card\" content=\"summary_large_image\" \/>\n<meta name=\"twitter:label1\" content=\"\u00c9crit par\" \/>\n\t<meta name=\"twitter:data1\" content=\"cfeditorfr\" \/>\n\t<meta name=\"twitter:label2\" content=\"Dur\u00e9e de lecture estim\u00e9e\" \/>\n\t<meta name=\"twitter:data2\" content=\"1 minute\" \/>\n<script type=\"application\/ld+json\" class=\"yoast-schema-graph\">{\"@context\":\"https:\/\/schema.org\",\"@graph\":[{\"@type\":\"Article\",\"@id\":\"https:\/\/www.africa-press.net\/cotedivoire\/politique\/alerte-cote-divoire-le-president-du-conseil-constitutionnel-kone-mamadou-nest-pas-decede#article\",\"isPartOf\":{\"@id\":\"https:\/\/www.africa-press.net\/cotedivoire\/politique\/alerte-cote-divoire-le-president-du-conseil-constitutionnel-kone-mamadou-nest-pas-decede\"},\"author\":{\"name\":\"cfeditorfr\",\"@id\":\"https:\/\/www.africa-press.net\/cotedivoire\/#\/schema\/person\/2b1cf3cd81a31e3cd26889ca66d677f1\"},\"headline\":\"Le pr\u00e9sident du Conseil constitutionnel Kon\u00e9 Mamadou \u00ab\u00a0n\u2019est pas d\u00e9c\u00e9d\u00e9\u00a0\u00bb\",\"datePublished\":\"2021-05-27T17:57:27+00:00\",\"dateModified\":\"2021-05-27T20:54:59+00:00\",\"mainEntityOfPage\":{\"@id\":\"https:\/\/www.africa-press.net\/cotedivoire\/politique\/alerte-cote-divoire-le-president-du-conseil-constitutionnel-kone-mamadou-nest-pas-decede\"},\"wordCount\":98,\"commentCount\":0,\"image\":{\"@id\":\"https:\/\/www.africa-press.net\/cotedivoire\/politique\/alerte-cote-divoire-le-president-du-conseil-constitutionnel-kone-mamadou-nest-pas-decede#primaryimage\"},\"thumbnailUrl\":\"https:\/\/static.africa-press.net\/cote\/sites\/43\/2021\/05\/img-60afd2b1e99c2.jpg\",\"keywords\":[\"Africa Press\",\"Africa Press-C\u00f4te d'Ivoire\",\"C\u00d4TE D'IVOIRE\"],\"articleSection\":[\"homepage-french\",\"Politique\",\"Top Nouvelles\",\"Toutes les actualit\u00e9s\"],\"inLanguage\":\"fr-FR\",\"potentialAction\":[{\"@type\":\"CommentAction\",\"name\":\"Comment\",\"target\":[\"https:\/\/www.africa-press.net\/cotedivoire\/politique\/alerte-cote-divoire-le-president-du-conseil-constitutionnel-kone-mamadou-nest-pas-decede#respond\"]}]},{\"@type\":\"WebPage\",\"@id\":\"https:\/\/www.africa-press.net\/cotedivoire\/politique\/alerte-cote-divoire-le-president-du-conseil-constitutionnel-kone-mamadou-nest-pas-decede\",\"url\":\"https:\/\/www.africa-press.net\/cotedivoire\/politique\/alerte-cote-divoire-le-president-du-conseil-constitutionnel-kone-mamadou-nest-pas-decede\",\"name\":\"Le pr\u00e9sident du Conseil constitutionnel Kon\u00e9 Mamadou \u00ab\u00a0n\u2019est pas d\u00e9c\u00e9d\u00e9\u00a0\u00bb - C\u00f4te d&#039;Ivoire\",\"isPartOf\":{\"@id\":\"https:\/\/www.africa-press.net\/cotedivoire\/#website\"},\"primaryImageOfPage\":{\"@id\":\"https:\/\/www.africa-press.net\/cotedivoire\/politique\/alerte-cote-divoire-le-president-du-conseil-constitutionnel-kone-mamadou-nest-pas-decede#primaryimage\"},\"image\":{\"@id\":\"https:\/\/www.africa-press.net\/cotedivoire\/politique\/alerte-cote-divoire-le-president-du-conseil-constitutionnel-kone-mamadou-nest-pas-decede#primaryimage\"},\"thumbnailUrl\":\"https:\/\/static.africa-press.net\/cote\/sites\/43\/2021\/05\/img-60afd2b1e99c2.jpg\",\"datePublished\":\"2021-05-27T17:57:27+00:00\",\"dateModified\":\"2021-05-27T20:54:59+00:00\",\"author\":{\"@id\":\"https:\/\/www.africa-press.net\/cotedivoire\/#\/schema\/person\/2b1cf3cd81a31e3cd26889ca66d677f1\"},\"description\":\"Selon nos informations, le pr\u00e9sident du Conseil constitutionnel en C\u00f4te-d\u2019Ivoire, le juge Kon\u00e9 Mamadou \u00ab n\u2019a pas rendu l ...\",\"breadcrumb\":{\"@id\":\"https:\/\/www.africa-press.net\/cotedivoire\/politique\/alerte-cote-divoire-le-president-du-conseil-constitutionnel-kone-mamadou-nest-pas-decede#breadcrumb\"},\"inLanguage\":\"fr-FR\",\"potentialAction\":[{\"@type\":\"ReadAction\",\"target\":[\"https:\/\/www.africa-press.net\/cotedivoire\/politique\/alerte-cote-divoire-le-president-du-conseil-constitutionnel-kone-mamadou-nest-pas-decede\"]}]},{\"@type\":\"ImageObject\",\"inLanguage\":\"fr-FR\",\"@id\":\"https:\/\/www.africa-press.net\/cotedivoire\/politique\/alerte-cote-divoire-le-president-du-conseil-constitutionnel-kone-mamadou-nest-pas-decede#primaryimage\",\"url\":\"https:\/\/static.africa-press.net\/cote\/sites\/43\/2021\/05\/img-60afd2b1e99c2.jpg\",\"contentUrl\":\"https:\/\/static.africa-press.net\/cote\/sites\/43\/2021\/05\/img-60afd2b1e99c2.jpg\",\"width\":768,\"height\":422,\"caption\":\"Alerte\/C\u00f4te-d\u2019Ivoire: Le pr\u00e9sident du Conseil constitutionnel Kon\u00e9 Mamadou \u00ab\u00a0n\u2019est pas d\u00e9c\u00e9d\u00e9\u00a0\u00bb\"},{\"@type\":\"BreadcrumbList\",\"@id\":\"https:\/\/www.africa-press.net\/cotedivoire\/politique\/alerte-cote-divoire-le-president-du-conseil-constitutionnel-kone-mamadou-nest-pas-decede#breadcrumb\",\"itemListElement\":[{\"@type\":\"ListItem\",\"position\":1,\"name\":\"Accueil\",\"item\":\"https:\/\/www.africa-press.net\/cotedivoire\/\"},{\"@type\":\"ListItem\",\"position\":2,\"name\":\"Le pr\u00e9sident du Conseil constitutionnel Kon\u00e9 Mamadou \u00ab\u00a0n\u2019est pas d\u00e9c\u00e9d\u00e9\u00a0\u00bb\"}]},{\"@type\":\"WebSite\",\"@id\":\"https:\/\/www.africa-press.net\/cotedivoire\/#website\",\"url\":\"https:\/\/www.africa-press.net\/cotedivoire\/\",\"name\":\"C\u00f4te d&#039;Ivoire\",\"description\":\"Just another Africa News Agency Sites site\",\"potentialAction\":[{\"@type\":\"SearchAction\",\"target\":{\"@type\":\"EntryPoint\",\"urlTemplate\":\"https:\/\/www.africa-press.net\/cotedivoire\/?s={search_term_string}\"},\"query-input\":{\"@type\":\"PropertyValueSpecification\",\"valueRequired\":true,\"valueName\":\"search_term_string\"}}],\"inLanguage\":\"fr-FR\"},{\"@type\":\"Person\",\"@id\":\"https:\/\/www.africa-press.net\/cotedivoire\/#\/schema\/person\/2b1cf3cd81a31e3cd26889ca66d677f1\",\"name\":\"cfeditorfr\"}]}<\/script>\n<!-- \/ Yoast SEO Premium plugin. -->","yoast_head_json":{"title":"Le pr\u00e9sident du Conseil constitutionnel Kon\u00e9 Mamadou \u00ab\u00a0n\u2019est pas d\u00e9c\u00e9d\u00e9\u00a0\u00bb - C\u00f4te d&#039;Ivoire","description":"Selon nos informations, le pr\u00e9sident du Conseil constitutionnel en C\u00f4te-d\u2019Ivoire, le juge Kon\u00e9 Mamadou \u00ab n\u2019a pas rendu l ...","robots":{"index":"index","follow":"follow","max-snippet":"max-snippet:-1","max-image-preview":"max-image-preview:large","max-video-preview":"max-video-preview:-1"},"canonical":"https:\/\/www.africa-press.net\/cotedivoire\/politique\/alerte-cote-divoire-le-president-du-conseil-constitutionnel-kone-mamadou-nest-pas-decede","og_locale":"fr_FR","og_type":"article","og_title":"Le pr\u00e9sident du Conseil constitutionnel Kon\u00e9 Mamadou \u00ab\u00a0n\u2019est pas d\u00e9c\u00e9d\u00e9\u00a0\u00bb","og_description":"Selon nos informations, le pr\u00e9sident du Conseil constitutionnel en C\u00f4te-d\u2019Ivoire, le juge Kon\u00e9 Mamadou \u00ab n\u2019a pas rendu l ...","og_url":"https:\/\/www.africa-press.net\/cotedivoire\/politique\/alerte-cote-divoire-le-president-du-conseil-constitutionnel-kone-mamadou-nest-pas-decede","og_site_name":"C\u00f4te d&#039;Ivoire","article_published_time":"2021-05-27T17:57:27+00:00","article_modified_time":"2021-05-27T20:54:59+00:00","og_image":[{"width":768,"height":422,"url":"https:\/\/static.africa-press.net\/cote\/sites\/43\/2021\/05\/img-60afd2b1e99c2.jpg","type":"image\/jpeg"}],"author":"cfeditorfr","twitter_card":"summary_large_image","twitter_misc":{"\u00c9crit par":"cfeditorfr","Dur\u00e9e de lecture estim\u00e9e":"1 minute"},"schema":{"@context":"https:\/\/schema.org","@graph":[{"@type":"Article","@id":"https:\/\/www.africa-press.net\/cotedivoire\/politique\/alerte-cote-divoire-le-president-du-conseil-constitutionnel-kone-mamadou-nest-pas-decede#article","isPartOf":{"@id":"https:\/\/www.africa-press.net\/cotedivoire\/politique\/alerte-cote-divoire-le-president-du-conseil-constitutionnel-kone-mamadou-nest-pas-decede"},"author":{"name":"cfeditorfr","@id":"https:\/\/www.africa-press.net\/cotedivoire\/#\/schema\/person\/2b1cf3cd81a31e3cd26889ca66d677f1"},"headline":"Le pr\u00e9sident du Conseil constitutionnel Kon\u00e9 Mamadou \u00ab\u00a0n\u2019est pas d\u00e9c\u00e9d\u00e9\u00a0\u00bb","datePublished":"2021-05-27T17:57:27+00:00","dateModified":"2021-05-27T20:54:59+00:00","mainEntityOfPage":{"@id":"https:\/\/www.africa-press.net\/cotedivoire\/politique\/alerte-cote-divoire-le-president-du-conseil-constitutionnel-kone-mamadou-nest-pas-decede"},"wordCount":98,"commentCount":0,"image":{"@id":"https:\/\/www.africa-press.net\/cotedivoire\/politique\/alerte-cote-divoire-le-president-du-conseil-constitutionnel-kone-mamadou-nest-pas-decede#primaryimage"},"thumbnailUrl":"https:\/\/static.africa-press.net\/cote\/sites\/43\/2021\/05\/img-60afd2b1e99c2.jpg","keywords":["Africa Press","Africa Press-C\u00f4te d'Ivoire","C\u00d4TE D'IVOIRE"],"articleSection":["homepage-french","Politique","Top Nouvelles","Toutes les actualit\u00e9s"],"inLanguage":"fr-FR","potentialAction":[{"@type":"CommentAction","name":"Comment","target":["https:\/\/www.africa-press.net\/cotedivoire\/politique\/alerte-cote-divoire-le-president-du-conseil-constitutionnel-kone-mamadou-nest-pas-decede#respond"]}]},{"@type":"WebPage","@id":"https:\/\/www.africa-press.net\/cotedivoire\/politique\/alerte-cote-divoire-le-president-du-conseil-constitutionnel-kone-mamadou-nest-pas-decede","url":"https:\/\/www.africa-press.net\/cotedivoire\/politique\/alerte-cote-divoire-le-president-du-conseil-constitutionnel-kone-mamadou-nest-pas-decede","name":"Le pr\u00e9sident du Conseil constitutionnel Kon\u00e9 Mamadou \u00ab\u00a0n\u2019est pas d\u00e9c\u00e9d\u00e9\u00a0\u00bb - C\u00f4te d&#039;Ivoire","isPartOf":{"@id":"https:\/\/www.africa-press.net\/cotedivoire\/#website"},"primaryImageOfPage":{"@id":"https:\/\/www.africa-press.net\/cotedivoire\/politique\/alerte-cote-divoire-le-president-du-conseil-constitutionnel-kone-mamadou-nest-pas-decede#primaryimage"},"image":{"@id":"https:\/\/www.africa-press.net\/cotedivoire\/politique\/alerte-cote-divoire-le-president-du-conseil-constitutionnel-kone-mamadou-nest-pas-decede#primaryimage"},"thumbnailUrl":"https:\/\/static.africa-press.net\/cote\/sites\/43\/2021\/05\/img-60afd2b1e99c2.jpg","datePublished":"2021-05-27T17:57:27+00:00","dateModified":"2021-05-27T20:54:59+00:00","author":{"@id":"https:\/\/www.africa-press.net\/cotedivoire\/#\/schema\/person\/2b1cf3cd81a31e3cd26889ca66d677f1"},"description":"Selon nos informations, le pr\u00e9sident du Conseil constitutionnel en C\u00f4te-d\u2019Ivoire, le juge Kon\u00e9 Mamadou \u00ab n\u2019a pas rendu l ...","breadcrumb":{"@id":"https:\/\/www.africa-press.net\/cotedivoire\/politique\/alerte-cote-divoire-le-president-du-conseil-constitutionnel-kone-mamadou-nest-pas-decede#breadcrumb"},"inLanguage":"fr-FR","potentialAction":[{"@type":"ReadAction","target":["https:\/\/www.africa-press.net\/cotedivoire\/politique\/alerte-cote-divoire-le-president-du-conseil-constitutionnel-kone-mamadou-nest-pas-decede"]}]},{"@type":"ImageObject","inLanguage":"fr-FR","@id":"https:\/\/www.africa-press.net\/cotedivoire\/politique\/alerte-cote-divoire-le-president-du-conseil-constitutionnel-kone-mamadou-nest-pas-decede#primaryimage","url":"https:\/\/static.africa-press.net\/cote\/sites\/43\/2021\/05\/img-60afd2b1e99c2.jpg","contentUrl":"https:\/\/static.africa-press.net\/cote\/sites\/43\/2021\/05\/img-60afd2b1e99c2.jpg","width":768,"height":422,"caption":"Alerte\/C\u00f4te-d\u2019Ivoire: Le pr\u00e9sident du Conseil constitutionnel Kon\u00e9 Mamadou \u00ab\u00a0n\u2019est pas d\u00e9c\u00e9d\u00e9\u00a0\u00bb"},{"@type":"BreadcrumbList","@id":"https:\/\/www.africa-press.net\/cotedivoire\/politique\/alerte-cote-divoire-le-president-du-conseil-constitutionnel-kone-mamadou-nest-pas-decede#breadcrumb","itemListElement":[{"@type":"ListItem","position":1,"name":"Accueil","item":"https:\/\/www.africa-press.net\/cotedivoire\/"},{"@type":"ListItem","position":2,"name":"Le pr\u00e9sident du Conseil constitutionnel Kon\u00e9 Mamadou \u00ab\u00a0n\u2019est pas d\u00e9c\u00e9d\u00e9\u00a0\u00bb"}]},{"@type":"WebSite","@id":"https:\/\/www.africa-press.net\/cotedivoire\/#website","url":"https:\/\/www.africa-press.net\/cotedivoire\/","name":"C\u00f4te d&#039;Ivoire","description":"Just another Africa News Agency Sites site","potentialAction":[{"@type":"SearchAction","target":{"@type":"EntryPoint","urlTemplate":"https:\/\/www.africa-press.net\/cotedivoire\/?s={search_term_string}"},"query-input":{"@type":"PropertyValueSpecification","valueRequired":true,"valueName":"search_term_string"}}],"inLanguage":"fr-FR"},{"@type":"Person","@id":"https:\/\/www.africa-press.net\/cotedivoire\/#\/schema\/person\/2b1cf3cd81a31e3cd26889ca66d677f1","name":"cfeditorfr"}]}},"_links":{"self":[{"href":"https:\/\/www.africa-press.net\/cotedivoire\/wp-json\/wp\/v2\/posts\/8238","targetHints":{"allow":["GET"]}}],"collection":[{"href":"https:\/\/www.africa-press.net\/cotedivoire\/wp-json\/wp\/v2\/posts"}],"about":[{"href":"https:\/\/www.africa-press.net\/cotedivoire\/wp-json\/wp\/v2\/types\/post"}],"author":[{"embeddable":true,"href":"https:\/\/www.africa-press.net\/cotedivoire\/wp-json\/wp\/v2\/users\/82"}],"replies":[{"embeddable":true,"href":"https:\/\/www.africa-press.net\/cotedivoire\/wp-json\/wp\/v2\/comments?post=8238"}],"version-history":[{"count":0,"href":"https:\/\/www.africa-press.net\/cotedivoire\/wp-json\/wp\/v2\/posts\/8238\/revisions"}],"wp:featuredmedia":[{"embeddable":true,"href":"https:\/\/www.africa-press.net\/cotedivoire\/wp-json\/wp\/v2\/media\/8237"}],"wp:attachment":[{"href":"https:\/\/www.africa-press.net\/cotedivoire\/wp-json\/wp\/v2\/media?parent=8238"}],"wp:term":[{"taxonomy":"category","embeddable":true,"href":"https:\/\/www.africa-press.net\/cotedivoire\/wp-json\/wp\/v2\/categories?post=8238"},{"taxonomy":"post_tag","embeddable":true,"href":"https:\/\/www.africa-press.net\/cotedivoire\/wp-json\/wp\/v2\/tags?post=8238"}],"curies":[{"name":"wp","href":"https:\/\/api.w.org\/{rel}","templated":true}]}}