{"id":8241,"date":"2021-05-27T18:03:11","date_gmt":"2021-05-27T18:03:11","guid":{"rendered":"https:\/\/www.africa-press.net\/cotedivoire\/?p=8241"},"modified":"2021-05-27T20:55:11","modified_gmt":"2021-05-27T20:55:11","slug":"cote-divoire-laurent-gbagbo-attendu-a-abidjan-en-juin-et-en-catimini-africa-intelligence","status":"publish","type":"post","link":"https:\/\/www.africa-press.net\/cotedivoire\/politique\/cote-divoire-laurent-gbagbo-attendu-a-abidjan-en-juin-et-en-catimini-africa-intelligence","title":{"rendered":"Laurent Gbagbo attendu \u00e0 Abidjan en juin et en catimini (Africa Intelligence)"},"content":{"rendered":"<p><span style=\"color: #ff6600\"><strong><a href=\"https:\/\/www.africa-press.net\/\">Africa-Press<\/a> &#8211; <a href=\"https:\/\/www.africa-press.net\/cotedivoire\">C\u00f4te d&rsquo;Ivoire<\/a>. <\/strong><\/span>Selon le canard parisien Laurent Gbagbo est attendu \u00e0 Abidjan en juin, mais au lieu du grand accueil pr\u00e9vu par ses militants et sympathisants, Africa Intelligence table sur un accueil modeste pour l\u2019ancien chef de l\u2019\u00c9tat. Un accord entre son parti le FPI et le pouvoir \u00e0 Abidjan auquel s\u2019attendaient de nombreux observateurs. \u00abIl n\u2019est pas question que son retour cr\u00e9e une situation d\u2019\u00e9meutes. On pr\u00e9f\u00e8re faire les choses en douceur et le pr\u00e9sident Gbagbo est heureusement de notre avis\u00bb, nous a indiqu\u00e9 un haut cadre du Rhdp.<\/p>\n<p>&nbsp;<\/p>\n<p>\u00ab A l\u2019issue de longues n\u00e9gociations, dont Africa Intelligence a d\u00e9voil\u00e9 chaque \u00e9tape, l\u2019entourage de Laurent Gbagbo et le premier cercle d\u2019Alassane Ouattara se sont finalement accord\u00e9s pour autoriser le retour de l\u2019ex-pr\u00e9sident en C\u00f4te d\u2019Ivoire fin juin, mais dans la plus grande discr\u00e9tion.<\/p>\n<p>Au terme de deux mois de n\u00e9gociations (AI du 02\/04\/21), les conditions du retour de Laurent Gbagbo \u00e0 Abidjan viennent d\u2019\u00eatre finalis\u00e9es entre les partisans de l\u2019ancien pr\u00e9sident et le gouvernement de Patrick Achi. Le chef de l\u2019Etat, Alassane Ouattara, avait d\u00e9l\u00e9gu\u00e9 ce dossier d\u00e9licat \u00e0 son premier ministre (AI du 22\/04\/21). Les termes de l\u2019accord, valid\u00e9 par les deux parties, pr\u00e9voient le retour de Gbagbo avant la fin du mois de juin. D\u2019ores et d\u00e9j\u00e0, le directeur de cabinet de Gbagbo, Narcisse Kuyo T\u00e9a, doit arriver le 7 juin \u00e0 Abidjan pour r\u00e9gler les derniers d\u00e9tails. Apr\u00e8s avoir expliqu\u00e9 \u00e0 l\u2019envi qu\u2019il attendait un appel de Gabgbo pour sceller son retour, Alassane Ouattara s\u2019est r\u00e9solu \u00e0 ne pas converser avec son pr\u00e9d\u00e9cesseur. \u00bb<\/p>\n<p>&nbsp;<\/p>\n","protected":false},"excerpt":{"rendered":"<p>Africa-Press &#8211; C\u00f4te d&rsquo;Ivoire. Selon le canard parisien Laurent Gbagbo est attendu \u00e0 Abidjan en juin, mais au lieu du grand accueil pr\u00e9vu par ses militants et sympathisants, Africa Intelligence table sur un accueil modeste pour l\u2019ancien chef de l\u2019\u00c9tat. Un accord entre son parti le FPI et le pouvoir \u00e0 Abidjan auquel s\u2019attendaient de [&hellip;]<\/p>\n","protected":false},"author":82,"featured_media":8240,"comment_status":"open","ping_status":"closed","sticky":false,"template":"","format":"standard","meta":{"footnotes":""},"categories":[11,2,20,10],"tags":[56,63,29],"class_list":["post-8241","post","type-post","status-publish","format-standard","has-post-thumbnail","hentry","category-homepage-french","category-politique","category-top-nouvelles","category-toutes-les-actualites","tag-africa-press","tag-africa-press-cote-divoire","tag-cote-divoire"],"yoast_head":"<!-- This site is optimized with the Yoast SEO Premium plugin v26.1 (Yoast SEO v27.0) - https:\/\/yoast.com\/product\/yoast-seo-premium-wordpress\/ -->\n<title>Laurent Gbagbo attendu \u00e0 Abidjan en juin et en catimini (Africa Intelligence) - C\u00f4te d&#039;Ivoire<\/title>\n<meta name=\"description\" content=\"Selon le canard parisien Laurent Gbagbo est attendu \u00e0 Abidjan en juin, mais au lieu du grand accueil pr\u00e9vu par ses milit ...\" \/>\n<meta name=\"robots\" content=\"index, follow, max-snippet:-1, max-image-preview:large, max-video-preview:-1\" \/>\n<link rel=\"canonical\" href=\"https:\/\/www.africa-press.net\/cotedivoire\/politique\/cote-divoire-laurent-gbagbo-attendu-a-abidjan-en-juin-et-en-catimini-africa-intelligence\" \/>\n<meta property=\"og:locale\" content=\"fr_FR\" \/>\n<meta property=\"og:type\" content=\"article\" \/>\n<meta property=\"og:title\" content=\"Laurent Gbagbo attendu \u00e0 Abidjan en juin et en catimini (Africa Intelligence)\" \/>\n<meta property=\"og:description\" content=\"Selon le canard parisien Laurent Gbagbo est attendu \u00e0 Abidjan en juin, mais au lieu du grand accueil pr\u00e9vu par ses milit ...\" \/>\n<meta property=\"og:url\" content=\"https:\/\/www.africa-press.net\/cotedivoire\/politique\/cote-divoire-laurent-gbagbo-attendu-a-abidjan-en-juin-et-en-catimini-africa-intelligence\" \/>\n<meta property=\"og:site_name\" content=\"C\u00f4te d&#039;Ivoire\" \/>\n<meta property=\"article:published_time\" content=\"2021-05-27T18:03:11+00:00\" \/>\n<meta property=\"article:modified_time\" content=\"2021-05-27T20:55:11+00:00\" \/>\n<meta property=\"og:image\" content=\"https:\/\/static.africa-press.net\/cote\/sites\/43\/2021\/05\/img-60afd2de282fa.jpg\" \/>\n\t<meta property=\"og:image:width\" content=\"720\" \/>\n\t<meta property=\"og:image:height\" content=\"498\" \/>\n\t<meta property=\"og:image:type\" content=\"image\/jpeg\" \/>\n<meta name=\"author\" content=\"cfeditorfr\" \/>\n<meta name=\"twitter:card\" content=\"summary_large_image\" \/>\n<meta name=\"twitter:label1\" content=\"\u00c9crit par\" \/>\n\t<meta name=\"twitter:data1\" content=\"cfeditorfr\" \/>\n\t<meta name=\"twitter:label2\" content=\"Dur\u00e9e de lecture estim\u00e9e\" \/>\n\t<meta name=\"twitter:data2\" content=\"2 minutes\" \/>\n<script type=\"application\/ld+json\" class=\"yoast-schema-graph\">{\"@context\":\"https:\/\/schema.org\",\"@graph\":[{\"@type\":\"Article\",\"@id\":\"https:\/\/www.africa-press.net\/cotedivoire\/politique\/cote-divoire-laurent-gbagbo-attendu-a-abidjan-en-juin-et-en-catimini-africa-intelligence#article\",\"isPartOf\":{\"@id\":\"https:\/\/www.africa-press.net\/cotedivoire\/politique\/cote-divoire-laurent-gbagbo-attendu-a-abidjan-en-juin-et-en-catimini-africa-intelligence\"},\"author\":{\"name\":\"cfeditorfr\",\"@id\":\"https:\/\/www.africa-press.net\/cotedivoire\/#\/schema\/person\/2b1cf3cd81a31e3cd26889ca66d677f1\"},\"headline\":\"Laurent Gbagbo attendu \u00e0 Abidjan en juin et en catimini (Africa Intelligence)\",\"datePublished\":\"2021-05-27T18:03:11+00:00\",\"dateModified\":\"2021-05-27T20:55:11+00:00\",\"mainEntityOfPage\":{\"@id\":\"https:\/\/www.africa-press.net\/cotedivoire\/politique\/cote-divoire-laurent-gbagbo-attendu-a-abidjan-en-juin-et-en-catimini-africa-intelligence\"},\"wordCount\":307,\"commentCount\":0,\"image\":{\"@id\":\"https:\/\/www.africa-press.net\/cotedivoire\/politique\/cote-divoire-laurent-gbagbo-attendu-a-abidjan-en-juin-et-en-catimini-africa-intelligence#primaryimage\"},\"thumbnailUrl\":\"https:\/\/static.africa-press.net\/cote\/sites\/43\/2021\/05\/img-60afd2de282fa.jpg\",\"keywords\":[\"Africa Press\",\"Africa Press-C\u00f4te d'Ivoire\",\"C\u00d4TE D'IVOIRE\"],\"articleSection\":[\"homepage-french\",\"Politique\",\"Top Nouvelles\",\"Toutes les actualit\u00e9s\"],\"inLanguage\":\"fr-FR\",\"potentialAction\":[{\"@type\":\"CommentAction\",\"name\":\"Comment\",\"target\":[\"https:\/\/www.africa-press.net\/cotedivoire\/politique\/cote-divoire-laurent-gbagbo-attendu-a-abidjan-en-juin-et-en-catimini-africa-intelligence#respond\"]}]},{\"@type\":\"WebPage\",\"@id\":\"https:\/\/www.africa-press.net\/cotedivoire\/politique\/cote-divoire-laurent-gbagbo-attendu-a-abidjan-en-juin-et-en-catimini-africa-intelligence\",\"url\":\"https:\/\/www.africa-press.net\/cotedivoire\/politique\/cote-divoire-laurent-gbagbo-attendu-a-abidjan-en-juin-et-en-catimini-africa-intelligence\",\"name\":\"Laurent Gbagbo attendu \u00e0 Abidjan en juin et en catimini (Africa Intelligence) - C\u00f4te d&#039;Ivoire\",\"isPartOf\":{\"@id\":\"https:\/\/www.africa-press.net\/cotedivoire\/#website\"},\"primaryImageOfPage\":{\"@id\":\"https:\/\/www.africa-press.net\/cotedivoire\/politique\/cote-divoire-laurent-gbagbo-attendu-a-abidjan-en-juin-et-en-catimini-africa-intelligence#primaryimage\"},\"image\":{\"@id\":\"https:\/\/www.africa-press.net\/cotedivoire\/politique\/cote-divoire-laurent-gbagbo-attendu-a-abidjan-en-juin-et-en-catimini-africa-intelligence#primaryimage\"},\"thumbnailUrl\":\"https:\/\/static.africa-press.net\/cote\/sites\/43\/2021\/05\/img-60afd2de282fa.jpg\",\"datePublished\":\"2021-05-27T18:03:11+00:00\",\"dateModified\":\"2021-05-27T20:55:11+00:00\",\"author\":{\"@id\":\"https:\/\/www.africa-press.net\/cotedivoire\/#\/schema\/person\/2b1cf3cd81a31e3cd26889ca66d677f1\"},\"description\":\"Selon le canard parisien Laurent Gbagbo est attendu \u00e0 Abidjan en juin, mais au lieu du grand accueil pr\u00e9vu par ses milit ...\",\"breadcrumb\":{\"@id\":\"https:\/\/www.africa-press.net\/cotedivoire\/politique\/cote-divoire-laurent-gbagbo-attendu-a-abidjan-en-juin-et-en-catimini-africa-intelligence#breadcrumb\"},\"inLanguage\":\"fr-FR\",\"potentialAction\":[{\"@type\":\"ReadAction\",\"target\":[\"https:\/\/www.africa-press.net\/cotedivoire\/politique\/cote-divoire-laurent-gbagbo-attendu-a-abidjan-en-juin-et-en-catimini-africa-intelligence\"]}]},{\"@type\":\"ImageObject\",\"inLanguage\":\"fr-FR\",\"@id\":\"https:\/\/www.africa-press.net\/cotedivoire\/politique\/cote-divoire-laurent-gbagbo-attendu-a-abidjan-en-juin-et-en-catimini-africa-intelligence#primaryimage\",\"url\":\"https:\/\/static.africa-press.net\/cote\/sites\/43\/2021\/05\/img-60afd2de282fa.jpg\",\"contentUrl\":\"https:\/\/static.africa-press.net\/cote\/sites\/43\/2021\/05\/img-60afd2de282fa.jpg\",\"width\":720,\"height\":498,\"caption\":\"C\u00f4te-d\u2019Ivoire: Laurent Gbagbo attendu \u00e0 Abidjan en juin et en catimini (Africa Intelligence)\"},{\"@type\":\"BreadcrumbList\",\"@id\":\"https:\/\/www.africa-press.net\/cotedivoire\/politique\/cote-divoire-laurent-gbagbo-attendu-a-abidjan-en-juin-et-en-catimini-africa-intelligence#breadcrumb\",\"itemListElement\":[{\"@type\":\"ListItem\",\"position\":1,\"name\":\"Accueil\",\"item\":\"https:\/\/www.africa-press.net\/cotedivoire\/\"},{\"@type\":\"ListItem\",\"position\":2,\"name\":\"Laurent Gbagbo attendu \u00e0 Abidjan en juin et en catimini (Africa Intelligence)\"}]},{\"@type\":\"WebSite\",\"@id\":\"https:\/\/www.africa-press.net\/cotedivoire\/#website\",\"url\":\"https:\/\/www.africa-press.net\/cotedivoire\/\",\"name\":\"C\u00f4te d&#039;Ivoire\",\"description\":\"Just another Africa News Agency Sites site\",\"potentialAction\":[{\"@type\":\"SearchAction\",\"target\":{\"@type\":\"EntryPoint\",\"urlTemplate\":\"https:\/\/www.africa-press.net\/cotedivoire\/?s={search_term_string}\"},\"query-input\":{\"@type\":\"PropertyValueSpecification\",\"valueRequired\":true,\"valueName\":\"search_term_string\"}}],\"inLanguage\":\"fr-FR\"},{\"@type\":\"Person\",\"@id\":\"https:\/\/www.africa-press.net\/cotedivoire\/#\/schema\/person\/2b1cf3cd81a31e3cd26889ca66d677f1\",\"name\":\"cfeditorfr\"}]}<\/script>\n<!-- \/ Yoast SEO Premium plugin. -->","yoast_head_json":{"title":"Laurent Gbagbo attendu \u00e0 Abidjan en juin et en catimini (Africa Intelligence) - C\u00f4te d&#039;Ivoire","description":"Selon le canard parisien Laurent Gbagbo est attendu \u00e0 Abidjan en juin, mais au lieu du grand accueil pr\u00e9vu par ses milit ...","robots":{"index":"index","follow":"follow","max-snippet":"max-snippet:-1","max-image-preview":"max-image-preview:large","max-video-preview":"max-video-preview:-1"},"canonical":"https:\/\/www.africa-press.net\/cotedivoire\/politique\/cote-divoire-laurent-gbagbo-attendu-a-abidjan-en-juin-et-en-catimini-africa-intelligence","og_locale":"fr_FR","og_type":"article","og_title":"Laurent Gbagbo attendu \u00e0 Abidjan en juin et en catimini (Africa Intelligence)","og_description":"Selon le canard parisien Laurent Gbagbo est attendu \u00e0 Abidjan en juin, mais au lieu du grand accueil pr\u00e9vu par ses milit ...","og_url":"https:\/\/www.africa-press.net\/cotedivoire\/politique\/cote-divoire-laurent-gbagbo-attendu-a-abidjan-en-juin-et-en-catimini-africa-intelligence","og_site_name":"C\u00f4te d&#039;Ivoire","article_published_time":"2021-05-27T18:03:11+00:00","article_modified_time":"2021-05-27T20:55:11+00:00","og_image":[{"width":720,"height":498,"url":"https:\/\/static.africa-press.net\/cote\/sites\/43\/2021\/05\/img-60afd2de282fa.jpg","type":"image\/jpeg"}],"author":"cfeditorfr","twitter_card":"summary_large_image","twitter_misc":{"\u00c9crit par":"cfeditorfr","Dur\u00e9e de lecture estim\u00e9e":"2 minutes"},"schema":{"@context":"https:\/\/schema.org","@graph":[{"@type":"Article","@id":"https:\/\/www.africa-press.net\/cotedivoire\/politique\/cote-divoire-laurent-gbagbo-attendu-a-abidjan-en-juin-et-en-catimini-africa-intelligence#article","isPartOf":{"@id":"https:\/\/www.africa-press.net\/cotedivoire\/politique\/cote-divoire-laurent-gbagbo-attendu-a-abidjan-en-juin-et-en-catimini-africa-intelligence"},"author":{"name":"cfeditorfr","@id":"https:\/\/www.africa-press.net\/cotedivoire\/#\/schema\/person\/2b1cf3cd81a31e3cd26889ca66d677f1"},"headline":"Laurent Gbagbo attendu \u00e0 Abidjan en juin et en catimini (Africa Intelligence)","datePublished":"2021-05-27T18:03:11+00:00","dateModified":"2021-05-27T20:55:11+00:00","mainEntityOfPage":{"@id":"https:\/\/www.africa-press.net\/cotedivoire\/politique\/cote-divoire-laurent-gbagbo-attendu-a-abidjan-en-juin-et-en-catimini-africa-intelligence"},"wordCount":307,"commentCount":0,"image":{"@id":"https:\/\/www.africa-press.net\/cotedivoire\/politique\/cote-divoire-laurent-gbagbo-attendu-a-abidjan-en-juin-et-en-catimini-africa-intelligence#primaryimage"},"thumbnailUrl":"https:\/\/static.africa-press.net\/cote\/sites\/43\/2021\/05\/img-60afd2de282fa.jpg","keywords":["Africa Press","Africa Press-C\u00f4te d'Ivoire","C\u00d4TE D'IVOIRE"],"articleSection":["homepage-french","Politique","Top Nouvelles","Toutes les actualit\u00e9s"],"inLanguage":"fr-FR","potentialAction":[{"@type":"CommentAction","name":"Comment","target":["https:\/\/www.africa-press.net\/cotedivoire\/politique\/cote-divoire-laurent-gbagbo-attendu-a-abidjan-en-juin-et-en-catimini-africa-intelligence#respond"]}]},{"@type":"WebPage","@id":"https:\/\/www.africa-press.net\/cotedivoire\/politique\/cote-divoire-laurent-gbagbo-attendu-a-abidjan-en-juin-et-en-catimini-africa-intelligence","url":"https:\/\/www.africa-press.net\/cotedivoire\/politique\/cote-divoire-laurent-gbagbo-attendu-a-abidjan-en-juin-et-en-catimini-africa-intelligence","name":"Laurent Gbagbo attendu \u00e0 Abidjan en juin et en catimini (Africa Intelligence) - C\u00f4te d&#039;Ivoire","isPartOf":{"@id":"https:\/\/www.africa-press.net\/cotedivoire\/#website"},"primaryImageOfPage":{"@id":"https:\/\/www.africa-press.net\/cotedivoire\/politique\/cote-divoire-laurent-gbagbo-attendu-a-abidjan-en-juin-et-en-catimini-africa-intelligence#primaryimage"},"image":{"@id":"https:\/\/www.africa-press.net\/cotedivoire\/politique\/cote-divoire-laurent-gbagbo-attendu-a-abidjan-en-juin-et-en-catimini-africa-intelligence#primaryimage"},"thumbnailUrl":"https:\/\/static.africa-press.net\/cote\/sites\/43\/2021\/05\/img-60afd2de282fa.jpg","datePublished":"2021-05-27T18:03:11+00:00","dateModified":"2021-05-27T20:55:11+00:00","author":{"@id":"https:\/\/www.africa-press.net\/cotedivoire\/#\/schema\/person\/2b1cf3cd81a31e3cd26889ca66d677f1"},"description":"Selon le canard parisien Laurent Gbagbo est attendu \u00e0 Abidjan en juin, mais au lieu du grand accueil pr\u00e9vu par ses milit ...","breadcrumb":{"@id":"https:\/\/www.africa-press.net\/cotedivoire\/politique\/cote-divoire-laurent-gbagbo-attendu-a-abidjan-en-juin-et-en-catimini-africa-intelligence#breadcrumb"},"inLanguage":"fr-FR","potentialAction":[{"@type":"ReadAction","target":["https:\/\/www.africa-press.net\/cotedivoire\/politique\/cote-divoire-laurent-gbagbo-attendu-a-abidjan-en-juin-et-en-catimini-africa-intelligence"]}]},{"@type":"ImageObject","inLanguage":"fr-FR","@id":"https:\/\/www.africa-press.net\/cotedivoire\/politique\/cote-divoire-laurent-gbagbo-attendu-a-abidjan-en-juin-et-en-catimini-africa-intelligence#primaryimage","url":"https:\/\/static.africa-press.net\/cote\/sites\/43\/2021\/05\/img-60afd2de282fa.jpg","contentUrl":"https:\/\/static.africa-press.net\/cote\/sites\/43\/2021\/05\/img-60afd2de282fa.jpg","width":720,"height":498,"caption":"C\u00f4te-d\u2019Ivoire: Laurent Gbagbo attendu \u00e0 Abidjan en juin et en catimini (Africa Intelligence)"},{"@type":"BreadcrumbList","@id":"https:\/\/www.africa-press.net\/cotedivoire\/politique\/cote-divoire-laurent-gbagbo-attendu-a-abidjan-en-juin-et-en-catimini-africa-intelligence#breadcrumb","itemListElement":[{"@type":"ListItem","position":1,"name":"Accueil","item":"https:\/\/www.africa-press.net\/cotedivoire\/"},{"@type":"ListItem","position":2,"name":"Laurent Gbagbo attendu \u00e0 Abidjan en juin et en catimini (Africa Intelligence)"}]},{"@type":"WebSite","@id":"https:\/\/www.africa-press.net\/cotedivoire\/#website","url":"https:\/\/www.africa-press.net\/cotedivoire\/","name":"C\u00f4te d&#039;Ivoire","description":"Just another Africa News Agency Sites site","potentialAction":[{"@type":"SearchAction","target":{"@type":"EntryPoint","urlTemplate":"https:\/\/www.africa-press.net\/cotedivoire\/?s={search_term_string}"},"query-input":{"@type":"PropertyValueSpecification","valueRequired":true,"valueName":"search_term_string"}}],"inLanguage":"fr-FR"},{"@type":"Person","@id":"https:\/\/www.africa-press.net\/cotedivoire\/#\/schema\/person\/2b1cf3cd81a31e3cd26889ca66d677f1","name":"cfeditorfr"}]}},"_links":{"self":[{"href":"https:\/\/www.africa-press.net\/cotedivoire\/wp-json\/wp\/v2\/posts\/8241","targetHints":{"allow":["GET"]}}],"collection":[{"href":"https:\/\/www.africa-press.net\/cotedivoire\/wp-json\/wp\/v2\/posts"}],"about":[{"href":"https:\/\/www.africa-press.net\/cotedivoire\/wp-json\/wp\/v2\/types\/post"}],"author":[{"embeddable":true,"href":"https:\/\/www.africa-press.net\/cotedivoire\/wp-json\/wp\/v2\/users\/82"}],"replies":[{"embeddable":true,"href":"https:\/\/www.africa-press.net\/cotedivoire\/wp-json\/wp\/v2\/comments?post=8241"}],"version-history":[{"count":0,"href":"https:\/\/www.africa-press.net\/cotedivoire\/wp-json\/wp\/v2\/posts\/8241\/revisions"}],"wp:featuredmedia":[{"embeddable":true,"href":"https:\/\/www.africa-press.net\/cotedivoire\/wp-json\/wp\/v2\/media\/8240"}],"wp:attachment":[{"href":"https:\/\/www.africa-press.net\/cotedivoire\/wp-json\/wp\/v2\/media?parent=8241"}],"wp:term":[{"taxonomy":"category","embeddable":true,"href":"https:\/\/www.africa-press.net\/cotedivoire\/wp-json\/wp\/v2\/categories?post=8241"},{"taxonomy":"post_tag","embeddable":true,"href":"https:\/\/www.africa-press.net\/cotedivoire\/wp-json\/wp\/v2\/tags?post=8241"}],"curies":[{"name":"wp","href":"https:\/\/api.w.org\/{rel}","templated":true}]}}