{"id":8244,"date":"2021-05-27T18:12:46","date_gmt":"2021-05-27T18:12:46","guid":{"rendered":"https:\/\/www.africa-press.net\/cotedivoire\/?p=8244"},"modified":"2021-05-27T20:55:30","modified_gmt":"2021-05-27T20:55:30","slug":"proces-de-soro-19-co-accuses-en-cote-divoire-des-avocats-de-la-defense-quittent-laudience","status":"publish","type":"post","link":"https:\/\/www.africa-press.net\/cotedivoire\/politique\/proces-de-soro-19-co-accuses-en-cote-divoire-des-avocats-de-la-defense-quittent-laudience","title":{"rendered":"Proc\u00e8s de Soro 19 co-accus\u00e9s en C\u00f4te-d\u2019Ivoire: Des avocats de la D\u00e9fense quittent l\u2019audience"},"content":{"rendered":"<p><span style=\"color: #ff6600\"><strong><a href=\"https:\/\/www.africa-press.net\/\">Africa-Press<\/a> &#8211; <a href=\"https:\/\/www.africa-press.net\/cotedivoire\">C\u00f4te d&rsquo;Ivoire<\/a>.\u00a0 <\/strong><\/span>le proc\u00e8s devant le tribunal criminel de l\u2019ancien pr\u00e9sident de l\u2019Assembl\u00e9e nationale de C\u00f4te d\u2019Ivoire, Guillaume Soro et de dix-neuf de ses proches, soup\u00e7onn\u00e9s d\u2019avoir tent\u00e9 de d\u00e9stabiliser les institutions de la R\u00e9publique, s\u2019est poursuivi mercredi au Palais de justice d\u2019Abidjan-Plateau, a constat\u00e9 un journaliste de ALERTE INFO.<\/p>\n<p>La semaine derni\u00e8re, \u00e0 la demande des avocats de la D\u00e9fense, le juge Charles Bini avait renvoy\u00e9 le proc\u00e8s, le temps pour eux d\u2019avoir acc\u00e8s \u00e0 certaines pi\u00e8ces du dossier, notamment \u00e0 un enregistrement sonore d\u2019environ sept minutes d\u2019un \u00e9change entre Guillaume Soro et un interlocuteur.<\/p>\n<p>Dans cette conversation qui daterait de 2017, l\u2019ancien pr\u00e9sident de l\u2019Assembl\u00e9e nationale \u00e9voquait un projet de d\u00e9stabilisation du pouvoir en place.<\/p>\n<p>Quatorze des 20 accus\u00e9s \u00e9taient encore pr\u00e9sents dans le box. Parmi eux, l\u2019ancien ministre Alain Lobognon, Soul To Soul, F\u00e9licien Sekongo, les deux fr\u00e8res cadets de Guillaume Soro, Simon et Rigobert Soro. Traor\u00e9 Babou, un autre proche de l\u2019ancien Pr\u00e9sident de l\u2019Assembl\u00e9e nationale, comparaissait, quant \u00e0 lui, libre.<\/p>\n<p>En exil ou en fuite, six autres accus\u00e9s dont Guillaume Soro lui-m\u00eame, son responsable de la Communication Tour\u00e9 Moussa, l\u2019ancienne ministre Affoussy Bamba, l\u2019ex-Directeur g\u00e9n\u00e9ral de la Loterie nationale de C\u00f6te d\u2019Ivoire (LONACI) Issiaka Fofana \u00e9taient toujours absents.<\/p>\n<p>L\u2019audience du jour a d\u00e9marr\u00e9 par des passes d\u2019armes proc\u00e9durales entre les avocats de la d\u00e9fense et le Procureur de la R\u00e9publique, Richard Adou, soutenu par les avocats de l\u2019Etat conduits par Me Abdoulaye Ben Meit\u00e9.<\/p>\n<p>Les premiers, soutenant n\u2019avoir pas encore re\u00e7u certaines pi\u00e8ces du dossier, notamment l\u2019enregistrement sonore, que le procureur entendait diffuser devant la cour, ont demand\u00e9 un nouveau renvoi du proc\u00e8s.<\/p>\n<p>\u201cA ce jour, nous n\u2019avons re\u00e7u aucune communication de pi\u00e8ce du parquet. Nous avons demand\u00e9 que la bande sonore nous soit communiqu\u00e9e. Jusqu\u2019\u00e0 cette heure nous n\u2019avons rien re\u00e7u\u2019\u2019, a protest\u00e9 Me Drissa Traor\u00e9.<\/p>\n<p>En r\u00e9action, le Procureur de la R\u00e9publique Richard Adou a soutenu avoir communiqu\u00e9 ces pi\u00e8ces aux avocats de la D\u00e9fense en les d\u00e9posant \u201cdans leurs casiers\u2019\u2019. Aussi, a-t-il ajout\u00e9 que les accus\u00e9s avaient eu l\u2019occasion pendant la phase d\u2019instruction, d\u2019\u00e9couter la bande sonore.<\/p>\n<p>\u201cD\u00e8s lors qu\u2019un seul avocat du collectif a re\u00e7u la pi\u00e8ce, on peut consid\u00e9rer que c\u2019est eux tous qui l\u2019ont re\u00e7u. Monsieur le Pr\u00e9sident, ce dilatoire ne peut pas prosp\u00e9rer\u2019\u2019, a-t-il estim\u00e9.<\/p>\n<p>Prenant la parole, apr\u00e8s le retrait de ses avocats, Alain Lobognon a contredit le procureur, en expliquant que ses co-accus\u00e9s et lui n\u2019avaient \u201cjamais\u2019\u2019 \u00e9cout\u00e9 la bande sonore pendant l\u2019instruction.<\/p>\n<p>\u201cNous avons entendu beaucoup de mensonges. Jamais, on ne nous a fait \u00e9couter une bande. Jamais on ne nous a parl\u00e9 d\u2019une bande. Nous avons \u00e9t\u00e9 plac\u00e9s sous mandat de d\u00e9p\u00f4t le 25 d\u00e9cembre 2019 en pr\u00e9sence de nos avocats. Jamais, il n\u2019a \u00e9t\u00e9 question de bande sonore\u2019\u2019, a-t-il d\u00e9clar\u00e9.<\/p>\n<p>Pour protester contre la diffusion projet\u00e9e de la bande sonore par le Procureur, Me Kadidja Tour\u00e9 et deux autres avocats de la D\u00e9fense ont quitt\u00e9 la salle.<\/p>\n<p>L\u2019audience s\u2019est malgr\u00e9 tout poursuivie par la comparution de F\u00e9licien Sekongo, l\u2019un des accus\u00e9s, dont l\u2019avocat Me Sakho, s\u2019\u00e9tait quant \u00e0 lui, refus\u00e9 de quitter la salle.<\/p>\n<p>A la barre, l\u2019ancien porte-parole des Forces nouvelles (FN, ex-r\u00e9bellion) a plaid\u00e9 \u201cnon coupable\u2019\u2019.<\/p>\n<p>\u201cJe n\u2019ai pas eu connaissance d\u2019un tel projet\u2019\u2019 de d\u00e9stabilisation des Institutions, a-t-il r\u00e9pondu \u00e0 l\u2019une des questions du procureur.<\/p>\n<p>&nbsp;<\/p>\n","protected":false},"excerpt":{"rendered":"<p>Africa-Press &#8211; C\u00f4te d&rsquo;Ivoire.\u00a0 le proc\u00e8s devant le tribunal criminel de l\u2019ancien pr\u00e9sident de l\u2019Assembl\u00e9e nationale de C\u00f4te d\u2019Ivoire, Guillaume Soro et de dix-neuf de ses proches, soup\u00e7onn\u00e9s d\u2019avoir tent\u00e9 de d\u00e9stabiliser les institutions de la R\u00e9publique, s\u2019est poursuivi mercredi au Palais de justice d\u2019Abidjan-Plateau, a constat\u00e9 un journaliste de ALERTE INFO. La semaine derni\u00e8re, [&hellip;]<\/p>\n","protected":false},"author":82,"featured_media":8243,"comment_status":"open","ping_status":"closed","sticky":false,"template":"","format":"standard","meta":{"footnotes":""},"categories":[11,2,20,10],"tags":[56,63,29],"class_list":["post-8244","post","type-post","status-publish","format-standard","has-post-thumbnail","hentry","category-homepage-french","category-politique","category-top-nouvelles","category-toutes-les-actualites","tag-africa-press","tag-africa-press-cote-divoire","tag-cote-divoire"],"yoast_head":"<!-- This site is optimized with the Yoast SEO Premium plugin v26.1 (Yoast SEO v27.0) - https:\/\/yoast.com\/product\/yoast-seo-premium-wordpress\/ -->\n<title>Proc\u00e8s de Soro 19 co-accus\u00e9s en C\u00f4te-d\u2019Ivoire: Des avocats de la D\u00e9fense quittent l\u2019audience - C\u00f4te d&#039;Ivoire<\/title>\n<meta name=\"description\" content=\"Serge Alain KOFFIOuvert le 19 mai, le proc\u00e8s devant le tribunal criminel de l\u2019ancien pr\u00e9sident de l\u2019Assembl\u00e9e nationale ...\" \/>\n<meta name=\"robots\" content=\"index, follow, max-snippet:-1, max-image-preview:large, max-video-preview:-1\" \/>\n<link rel=\"canonical\" href=\"https:\/\/www.africa-press.net\/cotedivoire\/politique\/proces-de-soro-19-co-accuses-en-cote-divoire-des-avocats-de-la-defense-quittent-laudience\" \/>\n<meta property=\"og:locale\" content=\"fr_FR\" \/>\n<meta property=\"og:type\" content=\"article\" \/>\n<meta property=\"og:title\" content=\"Proc\u00e8s de Soro 19 co-accus\u00e9s en C\u00f4te-d\u2019Ivoire: Des avocats de la D\u00e9fense quittent l\u2019audience\" \/>\n<meta property=\"og:description\" content=\"Serge Alain KOFFIOuvert le 19 mai, le proc\u00e8s devant le tribunal criminel de l\u2019ancien pr\u00e9sident de l\u2019Assembl\u00e9e nationale ...\" \/>\n<meta property=\"og:url\" content=\"https:\/\/www.africa-press.net\/cotedivoire\/politique\/proces-de-soro-19-co-accuses-en-cote-divoire-des-avocats-de-la-defense-quittent-laudience\" \/>\n<meta property=\"og:site_name\" content=\"C\u00f4te d&#039;Ivoire\" \/>\n<meta property=\"article:published_time\" content=\"2021-05-27T18:12:46+00:00\" \/>\n<meta property=\"article:modified_time\" content=\"2021-05-27T20:55:30+00:00\" \/>\n<meta property=\"og:image\" content=\"https:\/\/static.africa-press.net\/cote\/sites\/43\/2021\/05\/img-60afd300aafb9.jpg\" \/>\n\t<meta property=\"og:image:width\" content=\"1280\" \/>\n\t<meta property=\"og:image:height\" content=\"720\" \/>\n\t<meta property=\"og:image:type\" content=\"image\/jpeg\" \/>\n<meta name=\"author\" content=\"cfeditorfr\" \/>\n<meta name=\"twitter:card\" content=\"summary_large_image\" \/>\n<meta name=\"twitter:label1\" content=\"\u00c9crit par\" \/>\n\t<meta name=\"twitter:data1\" content=\"cfeditorfr\" \/>\n\t<meta name=\"twitter:label2\" content=\"Dur\u00e9e de lecture estim\u00e9e\" \/>\n\t<meta name=\"twitter:data2\" content=\"3 minutes\" \/>\n<script type=\"application\/ld+json\" class=\"yoast-schema-graph\">{\"@context\":\"https:\/\/schema.org\",\"@graph\":[{\"@type\":\"Article\",\"@id\":\"https:\/\/www.africa-press.net\/cotedivoire\/politique\/proces-de-soro-19-co-accuses-en-cote-divoire-des-avocats-de-la-defense-quittent-laudience#article\",\"isPartOf\":{\"@id\":\"https:\/\/www.africa-press.net\/cotedivoire\/politique\/proces-de-soro-19-co-accuses-en-cote-divoire-des-avocats-de-la-defense-quittent-laudience\"},\"author\":{\"name\":\"cfeditorfr\",\"@id\":\"https:\/\/www.africa-press.net\/cotedivoire\/#\/schema\/person\/2b1cf3cd81a31e3cd26889ca66d677f1\"},\"headline\":\"Proc\u00e8s de Soro 19 co-accus\u00e9s en C\u00f4te-d\u2019Ivoire: Des avocats de la D\u00e9fense quittent l\u2019audience\",\"datePublished\":\"2021-05-27T18:12:46+00:00\",\"dateModified\":\"2021-05-27T20:55:30+00:00\",\"mainEntityOfPage\":{\"@id\":\"https:\/\/www.africa-press.net\/cotedivoire\/politique\/proces-de-soro-19-co-accuses-en-cote-divoire-des-avocats-de-la-defense-quittent-laudience\"},\"wordCount\":668,\"commentCount\":0,\"image\":{\"@id\":\"https:\/\/www.africa-press.net\/cotedivoire\/politique\/proces-de-soro-19-co-accuses-en-cote-divoire-des-avocats-de-la-defense-quittent-laudience#primaryimage\"},\"thumbnailUrl\":\"https:\/\/static.africa-press.net\/cote\/sites\/43\/2021\/05\/img-60afd300aafb9.jpg\",\"keywords\":[\"Africa Press\",\"Africa Press-C\u00f4te d'Ivoire\",\"C\u00d4TE D'IVOIRE\"],\"articleSection\":[\"homepage-french\",\"Politique\",\"Top Nouvelles\",\"Toutes les actualit\u00e9s\"],\"inLanguage\":\"fr-FR\",\"potentialAction\":[{\"@type\":\"CommentAction\",\"name\":\"Comment\",\"target\":[\"https:\/\/www.africa-press.net\/cotedivoire\/politique\/proces-de-soro-19-co-accuses-en-cote-divoire-des-avocats-de-la-defense-quittent-laudience#respond\"]}]},{\"@type\":\"WebPage\",\"@id\":\"https:\/\/www.africa-press.net\/cotedivoire\/politique\/proces-de-soro-19-co-accuses-en-cote-divoire-des-avocats-de-la-defense-quittent-laudience\",\"url\":\"https:\/\/www.africa-press.net\/cotedivoire\/politique\/proces-de-soro-19-co-accuses-en-cote-divoire-des-avocats-de-la-defense-quittent-laudience\",\"name\":\"Proc\u00e8s de Soro 19 co-accus\u00e9s en C\u00f4te-d\u2019Ivoire: Des avocats de la D\u00e9fense quittent l\u2019audience - C\u00f4te d&#039;Ivoire\",\"isPartOf\":{\"@id\":\"https:\/\/www.africa-press.net\/cotedivoire\/#website\"},\"primaryImageOfPage\":{\"@id\":\"https:\/\/www.africa-press.net\/cotedivoire\/politique\/proces-de-soro-19-co-accuses-en-cote-divoire-des-avocats-de-la-defense-quittent-laudience#primaryimage\"},\"image\":{\"@id\":\"https:\/\/www.africa-press.net\/cotedivoire\/politique\/proces-de-soro-19-co-accuses-en-cote-divoire-des-avocats-de-la-defense-quittent-laudience#primaryimage\"},\"thumbnailUrl\":\"https:\/\/static.africa-press.net\/cote\/sites\/43\/2021\/05\/img-60afd300aafb9.jpg\",\"datePublished\":\"2021-05-27T18:12:46+00:00\",\"dateModified\":\"2021-05-27T20:55:30+00:00\",\"author\":{\"@id\":\"https:\/\/www.africa-press.net\/cotedivoire\/#\/schema\/person\/2b1cf3cd81a31e3cd26889ca66d677f1\"},\"description\":\"Serge Alain KOFFIOuvert le 19 mai, le proc\u00e8s devant le tribunal criminel de l\u2019ancien pr\u00e9sident de l\u2019Assembl\u00e9e nationale ...\",\"breadcrumb\":{\"@id\":\"https:\/\/www.africa-press.net\/cotedivoire\/politique\/proces-de-soro-19-co-accuses-en-cote-divoire-des-avocats-de-la-defense-quittent-laudience#breadcrumb\"},\"inLanguage\":\"fr-FR\",\"potentialAction\":[{\"@type\":\"ReadAction\",\"target\":[\"https:\/\/www.africa-press.net\/cotedivoire\/politique\/proces-de-soro-19-co-accuses-en-cote-divoire-des-avocats-de-la-defense-quittent-laudience\"]}]},{\"@type\":\"ImageObject\",\"inLanguage\":\"fr-FR\",\"@id\":\"https:\/\/www.africa-press.net\/cotedivoire\/politique\/proces-de-soro-19-co-accuses-en-cote-divoire-des-avocats-de-la-defense-quittent-laudience#primaryimage\",\"url\":\"https:\/\/static.africa-press.net\/cote\/sites\/43\/2021\/05\/img-60afd300aafb9.jpg\",\"contentUrl\":\"https:\/\/static.africa-press.net\/cote\/sites\/43\/2021\/05\/img-60afd300aafb9.jpg\",\"width\":1280,\"height\":720,\"caption\":\"Proc\u00e8s de Soro 19 co-accus\u00e9s en C\u00f4te-d\u2019Ivoire: Des avocats de la D\u00e9fense quittent l\u2019audience\"},{\"@type\":\"BreadcrumbList\",\"@id\":\"https:\/\/www.africa-press.net\/cotedivoire\/politique\/proces-de-soro-19-co-accuses-en-cote-divoire-des-avocats-de-la-defense-quittent-laudience#breadcrumb\",\"itemListElement\":[{\"@type\":\"ListItem\",\"position\":1,\"name\":\"Accueil\",\"item\":\"https:\/\/www.africa-press.net\/cotedivoire\/\"},{\"@type\":\"ListItem\",\"position\":2,\"name\":\"Proc\u00e8s de Soro 19 co-accus\u00e9s en C\u00f4te-d\u2019Ivoire: Des avocats de la D\u00e9fense quittent l\u2019audience\"}]},{\"@type\":\"WebSite\",\"@id\":\"https:\/\/www.africa-press.net\/cotedivoire\/#website\",\"url\":\"https:\/\/www.africa-press.net\/cotedivoire\/\",\"name\":\"C\u00f4te d&#039;Ivoire\",\"description\":\"Just another Africa News Agency Sites site\",\"potentialAction\":[{\"@type\":\"SearchAction\",\"target\":{\"@type\":\"EntryPoint\",\"urlTemplate\":\"https:\/\/www.africa-press.net\/cotedivoire\/?s={search_term_string}\"},\"query-input\":{\"@type\":\"PropertyValueSpecification\",\"valueRequired\":true,\"valueName\":\"search_term_string\"}}],\"inLanguage\":\"fr-FR\"},{\"@type\":\"Person\",\"@id\":\"https:\/\/www.africa-press.net\/cotedivoire\/#\/schema\/person\/2b1cf3cd81a31e3cd26889ca66d677f1\",\"name\":\"cfeditorfr\"}]}<\/script>\n<!-- \/ Yoast SEO Premium plugin. -->","yoast_head_json":{"title":"Proc\u00e8s de Soro 19 co-accus\u00e9s en C\u00f4te-d\u2019Ivoire: Des avocats de la D\u00e9fense quittent l\u2019audience - C\u00f4te d&#039;Ivoire","description":"Serge Alain KOFFIOuvert le 19 mai, le proc\u00e8s devant le tribunal criminel de l\u2019ancien pr\u00e9sident de l\u2019Assembl\u00e9e nationale ...","robots":{"index":"index","follow":"follow","max-snippet":"max-snippet:-1","max-image-preview":"max-image-preview:large","max-video-preview":"max-video-preview:-1"},"canonical":"https:\/\/www.africa-press.net\/cotedivoire\/politique\/proces-de-soro-19-co-accuses-en-cote-divoire-des-avocats-de-la-defense-quittent-laudience","og_locale":"fr_FR","og_type":"article","og_title":"Proc\u00e8s de Soro 19 co-accus\u00e9s en C\u00f4te-d\u2019Ivoire: Des avocats de la D\u00e9fense quittent l\u2019audience","og_description":"Serge Alain KOFFIOuvert le 19 mai, le proc\u00e8s devant le tribunal criminel de l\u2019ancien pr\u00e9sident de l\u2019Assembl\u00e9e nationale ...","og_url":"https:\/\/www.africa-press.net\/cotedivoire\/politique\/proces-de-soro-19-co-accuses-en-cote-divoire-des-avocats-de-la-defense-quittent-laudience","og_site_name":"C\u00f4te d&#039;Ivoire","article_published_time":"2021-05-27T18:12:46+00:00","article_modified_time":"2021-05-27T20:55:30+00:00","og_image":[{"width":1280,"height":720,"url":"https:\/\/static.africa-press.net\/cote\/sites\/43\/2021\/05\/img-60afd300aafb9.jpg","type":"image\/jpeg"}],"author":"cfeditorfr","twitter_card":"summary_large_image","twitter_misc":{"\u00c9crit par":"cfeditorfr","Dur\u00e9e de lecture estim\u00e9e":"3 minutes"},"schema":{"@context":"https:\/\/schema.org","@graph":[{"@type":"Article","@id":"https:\/\/www.africa-press.net\/cotedivoire\/politique\/proces-de-soro-19-co-accuses-en-cote-divoire-des-avocats-de-la-defense-quittent-laudience#article","isPartOf":{"@id":"https:\/\/www.africa-press.net\/cotedivoire\/politique\/proces-de-soro-19-co-accuses-en-cote-divoire-des-avocats-de-la-defense-quittent-laudience"},"author":{"name":"cfeditorfr","@id":"https:\/\/www.africa-press.net\/cotedivoire\/#\/schema\/person\/2b1cf3cd81a31e3cd26889ca66d677f1"},"headline":"Proc\u00e8s de Soro 19 co-accus\u00e9s en C\u00f4te-d\u2019Ivoire: Des avocats de la D\u00e9fense quittent l\u2019audience","datePublished":"2021-05-27T18:12:46+00:00","dateModified":"2021-05-27T20:55:30+00:00","mainEntityOfPage":{"@id":"https:\/\/www.africa-press.net\/cotedivoire\/politique\/proces-de-soro-19-co-accuses-en-cote-divoire-des-avocats-de-la-defense-quittent-laudience"},"wordCount":668,"commentCount":0,"image":{"@id":"https:\/\/www.africa-press.net\/cotedivoire\/politique\/proces-de-soro-19-co-accuses-en-cote-divoire-des-avocats-de-la-defense-quittent-laudience#primaryimage"},"thumbnailUrl":"https:\/\/static.africa-press.net\/cote\/sites\/43\/2021\/05\/img-60afd300aafb9.jpg","keywords":["Africa Press","Africa Press-C\u00f4te d'Ivoire","C\u00d4TE D'IVOIRE"],"articleSection":["homepage-french","Politique","Top Nouvelles","Toutes les actualit\u00e9s"],"inLanguage":"fr-FR","potentialAction":[{"@type":"CommentAction","name":"Comment","target":["https:\/\/www.africa-press.net\/cotedivoire\/politique\/proces-de-soro-19-co-accuses-en-cote-divoire-des-avocats-de-la-defense-quittent-laudience#respond"]}]},{"@type":"WebPage","@id":"https:\/\/www.africa-press.net\/cotedivoire\/politique\/proces-de-soro-19-co-accuses-en-cote-divoire-des-avocats-de-la-defense-quittent-laudience","url":"https:\/\/www.africa-press.net\/cotedivoire\/politique\/proces-de-soro-19-co-accuses-en-cote-divoire-des-avocats-de-la-defense-quittent-laudience","name":"Proc\u00e8s de Soro 19 co-accus\u00e9s en C\u00f4te-d\u2019Ivoire: Des avocats de la D\u00e9fense quittent l\u2019audience - C\u00f4te d&#039;Ivoire","isPartOf":{"@id":"https:\/\/www.africa-press.net\/cotedivoire\/#website"},"primaryImageOfPage":{"@id":"https:\/\/www.africa-press.net\/cotedivoire\/politique\/proces-de-soro-19-co-accuses-en-cote-divoire-des-avocats-de-la-defense-quittent-laudience#primaryimage"},"image":{"@id":"https:\/\/www.africa-press.net\/cotedivoire\/politique\/proces-de-soro-19-co-accuses-en-cote-divoire-des-avocats-de-la-defense-quittent-laudience#primaryimage"},"thumbnailUrl":"https:\/\/static.africa-press.net\/cote\/sites\/43\/2021\/05\/img-60afd300aafb9.jpg","datePublished":"2021-05-27T18:12:46+00:00","dateModified":"2021-05-27T20:55:30+00:00","author":{"@id":"https:\/\/www.africa-press.net\/cotedivoire\/#\/schema\/person\/2b1cf3cd81a31e3cd26889ca66d677f1"},"description":"Serge Alain KOFFIOuvert le 19 mai, le proc\u00e8s devant le tribunal criminel de l\u2019ancien pr\u00e9sident de l\u2019Assembl\u00e9e nationale ...","breadcrumb":{"@id":"https:\/\/www.africa-press.net\/cotedivoire\/politique\/proces-de-soro-19-co-accuses-en-cote-divoire-des-avocats-de-la-defense-quittent-laudience#breadcrumb"},"inLanguage":"fr-FR","potentialAction":[{"@type":"ReadAction","target":["https:\/\/www.africa-press.net\/cotedivoire\/politique\/proces-de-soro-19-co-accuses-en-cote-divoire-des-avocats-de-la-defense-quittent-laudience"]}]},{"@type":"ImageObject","inLanguage":"fr-FR","@id":"https:\/\/www.africa-press.net\/cotedivoire\/politique\/proces-de-soro-19-co-accuses-en-cote-divoire-des-avocats-de-la-defense-quittent-laudience#primaryimage","url":"https:\/\/static.africa-press.net\/cote\/sites\/43\/2021\/05\/img-60afd300aafb9.jpg","contentUrl":"https:\/\/static.africa-press.net\/cote\/sites\/43\/2021\/05\/img-60afd300aafb9.jpg","width":1280,"height":720,"caption":"Proc\u00e8s de Soro 19 co-accus\u00e9s en C\u00f4te-d\u2019Ivoire: Des avocats de la D\u00e9fense quittent l\u2019audience"},{"@type":"BreadcrumbList","@id":"https:\/\/www.africa-press.net\/cotedivoire\/politique\/proces-de-soro-19-co-accuses-en-cote-divoire-des-avocats-de-la-defense-quittent-laudience#breadcrumb","itemListElement":[{"@type":"ListItem","position":1,"name":"Accueil","item":"https:\/\/www.africa-press.net\/cotedivoire\/"},{"@type":"ListItem","position":2,"name":"Proc\u00e8s de Soro 19 co-accus\u00e9s en C\u00f4te-d\u2019Ivoire: Des avocats de la D\u00e9fense quittent l\u2019audience"}]},{"@type":"WebSite","@id":"https:\/\/www.africa-press.net\/cotedivoire\/#website","url":"https:\/\/www.africa-press.net\/cotedivoire\/","name":"C\u00f4te d&#039;Ivoire","description":"Just another Africa News Agency Sites site","potentialAction":[{"@type":"SearchAction","target":{"@type":"EntryPoint","urlTemplate":"https:\/\/www.africa-press.net\/cotedivoire\/?s={search_term_string}"},"query-input":{"@type":"PropertyValueSpecification","valueRequired":true,"valueName":"search_term_string"}}],"inLanguage":"fr-FR"},{"@type":"Person","@id":"https:\/\/www.africa-press.net\/cotedivoire\/#\/schema\/person\/2b1cf3cd81a31e3cd26889ca66d677f1","name":"cfeditorfr"}]}},"_links":{"self":[{"href":"https:\/\/www.africa-press.net\/cotedivoire\/wp-json\/wp\/v2\/posts\/8244","targetHints":{"allow":["GET"]}}],"collection":[{"href":"https:\/\/www.africa-press.net\/cotedivoire\/wp-json\/wp\/v2\/posts"}],"about":[{"href":"https:\/\/www.africa-press.net\/cotedivoire\/wp-json\/wp\/v2\/types\/post"}],"author":[{"embeddable":true,"href":"https:\/\/www.africa-press.net\/cotedivoire\/wp-json\/wp\/v2\/users\/82"}],"replies":[{"embeddable":true,"href":"https:\/\/www.africa-press.net\/cotedivoire\/wp-json\/wp\/v2\/comments?post=8244"}],"version-history":[{"count":0,"href":"https:\/\/www.africa-press.net\/cotedivoire\/wp-json\/wp\/v2\/posts\/8244\/revisions"}],"wp:featuredmedia":[{"embeddable":true,"href":"https:\/\/www.africa-press.net\/cotedivoire\/wp-json\/wp\/v2\/media\/8243"}],"wp:attachment":[{"href":"https:\/\/www.africa-press.net\/cotedivoire\/wp-json\/wp\/v2\/media?parent=8244"}],"wp:term":[{"taxonomy":"category","embeddable":true,"href":"https:\/\/www.africa-press.net\/cotedivoire\/wp-json\/wp\/v2\/categories?post=8244"},{"taxonomy":"post_tag","embeddable":true,"href":"https:\/\/www.africa-press.net\/cotedivoire\/wp-json\/wp\/v2\/tags?post=8244"}],"curies":[{"name":"wp","href":"https:\/\/api.w.org\/{rel}","templated":true}]}}