{"id":8247,"date":"2021-05-27T18:18:30","date_gmt":"2021-05-27T18:18:30","guid":{"rendered":"https:\/\/www.africa-press.net\/cotedivoire\/?p=8247"},"modified":"2021-05-27T20:55:39","modified_gmt":"2021-05-27T20:55:39","slug":"civil-tue-a-gonate-cote-divoire-les-gendarmes-coupables-seront-radies-des-effectifs-affirme-le-general-apalo-toure","status":"publish","type":"post","link":"https:\/\/www.africa-press.net\/cotedivoire\/politique\/civil-tue-a-gonate-cote-divoire-les-gendarmes-coupables-seront-radies-des-effectifs-affirme-le-general-apalo-toure","title":{"rendered":"Civil tu\u00e9 \u00e0 Gonat\u00e9\/C\u00f4te-d\u2019Ivoire: Les gendarmes coupables \u00ab\u00a0seront radi\u00e9s des effectifs\u00a0\u00bb, affirme le g\u00e9n\u00e9ral Apalo Tour\u00e9"},"content":{"rendered":"<p><span style=\"color: #ff6600\"><strong><a href=\"https:\/\/www.africa-press.net\/\">Africa-Press<\/a> &#8211; <a href=\"https:\/\/www.africa-press.net\/cotedivoire\">C\u00f4te d&rsquo;Ivoire<\/a>.\u00a0 <\/strong><\/span>Les gendarmes impliqu\u00e9s dans la mort d\u2019un civil \u00e0 Gonat\u00e9 pr\u00e8s de Daloa (centre ouest ivoirien) \u00e0 la suite d\u2019une altercation \u00ab seront radi\u00e9s des effectifs de la Gendarmerie nationale \u00bb, a fait savoir son Commandant, le g\u00e9n\u00e9ral Apalo Tour\u00e9, lors d\u2019une visite \u00e0 la famille du d\u00e9funt.<\/p>\n<p>\u00c0 l\u2019occasion d\u2019une visite de \u00ab r\u00e9confort de l\u2019Etat \u00e0 la famille \u00bb du civil tu\u00e9, du nom d\u2019Abdoulaye Fofana, le Commandant sup\u00e9rieur de la Gendarmerie, le g\u00e9n\u00e9ral Apalo Tour\u00e9 a condamn\u00e9 l\u2019acte pos\u00e9 par les gendarmes \u00bb avant d\u2019ajouter que les fautifs \u00ab subiront la rigueur de la loi et seront radi\u00e9s des effectifs de la Gendarmerie Nationale \u00bb.<\/p>\n<p>Il a en outre, demand\u00e9 \u00ab pardon pour l\u2019acte criminel pos\u00e9 par les deux gendarmes avant de faire un don en num\u00e9raire pour aider les parents \u00e0 organiser les obs\u00e8ques. \u00bb<\/p>\n<p>Dans la nuit du lundi \u00e0 mardi, un civil a \u00e9t\u00e9 tu\u00e9 \u00e0 Gonat\u00e9, pr\u00e8s de Daloa (Centre ouest ivoirien) dans un \u00ab incident de tir \u00bb, suite \u00e0 une altercation avec deux mar\u00e9chaux de logis (MDL) de l\u2019\u00e9cole de la gendarmerie d\u2019Abidjan (EGA), encadrant des \u00e9l\u00e8ves, sous-officiers en partance de Bonon pour Daloa \u00e0 pieds.<\/p>\n<p>Il s\u2019agit des Mar\u00e9chaux des logis Brou Logba Elfried Pascal en service \u00e0 l\u2019Escadron 2\/1 Yopougon et Brou Kouassi Narcisse en service \u00e0 l\u2019Escadron 1\/1 Agban.<\/p>\n<p>\u00ab Suite \u00e0 une altercation avec certains jeunes, le Mar\u00e9chal des logis Brou Logba Elfried Pascal fait usage de son arme de type AK, atteignant mortellement un individu \u00bb, a expliqu\u00e9 une source s\u00e9curitaire, confirm\u00e9e par la Gendarmerie nationale dans une note peu apr\u00e8s.<\/p>\n<p>&nbsp;<\/p>\n","protected":false},"excerpt":{"rendered":"<p>Africa-Press &#8211; C\u00f4te d&rsquo;Ivoire.\u00a0 Les gendarmes impliqu\u00e9s dans la mort d\u2019un civil \u00e0 Gonat\u00e9 pr\u00e8s de Daloa (centre ouest ivoirien) \u00e0 la suite d\u2019une altercation \u00ab seront radi\u00e9s des effectifs de la Gendarmerie nationale \u00bb, a fait savoir son Commandant, le g\u00e9n\u00e9ral Apalo Tour\u00e9, lors d\u2019une visite \u00e0 la famille du d\u00e9funt. \u00c0 l\u2019occasion d\u2019une [&hellip;]<\/p>\n","protected":false},"author":82,"featured_media":8246,"comment_status":"open","ping_status":"closed","sticky":false,"template":"","format":"standard","meta":{"footnotes":""},"categories":[11,2,10],"tags":[56,63,29],"class_list":["post-8247","post","type-post","status-publish","format-standard","has-post-thumbnail","hentry","category-homepage-french","category-politique","category-toutes-les-actualites","tag-africa-press","tag-africa-press-cote-divoire","tag-cote-divoire"],"yoast_head":"<!-- This site is optimized with the Yoast SEO Premium plugin v26.1 (Yoast SEO v27.0) - https:\/\/yoast.com\/product\/yoast-seo-premium-wordpress\/ -->\n<title>Civil tu\u00e9 \u00e0 Gonat\u00e9\/C\u00f4te-d\u2019Ivoire: Les gendarmes coupables \u00ab\u00a0seront radi\u00e9s des effectifs\u00a0\u00bb, affirme le g\u00e9n\u00e9ral Apalo Tour\u00e9 - C\u00f4te d&#039;Ivoire<\/title>\n<meta name=\"description\" content=\"Djamal AKINBOLALes gendarmes impliqu\u00e9s dans la mort d\u2019un civil \u00e0 Gonat\u00e9 pr\u00e8s de Daloa (centre ouest ivoirien) \u00e0 la suit ...\" \/>\n<meta name=\"robots\" content=\"index, follow, max-snippet:-1, max-image-preview:large, max-video-preview:-1\" \/>\n<link rel=\"canonical\" href=\"https:\/\/www.africa-press.net\/cotedivoire\/politique\/civil-tue-a-gonate-cote-divoire-les-gendarmes-coupables-seront-radies-des-effectifs-affirme-le-general-apalo-toure\" \/>\n<meta property=\"og:locale\" content=\"fr_FR\" \/>\n<meta property=\"og:type\" content=\"article\" \/>\n<meta property=\"og:title\" content=\"Civil tu\u00e9 \u00e0 Gonat\u00e9\/C\u00f4te-d\u2019Ivoire: Les gendarmes coupables \u00ab\u00a0seront radi\u00e9s des effectifs\u00a0\u00bb, affirme le g\u00e9n\u00e9ral Apalo Tour\u00e9\" \/>\n<meta property=\"og:description\" content=\"Djamal AKINBOLALes gendarmes impliqu\u00e9s dans la mort d\u2019un civil \u00e0 Gonat\u00e9 pr\u00e8s de Daloa (centre ouest ivoirien) \u00e0 la suit ...\" \/>\n<meta property=\"og:url\" content=\"https:\/\/www.africa-press.net\/cotedivoire\/politique\/civil-tue-a-gonate-cote-divoire-les-gendarmes-coupables-seront-radies-des-effectifs-affirme-le-general-apalo-toure\" \/>\n<meta property=\"og:site_name\" content=\"C\u00f4te d&#039;Ivoire\" \/>\n<meta property=\"article:published_time\" content=\"2021-05-27T18:18:30+00:00\" \/>\n<meta property=\"article:modified_time\" content=\"2021-05-27T20:55:39+00:00\" \/>\n<meta property=\"og:image\" content=\"https:\/\/static.africa-press.net\/cote\/sites\/43\/2021\/05\/img-60afd3256ce2c.jpg\" \/>\n\t<meta property=\"og:image:width\" content=\"720\" \/>\n\t<meta property=\"og:image:height\" content=\"480\" \/>\n\t<meta property=\"og:image:type\" content=\"image\/jpeg\" \/>\n<meta name=\"author\" content=\"cfeditorfr\" \/>\n<meta name=\"twitter:card\" content=\"summary_large_image\" \/>\n<meta name=\"twitter:label1\" content=\"\u00c9crit par\" \/>\n\t<meta name=\"twitter:data1\" content=\"cfeditorfr\" \/>\n\t<meta name=\"twitter:label2\" content=\"Dur\u00e9e de lecture estim\u00e9e\" \/>\n\t<meta name=\"twitter:data2\" content=\"2 minutes\" \/>\n<script type=\"application\/ld+json\" class=\"yoast-schema-graph\">{\"@context\":\"https:\/\/schema.org\",\"@graph\":[{\"@type\":\"Article\",\"@id\":\"https:\/\/www.africa-press.net\/cotedivoire\/politique\/civil-tue-a-gonate-cote-divoire-les-gendarmes-coupables-seront-radies-des-effectifs-affirme-le-general-apalo-toure#article\",\"isPartOf\":{\"@id\":\"https:\/\/www.africa-press.net\/cotedivoire\/politique\/civil-tue-a-gonate-cote-divoire-les-gendarmes-coupables-seront-radies-des-effectifs-affirme-le-general-apalo-toure\"},\"author\":{\"name\":\"cfeditorfr\",\"@id\":\"https:\/\/www.africa-press.net\/cotedivoire\/#\/schema\/person\/2b1cf3cd81a31e3cd26889ca66d677f1\"},\"headline\":\"Civil tu\u00e9 \u00e0 Gonat\u00e9\/C\u00f4te-d\u2019Ivoire: Les gendarmes coupables \u00ab\u00a0seront radi\u00e9s des effectifs\u00a0\u00bb, affirme le g\u00e9n\u00e9ral Apalo Tour\u00e9\",\"datePublished\":\"2021-05-27T18:18:30+00:00\",\"dateModified\":\"2021-05-27T20:55:39+00:00\",\"mainEntityOfPage\":{\"@id\":\"https:\/\/www.africa-press.net\/cotedivoire\/politique\/civil-tue-a-gonate-cote-divoire-les-gendarmes-coupables-seront-radies-des-effectifs-affirme-le-general-apalo-toure\"},\"wordCount\":301,\"commentCount\":0,\"image\":{\"@id\":\"https:\/\/www.africa-press.net\/cotedivoire\/politique\/civil-tue-a-gonate-cote-divoire-les-gendarmes-coupables-seront-radies-des-effectifs-affirme-le-general-apalo-toure#primaryimage\"},\"thumbnailUrl\":\"https:\/\/static.africa-press.net\/cote\/sites\/43\/2021\/05\/img-60afd3256ce2c.jpg\",\"keywords\":[\"Africa Press\",\"Africa Press-C\u00f4te d'Ivoire\",\"C\u00d4TE D'IVOIRE\"],\"articleSection\":[\"homepage-french\",\"Politique\",\"Toutes les actualit\u00e9s\"],\"inLanguage\":\"fr-FR\",\"potentialAction\":[{\"@type\":\"CommentAction\",\"name\":\"Comment\",\"target\":[\"https:\/\/www.africa-press.net\/cotedivoire\/politique\/civil-tue-a-gonate-cote-divoire-les-gendarmes-coupables-seront-radies-des-effectifs-affirme-le-general-apalo-toure#respond\"]}]},{\"@type\":\"WebPage\",\"@id\":\"https:\/\/www.africa-press.net\/cotedivoire\/politique\/civil-tue-a-gonate-cote-divoire-les-gendarmes-coupables-seront-radies-des-effectifs-affirme-le-general-apalo-toure\",\"url\":\"https:\/\/www.africa-press.net\/cotedivoire\/politique\/civil-tue-a-gonate-cote-divoire-les-gendarmes-coupables-seront-radies-des-effectifs-affirme-le-general-apalo-toure\",\"name\":\"Civil tu\u00e9 \u00e0 Gonat\u00e9\/C\u00f4te-d\u2019Ivoire: Les gendarmes coupables \u00ab\u00a0seront radi\u00e9s des effectifs\u00a0\u00bb, affirme le g\u00e9n\u00e9ral Apalo Tour\u00e9 - C\u00f4te d&#039;Ivoire\",\"isPartOf\":{\"@id\":\"https:\/\/www.africa-press.net\/cotedivoire\/#website\"},\"primaryImageOfPage\":{\"@id\":\"https:\/\/www.africa-press.net\/cotedivoire\/politique\/civil-tue-a-gonate-cote-divoire-les-gendarmes-coupables-seront-radies-des-effectifs-affirme-le-general-apalo-toure#primaryimage\"},\"image\":{\"@id\":\"https:\/\/www.africa-press.net\/cotedivoire\/politique\/civil-tue-a-gonate-cote-divoire-les-gendarmes-coupables-seront-radies-des-effectifs-affirme-le-general-apalo-toure#primaryimage\"},\"thumbnailUrl\":\"https:\/\/static.africa-press.net\/cote\/sites\/43\/2021\/05\/img-60afd3256ce2c.jpg\",\"datePublished\":\"2021-05-27T18:18:30+00:00\",\"dateModified\":\"2021-05-27T20:55:39+00:00\",\"author\":{\"@id\":\"https:\/\/www.africa-press.net\/cotedivoire\/#\/schema\/person\/2b1cf3cd81a31e3cd26889ca66d677f1\"},\"description\":\"Djamal AKINBOLALes gendarmes impliqu\u00e9s dans la mort d\u2019un civil \u00e0 Gonat\u00e9 pr\u00e8s de Daloa (centre ouest ivoirien) \u00e0 la suit ...\",\"breadcrumb\":{\"@id\":\"https:\/\/www.africa-press.net\/cotedivoire\/politique\/civil-tue-a-gonate-cote-divoire-les-gendarmes-coupables-seront-radies-des-effectifs-affirme-le-general-apalo-toure#breadcrumb\"},\"inLanguage\":\"fr-FR\",\"potentialAction\":[{\"@type\":\"ReadAction\",\"target\":[\"https:\/\/www.africa-press.net\/cotedivoire\/politique\/civil-tue-a-gonate-cote-divoire-les-gendarmes-coupables-seront-radies-des-effectifs-affirme-le-general-apalo-toure\"]}]},{\"@type\":\"ImageObject\",\"inLanguage\":\"fr-FR\",\"@id\":\"https:\/\/www.africa-press.net\/cotedivoire\/politique\/civil-tue-a-gonate-cote-divoire-les-gendarmes-coupables-seront-radies-des-effectifs-affirme-le-general-apalo-toure#primaryimage\",\"url\":\"https:\/\/static.africa-press.net\/cote\/sites\/43\/2021\/05\/img-60afd3256ce2c.jpg\",\"contentUrl\":\"https:\/\/static.africa-press.net\/cote\/sites\/43\/2021\/05\/img-60afd3256ce2c.jpg\",\"width\":720,\"height\":480,\"caption\":\"Civil tu\u00e9 \u00e0 Gonat\u00e9\/C\u00f4te-d\u2019Ivoire: Les gendarmes coupables \u00ab\u00a0seront radi\u00e9s des effectifs\u00a0\u00bb, affirme le g\u00e9n\u00e9ral Apalo Tour\u00e9\"},{\"@type\":\"BreadcrumbList\",\"@id\":\"https:\/\/www.africa-press.net\/cotedivoire\/politique\/civil-tue-a-gonate-cote-divoire-les-gendarmes-coupables-seront-radies-des-effectifs-affirme-le-general-apalo-toure#breadcrumb\",\"itemListElement\":[{\"@type\":\"ListItem\",\"position\":1,\"name\":\"Accueil\",\"item\":\"https:\/\/www.africa-press.net\/cotedivoire\/\"},{\"@type\":\"ListItem\",\"position\":2,\"name\":\"Civil tu\u00e9 \u00e0 Gonat\u00e9\/C\u00f4te-d\u2019Ivoire: Les gendarmes coupables \u00ab\u00a0seront radi\u00e9s des effectifs\u00a0\u00bb, affirme le g\u00e9n\u00e9ral Apalo Tour\u00e9\"}]},{\"@type\":\"WebSite\",\"@id\":\"https:\/\/www.africa-press.net\/cotedivoire\/#website\",\"url\":\"https:\/\/www.africa-press.net\/cotedivoire\/\",\"name\":\"C\u00f4te d&#039;Ivoire\",\"description\":\"Just another Africa News Agency Sites site\",\"potentialAction\":[{\"@type\":\"SearchAction\",\"target\":{\"@type\":\"EntryPoint\",\"urlTemplate\":\"https:\/\/www.africa-press.net\/cotedivoire\/?s={search_term_string}\"},\"query-input\":{\"@type\":\"PropertyValueSpecification\",\"valueRequired\":true,\"valueName\":\"search_term_string\"}}],\"inLanguage\":\"fr-FR\"},{\"@type\":\"Person\",\"@id\":\"https:\/\/www.africa-press.net\/cotedivoire\/#\/schema\/person\/2b1cf3cd81a31e3cd26889ca66d677f1\",\"name\":\"cfeditorfr\"}]}<\/script>\n<!-- \/ Yoast SEO Premium plugin. -->","yoast_head_json":{"title":"Civil tu\u00e9 \u00e0 Gonat\u00e9\/C\u00f4te-d\u2019Ivoire: Les gendarmes coupables \u00ab\u00a0seront radi\u00e9s des effectifs\u00a0\u00bb, affirme le g\u00e9n\u00e9ral Apalo Tour\u00e9 - C\u00f4te d&#039;Ivoire","description":"Djamal AKINBOLALes gendarmes impliqu\u00e9s dans la mort d\u2019un civil \u00e0 Gonat\u00e9 pr\u00e8s de Daloa (centre ouest ivoirien) \u00e0 la suit ...","robots":{"index":"index","follow":"follow","max-snippet":"max-snippet:-1","max-image-preview":"max-image-preview:large","max-video-preview":"max-video-preview:-1"},"canonical":"https:\/\/www.africa-press.net\/cotedivoire\/politique\/civil-tue-a-gonate-cote-divoire-les-gendarmes-coupables-seront-radies-des-effectifs-affirme-le-general-apalo-toure","og_locale":"fr_FR","og_type":"article","og_title":"Civil tu\u00e9 \u00e0 Gonat\u00e9\/C\u00f4te-d\u2019Ivoire: Les gendarmes coupables \u00ab\u00a0seront radi\u00e9s des effectifs\u00a0\u00bb, affirme le g\u00e9n\u00e9ral Apalo Tour\u00e9","og_description":"Djamal AKINBOLALes gendarmes impliqu\u00e9s dans la mort d\u2019un civil \u00e0 Gonat\u00e9 pr\u00e8s de Daloa (centre ouest ivoirien) \u00e0 la suit ...","og_url":"https:\/\/www.africa-press.net\/cotedivoire\/politique\/civil-tue-a-gonate-cote-divoire-les-gendarmes-coupables-seront-radies-des-effectifs-affirme-le-general-apalo-toure","og_site_name":"C\u00f4te d&#039;Ivoire","article_published_time":"2021-05-27T18:18:30+00:00","article_modified_time":"2021-05-27T20:55:39+00:00","og_image":[{"width":720,"height":480,"url":"https:\/\/static.africa-press.net\/cote\/sites\/43\/2021\/05\/img-60afd3256ce2c.jpg","type":"image\/jpeg"}],"author":"cfeditorfr","twitter_card":"summary_large_image","twitter_misc":{"\u00c9crit par":"cfeditorfr","Dur\u00e9e de lecture estim\u00e9e":"2 minutes"},"schema":{"@context":"https:\/\/schema.org","@graph":[{"@type":"Article","@id":"https:\/\/www.africa-press.net\/cotedivoire\/politique\/civil-tue-a-gonate-cote-divoire-les-gendarmes-coupables-seront-radies-des-effectifs-affirme-le-general-apalo-toure#article","isPartOf":{"@id":"https:\/\/www.africa-press.net\/cotedivoire\/politique\/civil-tue-a-gonate-cote-divoire-les-gendarmes-coupables-seront-radies-des-effectifs-affirme-le-general-apalo-toure"},"author":{"name":"cfeditorfr","@id":"https:\/\/www.africa-press.net\/cotedivoire\/#\/schema\/person\/2b1cf3cd81a31e3cd26889ca66d677f1"},"headline":"Civil tu\u00e9 \u00e0 Gonat\u00e9\/C\u00f4te-d\u2019Ivoire: Les gendarmes coupables \u00ab\u00a0seront radi\u00e9s des effectifs\u00a0\u00bb, affirme le g\u00e9n\u00e9ral Apalo Tour\u00e9","datePublished":"2021-05-27T18:18:30+00:00","dateModified":"2021-05-27T20:55:39+00:00","mainEntityOfPage":{"@id":"https:\/\/www.africa-press.net\/cotedivoire\/politique\/civil-tue-a-gonate-cote-divoire-les-gendarmes-coupables-seront-radies-des-effectifs-affirme-le-general-apalo-toure"},"wordCount":301,"commentCount":0,"image":{"@id":"https:\/\/www.africa-press.net\/cotedivoire\/politique\/civil-tue-a-gonate-cote-divoire-les-gendarmes-coupables-seront-radies-des-effectifs-affirme-le-general-apalo-toure#primaryimage"},"thumbnailUrl":"https:\/\/static.africa-press.net\/cote\/sites\/43\/2021\/05\/img-60afd3256ce2c.jpg","keywords":["Africa Press","Africa Press-C\u00f4te d'Ivoire","C\u00d4TE D'IVOIRE"],"articleSection":["homepage-french","Politique","Toutes les actualit\u00e9s"],"inLanguage":"fr-FR","potentialAction":[{"@type":"CommentAction","name":"Comment","target":["https:\/\/www.africa-press.net\/cotedivoire\/politique\/civil-tue-a-gonate-cote-divoire-les-gendarmes-coupables-seront-radies-des-effectifs-affirme-le-general-apalo-toure#respond"]}]},{"@type":"WebPage","@id":"https:\/\/www.africa-press.net\/cotedivoire\/politique\/civil-tue-a-gonate-cote-divoire-les-gendarmes-coupables-seront-radies-des-effectifs-affirme-le-general-apalo-toure","url":"https:\/\/www.africa-press.net\/cotedivoire\/politique\/civil-tue-a-gonate-cote-divoire-les-gendarmes-coupables-seront-radies-des-effectifs-affirme-le-general-apalo-toure","name":"Civil tu\u00e9 \u00e0 Gonat\u00e9\/C\u00f4te-d\u2019Ivoire: Les gendarmes coupables \u00ab\u00a0seront radi\u00e9s des effectifs\u00a0\u00bb, affirme le g\u00e9n\u00e9ral Apalo Tour\u00e9 - C\u00f4te d&#039;Ivoire","isPartOf":{"@id":"https:\/\/www.africa-press.net\/cotedivoire\/#website"},"primaryImageOfPage":{"@id":"https:\/\/www.africa-press.net\/cotedivoire\/politique\/civil-tue-a-gonate-cote-divoire-les-gendarmes-coupables-seront-radies-des-effectifs-affirme-le-general-apalo-toure#primaryimage"},"image":{"@id":"https:\/\/www.africa-press.net\/cotedivoire\/politique\/civil-tue-a-gonate-cote-divoire-les-gendarmes-coupables-seront-radies-des-effectifs-affirme-le-general-apalo-toure#primaryimage"},"thumbnailUrl":"https:\/\/static.africa-press.net\/cote\/sites\/43\/2021\/05\/img-60afd3256ce2c.jpg","datePublished":"2021-05-27T18:18:30+00:00","dateModified":"2021-05-27T20:55:39+00:00","author":{"@id":"https:\/\/www.africa-press.net\/cotedivoire\/#\/schema\/person\/2b1cf3cd81a31e3cd26889ca66d677f1"},"description":"Djamal AKINBOLALes gendarmes impliqu\u00e9s dans la mort d\u2019un civil \u00e0 Gonat\u00e9 pr\u00e8s de Daloa (centre ouest ivoirien) \u00e0 la suit ...","breadcrumb":{"@id":"https:\/\/www.africa-press.net\/cotedivoire\/politique\/civil-tue-a-gonate-cote-divoire-les-gendarmes-coupables-seront-radies-des-effectifs-affirme-le-general-apalo-toure#breadcrumb"},"inLanguage":"fr-FR","potentialAction":[{"@type":"ReadAction","target":["https:\/\/www.africa-press.net\/cotedivoire\/politique\/civil-tue-a-gonate-cote-divoire-les-gendarmes-coupables-seront-radies-des-effectifs-affirme-le-general-apalo-toure"]}]},{"@type":"ImageObject","inLanguage":"fr-FR","@id":"https:\/\/www.africa-press.net\/cotedivoire\/politique\/civil-tue-a-gonate-cote-divoire-les-gendarmes-coupables-seront-radies-des-effectifs-affirme-le-general-apalo-toure#primaryimage","url":"https:\/\/static.africa-press.net\/cote\/sites\/43\/2021\/05\/img-60afd3256ce2c.jpg","contentUrl":"https:\/\/static.africa-press.net\/cote\/sites\/43\/2021\/05\/img-60afd3256ce2c.jpg","width":720,"height":480,"caption":"Civil tu\u00e9 \u00e0 Gonat\u00e9\/C\u00f4te-d\u2019Ivoire: Les gendarmes coupables \u00ab\u00a0seront radi\u00e9s des effectifs\u00a0\u00bb, affirme le g\u00e9n\u00e9ral Apalo Tour\u00e9"},{"@type":"BreadcrumbList","@id":"https:\/\/www.africa-press.net\/cotedivoire\/politique\/civil-tue-a-gonate-cote-divoire-les-gendarmes-coupables-seront-radies-des-effectifs-affirme-le-general-apalo-toure#breadcrumb","itemListElement":[{"@type":"ListItem","position":1,"name":"Accueil","item":"https:\/\/www.africa-press.net\/cotedivoire\/"},{"@type":"ListItem","position":2,"name":"Civil tu\u00e9 \u00e0 Gonat\u00e9\/C\u00f4te-d\u2019Ivoire: Les gendarmes coupables \u00ab\u00a0seront radi\u00e9s des effectifs\u00a0\u00bb, affirme le g\u00e9n\u00e9ral Apalo Tour\u00e9"}]},{"@type":"WebSite","@id":"https:\/\/www.africa-press.net\/cotedivoire\/#website","url":"https:\/\/www.africa-press.net\/cotedivoire\/","name":"C\u00f4te d&#039;Ivoire","description":"Just another Africa News Agency Sites site","potentialAction":[{"@type":"SearchAction","target":{"@type":"EntryPoint","urlTemplate":"https:\/\/www.africa-press.net\/cotedivoire\/?s={search_term_string}"},"query-input":{"@type":"PropertyValueSpecification","valueRequired":true,"valueName":"search_term_string"}}],"inLanguage":"fr-FR"},{"@type":"Person","@id":"https:\/\/www.africa-press.net\/cotedivoire\/#\/schema\/person\/2b1cf3cd81a31e3cd26889ca66d677f1","name":"cfeditorfr"}]}},"_links":{"self":[{"href":"https:\/\/www.africa-press.net\/cotedivoire\/wp-json\/wp\/v2\/posts\/8247","targetHints":{"allow":["GET"]}}],"collection":[{"href":"https:\/\/www.africa-press.net\/cotedivoire\/wp-json\/wp\/v2\/posts"}],"about":[{"href":"https:\/\/www.africa-press.net\/cotedivoire\/wp-json\/wp\/v2\/types\/post"}],"author":[{"embeddable":true,"href":"https:\/\/www.africa-press.net\/cotedivoire\/wp-json\/wp\/v2\/users\/82"}],"replies":[{"embeddable":true,"href":"https:\/\/www.africa-press.net\/cotedivoire\/wp-json\/wp\/v2\/comments?post=8247"}],"version-history":[{"count":0,"href":"https:\/\/www.africa-press.net\/cotedivoire\/wp-json\/wp\/v2\/posts\/8247\/revisions"}],"wp:featuredmedia":[{"embeddable":true,"href":"https:\/\/www.africa-press.net\/cotedivoire\/wp-json\/wp\/v2\/media\/8246"}],"wp:attachment":[{"href":"https:\/\/www.africa-press.net\/cotedivoire\/wp-json\/wp\/v2\/media?parent=8247"}],"wp:term":[{"taxonomy":"category","embeddable":true,"href":"https:\/\/www.africa-press.net\/cotedivoire\/wp-json\/wp\/v2\/categories?post=8247"},{"taxonomy":"post_tag","embeddable":true,"href":"https:\/\/www.africa-press.net\/cotedivoire\/wp-json\/wp\/v2\/tags?post=8247"}],"curies":[{"name":"wp","href":"https:\/\/api.w.org\/{rel}","templated":true}]}}