{"id":8250,"date":"2021-05-27T18:26:16","date_gmt":"2021-05-27T18:26:16","guid":{"rendered":"https:\/\/www.africa-press.net\/cotedivoire\/?p=8250"},"modified":"2021-05-27T20:55:58","modified_gmt":"2021-05-27T20:55:58","slug":"cote-divoire-le-conseil-national-de-securite-deplore-les-affrontements-entre-nigeriens-et-ivoiriens","status":"publish","type":"post","link":"https:\/\/www.africa-press.net\/cotedivoire\/politique\/cote-divoire-le-conseil-national-de-securite-deplore-les-affrontements-entre-nigeriens-et-ivoiriens","title":{"rendered":"Le Conseil National de S\u00e9curit\u00e9 d\u00e9plore \u00ab\u00a0les affrontements entre Nig\u00e9riens et Ivoiriens\u00a0\u00bb"},"content":{"rendered":"<p><span style=\"color: #ff6600\"><strong><a href=\"https:\/\/www.africa-press.net\/\">Africa-Press<\/a> &#8211; <a href=\"https:\/\/www.africa-press.net\/cotedivoire\">C\u00f4te d&rsquo;Ivoire<\/a>.\u00a0 <\/strong><\/span>Le Pr\u00e9sident de la R\u00e9publique, S.E.M. Alassane OUATTARA, a pr\u00e9sid\u00e9, ce jeudi 27 mai 2021,<\/p>\n<p>au Palais de la Pr\u00e9sidence de la R\u00e9publique, une r\u00e9union du Conseil National de S\u00e9curit\u00e9 (CNS).<br \/>\nL\u2019ordre du jour a port\u00e9 sur deux points :<\/p>\n<p>1- La situation s\u00e9curitaire g\u00e9n\u00e9rale ;<br \/>\n2- L\u2019\u00e9volution de la pand\u00e9mie de coronavirus 2019 (COVID-19) en C\u00f4te d\u2019Ivoire.<\/p>\n<p>1 \u2013 AU TITRE DE LA SITUATION SECURITAIRE GENERALE<\/p>\n<p>A la suite de l\u2019analyse faite par le Ministre de l\u2019Int\u00e9rieur et de la S\u00e9curit\u00e9, le Conseil National de<br \/>\nS\u00e9curit\u00e9 note, avec satisfaction, que depuis sa derni\u00e8re r\u00e9union du 29 avril 2021, la situation<br \/>\ns\u00e9curitaire est g\u00e9n\u00e9ralement calme sur l\u2019ensemble du territoire. Le Conseil National de S\u00e9curit\u00e9<br \/>\nd\u00e9plore, cependant, les affrontements entre Nig\u00e9riens et Ivoiriens, survenus le 19 mai 2021,<br \/>\ndans plusieurs quartiers d\u2019Abidjan et villes de C\u00f4te d\u2019Ivoire.<\/p>\n<p>Ces affrontements ont eu pour origine, la publication d\u2019une vid\u00e9o sur les r\u00e9seaux sociaux,<br \/>\nmontrant des actes de violence commis, sur des individus, consid\u00e9r\u00e9s \u00e0 tort comme \u00e9tant des<br \/>\nIvoiriens.<\/p>\n<p>Le bilan de ces affrontements s\u2019\u00e9tablit comme suit :<\/p>\n<p>\u2013 01 Nig\u00e9rien d\u00e9c\u00e9d\u00e9 ;<br \/>\n\u2013 39 Nig\u00e9riens bless\u00e9s dont 06 cas graves ;<br \/>\n\u2013 01 Officier de Police l\u00e9g\u00e8rement bless\u00e9 ;<br \/>\n\u2013 51 commerces pill\u00e9s et 22 incendi\u00e9s ;<br \/>\n\u2013 14 v\u00e9hicules saccag\u00e9s ;<br \/>\n\u2013 21 millions de francs CFA d\u00e9clar\u00e9s emport\u00e9s.<\/p>\n<p>Le Conseil National de S\u00e9curit\u00e9 a \u00e9t\u00e9 inform\u00e9 que les enqu\u00eates sont en cours pour identifier les<br \/>\nacteurs et les instigateurs de ces violences. A ce jour, 38 personnes ont \u00e9t\u00e9 interpell\u00e9es par la<br \/>\npolice. Des armes blanches ont \u00e9galement \u00e9t\u00e9 saisies.<br \/>\nLe Pr\u00e9sident de la R\u00e9publique, tout en condamnant fermement ces affrontements, f\u00e9licite les<br \/>\nForces de D\u00e9fense et de S\u00e9curit\u00e9 pour avoir rapidement mis un terme aux violences. Il a<br \/>\ndemand\u00e9 que des actions vigoureuses soient prises en vue de mettre fin aux messages et<br \/>\ndiscours haineux sur les r\u00e9seaux sociaux, notamment par le renforcement des dispositifs de<br \/>\ncontr\u00f4le de ces plateformes et l\u2019intensification de la r\u00e9pression.<br \/>\nLe Chef de l\u2019Etat pr\u00e9sente ses sinc\u00e8res condol\u00e9ances \u00e0 la famille de la victime d\u00e9c\u00e9d\u00e9e et<br \/>\nformule des v\u0153ux de prompt r\u00e9tablissement \u00e0 tous les bless\u00e9s.<br \/>\nL\u2019analyse de la situation s\u00e9curitaire a aussi fait ressortir une baisse du nombre d\u2019accidents de la<br \/>\nvoie publique, en mai 2021.<br \/>\nLe Conseil National de S\u00e9curit\u00e9 a pris note de cette l\u00e9g\u00e8re baisse tout en d\u00e9plorant le nombre<br \/>\ntoujours \u00e9lev\u00e9 d\u2019accidents.<br \/>\nAussi, le Pr\u00e9sident de la R\u00e9publique a-t-il instruit le Premier Ministre, Chef du Gouvernement, \u00e0<br \/>\nl\u2019effet d\u2019acc\u00e9l\u00e9rer les r\u00e9formes visant \u00e0 r\u00e9duire significativement le nombre d\u2019accidents de la<br \/>\nvoie publique.<br \/>\nLe Pr\u00e9sident de la R\u00e9publique a, enfin, f\u00e9licit\u00e9 les Grands Commandements des Forces de<br \/>\nD\u00e9fense et de S\u00e9curit\u00e9 pour l\u2019am\u00e9lioration de la situation s\u00e9curitaire constat\u00e9e depuis la<br \/>\nderni\u00e8re r\u00e9union du Conseil National de S\u00e9curit\u00e9. Il les a, par ailleurs, exhort\u00e9s \u00e0 prendre<br \/>\ntoutes les dispositions afin que cette am\u00e9lioration se poursuive et que, notamment, les<br \/>\nprochaines vacances scolaires se passent dans la qui\u00e9tude.<\/p>\n<p>2 \u2013 AU TITRE DE L\u2019\u00c9VOLUTION DE LA PAND\u00c9MIE DE CORONAVIRUS 2019 (COVID-<br \/>\n19) EN C\u00d4TE D\u2019IVOIRE<\/p>\n<p>Le Ministre de la Sant\u00e9, de l\u2019Hygi\u00e8ne Publique et de la Couverture Maladie Universelle a fait un<br \/>\npoint de situation sur l\u2019\u00e9volution de la pand\u00e9mie de COVID-19 dans notre pays.<br \/>\nAinsi, \u00e0 la date du mercredi 26 mai 2021, la C\u00f4te d\u2019Ivoire d\u00e9nombrait 47 085 cas confirm\u00e9s de<br \/>\nCOVID-19 dont 46 504 gu\u00e9ris, 301 d\u00e9c\u00e8s et 280 cas actifs. Il est \u00e0 noter que le nombre<br \/>\nmoyen de cas positifs a consid\u00e9rablement baiss\u00e9 d\u2019avril \u00e0 mai, avec 72 cas, par jour, en avril<br \/>\ncontre 40 en mai, montrant ainsi que l\u2019\u00e9pid\u00e9mie est dans une phase d\u00e9croissante.<br \/>\nLe Conseil National de S\u00e9curit\u00e9, tout en se r\u00e9jouissant de ces signes encourageants, appelle<br \/>\ntoutefois les populations \u00e0 la vigilance, car les nombreuses interactions sociales li\u00e9es aux<br \/>\n\u00e9v\u00e8nements religieux et aux prochaines vacances scolaires ainsi que la saison des pluies,<br \/>\npourraient \u00eatre des facteurs d\u2019accroissement du taux de positivit\u00e9.<br \/>\nLe Ministre en charge de la Sant\u00e9 a \u00e9galement inform\u00e9 le Conseil National de S\u00e9curit\u00e9 que la<br \/>\ncampagne de vaccination, d\u00e9marr\u00e9e depuis deux (02) mois, a enregistr\u00e9, au 26 mai 2021, 517<br \/>\n199 doses de vaccins administr\u00e9es avec plus de 56 000 personnes, ayant re\u00e7u les deux (2)<br \/>\ndoses requises.<br \/>\nSelon le Ministre, ce r\u00e9sultat est le fruit de l\u2019intensification de la campagne vaccinale, men\u00e9e<br \/>\ndans les r\u00e9gions et districts sanitaires, depuis le mercredi 27 avril 2021.<\/p>\n<p>Le Conseil National de S\u00e9curit\u00e9 a not\u00e9, avec satisfaction, les chiffres relatifs \u00e0 la vaccination<br \/>\ndans notre pays. Cependant, le Conseil National de S\u00e9curit\u00e9 a instruit le Ministre en charge de<br \/>\nla Sant\u00e9 \u00e0 l\u2019effet d\u2019\u00e9viter toute interruption de la campagne vaccinale. A cet \u00e9gard, il devra<br \/>\ns\u2019assurer de l\u2019approvisionnement, en quantit\u00e9s suffisantes, de doses de vaccins. Il devra,<br \/>\nnotamment, proc\u00e9der, avec l\u2019appui de la Banque Mondiale, \u00e0 l\u2019acquisition de 2,2 millions de<br \/>\ndoses de vaccins en juin 2021 et 1,5 millions de doses en juillet 2021. Le Ministre en charge de<br \/>\nla Sant\u00e9 a \u00e9galement \u00e9t\u00e9 instruit de suivre l\u2019acquisition des 1,2 millions de doses de vaccins,<br \/>\npr\u00e9vus dans le cadre de l\u2019initiative COVAX, qui permettront la poursuite de la vaccination, \u00e0<br \/>\npartir de septembre 2021.<br \/>\nLe Pr\u00e9sident de la R\u00e9publique a, pour sa part, rappel\u00e9 l\u2019importance de la vaccination dans la<br \/>\nstrat\u00e9gie de lutte contre la COVID-19, et a exhort\u00e9 les populations de 18 ans et plus \u00e0 se faire<br \/>\nvacciner.<br \/>\nLe Pr\u00e9sident de la R\u00e9publique a \u00e9galement insist\u00e9 sur l\u2019importance du port du masque dans les<br \/>\nlieux publics, la distanciation physique, le lavage r\u00e9gulier des mains ainsi que sur la n\u00e9cessit\u00e9,<br \/>\npour les populations, \u00e0 se faire tester contre la COVID-19.<br \/>\nA cet \u00e9gard, le Pr\u00e9sident de la R\u00e9publique a instruit le Premier Ministre, Chef du Gouvernement,<br \/>\n\u00e0 l\u2019effet de prendre toutes les dispositions pour l\u2019acquisition, dans les d\u00e9lais, des masques<br \/>\nchirurgicaux, des vaccins et des intrants n\u00e9cessaires pour les tests anti-COVID-19.<\/p>\n<p>Le Pr\u00e9sident de la R\u00e9publique a, enfin, r\u00e9it\u00e9r\u00e9 ses encouragements \u00e0 tous les acteurs impliqu\u00e9s<br \/>\ndans la lutte contre la COVID-19, et a invit\u00e9, de nouveau, les populations vivant en C\u00f4te<br \/>\nd\u2019Ivoire \u00e0 se faire tester et vacciner, tout en continuant \u00e0 respecter scrupuleusement les<br \/>\nmesures barri\u00e8res.<\/p>\n<p>&nbsp;<\/p>\n","protected":false},"excerpt":{"rendered":"<p>Africa-Press &#8211; C\u00f4te d&rsquo;Ivoire.\u00a0 Le Pr\u00e9sident de la R\u00e9publique, S.E.M. Alassane OUATTARA, a pr\u00e9sid\u00e9, ce jeudi 27 mai 2021, au Palais de la Pr\u00e9sidence de la R\u00e9publique, une r\u00e9union du Conseil National de S\u00e9curit\u00e9 (CNS). L\u2019ordre du jour a port\u00e9 sur deux points : 1- La situation s\u00e9curitaire g\u00e9n\u00e9rale ; 2- L\u2019\u00e9volution de la pand\u00e9mie [&hellip;]<\/p>\n","protected":false},"author":82,"featured_media":8249,"comment_status":"open","ping_status":"closed","sticky":false,"template":"","format":"standard","meta":{"footnotes":""},"categories":[11,2,20,10],"tags":[56,63,29],"class_list":["post-8250","post","type-post","status-publish","format-standard","has-post-thumbnail","hentry","category-homepage-french","category-politique","category-top-nouvelles","category-toutes-les-actualites","tag-africa-press","tag-africa-press-cote-divoire","tag-cote-divoire"],"yoast_head":"<!-- This site is optimized with the Yoast SEO Premium plugin v26.1 (Yoast SEO v27.0) - https:\/\/yoast.com\/product\/yoast-seo-premium-wordpress\/ -->\n<title>Le Conseil National de S\u00e9curit\u00e9 d\u00e9plore \u00ab\u00a0les affrontements entre Nig\u00e9riens et Ivoiriens\u00a0\u00bb - C\u00f4te d&#039;Ivoire<\/title>\n<meta name=\"description\" content=\"Communiqu\u00e9 duConseil National de S\u00e9curit\u00e9 Le Pr\u00e9sident de la R\u00e9publique, S.E.M. Alassane OUATTARA, a pr\u00e9sid\u00e9, ce jeudi ...\" \/>\n<meta name=\"robots\" content=\"index, follow, max-snippet:-1, max-image-preview:large, max-video-preview:-1\" \/>\n<link rel=\"canonical\" href=\"https:\/\/www.africa-press.net\/cotedivoire\/politique\/cote-divoire-le-conseil-national-de-securite-deplore-les-affrontements-entre-nigeriens-et-ivoiriens\" \/>\n<meta property=\"og:locale\" content=\"fr_FR\" \/>\n<meta property=\"og:type\" content=\"article\" \/>\n<meta property=\"og:title\" content=\"Le Conseil National de S\u00e9curit\u00e9 d\u00e9plore \u00ab\u00a0les affrontements entre Nig\u00e9riens et Ivoiriens\u00a0\u00bb\" \/>\n<meta property=\"og:description\" content=\"Communiqu\u00e9 duConseil National de S\u00e9curit\u00e9 Le Pr\u00e9sident de la R\u00e9publique, S.E.M. Alassane OUATTARA, a pr\u00e9sid\u00e9, ce jeudi ...\" \/>\n<meta property=\"og:url\" content=\"https:\/\/www.africa-press.net\/cotedivoire\/politique\/cote-divoire-le-conseil-national-de-securite-deplore-les-affrontements-entre-nigeriens-et-ivoiriens\" \/>\n<meta property=\"og:site_name\" content=\"C\u00f4te d&#039;Ivoire\" \/>\n<meta property=\"article:published_time\" content=\"2021-05-27T18:26:16+00:00\" \/>\n<meta property=\"article:modified_time\" content=\"2021-05-27T20:55:58+00:00\" \/>\n<meta property=\"og:image\" content=\"https:\/\/static.africa-press.net\/cote\/sites\/43\/2021\/05\/img-60afd35b0f700.jpg\" \/>\n\t<meta property=\"og:image:width\" content=\"960\" \/>\n\t<meta property=\"og:image:height\" content=\"640\" \/>\n\t<meta property=\"og:image:type\" content=\"image\/jpeg\" \/>\n<meta name=\"author\" content=\"cfeditorfr\" \/>\n<meta name=\"twitter:card\" content=\"summary_large_image\" \/>\n<meta name=\"twitter:label1\" content=\"\u00c9crit par\" \/>\n\t<meta name=\"twitter:data1\" content=\"cfeditorfr\" \/>\n\t<meta name=\"twitter:label2\" content=\"Dur\u00e9e de lecture estim\u00e9e\" \/>\n\t<meta name=\"twitter:data2\" content=\"5 minutes\" \/>\n<script type=\"application\/ld+json\" class=\"yoast-schema-graph\">{\"@context\":\"https:\/\/schema.org\",\"@graph\":[{\"@type\":\"Article\",\"@id\":\"https:\/\/www.africa-press.net\/cotedivoire\/politique\/cote-divoire-le-conseil-national-de-securite-deplore-les-affrontements-entre-nigeriens-et-ivoiriens#article\",\"isPartOf\":{\"@id\":\"https:\/\/www.africa-press.net\/cotedivoire\/politique\/cote-divoire-le-conseil-national-de-securite-deplore-les-affrontements-entre-nigeriens-et-ivoiriens\"},\"author\":{\"name\":\"cfeditorfr\",\"@id\":\"https:\/\/www.africa-press.net\/cotedivoire\/#\/schema\/person\/2b1cf3cd81a31e3cd26889ca66d677f1\"},\"headline\":\"Le Conseil National de S\u00e9curit\u00e9 d\u00e9plore \u00ab\u00a0les affrontements entre Nig\u00e9riens et Ivoiriens\u00a0\u00bb\",\"datePublished\":\"2021-05-27T18:26:16+00:00\",\"dateModified\":\"2021-05-27T20:55:58+00:00\",\"mainEntityOfPage\":{\"@id\":\"https:\/\/www.africa-press.net\/cotedivoire\/politique\/cote-divoire-le-conseil-national-de-securite-deplore-les-affrontements-entre-nigeriens-et-ivoiriens\"},\"wordCount\":1133,\"commentCount\":0,\"image\":{\"@id\":\"https:\/\/www.africa-press.net\/cotedivoire\/politique\/cote-divoire-le-conseil-national-de-securite-deplore-les-affrontements-entre-nigeriens-et-ivoiriens#primaryimage\"},\"thumbnailUrl\":\"https:\/\/static.africa-press.net\/cote\/sites\/43\/2021\/05\/img-60afd35b0f700.jpg\",\"keywords\":[\"Africa Press\",\"Africa Press-C\u00f4te d'Ivoire\",\"C\u00d4TE D'IVOIRE\"],\"articleSection\":[\"homepage-french\",\"Politique\",\"Top Nouvelles\",\"Toutes les actualit\u00e9s\"],\"inLanguage\":\"fr-FR\",\"potentialAction\":[{\"@type\":\"CommentAction\",\"name\":\"Comment\",\"target\":[\"https:\/\/www.africa-press.net\/cotedivoire\/politique\/cote-divoire-le-conseil-national-de-securite-deplore-les-affrontements-entre-nigeriens-et-ivoiriens#respond\"]}]},{\"@type\":\"WebPage\",\"@id\":\"https:\/\/www.africa-press.net\/cotedivoire\/politique\/cote-divoire-le-conseil-national-de-securite-deplore-les-affrontements-entre-nigeriens-et-ivoiriens\",\"url\":\"https:\/\/www.africa-press.net\/cotedivoire\/politique\/cote-divoire-le-conseil-national-de-securite-deplore-les-affrontements-entre-nigeriens-et-ivoiriens\",\"name\":\"Le Conseil National de S\u00e9curit\u00e9 d\u00e9plore \u00ab\u00a0les affrontements entre Nig\u00e9riens et Ivoiriens\u00a0\u00bb - C\u00f4te d&#039;Ivoire\",\"isPartOf\":{\"@id\":\"https:\/\/www.africa-press.net\/cotedivoire\/#website\"},\"primaryImageOfPage\":{\"@id\":\"https:\/\/www.africa-press.net\/cotedivoire\/politique\/cote-divoire-le-conseil-national-de-securite-deplore-les-affrontements-entre-nigeriens-et-ivoiriens#primaryimage\"},\"image\":{\"@id\":\"https:\/\/www.africa-press.net\/cotedivoire\/politique\/cote-divoire-le-conseil-national-de-securite-deplore-les-affrontements-entre-nigeriens-et-ivoiriens#primaryimage\"},\"thumbnailUrl\":\"https:\/\/static.africa-press.net\/cote\/sites\/43\/2021\/05\/img-60afd35b0f700.jpg\",\"datePublished\":\"2021-05-27T18:26:16+00:00\",\"dateModified\":\"2021-05-27T20:55:58+00:00\",\"author\":{\"@id\":\"https:\/\/www.africa-press.net\/cotedivoire\/#\/schema\/person\/2b1cf3cd81a31e3cd26889ca66d677f1\"},\"description\":\"Communiqu\u00e9 duConseil National de S\u00e9curit\u00e9 Le Pr\u00e9sident de la R\u00e9publique, S.E.M. Alassane OUATTARA, a pr\u00e9sid\u00e9, ce jeudi ...\",\"breadcrumb\":{\"@id\":\"https:\/\/www.africa-press.net\/cotedivoire\/politique\/cote-divoire-le-conseil-national-de-securite-deplore-les-affrontements-entre-nigeriens-et-ivoiriens#breadcrumb\"},\"inLanguage\":\"fr-FR\",\"potentialAction\":[{\"@type\":\"ReadAction\",\"target\":[\"https:\/\/www.africa-press.net\/cotedivoire\/politique\/cote-divoire-le-conseil-national-de-securite-deplore-les-affrontements-entre-nigeriens-et-ivoiriens\"]}]},{\"@type\":\"ImageObject\",\"inLanguage\":\"fr-FR\",\"@id\":\"https:\/\/www.africa-press.net\/cotedivoire\/politique\/cote-divoire-le-conseil-national-de-securite-deplore-les-affrontements-entre-nigeriens-et-ivoiriens#primaryimage\",\"url\":\"https:\/\/static.africa-press.net\/cote\/sites\/43\/2021\/05\/img-60afd35b0f700.jpg\",\"contentUrl\":\"https:\/\/static.africa-press.net\/cote\/sites\/43\/2021\/05\/img-60afd35b0f700.jpg\",\"width\":960,\"height\":640,\"caption\":\"Cote-d\u2019Ivoire: Le Conseil National de S\u00e9curit\u00e9 d\u00e9plore \u00ab\u00a0les affrontements entre Nig\u00e9riens et Ivoiriens\u00a0\u00bb\"},{\"@type\":\"BreadcrumbList\",\"@id\":\"https:\/\/www.africa-press.net\/cotedivoire\/politique\/cote-divoire-le-conseil-national-de-securite-deplore-les-affrontements-entre-nigeriens-et-ivoiriens#breadcrumb\",\"itemListElement\":[{\"@type\":\"ListItem\",\"position\":1,\"name\":\"Accueil\",\"item\":\"https:\/\/www.africa-press.net\/cotedivoire\/\"},{\"@type\":\"ListItem\",\"position\":2,\"name\":\"Le Conseil National de S\u00e9curit\u00e9 d\u00e9plore \u00ab\u00a0les affrontements entre Nig\u00e9riens et Ivoiriens\u00a0\u00bb\"}]},{\"@type\":\"WebSite\",\"@id\":\"https:\/\/www.africa-press.net\/cotedivoire\/#website\",\"url\":\"https:\/\/www.africa-press.net\/cotedivoire\/\",\"name\":\"C\u00f4te d&#039;Ivoire\",\"description\":\"Just another Africa News Agency Sites site\",\"potentialAction\":[{\"@type\":\"SearchAction\",\"target\":{\"@type\":\"EntryPoint\",\"urlTemplate\":\"https:\/\/www.africa-press.net\/cotedivoire\/?s={search_term_string}\"},\"query-input\":{\"@type\":\"PropertyValueSpecification\",\"valueRequired\":true,\"valueName\":\"search_term_string\"}}],\"inLanguage\":\"fr-FR\"},{\"@type\":\"Person\",\"@id\":\"https:\/\/www.africa-press.net\/cotedivoire\/#\/schema\/person\/2b1cf3cd81a31e3cd26889ca66d677f1\",\"name\":\"cfeditorfr\"}]}<\/script>\n<!-- \/ Yoast SEO Premium plugin. -->","yoast_head_json":{"title":"Le Conseil National de S\u00e9curit\u00e9 d\u00e9plore \u00ab\u00a0les affrontements entre Nig\u00e9riens et Ivoiriens\u00a0\u00bb - C\u00f4te d&#039;Ivoire","description":"Communiqu\u00e9 duConseil National de S\u00e9curit\u00e9 Le Pr\u00e9sident de la R\u00e9publique, S.E.M. Alassane OUATTARA, a pr\u00e9sid\u00e9, ce jeudi ...","robots":{"index":"index","follow":"follow","max-snippet":"max-snippet:-1","max-image-preview":"max-image-preview:large","max-video-preview":"max-video-preview:-1"},"canonical":"https:\/\/www.africa-press.net\/cotedivoire\/politique\/cote-divoire-le-conseil-national-de-securite-deplore-les-affrontements-entre-nigeriens-et-ivoiriens","og_locale":"fr_FR","og_type":"article","og_title":"Le Conseil National de S\u00e9curit\u00e9 d\u00e9plore \u00ab\u00a0les affrontements entre Nig\u00e9riens et Ivoiriens\u00a0\u00bb","og_description":"Communiqu\u00e9 duConseil National de S\u00e9curit\u00e9 Le Pr\u00e9sident de la R\u00e9publique, S.E.M. Alassane OUATTARA, a pr\u00e9sid\u00e9, ce jeudi ...","og_url":"https:\/\/www.africa-press.net\/cotedivoire\/politique\/cote-divoire-le-conseil-national-de-securite-deplore-les-affrontements-entre-nigeriens-et-ivoiriens","og_site_name":"C\u00f4te d&#039;Ivoire","article_published_time":"2021-05-27T18:26:16+00:00","article_modified_time":"2021-05-27T20:55:58+00:00","og_image":[{"width":960,"height":640,"url":"https:\/\/static.africa-press.net\/cote\/sites\/43\/2021\/05\/img-60afd35b0f700.jpg","type":"image\/jpeg"}],"author":"cfeditorfr","twitter_card":"summary_large_image","twitter_misc":{"\u00c9crit par":"cfeditorfr","Dur\u00e9e de lecture estim\u00e9e":"5 minutes"},"schema":{"@context":"https:\/\/schema.org","@graph":[{"@type":"Article","@id":"https:\/\/www.africa-press.net\/cotedivoire\/politique\/cote-divoire-le-conseil-national-de-securite-deplore-les-affrontements-entre-nigeriens-et-ivoiriens#article","isPartOf":{"@id":"https:\/\/www.africa-press.net\/cotedivoire\/politique\/cote-divoire-le-conseil-national-de-securite-deplore-les-affrontements-entre-nigeriens-et-ivoiriens"},"author":{"name":"cfeditorfr","@id":"https:\/\/www.africa-press.net\/cotedivoire\/#\/schema\/person\/2b1cf3cd81a31e3cd26889ca66d677f1"},"headline":"Le Conseil National de S\u00e9curit\u00e9 d\u00e9plore \u00ab\u00a0les affrontements entre Nig\u00e9riens et Ivoiriens\u00a0\u00bb","datePublished":"2021-05-27T18:26:16+00:00","dateModified":"2021-05-27T20:55:58+00:00","mainEntityOfPage":{"@id":"https:\/\/www.africa-press.net\/cotedivoire\/politique\/cote-divoire-le-conseil-national-de-securite-deplore-les-affrontements-entre-nigeriens-et-ivoiriens"},"wordCount":1133,"commentCount":0,"image":{"@id":"https:\/\/www.africa-press.net\/cotedivoire\/politique\/cote-divoire-le-conseil-national-de-securite-deplore-les-affrontements-entre-nigeriens-et-ivoiriens#primaryimage"},"thumbnailUrl":"https:\/\/static.africa-press.net\/cote\/sites\/43\/2021\/05\/img-60afd35b0f700.jpg","keywords":["Africa Press","Africa Press-C\u00f4te d'Ivoire","C\u00d4TE D'IVOIRE"],"articleSection":["homepage-french","Politique","Top Nouvelles","Toutes les actualit\u00e9s"],"inLanguage":"fr-FR","potentialAction":[{"@type":"CommentAction","name":"Comment","target":["https:\/\/www.africa-press.net\/cotedivoire\/politique\/cote-divoire-le-conseil-national-de-securite-deplore-les-affrontements-entre-nigeriens-et-ivoiriens#respond"]}]},{"@type":"WebPage","@id":"https:\/\/www.africa-press.net\/cotedivoire\/politique\/cote-divoire-le-conseil-national-de-securite-deplore-les-affrontements-entre-nigeriens-et-ivoiriens","url":"https:\/\/www.africa-press.net\/cotedivoire\/politique\/cote-divoire-le-conseil-national-de-securite-deplore-les-affrontements-entre-nigeriens-et-ivoiriens","name":"Le Conseil National de S\u00e9curit\u00e9 d\u00e9plore \u00ab\u00a0les affrontements entre Nig\u00e9riens et Ivoiriens\u00a0\u00bb - C\u00f4te d&#039;Ivoire","isPartOf":{"@id":"https:\/\/www.africa-press.net\/cotedivoire\/#website"},"primaryImageOfPage":{"@id":"https:\/\/www.africa-press.net\/cotedivoire\/politique\/cote-divoire-le-conseil-national-de-securite-deplore-les-affrontements-entre-nigeriens-et-ivoiriens#primaryimage"},"image":{"@id":"https:\/\/www.africa-press.net\/cotedivoire\/politique\/cote-divoire-le-conseil-national-de-securite-deplore-les-affrontements-entre-nigeriens-et-ivoiriens#primaryimage"},"thumbnailUrl":"https:\/\/static.africa-press.net\/cote\/sites\/43\/2021\/05\/img-60afd35b0f700.jpg","datePublished":"2021-05-27T18:26:16+00:00","dateModified":"2021-05-27T20:55:58+00:00","author":{"@id":"https:\/\/www.africa-press.net\/cotedivoire\/#\/schema\/person\/2b1cf3cd81a31e3cd26889ca66d677f1"},"description":"Communiqu\u00e9 duConseil National de S\u00e9curit\u00e9 Le Pr\u00e9sident de la R\u00e9publique, S.E.M. Alassane OUATTARA, a pr\u00e9sid\u00e9, ce jeudi ...","breadcrumb":{"@id":"https:\/\/www.africa-press.net\/cotedivoire\/politique\/cote-divoire-le-conseil-national-de-securite-deplore-les-affrontements-entre-nigeriens-et-ivoiriens#breadcrumb"},"inLanguage":"fr-FR","potentialAction":[{"@type":"ReadAction","target":["https:\/\/www.africa-press.net\/cotedivoire\/politique\/cote-divoire-le-conseil-national-de-securite-deplore-les-affrontements-entre-nigeriens-et-ivoiriens"]}]},{"@type":"ImageObject","inLanguage":"fr-FR","@id":"https:\/\/www.africa-press.net\/cotedivoire\/politique\/cote-divoire-le-conseil-national-de-securite-deplore-les-affrontements-entre-nigeriens-et-ivoiriens#primaryimage","url":"https:\/\/static.africa-press.net\/cote\/sites\/43\/2021\/05\/img-60afd35b0f700.jpg","contentUrl":"https:\/\/static.africa-press.net\/cote\/sites\/43\/2021\/05\/img-60afd35b0f700.jpg","width":960,"height":640,"caption":"Cote-d\u2019Ivoire: Le Conseil National de S\u00e9curit\u00e9 d\u00e9plore \u00ab\u00a0les affrontements entre Nig\u00e9riens et Ivoiriens\u00a0\u00bb"},{"@type":"BreadcrumbList","@id":"https:\/\/www.africa-press.net\/cotedivoire\/politique\/cote-divoire-le-conseil-national-de-securite-deplore-les-affrontements-entre-nigeriens-et-ivoiriens#breadcrumb","itemListElement":[{"@type":"ListItem","position":1,"name":"Accueil","item":"https:\/\/www.africa-press.net\/cotedivoire\/"},{"@type":"ListItem","position":2,"name":"Le Conseil National de S\u00e9curit\u00e9 d\u00e9plore \u00ab\u00a0les affrontements entre Nig\u00e9riens et Ivoiriens\u00a0\u00bb"}]},{"@type":"WebSite","@id":"https:\/\/www.africa-press.net\/cotedivoire\/#website","url":"https:\/\/www.africa-press.net\/cotedivoire\/","name":"C\u00f4te d&#039;Ivoire","description":"Just another Africa News Agency Sites site","potentialAction":[{"@type":"SearchAction","target":{"@type":"EntryPoint","urlTemplate":"https:\/\/www.africa-press.net\/cotedivoire\/?s={search_term_string}"},"query-input":{"@type":"PropertyValueSpecification","valueRequired":true,"valueName":"search_term_string"}}],"inLanguage":"fr-FR"},{"@type":"Person","@id":"https:\/\/www.africa-press.net\/cotedivoire\/#\/schema\/person\/2b1cf3cd81a31e3cd26889ca66d677f1","name":"cfeditorfr"}]}},"_links":{"self":[{"href":"https:\/\/www.africa-press.net\/cotedivoire\/wp-json\/wp\/v2\/posts\/8250","targetHints":{"allow":["GET"]}}],"collection":[{"href":"https:\/\/www.africa-press.net\/cotedivoire\/wp-json\/wp\/v2\/posts"}],"about":[{"href":"https:\/\/www.africa-press.net\/cotedivoire\/wp-json\/wp\/v2\/types\/post"}],"author":[{"embeddable":true,"href":"https:\/\/www.africa-press.net\/cotedivoire\/wp-json\/wp\/v2\/users\/82"}],"replies":[{"embeddable":true,"href":"https:\/\/www.africa-press.net\/cotedivoire\/wp-json\/wp\/v2\/comments?post=8250"}],"version-history":[{"count":0,"href":"https:\/\/www.africa-press.net\/cotedivoire\/wp-json\/wp\/v2\/posts\/8250\/revisions"}],"wp:featuredmedia":[{"embeddable":true,"href":"https:\/\/www.africa-press.net\/cotedivoire\/wp-json\/wp\/v2\/media\/8249"}],"wp:attachment":[{"href":"https:\/\/www.africa-press.net\/cotedivoire\/wp-json\/wp\/v2\/media?parent=8250"}],"wp:term":[{"taxonomy":"category","embeddable":true,"href":"https:\/\/www.africa-press.net\/cotedivoire\/wp-json\/wp\/v2\/categories?post=8250"},{"taxonomy":"post_tag","embeddable":true,"href":"https:\/\/www.africa-press.net\/cotedivoire\/wp-json\/wp\/v2\/tags?post=8250"}],"curies":[{"name":"wp","href":"https:\/\/api.w.org\/{rel}","templated":true}]}}