{"id":82615,"date":"2024-06-25T08:40:19","date_gmt":"2024-06-25T08:40:19","guid":{"rendered":"https:\/\/www.africa-press.net\/cotedivoire\/politique\/ports-dabidjan-et-san-pedro-les-dockers-en-colere-menacent-de-tout-paralyser-les-raisons-2"},"modified":"2024-06-25T09:01:53","modified_gmt":"2024-06-25T09:01:53","slug":"ports-dabidjan-et-san-pedro-les-dockers-en-colere-menacent-de-tout-paralyser-les-raisons-2","status":"publish","type":"post","link":"https:\/\/www.africa-press.net\/cotedivoire\/toutes-les-actualites\/ports-dabidjan-et-san-pedro-les-dockers-en-colere-menacent-de-tout-paralyser-les-raisons-2","title":{"rendered":"Ports d&rsquo;Abidjan et San Pedro, les dockers en col\u00e8re menacent de tout paralyser , les raisons"},"content":{"rendered":"<p><span style=\"color: #ff6600\"><strong>Africa-Press &#8211; C\u00f4te d&rsquo;Ivoire. <\/strong><\/span>Une crise est susceptible de nai\u0302tre dans les ports d\u2019Abidjan et de San Pedro. La raison, les dockers menacent de tout paralyser. Ils l\u2019ont signifie\u0301 a\u0300 la presse le samedi 22 juin 2024, lors d\u2019une confe\u0301rence au sie\u0300ge de la Centrale Syndicale \u00ab Humanisme \u00bb a\u0300 Adjame\u0301-Williamsville, comme constate\u0301 sur place par KOACI.<\/p>\n<p>Ils de\u0301noncent la non-application effective de l\u2019ordonnance No 023-719 du 13 septembre 2023 portant re\u0301forme des Impo\u0302ts sur les traitements, salaires, pensions et rentes viage\u0300res a\u0300 la charge des salarie\u0301s, par le Syndicat des Entrepreneurs de Manutention des Ports d\u2019Abidjan et de San Pedro (SEMPA).<\/p>\n<p>Pour les dockers qui ont inte\u0301gre\u0301 un taux de 1, 2 % de leurs salaires bruts mensuels au titre de l\u2019ITS durant six de\u0301cennies, le pre\u0301le\u0300vement actuel des Impo\u0302ts tels que reforme\u0301s car ne constituant aucunement un nouvel Impo\u0302t, re\u0301duit les salaires de l\u2019ordre de 16% a\u0300 24%.<\/p>\n<p>\u00ab La SEMPA veut que les dockers prennent en charge les trois types d\u2019Impo\u0302ts, cela a aujourd\u2019hui des re\u0301percussions sur nos salaires par quinzaine. Les pre\u0301le\u0300vements vont de 10.000 a\u0300 60.000 FCFA sur des salaires de 100.000 FCFA \u00bb, ont-ils re\u0301ve\u0301le\u0301.<\/p>\n<p>Pour ces derniers, il y a manifestement une envie de l\u2019employeur de paralyser le de\u0301cret qui vise a\u0300 ame\u0301liorer leurs conditions de vie et de travail.<\/p>\n<p>Les dockers souhaitent un retour a\u0300 la table de ne\u0301gociation et invitent le SEMPA a\u0300 arre\u0302ter les pre\u0301le\u0300vements qui ont de\u0301bute\u0301 le 15 juin 2024.<\/p>\n<p>\u00ab Nous ne refusons pas de payer les impo\u0302ts. Nous voulons que le SEMPA reviennent a\u0300 la formule initiale en attendant de re\u0301gler les proble\u0300mes en cours \u00bb, ont-ils plaide\u0301 avant de menacer.<\/p>\n<p>\u00ab Si nous ne sommes pas e\u0301coute\u0301s, nous allons de\u0301poser un pre\u0301avis de gre\u0300ve dans les prochains jours. La gre\u0300ve s\u2019imposera a\u0300 nous et elle sera de\u0301plorable pour l\u2019e\u0301conomie ivoirienne \u00bb, ont signifie\u0301 l\u2019ensemble des 8000 dockers des Ports d\u2019Abidjan et de San Pedro.<\/p>\n<p><strong>Pour plus d&rsquo;informations et d&rsquo;analyses sur la C\u00f4te d&rsquo;Ivoire, suivez Africa-Press<\/strong><\/p>\n","protected":false},"excerpt":{"rendered":"<p>Africa-Press &#8211; C\u00f4te d&rsquo;Ivoire. Une crise est susceptible de nai\u0302tre dans les ports d\u2019Abidjan et de San Pedro. La raison, les dockers menacent de tout paralyser. Ils l\u2019ont signifie\u0301 a\u0300 la presse le samedi 22 juin 2024, lors d\u2019une confe\u0301rence au sie\u0300ge de la Centrale Syndicale \u00ab Humanisme \u00bb a\u0300 Adjame\u0301-Williamsville, comme constate\u0301 sur place [&hellip;]<\/p>\n","protected":false},"author":82,"featured_media":82614,"comment_status":"open","ping_status":"closed","sticky":false,"template":"","format":"standard","meta":{"footnotes":""},"categories":[21,10],"tags":[29,3235,554,1341,13900,431,7869],"class_list":["post-82615","post","type-post","status-publish","format-standard","has-post-thumbnail","hentry","category-communaute","category-toutes-les-actualites","tag-cote-divoire","tag-dockers","tag-greve","tag-impots","tag-ports-dabidjan","tag-san-pedro","tag-sempa"],"yoast_head":"<!-- This site is optimized with the Yoast SEO Premium plugin v26.1 (Yoast SEO v27.0) - https:\/\/yoast.com\/product\/yoast-seo-premium-wordpress\/ -->\n<title>Ports d&#039;Abidjan et San Pedro, les dockers en col\u00e8re menacent de tout paralyser , les raisons - C\u00f4te d&#039;Ivoire<\/title>\n<meta name=\"description\" content=\"Une crise est susceptible de nai\u0302tre dans les ports d\u2019Abidjan et de San Pedro. La raison, les dockers menacent de tout p ...\" \/>\n<meta name=\"robots\" content=\"index, follow, max-snippet:-1, max-image-preview:large, max-video-preview:-1\" \/>\n<link rel=\"canonical\" href=\"https:\/\/www.africa-press.net\/cotedivoire\/toutes-les-actualites\/ports-dabidjan-et-san-pedro-les-dockers-en-colere-menacent-de-tout-paralyser-les-raisons-2\" \/>\n<meta property=\"og:locale\" content=\"fr_FR\" \/>\n<meta property=\"og:type\" content=\"article\" \/>\n<meta property=\"og:title\" content=\"Ports d&#039;Abidjan et San Pedro, les dockers en col\u00e8re menacent de tout paralyser , les raisons\" \/>\n<meta property=\"og:description\" content=\"Une crise est susceptible de nai\u0302tre dans les ports d\u2019Abidjan et de San Pedro. La raison, les dockers menacent de tout p ...\" \/>\n<meta property=\"og:url\" content=\"https:\/\/www.africa-press.net\/cotedivoire\/toutes-les-actualites\/ports-dabidjan-et-san-pedro-les-dockers-en-colere-menacent-de-tout-paralyser-les-raisons-2\" \/>\n<meta property=\"og:site_name\" content=\"C\u00f4te d&#039;Ivoire\" \/>\n<meta property=\"article:published_time\" content=\"2024-06-25T08:40:19+00:00\" \/>\n<meta property=\"article:modified_time\" content=\"2024-06-25T09:01:53+00:00\" \/>\n<meta property=\"og:image\" content=\"https:\/\/static.africa-press.net\/cote\/sites\/43\/2024\/06\/sm_1719293457.139481.jpg\" \/>\n\t<meta property=\"og:image:width\" content=\"720\" \/>\n\t<meta property=\"og:image:height\" content=\"351\" \/>\n\t<meta property=\"og:image:type\" content=\"image\/jpeg\" \/>\n<meta name=\"author\" content=\"cfeditorfr\" \/>\n<meta name=\"twitter:card\" content=\"summary_large_image\" \/>\n<meta name=\"twitter:label1\" content=\"\u00c9crit par\" \/>\n\t<meta name=\"twitter:data1\" content=\"cfeditorfr\" \/>\n\t<meta name=\"twitter:label2\" content=\"Dur\u00e9e de lecture estim\u00e9e\" \/>\n\t<meta name=\"twitter:data2\" content=\"2 minutes\" \/>\n<script type=\"application\/ld+json\" class=\"yoast-schema-graph\">{\"@context\":\"https:\/\/schema.org\",\"@graph\":[{\"@type\":\"Article\",\"@id\":\"https:\/\/www.africa-press.net\/cotedivoire\/toutes-les-actualites\/ports-dabidjan-et-san-pedro-les-dockers-en-colere-menacent-de-tout-paralyser-les-raisons-2#article\",\"isPartOf\":{\"@id\":\"https:\/\/www.africa-press.net\/cotedivoire\/toutes-les-actualites\/ports-dabidjan-et-san-pedro-les-dockers-en-colere-menacent-de-tout-paralyser-les-raisons-2\"},\"author\":{\"name\":\"cfeditorfr\",\"@id\":\"https:\/\/www.africa-press.net\/cotedivoire\/#\/schema\/person\/2b1cf3cd81a31e3cd26889ca66d677f1\"},\"headline\":\"Ports d&rsquo;Abidjan et San Pedro, les dockers en col\u00e8re menacent de tout paralyser , les raisons\",\"datePublished\":\"2024-06-25T08:40:19+00:00\",\"dateModified\":\"2024-06-25T09:01:53+00:00\",\"mainEntityOfPage\":{\"@id\":\"https:\/\/www.africa-press.net\/cotedivoire\/toutes-les-actualites\/ports-dabidjan-et-san-pedro-les-dockers-en-colere-menacent-de-tout-paralyser-les-raisons-2\"},\"wordCount\":385,\"commentCount\":0,\"image\":{\"@id\":\"https:\/\/www.africa-press.net\/cotedivoire\/toutes-les-actualites\/ports-dabidjan-et-san-pedro-les-dockers-en-colere-menacent-de-tout-paralyser-les-raisons-2#primaryimage\"},\"thumbnailUrl\":\"https:\/\/static.africa-press.net\/cote\/sites\/43\/2024\/06\/sm_1719293457.139481.jpg\",\"keywords\":[\"C\u00d4TE D'IVOIRE\",\"dockers\",\"gr\u00e8ve\",\"imp\u00f4ts\",\"Ports d'Abidjan\",\"San Pedro\",\"SEMPA\"],\"articleSection\":[\"Communaut\u00e9\",\"Toutes les actualit\u00e9s\"],\"inLanguage\":\"fr-FR\",\"potentialAction\":[{\"@type\":\"CommentAction\",\"name\":\"Comment\",\"target\":[\"https:\/\/www.africa-press.net\/cotedivoire\/toutes-les-actualites\/ports-dabidjan-et-san-pedro-les-dockers-en-colere-menacent-de-tout-paralyser-les-raisons-2#respond\"]}]},{\"@type\":\"WebPage\",\"@id\":\"https:\/\/www.africa-press.net\/cotedivoire\/toutes-les-actualites\/ports-dabidjan-et-san-pedro-les-dockers-en-colere-menacent-de-tout-paralyser-les-raisons-2\",\"url\":\"https:\/\/www.africa-press.net\/cotedivoire\/toutes-les-actualites\/ports-dabidjan-et-san-pedro-les-dockers-en-colere-menacent-de-tout-paralyser-les-raisons-2\",\"name\":\"Ports d'Abidjan et San Pedro, les dockers en col\u00e8re menacent de tout paralyser , les raisons - C\u00f4te d&#039;Ivoire\",\"isPartOf\":{\"@id\":\"https:\/\/www.africa-press.net\/cotedivoire\/#website\"},\"primaryImageOfPage\":{\"@id\":\"https:\/\/www.africa-press.net\/cotedivoire\/toutes-les-actualites\/ports-dabidjan-et-san-pedro-les-dockers-en-colere-menacent-de-tout-paralyser-les-raisons-2#primaryimage\"},\"image\":{\"@id\":\"https:\/\/www.africa-press.net\/cotedivoire\/toutes-les-actualites\/ports-dabidjan-et-san-pedro-les-dockers-en-colere-menacent-de-tout-paralyser-les-raisons-2#primaryimage\"},\"thumbnailUrl\":\"https:\/\/static.africa-press.net\/cote\/sites\/43\/2024\/06\/sm_1719293457.139481.jpg\",\"datePublished\":\"2024-06-25T08:40:19+00:00\",\"dateModified\":\"2024-06-25T09:01:53+00:00\",\"author\":{\"@id\":\"https:\/\/www.africa-press.net\/cotedivoire\/#\/schema\/person\/2b1cf3cd81a31e3cd26889ca66d677f1\"},\"description\":\"Une crise est susceptible de nai\u0302tre dans les ports d\u2019Abidjan et de San Pedro. La raison, les dockers menacent de tout p ...\",\"breadcrumb\":{\"@id\":\"https:\/\/www.africa-press.net\/cotedivoire\/toutes-les-actualites\/ports-dabidjan-et-san-pedro-les-dockers-en-colere-menacent-de-tout-paralyser-les-raisons-2#breadcrumb\"},\"inLanguage\":\"fr-FR\",\"potentialAction\":[{\"@type\":\"ReadAction\",\"target\":[\"https:\/\/www.africa-press.net\/cotedivoire\/toutes-les-actualites\/ports-dabidjan-et-san-pedro-les-dockers-en-colere-menacent-de-tout-paralyser-les-raisons-2\"]}]},{\"@type\":\"ImageObject\",\"inLanguage\":\"fr-FR\",\"@id\":\"https:\/\/www.africa-press.net\/cotedivoire\/toutes-les-actualites\/ports-dabidjan-et-san-pedro-les-dockers-en-colere-menacent-de-tout-paralyser-les-raisons-2#primaryimage\",\"url\":\"https:\/\/static.africa-press.net\/cote\/sites\/43\/2024\/06\/sm_1719293457.139481.jpg\",\"contentUrl\":\"https:\/\/static.africa-press.net\/cote\/sites\/43\/2024\/06\/sm_1719293457.139481.jpg\",\"width\":720,\"height\":351,\"caption\":\"Ports d'Abidjan et San Pedro, les dockers en col\u00e8re menacent de tout paralyser , les raisons\"},{\"@type\":\"BreadcrumbList\",\"@id\":\"https:\/\/www.africa-press.net\/cotedivoire\/toutes-les-actualites\/ports-dabidjan-et-san-pedro-les-dockers-en-colere-menacent-de-tout-paralyser-les-raisons-2#breadcrumb\",\"itemListElement\":[{\"@type\":\"ListItem\",\"position\":1,\"name\":\"Accueil\",\"item\":\"https:\/\/www.africa-press.net\/cotedivoire\/\"},{\"@type\":\"ListItem\",\"position\":2,\"name\":\"Ports d&#8217;Abidjan et San Pedro, les dockers en col\u00e8re menacent de tout paralyser , les raisons\"}]},{\"@type\":\"WebSite\",\"@id\":\"https:\/\/www.africa-press.net\/cotedivoire\/#website\",\"url\":\"https:\/\/www.africa-press.net\/cotedivoire\/\",\"name\":\"C\u00f4te d&#039;Ivoire\",\"description\":\"Just another Africa News Agency Sites site\",\"potentialAction\":[{\"@type\":\"SearchAction\",\"target\":{\"@type\":\"EntryPoint\",\"urlTemplate\":\"https:\/\/www.africa-press.net\/cotedivoire\/?s={search_term_string}\"},\"query-input\":{\"@type\":\"PropertyValueSpecification\",\"valueRequired\":true,\"valueName\":\"search_term_string\"}}],\"inLanguage\":\"fr-FR\"},{\"@type\":\"Person\",\"@id\":\"https:\/\/www.africa-press.net\/cotedivoire\/#\/schema\/person\/2b1cf3cd81a31e3cd26889ca66d677f1\",\"name\":\"cfeditorfr\"}]}<\/script>\n<!-- \/ Yoast SEO Premium plugin. -->","yoast_head_json":{"title":"Ports d'Abidjan et San Pedro, les dockers en col\u00e8re menacent de tout paralyser , les raisons - C\u00f4te d&#039;Ivoire","description":"Une crise est susceptible de nai\u0302tre dans les ports d\u2019Abidjan et de San Pedro. La raison, les dockers menacent de tout p ...","robots":{"index":"index","follow":"follow","max-snippet":"max-snippet:-1","max-image-preview":"max-image-preview:large","max-video-preview":"max-video-preview:-1"},"canonical":"https:\/\/www.africa-press.net\/cotedivoire\/toutes-les-actualites\/ports-dabidjan-et-san-pedro-les-dockers-en-colere-menacent-de-tout-paralyser-les-raisons-2","og_locale":"fr_FR","og_type":"article","og_title":"Ports d'Abidjan et San Pedro, les dockers en col\u00e8re menacent de tout paralyser , les raisons","og_description":"Une crise est susceptible de nai\u0302tre dans les ports d\u2019Abidjan et de San Pedro. La raison, les dockers menacent de tout p ...","og_url":"https:\/\/www.africa-press.net\/cotedivoire\/toutes-les-actualites\/ports-dabidjan-et-san-pedro-les-dockers-en-colere-menacent-de-tout-paralyser-les-raisons-2","og_site_name":"C\u00f4te d&#039;Ivoire","article_published_time":"2024-06-25T08:40:19+00:00","article_modified_time":"2024-06-25T09:01:53+00:00","og_image":[{"width":720,"height":351,"url":"https:\/\/static.africa-press.net\/cote\/sites\/43\/2024\/06\/sm_1719293457.139481.jpg","type":"image\/jpeg"}],"author":"cfeditorfr","twitter_card":"summary_large_image","twitter_misc":{"\u00c9crit par":"cfeditorfr","Dur\u00e9e de lecture estim\u00e9e":"2 minutes"},"schema":{"@context":"https:\/\/schema.org","@graph":[{"@type":"Article","@id":"https:\/\/www.africa-press.net\/cotedivoire\/toutes-les-actualites\/ports-dabidjan-et-san-pedro-les-dockers-en-colere-menacent-de-tout-paralyser-les-raisons-2#article","isPartOf":{"@id":"https:\/\/www.africa-press.net\/cotedivoire\/toutes-les-actualites\/ports-dabidjan-et-san-pedro-les-dockers-en-colere-menacent-de-tout-paralyser-les-raisons-2"},"author":{"name":"cfeditorfr","@id":"https:\/\/www.africa-press.net\/cotedivoire\/#\/schema\/person\/2b1cf3cd81a31e3cd26889ca66d677f1"},"headline":"Ports d&rsquo;Abidjan et San Pedro, les dockers en col\u00e8re menacent de tout paralyser , les raisons","datePublished":"2024-06-25T08:40:19+00:00","dateModified":"2024-06-25T09:01:53+00:00","mainEntityOfPage":{"@id":"https:\/\/www.africa-press.net\/cotedivoire\/toutes-les-actualites\/ports-dabidjan-et-san-pedro-les-dockers-en-colere-menacent-de-tout-paralyser-les-raisons-2"},"wordCount":385,"commentCount":0,"image":{"@id":"https:\/\/www.africa-press.net\/cotedivoire\/toutes-les-actualites\/ports-dabidjan-et-san-pedro-les-dockers-en-colere-menacent-de-tout-paralyser-les-raisons-2#primaryimage"},"thumbnailUrl":"https:\/\/static.africa-press.net\/cote\/sites\/43\/2024\/06\/sm_1719293457.139481.jpg","keywords":["C\u00d4TE D'IVOIRE","dockers","gr\u00e8ve","imp\u00f4ts","Ports d'Abidjan","San Pedro","SEMPA"],"articleSection":["Communaut\u00e9","Toutes les actualit\u00e9s"],"inLanguage":"fr-FR","potentialAction":[{"@type":"CommentAction","name":"Comment","target":["https:\/\/www.africa-press.net\/cotedivoire\/toutes-les-actualites\/ports-dabidjan-et-san-pedro-les-dockers-en-colere-menacent-de-tout-paralyser-les-raisons-2#respond"]}]},{"@type":"WebPage","@id":"https:\/\/www.africa-press.net\/cotedivoire\/toutes-les-actualites\/ports-dabidjan-et-san-pedro-les-dockers-en-colere-menacent-de-tout-paralyser-les-raisons-2","url":"https:\/\/www.africa-press.net\/cotedivoire\/toutes-les-actualites\/ports-dabidjan-et-san-pedro-les-dockers-en-colere-menacent-de-tout-paralyser-les-raisons-2","name":"Ports d'Abidjan et San Pedro, les dockers en col\u00e8re menacent de tout paralyser , les raisons - C\u00f4te d&#039;Ivoire","isPartOf":{"@id":"https:\/\/www.africa-press.net\/cotedivoire\/#website"},"primaryImageOfPage":{"@id":"https:\/\/www.africa-press.net\/cotedivoire\/toutes-les-actualites\/ports-dabidjan-et-san-pedro-les-dockers-en-colere-menacent-de-tout-paralyser-les-raisons-2#primaryimage"},"image":{"@id":"https:\/\/www.africa-press.net\/cotedivoire\/toutes-les-actualites\/ports-dabidjan-et-san-pedro-les-dockers-en-colere-menacent-de-tout-paralyser-les-raisons-2#primaryimage"},"thumbnailUrl":"https:\/\/static.africa-press.net\/cote\/sites\/43\/2024\/06\/sm_1719293457.139481.jpg","datePublished":"2024-06-25T08:40:19+00:00","dateModified":"2024-06-25T09:01:53+00:00","author":{"@id":"https:\/\/www.africa-press.net\/cotedivoire\/#\/schema\/person\/2b1cf3cd81a31e3cd26889ca66d677f1"},"description":"Une crise est susceptible de nai\u0302tre dans les ports d\u2019Abidjan et de San Pedro. La raison, les dockers menacent de tout p ...","breadcrumb":{"@id":"https:\/\/www.africa-press.net\/cotedivoire\/toutes-les-actualites\/ports-dabidjan-et-san-pedro-les-dockers-en-colere-menacent-de-tout-paralyser-les-raisons-2#breadcrumb"},"inLanguage":"fr-FR","potentialAction":[{"@type":"ReadAction","target":["https:\/\/www.africa-press.net\/cotedivoire\/toutes-les-actualites\/ports-dabidjan-et-san-pedro-les-dockers-en-colere-menacent-de-tout-paralyser-les-raisons-2"]}]},{"@type":"ImageObject","inLanguage":"fr-FR","@id":"https:\/\/www.africa-press.net\/cotedivoire\/toutes-les-actualites\/ports-dabidjan-et-san-pedro-les-dockers-en-colere-menacent-de-tout-paralyser-les-raisons-2#primaryimage","url":"https:\/\/static.africa-press.net\/cote\/sites\/43\/2024\/06\/sm_1719293457.139481.jpg","contentUrl":"https:\/\/static.africa-press.net\/cote\/sites\/43\/2024\/06\/sm_1719293457.139481.jpg","width":720,"height":351,"caption":"Ports d'Abidjan et San Pedro, les dockers en col\u00e8re menacent de tout paralyser , les raisons"},{"@type":"BreadcrumbList","@id":"https:\/\/www.africa-press.net\/cotedivoire\/toutes-les-actualites\/ports-dabidjan-et-san-pedro-les-dockers-en-colere-menacent-de-tout-paralyser-les-raisons-2#breadcrumb","itemListElement":[{"@type":"ListItem","position":1,"name":"Accueil","item":"https:\/\/www.africa-press.net\/cotedivoire\/"},{"@type":"ListItem","position":2,"name":"Ports d&#8217;Abidjan et San Pedro, les dockers en col\u00e8re menacent de tout paralyser , les raisons"}]},{"@type":"WebSite","@id":"https:\/\/www.africa-press.net\/cotedivoire\/#website","url":"https:\/\/www.africa-press.net\/cotedivoire\/","name":"C\u00f4te d&#039;Ivoire","description":"Just another Africa News Agency Sites site","potentialAction":[{"@type":"SearchAction","target":{"@type":"EntryPoint","urlTemplate":"https:\/\/www.africa-press.net\/cotedivoire\/?s={search_term_string}"},"query-input":{"@type":"PropertyValueSpecification","valueRequired":true,"valueName":"search_term_string"}}],"inLanguage":"fr-FR"},{"@type":"Person","@id":"https:\/\/www.africa-press.net\/cotedivoire\/#\/schema\/person\/2b1cf3cd81a31e3cd26889ca66d677f1","name":"cfeditorfr"}]}},"_links":{"self":[{"href":"https:\/\/www.africa-press.net\/cotedivoire\/wp-json\/wp\/v2\/posts\/82615","targetHints":{"allow":["GET"]}}],"collection":[{"href":"https:\/\/www.africa-press.net\/cotedivoire\/wp-json\/wp\/v2\/posts"}],"about":[{"href":"https:\/\/www.africa-press.net\/cotedivoire\/wp-json\/wp\/v2\/types\/post"}],"author":[{"embeddable":true,"href":"https:\/\/www.africa-press.net\/cotedivoire\/wp-json\/wp\/v2\/users\/82"}],"replies":[{"embeddable":true,"href":"https:\/\/www.africa-press.net\/cotedivoire\/wp-json\/wp\/v2\/comments?post=82615"}],"version-history":[{"count":0,"href":"https:\/\/www.africa-press.net\/cotedivoire\/wp-json\/wp\/v2\/posts\/82615\/revisions"}],"wp:featuredmedia":[{"embeddable":true,"href":"https:\/\/www.africa-press.net\/cotedivoire\/wp-json\/wp\/v2\/media\/82614"}],"wp:attachment":[{"href":"https:\/\/www.africa-press.net\/cotedivoire\/wp-json\/wp\/v2\/media?parent=82615"}],"wp:term":[{"taxonomy":"category","embeddable":true,"href":"https:\/\/www.africa-press.net\/cotedivoire\/wp-json\/wp\/v2\/categories?post=82615"},{"taxonomy":"post_tag","embeddable":true,"href":"https:\/\/www.africa-press.net\/cotedivoire\/wp-json\/wp\/v2\/tags?post=82615"}],"curies":[{"name":"wp","href":"https:\/\/api.w.org\/{rel}","templated":true}]}}