{"id":82680,"date":"2024-06-26T17:57:33","date_gmt":"2024-06-26T17:57:33","guid":{"rendered":"https:\/\/www.africa-press.net\/cotedivoire\/politique\/santos-simao-et-alassane-ouattara-evoquent-la-question-du-terrorisme-dans-la-sous-region"},"modified":"2024-06-26T18:15:28","modified_gmt":"2024-06-26T18:15:28","slug":"santos-simao-et-alassane-ouattara-evoquent-la-question-du-terrorisme-dans-la-sous-region","status":"publish","type":"post","link":"https:\/\/www.africa-press.net\/cotedivoire\/politique\/santos-simao-et-alassane-ouattara-evoquent-la-question-du-terrorisme-dans-la-sous-region","title":{"rendered":"Santos Simao et Alassane Ouattara \u00e9voquent la question du terrorisme dans la sous-r\u00e9gion"},"content":{"rendered":"<p><span style=\"color: #ff6600\"><strong>Africa-Press &#8211; C\u00f4te d&rsquo;Ivoire. <\/strong><\/span>Le\u0301onardo Santos Simao, Repre\u0301sentant spe\u0301cial du Secre\u0301taire ge\u0301ne\u0301ral des Nations Unies pour l&rsquo;Afrique de l&rsquo;Ouest et du Sahel, a e\u0301te\u0301 rec\u0327u en audience, en fin de matine\u0301e du mardi 25 juin 2024, par le pre\u0301sident de la Re\u0301publique, Alassane Ouattara au Palais pre\u0301sidentiel.<\/p>\n<p>Au cours de cette rencontre, Alassane Ouattara et son ho\u0302te ont e\u0301change\u0301 sur la situation se\u0301curitaire, politique, e\u0301conomique et sociale de la re\u0301gion, comme rapporte\u0301 a\u0300 KOACI par le Repre\u0301sentant du SG de l&rsquo;ONU.<\/p>\n<p>Le\u0301onardo Santos Simao a e\u0301galement confie\u0301 que \u00ab la situation se\u0301curitaire est pre\u0301occupante, parce qu&rsquo;il y a toujours, une expansion du terrorisme avec beaucoup de victimes, surtout dans les populations civiles, spe\u0301cifiquement dans l&rsquo;espace ou\u0300 le terrorisme est devenu plus agressif&#8230; \u00bb<\/p>\n<p>\u00ab Je viens d&rsquo;e\u0302tre rec\u0327u par le pre\u0301sident de la Re\u0301publique. Avec lui, j&rsquo;ai e\u0301change\u0301 sur des informations relatives a\u0300 la situation se\u0301curitaire, politique, e\u0301conomique et sociale de la re\u0301gion. La situation se\u0301curitaire est pre\u0301occupante, parce qu&rsquo;il y a toujours, une expansion du terrorisme avec beaucoup de victimes surtout dans les populations civiles et on a parle\u0301 spe\u0301cifiquement dans l&rsquo;espace ou\u0300 le terrorisme est devenu plus agressif&#8230; Il faut trouver une plateforme commune pour les pays de la re\u0301gion pour lutter contre le terrorisme. D&rsquo;autres groupes qui sont des sources de violence dans la re\u0301gion. Il faut une analyse globale de la re\u0301gion sur les phe\u0301nome\u0300nes de violence, dans le trafic des armes, des trafics de drogue et le trafic d&rsquo;e\u0302tre humain aussi. Il n&rsquo;y a pas mal de pre\u0301occupations dans la zone. Il faut travailler ensemble pour aider a\u0300 les surmonter \u00bb, a explique\u0301, le Repre\u0301sentant spe\u0301cial du SG de l&rsquo;ONU.<\/p>\n\r\n                <style type=\"text\/css\">\r\n                    \r\n                    #td_uid_1_69f23baac3ece  .td-doubleSlider-2 .td-item1 {\r\n                        background: url(https:\/\/static.africa-press.net\/cote\/sites\/43\/2024\/06\/sm_1719413054.701863-80x60.jpg) 0 0 no-repeat;\r\n                    }\r\n                    #td_uid_1_69f23baac3ece  .td-doubleSlider-2 .td-item2 {\r\n                        background: url(https:\/\/static.africa-press.net\/cote\/sites\/43\/2024\/06\/sm_1719413064.134183-80x60.jpg) 0 0 no-repeat;\r\n                    }\r\n                <\/style>\r\n\r\n                <div id=\"td_uid_1_69f23baac3ece\" class=\"td-gallery td-slide-on-2-columns\">\r\n                    <div class=\"post_td_gallery\">\r\n                        <div class=\"td-gallery-slide-top\">\r\n                           <div class=\"td-gallery-title\"><\/div>\r\n\r\n                            <div class=\"td-gallery-controls-wrapper\">\r\n                                <div class=\"td-gallery-slide-count\"><span class=\"td-gallery-slide-item-focus\">1<\/span> de 2<\/div>\r\n                                <div class=\"td-gallery-slide-prev-next-but\">\r\n                                    <i class = \"td-icon-left doubleSliderPrevButton\"><\/i>\r\n                                    <i class = \"td-icon-right doubleSliderNextButton\"><\/i>\r\n                                <\/div>\r\n                            <\/div>\r\n                        <\/div>\r\n\r\n                        <div class = \"td-doubleSlider-1 \">\r\n                            <div class = \"td-slider\">\r\n                                \r\n                    <div class = \"td-slide-item td-item1\">\r\n                        <figure class=\"td-slide-galery-figure td-slide-popup-gallery\">\r\n                            <a class=\"slide-gallery-image-link\" href=\"https:\/\/static.africa-press.net\/cote\/sites\/43\/2024\/06\/sm_1719413054.701863.jpg\" title=\"sm_1719413054.701863\"  data-caption=\"\"  data-description=\"\">\r\n                                <img decoding=\"async\" src=\"https:\/\/static.africa-press.net\/cote\/sites\/43\/2024\/06\/sm_1719413054.701863.jpg\" srcset=\"https:\/\/static.africa-press.net\/cote\/sites\/43\/2024\/06\/sm_1719413054.701863.jpg 1000w, https:\/\/static.africa-press.net\/cote\/sites\/43\/2024\/06\/sm_1719413054.701863-300x200.jpg 300w, https:\/\/static.africa-press.net\/cote\/sites\/43\/2024\/06\/sm_1719413054.701863-768x512.jpg 768w\" sizes=\"(max-width: 1000px) 100vw, 1000px\" alt=\"\">\r\n                            <\/a>\r\n                            \r\n                        <\/figure>\r\n                    <\/div>\r\n                    <div class = \"td-slide-item td-item2\">\r\n                        <figure class=\"td-slide-galery-figure td-slide-popup-gallery\">\r\n                            <a class=\"slide-gallery-image-link\" href=\"https:\/\/static.africa-press.net\/cote\/sites\/43\/2024\/06\/sm_1719413064.134183.jpg\" title=\"sm_1719413064.134183\"  data-caption=\"\"  data-description=\"\">\r\n                                <img decoding=\"async\" src=\"https:\/\/static.africa-press.net\/cote\/sites\/43\/2024\/06\/sm_1719413064.134183.jpg\" srcset=\"https:\/\/static.africa-press.net\/cote\/sites\/43\/2024\/06\/sm_1719413064.134183.jpg 1000w, https:\/\/static.africa-press.net\/cote\/sites\/43\/2024\/06\/sm_1719413064.134183-300x196.jpg 300w, https:\/\/static.africa-press.net\/cote\/sites\/43\/2024\/06\/sm_1719413064.134183-768x502.jpg 768w, https:\/\/static.africa-press.net\/cote\/sites\/43\/2024\/06\/sm_1719413064.134183-741x486.jpg 741w\" sizes=\"(max-width: 1000px) 100vw, 1000px\" alt=\"\">\r\n                            <\/a>\r\n                            \r\n                        <\/figure>\r\n                    <\/div>\r\n                            <\/div>\r\n                        <\/div>\r\n\r\n                        <div class = \"td-doubleSlider-2\">\r\n                            <div class = \"td-slider\">\r\n                                \r\n                    <div class = \"td-button td-item1\">\r\n                        <div class = \"td-border\"><\/div>\r\n                    <\/div>\r\n                    <div class = \"td-button td-item2\">\r\n                        <div class = \"td-border\"><\/div>\r\n                    <\/div>\r\n                            <\/div>\r\n                        <\/div>\r\n\r\n                    <\/div>\r\n\r\n                <\/div>\r\n                \n<p><strong>Pour plus d&rsquo;informations et d&rsquo;analyses sur la C\u00f4te d&rsquo;Ivoire, suivez Africa-Press<\/strong><\/p>\n","protected":false},"excerpt":{"rendered":"<p>Africa-Press &#8211; C\u00f4te d&rsquo;Ivoire. Le\u0301onardo Santos Simao, Repre\u0301sentant spe\u0301cial du Secre\u0301taire ge\u0301ne\u0301ral des Nations Unies pour l&rsquo;Afrique de l&rsquo;Ouest et du Sahel, a e\u0301te\u0301 rec\u0327u en audience, en fin de matine\u0301e du mardi 25 juin 2024, par le pre\u0301sident de la Re\u0301publique, Alassane Ouattara au Palais pre\u0301sidentiel. Au cours de cette rencontre, Alassane Ouattara et [&hellip;]<\/p>\n","protected":false},"author":82,"featured_media":82679,"comment_status":"open","ping_status":"closed","sticky":false,"template":"","format":"standard","meta":{"footnotes":""},"categories":[8,2,20,10],"tags":[38,29,10431,166],"class_list":["post-82680","post","type-post","status-publish","format-standard","has-post-thumbnail","hentry","category-photo","category-politique","category-top-nouvelles","category-toutes-les-actualites","tag-alassane-ouattara","tag-cote-divoire","tag-leonardo-santos-simao","tag-terrorisme"],"yoast_head":"<!-- This site is optimized with the Yoast SEO Premium plugin v26.1 (Yoast SEO v27.0) - https:\/\/yoast.com\/product\/yoast-seo-premium-wordpress\/ -->\n<title>Santos Simao et Alassane Ouattara \u00e9voquent la question du terrorisme dans la sous-r\u00e9gion - C\u00f4te d&#039;Ivoire<\/title>\n<meta name=\"description\" content=\"Le\u0301onardo Santos Simao, Repre\u0301sentant spe\u0301cial du Secre\u0301taire ge\u0301ne\u0301ral des Nations Unies pour l&#039;Afrique de l&#039;Ouest et d ...\" \/>\n<meta name=\"robots\" content=\"index, follow, max-snippet:-1, max-image-preview:large, max-video-preview:-1\" \/>\n<link rel=\"canonical\" href=\"https:\/\/www.africa-press.net\/cotedivoire\/politique\/santos-simao-et-alassane-ouattara-evoquent-la-question-du-terrorisme-dans-la-sous-region\" \/>\n<meta property=\"og:locale\" content=\"fr_FR\" \/>\n<meta property=\"og:type\" content=\"article\" \/>\n<meta property=\"og:title\" content=\"Santos Simao et Alassane Ouattara \u00e9voquent la question du terrorisme dans la sous-r\u00e9gion\" \/>\n<meta property=\"og:description\" content=\"Le\u0301onardo Santos Simao, Repre\u0301sentant spe\u0301cial du Secre\u0301taire ge\u0301ne\u0301ral des Nations Unies pour l&#039;Afrique de l&#039;Ouest et d ...\" \/>\n<meta property=\"og:url\" content=\"https:\/\/www.africa-press.net\/cotedivoire\/politique\/santos-simao-et-alassane-ouattara-evoquent-la-question-du-terrorisme-dans-la-sous-region\" \/>\n<meta property=\"og:site_name\" content=\"C\u00f4te d&#039;Ivoire\" \/>\n<meta property=\"article:published_time\" content=\"2024-06-26T17:57:33+00:00\" \/>\n<meta property=\"article:modified_time\" content=\"2024-06-26T18:15:28+00:00\" \/>\n<meta property=\"og:image\" content=\"https:\/\/static.africa-press.net\/cote\/sites\/43\/2024\/06\/sm_1719413074.238123.jpg\" \/>\n\t<meta property=\"og:image:width\" content=\"720\" \/>\n\t<meta property=\"og:image:height\" content=\"350\" \/>\n\t<meta property=\"og:image:type\" content=\"image\/jpeg\" \/>\n<meta name=\"author\" content=\"cfeditorfr\" \/>\n<meta name=\"twitter:card\" content=\"summary_large_image\" \/>\n<meta name=\"twitter:label1\" content=\"\u00c9crit par\" \/>\n\t<meta name=\"twitter:data1\" content=\"cfeditorfr\" \/>\n\t<meta name=\"twitter:label2\" content=\"Dur\u00e9e de lecture estim\u00e9e\" \/>\n\t<meta name=\"twitter:data2\" content=\"2 minutes\" \/>\n<script type=\"application\/ld+json\" class=\"yoast-schema-graph\">{\"@context\":\"https:\/\/schema.org\",\"@graph\":[{\"@type\":\"Article\",\"@id\":\"https:\/\/www.africa-press.net\/cotedivoire\/politique\/santos-simao-et-alassane-ouattara-evoquent-la-question-du-terrorisme-dans-la-sous-region#article\",\"isPartOf\":{\"@id\":\"https:\/\/www.africa-press.net\/cotedivoire\/politique\/santos-simao-et-alassane-ouattara-evoquent-la-question-du-terrorisme-dans-la-sous-region\"},\"author\":{\"name\":\"cfeditorfr\",\"@id\":\"https:\/\/www.africa-press.net\/cotedivoire\/#\/schema\/person\/2b1cf3cd81a31e3cd26889ca66d677f1\"},\"headline\":\"Santos Simao et Alassane Ouattara \u00e9voquent la question du terrorisme dans la sous-r\u00e9gion\",\"datePublished\":\"2024-06-26T17:57:33+00:00\",\"dateModified\":\"2024-06-26T18:15:28+00:00\",\"mainEntityOfPage\":{\"@id\":\"https:\/\/www.africa-press.net\/cotedivoire\/politique\/santos-simao-et-alassane-ouattara-evoquent-la-question-du-terrorisme-dans-la-sous-region\"},\"wordCount\":366,\"commentCount\":0,\"image\":{\"@id\":\"https:\/\/www.africa-press.net\/cotedivoire\/politique\/santos-simao-et-alassane-ouattara-evoquent-la-question-du-terrorisme-dans-la-sous-region#primaryimage\"},\"thumbnailUrl\":\"https:\/\/static.africa-press.net\/cote\/sites\/43\/2024\/06\/sm_1719413074.238123.jpg\",\"keywords\":[\"Alassane Ouattara\",\"C\u00d4TE D'IVOIRE\",\"L\u00e9onardo Santos Simao\",\"Terrorisme\"],\"articleSection\":[\"Photo\",\"Politique\",\"Top Nouvelles\",\"Toutes les actualit\u00e9s\"],\"inLanguage\":\"fr-FR\",\"potentialAction\":[{\"@type\":\"CommentAction\",\"name\":\"Comment\",\"target\":[\"https:\/\/www.africa-press.net\/cotedivoire\/politique\/santos-simao-et-alassane-ouattara-evoquent-la-question-du-terrorisme-dans-la-sous-region#respond\"]}]},{\"@type\":\"WebPage\",\"@id\":\"https:\/\/www.africa-press.net\/cotedivoire\/politique\/santos-simao-et-alassane-ouattara-evoquent-la-question-du-terrorisme-dans-la-sous-region\",\"url\":\"https:\/\/www.africa-press.net\/cotedivoire\/politique\/santos-simao-et-alassane-ouattara-evoquent-la-question-du-terrorisme-dans-la-sous-region\",\"name\":\"Santos Simao et Alassane Ouattara \u00e9voquent la question du terrorisme dans la sous-r\u00e9gion - C\u00f4te d&#039;Ivoire\",\"isPartOf\":{\"@id\":\"https:\/\/www.africa-press.net\/cotedivoire\/#website\"},\"primaryImageOfPage\":{\"@id\":\"https:\/\/www.africa-press.net\/cotedivoire\/politique\/santos-simao-et-alassane-ouattara-evoquent-la-question-du-terrorisme-dans-la-sous-region#primaryimage\"},\"image\":{\"@id\":\"https:\/\/www.africa-press.net\/cotedivoire\/politique\/santos-simao-et-alassane-ouattara-evoquent-la-question-du-terrorisme-dans-la-sous-region#primaryimage\"},\"thumbnailUrl\":\"https:\/\/static.africa-press.net\/cote\/sites\/43\/2024\/06\/sm_1719413074.238123.jpg\",\"datePublished\":\"2024-06-26T17:57:33+00:00\",\"dateModified\":\"2024-06-26T18:15:28+00:00\",\"author\":{\"@id\":\"https:\/\/www.africa-press.net\/cotedivoire\/#\/schema\/person\/2b1cf3cd81a31e3cd26889ca66d677f1\"},\"description\":\"Le\u0301onardo Santos Simao, Repre\u0301sentant spe\u0301cial du Secre\u0301taire ge\u0301ne\u0301ral des Nations Unies pour l'Afrique de l'Ouest et d ...\",\"breadcrumb\":{\"@id\":\"https:\/\/www.africa-press.net\/cotedivoire\/politique\/santos-simao-et-alassane-ouattara-evoquent-la-question-du-terrorisme-dans-la-sous-region#breadcrumb\"},\"inLanguage\":\"fr-FR\",\"potentialAction\":[{\"@type\":\"ReadAction\",\"target\":[\"https:\/\/www.africa-press.net\/cotedivoire\/politique\/santos-simao-et-alassane-ouattara-evoquent-la-question-du-terrorisme-dans-la-sous-region\"]}]},{\"@type\":\"ImageObject\",\"inLanguage\":\"fr-FR\",\"@id\":\"https:\/\/www.africa-press.net\/cotedivoire\/politique\/santos-simao-et-alassane-ouattara-evoquent-la-question-du-terrorisme-dans-la-sous-region#primaryimage\",\"url\":\"https:\/\/static.africa-press.net\/cote\/sites\/43\/2024\/06\/sm_1719413074.238123.jpg\",\"contentUrl\":\"https:\/\/static.africa-press.net\/cote\/sites\/43\/2024\/06\/sm_1719413074.238123.jpg\",\"width\":720,\"height\":350,\"caption\":\"Santos Simao et Alassane Ouattara \u00e9voquent la question du terrorisme dans la sous-r\u00e9gion\"},{\"@type\":\"BreadcrumbList\",\"@id\":\"https:\/\/www.africa-press.net\/cotedivoire\/politique\/santos-simao-et-alassane-ouattara-evoquent-la-question-du-terrorisme-dans-la-sous-region#breadcrumb\",\"itemListElement\":[{\"@type\":\"ListItem\",\"position\":1,\"name\":\"Accueil\",\"item\":\"https:\/\/www.africa-press.net\/cotedivoire\/\"},{\"@type\":\"ListItem\",\"position\":2,\"name\":\"Santos Simao et Alassane Ouattara \u00e9voquent la question du terrorisme dans la sous-r\u00e9gion\"}]},{\"@type\":\"WebSite\",\"@id\":\"https:\/\/www.africa-press.net\/cotedivoire\/#website\",\"url\":\"https:\/\/www.africa-press.net\/cotedivoire\/\",\"name\":\"C\u00f4te d&#039;Ivoire\",\"description\":\"Just another Africa News Agency Sites site\",\"potentialAction\":[{\"@type\":\"SearchAction\",\"target\":{\"@type\":\"EntryPoint\",\"urlTemplate\":\"https:\/\/www.africa-press.net\/cotedivoire\/?s={search_term_string}\"},\"query-input\":{\"@type\":\"PropertyValueSpecification\",\"valueRequired\":true,\"valueName\":\"search_term_string\"}}],\"inLanguage\":\"fr-FR\"},{\"@type\":\"Person\",\"@id\":\"https:\/\/www.africa-press.net\/cotedivoire\/#\/schema\/person\/2b1cf3cd81a31e3cd26889ca66d677f1\",\"name\":\"cfeditorfr\"}]}<\/script>\n<!-- \/ Yoast SEO Premium plugin. -->","yoast_head_json":{"title":"Santos Simao et Alassane Ouattara \u00e9voquent la question du terrorisme dans la sous-r\u00e9gion - C\u00f4te d&#039;Ivoire","description":"Le\u0301onardo Santos Simao, Repre\u0301sentant spe\u0301cial du Secre\u0301taire ge\u0301ne\u0301ral des Nations Unies pour l'Afrique de l'Ouest et d ...","robots":{"index":"index","follow":"follow","max-snippet":"max-snippet:-1","max-image-preview":"max-image-preview:large","max-video-preview":"max-video-preview:-1"},"canonical":"https:\/\/www.africa-press.net\/cotedivoire\/politique\/santos-simao-et-alassane-ouattara-evoquent-la-question-du-terrorisme-dans-la-sous-region","og_locale":"fr_FR","og_type":"article","og_title":"Santos Simao et Alassane Ouattara \u00e9voquent la question du terrorisme dans la sous-r\u00e9gion","og_description":"Le\u0301onardo Santos Simao, Repre\u0301sentant spe\u0301cial du Secre\u0301taire ge\u0301ne\u0301ral des Nations Unies pour l'Afrique de l'Ouest et d ...","og_url":"https:\/\/www.africa-press.net\/cotedivoire\/politique\/santos-simao-et-alassane-ouattara-evoquent-la-question-du-terrorisme-dans-la-sous-region","og_site_name":"C\u00f4te d&#039;Ivoire","article_published_time":"2024-06-26T17:57:33+00:00","article_modified_time":"2024-06-26T18:15:28+00:00","og_image":[{"width":720,"height":350,"url":"https:\/\/static.africa-press.net\/cote\/sites\/43\/2024\/06\/sm_1719413074.238123.jpg","type":"image\/jpeg"}],"author":"cfeditorfr","twitter_card":"summary_large_image","twitter_misc":{"\u00c9crit par":"cfeditorfr","Dur\u00e9e de lecture estim\u00e9e":"2 minutes"},"schema":{"@context":"https:\/\/schema.org","@graph":[{"@type":"Article","@id":"https:\/\/www.africa-press.net\/cotedivoire\/politique\/santos-simao-et-alassane-ouattara-evoquent-la-question-du-terrorisme-dans-la-sous-region#article","isPartOf":{"@id":"https:\/\/www.africa-press.net\/cotedivoire\/politique\/santos-simao-et-alassane-ouattara-evoquent-la-question-du-terrorisme-dans-la-sous-region"},"author":{"name":"cfeditorfr","@id":"https:\/\/www.africa-press.net\/cotedivoire\/#\/schema\/person\/2b1cf3cd81a31e3cd26889ca66d677f1"},"headline":"Santos Simao et Alassane Ouattara \u00e9voquent la question du terrorisme dans la sous-r\u00e9gion","datePublished":"2024-06-26T17:57:33+00:00","dateModified":"2024-06-26T18:15:28+00:00","mainEntityOfPage":{"@id":"https:\/\/www.africa-press.net\/cotedivoire\/politique\/santos-simao-et-alassane-ouattara-evoquent-la-question-du-terrorisme-dans-la-sous-region"},"wordCount":366,"commentCount":0,"image":{"@id":"https:\/\/www.africa-press.net\/cotedivoire\/politique\/santos-simao-et-alassane-ouattara-evoquent-la-question-du-terrorisme-dans-la-sous-region#primaryimage"},"thumbnailUrl":"https:\/\/static.africa-press.net\/cote\/sites\/43\/2024\/06\/sm_1719413074.238123.jpg","keywords":["Alassane Ouattara","C\u00d4TE D'IVOIRE","L\u00e9onardo Santos Simao","Terrorisme"],"articleSection":["Photo","Politique","Top Nouvelles","Toutes les actualit\u00e9s"],"inLanguage":"fr-FR","potentialAction":[{"@type":"CommentAction","name":"Comment","target":["https:\/\/www.africa-press.net\/cotedivoire\/politique\/santos-simao-et-alassane-ouattara-evoquent-la-question-du-terrorisme-dans-la-sous-region#respond"]}]},{"@type":"WebPage","@id":"https:\/\/www.africa-press.net\/cotedivoire\/politique\/santos-simao-et-alassane-ouattara-evoquent-la-question-du-terrorisme-dans-la-sous-region","url":"https:\/\/www.africa-press.net\/cotedivoire\/politique\/santos-simao-et-alassane-ouattara-evoquent-la-question-du-terrorisme-dans-la-sous-region","name":"Santos Simao et Alassane Ouattara \u00e9voquent la question du terrorisme dans la sous-r\u00e9gion - C\u00f4te d&#039;Ivoire","isPartOf":{"@id":"https:\/\/www.africa-press.net\/cotedivoire\/#website"},"primaryImageOfPage":{"@id":"https:\/\/www.africa-press.net\/cotedivoire\/politique\/santos-simao-et-alassane-ouattara-evoquent-la-question-du-terrorisme-dans-la-sous-region#primaryimage"},"image":{"@id":"https:\/\/www.africa-press.net\/cotedivoire\/politique\/santos-simao-et-alassane-ouattara-evoquent-la-question-du-terrorisme-dans-la-sous-region#primaryimage"},"thumbnailUrl":"https:\/\/static.africa-press.net\/cote\/sites\/43\/2024\/06\/sm_1719413074.238123.jpg","datePublished":"2024-06-26T17:57:33+00:00","dateModified":"2024-06-26T18:15:28+00:00","author":{"@id":"https:\/\/www.africa-press.net\/cotedivoire\/#\/schema\/person\/2b1cf3cd81a31e3cd26889ca66d677f1"},"description":"Le\u0301onardo Santos Simao, Repre\u0301sentant spe\u0301cial du Secre\u0301taire ge\u0301ne\u0301ral des Nations Unies pour l'Afrique de l'Ouest et d ...","breadcrumb":{"@id":"https:\/\/www.africa-press.net\/cotedivoire\/politique\/santos-simao-et-alassane-ouattara-evoquent-la-question-du-terrorisme-dans-la-sous-region#breadcrumb"},"inLanguage":"fr-FR","potentialAction":[{"@type":"ReadAction","target":["https:\/\/www.africa-press.net\/cotedivoire\/politique\/santos-simao-et-alassane-ouattara-evoquent-la-question-du-terrorisme-dans-la-sous-region"]}]},{"@type":"ImageObject","inLanguage":"fr-FR","@id":"https:\/\/www.africa-press.net\/cotedivoire\/politique\/santos-simao-et-alassane-ouattara-evoquent-la-question-du-terrorisme-dans-la-sous-region#primaryimage","url":"https:\/\/static.africa-press.net\/cote\/sites\/43\/2024\/06\/sm_1719413074.238123.jpg","contentUrl":"https:\/\/static.africa-press.net\/cote\/sites\/43\/2024\/06\/sm_1719413074.238123.jpg","width":720,"height":350,"caption":"Santos Simao et Alassane Ouattara \u00e9voquent la question du terrorisme dans la sous-r\u00e9gion"},{"@type":"BreadcrumbList","@id":"https:\/\/www.africa-press.net\/cotedivoire\/politique\/santos-simao-et-alassane-ouattara-evoquent-la-question-du-terrorisme-dans-la-sous-region#breadcrumb","itemListElement":[{"@type":"ListItem","position":1,"name":"Accueil","item":"https:\/\/www.africa-press.net\/cotedivoire\/"},{"@type":"ListItem","position":2,"name":"Santos Simao et Alassane Ouattara \u00e9voquent la question du terrorisme dans la sous-r\u00e9gion"}]},{"@type":"WebSite","@id":"https:\/\/www.africa-press.net\/cotedivoire\/#website","url":"https:\/\/www.africa-press.net\/cotedivoire\/","name":"C\u00f4te d&#039;Ivoire","description":"Just another Africa News Agency Sites site","potentialAction":[{"@type":"SearchAction","target":{"@type":"EntryPoint","urlTemplate":"https:\/\/www.africa-press.net\/cotedivoire\/?s={search_term_string}"},"query-input":{"@type":"PropertyValueSpecification","valueRequired":true,"valueName":"search_term_string"}}],"inLanguage":"fr-FR"},{"@type":"Person","@id":"https:\/\/www.africa-press.net\/cotedivoire\/#\/schema\/person\/2b1cf3cd81a31e3cd26889ca66d677f1","name":"cfeditorfr"}]}},"_links":{"self":[{"href":"https:\/\/www.africa-press.net\/cotedivoire\/wp-json\/wp\/v2\/posts\/82680","targetHints":{"allow":["GET"]}}],"collection":[{"href":"https:\/\/www.africa-press.net\/cotedivoire\/wp-json\/wp\/v2\/posts"}],"about":[{"href":"https:\/\/www.africa-press.net\/cotedivoire\/wp-json\/wp\/v2\/types\/post"}],"author":[{"embeddable":true,"href":"https:\/\/www.africa-press.net\/cotedivoire\/wp-json\/wp\/v2\/users\/82"}],"replies":[{"embeddable":true,"href":"https:\/\/www.africa-press.net\/cotedivoire\/wp-json\/wp\/v2\/comments?post=82680"}],"version-history":[{"count":0,"href":"https:\/\/www.africa-press.net\/cotedivoire\/wp-json\/wp\/v2\/posts\/82680\/revisions"}],"wp:featuredmedia":[{"embeddable":true,"href":"https:\/\/www.africa-press.net\/cotedivoire\/wp-json\/wp\/v2\/media\/82679"}],"wp:attachment":[{"href":"https:\/\/www.africa-press.net\/cotedivoire\/wp-json\/wp\/v2\/media?parent=82680"}],"wp:term":[{"taxonomy":"category","embeddable":true,"href":"https:\/\/www.africa-press.net\/cotedivoire\/wp-json\/wp\/v2\/categories?post=82680"},{"taxonomy":"post_tag","embeddable":true,"href":"https:\/\/www.africa-press.net\/cotedivoire\/wp-json\/wp\/v2\/tags?post=82680"}],"curies":[{"name":"wp","href":"https:\/\/api.w.org\/{rel}","templated":true}]}}