{"id":82763,"date":"2024-06-27T14:46:31","date_gmt":"2024-06-27T14:46:31","guid":{"rendered":"https:\/\/www.africa-press.net\/cotedivoire\/politique\/repondant-a-thiam-sur-la-question-de-lidh-amadou-coulibaly-parfois-cest-important-deviter-les-ecrans-de-fumee-et-dire-la-verite-aux-gens-qui-sont-en-face-de-vous-par-respect"},"modified":"2024-06-27T15:16:04","modified_gmt":"2024-06-27T15:16:04","slug":"repondant-a-thiam-sur-la-question-de-lidh-amadou-coulibaly-parfois-cest-important-deviter-les-ecrans-de-fumee-et-dire-la-verite-aux-gens-qui-sont-en-face-de-vous-par-respect","status":"publish","type":"post","link":"https:\/\/www.africa-press.net\/cotedivoire\/politique\/repondant-a-thiam-sur-la-question-de-lidh-amadou-coulibaly-parfois-cest-important-deviter-les-ecrans-de-fumee-et-dire-la-verite-aux-gens-qui-sont-en-face-de-vous-par-respect","title":{"rendered":"R\u00e9pondant \u00e0 Thiam sur la question de l&rsquo;IDH, Amadou Coulibaly : \u00ab Parfois, c&rsquo;est important d&rsquo;\u00e9viter les \u00e9crans de fum\u00e9e et dire la v\u00e9rit\u00e9 aux gens qui sont en face de vous par respect \u00bb"},"content":{"rendered":"<p><span style=\"color: #ff6600\"><strong>Africa-Press &#8211; C\u00f4te d&rsquo;Ivoire. <\/strong><\/span>En tourne\u0301e dans le sud-ouest du pays ou\u0300 il a anime\u0301 un meeting, le samedi 22 juin a\u0300 Soubre\u0301, Tidjane Thiam, le Pre\u0301sident du Parti de\u0301mocratique de Co\u0302te d&rsquo;Ivoire (PDCI) a critique\u0301 le classement de l&rsquo;Indice de de\u0301veloppement humain (IDH) de son pays. Les propos tenus par Tidjane Thiam ont e\u0301te\u0301 battus en bre\u0300che par le porte-parole du gouvernement, Amadou Coulibaly.<\/p>\n<p>A la fin d&rsquo;un conseil des ministres tenu, ce mercredi 26 juin au Palais pre\u0301sidentiel, le porte-parole du Gouvernement s\u2019est inscrit en faux sur les statistiques donne\u0301es par le Pre\u0301sident du PDCI, tout en de\u0301nonc\u0327ant sa mauvaise foi, selon ses termes. Il a affirme\u0301 que l&rsquo;IDH ne se re\u0301sume pas a\u0300 une question de rang.<\/p>\n<p>Amadou Coulibaly pour contredire Tidjane Thiam, a indique\u0301 que l\u2019IDH de la Co\u0302te d&rsquo;Ivoire a progresse\u0301, passant de 0,46 a\u0300 0,53. Il a fait savoir que le ro\u0302le de l\u2019opposition, \u00ab c&rsquo;est de dire ce qui ne va pas ou bien de dire ce qui devrait aller mieux \u00bb<\/p>\n<p>\u00ab Alors le ro\u0302le de l&rsquo;opposition c&rsquo;est de dire ce qui ne va pas ou bien, de dire ce qui devrait aller mieux (&#8230;) La\u0300-dessus, je peux dire que le PDCI est dans son ro\u0302le. Sauf que quand on ne trouve pas d&rsquo;e\u0301le\u0301ments factuels pour pouvoir argumenter ce qu&rsquo;on veut dire, c&rsquo;est en ce moment qu&rsquo;on s&rsquo;accroche a\u0300 des statistiques qui restent discutables et qui peuvent parfois relever de la mauvaise foi ou du populisme. De s&rsquo;agit-t-il.<\/p>\n<p>Il y a ce que les chiffres disent et il y a la re\u0301alite\u0301 que nous vivons. La re\u0301alite\u0301 que nous vivons, je vous invite dans ces conditions a\u0300 relire l&rsquo;adresse du chef de l&rsquo;E\u0301tat devant le Congre\u0300s. C&rsquo;est un taux d&rsquo;e\u0301lectrification qui avoisine les 90 %, c&rsquo;est une re\u0301alite\u0301. Je vous invite a\u0300 voyager, a\u0300 parcourir toutes les localite\u0301s de notre pays et vous allez voir que nous sommes passe\u0301s de 2850 localite\u0301s environ en 2011 a\u0300 plus de 7500 localite\u0301s qui ont e\u0301te\u0301 e\u0301lectrifie\u0301es a\u0300 fin 2023, c&rsquo;est cela la re\u0301alite\u0301. Mais quand vous apportez l&rsquo;e\u0301lectricite\u0301 a\u0300 quelqu&rsquo;un vous avez ame\u0301liore\u0301 ses conditions de vie, car il n\u2019est plus oblige\u0301 d&rsquo;acheter ces aliments au jour le jour, parce qu&rsquo;il a la possibilite\u0301 de les conserver. Vous avez ame\u0301liore\u0301 les conditions de vie, parce que les vaccins dans les centres de sante\u0301 peuvent e\u0302tre garde\u0301s au frais, c&rsquo;est cela la re\u0301alite\u0301 que nous vivons. La re\u0301alite\u0301 que nous vivons en Co\u0302te d&rsquo;Ivoire, c&rsquo;est pour la qualite\u0301 de notre e\u0301lectricite\u0301, puisque je parle d&rsquo;e\u0301lectricite\u0301. C&rsquo;est un temps moyen de coupures qui, en 2011 e\u0301tait de 47 heures pour tomber aujourd&rsquo;hui a\u0300 29 heures par an, alors que dans certains pays vous avez 10 heures de coupures par jour. La moyenne de la CEDEAO c&rsquo;est 360 heures l&rsquo;anne\u0301e. Mais nous, nous sommes a\u0300 29 heures. C\u2019est cela, la re\u0301alite\u0301 que nous vivons.<\/p>\n<p>Pour parler de l&rsquo;adduction d&rsquo;eau, aujourd&rsquo;hui nous avons de\u0301passe\u0301 les 70% en termes d&rsquo;adduction d&rsquo;eau potable. Nous avoisinons facilement, les 75%, mais quand vous apportez de l&rsquo;eau potable, vous diminuez les maladies diarrhe\u0301iques vous ame\u0301liorez les conditions de vie des populations.<\/p>\n<p>Le bilan du PSGouv nous a e\u0301te\u0301 donne\u0301, j&rsquo;ai quelques chiffres ici. Ce sont plus de 35 salles de classe qui ont e\u0301te\u0301 acheve\u0301es et livre\u0301es, c&rsquo;est plus de 42 colle\u0300ges de proximite\u0301 qui ont e\u0301te\u0301 ouverts. Au niveau de la sante\u0301, le chef de l&rsquo;E\u0301tat nous a dit que nous avons environ 75 % de la population qui ne marche pas plus de 5 km, surtout nos femmes, avant de tomber sur un centre de sante\u0301 de premier contact. C\u2019est cela la re\u0301alite\u0301 que nous vivons dans notre pays. Donc, pour les questions de l\u2019IHD, il faut comprendre qu\u2019au nom de la politique, on cherche a\u0300 s&rsquo;accrocher a\u0300 des choses. Parfois, c&rsquo;est important d&rsquo;e\u0301viter les e\u0301crans de fume\u0301e, je l&rsquo;ai dit ici au sujet de certaines questions que la manipulation doit avoir des limites. Tout ne doit pas e\u0302tre politique, surtout que de plus en plus, on a en face des sachants. Donc c\u0327a demande beaucoup d&rsquo;humilite\u0301 aussi et beaucoup de respect pour les gens qui sont en face. Parce que quand des gens sont en face de vous, c\u2019est bon de leur dire la ve\u0301rite\u0301 par respect.<\/p>\n<p>Mais parlons de l&rsquo;IDH puisque c&rsquo;est de c\u0327a qu&rsquo;il s&rsquo;agit. L\u2019IDH est note\u0301 sur 1. En 2011, nous avions 0,46 point. En 2022 nous sommes passe\u0301s a\u0300 0,53, cela veut dire que notre IDH a progresse\u0301. Alors, c&rsquo;est comme votre fils ou votre fille qui va a\u0300 l&rsquo;e\u0301cole. Au premier trimestre, il a 11 de moyenne et il est 10e\u0300me. Mais a\u0300 la fin de l&rsquo;anne\u0301e, l&rsquo;enfant a tellement travaille\u0301 qu&rsquo;il a 13 de moyenne avec mention bien, sauf qu&rsquo;il est 15e et vous le bla\u0302mer parce qu\u2019il est 15e, alors qu\u2019il a progresse\u0301, il est passe\u0301 de 11 de moyenne a\u0300 13 de moyenne. Cela veut dire que la classe a travaille\u0301, c&rsquo;est une bonne chose.<\/p>\n<p>C&rsquo;est une bonne chose que l&rsquo;humanite\u0301 tout entie\u0300re cherche a\u0300 progresser, mais la Co\u0302te d&rsquo;Ivoire est dans cette progression, puisque son IDH est passe\u0301 de 0,46 a\u0300 0,53. Je comprends que ce soit la politique, mais re\u0301sumer les questions de l\u2019IDH a\u0300 une question de rang et sans voir qu\u2019il y a eu progression et que nous sommes en constante progression, si ce n&rsquo;est du populisme, c\u0327a n&rsquo;est vraiment pas loin. Moi, je suis juste un nombre de lettres, mais parfois il y a de la logique dans les raisonnements \u00bb, s&rsquo;est justifie\u0301, le porte-parole du gouvernement, ministre de la Communication.<\/p>\n<p><strong>Pour plus d&rsquo;informations et d&rsquo;analyses sur la C\u00f4te d&rsquo;Ivoire, suivez Africa-Press<\/strong><\/p>\n","protected":false},"excerpt":{"rendered":"<p>Africa-Press &#8211; C\u00f4te d&rsquo;Ivoire. En tourne\u0301e dans le sud-ouest du pays ou\u0300 il a anime\u0301 un meeting, le samedi 22 juin a\u0300 Soubre\u0301, Tidjane Thiam, le Pre\u0301sident du Parti de\u0301mocratique de Co\u0302te d&rsquo;Ivoire (PDCI) a critique\u0301 le classement de l&rsquo;Indice de de\u0301veloppement humain (IDH) de son pays. Les propos tenus par Tidjane Thiam ont e\u0301te\u0301 [&hellip;]<\/p>\n","protected":false},"author":82,"featured_media":82761,"comment_status":"open","ping_status":"closed","sticky":false,"template":"","format":"standard","meta":{"footnotes":""},"categories":[2,10],"tags":[456,29,7083,1707,13941,1547],"class_list":["post-82763","post","type-post","status-publish","format-standard","has-post-thumbnail","hentry","category-politique","category-toutes-les-actualites","tag-amadou-coulibaly","tag-cote-divoire","tag-idh","tag-porte-parole","tag-president-du-pdci","tag-thiam"],"yoast_head":"<!-- This site is optimized with the Yoast SEO Premium plugin v26.1 (Yoast SEO v27.0) - https:\/\/yoast.com\/product\/yoast-seo-premium-wordpress\/ -->\n<title>R\u00e9pondant \u00e0 Thiam sur la question de l&#039;IDH, Amadou Coulibaly : \u00ab Parfois, c&#039;est important d&#039;\u00e9viter les \u00e9crans de fum\u00e9e et dire la v\u00e9rit\u00e9 aux gens qui sont en face de vous par respect \u00bb - C\u00f4te d&#039;Ivoire<\/title>\n<meta name=\"description\" content=\"En tourne\u0301e dans le sud-ouest du pays ou\u0300 il a anime\u0301 un meeting, le samedi 22 juin a\u0300 Soubre\u0301, Tidjane Thiam, le Pre\u0301si ...\" \/>\n<meta name=\"robots\" content=\"index, follow, max-snippet:-1, max-image-preview:large, max-video-preview:-1\" \/>\n<link rel=\"canonical\" href=\"https:\/\/www.africa-press.net\/cotedivoire\/politique\/repondant-a-thiam-sur-la-question-de-lidh-amadou-coulibaly-parfois-cest-important-deviter-les-ecrans-de-fumee-et-dire-la-verite-aux-gens-qui-sont-en-face-de-vous-par-respect\" \/>\n<meta property=\"og:locale\" content=\"fr_FR\" \/>\n<meta property=\"og:type\" content=\"article\" \/>\n<meta property=\"og:title\" content=\"R\u00e9pondant \u00e0 Thiam sur la question de l&#039;IDH, Amadou Coulibaly : \u00ab Parfois, c&#039;est important d&#039;\u00e9viter les \u00e9crans de fum\u00e9e et dire la v\u00e9rit\u00e9 aux gens qui sont en face de vous par respect \u00bb\" \/>\n<meta property=\"og:description\" content=\"En tourne\u0301e dans le sud-ouest du pays ou\u0300 il a anime\u0301 un meeting, le samedi 22 juin a\u0300 Soubre\u0301, Tidjane Thiam, le Pre\u0301si ...\" \/>\n<meta property=\"og:url\" content=\"https:\/\/www.africa-press.net\/cotedivoire\/politique\/repondant-a-thiam-sur-la-question-de-lidh-amadou-coulibaly-parfois-cest-important-deviter-les-ecrans-de-fumee-et-dire-la-verite-aux-gens-qui-sont-en-face-de-vous-par-respect\" \/>\n<meta property=\"og:site_name\" content=\"C\u00f4te d&#039;Ivoire\" \/>\n<meta property=\"article:published_time\" content=\"2024-06-27T14:46:31+00:00\" \/>\n<meta property=\"article:modified_time\" content=\"2024-06-27T15:16:04+00:00\" \/>\n<meta property=\"og:image\" content=\"https:\/\/static.africa-press.net\/cote\/sites\/43\/2024\/06\/sm_1719488742.340237.jpg\" \/>\n\t<meta property=\"og:image:width\" content=\"720\" \/>\n\t<meta property=\"og:image:height\" content=\"450\" \/>\n\t<meta property=\"og:image:type\" content=\"image\/jpeg\" \/>\n<meta name=\"author\" content=\"cfeditorfr\" \/>\n<meta name=\"twitter:card\" content=\"summary_large_image\" \/>\n<meta name=\"twitter:label1\" content=\"\u00c9crit par\" \/>\n\t<meta name=\"twitter:data1\" content=\"cfeditorfr\" \/>\n\t<meta name=\"twitter:label2\" content=\"Dur\u00e9e de lecture estim\u00e9e\" \/>\n\t<meta name=\"twitter:data2\" content=\"5 minutes\" \/>\n<script type=\"application\/ld+json\" class=\"yoast-schema-graph\">{\"@context\":\"https:\/\/schema.org\",\"@graph\":[{\"@type\":\"Article\",\"@id\":\"https:\/\/www.africa-press.net\/cotedivoire\/politique\/repondant-a-thiam-sur-la-question-de-lidh-amadou-coulibaly-parfois-cest-important-deviter-les-ecrans-de-fumee-et-dire-la-verite-aux-gens-qui-sont-en-face-de-vous-par-respect#article\",\"isPartOf\":{\"@id\":\"https:\/\/www.africa-press.net\/cotedivoire\/politique\/repondant-a-thiam-sur-la-question-de-lidh-amadou-coulibaly-parfois-cest-important-deviter-les-ecrans-de-fumee-et-dire-la-verite-aux-gens-qui-sont-en-face-de-vous-par-respect\"},\"author\":{\"name\":\"cfeditorfr\",\"@id\":\"https:\/\/www.africa-press.net\/cotedivoire\/#\/schema\/person\/2b1cf3cd81a31e3cd26889ca66d677f1\"},\"headline\":\"R\u00e9pondant \u00e0 Thiam sur la question de l&rsquo;IDH, Amadou Coulibaly : \u00ab Parfois, c&rsquo;est important d&rsquo;\u00e9viter les \u00e9crans de fum\u00e9e et dire la v\u00e9rit\u00e9 aux gens qui sont en face de vous par respect \u00bb\",\"datePublished\":\"2024-06-27T14:46:31+00:00\",\"dateModified\":\"2024-06-27T15:16:04+00:00\",\"mainEntityOfPage\":{\"@id\":\"https:\/\/www.africa-press.net\/cotedivoire\/politique\/repondant-a-thiam-sur-la-question-de-lidh-amadou-coulibaly-parfois-cest-important-deviter-les-ecrans-de-fumee-et-dire-la-verite-aux-gens-qui-sont-en-face-de-vous-par-respect\"},\"wordCount\":1091,\"commentCount\":0,\"image\":{\"@id\":\"https:\/\/www.africa-press.net\/cotedivoire\/politique\/repondant-a-thiam-sur-la-question-de-lidh-amadou-coulibaly-parfois-cest-important-deviter-les-ecrans-de-fumee-et-dire-la-verite-aux-gens-qui-sont-en-face-de-vous-par-respect#primaryimage\"},\"thumbnailUrl\":\"https:\/\/static.africa-press.net\/cote\/sites\/43\/2024\/06\/sm_1719488742.340237.jpg\",\"keywords\":[\"Amadou Coulibaly\",\"C\u00d4TE D'IVOIRE\",\"IDH\",\"Porte-Parole\",\"Pr\u00e9sident du PDCI\",\"Thiam\"],\"articleSection\":[\"Politique\",\"Toutes les actualit\u00e9s\"],\"inLanguage\":\"fr-FR\",\"potentialAction\":[{\"@type\":\"CommentAction\",\"name\":\"Comment\",\"target\":[\"https:\/\/www.africa-press.net\/cotedivoire\/politique\/repondant-a-thiam-sur-la-question-de-lidh-amadou-coulibaly-parfois-cest-important-deviter-les-ecrans-de-fumee-et-dire-la-verite-aux-gens-qui-sont-en-face-de-vous-par-respect#respond\"]}]},{\"@type\":\"WebPage\",\"@id\":\"https:\/\/www.africa-press.net\/cotedivoire\/politique\/repondant-a-thiam-sur-la-question-de-lidh-amadou-coulibaly-parfois-cest-important-deviter-les-ecrans-de-fumee-et-dire-la-verite-aux-gens-qui-sont-en-face-de-vous-par-respect\",\"url\":\"https:\/\/www.africa-press.net\/cotedivoire\/politique\/repondant-a-thiam-sur-la-question-de-lidh-amadou-coulibaly-parfois-cest-important-deviter-les-ecrans-de-fumee-et-dire-la-verite-aux-gens-qui-sont-en-face-de-vous-par-respect\",\"name\":\"R\u00e9pondant \u00e0 Thiam sur la question de l'IDH, Amadou Coulibaly : \u00ab Parfois, c'est important d'\u00e9viter les \u00e9crans de fum\u00e9e et dire la v\u00e9rit\u00e9 aux gens qui sont en face de vous par respect \u00bb - C\u00f4te d&#039;Ivoire\",\"isPartOf\":{\"@id\":\"https:\/\/www.africa-press.net\/cotedivoire\/#website\"},\"primaryImageOfPage\":{\"@id\":\"https:\/\/www.africa-press.net\/cotedivoire\/politique\/repondant-a-thiam-sur-la-question-de-lidh-amadou-coulibaly-parfois-cest-important-deviter-les-ecrans-de-fumee-et-dire-la-verite-aux-gens-qui-sont-en-face-de-vous-par-respect#primaryimage\"},\"image\":{\"@id\":\"https:\/\/www.africa-press.net\/cotedivoire\/politique\/repondant-a-thiam-sur-la-question-de-lidh-amadou-coulibaly-parfois-cest-important-deviter-les-ecrans-de-fumee-et-dire-la-verite-aux-gens-qui-sont-en-face-de-vous-par-respect#primaryimage\"},\"thumbnailUrl\":\"https:\/\/static.africa-press.net\/cote\/sites\/43\/2024\/06\/sm_1719488742.340237.jpg\",\"datePublished\":\"2024-06-27T14:46:31+00:00\",\"dateModified\":\"2024-06-27T15:16:04+00:00\",\"author\":{\"@id\":\"https:\/\/www.africa-press.net\/cotedivoire\/#\/schema\/person\/2b1cf3cd81a31e3cd26889ca66d677f1\"},\"description\":\"En tourne\u0301e dans le sud-ouest du pays ou\u0300 il a anime\u0301 un meeting, le samedi 22 juin a\u0300 Soubre\u0301, Tidjane Thiam, le Pre\u0301si ...\",\"breadcrumb\":{\"@id\":\"https:\/\/www.africa-press.net\/cotedivoire\/politique\/repondant-a-thiam-sur-la-question-de-lidh-amadou-coulibaly-parfois-cest-important-deviter-les-ecrans-de-fumee-et-dire-la-verite-aux-gens-qui-sont-en-face-de-vous-par-respect#breadcrumb\"},\"inLanguage\":\"fr-FR\",\"potentialAction\":[{\"@type\":\"ReadAction\",\"target\":[\"https:\/\/www.africa-press.net\/cotedivoire\/politique\/repondant-a-thiam-sur-la-question-de-lidh-amadou-coulibaly-parfois-cest-important-deviter-les-ecrans-de-fumee-et-dire-la-verite-aux-gens-qui-sont-en-face-de-vous-par-respect\"]}]},{\"@type\":\"ImageObject\",\"inLanguage\":\"fr-FR\",\"@id\":\"https:\/\/www.africa-press.net\/cotedivoire\/politique\/repondant-a-thiam-sur-la-question-de-lidh-amadou-coulibaly-parfois-cest-important-deviter-les-ecrans-de-fumee-et-dire-la-verite-aux-gens-qui-sont-en-face-de-vous-par-respect#primaryimage\",\"url\":\"https:\/\/static.africa-press.net\/cote\/sites\/43\/2024\/06\/sm_1719488742.340237.jpg\",\"contentUrl\":\"https:\/\/static.africa-press.net\/cote\/sites\/43\/2024\/06\/sm_1719488742.340237.jpg\",\"width\":720,\"height\":450,\"caption\":\"R\u00e9pondant \u00e0 Thiam sur la question de l'IDH, Amadou Coulibaly : \u00ab Parfois, c'est important d'\u00e9viter les \u00e9crans de fum\u00e9e et dire la v\u00e9rit\u00e9 aux gens qui sont en face de vous par respect \u00bb\"},{\"@type\":\"BreadcrumbList\",\"@id\":\"https:\/\/www.africa-press.net\/cotedivoire\/politique\/repondant-a-thiam-sur-la-question-de-lidh-amadou-coulibaly-parfois-cest-important-deviter-les-ecrans-de-fumee-et-dire-la-verite-aux-gens-qui-sont-en-face-de-vous-par-respect#breadcrumb\",\"itemListElement\":[{\"@type\":\"ListItem\",\"position\":1,\"name\":\"Accueil\",\"item\":\"https:\/\/www.africa-press.net\/cotedivoire\/\"},{\"@type\":\"ListItem\",\"position\":2,\"name\":\"R\u00e9pondant \u00e0 Thiam sur la question de l&#8217;IDH, Amadou Coulibaly : \u00ab Parfois, c&#8217;est important d&#8217;\u00e9viter les \u00e9crans de fum\u00e9e et dire la v\u00e9rit\u00e9 aux gens qui sont en face de vous par respect \u00bb\"}]},{\"@type\":\"WebSite\",\"@id\":\"https:\/\/www.africa-press.net\/cotedivoire\/#website\",\"url\":\"https:\/\/www.africa-press.net\/cotedivoire\/\",\"name\":\"C\u00f4te d&#039;Ivoire\",\"description\":\"Just another Africa News Agency Sites site\",\"potentialAction\":[{\"@type\":\"SearchAction\",\"target\":{\"@type\":\"EntryPoint\",\"urlTemplate\":\"https:\/\/www.africa-press.net\/cotedivoire\/?s={search_term_string}\"},\"query-input\":{\"@type\":\"PropertyValueSpecification\",\"valueRequired\":true,\"valueName\":\"search_term_string\"}}],\"inLanguage\":\"fr-FR\"},{\"@type\":\"Person\",\"@id\":\"https:\/\/www.africa-press.net\/cotedivoire\/#\/schema\/person\/2b1cf3cd81a31e3cd26889ca66d677f1\",\"name\":\"cfeditorfr\"}]}<\/script>\n<!-- \/ Yoast SEO Premium plugin. -->","yoast_head_json":{"title":"R\u00e9pondant \u00e0 Thiam sur la question de l'IDH, Amadou Coulibaly : \u00ab Parfois, c'est important d'\u00e9viter les \u00e9crans de fum\u00e9e et dire la v\u00e9rit\u00e9 aux gens qui sont en face de vous par respect \u00bb - C\u00f4te d&#039;Ivoire","description":"En tourne\u0301e dans le sud-ouest du pays ou\u0300 il a anime\u0301 un meeting, le samedi 22 juin a\u0300 Soubre\u0301, Tidjane Thiam, le Pre\u0301si ...","robots":{"index":"index","follow":"follow","max-snippet":"max-snippet:-1","max-image-preview":"max-image-preview:large","max-video-preview":"max-video-preview:-1"},"canonical":"https:\/\/www.africa-press.net\/cotedivoire\/politique\/repondant-a-thiam-sur-la-question-de-lidh-amadou-coulibaly-parfois-cest-important-deviter-les-ecrans-de-fumee-et-dire-la-verite-aux-gens-qui-sont-en-face-de-vous-par-respect","og_locale":"fr_FR","og_type":"article","og_title":"R\u00e9pondant \u00e0 Thiam sur la question de l'IDH, Amadou Coulibaly : \u00ab Parfois, c'est important d'\u00e9viter les \u00e9crans de fum\u00e9e et dire la v\u00e9rit\u00e9 aux gens qui sont en face de vous par respect \u00bb","og_description":"En tourne\u0301e dans le sud-ouest du pays ou\u0300 il a anime\u0301 un meeting, le samedi 22 juin a\u0300 Soubre\u0301, Tidjane Thiam, le Pre\u0301si ...","og_url":"https:\/\/www.africa-press.net\/cotedivoire\/politique\/repondant-a-thiam-sur-la-question-de-lidh-amadou-coulibaly-parfois-cest-important-deviter-les-ecrans-de-fumee-et-dire-la-verite-aux-gens-qui-sont-en-face-de-vous-par-respect","og_site_name":"C\u00f4te d&#039;Ivoire","article_published_time":"2024-06-27T14:46:31+00:00","article_modified_time":"2024-06-27T15:16:04+00:00","og_image":[{"width":720,"height":450,"url":"https:\/\/static.africa-press.net\/cote\/sites\/43\/2024\/06\/sm_1719488742.340237.jpg","type":"image\/jpeg"}],"author":"cfeditorfr","twitter_card":"summary_large_image","twitter_misc":{"\u00c9crit par":"cfeditorfr","Dur\u00e9e de lecture estim\u00e9e":"5 minutes"},"schema":{"@context":"https:\/\/schema.org","@graph":[{"@type":"Article","@id":"https:\/\/www.africa-press.net\/cotedivoire\/politique\/repondant-a-thiam-sur-la-question-de-lidh-amadou-coulibaly-parfois-cest-important-deviter-les-ecrans-de-fumee-et-dire-la-verite-aux-gens-qui-sont-en-face-de-vous-par-respect#article","isPartOf":{"@id":"https:\/\/www.africa-press.net\/cotedivoire\/politique\/repondant-a-thiam-sur-la-question-de-lidh-amadou-coulibaly-parfois-cest-important-deviter-les-ecrans-de-fumee-et-dire-la-verite-aux-gens-qui-sont-en-face-de-vous-par-respect"},"author":{"name":"cfeditorfr","@id":"https:\/\/www.africa-press.net\/cotedivoire\/#\/schema\/person\/2b1cf3cd81a31e3cd26889ca66d677f1"},"headline":"R\u00e9pondant \u00e0 Thiam sur la question de l&rsquo;IDH, Amadou Coulibaly : \u00ab Parfois, c&rsquo;est important d&rsquo;\u00e9viter les \u00e9crans de fum\u00e9e et dire la v\u00e9rit\u00e9 aux gens qui sont en face de vous par respect \u00bb","datePublished":"2024-06-27T14:46:31+00:00","dateModified":"2024-06-27T15:16:04+00:00","mainEntityOfPage":{"@id":"https:\/\/www.africa-press.net\/cotedivoire\/politique\/repondant-a-thiam-sur-la-question-de-lidh-amadou-coulibaly-parfois-cest-important-deviter-les-ecrans-de-fumee-et-dire-la-verite-aux-gens-qui-sont-en-face-de-vous-par-respect"},"wordCount":1091,"commentCount":0,"image":{"@id":"https:\/\/www.africa-press.net\/cotedivoire\/politique\/repondant-a-thiam-sur-la-question-de-lidh-amadou-coulibaly-parfois-cest-important-deviter-les-ecrans-de-fumee-et-dire-la-verite-aux-gens-qui-sont-en-face-de-vous-par-respect#primaryimage"},"thumbnailUrl":"https:\/\/static.africa-press.net\/cote\/sites\/43\/2024\/06\/sm_1719488742.340237.jpg","keywords":["Amadou Coulibaly","C\u00d4TE D'IVOIRE","IDH","Porte-Parole","Pr\u00e9sident du PDCI","Thiam"],"articleSection":["Politique","Toutes les actualit\u00e9s"],"inLanguage":"fr-FR","potentialAction":[{"@type":"CommentAction","name":"Comment","target":["https:\/\/www.africa-press.net\/cotedivoire\/politique\/repondant-a-thiam-sur-la-question-de-lidh-amadou-coulibaly-parfois-cest-important-deviter-les-ecrans-de-fumee-et-dire-la-verite-aux-gens-qui-sont-en-face-de-vous-par-respect#respond"]}]},{"@type":"WebPage","@id":"https:\/\/www.africa-press.net\/cotedivoire\/politique\/repondant-a-thiam-sur-la-question-de-lidh-amadou-coulibaly-parfois-cest-important-deviter-les-ecrans-de-fumee-et-dire-la-verite-aux-gens-qui-sont-en-face-de-vous-par-respect","url":"https:\/\/www.africa-press.net\/cotedivoire\/politique\/repondant-a-thiam-sur-la-question-de-lidh-amadou-coulibaly-parfois-cest-important-deviter-les-ecrans-de-fumee-et-dire-la-verite-aux-gens-qui-sont-en-face-de-vous-par-respect","name":"R\u00e9pondant \u00e0 Thiam sur la question de l'IDH, Amadou Coulibaly : \u00ab Parfois, c'est important d'\u00e9viter les \u00e9crans de fum\u00e9e et dire la v\u00e9rit\u00e9 aux gens qui sont en face de vous par respect \u00bb - C\u00f4te d&#039;Ivoire","isPartOf":{"@id":"https:\/\/www.africa-press.net\/cotedivoire\/#website"},"primaryImageOfPage":{"@id":"https:\/\/www.africa-press.net\/cotedivoire\/politique\/repondant-a-thiam-sur-la-question-de-lidh-amadou-coulibaly-parfois-cest-important-deviter-les-ecrans-de-fumee-et-dire-la-verite-aux-gens-qui-sont-en-face-de-vous-par-respect#primaryimage"},"image":{"@id":"https:\/\/www.africa-press.net\/cotedivoire\/politique\/repondant-a-thiam-sur-la-question-de-lidh-amadou-coulibaly-parfois-cest-important-deviter-les-ecrans-de-fumee-et-dire-la-verite-aux-gens-qui-sont-en-face-de-vous-par-respect#primaryimage"},"thumbnailUrl":"https:\/\/static.africa-press.net\/cote\/sites\/43\/2024\/06\/sm_1719488742.340237.jpg","datePublished":"2024-06-27T14:46:31+00:00","dateModified":"2024-06-27T15:16:04+00:00","author":{"@id":"https:\/\/www.africa-press.net\/cotedivoire\/#\/schema\/person\/2b1cf3cd81a31e3cd26889ca66d677f1"},"description":"En tourne\u0301e dans le sud-ouest du pays ou\u0300 il a anime\u0301 un meeting, le samedi 22 juin a\u0300 Soubre\u0301, Tidjane Thiam, le Pre\u0301si ...","breadcrumb":{"@id":"https:\/\/www.africa-press.net\/cotedivoire\/politique\/repondant-a-thiam-sur-la-question-de-lidh-amadou-coulibaly-parfois-cest-important-deviter-les-ecrans-de-fumee-et-dire-la-verite-aux-gens-qui-sont-en-face-de-vous-par-respect#breadcrumb"},"inLanguage":"fr-FR","potentialAction":[{"@type":"ReadAction","target":["https:\/\/www.africa-press.net\/cotedivoire\/politique\/repondant-a-thiam-sur-la-question-de-lidh-amadou-coulibaly-parfois-cest-important-deviter-les-ecrans-de-fumee-et-dire-la-verite-aux-gens-qui-sont-en-face-de-vous-par-respect"]}]},{"@type":"ImageObject","inLanguage":"fr-FR","@id":"https:\/\/www.africa-press.net\/cotedivoire\/politique\/repondant-a-thiam-sur-la-question-de-lidh-amadou-coulibaly-parfois-cest-important-deviter-les-ecrans-de-fumee-et-dire-la-verite-aux-gens-qui-sont-en-face-de-vous-par-respect#primaryimage","url":"https:\/\/static.africa-press.net\/cote\/sites\/43\/2024\/06\/sm_1719488742.340237.jpg","contentUrl":"https:\/\/static.africa-press.net\/cote\/sites\/43\/2024\/06\/sm_1719488742.340237.jpg","width":720,"height":450,"caption":"R\u00e9pondant \u00e0 Thiam sur la question de l'IDH, Amadou Coulibaly : \u00ab Parfois, c'est important d'\u00e9viter les \u00e9crans de fum\u00e9e et dire la v\u00e9rit\u00e9 aux gens qui sont en face de vous par respect \u00bb"},{"@type":"BreadcrumbList","@id":"https:\/\/www.africa-press.net\/cotedivoire\/politique\/repondant-a-thiam-sur-la-question-de-lidh-amadou-coulibaly-parfois-cest-important-deviter-les-ecrans-de-fumee-et-dire-la-verite-aux-gens-qui-sont-en-face-de-vous-par-respect#breadcrumb","itemListElement":[{"@type":"ListItem","position":1,"name":"Accueil","item":"https:\/\/www.africa-press.net\/cotedivoire\/"},{"@type":"ListItem","position":2,"name":"R\u00e9pondant \u00e0 Thiam sur la question de l&#8217;IDH, Amadou Coulibaly : \u00ab Parfois, c&#8217;est important d&#8217;\u00e9viter les \u00e9crans de fum\u00e9e et dire la v\u00e9rit\u00e9 aux gens qui sont en face de vous par respect \u00bb"}]},{"@type":"WebSite","@id":"https:\/\/www.africa-press.net\/cotedivoire\/#website","url":"https:\/\/www.africa-press.net\/cotedivoire\/","name":"C\u00f4te d&#039;Ivoire","description":"Just another Africa News Agency Sites site","potentialAction":[{"@type":"SearchAction","target":{"@type":"EntryPoint","urlTemplate":"https:\/\/www.africa-press.net\/cotedivoire\/?s={search_term_string}"},"query-input":{"@type":"PropertyValueSpecification","valueRequired":true,"valueName":"search_term_string"}}],"inLanguage":"fr-FR"},{"@type":"Person","@id":"https:\/\/www.africa-press.net\/cotedivoire\/#\/schema\/person\/2b1cf3cd81a31e3cd26889ca66d677f1","name":"cfeditorfr"}]}},"_links":{"self":[{"href":"https:\/\/www.africa-press.net\/cotedivoire\/wp-json\/wp\/v2\/posts\/82763","targetHints":{"allow":["GET"]}}],"collection":[{"href":"https:\/\/www.africa-press.net\/cotedivoire\/wp-json\/wp\/v2\/posts"}],"about":[{"href":"https:\/\/www.africa-press.net\/cotedivoire\/wp-json\/wp\/v2\/types\/post"}],"author":[{"embeddable":true,"href":"https:\/\/www.africa-press.net\/cotedivoire\/wp-json\/wp\/v2\/users\/82"}],"replies":[{"embeddable":true,"href":"https:\/\/www.africa-press.net\/cotedivoire\/wp-json\/wp\/v2\/comments?post=82763"}],"version-history":[{"count":0,"href":"https:\/\/www.africa-press.net\/cotedivoire\/wp-json\/wp\/v2\/posts\/82763\/revisions"}],"wp:featuredmedia":[{"embeddable":true,"href":"https:\/\/www.africa-press.net\/cotedivoire\/wp-json\/wp\/v2\/media\/82761"}],"wp:attachment":[{"href":"https:\/\/www.africa-press.net\/cotedivoire\/wp-json\/wp\/v2\/media?parent=82763"}],"wp:term":[{"taxonomy":"category","embeddable":true,"href":"https:\/\/www.africa-press.net\/cotedivoire\/wp-json\/wp\/v2\/categories?post=82763"},{"taxonomy":"post_tag","embeddable":true,"href":"https:\/\/www.africa-press.net\/cotedivoire\/wp-json\/wp\/v2\/tags?post=82763"}],"curies":[{"name":"wp","href":"https:\/\/api.w.org\/{rel}","templated":true}]}}