{"id":82812,"date":"2024-06-27T14:52:53","date_gmt":"2024-06-27T14:52:53","guid":{"rendered":"https:\/\/www.africa-press.net\/cotedivoire\/politique\/election-du-president-de-luvicoci-le-maire-de-bouake-amadou-kone-candidat"},"modified":"2024-06-27T15:24:01","modified_gmt":"2024-06-27T15:24:01","slug":"election-du-president-de-luvicoci-le-maire-de-bouake-amadou-kone-candidat","status":"publish","type":"post","link":"https:\/\/www.africa-press.net\/cotedivoire\/politique\/election-du-president-de-luvicoci-le-maire-de-bouake-amadou-kone-candidat","title":{"rendered":"Election du pr\u00e9sident de l&rsquo;UVICOCI, le Maire de Bouak\u00e9 Amadou Kon\u00e9 candidat ?"},"content":{"rendered":"<p><span style=\"color: #ff6600\"><strong>Africa-Press &#8211; C\u00f4te d&rsquo;Ivoire. <\/strong><\/span>L\u2019e\u0301lection du pre\u0301sident de l\u2019Union des Villes et Communes de Co\u0302te d\u2019Ivoire est pre\u0301vue pour le 05 juillet prochain a\u0300 Yamoussoukro.<\/p>\n<p>Avant la date, des velle\u0301ite\u0301s de candidatures sont constate\u0301es ces derniers jours. Apre\u0300s le Maire de Mayo, l\u2019e\u0301pouse d\u2019Alain Richard Donwahi, Laure Banfla, nous apprenons que, le Ministre des Transports et Maire de Bouake\u0301, Amadou Kone\u0301, veut e\u0301galement la pre\u0301sidence de l\u2019UVICOCI.<\/p>\n<p>Il pourrait faire l\u2019annonce dans les prochains jours, assure-t-on. Pour l\u2019heure, il est difficile de savoir, si le pre\u0301sident sortant de l\u2019UVICOCI, Claude Danho Paulin est candidat a\u0300 sa propre succession.<\/p>\n<p>La bataille pour le contro\u0302le de l\u2019Union des Villes et Communes de Co\u0302te d\u2019Ivoire (UVICOCI) s\u2019annonce donc rude entre les Maires issus du parti pre\u0301sidentiel, le Rassemblement des Houphoue\u0308tistes pour la De\u0301mocratie et la Paix (RHDP).<\/p>\n<p><strong>Pour plus d&rsquo;informations et d&rsquo;analyses sur la C\u00f4te d&rsquo;Ivoire, suivez Africa-Press<\/strong><\/p>\n","protected":false},"excerpt":{"rendered":"<p>Africa-Press &#8211; C\u00f4te d&rsquo;Ivoire. L\u2019e\u0301lection du pre\u0301sident de l\u2019Union des Villes et Communes de Co\u0302te d\u2019Ivoire est pre\u0301vue pour le 05 juillet prochain a\u0300 Yamoussoukro. Avant la date, des velle\u0301ite\u0301s de candidatures sont constate\u0301es ces derniers jours. Apre\u0300s le Maire de Mayo, l\u2019e\u0301pouse d\u2019Alain Richard Donwahi, Laure Banfla, nous apprenons que, le Ministre des Transports [&hellip;]<\/p>\n","protected":false},"author":82,"featured_media":82810,"comment_status":"open","ping_status":"closed","sticky":false,"template":"","format":"standard","meta":{"footnotes":""},"categories":[2,10],"tags":[390,29,1517,3558,13962,1814,33],"class_list":["post-82812","post","type-post","status-publish","format-standard","has-post-thumbnail","hentry","category-politique","category-toutes-les-actualites","tag-amadou-kone","tag-cote-divoire","tag-danho-paulin","tag-election","tag-laure-banfla","tag-uvicoci","tag-yamoussoukro"],"yoast_head":"<!-- This site is optimized with the Yoast SEO Premium plugin v26.1 (Yoast SEO v27.0) - https:\/\/yoast.com\/product\/yoast-seo-premium-wordpress\/ -->\n<title>Election du pr\u00e9sident de l&#039;UVICOCI, le Maire de Bouak\u00e9 Amadou Kon\u00e9 candidat ? - C\u00f4te d&#039;Ivoire<\/title>\n<meta name=\"description\" content=\"L\u2019e\u0301lection du pre\u0301sident de l\u2019Union des Villes et Communes de Co\u0302te d\u2019Ivoire est pre\u0301vue pour le 05 juillet prochain a\u0300 ...\" \/>\n<meta name=\"robots\" content=\"index, follow, max-snippet:-1, max-image-preview:large, max-video-preview:-1\" \/>\n<link rel=\"canonical\" href=\"https:\/\/www.africa-press.net\/cotedivoire\/politique\/election-du-president-de-luvicoci-le-maire-de-bouake-amadou-kone-candidat\" \/>\n<meta property=\"og:locale\" content=\"fr_FR\" \/>\n<meta property=\"og:type\" content=\"article\" \/>\n<meta property=\"og:title\" content=\"Election du pr\u00e9sident de l&#039;UVICOCI, le Maire de Bouak\u00e9 Amadou Kon\u00e9 candidat ?\" \/>\n<meta property=\"og:description\" content=\"L\u2019e\u0301lection du pre\u0301sident de l\u2019Union des Villes et Communes de Co\u0302te d\u2019Ivoire est pre\u0301vue pour le 05 juillet prochain a\u0300 ...\" \/>\n<meta property=\"og:url\" content=\"https:\/\/www.africa-press.net\/cotedivoire\/politique\/election-du-president-de-luvicoci-le-maire-de-bouake-amadou-kone-candidat\" \/>\n<meta property=\"og:site_name\" content=\"C\u00f4te d&#039;Ivoire\" \/>\n<meta property=\"article:published_time\" content=\"2024-06-27T14:52:53+00:00\" \/>\n<meta property=\"article:modified_time\" content=\"2024-06-27T15:24:01+00:00\" \/>\n<meta property=\"og:image\" content=\"https:\/\/static.africa-press.net\/cote\/sites\/43\/2024\/06\/sm_1719489200.480616.jpg\" \/>\n\t<meta property=\"og:image:width\" content=\"720\" \/>\n\t<meta property=\"og:image:height\" content=\"481\" \/>\n\t<meta property=\"og:image:type\" content=\"image\/jpeg\" \/>\n<meta name=\"author\" content=\"cfeditorfr\" \/>\n<meta name=\"twitter:card\" content=\"summary_large_image\" \/>\n<meta name=\"twitter:label1\" content=\"\u00c9crit par\" \/>\n\t<meta name=\"twitter:data1\" content=\"cfeditorfr\" \/>\n\t<meta name=\"twitter:label2\" content=\"Dur\u00e9e de lecture estim\u00e9e\" \/>\n\t<meta name=\"twitter:data2\" content=\"1 minute\" \/>\n<script type=\"application\/ld+json\" class=\"yoast-schema-graph\">{\"@context\":\"https:\/\/schema.org\",\"@graph\":[{\"@type\":\"Article\",\"@id\":\"https:\/\/www.africa-press.net\/cotedivoire\/politique\/election-du-president-de-luvicoci-le-maire-de-bouake-amadou-kone-candidat#article\",\"isPartOf\":{\"@id\":\"https:\/\/www.africa-press.net\/cotedivoire\/politique\/election-du-president-de-luvicoci-le-maire-de-bouake-amadou-kone-candidat\"},\"author\":{\"name\":\"cfeditorfr\",\"@id\":\"https:\/\/www.africa-press.net\/cotedivoire\/#\/schema\/person\/2b1cf3cd81a31e3cd26889ca66d677f1\"},\"headline\":\"Election du pr\u00e9sident de l&rsquo;UVICOCI, le Maire de Bouak\u00e9 Amadou Kon\u00e9 candidat ?\",\"datePublished\":\"2024-06-27T14:52:53+00:00\",\"dateModified\":\"2024-06-27T15:24:01+00:00\",\"mainEntityOfPage\":{\"@id\":\"https:\/\/www.africa-press.net\/cotedivoire\/politique\/election-du-president-de-luvicoci-le-maire-de-bouake-amadou-kone-candidat\"},\"wordCount\":193,\"commentCount\":0,\"image\":{\"@id\":\"https:\/\/www.africa-press.net\/cotedivoire\/politique\/election-du-president-de-luvicoci-le-maire-de-bouake-amadou-kone-candidat#primaryimage\"},\"thumbnailUrl\":\"https:\/\/static.africa-press.net\/cote\/sites\/43\/2024\/06\/sm_1719489200.480616.jpg\",\"keywords\":[\"Amadou Kon\u00e9\",\"C\u00d4TE D'IVOIRE\",\"Danho Paulin\",\"\u00e9lection\",\"Laure Banfla\",\"UVICOCI\",\"Yamoussoukro\"],\"articleSection\":[\"Politique\",\"Toutes les actualit\u00e9s\"],\"inLanguage\":\"fr-FR\",\"potentialAction\":[{\"@type\":\"CommentAction\",\"name\":\"Comment\",\"target\":[\"https:\/\/www.africa-press.net\/cotedivoire\/politique\/election-du-president-de-luvicoci-le-maire-de-bouake-amadou-kone-candidat#respond\"]}]},{\"@type\":\"WebPage\",\"@id\":\"https:\/\/www.africa-press.net\/cotedivoire\/politique\/election-du-president-de-luvicoci-le-maire-de-bouake-amadou-kone-candidat\",\"url\":\"https:\/\/www.africa-press.net\/cotedivoire\/politique\/election-du-president-de-luvicoci-le-maire-de-bouake-amadou-kone-candidat\",\"name\":\"Election du pr\u00e9sident de l'UVICOCI, le Maire de Bouak\u00e9 Amadou Kon\u00e9 candidat ? - C\u00f4te d&#039;Ivoire\",\"isPartOf\":{\"@id\":\"https:\/\/www.africa-press.net\/cotedivoire\/#website\"},\"primaryImageOfPage\":{\"@id\":\"https:\/\/www.africa-press.net\/cotedivoire\/politique\/election-du-president-de-luvicoci-le-maire-de-bouake-amadou-kone-candidat#primaryimage\"},\"image\":{\"@id\":\"https:\/\/www.africa-press.net\/cotedivoire\/politique\/election-du-president-de-luvicoci-le-maire-de-bouake-amadou-kone-candidat#primaryimage\"},\"thumbnailUrl\":\"https:\/\/static.africa-press.net\/cote\/sites\/43\/2024\/06\/sm_1719489200.480616.jpg\",\"datePublished\":\"2024-06-27T14:52:53+00:00\",\"dateModified\":\"2024-06-27T15:24:01+00:00\",\"author\":{\"@id\":\"https:\/\/www.africa-press.net\/cotedivoire\/#\/schema\/person\/2b1cf3cd81a31e3cd26889ca66d677f1\"},\"description\":\"L\u2019e\u0301lection du pre\u0301sident de l\u2019Union des Villes et Communes de Co\u0302te d\u2019Ivoire est pre\u0301vue pour le 05 juillet prochain a\u0300 ...\",\"breadcrumb\":{\"@id\":\"https:\/\/www.africa-press.net\/cotedivoire\/politique\/election-du-president-de-luvicoci-le-maire-de-bouake-amadou-kone-candidat#breadcrumb\"},\"inLanguage\":\"fr-FR\",\"potentialAction\":[{\"@type\":\"ReadAction\",\"target\":[\"https:\/\/www.africa-press.net\/cotedivoire\/politique\/election-du-president-de-luvicoci-le-maire-de-bouake-amadou-kone-candidat\"]}]},{\"@type\":\"ImageObject\",\"inLanguage\":\"fr-FR\",\"@id\":\"https:\/\/www.africa-press.net\/cotedivoire\/politique\/election-du-president-de-luvicoci-le-maire-de-bouake-amadou-kone-candidat#primaryimage\",\"url\":\"https:\/\/static.africa-press.net\/cote\/sites\/43\/2024\/06\/sm_1719489200.480616.jpg\",\"contentUrl\":\"https:\/\/static.africa-press.net\/cote\/sites\/43\/2024\/06\/sm_1719489200.480616.jpg\",\"width\":720,\"height\":481,\"caption\":\"Election du pr\u00e9sident de l'UVICOCI, le Maire de Bouak\u00e9 Amadou Kon\u00e9 candidat ?\"},{\"@type\":\"BreadcrumbList\",\"@id\":\"https:\/\/www.africa-press.net\/cotedivoire\/politique\/election-du-president-de-luvicoci-le-maire-de-bouake-amadou-kone-candidat#breadcrumb\",\"itemListElement\":[{\"@type\":\"ListItem\",\"position\":1,\"name\":\"Accueil\",\"item\":\"https:\/\/www.africa-press.net\/cotedivoire\/\"},{\"@type\":\"ListItem\",\"position\":2,\"name\":\"Election du pr\u00e9sident de l&#8217;UVICOCI, le Maire de Bouak\u00e9 Amadou Kon\u00e9 candidat ?\"}]},{\"@type\":\"WebSite\",\"@id\":\"https:\/\/www.africa-press.net\/cotedivoire\/#website\",\"url\":\"https:\/\/www.africa-press.net\/cotedivoire\/\",\"name\":\"C\u00f4te d&#039;Ivoire\",\"description\":\"Just another Africa News Agency Sites site\",\"potentialAction\":[{\"@type\":\"SearchAction\",\"target\":{\"@type\":\"EntryPoint\",\"urlTemplate\":\"https:\/\/www.africa-press.net\/cotedivoire\/?s={search_term_string}\"},\"query-input\":{\"@type\":\"PropertyValueSpecification\",\"valueRequired\":true,\"valueName\":\"search_term_string\"}}],\"inLanguage\":\"fr-FR\"},{\"@type\":\"Person\",\"@id\":\"https:\/\/www.africa-press.net\/cotedivoire\/#\/schema\/person\/2b1cf3cd81a31e3cd26889ca66d677f1\",\"name\":\"cfeditorfr\"}]}<\/script>\n<!-- \/ Yoast SEO Premium plugin. -->","yoast_head_json":{"title":"Election du pr\u00e9sident de l'UVICOCI, le Maire de Bouak\u00e9 Amadou Kon\u00e9 candidat ? - C\u00f4te d&#039;Ivoire","description":"L\u2019e\u0301lection du pre\u0301sident de l\u2019Union des Villes et Communes de Co\u0302te d\u2019Ivoire est pre\u0301vue pour le 05 juillet prochain a\u0300 ...","robots":{"index":"index","follow":"follow","max-snippet":"max-snippet:-1","max-image-preview":"max-image-preview:large","max-video-preview":"max-video-preview:-1"},"canonical":"https:\/\/www.africa-press.net\/cotedivoire\/politique\/election-du-president-de-luvicoci-le-maire-de-bouake-amadou-kone-candidat","og_locale":"fr_FR","og_type":"article","og_title":"Election du pr\u00e9sident de l'UVICOCI, le Maire de Bouak\u00e9 Amadou Kon\u00e9 candidat ?","og_description":"L\u2019e\u0301lection du pre\u0301sident de l\u2019Union des Villes et Communes de Co\u0302te d\u2019Ivoire est pre\u0301vue pour le 05 juillet prochain a\u0300 ...","og_url":"https:\/\/www.africa-press.net\/cotedivoire\/politique\/election-du-president-de-luvicoci-le-maire-de-bouake-amadou-kone-candidat","og_site_name":"C\u00f4te d&#039;Ivoire","article_published_time":"2024-06-27T14:52:53+00:00","article_modified_time":"2024-06-27T15:24:01+00:00","og_image":[{"width":720,"height":481,"url":"https:\/\/static.africa-press.net\/cote\/sites\/43\/2024\/06\/sm_1719489200.480616.jpg","type":"image\/jpeg"}],"author":"cfeditorfr","twitter_card":"summary_large_image","twitter_misc":{"\u00c9crit par":"cfeditorfr","Dur\u00e9e de lecture estim\u00e9e":"1 minute"},"schema":{"@context":"https:\/\/schema.org","@graph":[{"@type":"Article","@id":"https:\/\/www.africa-press.net\/cotedivoire\/politique\/election-du-president-de-luvicoci-le-maire-de-bouake-amadou-kone-candidat#article","isPartOf":{"@id":"https:\/\/www.africa-press.net\/cotedivoire\/politique\/election-du-president-de-luvicoci-le-maire-de-bouake-amadou-kone-candidat"},"author":{"name":"cfeditorfr","@id":"https:\/\/www.africa-press.net\/cotedivoire\/#\/schema\/person\/2b1cf3cd81a31e3cd26889ca66d677f1"},"headline":"Election du pr\u00e9sident de l&rsquo;UVICOCI, le Maire de Bouak\u00e9 Amadou Kon\u00e9 candidat ?","datePublished":"2024-06-27T14:52:53+00:00","dateModified":"2024-06-27T15:24:01+00:00","mainEntityOfPage":{"@id":"https:\/\/www.africa-press.net\/cotedivoire\/politique\/election-du-president-de-luvicoci-le-maire-de-bouake-amadou-kone-candidat"},"wordCount":193,"commentCount":0,"image":{"@id":"https:\/\/www.africa-press.net\/cotedivoire\/politique\/election-du-president-de-luvicoci-le-maire-de-bouake-amadou-kone-candidat#primaryimage"},"thumbnailUrl":"https:\/\/static.africa-press.net\/cote\/sites\/43\/2024\/06\/sm_1719489200.480616.jpg","keywords":["Amadou Kon\u00e9","C\u00d4TE D'IVOIRE","Danho Paulin","\u00e9lection","Laure Banfla","UVICOCI","Yamoussoukro"],"articleSection":["Politique","Toutes les actualit\u00e9s"],"inLanguage":"fr-FR","potentialAction":[{"@type":"CommentAction","name":"Comment","target":["https:\/\/www.africa-press.net\/cotedivoire\/politique\/election-du-president-de-luvicoci-le-maire-de-bouake-amadou-kone-candidat#respond"]}]},{"@type":"WebPage","@id":"https:\/\/www.africa-press.net\/cotedivoire\/politique\/election-du-president-de-luvicoci-le-maire-de-bouake-amadou-kone-candidat","url":"https:\/\/www.africa-press.net\/cotedivoire\/politique\/election-du-president-de-luvicoci-le-maire-de-bouake-amadou-kone-candidat","name":"Election du pr\u00e9sident de l'UVICOCI, le Maire de Bouak\u00e9 Amadou Kon\u00e9 candidat ? - C\u00f4te d&#039;Ivoire","isPartOf":{"@id":"https:\/\/www.africa-press.net\/cotedivoire\/#website"},"primaryImageOfPage":{"@id":"https:\/\/www.africa-press.net\/cotedivoire\/politique\/election-du-president-de-luvicoci-le-maire-de-bouake-amadou-kone-candidat#primaryimage"},"image":{"@id":"https:\/\/www.africa-press.net\/cotedivoire\/politique\/election-du-president-de-luvicoci-le-maire-de-bouake-amadou-kone-candidat#primaryimage"},"thumbnailUrl":"https:\/\/static.africa-press.net\/cote\/sites\/43\/2024\/06\/sm_1719489200.480616.jpg","datePublished":"2024-06-27T14:52:53+00:00","dateModified":"2024-06-27T15:24:01+00:00","author":{"@id":"https:\/\/www.africa-press.net\/cotedivoire\/#\/schema\/person\/2b1cf3cd81a31e3cd26889ca66d677f1"},"description":"L\u2019e\u0301lection du pre\u0301sident de l\u2019Union des Villes et Communes de Co\u0302te d\u2019Ivoire est pre\u0301vue pour le 05 juillet prochain a\u0300 ...","breadcrumb":{"@id":"https:\/\/www.africa-press.net\/cotedivoire\/politique\/election-du-president-de-luvicoci-le-maire-de-bouake-amadou-kone-candidat#breadcrumb"},"inLanguage":"fr-FR","potentialAction":[{"@type":"ReadAction","target":["https:\/\/www.africa-press.net\/cotedivoire\/politique\/election-du-president-de-luvicoci-le-maire-de-bouake-amadou-kone-candidat"]}]},{"@type":"ImageObject","inLanguage":"fr-FR","@id":"https:\/\/www.africa-press.net\/cotedivoire\/politique\/election-du-president-de-luvicoci-le-maire-de-bouake-amadou-kone-candidat#primaryimage","url":"https:\/\/static.africa-press.net\/cote\/sites\/43\/2024\/06\/sm_1719489200.480616.jpg","contentUrl":"https:\/\/static.africa-press.net\/cote\/sites\/43\/2024\/06\/sm_1719489200.480616.jpg","width":720,"height":481,"caption":"Election du pr\u00e9sident de l'UVICOCI, le Maire de Bouak\u00e9 Amadou Kon\u00e9 candidat ?"},{"@type":"BreadcrumbList","@id":"https:\/\/www.africa-press.net\/cotedivoire\/politique\/election-du-president-de-luvicoci-le-maire-de-bouake-amadou-kone-candidat#breadcrumb","itemListElement":[{"@type":"ListItem","position":1,"name":"Accueil","item":"https:\/\/www.africa-press.net\/cotedivoire\/"},{"@type":"ListItem","position":2,"name":"Election du pr\u00e9sident de l&#8217;UVICOCI, le Maire de Bouak\u00e9 Amadou Kon\u00e9 candidat ?"}]},{"@type":"WebSite","@id":"https:\/\/www.africa-press.net\/cotedivoire\/#website","url":"https:\/\/www.africa-press.net\/cotedivoire\/","name":"C\u00f4te d&#039;Ivoire","description":"Just another Africa News Agency Sites site","potentialAction":[{"@type":"SearchAction","target":{"@type":"EntryPoint","urlTemplate":"https:\/\/www.africa-press.net\/cotedivoire\/?s={search_term_string}"},"query-input":{"@type":"PropertyValueSpecification","valueRequired":true,"valueName":"search_term_string"}}],"inLanguage":"fr-FR"},{"@type":"Person","@id":"https:\/\/www.africa-press.net\/cotedivoire\/#\/schema\/person\/2b1cf3cd81a31e3cd26889ca66d677f1","name":"cfeditorfr"}]}},"_links":{"self":[{"href":"https:\/\/www.africa-press.net\/cotedivoire\/wp-json\/wp\/v2\/posts\/82812","targetHints":{"allow":["GET"]}}],"collection":[{"href":"https:\/\/www.africa-press.net\/cotedivoire\/wp-json\/wp\/v2\/posts"}],"about":[{"href":"https:\/\/www.africa-press.net\/cotedivoire\/wp-json\/wp\/v2\/types\/post"}],"author":[{"embeddable":true,"href":"https:\/\/www.africa-press.net\/cotedivoire\/wp-json\/wp\/v2\/users\/82"}],"replies":[{"embeddable":true,"href":"https:\/\/www.africa-press.net\/cotedivoire\/wp-json\/wp\/v2\/comments?post=82812"}],"version-history":[{"count":0,"href":"https:\/\/www.africa-press.net\/cotedivoire\/wp-json\/wp\/v2\/posts\/82812\/revisions"}],"wp:featuredmedia":[{"embeddable":true,"href":"https:\/\/www.africa-press.net\/cotedivoire\/wp-json\/wp\/v2\/media\/82810"}],"wp:attachment":[{"href":"https:\/\/www.africa-press.net\/cotedivoire\/wp-json\/wp\/v2\/media?parent=82812"}],"wp:term":[{"taxonomy":"category","embeddable":true,"href":"https:\/\/www.africa-press.net\/cotedivoire\/wp-json\/wp\/v2\/categories?post=82812"},{"taxonomy":"post_tag","embeddable":true,"href":"https:\/\/www.africa-press.net\/cotedivoire\/wp-json\/wp\/v2\/tags?post=82812"}],"curies":[{"name":"wp","href":"https:\/\/api.w.org\/{rel}","templated":true}]}}