{"id":82883,"date":"2024-06-29T14:14:00","date_gmt":"2024-06-29T14:14:00","guid":{"rendered":"https:\/\/www.africa-press.net\/cotedivoire\/politique\/apres-le-rapport-de-la-cour-des-comptes-snedai-auditee"},"modified":"2024-06-29T14:46:35","modified_gmt":"2024-06-29T14:46:35","slug":"apres-le-rapport-de-la-cour-des-comptes-snedai-auditee","status":"publish","type":"post","link":"https:\/\/www.africa-press.net\/cotedivoire\/economie\/apres-le-rapport-de-la-cour-des-comptes-snedai-auditee","title":{"rendered":"Apr\u00e8s le rapport de la Cour des comptes, SNEDAI audit\u00e9e"},"content":{"rendered":"<p><span style=\"color: #ff6600\"><strong>Africa-Press &#8211; C\u00f4te d&rsquo;Ivoire. <\/strong><\/span>Sans surprise, apre\u0300s les re\u0301ve\u0301lations de suspicions de mal gestion, la Socie\u0301te\u0301 Nationale d&rsquo;E\u0301dition de Documents Administratifs et d&rsquo;Identification (SNEDAI) est actuellement audite\u0301e par l&rsquo;inspection ge\u0301ne\u0301rale des finances.<\/p>\n<p>Contrairement aux rumeurs, le contro\u0302le logique, suite aux flagrances rendues publiques en janvier dernier par la Cour des comptes, n&rsquo;a de fait en rien rapport avec une affaire personnelle en direction de l&rsquo;actionnaire principal de l&rsquo;entreprise sous convention avec l&rsquo;Etat, Adama Bictogo.<\/p>\n<p>En janvier dernier, le rapport 2022 de la Cour des comptes ne rapportait aucune traces, dans les caisses de l&rsquo;Etat, des paiements des CNI et des passeports pour l&rsquo;anne\u0301e 2022.<\/p>\n<p>La Socie\u0301te\u0301 Nationale d&rsquo;E\u0301dition de Documents Administratifs et d&rsquo;Identification (SNEDAI) est une entreprise ivoirienne, cre\u0301e\u0301e par le pre\u0301sident de l\u2019Assemble\u0301e nationale, Adama Bictogo, le 26 octobre 2007. La socie\u0301te\u0301 exerce dans la fabrication et la se\u0301curisation des documents administratifs.<\/p>\n<p><strong>Pour plus d&rsquo;informations et d&rsquo;analyses sur la C\u00f4te d&rsquo;Ivoire, suivez Africa-Press<\/strong><\/p>\n","protected":false},"excerpt":{"rendered":"<p>Africa-Press &#8211; C\u00f4te d&rsquo;Ivoire. Sans surprise, apre\u0300s les re\u0301ve\u0301lations de suspicions de mal gestion, la Socie\u0301te\u0301 Nationale d&rsquo;E\u0301dition de Documents Administratifs et d&rsquo;Identification (SNEDAI) est actuellement audite\u0301e par l&rsquo;inspection ge\u0301ne\u0301rale des finances. Contrairement aux rumeurs, le contro\u0302le logique, suite aux flagrances rendues publiques en janvier dernier par la Cour des comptes, n&rsquo;a de fait en [&hellip;]<\/p>\n","protected":false},"author":82,"featured_media":82882,"comment_status":"open","ping_status":"closed","sticky":false,"template":"","format":"standard","meta":{"footnotes":""},"categories":[3,10],"tags":[1265,2136,29,6436],"class_list":["post-82883","post","type-post","status-publish","format-standard","has-post-thumbnail","hentry","category-economie","category-toutes-les-actualites","tag-adama-bictogo","tag-audit","tag-cote-divoire","tag-snedai"],"yoast_head":"<!-- This site is optimized with the Yoast SEO Premium plugin v26.1 (Yoast SEO v27.0) - https:\/\/yoast.com\/product\/yoast-seo-premium-wordpress\/ -->\n<title>Apr\u00e8s le rapport de la Cour des comptes, SNEDAI audit\u00e9e - C\u00f4te d&#039;Ivoire<\/title>\n<meta name=\"description\" content=\"Sans surprise, apre\u0300s les re\u0301ve\u0301lations de suspicions de mal gestion, la Socie\u0301te\u0301 Nationale d&#039;E\u0301dition de Documents Adm ...\" \/>\n<meta name=\"robots\" content=\"index, follow, max-snippet:-1, max-image-preview:large, max-video-preview:-1\" \/>\n<link rel=\"canonical\" href=\"https:\/\/www.africa-press.net\/cotedivoire\/economie\/apres-le-rapport-de-la-cour-des-comptes-snedai-auditee\" \/>\n<meta property=\"og:locale\" content=\"fr_FR\" \/>\n<meta property=\"og:type\" content=\"article\" \/>\n<meta property=\"og:title\" content=\"Apr\u00e8s le rapport de la Cour des comptes, SNEDAI audit\u00e9e\" \/>\n<meta property=\"og:description\" content=\"Sans surprise, apre\u0300s les re\u0301ve\u0301lations de suspicions de mal gestion, la Socie\u0301te\u0301 Nationale d&#039;E\u0301dition de Documents Adm ...\" \/>\n<meta property=\"og:url\" content=\"https:\/\/www.africa-press.net\/cotedivoire\/economie\/apres-le-rapport-de-la-cour-des-comptes-snedai-auditee\" \/>\n<meta property=\"og:site_name\" content=\"C\u00f4te d&#039;Ivoire\" \/>\n<meta property=\"article:published_time\" content=\"2024-06-29T14:14:00+00:00\" \/>\n<meta property=\"article:modified_time\" content=\"2024-06-29T14:46:35+00:00\" \/>\n<meta property=\"og:image\" content=\"https:\/\/static.africa-press.net\/cote\/sites\/43\/2024\/06\/sm_1719659695.206878.jpg\" \/>\n\t<meta property=\"og:image:width\" content=\"720\" \/>\n\t<meta property=\"og:image:height\" content=\"404\" \/>\n\t<meta property=\"og:image:type\" content=\"image\/jpeg\" \/>\n<meta name=\"author\" content=\"cfeditorfr\" \/>\n<meta name=\"twitter:card\" content=\"summary_large_image\" \/>\n<meta name=\"twitter:label1\" content=\"\u00c9crit par\" \/>\n\t<meta name=\"twitter:data1\" content=\"cfeditorfr\" \/>\n\t<meta name=\"twitter:label2\" content=\"Dur\u00e9e de lecture estim\u00e9e\" \/>\n\t<meta name=\"twitter:data2\" content=\"1 minute\" \/>\n<script type=\"application\/ld+json\" class=\"yoast-schema-graph\">{\"@context\":\"https:\/\/schema.org\",\"@graph\":[{\"@type\":\"Article\",\"@id\":\"https:\/\/www.africa-press.net\/cotedivoire\/economie\/apres-le-rapport-de-la-cour-des-comptes-snedai-auditee#article\",\"isPartOf\":{\"@id\":\"https:\/\/www.africa-press.net\/cotedivoire\/economie\/apres-le-rapport-de-la-cour-des-comptes-snedai-auditee\"},\"author\":{\"name\":\"cfeditorfr\",\"@id\":\"https:\/\/www.africa-press.net\/cotedivoire\/#\/schema\/person\/2b1cf3cd81a31e3cd26889ca66d677f1\"},\"headline\":\"Apr\u00e8s le rapport de la Cour des comptes, SNEDAI audit\u00e9e\",\"datePublished\":\"2024-06-29T14:14:00+00:00\",\"dateModified\":\"2024-06-29T14:46:35+00:00\",\"mainEntityOfPage\":{\"@id\":\"https:\/\/www.africa-press.net\/cotedivoire\/economie\/apres-le-rapport-de-la-cour-des-comptes-snedai-auditee\"},\"wordCount\":198,\"commentCount\":0,\"image\":{\"@id\":\"https:\/\/www.africa-press.net\/cotedivoire\/economie\/apres-le-rapport-de-la-cour-des-comptes-snedai-auditee#primaryimage\"},\"thumbnailUrl\":\"https:\/\/static.africa-press.net\/cote\/sites\/43\/2024\/06\/sm_1719659695.206878.jpg\",\"keywords\":[\"Adama Bictogo\",\"audit\",\"C\u00d4TE D'IVOIRE\",\"Snedai\"],\"articleSection\":[\"\u00c9conomie\",\"Toutes les actualit\u00e9s\"],\"inLanguage\":\"fr-FR\",\"potentialAction\":[{\"@type\":\"CommentAction\",\"name\":\"Comment\",\"target\":[\"https:\/\/www.africa-press.net\/cotedivoire\/economie\/apres-le-rapport-de-la-cour-des-comptes-snedai-auditee#respond\"]}]},{\"@type\":\"WebPage\",\"@id\":\"https:\/\/www.africa-press.net\/cotedivoire\/economie\/apres-le-rapport-de-la-cour-des-comptes-snedai-auditee\",\"url\":\"https:\/\/www.africa-press.net\/cotedivoire\/economie\/apres-le-rapport-de-la-cour-des-comptes-snedai-auditee\",\"name\":\"Apr\u00e8s le rapport de la Cour des comptes, SNEDAI audit\u00e9e - C\u00f4te d&#039;Ivoire\",\"isPartOf\":{\"@id\":\"https:\/\/www.africa-press.net\/cotedivoire\/#website\"},\"primaryImageOfPage\":{\"@id\":\"https:\/\/www.africa-press.net\/cotedivoire\/economie\/apres-le-rapport-de-la-cour-des-comptes-snedai-auditee#primaryimage\"},\"image\":{\"@id\":\"https:\/\/www.africa-press.net\/cotedivoire\/economie\/apres-le-rapport-de-la-cour-des-comptes-snedai-auditee#primaryimage\"},\"thumbnailUrl\":\"https:\/\/static.africa-press.net\/cote\/sites\/43\/2024\/06\/sm_1719659695.206878.jpg\",\"datePublished\":\"2024-06-29T14:14:00+00:00\",\"dateModified\":\"2024-06-29T14:46:35+00:00\",\"author\":{\"@id\":\"https:\/\/www.africa-press.net\/cotedivoire\/#\/schema\/person\/2b1cf3cd81a31e3cd26889ca66d677f1\"},\"description\":\"Sans surprise, apre\u0300s les re\u0301ve\u0301lations de suspicions de mal gestion, la Socie\u0301te\u0301 Nationale d'E\u0301dition de Documents Adm ...\",\"breadcrumb\":{\"@id\":\"https:\/\/www.africa-press.net\/cotedivoire\/economie\/apres-le-rapport-de-la-cour-des-comptes-snedai-auditee#breadcrumb\"},\"inLanguage\":\"fr-FR\",\"potentialAction\":[{\"@type\":\"ReadAction\",\"target\":[\"https:\/\/www.africa-press.net\/cotedivoire\/economie\/apres-le-rapport-de-la-cour-des-comptes-snedai-auditee\"]}]},{\"@type\":\"ImageObject\",\"inLanguage\":\"fr-FR\",\"@id\":\"https:\/\/www.africa-press.net\/cotedivoire\/economie\/apres-le-rapport-de-la-cour-des-comptes-snedai-auditee#primaryimage\",\"url\":\"https:\/\/static.africa-press.net\/cote\/sites\/43\/2024\/06\/sm_1719659695.206878.jpg\",\"contentUrl\":\"https:\/\/static.africa-press.net\/cote\/sites\/43\/2024\/06\/sm_1719659695.206878.jpg\",\"width\":720,\"height\":404,\"caption\":\"Apr\u00e8s le rapport de la Cour des comptes, SNEDAI audit\u00e9e\"},{\"@type\":\"BreadcrumbList\",\"@id\":\"https:\/\/www.africa-press.net\/cotedivoire\/economie\/apres-le-rapport-de-la-cour-des-comptes-snedai-auditee#breadcrumb\",\"itemListElement\":[{\"@type\":\"ListItem\",\"position\":1,\"name\":\"Accueil\",\"item\":\"https:\/\/www.africa-press.net\/cotedivoire\/\"},{\"@type\":\"ListItem\",\"position\":2,\"name\":\"Apr\u00e8s le rapport de la Cour des comptes, SNEDAI audit\u00e9e\"}]},{\"@type\":\"WebSite\",\"@id\":\"https:\/\/www.africa-press.net\/cotedivoire\/#website\",\"url\":\"https:\/\/www.africa-press.net\/cotedivoire\/\",\"name\":\"C\u00f4te d&#039;Ivoire\",\"description\":\"Just another Africa News Agency Sites site\",\"potentialAction\":[{\"@type\":\"SearchAction\",\"target\":{\"@type\":\"EntryPoint\",\"urlTemplate\":\"https:\/\/www.africa-press.net\/cotedivoire\/?s={search_term_string}\"},\"query-input\":{\"@type\":\"PropertyValueSpecification\",\"valueRequired\":true,\"valueName\":\"search_term_string\"}}],\"inLanguage\":\"fr-FR\"},{\"@type\":\"Person\",\"@id\":\"https:\/\/www.africa-press.net\/cotedivoire\/#\/schema\/person\/2b1cf3cd81a31e3cd26889ca66d677f1\",\"name\":\"cfeditorfr\"}]}<\/script>\n<!-- \/ Yoast SEO Premium plugin. -->","yoast_head_json":{"title":"Apr\u00e8s le rapport de la Cour des comptes, SNEDAI audit\u00e9e - C\u00f4te d&#039;Ivoire","description":"Sans surprise, apre\u0300s les re\u0301ve\u0301lations de suspicions de mal gestion, la Socie\u0301te\u0301 Nationale d'E\u0301dition de Documents Adm ...","robots":{"index":"index","follow":"follow","max-snippet":"max-snippet:-1","max-image-preview":"max-image-preview:large","max-video-preview":"max-video-preview:-1"},"canonical":"https:\/\/www.africa-press.net\/cotedivoire\/economie\/apres-le-rapport-de-la-cour-des-comptes-snedai-auditee","og_locale":"fr_FR","og_type":"article","og_title":"Apr\u00e8s le rapport de la Cour des comptes, SNEDAI audit\u00e9e","og_description":"Sans surprise, apre\u0300s les re\u0301ve\u0301lations de suspicions de mal gestion, la Socie\u0301te\u0301 Nationale d'E\u0301dition de Documents Adm ...","og_url":"https:\/\/www.africa-press.net\/cotedivoire\/economie\/apres-le-rapport-de-la-cour-des-comptes-snedai-auditee","og_site_name":"C\u00f4te d&#039;Ivoire","article_published_time":"2024-06-29T14:14:00+00:00","article_modified_time":"2024-06-29T14:46:35+00:00","og_image":[{"width":720,"height":404,"url":"https:\/\/static.africa-press.net\/cote\/sites\/43\/2024\/06\/sm_1719659695.206878.jpg","type":"image\/jpeg"}],"author":"cfeditorfr","twitter_card":"summary_large_image","twitter_misc":{"\u00c9crit par":"cfeditorfr","Dur\u00e9e de lecture estim\u00e9e":"1 minute"},"schema":{"@context":"https:\/\/schema.org","@graph":[{"@type":"Article","@id":"https:\/\/www.africa-press.net\/cotedivoire\/economie\/apres-le-rapport-de-la-cour-des-comptes-snedai-auditee#article","isPartOf":{"@id":"https:\/\/www.africa-press.net\/cotedivoire\/economie\/apres-le-rapport-de-la-cour-des-comptes-snedai-auditee"},"author":{"name":"cfeditorfr","@id":"https:\/\/www.africa-press.net\/cotedivoire\/#\/schema\/person\/2b1cf3cd81a31e3cd26889ca66d677f1"},"headline":"Apr\u00e8s le rapport de la Cour des comptes, SNEDAI audit\u00e9e","datePublished":"2024-06-29T14:14:00+00:00","dateModified":"2024-06-29T14:46:35+00:00","mainEntityOfPage":{"@id":"https:\/\/www.africa-press.net\/cotedivoire\/economie\/apres-le-rapport-de-la-cour-des-comptes-snedai-auditee"},"wordCount":198,"commentCount":0,"image":{"@id":"https:\/\/www.africa-press.net\/cotedivoire\/economie\/apres-le-rapport-de-la-cour-des-comptes-snedai-auditee#primaryimage"},"thumbnailUrl":"https:\/\/static.africa-press.net\/cote\/sites\/43\/2024\/06\/sm_1719659695.206878.jpg","keywords":["Adama Bictogo","audit","C\u00d4TE D'IVOIRE","Snedai"],"articleSection":["\u00c9conomie","Toutes les actualit\u00e9s"],"inLanguage":"fr-FR","potentialAction":[{"@type":"CommentAction","name":"Comment","target":["https:\/\/www.africa-press.net\/cotedivoire\/economie\/apres-le-rapport-de-la-cour-des-comptes-snedai-auditee#respond"]}]},{"@type":"WebPage","@id":"https:\/\/www.africa-press.net\/cotedivoire\/economie\/apres-le-rapport-de-la-cour-des-comptes-snedai-auditee","url":"https:\/\/www.africa-press.net\/cotedivoire\/economie\/apres-le-rapport-de-la-cour-des-comptes-snedai-auditee","name":"Apr\u00e8s le rapport de la Cour des comptes, SNEDAI audit\u00e9e - C\u00f4te d&#039;Ivoire","isPartOf":{"@id":"https:\/\/www.africa-press.net\/cotedivoire\/#website"},"primaryImageOfPage":{"@id":"https:\/\/www.africa-press.net\/cotedivoire\/economie\/apres-le-rapport-de-la-cour-des-comptes-snedai-auditee#primaryimage"},"image":{"@id":"https:\/\/www.africa-press.net\/cotedivoire\/economie\/apres-le-rapport-de-la-cour-des-comptes-snedai-auditee#primaryimage"},"thumbnailUrl":"https:\/\/static.africa-press.net\/cote\/sites\/43\/2024\/06\/sm_1719659695.206878.jpg","datePublished":"2024-06-29T14:14:00+00:00","dateModified":"2024-06-29T14:46:35+00:00","author":{"@id":"https:\/\/www.africa-press.net\/cotedivoire\/#\/schema\/person\/2b1cf3cd81a31e3cd26889ca66d677f1"},"description":"Sans surprise, apre\u0300s les re\u0301ve\u0301lations de suspicions de mal gestion, la Socie\u0301te\u0301 Nationale d'E\u0301dition de Documents Adm ...","breadcrumb":{"@id":"https:\/\/www.africa-press.net\/cotedivoire\/economie\/apres-le-rapport-de-la-cour-des-comptes-snedai-auditee#breadcrumb"},"inLanguage":"fr-FR","potentialAction":[{"@type":"ReadAction","target":["https:\/\/www.africa-press.net\/cotedivoire\/economie\/apres-le-rapport-de-la-cour-des-comptes-snedai-auditee"]}]},{"@type":"ImageObject","inLanguage":"fr-FR","@id":"https:\/\/www.africa-press.net\/cotedivoire\/economie\/apres-le-rapport-de-la-cour-des-comptes-snedai-auditee#primaryimage","url":"https:\/\/static.africa-press.net\/cote\/sites\/43\/2024\/06\/sm_1719659695.206878.jpg","contentUrl":"https:\/\/static.africa-press.net\/cote\/sites\/43\/2024\/06\/sm_1719659695.206878.jpg","width":720,"height":404,"caption":"Apr\u00e8s le rapport de la Cour des comptes, SNEDAI audit\u00e9e"},{"@type":"BreadcrumbList","@id":"https:\/\/www.africa-press.net\/cotedivoire\/economie\/apres-le-rapport-de-la-cour-des-comptes-snedai-auditee#breadcrumb","itemListElement":[{"@type":"ListItem","position":1,"name":"Accueil","item":"https:\/\/www.africa-press.net\/cotedivoire\/"},{"@type":"ListItem","position":2,"name":"Apr\u00e8s le rapport de la Cour des comptes, SNEDAI audit\u00e9e"}]},{"@type":"WebSite","@id":"https:\/\/www.africa-press.net\/cotedivoire\/#website","url":"https:\/\/www.africa-press.net\/cotedivoire\/","name":"C\u00f4te d&#039;Ivoire","description":"Just another Africa News Agency Sites site","potentialAction":[{"@type":"SearchAction","target":{"@type":"EntryPoint","urlTemplate":"https:\/\/www.africa-press.net\/cotedivoire\/?s={search_term_string}"},"query-input":{"@type":"PropertyValueSpecification","valueRequired":true,"valueName":"search_term_string"}}],"inLanguage":"fr-FR"},{"@type":"Person","@id":"https:\/\/www.africa-press.net\/cotedivoire\/#\/schema\/person\/2b1cf3cd81a31e3cd26889ca66d677f1","name":"cfeditorfr"}]}},"_links":{"self":[{"href":"https:\/\/www.africa-press.net\/cotedivoire\/wp-json\/wp\/v2\/posts\/82883","targetHints":{"allow":["GET"]}}],"collection":[{"href":"https:\/\/www.africa-press.net\/cotedivoire\/wp-json\/wp\/v2\/posts"}],"about":[{"href":"https:\/\/www.africa-press.net\/cotedivoire\/wp-json\/wp\/v2\/types\/post"}],"author":[{"embeddable":true,"href":"https:\/\/www.africa-press.net\/cotedivoire\/wp-json\/wp\/v2\/users\/82"}],"replies":[{"embeddable":true,"href":"https:\/\/www.africa-press.net\/cotedivoire\/wp-json\/wp\/v2\/comments?post=82883"}],"version-history":[{"count":0,"href":"https:\/\/www.africa-press.net\/cotedivoire\/wp-json\/wp\/v2\/posts\/82883\/revisions"}],"wp:featuredmedia":[{"embeddable":true,"href":"https:\/\/www.africa-press.net\/cotedivoire\/wp-json\/wp\/v2\/media\/82882"}],"wp:attachment":[{"href":"https:\/\/www.africa-press.net\/cotedivoire\/wp-json\/wp\/v2\/media?parent=82883"}],"wp:term":[{"taxonomy":"category","embeddable":true,"href":"https:\/\/www.africa-press.net\/cotedivoire\/wp-json\/wp\/v2\/categories?post=82883"},{"taxonomy":"post_tag","embeddable":true,"href":"https:\/\/www.africa-press.net\/cotedivoire\/wp-json\/wp\/v2\/tags?post=82883"}],"curies":[{"name":"wp","href":"https:\/\/api.w.org\/{rel}","templated":true}]}}