{"id":82897,"date":"2024-06-29T14:24:57","date_gmt":"2024-06-29T14:24:57","guid":{"rendered":"https:\/\/www.africa-press.net\/cotedivoire\/politique\/cloture-des-journees-de-la-fonction-publique-anne-ouloto-la-modernisation-de-ladministration-est-imperative-pour-garantir-la-perennite-et-la-pertinence-de-nos-services"},"modified":"2024-06-29T14:48:30","modified_gmt":"2024-06-29T14:48:30","slug":"cloture-des-journees-de-la-fonction-publique-anne-ouloto-la-modernisation-de-ladministration-est-imperative-pour-garantir-la-perennite-et-la-pertinence-de-nos-services","status":"publish","type":"post","link":"https:\/\/www.africa-press.net\/cotedivoire\/toutes-les-actualites\/cloture-des-journees-de-la-fonction-publique-anne-ouloto-la-modernisation-de-ladministration-est-imperative-pour-garantir-la-perennite-et-la-pertinence-de-nos-services","title":{"rendered":"Cl\u00f4ture des Journ\u00e9es de la Fonction Publique, Anne Ouloto : \u00ab La modernisation de l&rsquo;administration est imp\u00e9rative pour garantir la p\u00e9rennit\u00e9 et la pertinence de nos services \u00bb"},"content":{"rendered":"<p><span style=\"color: #ff6600\"><strong>Africa-Press &#8211; C\u00f4te d&rsquo;Ivoire. <\/strong><\/span>La quatrie\u0300me e\u0301dition des Journe\u0301es de la Fonction Publique (JFP) 2024 a ferme\u0301 ses portes le jeudi 27 juin au Palais de la Culture d\u2019Abidjan-Treichville.<\/p>\n<p>Lesdites journe\u0301es ont e\u0301te\u0301 place\u0301es sur le the\u0300me: \u00ab la performance du service public dans un contexte de modernisation de l&rsquo;administration \u00bb.<\/p>\n<p>Dans le discours de clo\u0302ture, la Ministre d\u2019Etat, Ministre de la Fonction Publique et de la Modernisation de l\u2019Administration, Madame Anne De\u0301sire\u0301e Ouloto, a releve\u0301 que le the\u0300me central de cette e\u0301dition e\u0301pouse fie\u0300rement la the\u0301matique annuelle des Journe\u0301es Africaines de la Fonction Publique 2024: \u00ab Renforcer une fonction publique centre\u0301e sur le citoyen pour une Afrique inclusive et prospe\u0300re du 21e\u0300me sie\u0300cle: un parcours d\u2019apprentissage tout au long de la vie et de transformation technologique \u00bb.<\/p>\n<p>\u00ab La modernisation de l&rsquo;administration est impe\u0301rative pour garantir la pe\u0301rennite\u0301 et la pertinence de nos services publics et pour gagner la confiance de nos concitoyens \u00bb, a-t-elle souligne\u0301.<\/p>\n<p>Selon la Ministre, ces journe\u0301es ont permis de partager re\u0301flexions, expe\u0301riences et bonnes pratiques afin de trouver des solutions innovantes et efficaces pour re\u0301pondre aux attentes des usagers-clients.<\/p>\n<p>Elle a rappele\u0301 les mesures ine\u0301dites et ambitieuses de modernisation de l\u2019Administration ivoirienne, ainsi qu\u2019en faveur des fonctionnaires et agents de l\u2019Etat, prises par le chef de l\u2019Etat, Alassane Ouattara depuis son accession a\u0300 la magistrature supre\u0302me.<\/p>\n<p>\u00ab Toutes ces initiatives visent a\u0300 renforcer la qualite\u0301 du service public par l\u2019ame\u0301lioration substantielle des conditions de vie et de travail des fonctionnaires et agents de l\u2019Etat \u00bb, a-t-elle soutenu.<\/p>\n<p>Enfin, Anne Ouloto a invite\u0301 les fonctionnaires et agents de l\u2019Etat a\u0300 s\u2019approprier les conclusions de ces journe\u0301es et les appliquer au quotidien pour faire du service public un bien immate\u0301riel pour l\u2019e\u0301panouissement de nos concitoyens.<\/p>\n<p>Notons que, plusieurs activite\u0301s dont des panels ont meuble\u0301 les Journe\u0301es de Fonction Publique (JFP) ouvertes le lundi 24 juin 2024.<\/p>\n<p>A cette occasion, ce sont 918 fonctionnaires et agents de l\u2019e\u0301tat qui ont e\u0301te\u0301 de\u0301core\u0301s, dans l\u2019ordre du me\u0301rite de Commandeurs, Officiers et Chevaliers.<\/p>\n<p>Soulignons que, les JFP 2024 se sont tenues e\u0301galement dans dix chefs de lieux de re\u0301gions, notamment, l\u2019Agneby-Tiassa, le Cavally, le Gbe\u0302ke\u0302, le Go\u0302h, le Gontougo, le Haut Sassandra, la Marahoue\u0301, le Poro, le Sud-Comoe\u0301 et le Tonpki.<\/p>\n<p><strong>Pour plus d&rsquo;informations et d&rsquo;analyses sur la C\u00f4te d&rsquo;Ivoire, suivez Africa-Press<\/strong><\/p>\n","protected":false},"excerpt":{"rendered":"<p>Africa-Press &#8211; C\u00f4te d&rsquo;Ivoire. La quatrie\u0300me e\u0301dition des Journe\u0301es de la Fonction Publique (JFP) 2024 a ferme\u0301 ses portes le jeudi 27 juin au Palais de la Culture d\u2019Abidjan-Treichville. Lesdites journe\u0301es ont e\u0301te\u0301 place\u0301es sur le the\u0300me: \u00ab la performance du service public dans un contexte de modernisation de l&rsquo;administration \u00bb. Dans le discours de [&hellip;]<\/p>\n","protected":false},"author":82,"featured_media":82895,"comment_status":"open","ping_status":"closed","sticky":false,"template":"","format":"standard","meta":{"footnotes":""},"categories":[21,10],"tags":[1687,7436,29,1689,1554,8480],"class_list":["post-82897","post","type-post","status-publish","format-standard","has-post-thumbnail","hentry","category-communaute","category-toutes-les-actualites","tag-anne-ouloto","tag-cloture","tag-cote-divoire","tag-fonction-publique","tag-journees","tag-modernisation"],"yoast_head":"<!-- This site is optimized with the Yoast SEO Premium plugin v26.1 (Yoast SEO v27.0) - https:\/\/yoast.com\/product\/yoast-seo-premium-wordpress\/ -->\n<title>Cl\u00f4ture des Journ\u00e9es de la Fonction Publique, Anne Ouloto : \u00ab La modernisation de l&#039;administration est imp\u00e9rative pour garantir la p\u00e9rennit\u00e9 et la pertinence de nos services \u00bb - C\u00f4te d&#039;Ivoire<\/title>\n<meta name=\"description\" content=\"La quatrie\u0300me e\u0301dition des Journe\u0301es de la Fonction Publique (JFP) 2024 a ferme\u0301 ses portes le jeudi 27 juin au Palais d ...\" \/>\n<meta name=\"robots\" content=\"index, follow, max-snippet:-1, max-image-preview:large, max-video-preview:-1\" \/>\n<link rel=\"canonical\" href=\"https:\/\/www.africa-press.net\/cotedivoire\/toutes-les-actualites\/cloture-des-journees-de-la-fonction-publique-anne-ouloto-la-modernisation-de-ladministration-est-imperative-pour-garantir-la-perennite-et-la-pertinence-de-nos-services\" \/>\n<meta property=\"og:locale\" content=\"fr_FR\" \/>\n<meta property=\"og:type\" content=\"article\" \/>\n<meta property=\"og:title\" content=\"Cl\u00f4ture des Journ\u00e9es de la Fonction Publique, Anne Ouloto : \u00ab La modernisation de l&#039;administration est imp\u00e9rative pour garantir la p\u00e9rennit\u00e9 et la pertinence de nos services \u00bb\" \/>\n<meta property=\"og:description\" content=\"La quatrie\u0300me e\u0301dition des Journe\u0301es de la Fonction Publique (JFP) 2024 a ferme\u0301 ses portes le jeudi 27 juin au Palais d ...\" \/>\n<meta property=\"og:url\" content=\"https:\/\/www.africa-press.net\/cotedivoire\/toutes-les-actualites\/cloture-des-journees-de-la-fonction-publique-anne-ouloto-la-modernisation-de-ladministration-est-imperative-pour-garantir-la-perennite-et-la-pertinence-de-nos-services\" \/>\n<meta property=\"og:site_name\" content=\"C\u00f4te d&#039;Ivoire\" \/>\n<meta property=\"article:published_time\" content=\"2024-06-29T14:24:57+00:00\" \/>\n<meta property=\"article:modified_time\" content=\"2024-06-29T14:48:30+00:00\" \/>\n<meta property=\"og:image\" content=\"https:\/\/static.africa-press.net\/cote\/sites\/43\/2024\/06\/sm_1719659857.207227.jpg\" \/>\n\t<meta property=\"og:image:width\" content=\"720\" \/>\n\t<meta property=\"og:image:height\" content=\"480\" \/>\n\t<meta property=\"og:image:type\" content=\"image\/jpeg\" \/>\n<meta name=\"author\" content=\"cfeditorfr\" \/>\n<meta name=\"twitter:card\" content=\"summary_large_image\" \/>\n<meta name=\"twitter:label1\" content=\"\u00c9crit par\" \/>\n\t<meta name=\"twitter:data1\" content=\"cfeditorfr\" \/>\n\t<meta name=\"twitter:label2\" content=\"Dur\u00e9e de lecture estim\u00e9e\" \/>\n\t<meta name=\"twitter:data2\" content=\"2 minutes\" \/>\n<script type=\"application\/ld+json\" class=\"yoast-schema-graph\">{\"@context\":\"https:\/\/schema.org\",\"@graph\":[{\"@type\":\"Article\",\"@id\":\"https:\/\/www.africa-press.net\/cotedivoire\/toutes-les-actualites\/cloture-des-journees-de-la-fonction-publique-anne-ouloto-la-modernisation-de-ladministration-est-imperative-pour-garantir-la-perennite-et-la-pertinence-de-nos-services#article\",\"isPartOf\":{\"@id\":\"https:\/\/www.africa-press.net\/cotedivoire\/toutes-les-actualites\/cloture-des-journees-de-la-fonction-publique-anne-ouloto-la-modernisation-de-ladministration-est-imperative-pour-garantir-la-perennite-et-la-pertinence-de-nos-services\"},\"author\":{\"name\":\"cfeditorfr\",\"@id\":\"https:\/\/www.africa-press.net\/cotedivoire\/#\/schema\/person\/2b1cf3cd81a31e3cd26889ca66d677f1\"},\"headline\":\"Cl\u00f4ture des Journ\u00e9es de la Fonction Publique, Anne Ouloto : \u00ab La modernisation de l&rsquo;administration est imp\u00e9rative pour garantir la p\u00e9rennit\u00e9 et la pertinence de nos services \u00bb\",\"datePublished\":\"2024-06-29T14:24:57+00:00\",\"dateModified\":\"2024-06-29T14:48:30+00:00\",\"mainEntityOfPage\":{\"@id\":\"https:\/\/www.africa-press.net\/cotedivoire\/toutes-les-actualites\/cloture-des-journees-de-la-fonction-publique-anne-ouloto-la-modernisation-de-ladministration-est-imperative-pour-garantir-la-perennite-et-la-pertinence-de-nos-services\"},\"wordCount\":465,\"commentCount\":0,\"image\":{\"@id\":\"https:\/\/www.africa-press.net\/cotedivoire\/toutes-les-actualites\/cloture-des-journees-de-la-fonction-publique-anne-ouloto-la-modernisation-de-ladministration-est-imperative-pour-garantir-la-perennite-et-la-pertinence-de-nos-services#primaryimage\"},\"thumbnailUrl\":\"https:\/\/static.africa-press.net\/cote\/sites\/43\/2024\/06\/sm_1719659857.207227.jpg\",\"keywords\":[\"Anne Ouloto\",\"cl\u00f4ture\",\"C\u00d4TE D'IVOIRE\",\"Fonction Publique\",\"journ\u00e9es\",\"modernisation\"],\"articleSection\":[\"Communaut\u00e9\",\"Toutes les actualit\u00e9s\"],\"inLanguage\":\"fr-FR\",\"potentialAction\":[{\"@type\":\"CommentAction\",\"name\":\"Comment\",\"target\":[\"https:\/\/www.africa-press.net\/cotedivoire\/toutes-les-actualites\/cloture-des-journees-de-la-fonction-publique-anne-ouloto-la-modernisation-de-ladministration-est-imperative-pour-garantir-la-perennite-et-la-pertinence-de-nos-services#respond\"]}]},{\"@type\":\"WebPage\",\"@id\":\"https:\/\/www.africa-press.net\/cotedivoire\/toutes-les-actualites\/cloture-des-journees-de-la-fonction-publique-anne-ouloto-la-modernisation-de-ladministration-est-imperative-pour-garantir-la-perennite-et-la-pertinence-de-nos-services\",\"url\":\"https:\/\/www.africa-press.net\/cotedivoire\/toutes-les-actualites\/cloture-des-journees-de-la-fonction-publique-anne-ouloto-la-modernisation-de-ladministration-est-imperative-pour-garantir-la-perennite-et-la-pertinence-de-nos-services\",\"name\":\"Cl\u00f4ture des Journ\u00e9es de la Fonction Publique, Anne Ouloto : \u00ab La modernisation de l'administration est imp\u00e9rative pour garantir la p\u00e9rennit\u00e9 et la pertinence de nos services \u00bb - C\u00f4te d&#039;Ivoire\",\"isPartOf\":{\"@id\":\"https:\/\/www.africa-press.net\/cotedivoire\/#website\"},\"primaryImageOfPage\":{\"@id\":\"https:\/\/www.africa-press.net\/cotedivoire\/toutes-les-actualites\/cloture-des-journees-de-la-fonction-publique-anne-ouloto-la-modernisation-de-ladministration-est-imperative-pour-garantir-la-perennite-et-la-pertinence-de-nos-services#primaryimage\"},\"image\":{\"@id\":\"https:\/\/www.africa-press.net\/cotedivoire\/toutes-les-actualites\/cloture-des-journees-de-la-fonction-publique-anne-ouloto-la-modernisation-de-ladministration-est-imperative-pour-garantir-la-perennite-et-la-pertinence-de-nos-services#primaryimage\"},\"thumbnailUrl\":\"https:\/\/static.africa-press.net\/cote\/sites\/43\/2024\/06\/sm_1719659857.207227.jpg\",\"datePublished\":\"2024-06-29T14:24:57+00:00\",\"dateModified\":\"2024-06-29T14:48:30+00:00\",\"author\":{\"@id\":\"https:\/\/www.africa-press.net\/cotedivoire\/#\/schema\/person\/2b1cf3cd81a31e3cd26889ca66d677f1\"},\"description\":\"La quatrie\u0300me e\u0301dition des Journe\u0301es de la Fonction Publique (JFP) 2024 a ferme\u0301 ses portes le jeudi 27 juin au Palais d ...\",\"breadcrumb\":{\"@id\":\"https:\/\/www.africa-press.net\/cotedivoire\/toutes-les-actualites\/cloture-des-journees-de-la-fonction-publique-anne-ouloto-la-modernisation-de-ladministration-est-imperative-pour-garantir-la-perennite-et-la-pertinence-de-nos-services#breadcrumb\"},\"inLanguage\":\"fr-FR\",\"potentialAction\":[{\"@type\":\"ReadAction\",\"target\":[\"https:\/\/www.africa-press.net\/cotedivoire\/toutes-les-actualites\/cloture-des-journees-de-la-fonction-publique-anne-ouloto-la-modernisation-de-ladministration-est-imperative-pour-garantir-la-perennite-et-la-pertinence-de-nos-services\"]}]},{\"@type\":\"ImageObject\",\"inLanguage\":\"fr-FR\",\"@id\":\"https:\/\/www.africa-press.net\/cotedivoire\/toutes-les-actualites\/cloture-des-journees-de-la-fonction-publique-anne-ouloto-la-modernisation-de-ladministration-est-imperative-pour-garantir-la-perennite-et-la-pertinence-de-nos-services#primaryimage\",\"url\":\"https:\/\/static.africa-press.net\/cote\/sites\/43\/2024\/06\/sm_1719659857.207227.jpg\",\"contentUrl\":\"https:\/\/static.africa-press.net\/cote\/sites\/43\/2024\/06\/sm_1719659857.207227.jpg\",\"width\":720,\"height\":480,\"caption\":\"Cl\u00f4ture des Journ\u00e9es de la Fonction Publique, Anne Ouloto : \u00ab La modernisation de l'administration est imp\u00e9rative pour garantir la p\u00e9rennit\u00e9 et la pertinence de nos services \u00bb\"},{\"@type\":\"BreadcrumbList\",\"@id\":\"https:\/\/www.africa-press.net\/cotedivoire\/toutes-les-actualites\/cloture-des-journees-de-la-fonction-publique-anne-ouloto-la-modernisation-de-ladministration-est-imperative-pour-garantir-la-perennite-et-la-pertinence-de-nos-services#breadcrumb\",\"itemListElement\":[{\"@type\":\"ListItem\",\"position\":1,\"name\":\"Accueil\",\"item\":\"https:\/\/www.africa-press.net\/cotedivoire\/\"},{\"@type\":\"ListItem\",\"position\":2,\"name\":\"Cl\u00f4ture des Journ\u00e9es de la Fonction Publique, Anne Ouloto : \u00ab La modernisation de l&#8217;administration est imp\u00e9rative pour garantir la p\u00e9rennit\u00e9 et la pertinence de nos services \u00bb\"}]},{\"@type\":\"WebSite\",\"@id\":\"https:\/\/www.africa-press.net\/cotedivoire\/#website\",\"url\":\"https:\/\/www.africa-press.net\/cotedivoire\/\",\"name\":\"C\u00f4te d&#039;Ivoire\",\"description\":\"Just another Africa News Agency Sites site\",\"potentialAction\":[{\"@type\":\"SearchAction\",\"target\":{\"@type\":\"EntryPoint\",\"urlTemplate\":\"https:\/\/www.africa-press.net\/cotedivoire\/?s={search_term_string}\"},\"query-input\":{\"@type\":\"PropertyValueSpecification\",\"valueRequired\":true,\"valueName\":\"search_term_string\"}}],\"inLanguage\":\"fr-FR\"},{\"@type\":\"Person\",\"@id\":\"https:\/\/www.africa-press.net\/cotedivoire\/#\/schema\/person\/2b1cf3cd81a31e3cd26889ca66d677f1\",\"name\":\"cfeditorfr\"}]}<\/script>\n<!-- \/ Yoast SEO Premium plugin. -->","yoast_head_json":{"title":"Cl\u00f4ture des Journ\u00e9es de la Fonction Publique, Anne Ouloto : \u00ab La modernisation de l'administration est imp\u00e9rative pour garantir la p\u00e9rennit\u00e9 et la pertinence de nos services \u00bb - C\u00f4te d&#039;Ivoire","description":"La quatrie\u0300me e\u0301dition des Journe\u0301es de la Fonction Publique (JFP) 2024 a ferme\u0301 ses portes le jeudi 27 juin au Palais d ...","robots":{"index":"index","follow":"follow","max-snippet":"max-snippet:-1","max-image-preview":"max-image-preview:large","max-video-preview":"max-video-preview:-1"},"canonical":"https:\/\/www.africa-press.net\/cotedivoire\/toutes-les-actualites\/cloture-des-journees-de-la-fonction-publique-anne-ouloto-la-modernisation-de-ladministration-est-imperative-pour-garantir-la-perennite-et-la-pertinence-de-nos-services","og_locale":"fr_FR","og_type":"article","og_title":"Cl\u00f4ture des Journ\u00e9es de la Fonction Publique, Anne Ouloto : \u00ab La modernisation de l'administration est imp\u00e9rative pour garantir la p\u00e9rennit\u00e9 et la pertinence de nos services \u00bb","og_description":"La quatrie\u0300me e\u0301dition des Journe\u0301es de la Fonction Publique (JFP) 2024 a ferme\u0301 ses portes le jeudi 27 juin au Palais d ...","og_url":"https:\/\/www.africa-press.net\/cotedivoire\/toutes-les-actualites\/cloture-des-journees-de-la-fonction-publique-anne-ouloto-la-modernisation-de-ladministration-est-imperative-pour-garantir-la-perennite-et-la-pertinence-de-nos-services","og_site_name":"C\u00f4te d&#039;Ivoire","article_published_time":"2024-06-29T14:24:57+00:00","article_modified_time":"2024-06-29T14:48:30+00:00","og_image":[{"width":720,"height":480,"url":"https:\/\/static.africa-press.net\/cote\/sites\/43\/2024\/06\/sm_1719659857.207227.jpg","type":"image\/jpeg"}],"author":"cfeditorfr","twitter_card":"summary_large_image","twitter_misc":{"\u00c9crit par":"cfeditorfr","Dur\u00e9e de lecture estim\u00e9e":"2 minutes"},"schema":{"@context":"https:\/\/schema.org","@graph":[{"@type":"Article","@id":"https:\/\/www.africa-press.net\/cotedivoire\/toutes-les-actualites\/cloture-des-journees-de-la-fonction-publique-anne-ouloto-la-modernisation-de-ladministration-est-imperative-pour-garantir-la-perennite-et-la-pertinence-de-nos-services#article","isPartOf":{"@id":"https:\/\/www.africa-press.net\/cotedivoire\/toutes-les-actualites\/cloture-des-journees-de-la-fonction-publique-anne-ouloto-la-modernisation-de-ladministration-est-imperative-pour-garantir-la-perennite-et-la-pertinence-de-nos-services"},"author":{"name":"cfeditorfr","@id":"https:\/\/www.africa-press.net\/cotedivoire\/#\/schema\/person\/2b1cf3cd81a31e3cd26889ca66d677f1"},"headline":"Cl\u00f4ture des Journ\u00e9es de la Fonction Publique, Anne Ouloto : \u00ab La modernisation de l&rsquo;administration est imp\u00e9rative pour garantir la p\u00e9rennit\u00e9 et la pertinence de nos services \u00bb","datePublished":"2024-06-29T14:24:57+00:00","dateModified":"2024-06-29T14:48:30+00:00","mainEntityOfPage":{"@id":"https:\/\/www.africa-press.net\/cotedivoire\/toutes-les-actualites\/cloture-des-journees-de-la-fonction-publique-anne-ouloto-la-modernisation-de-ladministration-est-imperative-pour-garantir-la-perennite-et-la-pertinence-de-nos-services"},"wordCount":465,"commentCount":0,"image":{"@id":"https:\/\/www.africa-press.net\/cotedivoire\/toutes-les-actualites\/cloture-des-journees-de-la-fonction-publique-anne-ouloto-la-modernisation-de-ladministration-est-imperative-pour-garantir-la-perennite-et-la-pertinence-de-nos-services#primaryimage"},"thumbnailUrl":"https:\/\/static.africa-press.net\/cote\/sites\/43\/2024\/06\/sm_1719659857.207227.jpg","keywords":["Anne Ouloto","cl\u00f4ture","C\u00d4TE D'IVOIRE","Fonction Publique","journ\u00e9es","modernisation"],"articleSection":["Communaut\u00e9","Toutes les actualit\u00e9s"],"inLanguage":"fr-FR","potentialAction":[{"@type":"CommentAction","name":"Comment","target":["https:\/\/www.africa-press.net\/cotedivoire\/toutes-les-actualites\/cloture-des-journees-de-la-fonction-publique-anne-ouloto-la-modernisation-de-ladministration-est-imperative-pour-garantir-la-perennite-et-la-pertinence-de-nos-services#respond"]}]},{"@type":"WebPage","@id":"https:\/\/www.africa-press.net\/cotedivoire\/toutes-les-actualites\/cloture-des-journees-de-la-fonction-publique-anne-ouloto-la-modernisation-de-ladministration-est-imperative-pour-garantir-la-perennite-et-la-pertinence-de-nos-services","url":"https:\/\/www.africa-press.net\/cotedivoire\/toutes-les-actualites\/cloture-des-journees-de-la-fonction-publique-anne-ouloto-la-modernisation-de-ladministration-est-imperative-pour-garantir-la-perennite-et-la-pertinence-de-nos-services","name":"Cl\u00f4ture des Journ\u00e9es de la Fonction Publique, Anne Ouloto : \u00ab La modernisation de l'administration est imp\u00e9rative pour garantir la p\u00e9rennit\u00e9 et la pertinence de nos services \u00bb - C\u00f4te d&#039;Ivoire","isPartOf":{"@id":"https:\/\/www.africa-press.net\/cotedivoire\/#website"},"primaryImageOfPage":{"@id":"https:\/\/www.africa-press.net\/cotedivoire\/toutes-les-actualites\/cloture-des-journees-de-la-fonction-publique-anne-ouloto-la-modernisation-de-ladministration-est-imperative-pour-garantir-la-perennite-et-la-pertinence-de-nos-services#primaryimage"},"image":{"@id":"https:\/\/www.africa-press.net\/cotedivoire\/toutes-les-actualites\/cloture-des-journees-de-la-fonction-publique-anne-ouloto-la-modernisation-de-ladministration-est-imperative-pour-garantir-la-perennite-et-la-pertinence-de-nos-services#primaryimage"},"thumbnailUrl":"https:\/\/static.africa-press.net\/cote\/sites\/43\/2024\/06\/sm_1719659857.207227.jpg","datePublished":"2024-06-29T14:24:57+00:00","dateModified":"2024-06-29T14:48:30+00:00","author":{"@id":"https:\/\/www.africa-press.net\/cotedivoire\/#\/schema\/person\/2b1cf3cd81a31e3cd26889ca66d677f1"},"description":"La quatrie\u0300me e\u0301dition des Journe\u0301es de la Fonction Publique (JFP) 2024 a ferme\u0301 ses portes le jeudi 27 juin au Palais d ...","breadcrumb":{"@id":"https:\/\/www.africa-press.net\/cotedivoire\/toutes-les-actualites\/cloture-des-journees-de-la-fonction-publique-anne-ouloto-la-modernisation-de-ladministration-est-imperative-pour-garantir-la-perennite-et-la-pertinence-de-nos-services#breadcrumb"},"inLanguage":"fr-FR","potentialAction":[{"@type":"ReadAction","target":["https:\/\/www.africa-press.net\/cotedivoire\/toutes-les-actualites\/cloture-des-journees-de-la-fonction-publique-anne-ouloto-la-modernisation-de-ladministration-est-imperative-pour-garantir-la-perennite-et-la-pertinence-de-nos-services"]}]},{"@type":"ImageObject","inLanguage":"fr-FR","@id":"https:\/\/www.africa-press.net\/cotedivoire\/toutes-les-actualites\/cloture-des-journees-de-la-fonction-publique-anne-ouloto-la-modernisation-de-ladministration-est-imperative-pour-garantir-la-perennite-et-la-pertinence-de-nos-services#primaryimage","url":"https:\/\/static.africa-press.net\/cote\/sites\/43\/2024\/06\/sm_1719659857.207227.jpg","contentUrl":"https:\/\/static.africa-press.net\/cote\/sites\/43\/2024\/06\/sm_1719659857.207227.jpg","width":720,"height":480,"caption":"Cl\u00f4ture des Journ\u00e9es de la Fonction Publique, Anne Ouloto : \u00ab La modernisation de l'administration est imp\u00e9rative pour garantir la p\u00e9rennit\u00e9 et la pertinence de nos services \u00bb"},{"@type":"BreadcrumbList","@id":"https:\/\/www.africa-press.net\/cotedivoire\/toutes-les-actualites\/cloture-des-journees-de-la-fonction-publique-anne-ouloto-la-modernisation-de-ladministration-est-imperative-pour-garantir-la-perennite-et-la-pertinence-de-nos-services#breadcrumb","itemListElement":[{"@type":"ListItem","position":1,"name":"Accueil","item":"https:\/\/www.africa-press.net\/cotedivoire\/"},{"@type":"ListItem","position":2,"name":"Cl\u00f4ture des Journ\u00e9es de la Fonction Publique, Anne Ouloto : \u00ab La modernisation de l&#8217;administration est imp\u00e9rative pour garantir la p\u00e9rennit\u00e9 et la pertinence de nos services \u00bb"}]},{"@type":"WebSite","@id":"https:\/\/www.africa-press.net\/cotedivoire\/#website","url":"https:\/\/www.africa-press.net\/cotedivoire\/","name":"C\u00f4te d&#039;Ivoire","description":"Just another Africa News Agency Sites site","potentialAction":[{"@type":"SearchAction","target":{"@type":"EntryPoint","urlTemplate":"https:\/\/www.africa-press.net\/cotedivoire\/?s={search_term_string}"},"query-input":{"@type":"PropertyValueSpecification","valueRequired":true,"valueName":"search_term_string"}}],"inLanguage":"fr-FR"},{"@type":"Person","@id":"https:\/\/www.africa-press.net\/cotedivoire\/#\/schema\/person\/2b1cf3cd81a31e3cd26889ca66d677f1","name":"cfeditorfr"}]}},"_links":{"self":[{"href":"https:\/\/www.africa-press.net\/cotedivoire\/wp-json\/wp\/v2\/posts\/82897","targetHints":{"allow":["GET"]}}],"collection":[{"href":"https:\/\/www.africa-press.net\/cotedivoire\/wp-json\/wp\/v2\/posts"}],"about":[{"href":"https:\/\/www.africa-press.net\/cotedivoire\/wp-json\/wp\/v2\/types\/post"}],"author":[{"embeddable":true,"href":"https:\/\/www.africa-press.net\/cotedivoire\/wp-json\/wp\/v2\/users\/82"}],"replies":[{"embeddable":true,"href":"https:\/\/www.africa-press.net\/cotedivoire\/wp-json\/wp\/v2\/comments?post=82897"}],"version-history":[{"count":0,"href":"https:\/\/www.africa-press.net\/cotedivoire\/wp-json\/wp\/v2\/posts\/82897\/revisions"}],"wp:featuredmedia":[{"embeddable":true,"href":"https:\/\/www.africa-press.net\/cotedivoire\/wp-json\/wp\/v2\/media\/82895"}],"wp:attachment":[{"href":"https:\/\/www.africa-press.net\/cotedivoire\/wp-json\/wp\/v2\/media?parent=82897"}],"wp:term":[{"taxonomy":"category","embeddable":true,"href":"https:\/\/www.africa-press.net\/cotedivoire\/wp-json\/wp\/v2\/categories?post=82897"},{"taxonomy":"post_tag","embeddable":true,"href":"https:\/\/www.africa-press.net\/cotedivoire\/wp-json\/wp\/v2\/tags?post=82897"}],"curies":[{"name":"wp","href":"https:\/\/api.w.org\/{rel}","templated":true}]}}