{"id":8292,"date":"2021-05-28T13:54:20","date_gmt":"2021-05-28T13:54:20","guid":{"rendered":"https:\/\/www.africa-press.net\/cotedivoire\/politique\/cote-divoire-proces-guillaume-soro-moi-je-ne-suis-quun-executant"},"modified":"2021-05-28T14:26:57","modified_gmt":"2021-05-28T14:26:57","slug":"cote-divoire-proces-guillaume-soro-moi-je-ne-suis-quun-executant","status":"publish","type":"post","link":"https:\/\/www.africa-press.net\/cotedivoire\/politique\/cote-divoire-proces-guillaume-soro-moi-je-ne-suis-quun-executant","title":{"rendered":"Proc\u00e8s Guillaume Soro\u00a0: \u00ab\u00a0Moi, je ne suis qu\u2019un ex\u00e9cutant\u00a0\u00bb"},"content":{"rendered":"<p><span style=\"color: #ff6600\"><strong><a href=\"https:\/\/www.africa-press.net\/\">Africa-Press<\/a> &#8211; <a href=\"https:\/\/www.africa-press.net\/cotedivoire\">C\u00f4te d&rsquo;Ivoire<\/a>. <\/strong><\/span>Le proc\u00e8s des proches de Guillaume Soro, soup\u00e7onn\u00e9s d\u2019\u00eatre impliqu\u00e9s \u00e0 des degr\u00e9s divers dans un \u00ab complot \u00bb dirig\u00e9 contre l\u2019\u00c9tat ivoirien, se poursuit \u00e0 Abidjan. Une partie de sa garde rapproch\u00e9e, dont son chef, a \u00e9t\u00e9 entendue jeudi.<\/p>\n<p>\u00c0 la barre, l\u2019ancien chef de la garde rapproch\u00e9e de Guillaume Soro, le commandant Jean-Baptiste Kouam\u00e9 Kass\u00e9, l\u2019assure, il a c\u00e9d\u00e9 \u00e0 la panique ce 23 d\u00e9cembre 2019, marqu\u00e9 par un assaut des forces de l\u2019ordre et une s\u00e9rie d\u2019arrestations dans les locaux de G\u00e9n\u00e9rations et peuple solidaires (GPS, mouvement politique de l\u2019ancien pr\u00e9sident de l\u2019Assembl\u00e9e).<\/p>\n<p>\u2013 \u00ab La pr\u00e9sence des armes [au si\u00e8ge du GPS] \u00e9tait-elle r\u00e9guli\u00e8re selon vous ? \u00bb lui demande le pr\u00e9sident du tribunal criminel, ce jeudi 27 mai.<br \/>\n\u2013 \u00ab C\u2019\u00e9tait r\u00e9gulier \u00bb, confirme-t-il.<br \/>\n\u2013 \u00ab Dans ce cas, pourquoi les avoir prises pour les jeter dans la lagune ? Que craigniez-vous ? \u00bb.<br \/>\n\u2013 \u00ab C\u2019est apr\u00e8s que je me suis rendu compte que j\u2019avais fait une b\u00eatise \u00bb, admet Jean-Baptiste Kouam\u00e9 Kass\u00e9, qui affirme avoir agi \u00ab \u00e0 titre priv\u00e9 \u00bb pour \u00e9viter \u00ab que d\u2019autres les prennent \u00bb.<\/p>\n<p>Le pr\u00e9sident cherche \u00e0 sa savoir si le but de la man\u0153uvre n\u2019\u00e9tait pas de les r\u00e9cup\u00e9rer plus tard.<br \/>\n\u2013 \u00ab L\u2019eau d\u00e9truit les armes \u00bb, assure Jean-Baptiste Kouam\u00e9 Kass\u00e9.<br \/>\n\u2013 \u00ab Pourquoi les avoir jet\u00e9 en cachette ? \u00bb.<br \/>\n\u2013 \u00ab Je ne les ai pas jet\u00e9es en cachette \u00bb.<br \/>\n\u2013 \u00ab Alors pourquoi \u00eatre all\u00e9 si loin, \u00e0 Assinie, alors qu\u2019il y a de l\u2019eau \u00e0 Abidjan, il y a la mer \u00e0 Port-Bou\u00ebt \u00bb.<br \/>\n\u2013 \u00ab C\u2019est pas venu comme \u00e7a dans ma t\u00eate d\u2019aller \u00e0 Port-Bou\u00ebt, j\u2019avais l\u2019habitude d\u2019aller \u00e0 Assinie-Mafia \u00bb, se d\u00e9fend l\u2019accus\u00e9.<\/p>\n<p><b>\u00a0<\/b><\/p>\n","protected":false},"excerpt":{"rendered":"<p>Africa-Press &#8211; C\u00f4te d&rsquo;Ivoire. Le proc\u00e8s des proches de Guillaume Soro, soup\u00e7onn\u00e9s d\u2019\u00eatre impliqu\u00e9s \u00e0 des degr\u00e9s divers dans un \u00ab complot \u00bb dirig\u00e9 contre l\u2019\u00c9tat ivoirien, se poursuit \u00e0 Abidjan. Une partie de sa garde rapproch\u00e9e, dont son chef, a \u00e9t\u00e9 entendue jeudi. \u00c0 la barre, l\u2019ancien chef de la garde rapproch\u00e9e de Guillaume [&hellip;]<\/p>\n","protected":false},"author":82,"featured_media":8291,"comment_status":"open","ping_status":"closed","sticky":false,"template":"","format":"standard","meta":{"footnotes":""},"categories":[11,2,20,10],"tags":[56,63,29],"class_list":["post-8292","post","type-post","status-publish","format-standard","has-post-thumbnail","hentry","category-homepage-french","category-politique","category-top-nouvelles","category-toutes-les-actualites","tag-africa-press","tag-africa-press-cote-divoire","tag-cote-divoire"],"yoast_head":"<!-- This site is optimized with the Yoast SEO Premium plugin v26.1 (Yoast SEO v27.0) - https:\/\/yoast.com\/product\/yoast-seo-premium-wordpress\/ -->\n<title>Proc\u00e8s Guillaume Soro\u00a0: \u00ab\u00a0Moi, je ne suis qu\u2019un ex\u00e9cutant\u00a0\u00bb - C\u00f4te d&#039;Ivoire<\/title>\n<meta name=\"description\" content=\"Le proc\u00e8s des proches de Guillaume Soro, soup\u00e7onn\u00e9s d\u2019\u00eatre impliqu\u00e9s \u00e0 des degr\u00e9s divers dans un \u00ab complot \u00bb dirig\u00e9 cont ...\" \/>\n<meta name=\"robots\" content=\"index, follow, max-snippet:-1, max-image-preview:large, max-video-preview:-1\" \/>\n<link rel=\"canonical\" href=\"https:\/\/www.africa-press.net\/cotedivoire\/politique\/cote-divoire-proces-guillaume-soro-moi-je-ne-suis-quun-executant\" \/>\n<meta property=\"og:locale\" content=\"fr_FR\" \/>\n<meta property=\"og:type\" content=\"article\" \/>\n<meta property=\"og:title\" content=\"Proc\u00e8s Guillaume Soro\u00a0: \u00ab\u00a0Moi, je ne suis qu\u2019un ex\u00e9cutant\u00a0\u00bb\" \/>\n<meta property=\"og:description\" content=\"Le proc\u00e8s des proches de Guillaume Soro, soup\u00e7onn\u00e9s d\u2019\u00eatre impliqu\u00e9s \u00e0 des degr\u00e9s divers dans un \u00ab complot \u00bb dirig\u00e9 cont ...\" \/>\n<meta property=\"og:url\" content=\"https:\/\/www.africa-press.net\/cotedivoire\/politique\/cote-divoire-proces-guillaume-soro-moi-je-ne-suis-quun-executant\" \/>\n<meta property=\"og:site_name\" content=\"C\u00f4te d&#039;Ivoire\" \/>\n<meta property=\"article:published_time\" content=\"2021-05-28T13:54:20+00:00\" \/>\n<meta property=\"article:modified_time\" content=\"2021-05-28T14:26:57+00:00\" \/>\n<meta property=\"og:image\" content=\"https:\/\/static.africa-press.net\/cote\/sites\/43\/2021\/05\/img-60b0f5c2e3fff.jpg\" \/>\n\t<meta property=\"og:image:width\" content=\"720\" \/>\n\t<meta property=\"og:image:height\" content=\"360\" \/>\n\t<meta property=\"og:image:type\" content=\"image\/jpeg\" \/>\n<meta name=\"author\" content=\"cfeditorfr\" \/>\n<meta name=\"twitter:card\" content=\"summary_large_image\" \/>\n<meta name=\"twitter:label1\" content=\"\u00c9crit par\" \/>\n\t<meta name=\"twitter:data1\" content=\"cfeditorfr\" \/>\n\t<meta name=\"twitter:label2\" content=\"Dur\u00e9e de lecture estim\u00e9e\" \/>\n\t<meta name=\"twitter:data2\" content=\"2 minutes\" \/>\n<script type=\"application\/ld+json\" class=\"yoast-schema-graph\">{\"@context\":\"https:\/\/schema.org\",\"@graph\":[{\"@type\":\"Article\",\"@id\":\"https:\/\/www.africa-press.net\/cotedivoire\/politique\/cote-divoire-proces-guillaume-soro-moi-je-ne-suis-quun-executant#article\",\"isPartOf\":{\"@id\":\"https:\/\/www.africa-press.net\/cotedivoire\/politique\/cote-divoire-proces-guillaume-soro-moi-je-ne-suis-quun-executant\"},\"author\":{\"name\":\"cfeditorfr\",\"@id\":\"https:\/\/www.africa-press.net\/cotedivoire\/#\/schema\/person\/2b1cf3cd81a31e3cd26889ca66d677f1\"},\"headline\":\"Proc\u00e8s Guillaume Soro\u00a0: \u00ab\u00a0Moi, je ne suis qu\u2019un ex\u00e9cutant\u00a0\u00bb\",\"datePublished\":\"2021-05-28T13:54:20+00:00\",\"dateModified\":\"2021-05-28T14:26:57+00:00\",\"mainEntityOfPage\":{\"@id\":\"https:\/\/www.africa-press.net\/cotedivoire\/politique\/cote-divoire-proces-guillaume-soro-moi-je-ne-suis-quun-executant\"},\"wordCount\":306,\"commentCount\":0,\"image\":{\"@id\":\"https:\/\/www.africa-press.net\/cotedivoire\/politique\/cote-divoire-proces-guillaume-soro-moi-je-ne-suis-quun-executant#primaryimage\"},\"thumbnailUrl\":\"https:\/\/static.africa-press.net\/cote\/sites\/43\/2021\/05\/img-60b0f5c2e3fff.jpg\",\"keywords\":[\"Africa Press\",\"Africa Press-C\u00f4te d'Ivoire\",\"C\u00d4TE D'IVOIRE\"],\"articleSection\":[\"homepage-french\",\"Politique\",\"Top Nouvelles\",\"Toutes les actualit\u00e9s\"],\"inLanguage\":\"fr-FR\",\"potentialAction\":[{\"@type\":\"CommentAction\",\"name\":\"Comment\",\"target\":[\"https:\/\/www.africa-press.net\/cotedivoire\/politique\/cote-divoire-proces-guillaume-soro-moi-je-ne-suis-quun-executant#respond\"]}]},{\"@type\":\"WebPage\",\"@id\":\"https:\/\/www.africa-press.net\/cotedivoire\/politique\/cote-divoire-proces-guillaume-soro-moi-je-ne-suis-quun-executant\",\"url\":\"https:\/\/www.africa-press.net\/cotedivoire\/politique\/cote-divoire-proces-guillaume-soro-moi-je-ne-suis-quun-executant\",\"name\":\"Proc\u00e8s Guillaume Soro\u00a0: \u00ab\u00a0Moi, je ne suis qu\u2019un ex\u00e9cutant\u00a0\u00bb - C\u00f4te d&#039;Ivoire\",\"isPartOf\":{\"@id\":\"https:\/\/www.africa-press.net\/cotedivoire\/#website\"},\"primaryImageOfPage\":{\"@id\":\"https:\/\/www.africa-press.net\/cotedivoire\/politique\/cote-divoire-proces-guillaume-soro-moi-je-ne-suis-quun-executant#primaryimage\"},\"image\":{\"@id\":\"https:\/\/www.africa-press.net\/cotedivoire\/politique\/cote-divoire-proces-guillaume-soro-moi-je-ne-suis-quun-executant#primaryimage\"},\"thumbnailUrl\":\"https:\/\/static.africa-press.net\/cote\/sites\/43\/2021\/05\/img-60b0f5c2e3fff.jpg\",\"datePublished\":\"2021-05-28T13:54:20+00:00\",\"dateModified\":\"2021-05-28T14:26:57+00:00\",\"author\":{\"@id\":\"https:\/\/www.africa-press.net\/cotedivoire\/#\/schema\/person\/2b1cf3cd81a31e3cd26889ca66d677f1\"},\"description\":\"Le proc\u00e8s des proches de Guillaume Soro, soup\u00e7onn\u00e9s d\u2019\u00eatre impliqu\u00e9s \u00e0 des degr\u00e9s divers dans un \u00ab complot \u00bb dirig\u00e9 cont ...\",\"breadcrumb\":{\"@id\":\"https:\/\/www.africa-press.net\/cotedivoire\/politique\/cote-divoire-proces-guillaume-soro-moi-je-ne-suis-quun-executant#breadcrumb\"},\"inLanguage\":\"fr-FR\",\"potentialAction\":[{\"@type\":\"ReadAction\",\"target\":[\"https:\/\/www.africa-press.net\/cotedivoire\/politique\/cote-divoire-proces-guillaume-soro-moi-je-ne-suis-quun-executant\"]}]},{\"@type\":\"ImageObject\",\"inLanguage\":\"fr-FR\",\"@id\":\"https:\/\/www.africa-press.net\/cotedivoire\/politique\/cote-divoire-proces-guillaume-soro-moi-je-ne-suis-quun-executant#primaryimage\",\"url\":\"https:\/\/static.africa-press.net\/cote\/sites\/43\/2021\/05\/img-60b0f5c2e3fff.jpg\",\"contentUrl\":\"https:\/\/static.africa-press.net\/cote\/sites\/43\/2021\/05\/img-60b0f5c2e3fff.jpg\",\"width\":720,\"height\":360,\"caption\":\"C\u00f4te d\u2019Ivoire \u2013 Proc\u00e8s Guillaume Soro\u00a0: \u00ab\u00a0Moi, je ne suis qu\u2019un ex\u00e9cutant\u00a0\u00bb\"},{\"@type\":\"BreadcrumbList\",\"@id\":\"https:\/\/www.africa-press.net\/cotedivoire\/politique\/cote-divoire-proces-guillaume-soro-moi-je-ne-suis-quun-executant#breadcrumb\",\"itemListElement\":[{\"@type\":\"ListItem\",\"position\":1,\"name\":\"Accueil\",\"item\":\"https:\/\/www.africa-press.net\/cotedivoire\/\"},{\"@type\":\"ListItem\",\"position\":2,\"name\":\"Proc\u00e8s Guillaume Soro\u00a0: \u00ab\u00a0Moi, je ne suis qu\u2019un ex\u00e9cutant\u00a0\u00bb\"}]},{\"@type\":\"WebSite\",\"@id\":\"https:\/\/www.africa-press.net\/cotedivoire\/#website\",\"url\":\"https:\/\/www.africa-press.net\/cotedivoire\/\",\"name\":\"C\u00f4te d&#039;Ivoire\",\"description\":\"Just another Africa News Agency Sites site\",\"potentialAction\":[{\"@type\":\"SearchAction\",\"target\":{\"@type\":\"EntryPoint\",\"urlTemplate\":\"https:\/\/www.africa-press.net\/cotedivoire\/?s={search_term_string}\"},\"query-input\":{\"@type\":\"PropertyValueSpecification\",\"valueRequired\":true,\"valueName\":\"search_term_string\"}}],\"inLanguage\":\"fr-FR\"},{\"@type\":\"Person\",\"@id\":\"https:\/\/www.africa-press.net\/cotedivoire\/#\/schema\/person\/2b1cf3cd81a31e3cd26889ca66d677f1\",\"name\":\"cfeditorfr\"}]}<\/script>\n<!-- \/ Yoast SEO Premium plugin. -->","yoast_head_json":{"title":"Proc\u00e8s Guillaume Soro\u00a0: \u00ab\u00a0Moi, je ne suis qu\u2019un ex\u00e9cutant\u00a0\u00bb - C\u00f4te d&#039;Ivoire","description":"Le proc\u00e8s des proches de Guillaume Soro, soup\u00e7onn\u00e9s d\u2019\u00eatre impliqu\u00e9s \u00e0 des degr\u00e9s divers dans un \u00ab complot \u00bb dirig\u00e9 cont ...","robots":{"index":"index","follow":"follow","max-snippet":"max-snippet:-1","max-image-preview":"max-image-preview:large","max-video-preview":"max-video-preview:-1"},"canonical":"https:\/\/www.africa-press.net\/cotedivoire\/politique\/cote-divoire-proces-guillaume-soro-moi-je-ne-suis-quun-executant","og_locale":"fr_FR","og_type":"article","og_title":"Proc\u00e8s Guillaume Soro\u00a0: \u00ab\u00a0Moi, je ne suis qu\u2019un ex\u00e9cutant\u00a0\u00bb","og_description":"Le proc\u00e8s des proches de Guillaume Soro, soup\u00e7onn\u00e9s d\u2019\u00eatre impliqu\u00e9s \u00e0 des degr\u00e9s divers dans un \u00ab complot \u00bb dirig\u00e9 cont ...","og_url":"https:\/\/www.africa-press.net\/cotedivoire\/politique\/cote-divoire-proces-guillaume-soro-moi-je-ne-suis-quun-executant","og_site_name":"C\u00f4te d&#039;Ivoire","article_published_time":"2021-05-28T13:54:20+00:00","article_modified_time":"2021-05-28T14:26:57+00:00","og_image":[{"width":720,"height":360,"url":"https:\/\/static.africa-press.net\/cote\/sites\/43\/2021\/05\/img-60b0f5c2e3fff.jpg","type":"image\/jpeg"}],"author":"cfeditorfr","twitter_card":"summary_large_image","twitter_misc":{"\u00c9crit par":"cfeditorfr","Dur\u00e9e de lecture estim\u00e9e":"2 minutes"},"schema":{"@context":"https:\/\/schema.org","@graph":[{"@type":"Article","@id":"https:\/\/www.africa-press.net\/cotedivoire\/politique\/cote-divoire-proces-guillaume-soro-moi-je-ne-suis-quun-executant#article","isPartOf":{"@id":"https:\/\/www.africa-press.net\/cotedivoire\/politique\/cote-divoire-proces-guillaume-soro-moi-je-ne-suis-quun-executant"},"author":{"name":"cfeditorfr","@id":"https:\/\/www.africa-press.net\/cotedivoire\/#\/schema\/person\/2b1cf3cd81a31e3cd26889ca66d677f1"},"headline":"Proc\u00e8s Guillaume Soro\u00a0: \u00ab\u00a0Moi, je ne suis qu\u2019un ex\u00e9cutant\u00a0\u00bb","datePublished":"2021-05-28T13:54:20+00:00","dateModified":"2021-05-28T14:26:57+00:00","mainEntityOfPage":{"@id":"https:\/\/www.africa-press.net\/cotedivoire\/politique\/cote-divoire-proces-guillaume-soro-moi-je-ne-suis-quun-executant"},"wordCount":306,"commentCount":0,"image":{"@id":"https:\/\/www.africa-press.net\/cotedivoire\/politique\/cote-divoire-proces-guillaume-soro-moi-je-ne-suis-quun-executant#primaryimage"},"thumbnailUrl":"https:\/\/static.africa-press.net\/cote\/sites\/43\/2021\/05\/img-60b0f5c2e3fff.jpg","keywords":["Africa Press","Africa Press-C\u00f4te d'Ivoire","C\u00d4TE D'IVOIRE"],"articleSection":["homepage-french","Politique","Top Nouvelles","Toutes les actualit\u00e9s"],"inLanguage":"fr-FR","potentialAction":[{"@type":"CommentAction","name":"Comment","target":["https:\/\/www.africa-press.net\/cotedivoire\/politique\/cote-divoire-proces-guillaume-soro-moi-je-ne-suis-quun-executant#respond"]}]},{"@type":"WebPage","@id":"https:\/\/www.africa-press.net\/cotedivoire\/politique\/cote-divoire-proces-guillaume-soro-moi-je-ne-suis-quun-executant","url":"https:\/\/www.africa-press.net\/cotedivoire\/politique\/cote-divoire-proces-guillaume-soro-moi-je-ne-suis-quun-executant","name":"Proc\u00e8s Guillaume Soro\u00a0: \u00ab\u00a0Moi, je ne suis qu\u2019un ex\u00e9cutant\u00a0\u00bb - C\u00f4te d&#039;Ivoire","isPartOf":{"@id":"https:\/\/www.africa-press.net\/cotedivoire\/#website"},"primaryImageOfPage":{"@id":"https:\/\/www.africa-press.net\/cotedivoire\/politique\/cote-divoire-proces-guillaume-soro-moi-je-ne-suis-quun-executant#primaryimage"},"image":{"@id":"https:\/\/www.africa-press.net\/cotedivoire\/politique\/cote-divoire-proces-guillaume-soro-moi-je-ne-suis-quun-executant#primaryimage"},"thumbnailUrl":"https:\/\/static.africa-press.net\/cote\/sites\/43\/2021\/05\/img-60b0f5c2e3fff.jpg","datePublished":"2021-05-28T13:54:20+00:00","dateModified":"2021-05-28T14:26:57+00:00","author":{"@id":"https:\/\/www.africa-press.net\/cotedivoire\/#\/schema\/person\/2b1cf3cd81a31e3cd26889ca66d677f1"},"description":"Le proc\u00e8s des proches de Guillaume Soro, soup\u00e7onn\u00e9s d\u2019\u00eatre impliqu\u00e9s \u00e0 des degr\u00e9s divers dans un \u00ab complot \u00bb dirig\u00e9 cont ...","breadcrumb":{"@id":"https:\/\/www.africa-press.net\/cotedivoire\/politique\/cote-divoire-proces-guillaume-soro-moi-je-ne-suis-quun-executant#breadcrumb"},"inLanguage":"fr-FR","potentialAction":[{"@type":"ReadAction","target":["https:\/\/www.africa-press.net\/cotedivoire\/politique\/cote-divoire-proces-guillaume-soro-moi-je-ne-suis-quun-executant"]}]},{"@type":"ImageObject","inLanguage":"fr-FR","@id":"https:\/\/www.africa-press.net\/cotedivoire\/politique\/cote-divoire-proces-guillaume-soro-moi-je-ne-suis-quun-executant#primaryimage","url":"https:\/\/static.africa-press.net\/cote\/sites\/43\/2021\/05\/img-60b0f5c2e3fff.jpg","contentUrl":"https:\/\/static.africa-press.net\/cote\/sites\/43\/2021\/05\/img-60b0f5c2e3fff.jpg","width":720,"height":360,"caption":"C\u00f4te d\u2019Ivoire \u2013 Proc\u00e8s Guillaume Soro\u00a0: \u00ab\u00a0Moi, je ne suis qu\u2019un ex\u00e9cutant\u00a0\u00bb"},{"@type":"BreadcrumbList","@id":"https:\/\/www.africa-press.net\/cotedivoire\/politique\/cote-divoire-proces-guillaume-soro-moi-je-ne-suis-quun-executant#breadcrumb","itemListElement":[{"@type":"ListItem","position":1,"name":"Accueil","item":"https:\/\/www.africa-press.net\/cotedivoire\/"},{"@type":"ListItem","position":2,"name":"Proc\u00e8s Guillaume Soro\u00a0: \u00ab\u00a0Moi, je ne suis qu\u2019un ex\u00e9cutant\u00a0\u00bb"}]},{"@type":"WebSite","@id":"https:\/\/www.africa-press.net\/cotedivoire\/#website","url":"https:\/\/www.africa-press.net\/cotedivoire\/","name":"C\u00f4te d&#039;Ivoire","description":"Just another Africa News Agency Sites site","potentialAction":[{"@type":"SearchAction","target":{"@type":"EntryPoint","urlTemplate":"https:\/\/www.africa-press.net\/cotedivoire\/?s={search_term_string}"},"query-input":{"@type":"PropertyValueSpecification","valueRequired":true,"valueName":"search_term_string"}}],"inLanguage":"fr-FR"},{"@type":"Person","@id":"https:\/\/www.africa-press.net\/cotedivoire\/#\/schema\/person\/2b1cf3cd81a31e3cd26889ca66d677f1","name":"cfeditorfr"}]}},"_links":{"self":[{"href":"https:\/\/www.africa-press.net\/cotedivoire\/wp-json\/wp\/v2\/posts\/8292","targetHints":{"allow":["GET"]}}],"collection":[{"href":"https:\/\/www.africa-press.net\/cotedivoire\/wp-json\/wp\/v2\/posts"}],"about":[{"href":"https:\/\/www.africa-press.net\/cotedivoire\/wp-json\/wp\/v2\/types\/post"}],"author":[{"embeddable":true,"href":"https:\/\/www.africa-press.net\/cotedivoire\/wp-json\/wp\/v2\/users\/82"}],"replies":[{"embeddable":true,"href":"https:\/\/www.africa-press.net\/cotedivoire\/wp-json\/wp\/v2\/comments?post=8292"}],"version-history":[{"count":0,"href":"https:\/\/www.africa-press.net\/cotedivoire\/wp-json\/wp\/v2\/posts\/8292\/revisions"}],"wp:featuredmedia":[{"embeddable":true,"href":"https:\/\/www.africa-press.net\/cotedivoire\/wp-json\/wp\/v2\/media\/8291"}],"wp:attachment":[{"href":"https:\/\/www.africa-press.net\/cotedivoire\/wp-json\/wp\/v2\/media?parent=8292"}],"wp:term":[{"taxonomy":"category","embeddable":true,"href":"https:\/\/www.africa-press.net\/cotedivoire\/wp-json\/wp\/v2\/categories?post=8292"},{"taxonomy":"post_tag","embeddable":true,"href":"https:\/\/www.africa-press.net\/cotedivoire\/wp-json\/wp\/v2\/tags?post=8292"}],"curies":[{"name":"wp","href":"https:\/\/api.w.org\/{rel}","templated":true}]}}