{"id":82988,"date":"2024-06-30T19:28:14","date_gmt":"2024-06-30T19:28:14","guid":{"rendered":"https:\/\/www.africa-press.net\/cotedivoire\/politique\/degats-survenus-lors-des-pluies-diluviennes-adama-bictogo-veut-des-explications-sur-les-inondations-et-eboulements-de-terrains-dans-le-district-dabidjan"},"modified":"2024-06-30T21:14:25","modified_gmt":"2024-06-30T21:14:25","slug":"degats-survenus-lors-des-pluies-diluviennes-adama-bictogo-veut-des-explications-sur-les-inondations-et-eboulements-de-terrains-dans-le-district-dabidjan","status":"publish","type":"post","link":"https:\/\/www.africa-press.net\/cotedivoire\/toutes-les-actualites\/degats-survenus-lors-des-pluies-diluviennes-adama-bictogo-veut-des-explications-sur-les-inondations-et-eboulements-de-terrains-dans-le-district-dabidjan","title":{"rendered":"D\u00e9g\u00e2ts survenus lors des pluies diluviennes, Adama Bictogo veut des explications sur les inondations et \u00e9boulements de terrains dans le district d&rsquo;Abidjan"},"content":{"rendered":"<p><span style=\"color: #ff6600\"><strong>Africa-Press &#8211; C\u00f4te d&rsquo;Ivoire. <\/strong><\/span>Adama Bictogo, pre\u0301sident de l\u2019Assemble\u0301e Nationale de Co\u0302te d\u2019Ivoire veut en savoir un peu plus sur les ve\u0301ritables causes des re\u0301centes inondations et les e\u0301boulements de terrains survenus a\u0300 Abidjan, la capitale e\u0301conomique, des suites de pluies diluviennes. A cet effet, il a instruit la commission d\u2019e\u0301valuation des politiques publiques de l\u2019Assemble\u0301e Nationale, dans l\u2019optique de conduire une e\u0301tude sur ces de\u0301ga\u0302ts qui ont entraine\u0301 des pertes en vies humaines.<\/p>\n<p>Il a fait l\u2019annonce, vendredi 28 juin 2024 a\u0300 l\u2019he\u0301micycle, lors de la clo\u0302ture de la premie\u0300re session ordinaire 2024 de l\u2019Assemble\u0301e Nationale en pre\u0301sence des de\u0301pute\u0301s, mais aussi des membres du gouvernement et des pre\u0301sidents d\u2019institutions, notamment la pre\u0301sidente du Senat, la ve\u0301ne\u0301rable Kandia Kamissoko Camara.<\/p>\n<p>Au nom du parlement ivoirien, Adama Bictogo s\u2019est dit pre\u0301occupe\u0301 par la question lie\u0301e au de\u0301re\u0300glement climatique et a\u0300 la crise e\u0301nerge\u0301tique. \u00ab En effet, de nombreux pays sont confronte\u0301s aux effets ne\u0301fastes du changement climatique. Malheureusement, notre pays n\u2019y e\u0301chappe pas. Les re\u0301centes inondations nous rappellent que ce de\u0301fi doit e\u0302tre releve\u0301 par tous, en adoptant des comportements e\u0301cocitoyens et re\u0301silients. Nonobstant toutes les dispositions prises par le Gouvernement et les populations, nous enregistrons de\u0301ja\u0300 des pertes en vies humaines, des blesse\u0301s, et d&rsquo;importants de\u0301ga\u0302ts mate\u0301riels.<\/p>\n<p>Je voudrais, au nom de l\u2019ensemble des De\u0301pute\u0301s, exprimer nos since\u0300res condole\u0301ances et notre solidarite\u0301 aux familles e\u0301plore\u0301es et souhaiter un prompt re\u0301tablissement aux blesse\u0301s \u00bb, a-t-il de\u0301clare\u0301.<\/p>\n<p>Dans son discours-bilan des six premiers mois des activite\u0301s de l\u2019anne\u0301e 2024 et des e\u0301ve\u0301nements phares qui ont marque\u0301 la vie de la nation sur cette pe\u0301riode, Adama Bictogo a e\u0301galement e\u0301voque\u0301 la situation de la crise e\u0301nerge\u0301tique mondiale qui impacte e\u0301galement la Co\u0302te d\u2019Ivoire son pays. \u00ab Le Gouvernement a e\u0301te\u0301 amene\u0301, re\u0301cemment, a\u0300 proce\u0301der a\u0300 un re\u0301ajustement du prix du kilowattheure. Cette situation a affecte\u0301 le bien-e\u0302tre des me\u0301nages. Dans sa volonte\u0301 d\u2019ame\u0301lioration au quotidien de la vie des me\u0301nages et des populations, je voudrais saluer cette vision du Gouvernement qui vise a\u0300 aboutir a\u0300 un mix e\u0301nerge\u0301tique de 42% d\u2019ici 2030. Aussi, voudrais-je profiter de cette tribune pour lancer un appel solennel a\u0300 l\u2019adaptation urgente aux changements climatiques, a\u0300 l\u2019atteinte du mix e\u0301nerge\u0301tique et au respect des mesures de pre\u0301caution, afin d\u2019e\u0301viter la survenue de nouveaux drames \u00bb, a exhorte\u0301 le pre\u0301sident de l\u2019Assemble\u0301e Nationale.<\/p>\n<p>Il s\u2019est aussi souvenu de la douloureuse disparition de Henri Konan Be\u0301die\u0301, ancien pre\u0301sident de l\u2019Assemble\u0301e Nationale et ancien pre\u0301sident de la re\u0301publique de Co\u0302te d\u2019Ivoire dont les obse\u0300ques se sont tenues du 20 mai au 02 juin 2024. \u00ab C\u2019est pour moi, l\u2019occasion d\u2019exprimer notre compassion et notre solidarite\u0301 envers sa famille biologique et politique. Je ne saurais clore mon propos a\u0300 ce niveau, sans une fois encore adresser nos since\u0300res remerciements a\u0300 Son Excellence Monsieur le Pre\u0301sident de la Re\u0301publique, qui n\u2019a me\u0301nage\u0301 aucun effort pour le bon de\u0301roulement de ces obse\u0300ques \u00bb, a-t-il indique\u0301.<\/p>\n<p>Ses pense\u0301es sont alle\u0301es e\u0301galement a\u0300 l\u2019endroit de Vassiliki KONATE, De\u0301pute\u0301 de la circonscription de Gbongaha et Se\u0301gue\u0301lon, Communes et Sous-Pre\u0301fectures, qui a e\u0301te\u0301 rappele\u0301 a\u0300 DIEU le 27 fe\u0301vrier 2024. \u00ab Je salue une fois de plus sa me\u0301moire, son engagement et son de\u0301vouement envers notre Institution et notre Nation, et je prie DIEU de lui accorder le repos e\u0301ternel \u00bb, a-t-il dit.<\/p>\n<p>A co\u0302te\u0301 de ces drames qui ont plonge\u0301 le pays dans la tristesse et l\u2019amertume, le pre\u0301sident du parlement ivoirien n\u2019a pas passe\u0301 sous silence certains moments de joie marque\u0301s notamment par le sacre de l\u2019e\u0301quipe nationale de football de Co\u0302te d\u2019Ivoire a\u0300 la CAN 2023 organise\u0301e du 13 janvier au 11 fe\u0301vrier 2024.<\/p>\n<p>\u00ab Je voudrais donc, au nom de la Repre\u0301sentation nationale et en mon nom propre, adresser mes chaleureuses et vives fe\u0301licitations a\u0300 la Fe\u0301de\u0301ration Ivoirienne de Football, a\u0300 l\u2019ensemble des membres de l\u2019encadrement technique pour leur soutien, leur don de soi ainsi que pour la qualite\u0301 du travail abattu ; aux joueurs, notre fierte\u0301 et notre admiration pour le courage, la de\u0301termination, l\u2019abne\u0301gation et surtout, leur grande re\u0301silience. Ce qui leur a permis de remporter cette 34e\u0300me Coupe des Nations. Ces lec\u0327ons, nous les tenons pour acquises et il nous revient, en tant que repre\u0301sentants du peuple, de promouvoir ces valeurs au sein de nos communaute\u0301s a\u0300 l\u2019effet de forger au prix de l\u2019effort, de la discipline et du consensus, l\u2019Ivoirien nouveau qui aspire au bonheur dans le respect de l\u2019autre et de sa diffe\u0301rence.<\/p>\n<p>Permettez-moi d\u2019adresser ma gratitude a\u0300 mes colle\u0300gues De\u0301pute\u0301s qui se sont fortement mobilise\u0301s autour de nos Ele\u0301phants pour leur apporter leur soutien, malgre\u0301 les moments de doutes et d\u2019incertitudes.<\/p>\n<p>A cet instant pre\u0301cis de mon intervention, je voudrais adresser mes respectueuses fe\u0301licitations, au premier des Ele\u0301phants, Son Excellence Monsieur Alassane OUATTARA, Pre\u0301sident de la Re\u0301publique de Co\u0302te d\u2019Ivoire, pour les efforts conside\u0301rables de\u0301ploye\u0301s en termes d\u2019infrastructures, de ressources humaines et financie\u0300res, pour l&rsquo;organisation de cette Coupe d&rsquo;Afrique des Nations \u00bb, a fe\u0301licite\u0301 Adama Bictogo.<\/p>\n<p>S\u2019agissant des points relatifs au bilan des travaux parlementaires au titre de la premie\u0300re moitie\u0301 de l\u2019anne\u0301e, l\u2019on retient que ce sont au total dix-sept (17) textes de loi qui ont e\u0301te\u0301 adopte\u0301s au cours de cette premie\u0300re session ordinaire de l\u2019anne\u0301e 2024. Il s\u2019agit de 15 projets de loi ordinaires et de 02 projets de loi de ratification d\u2019ordonnances.<\/p>\n<p>L\u2019examen et l\u2019adoption de ces projets de loi ont donne\u0301 lieu a\u0300 l\u2019organisation de 24 se\u0301ances en Commissions et de 06 se\u0301ances ple\u0301nie\u0300res, ce qui correspond a\u0300 environ 58 heures et 32 minutes de travaux parlementaires.<\/p>\n<p>\u00ab Je voudrais me fe\u0301liciter de l\u2019esprit qui a pre\u0301valu durant nos travaux. Malgre\u0301 des de\u0301bats anime\u0301s et parfois contradictoires, nous avons su faire montre de responsabilite\u0301 et de courtoisie en mettant au-devant, l\u2019inte\u0301re\u0302t ge\u0301ne\u0301ral pour doter notre pays de textes qui, a\u0300 n\u2019en point douter, contribueront a\u0300 l\u2019ame\u0301lioration des conditions de vie des populations \u00bb.<\/p>\n<p>Selon Adama Bictogo, parmi les textes adopte\u0301s, certains, bien plus que d\u2019autres, ont suscite\u0301 un re\u0301el engouement et des interrogations en raison de leur impact direct sur diffe\u0301rents domaines de la vie de nos populations.<\/p>\n<p>\u00ab Tout d\u2019abord, au niveau judiciaire, nous avons adopte\u0301 des re\u0301formes instituant de nouvelles dispositions dans les Codes existants, notamment le Code de proce\u0301dure pe\u0301nale ou\u0300 les me\u0301canismes de lutte contre la grande criminalite\u0301 sont renforce\u0301s par les mesures de saisies ainsi que des techniques d\u2019enque\u0302tes spe\u0301ciales.<\/p>\n<p>Quant au Code pe\u0301nal, il a suscite\u0301 certaines pole\u0301miques relativement a\u0300 la modification de l\u2019article 185 nouveau qui e\u0301largit la notion d\u2019apologie du crime sans porter atteinte aux liberte\u0301s fondamentales, notamment la liberte\u0301 d\u2019expression et les liberte\u0301s individuelles si che\u0300res a\u0300 nous tous \u00bb, a-t-il reconnu.<\/p>\n<p>Ce Code d\u2019apre\u0300s le PAN, innove e\u0301galement par la de\u0301pe\u0301nalisation de l\u2019avortement en cas de viol et lorsque la vie de la me\u0300re est en danger, d\u2019une part, et la re\u0301forme du re\u0301gime de la confiscation qui pre\u0301voit qu\u2019en cas de condamnation pour une infraction, a\u0300 l\u2019exception des de\u0301lits de presse, le juge prononce obligatoirement la confiscation des biens du condamne\u0301, d\u2019autre part.<\/p>\n<p>Au niveau social, Adama Bictogo note une avance\u0301e majeure au plan sanitaire a\u0300 travers l&rsquo;adoption du Code de De\u0301ontologie des infirmiers et du Code de De\u0301ontologie des Sages-Femmes et Mai\u0308euticiens qui de\u0301finissent clairement les prestations qu&rsquo;ils sont autorise\u0301s a\u0300 fournir aux patients, aux familles et e\u0301tablissent les droits et devoirs favorisant une pratique discipline\u0301e de leur art et respectueuse de la vie humaine.<\/p>\n<p>Il s\u2019est par ailleurs fe\u0301licite\u0301 des avance\u0301es observe\u0301es au niveau de la loi n\u00b02020-624 du 14 aou\u0302t 2020 instituant Code de l\u2019Urbanisme et du Domaine Foncier Urbain. En effet, en accord avec l\u2019Exe\u0301cutif, le parlement a autorise\u0301 la modification de quinze (15) articles de ce Code.<\/p>\n<p>\u00ab A travers ce vote, l&rsquo;Assemble\u0301e nationale re\u0301affirme, une fois de plus, l&rsquo;importance de garantir la se\u0301curite\u0301 de la proprie\u0301te\u0301 foncie\u0300re en rendant l\u2019Arre\u0302te\u0301 de Concession De\u0301finitive (ACD) inattaquable et les proprie\u0301te\u0301s foncie\u0300res hypothe\u0301cables, tout en veillant a\u0300 l\u2019implication de tous les acteurs cle\u0301s du processus, notamment les chefs de village et les populations au niveau de la proce\u0301dure d\u2019affichage qui s\u2019e\u0301tend a\u0300 tous les actes de\u0301livre\u0301s dans le cadre de l\u2019obtention de l\u2019ACD \u00bb, a fait savoir Adama Bictogo.<\/p>\n<p>Au niveau environnemental, pour reme\u0301dier aux diffe\u0301rents proble\u0300mes auxquels la Co\u0302te d\u2019Ivoire est confronte\u0301e, tels le re\u0301chauffement climatique, les inondations et la menace de disparition de certaines espe\u0300ces animales et ve\u0301ge\u0301tales, l\u2019Assemble\u0301e Nationale a examine\u0301 et adopte\u0301 les projets de loi relatifs a\u0300 la faune, a\u0300 la protection de l\u2019e\u0301le\u0301phant en Co\u0302te d\u2019Ivoire et celui relatif au commerce international des espe\u0300ces de faune et de flore sauvage menace\u0301es d\u2019extinction.<\/p>\n<p>\u00ab L\u2019objectif recherche\u0301 est d\u2019instituer des peines dissuasives, afin de prote\u0301ger notre emble\u0300me national, l\u2019e\u0301le\u0301phant, qui est en voie de disparition. Il s\u2019agit e\u0301galement de prote\u0301ger et re\u0300glementer les pe\u0301riodes de chasse des espe\u0300ces de faune sauvage menace\u0301es d\u2019extinction et surtout d\u2019internaliser dans notre droit positif, nos engagements en matie\u0300re environnementale \u00bb, a indique\u0301 le pre\u0301sident du parlement ivoirien.<\/p>\n<p>Au niveau se\u0301curitaire, l\u2019Assemble\u0301e nationale a autorise\u0301 la ratification de l\u2019ordonnance relative a\u0300 la lutte contre le blanchiment de capitaux, le financement du terrorisme et la prolife\u0301ration des armes de destruction massive, et a adopte\u0301 le projet de loi modifiant la loi n\u00b02015-493 du 7 juillet 2015 portant re\u0301pression du terrorisme, telle que modifie\u0301e par la loi n\u00b02018-864 du 19 novembre 2018. Ces projets de loi s\u2019inscrivent dans la droite ligne des actions de se\u0301curisation des frontie\u0300res et de la lutte contre le terrorisme, pro\u0302ne\u0301es par le Pre\u0301sident de la Re\u0301publique.<\/p>\n<p>Au plan e\u0301conomique, l&rsquo;Assemble\u0301e nationale a eu a\u0300 examiner des projets de loi qui auront un impact significatif sur notre e\u0301conomie. Ces projets de loi visent a\u0300 stimuler la croissance e\u0301conomique en optimisant la gestion des finances publiques et en ame\u0301liorant les conditions de vie et de travail des Ivoiriens.<\/p>\n<p>Il s\u2019agit, entre autres, du projet de loi portant politique nationale d\u2019endettement et de gestion de la dette publique qui fixe, pour la premie\u0300re fois en Co\u0302te d\u2019Ivoire, un cadre re\u0301glementaire pour la gestion de la dette, et du projet de loi portant ratification de l\u2019ordonnance n\u00b02023-719 du 13 septembre 2023 portant re\u0301forme des impo\u0302ts sur les traitements, salaires, pensions et rentres viage\u0300res a\u0300 la charge des salarie\u0301s qui, a\u0300 travers un impo\u0302t unique permet a\u0300 90% des salarie\u0301s de voir leurs traitements et salaires connai\u0302tre une augmentation.<\/p>\n<p>Enfin, ce bilan e\u0301conomique ne saurait omettre le De\u0301bat d\u2019Orientation Budge\u0301taire qui s\u2019est tenu le 25 juin a\u0300 l\u2019He\u0301micycle, et qui a permis d\u2019e\u0301changer sur les hypothe\u0300ses qui sous-tendent le budget de l\u2019anne\u0301e 2025 de la Co\u0302te d\u2019Ivoire avec un taux de croissance estime\u0301 a\u0300 environ 7% pour le PIB et un taux d\u2019inflation contenue a\u0300 2,8%.<\/p>\n<p>Ces orientations budge\u0301taires re\u0301alistes, malgre\u0301 la conjoncture internationale de\u0301favorable principalement cause\u0301e par les crises russo-ukrainienne, Israe\u0301lo-palestinienne et l\u2019inflation, prennent en compte plusieurs pre\u0301occupations de nos populations, notamment la re\u0301duction de la pauvrete\u0301, la lutte contre la cherte\u0301 de la vie, la cre\u0301ation d\u2019emploi pour les jeunes et l\u2019autonomisation des femmes.<\/p>\n<p>Ces initiatives strate\u0301giques et ces perspectives de croissance e\u0301conomique visent a\u0300 re\u0301pondre aux attentes des populations ivoiriennes en ame\u0301liorant leurs capacite\u0301s de re\u0301silience pour les trois anne\u0301es a\u0300 venir (2025-2027) avec un taux de croissance de 7,4% en moyenne.<\/p>\n<p>L\u2019ouverture de la deuxie\u0300me session ordinaire de l\u2019anne\u0301e en cours qui sera consacre\u0301e principalement, comme le pre\u0301voit la Constitution, a\u0300 l\u2019analyse des lois de finances, va s\u2019ouvrir le 1er octobre 2024.<\/p>\n<p><strong>Pour plus d&rsquo;informations et d&rsquo;analyses sur la C\u00f4te d&rsquo;Ivoire, suivez Africa-Press<\/strong><\/p>\n","protected":false},"excerpt":{"rendered":"<p>Africa-Press &#8211; C\u00f4te d&rsquo;Ivoire. Adama Bictogo, pre\u0301sident de l\u2019Assemble\u0301e Nationale de Co\u0302te d\u2019Ivoire veut en savoir un peu plus sur les ve\u0301ritables causes des re\u0301centes inondations et les e\u0301boulements de terrains survenus a\u0300 Abidjan, la capitale e\u0301conomique, des suites de pluies diluviennes. A cet effet, il a instruit la commission d\u2019e\u0301valuation des politiques publiques de [&hellip;]<\/p>\n","protected":false},"author":82,"featured_media":82987,"comment_status":"open","ping_status":"closed","sticky":false,"template":"","format":"standard","meta":{"footnotes":""},"categories":[21,20,10],"tags":[1265,1741,29,14001,2956,13048],"class_list":["post-82988","post","type-post","status-publish","format-standard","has-post-thumbnail","hentry","category-communaute","category-top-nouvelles","category-toutes-les-actualites","tag-adama-bictogo","tag-assemblee-nationale","tag-cote-divoire","tag-discours-bilan","tag-president","tag-session-ordinaire"],"yoast_head":"<!-- This site is optimized with the Yoast SEO Premium plugin v26.1 (Yoast SEO v27.0) - https:\/\/yoast.com\/product\/yoast-seo-premium-wordpress\/ -->\n<title>D\u00e9g\u00e2ts survenus lors des pluies diluviennes, Adama Bictogo veut des explications sur les inondations et \u00e9boulements de terrains dans le district d&#039;Abidjan - C\u00f4te d&#039;Ivoire<\/title>\n<meta name=\"description\" content=\"Adama Bictogo, pre\u0301sident de l\u2019Assemble\u0301e Nationale de Co\u0302te d\u2019Ivoire veut en savoir un peu plus sur les ve\u0301ritables cau ...\" \/>\n<meta name=\"robots\" content=\"index, follow, max-snippet:-1, max-image-preview:large, max-video-preview:-1\" \/>\n<link rel=\"canonical\" href=\"https:\/\/www.africa-press.net\/cotedivoire\/toutes-les-actualites\/degats-survenus-lors-des-pluies-diluviennes-adama-bictogo-veut-des-explications-sur-les-inondations-et-eboulements-de-terrains-dans-le-district-dabidjan\" \/>\n<meta property=\"og:locale\" content=\"fr_FR\" \/>\n<meta property=\"og:type\" content=\"article\" \/>\n<meta property=\"og:title\" content=\"D\u00e9g\u00e2ts survenus lors des pluies diluviennes, Adama Bictogo veut des explications sur les inondations et \u00e9boulements de terrains dans le district d&#039;Abidjan\" \/>\n<meta property=\"og:description\" content=\"Adama Bictogo, pre\u0301sident de l\u2019Assemble\u0301e Nationale de Co\u0302te d\u2019Ivoire veut en savoir un peu plus sur les ve\u0301ritables cau ...\" \/>\n<meta property=\"og:url\" content=\"https:\/\/www.africa-press.net\/cotedivoire\/toutes-les-actualites\/degats-survenus-lors-des-pluies-diluviennes-adama-bictogo-veut-des-explications-sur-les-inondations-et-eboulements-de-terrains-dans-le-district-dabidjan\" \/>\n<meta property=\"og:site_name\" content=\"C\u00f4te d&#039;Ivoire\" \/>\n<meta property=\"article:published_time\" content=\"2024-06-30T19:28:14+00:00\" \/>\n<meta property=\"article:modified_time\" content=\"2024-06-30T21:14:25+00:00\" \/>\n<meta property=\"og:image\" content=\"https:\/\/static.africa-press.net\/cote\/sites\/43\/2024\/06\/sm_1719769433.454633.jpg\" \/>\n\t<meta property=\"og:image:width\" content=\"720\" \/>\n\t<meta property=\"og:image:height\" content=\"480\" \/>\n\t<meta property=\"og:image:type\" content=\"image\/jpeg\" \/>\n<meta name=\"author\" content=\"cfeditorfr\" \/>\n<meta name=\"twitter:card\" content=\"summary_large_image\" \/>\n<meta name=\"twitter:label1\" content=\"\u00c9crit par\" \/>\n\t<meta name=\"twitter:data1\" content=\"cfeditorfr\" \/>\n\t<meta name=\"twitter:label2\" content=\"Dur\u00e9e de lecture estim\u00e9e\" \/>\n\t<meta name=\"twitter:data2\" content=\"11 minutes\" \/>\n<script type=\"application\/ld+json\" class=\"yoast-schema-graph\">{\"@context\":\"https:\/\/schema.org\",\"@graph\":[{\"@type\":\"Article\",\"@id\":\"https:\/\/www.africa-press.net\/cotedivoire\/toutes-les-actualites\/degats-survenus-lors-des-pluies-diluviennes-adama-bictogo-veut-des-explications-sur-les-inondations-et-eboulements-de-terrains-dans-le-district-dabidjan#article\",\"isPartOf\":{\"@id\":\"https:\/\/www.africa-press.net\/cotedivoire\/toutes-les-actualites\/degats-survenus-lors-des-pluies-diluviennes-adama-bictogo-veut-des-explications-sur-les-inondations-et-eboulements-de-terrains-dans-le-district-dabidjan\"},\"author\":{\"name\":\"cfeditorfr\",\"@id\":\"https:\/\/www.africa-press.net\/cotedivoire\/#\/schema\/person\/2b1cf3cd81a31e3cd26889ca66d677f1\"},\"headline\":\"D\u00e9g\u00e2ts survenus lors des pluies diluviennes, Adama Bictogo veut des explications sur les inondations et \u00e9boulements de terrains dans le district d&rsquo;Abidjan\",\"datePublished\":\"2024-06-30T19:28:14+00:00\",\"dateModified\":\"2024-06-30T21:14:25+00:00\",\"mainEntityOfPage\":{\"@id\":\"https:\/\/www.africa-press.net\/cotedivoire\/toutes-les-actualites\/degats-survenus-lors-des-pluies-diluviennes-adama-bictogo-veut-des-explications-sur-les-inondations-et-eboulements-de-terrains-dans-le-district-dabidjan\"},\"wordCount\":2279,\"commentCount\":0,\"image\":{\"@id\":\"https:\/\/www.africa-press.net\/cotedivoire\/toutes-les-actualites\/degats-survenus-lors-des-pluies-diluviennes-adama-bictogo-veut-des-explications-sur-les-inondations-et-eboulements-de-terrains-dans-le-district-dabidjan#primaryimage\"},\"thumbnailUrl\":\"https:\/\/static.africa-press.net\/cote\/sites\/43\/2024\/06\/sm_1719769433.454633.jpg\",\"keywords\":[\"Adama Bictogo\",\"Assembl\u00e9e nationale\",\"C\u00d4TE D'IVOIRE\",\"discours-bilan\",\"pr\u00e9sident\",\"Session ordinaire\"],\"articleSection\":[\"Communaut\u00e9\",\"Top Nouvelles\",\"Toutes les actualit\u00e9s\"],\"inLanguage\":\"fr-FR\",\"potentialAction\":[{\"@type\":\"CommentAction\",\"name\":\"Comment\",\"target\":[\"https:\/\/www.africa-press.net\/cotedivoire\/toutes-les-actualites\/degats-survenus-lors-des-pluies-diluviennes-adama-bictogo-veut-des-explications-sur-les-inondations-et-eboulements-de-terrains-dans-le-district-dabidjan#respond\"]}]},{\"@type\":\"WebPage\",\"@id\":\"https:\/\/www.africa-press.net\/cotedivoire\/toutes-les-actualites\/degats-survenus-lors-des-pluies-diluviennes-adama-bictogo-veut-des-explications-sur-les-inondations-et-eboulements-de-terrains-dans-le-district-dabidjan\",\"url\":\"https:\/\/www.africa-press.net\/cotedivoire\/toutes-les-actualites\/degats-survenus-lors-des-pluies-diluviennes-adama-bictogo-veut-des-explications-sur-les-inondations-et-eboulements-de-terrains-dans-le-district-dabidjan\",\"name\":\"D\u00e9g\u00e2ts survenus lors des pluies diluviennes, Adama Bictogo veut des explications sur les inondations et \u00e9boulements de terrains dans le district d'Abidjan - C\u00f4te d&#039;Ivoire\",\"isPartOf\":{\"@id\":\"https:\/\/www.africa-press.net\/cotedivoire\/#website\"},\"primaryImageOfPage\":{\"@id\":\"https:\/\/www.africa-press.net\/cotedivoire\/toutes-les-actualites\/degats-survenus-lors-des-pluies-diluviennes-adama-bictogo-veut-des-explications-sur-les-inondations-et-eboulements-de-terrains-dans-le-district-dabidjan#primaryimage\"},\"image\":{\"@id\":\"https:\/\/www.africa-press.net\/cotedivoire\/toutes-les-actualites\/degats-survenus-lors-des-pluies-diluviennes-adama-bictogo-veut-des-explications-sur-les-inondations-et-eboulements-de-terrains-dans-le-district-dabidjan#primaryimage\"},\"thumbnailUrl\":\"https:\/\/static.africa-press.net\/cote\/sites\/43\/2024\/06\/sm_1719769433.454633.jpg\",\"datePublished\":\"2024-06-30T19:28:14+00:00\",\"dateModified\":\"2024-06-30T21:14:25+00:00\",\"author\":{\"@id\":\"https:\/\/www.africa-press.net\/cotedivoire\/#\/schema\/person\/2b1cf3cd81a31e3cd26889ca66d677f1\"},\"description\":\"Adama Bictogo, pre\u0301sident de l\u2019Assemble\u0301e Nationale de Co\u0302te d\u2019Ivoire veut en savoir un peu plus sur les ve\u0301ritables cau ...\",\"breadcrumb\":{\"@id\":\"https:\/\/www.africa-press.net\/cotedivoire\/toutes-les-actualites\/degats-survenus-lors-des-pluies-diluviennes-adama-bictogo-veut-des-explications-sur-les-inondations-et-eboulements-de-terrains-dans-le-district-dabidjan#breadcrumb\"},\"inLanguage\":\"fr-FR\",\"potentialAction\":[{\"@type\":\"ReadAction\",\"target\":[\"https:\/\/www.africa-press.net\/cotedivoire\/toutes-les-actualites\/degats-survenus-lors-des-pluies-diluviennes-adama-bictogo-veut-des-explications-sur-les-inondations-et-eboulements-de-terrains-dans-le-district-dabidjan\"]}]},{\"@type\":\"ImageObject\",\"inLanguage\":\"fr-FR\",\"@id\":\"https:\/\/www.africa-press.net\/cotedivoire\/toutes-les-actualites\/degats-survenus-lors-des-pluies-diluviennes-adama-bictogo-veut-des-explications-sur-les-inondations-et-eboulements-de-terrains-dans-le-district-dabidjan#primaryimage\",\"url\":\"https:\/\/static.africa-press.net\/cote\/sites\/43\/2024\/06\/sm_1719769433.454633.jpg\",\"contentUrl\":\"https:\/\/static.africa-press.net\/cote\/sites\/43\/2024\/06\/sm_1719769433.454633.jpg\",\"width\":720,\"height\":480,\"caption\":\"D\u00e9g\u00e2ts survenus lors des pluies diluviennes, Adama Bictogo veut des explications sur les inondations et \u00e9boulements de terrains dans le district d'Abidjan\"},{\"@type\":\"BreadcrumbList\",\"@id\":\"https:\/\/www.africa-press.net\/cotedivoire\/toutes-les-actualites\/degats-survenus-lors-des-pluies-diluviennes-adama-bictogo-veut-des-explications-sur-les-inondations-et-eboulements-de-terrains-dans-le-district-dabidjan#breadcrumb\",\"itemListElement\":[{\"@type\":\"ListItem\",\"position\":1,\"name\":\"Accueil\",\"item\":\"https:\/\/www.africa-press.net\/cotedivoire\/\"},{\"@type\":\"ListItem\",\"position\":2,\"name\":\"D\u00e9g\u00e2ts survenus lors des pluies diluviennes, Adama Bictogo veut des explications sur les inondations et \u00e9boulements de terrains dans le district d&#8217;Abidjan\"}]},{\"@type\":\"WebSite\",\"@id\":\"https:\/\/www.africa-press.net\/cotedivoire\/#website\",\"url\":\"https:\/\/www.africa-press.net\/cotedivoire\/\",\"name\":\"C\u00f4te d&#039;Ivoire\",\"description\":\"Just another Africa News Agency Sites site\",\"potentialAction\":[{\"@type\":\"SearchAction\",\"target\":{\"@type\":\"EntryPoint\",\"urlTemplate\":\"https:\/\/www.africa-press.net\/cotedivoire\/?s={search_term_string}\"},\"query-input\":{\"@type\":\"PropertyValueSpecification\",\"valueRequired\":true,\"valueName\":\"search_term_string\"}}],\"inLanguage\":\"fr-FR\"},{\"@type\":\"Person\",\"@id\":\"https:\/\/www.africa-press.net\/cotedivoire\/#\/schema\/person\/2b1cf3cd81a31e3cd26889ca66d677f1\",\"name\":\"cfeditorfr\"}]}<\/script>\n<!-- \/ Yoast SEO Premium plugin. -->","yoast_head_json":{"title":"D\u00e9g\u00e2ts survenus lors des pluies diluviennes, Adama Bictogo veut des explications sur les inondations et \u00e9boulements de terrains dans le district d'Abidjan - C\u00f4te d&#039;Ivoire","description":"Adama Bictogo, pre\u0301sident de l\u2019Assemble\u0301e Nationale de Co\u0302te d\u2019Ivoire veut en savoir un peu plus sur les ve\u0301ritables cau ...","robots":{"index":"index","follow":"follow","max-snippet":"max-snippet:-1","max-image-preview":"max-image-preview:large","max-video-preview":"max-video-preview:-1"},"canonical":"https:\/\/www.africa-press.net\/cotedivoire\/toutes-les-actualites\/degats-survenus-lors-des-pluies-diluviennes-adama-bictogo-veut-des-explications-sur-les-inondations-et-eboulements-de-terrains-dans-le-district-dabidjan","og_locale":"fr_FR","og_type":"article","og_title":"D\u00e9g\u00e2ts survenus lors des pluies diluviennes, Adama Bictogo veut des explications sur les inondations et \u00e9boulements de terrains dans le district d'Abidjan","og_description":"Adama Bictogo, pre\u0301sident de l\u2019Assemble\u0301e Nationale de Co\u0302te d\u2019Ivoire veut en savoir un peu plus sur les ve\u0301ritables cau ...","og_url":"https:\/\/www.africa-press.net\/cotedivoire\/toutes-les-actualites\/degats-survenus-lors-des-pluies-diluviennes-adama-bictogo-veut-des-explications-sur-les-inondations-et-eboulements-de-terrains-dans-le-district-dabidjan","og_site_name":"C\u00f4te d&#039;Ivoire","article_published_time":"2024-06-30T19:28:14+00:00","article_modified_time":"2024-06-30T21:14:25+00:00","og_image":[{"width":720,"height":480,"url":"https:\/\/static.africa-press.net\/cote\/sites\/43\/2024\/06\/sm_1719769433.454633.jpg","type":"image\/jpeg"}],"author":"cfeditorfr","twitter_card":"summary_large_image","twitter_misc":{"\u00c9crit par":"cfeditorfr","Dur\u00e9e de lecture estim\u00e9e":"11 minutes"},"schema":{"@context":"https:\/\/schema.org","@graph":[{"@type":"Article","@id":"https:\/\/www.africa-press.net\/cotedivoire\/toutes-les-actualites\/degats-survenus-lors-des-pluies-diluviennes-adama-bictogo-veut-des-explications-sur-les-inondations-et-eboulements-de-terrains-dans-le-district-dabidjan#article","isPartOf":{"@id":"https:\/\/www.africa-press.net\/cotedivoire\/toutes-les-actualites\/degats-survenus-lors-des-pluies-diluviennes-adama-bictogo-veut-des-explications-sur-les-inondations-et-eboulements-de-terrains-dans-le-district-dabidjan"},"author":{"name":"cfeditorfr","@id":"https:\/\/www.africa-press.net\/cotedivoire\/#\/schema\/person\/2b1cf3cd81a31e3cd26889ca66d677f1"},"headline":"D\u00e9g\u00e2ts survenus lors des pluies diluviennes, Adama Bictogo veut des explications sur les inondations et \u00e9boulements de terrains dans le district d&rsquo;Abidjan","datePublished":"2024-06-30T19:28:14+00:00","dateModified":"2024-06-30T21:14:25+00:00","mainEntityOfPage":{"@id":"https:\/\/www.africa-press.net\/cotedivoire\/toutes-les-actualites\/degats-survenus-lors-des-pluies-diluviennes-adama-bictogo-veut-des-explications-sur-les-inondations-et-eboulements-de-terrains-dans-le-district-dabidjan"},"wordCount":2279,"commentCount":0,"image":{"@id":"https:\/\/www.africa-press.net\/cotedivoire\/toutes-les-actualites\/degats-survenus-lors-des-pluies-diluviennes-adama-bictogo-veut-des-explications-sur-les-inondations-et-eboulements-de-terrains-dans-le-district-dabidjan#primaryimage"},"thumbnailUrl":"https:\/\/static.africa-press.net\/cote\/sites\/43\/2024\/06\/sm_1719769433.454633.jpg","keywords":["Adama Bictogo","Assembl\u00e9e nationale","C\u00d4TE D'IVOIRE","discours-bilan","pr\u00e9sident","Session ordinaire"],"articleSection":["Communaut\u00e9","Top Nouvelles","Toutes les actualit\u00e9s"],"inLanguage":"fr-FR","potentialAction":[{"@type":"CommentAction","name":"Comment","target":["https:\/\/www.africa-press.net\/cotedivoire\/toutes-les-actualites\/degats-survenus-lors-des-pluies-diluviennes-adama-bictogo-veut-des-explications-sur-les-inondations-et-eboulements-de-terrains-dans-le-district-dabidjan#respond"]}]},{"@type":"WebPage","@id":"https:\/\/www.africa-press.net\/cotedivoire\/toutes-les-actualites\/degats-survenus-lors-des-pluies-diluviennes-adama-bictogo-veut-des-explications-sur-les-inondations-et-eboulements-de-terrains-dans-le-district-dabidjan","url":"https:\/\/www.africa-press.net\/cotedivoire\/toutes-les-actualites\/degats-survenus-lors-des-pluies-diluviennes-adama-bictogo-veut-des-explications-sur-les-inondations-et-eboulements-de-terrains-dans-le-district-dabidjan","name":"D\u00e9g\u00e2ts survenus lors des pluies diluviennes, Adama Bictogo veut des explications sur les inondations et \u00e9boulements de terrains dans le district d'Abidjan - C\u00f4te d&#039;Ivoire","isPartOf":{"@id":"https:\/\/www.africa-press.net\/cotedivoire\/#website"},"primaryImageOfPage":{"@id":"https:\/\/www.africa-press.net\/cotedivoire\/toutes-les-actualites\/degats-survenus-lors-des-pluies-diluviennes-adama-bictogo-veut-des-explications-sur-les-inondations-et-eboulements-de-terrains-dans-le-district-dabidjan#primaryimage"},"image":{"@id":"https:\/\/www.africa-press.net\/cotedivoire\/toutes-les-actualites\/degats-survenus-lors-des-pluies-diluviennes-adama-bictogo-veut-des-explications-sur-les-inondations-et-eboulements-de-terrains-dans-le-district-dabidjan#primaryimage"},"thumbnailUrl":"https:\/\/static.africa-press.net\/cote\/sites\/43\/2024\/06\/sm_1719769433.454633.jpg","datePublished":"2024-06-30T19:28:14+00:00","dateModified":"2024-06-30T21:14:25+00:00","author":{"@id":"https:\/\/www.africa-press.net\/cotedivoire\/#\/schema\/person\/2b1cf3cd81a31e3cd26889ca66d677f1"},"description":"Adama Bictogo, pre\u0301sident de l\u2019Assemble\u0301e Nationale de Co\u0302te d\u2019Ivoire veut en savoir un peu plus sur les ve\u0301ritables cau ...","breadcrumb":{"@id":"https:\/\/www.africa-press.net\/cotedivoire\/toutes-les-actualites\/degats-survenus-lors-des-pluies-diluviennes-adama-bictogo-veut-des-explications-sur-les-inondations-et-eboulements-de-terrains-dans-le-district-dabidjan#breadcrumb"},"inLanguage":"fr-FR","potentialAction":[{"@type":"ReadAction","target":["https:\/\/www.africa-press.net\/cotedivoire\/toutes-les-actualites\/degats-survenus-lors-des-pluies-diluviennes-adama-bictogo-veut-des-explications-sur-les-inondations-et-eboulements-de-terrains-dans-le-district-dabidjan"]}]},{"@type":"ImageObject","inLanguage":"fr-FR","@id":"https:\/\/www.africa-press.net\/cotedivoire\/toutes-les-actualites\/degats-survenus-lors-des-pluies-diluviennes-adama-bictogo-veut-des-explications-sur-les-inondations-et-eboulements-de-terrains-dans-le-district-dabidjan#primaryimage","url":"https:\/\/static.africa-press.net\/cote\/sites\/43\/2024\/06\/sm_1719769433.454633.jpg","contentUrl":"https:\/\/static.africa-press.net\/cote\/sites\/43\/2024\/06\/sm_1719769433.454633.jpg","width":720,"height":480,"caption":"D\u00e9g\u00e2ts survenus lors des pluies diluviennes, Adama Bictogo veut des explications sur les inondations et \u00e9boulements de terrains dans le district d'Abidjan"},{"@type":"BreadcrumbList","@id":"https:\/\/www.africa-press.net\/cotedivoire\/toutes-les-actualites\/degats-survenus-lors-des-pluies-diluviennes-adama-bictogo-veut-des-explications-sur-les-inondations-et-eboulements-de-terrains-dans-le-district-dabidjan#breadcrumb","itemListElement":[{"@type":"ListItem","position":1,"name":"Accueil","item":"https:\/\/www.africa-press.net\/cotedivoire\/"},{"@type":"ListItem","position":2,"name":"D\u00e9g\u00e2ts survenus lors des pluies diluviennes, Adama Bictogo veut des explications sur les inondations et \u00e9boulements de terrains dans le district d&#8217;Abidjan"}]},{"@type":"WebSite","@id":"https:\/\/www.africa-press.net\/cotedivoire\/#website","url":"https:\/\/www.africa-press.net\/cotedivoire\/","name":"C\u00f4te d&#039;Ivoire","description":"Just another Africa News Agency Sites site","potentialAction":[{"@type":"SearchAction","target":{"@type":"EntryPoint","urlTemplate":"https:\/\/www.africa-press.net\/cotedivoire\/?s={search_term_string}"},"query-input":{"@type":"PropertyValueSpecification","valueRequired":true,"valueName":"search_term_string"}}],"inLanguage":"fr-FR"},{"@type":"Person","@id":"https:\/\/www.africa-press.net\/cotedivoire\/#\/schema\/person\/2b1cf3cd81a31e3cd26889ca66d677f1","name":"cfeditorfr"}]}},"_links":{"self":[{"href":"https:\/\/www.africa-press.net\/cotedivoire\/wp-json\/wp\/v2\/posts\/82988","targetHints":{"allow":["GET"]}}],"collection":[{"href":"https:\/\/www.africa-press.net\/cotedivoire\/wp-json\/wp\/v2\/posts"}],"about":[{"href":"https:\/\/www.africa-press.net\/cotedivoire\/wp-json\/wp\/v2\/types\/post"}],"author":[{"embeddable":true,"href":"https:\/\/www.africa-press.net\/cotedivoire\/wp-json\/wp\/v2\/users\/82"}],"replies":[{"embeddable":true,"href":"https:\/\/www.africa-press.net\/cotedivoire\/wp-json\/wp\/v2\/comments?post=82988"}],"version-history":[{"count":0,"href":"https:\/\/www.africa-press.net\/cotedivoire\/wp-json\/wp\/v2\/posts\/82988\/revisions"}],"wp:featuredmedia":[{"embeddable":true,"href":"https:\/\/www.africa-press.net\/cotedivoire\/wp-json\/wp\/v2\/media\/82987"}],"wp:attachment":[{"href":"https:\/\/www.africa-press.net\/cotedivoire\/wp-json\/wp\/v2\/media?parent=82988"}],"wp:term":[{"taxonomy":"category","embeddable":true,"href":"https:\/\/www.africa-press.net\/cotedivoire\/wp-json\/wp\/v2\/categories?post=82988"},{"taxonomy":"post_tag","embeddable":true,"href":"https:\/\/www.africa-press.net\/cotedivoire\/wp-json\/wp\/v2\/tags?post=82988"}],"curies":[{"name":"wp","href":"https:\/\/api.w.org\/{rel}","templated":true}]}}