{"id":8301,"date":"2021-05-28T14:20:47","date_gmt":"2021-05-28T14:20:47","guid":{"rendered":"https:\/\/www.africa-press.net\/cotedivoire\/?p=8301"},"modified":"2021-05-28T14:27:28","modified_gmt":"2021-05-28T14:27:28","slug":"richesse-en-trompe-loeil-dun-pays-en-developpement-la-cote-divoire-elus-pdci","status":"publish","type":"post","link":"https:\/\/www.africa-press.net\/cotedivoire\/politique\/richesse-en-trompe-loeil-dun-pays-en-developpement-la-cote-divoire-elus-pdci","title":{"rendered":"\u00ab\u00a0Richesse en trompe l\u2019\u0153il d\u2019un pays en d\u00e9veloppement, la C\u00f4te d\u2019Ivoire\u00a0\u00bb (\u00e9lus PDCI)"},"content":{"rendered":"<p><span style=\"color: #ff6600\"><strong><a href=\"https:\/\/www.africa-press.net\/\">Africa-Press<\/a> &#8211; <a href=\"https:\/\/www.africa-press.net\/cotedivoire\">C\u00f4te d&rsquo;Ivoire<\/a>. <\/strong><\/span><b>La C\u00f4te d\u2019Ivoire a lev\u00e9 des Euro-bonds d\u2019un milliard d\u2019Euros au taux de 5% (24 novembre 2020):<\/b><\/p>\n<p>\u2022 S\u2019assurant une maturit\u00e9 de 10 ans au taux de remboursement de 5%,<br \/>\n\u2022 Justifiant ainsi la confiance des investisseurs pr\u00e9sents sur le march\u00e9.<\/p>\n<p>Mais qu\u2019en est-il de la fracture et des in\u00e9galit\u00e9s sociales. Des pans entiers de la population qui subissent les d\u00e9lestages, le rationnement de l\u2019\u00e9lectricit\u00e9, sans omettre les difficult\u00e9s d\u2019acc\u00e8s aux soins ? Nous ne pouvons pas nous r\u00e9jouir d\u2019une telle disparit\u00e9 quand on nous annonce r\u00e9guli\u00e8rement des ressources nouvelles.<\/p>\n<p>La marche vers l\u2019\u00e9mergence promise n\u2019est-elle pas dans l\u2019impasse, dans une dynamique si n\u00e9gative que nous semblons marcher \u00e0 reculons ?<\/p>\n<p>Il suffit d\u2019interroger, pour constater ces disparit\u00e9s, les habitants de nombreux quartiers d\u2019Abidjan (PK18 dans la commune d\u2019Abobo) et nombreuses autres villes de l\u2019int\u00e9rieur du pays.<br \/>\nNous voulons nous souvenir de certains propos du RDR (mars 2010) qui \u00e0 bras raccourcis stigmatisait l\u2019incapacit\u00e9 des pr\u00e9d\u00e9cesseurs \u00e0 p\u00e9renniser les acquis du secteur \u00e9nerg\u00e9tique.<br \/>\nC\u2019est \u00e0 croire que la mauvaise gouvernance suffit \u00e0 expliquer, la gravit\u00e9 des probl\u00e8mes auxquels notre secteur \u00e9lectrique a d\u00fb faire face en 2010 ? Cette interrogation est \u00e0 rapprocher des propos tenus en 2019, par notre jeune ministre du p\u00e9trole et de l\u2019\u00e9nergie. Affirmant la surproduction avec un solde positif de 200 m\u00e9gawatts.<br \/>\nEn effet, notre capacit\u00e9 de production \u00e9lectrique \u00e0 hauteur de 2200 m\u00e9gawatts ferait p\u00e2lir d\u2019envie nombre de pays voisins de notre sous r\u00e9gion. La croissance de notre production s\u2019estime en moyenne \u00e0 +6,16% l\u2019an. Il apparait n\u00e9cessaire de rappeler que nos sources de production se r\u00e9partissent de la mani\u00e8re suivante :<br \/>\n\u2022 67,55% issus du thermique (4 centrales thermiques de producteurs ind\u00e9pendants : CIPREL, AZITO et AGGREKO),<br \/>\n\u2022 32,45% de l\u2019hydraulique (7 centrales hydrauliques).<br \/>\n\u2022 Notre pays n\u2019exporte que 11% de sa production nationale.<\/p>\n<p>Il faut noter que la centrale d\u2019Azito fournit le tiers de la production \u00e9lectrique du pays.<br \/>\nC\u2019est au regard de cet \u00e9tat des lieux, qui ne pr\u00e9tend pas \u00eatre exhaustif, que nous nous devons de nous pencher su la nature de la crise \u00e9nerg\u00e9tique en C\u00f4te d\u2019Ivoire, qui se mat\u00e9rialise par des coupures intempestives d\u2019\u00e9lectricit\u00e9 dans tout le pays.<\/p>\n<p>Rappelons que c\u2019est gr\u00e2ce au choix de notre r\u00e9volution \u00e9nerg\u00e9tique qui a commenc\u00e9 en 1993, sous l\u2019impulsion du gouvernement du pr\u00e9sident B\u00e9di\u00e9 qu\u2019a \u00e9t\u00e9 d\u00e9cid\u00e9 l\u2019ouverture du march\u00e9 de l\u2019\u00e9nergie au secteur priv\u00e9 pour \u00e9viter de conna\u00eetre \u00e0 nouveau les grosses crises de d\u00e9lestage de 1984. Dans cette optique, appel a \u00e9t\u00e9 fait \u00e0 deux consortiums internationaux. Le premier a construit la centrale de CIPREL qui a commenc\u00e9 \u00e0 produire de l\u2019\u00e9lectricit\u00e9 d\u00e8s 1995, le second IFC (filiale de la Banque mondiale) a mobilis\u00e9 nombreux partenaires.<br \/>\nA la lumi\u00e8re de ces efforts, peut-on penser que notre crise est uniquement li\u00e9e \u00e0 une insuffisance de capacit\u00e9 de production ? Ou peut \u00eatre un d\u00e9faut d\u2019anticipation pour nous propulser vers une nouvelle \u00e8re \u00e9nerg\u00e9tique ?<\/p>\n<p>En nous attardant sur ce probl\u00e8me de la production, il sera de bon ton de souligner que depuis 2010, l\u2019anticipation n\u2019a pas \u00e9t\u00e9 l\u2019apanage de nos dirigeants. Le r\u00e9chauffement climatique, les saisons s\u00e8ches prolong\u00e9es ne sont pas suffisamment pris en compte. Leurs effets ont pu naturellement entraver la productivit\u00e9 et contrarier notre \u00e9conomie.<\/p>\n<p>Dans son objectif d\u2019\u00e9mergence, la C\u00f4te d\u2019Ivoire avait pr\u00e9vu de doubler en cinq ans son potentiel \u00e9lectrique en passant de 2200 m\u00e9gawatts (en 2019) \u00e0 4000 m\u00e9gawatts (en 2025). Pour esp\u00e9rer y parvenir, le gouvernement a \u00e9tabli un plan de production destin\u00e9 \u00e0 privil\u00e9gier l\u2019hydro\u00e9lectricit\u00e9 et les \u00e9nergies renouvelables au gaz. Il faut savoir que, les \u00e9nergies renouvelables dans notre pays sont peu utilis\u00e9es, malgr\u00e9 notre grand potentiel en biomasse (valorisation des d\u00e9chets). Il faut avoir pr\u00e9sent \u00e0 l\u2019esprit que nos engagements portent sur une part d\u2019\u00e9nergie renouvelable qui devrait se situer \u00e0 42% en 2030. Or, le choix de centrales \u00e0 gaz est privil\u00e9gi\u00e9, pour accro\u00eetre la production nous para\u00eet un non sens, sachant que les ressources en gaz de la C\u00f4te d\u2019Ivoire diminuent inexorablement vers l\u2019\u00e9puisement total d\u2019ici \u00e0 l\u2019horizon 2025. A moins de vouloir d\u00e9pendre des gisements \u00e9trangers !<\/p>\n<p>D\u2019ailleurs le Plan Cadre de Gestion Environnementale et Sociale (PCGES) d\u2019octobre 2019 qui affiche l\u2019ambition du gouvernement visant \u00e0 r\u00e9duire le temps moyen de coupure vers des seuils minimums, renferme d\u2019autres objectifs : fournir une \u00e9lectricit\u00e9 de qualit\u00e9 dans les centres urbains, raccorder les 8519 localit\u00e9s de plus de 500 habitants que compte la C\u00f4te d\u2019Ivoire avant fin 2020 et l\u2019\u00e9lectrification totale du pays avant fin 2025 pour faire passer \u00e0 cette \u00e9ch\u00e9ance, le taux de couverture \u00e0 100%. Pour atteindre ces objectifs, CI-ENERGIES (CIE) a sollicit\u00e9 l\u2019appui de la Banque Africaine de D\u00e9veloppement (BAD) en vue du financement d\u2019un important programme visant \u00e0 am\u00e9liorer l\u2019acc\u00e8s \u00e0 l\u2019\u00e9lectricit\u00e9 en milieu rural par le raccordement et par extension de r\u00e9seaux de 1088 localit\u00e9s r\u00e9parties dans les districts et r\u00e9gions de la C\u00f4te d\u2019Ivoire.<\/p>\n<p>C\u2019est bien entendu, habitu\u00e9s de ces effets d\u2019annonce que nous recevons une fois de plus toutes ces donn\u00e9es pr\u00e9visionnelles chiffr\u00e9es qui sont cens\u00e9es nous mener \u00e0 l\u2019\u00e9mergence. Il est vrai que nous avons un gouvernement en perp\u00e9tuelle campagne \u00e9lectorale. En cela, l\u2019arriv\u00e9e d\u2019une ligne \u00e9lectrique dans une localit\u00e9 est c\u00e9l\u00e9br\u00e9e \u00e0 coup de fanfare, d\u2019uniforme vestimentaire \u00e0 l\u2019effigie des dignitaires du camp pr\u00e9sidentiel, donateur avec les deniers publics.<\/p>\n<p>Au cours de ce troisi\u00e8me mandat, certain d\u2019avoir le vent en poupe, on nous annonce de nouvelles pr\u00e9visions ciblant le triplement de la production actuelle de notre r\u00e9seau \u00e9lectrique qui passerait de 2200 m\u00e9gawatts actuels \u00e0 6600 m\u00e9gawatts \u00e0 l\u2019horizon 2030. Esp\u00e9rant devenir du coup, le hub \u00e9nerg\u00e9tique de l\u2019Afrique de l\u2019Ouest d\u00e8s 2020 (objectif non atteint \u00e0 ce jour). Pour cet ambitieux programme, nous demeurons peu persuad\u00e9s de la pertinence du choix de l\u2019entreprise chinoise Sinohydro, qui apr\u00e8s le barrage de Soubr\u00e9, persiste dans l\u2019\u00e9dification de nouvelles centrales hydrauliques.<\/p>\n<p>Pour r\u00e9pondre \u00e0 ce qui nous pr\u00e9occupe : \u00e0 savoir comment am\u00e9liorer notre autonomie \u00e9nerg\u00e9tique ?<br \/>\nA l\u2019\u00e9chelle du pays mais aussi du m\u00e9nage, il convient de r\u00e9duire notre consommation d\u2019\u00e9nergie et la produire localement gr\u00e2ce aux \u00e9nergies renouvelables. Les \u00e9conomies d\u2019\u00e9nergies et les \u00e9nergies de transition, v\u00e9ritables angles morts devraient constituer d\u00e8s lors deux axes d\u2019action forts \u00e0 explorer, en vue de renforcer la s\u00e9curit\u00e9 d\u2019approvisionnement et surtout de cr\u00e9er une politique \u00e9nerg\u00e9tique plus durable.<br \/>\nLe gros avantage des \u00e9nergies renouvelables r\u00e9side dans leur abondance (soleil, vent, eau\u2026) et leur disponibilit\u00e9 au niveau local. Il est regrettable que les centrales solaires de Korhogo et de Boundiali n\u2019ont point fait d\u2019\u00e9mules dans d\u2019autres r\u00e9gions.<\/p>\n<p>Les moyens de production d\u2019\u00e9nergie renouvelable locale sont accessibles \u00e0 tous. Une collectivit\u00e9, une industrie, une petite entreprise ou encore un m\u00e9nage peuvent investir dans une installation de production d\u2019\u00e9nergie renouvelable en fonction de leurs besoins, de leurs moyens financiers et du gisement \u00e9nerg\u00e9tique \u00e0 leur disposition. Ainsi, un d\u00e9tenteur d\u2019une unit\u00e9 de production solaire photovolta\u00efque.(installation, sur un toit orient\u00e9 vers le soleil), peut couvrir une grande partie des besoins en \u00e9lectricit\u00e9. L\u2019\u00e9nergie ainsi autoproduite peut \u00eatre autoconsomm\u00e9e ou r\u00e9inject\u00e9e sur le r\u00e9seau \u00e9lectrique en cas de surplus. Une vraie politique doit \u00eatre d\u00e9ploy\u00e9e pour la mise en \u0153uvre et sa r\u00e9ussite (Subventions, aides sp\u00e9cifiques\u2026).<\/p>\n<p>La C\u00f4te d\u2019ivoire a sans conteste fait le choix de la privatisation d\u2019une partie de son secteur \u00e9lectrique. Mais c\u2019est \u00e0 regret que nous soulignerons la stricte logique financi\u00e8re qui anime ces investisseurs priv\u00e9s. L\u2019\u00e9lectricit\u00e9, dans un pays si jeune dans sa phase de d\u00e9veloppement, doit \u00eatre un bien collectif b\u00e9n\u00e9ficiant de tous les privil\u00e8ges idoines.<\/p>\n<p>Le groupe parlementaire Pdci-Rda au contact des associations des consommateurs. Ici \u00e9tape d\u2019Adjam\u00e9<\/p>\n","protected":false},"excerpt":{"rendered":"<p>Africa-Press &#8211; C\u00f4te d&rsquo;Ivoire. La C\u00f4te d\u2019Ivoire a lev\u00e9 des Euro-bonds d\u2019un milliard d\u2019Euros au taux de 5% (24 novembre 2020): \u2022 S\u2019assurant une maturit\u00e9 de 10 ans au taux de remboursement de 5%, \u2022 Justifiant ainsi la confiance des investisseurs pr\u00e9sents sur le march\u00e9. Mais qu\u2019en est-il de la fracture et des in\u00e9galit\u00e9s sociales. [&hellip;]<\/p>\n","protected":false},"author":82,"featured_media":8300,"comment_status":"open","ping_status":"closed","sticky":false,"template":"","format":"standard","meta":{"footnotes":""},"categories":[11,2,20,10],"tags":[56,63,29],"class_list":["post-8301","post","type-post","status-publish","format-standard","has-post-thumbnail","hentry","category-homepage-french","category-politique","category-top-nouvelles","category-toutes-les-actualites","tag-africa-press","tag-africa-press-cote-divoire","tag-cote-divoire"],"yoast_head":"<!-- This site is optimized with the Yoast SEO Premium plugin v26.1 (Yoast SEO v27.0) - https:\/\/yoast.com\/product\/yoast-seo-premium-wordpress\/ -->\n<title>\u00ab\u00a0Richesse en trompe l\u2019\u0153il d\u2019un pays en d\u00e9veloppement, la C\u00f4te d\u2019Ivoire\u00a0\u00bb (\u00e9lus PDCI) - C\u00f4te d&#039;Ivoire<\/title>\n<meta name=\"description\" content=\"La C\u00f4te d\u2019Ivoire a lev\u00e9 des Euro-bonds d\u2019un milliard d\u2019Euros au taux de 5% (24 novembre 2020): \u2022 S\u2019assurant une ...\" \/>\n<meta name=\"robots\" content=\"index, follow, max-snippet:-1, max-image-preview:large, max-video-preview:-1\" \/>\n<link rel=\"canonical\" href=\"https:\/\/www.africa-press.net\/cotedivoire\/politique\/richesse-en-trompe-loeil-dun-pays-en-developpement-la-cote-divoire-elus-pdci\" \/>\n<meta property=\"og:locale\" content=\"fr_FR\" \/>\n<meta property=\"og:type\" content=\"article\" \/>\n<meta property=\"og:title\" content=\"\u00ab\u00a0Richesse en trompe l\u2019\u0153il d\u2019un pays en d\u00e9veloppement, la C\u00f4te d\u2019Ivoire\u00a0\u00bb (\u00e9lus PDCI)\" \/>\n<meta property=\"og:description\" content=\"La C\u00f4te d\u2019Ivoire a lev\u00e9 des Euro-bonds d\u2019un milliard d\u2019Euros au taux de 5% (24 novembre 2020): \u2022 S\u2019assurant une ...\" \/>\n<meta property=\"og:url\" content=\"https:\/\/www.africa-press.net\/cotedivoire\/politique\/richesse-en-trompe-loeil-dun-pays-en-developpement-la-cote-divoire-elus-pdci\" \/>\n<meta property=\"og:site_name\" content=\"C\u00f4te d&#039;Ivoire\" \/>\n<meta property=\"article:published_time\" content=\"2021-05-28T14:20:47+00:00\" \/>\n<meta property=\"article:modified_time\" content=\"2021-05-28T14:27:28+00:00\" \/>\n<meta property=\"og:image\" content=\"https:\/\/static.africa-press.net\/cote\/sites\/43\/2021\/05\/img-60b0f692039ee.jpg\" \/>\n\t<meta property=\"og:image:width\" content=\"876\" \/>\n\t<meta property=\"og:image:height\" content=\"700\" \/>\n\t<meta property=\"og:image:type\" content=\"image\/jpeg\" \/>\n<meta name=\"author\" content=\"cfeditorfr\" \/>\n<meta name=\"twitter:card\" content=\"summary_large_image\" \/>\n<meta name=\"twitter:label1\" content=\"\u00c9crit par\" \/>\n\t<meta name=\"twitter:data1\" content=\"cfeditorfr\" \/>\n\t<meta name=\"twitter:label2\" content=\"Dur\u00e9e de lecture estim\u00e9e\" \/>\n\t<meta name=\"twitter:data2\" content=\"7 minutes\" \/>\n<script type=\"application\/ld+json\" class=\"yoast-schema-graph\">{\"@context\":\"https:\/\/schema.org\",\"@graph\":[{\"@type\":\"Article\",\"@id\":\"https:\/\/www.africa-press.net\/cotedivoire\/politique\/richesse-en-trompe-loeil-dun-pays-en-developpement-la-cote-divoire-elus-pdci#article\",\"isPartOf\":{\"@id\":\"https:\/\/www.africa-press.net\/cotedivoire\/politique\/richesse-en-trompe-loeil-dun-pays-en-developpement-la-cote-divoire-elus-pdci\"},\"author\":{\"name\":\"cfeditorfr\",\"@id\":\"https:\/\/www.africa-press.net\/cotedivoire\/#\/schema\/person\/2b1cf3cd81a31e3cd26889ca66d677f1\"},\"headline\":\"\u00ab\u00a0Richesse en trompe l\u2019\u0153il d\u2019un pays en d\u00e9veloppement, la C\u00f4te d\u2019Ivoire\u00a0\u00bb (\u00e9lus PDCI)\",\"datePublished\":\"2021-05-28T14:20:47+00:00\",\"dateModified\":\"2021-05-28T14:27:28+00:00\",\"mainEntityOfPage\":{\"@id\":\"https:\/\/www.africa-press.net\/cotedivoire\/politique\/richesse-en-trompe-loeil-dun-pays-en-developpement-la-cote-divoire-elus-pdci\"},\"wordCount\":1408,\"commentCount\":0,\"image\":{\"@id\":\"https:\/\/www.africa-press.net\/cotedivoire\/politique\/richesse-en-trompe-loeil-dun-pays-en-developpement-la-cote-divoire-elus-pdci#primaryimage\"},\"thumbnailUrl\":\"https:\/\/static.africa-press.net\/cote\/sites\/43\/2021\/05\/img-60b0f692039ee.jpg\",\"keywords\":[\"Africa Press\",\"Africa Press-C\u00f4te d'Ivoire\",\"C\u00d4TE D'IVOIRE\"],\"articleSection\":[\"homepage-french\",\"Politique\",\"Top Nouvelles\",\"Toutes les actualit\u00e9s\"],\"inLanguage\":\"fr-FR\",\"potentialAction\":[{\"@type\":\"CommentAction\",\"name\":\"Comment\",\"target\":[\"https:\/\/www.africa-press.net\/cotedivoire\/politique\/richesse-en-trompe-loeil-dun-pays-en-developpement-la-cote-divoire-elus-pdci#respond\"]}]},{\"@type\":\"WebPage\",\"@id\":\"https:\/\/www.africa-press.net\/cotedivoire\/politique\/richesse-en-trompe-loeil-dun-pays-en-developpement-la-cote-divoire-elus-pdci\",\"url\":\"https:\/\/www.africa-press.net\/cotedivoire\/politique\/richesse-en-trompe-loeil-dun-pays-en-developpement-la-cote-divoire-elus-pdci\",\"name\":\"\u00ab\u00a0Richesse en trompe l\u2019\u0153il d\u2019un pays en d\u00e9veloppement, la C\u00f4te d\u2019Ivoire\u00a0\u00bb (\u00e9lus PDCI) - C\u00f4te d&#039;Ivoire\",\"isPartOf\":{\"@id\":\"https:\/\/www.africa-press.net\/cotedivoire\/#website\"},\"primaryImageOfPage\":{\"@id\":\"https:\/\/www.africa-press.net\/cotedivoire\/politique\/richesse-en-trompe-loeil-dun-pays-en-developpement-la-cote-divoire-elus-pdci#primaryimage\"},\"image\":{\"@id\":\"https:\/\/www.africa-press.net\/cotedivoire\/politique\/richesse-en-trompe-loeil-dun-pays-en-developpement-la-cote-divoire-elus-pdci#primaryimage\"},\"thumbnailUrl\":\"https:\/\/static.africa-press.net\/cote\/sites\/43\/2021\/05\/img-60b0f692039ee.jpg\",\"datePublished\":\"2021-05-28T14:20:47+00:00\",\"dateModified\":\"2021-05-28T14:27:28+00:00\",\"author\":{\"@id\":\"https:\/\/www.africa-press.net\/cotedivoire\/#\/schema\/person\/2b1cf3cd81a31e3cd26889ca66d677f1\"},\"description\":\"La C\u00f4te d\u2019Ivoire a lev\u00e9 des Euro-bonds d\u2019un milliard d\u2019Euros au taux de 5% (24 novembre 2020): \u2022 S\u2019assurant une ...\",\"breadcrumb\":{\"@id\":\"https:\/\/www.africa-press.net\/cotedivoire\/politique\/richesse-en-trompe-loeil-dun-pays-en-developpement-la-cote-divoire-elus-pdci#breadcrumb\"},\"inLanguage\":\"fr-FR\",\"potentialAction\":[{\"@type\":\"ReadAction\",\"target\":[\"https:\/\/www.africa-press.net\/cotedivoire\/politique\/richesse-en-trompe-loeil-dun-pays-en-developpement-la-cote-divoire-elus-pdci\"]}]},{\"@type\":\"ImageObject\",\"inLanguage\":\"fr-FR\",\"@id\":\"https:\/\/www.africa-press.net\/cotedivoire\/politique\/richesse-en-trompe-loeil-dun-pays-en-developpement-la-cote-divoire-elus-pdci#primaryimage\",\"url\":\"https:\/\/static.africa-press.net\/cote\/sites\/43\/2021\/05\/img-60b0f692039ee.jpg\",\"contentUrl\":\"https:\/\/static.africa-press.net\/cote\/sites\/43\/2021\/05\/img-60b0f692039ee.jpg\",\"width\":876,\"height\":700,\"caption\":\"\u00ab\u00a0Richesse en trompe l\u2019\u0153il d\u2019un pays en d\u00e9veloppement, la C\u00f4te d\u2019Ivoire\u00a0\u00bb (\u00e9lus PDCI)\"},{\"@type\":\"BreadcrumbList\",\"@id\":\"https:\/\/www.africa-press.net\/cotedivoire\/politique\/richesse-en-trompe-loeil-dun-pays-en-developpement-la-cote-divoire-elus-pdci#breadcrumb\",\"itemListElement\":[{\"@type\":\"ListItem\",\"position\":1,\"name\":\"Accueil\",\"item\":\"https:\/\/www.africa-press.net\/cotedivoire\/\"},{\"@type\":\"ListItem\",\"position\":2,\"name\":\"\u00ab\u00a0Richesse en trompe l\u2019\u0153il d\u2019un pays en d\u00e9veloppement, la C\u00f4te d\u2019Ivoire\u00a0\u00bb (\u00e9lus PDCI)\"}]},{\"@type\":\"WebSite\",\"@id\":\"https:\/\/www.africa-press.net\/cotedivoire\/#website\",\"url\":\"https:\/\/www.africa-press.net\/cotedivoire\/\",\"name\":\"C\u00f4te d&#039;Ivoire\",\"description\":\"Just another Africa News Agency Sites site\",\"potentialAction\":[{\"@type\":\"SearchAction\",\"target\":{\"@type\":\"EntryPoint\",\"urlTemplate\":\"https:\/\/www.africa-press.net\/cotedivoire\/?s={search_term_string}\"},\"query-input\":{\"@type\":\"PropertyValueSpecification\",\"valueRequired\":true,\"valueName\":\"search_term_string\"}}],\"inLanguage\":\"fr-FR\"},{\"@type\":\"Person\",\"@id\":\"https:\/\/www.africa-press.net\/cotedivoire\/#\/schema\/person\/2b1cf3cd81a31e3cd26889ca66d677f1\",\"name\":\"cfeditorfr\"}]}<\/script>\n<!-- \/ Yoast SEO Premium plugin. -->","yoast_head_json":{"title":"\u00ab\u00a0Richesse en trompe l\u2019\u0153il d\u2019un pays en d\u00e9veloppement, la C\u00f4te d\u2019Ivoire\u00a0\u00bb (\u00e9lus PDCI) - C\u00f4te d&#039;Ivoire","description":"La C\u00f4te d\u2019Ivoire a lev\u00e9 des Euro-bonds d\u2019un milliard d\u2019Euros au taux de 5% (24 novembre 2020): \u2022 S\u2019assurant une ...","robots":{"index":"index","follow":"follow","max-snippet":"max-snippet:-1","max-image-preview":"max-image-preview:large","max-video-preview":"max-video-preview:-1"},"canonical":"https:\/\/www.africa-press.net\/cotedivoire\/politique\/richesse-en-trompe-loeil-dun-pays-en-developpement-la-cote-divoire-elus-pdci","og_locale":"fr_FR","og_type":"article","og_title":"\u00ab\u00a0Richesse en trompe l\u2019\u0153il d\u2019un pays en d\u00e9veloppement, la C\u00f4te d\u2019Ivoire\u00a0\u00bb (\u00e9lus PDCI)","og_description":"La C\u00f4te d\u2019Ivoire a lev\u00e9 des Euro-bonds d\u2019un milliard d\u2019Euros au taux de 5% (24 novembre 2020): \u2022 S\u2019assurant une ...","og_url":"https:\/\/www.africa-press.net\/cotedivoire\/politique\/richesse-en-trompe-loeil-dun-pays-en-developpement-la-cote-divoire-elus-pdci","og_site_name":"C\u00f4te d&#039;Ivoire","article_published_time":"2021-05-28T14:20:47+00:00","article_modified_time":"2021-05-28T14:27:28+00:00","og_image":[{"width":876,"height":700,"url":"https:\/\/static.africa-press.net\/cote\/sites\/43\/2021\/05\/img-60b0f692039ee.jpg","type":"image\/jpeg"}],"author":"cfeditorfr","twitter_card":"summary_large_image","twitter_misc":{"\u00c9crit par":"cfeditorfr","Dur\u00e9e de lecture estim\u00e9e":"7 minutes"},"schema":{"@context":"https:\/\/schema.org","@graph":[{"@type":"Article","@id":"https:\/\/www.africa-press.net\/cotedivoire\/politique\/richesse-en-trompe-loeil-dun-pays-en-developpement-la-cote-divoire-elus-pdci#article","isPartOf":{"@id":"https:\/\/www.africa-press.net\/cotedivoire\/politique\/richesse-en-trompe-loeil-dun-pays-en-developpement-la-cote-divoire-elus-pdci"},"author":{"name":"cfeditorfr","@id":"https:\/\/www.africa-press.net\/cotedivoire\/#\/schema\/person\/2b1cf3cd81a31e3cd26889ca66d677f1"},"headline":"\u00ab\u00a0Richesse en trompe l\u2019\u0153il d\u2019un pays en d\u00e9veloppement, la C\u00f4te d\u2019Ivoire\u00a0\u00bb (\u00e9lus PDCI)","datePublished":"2021-05-28T14:20:47+00:00","dateModified":"2021-05-28T14:27:28+00:00","mainEntityOfPage":{"@id":"https:\/\/www.africa-press.net\/cotedivoire\/politique\/richesse-en-trompe-loeil-dun-pays-en-developpement-la-cote-divoire-elus-pdci"},"wordCount":1408,"commentCount":0,"image":{"@id":"https:\/\/www.africa-press.net\/cotedivoire\/politique\/richesse-en-trompe-loeil-dun-pays-en-developpement-la-cote-divoire-elus-pdci#primaryimage"},"thumbnailUrl":"https:\/\/static.africa-press.net\/cote\/sites\/43\/2021\/05\/img-60b0f692039ee.jpg","keywords":["Africa Press","Africa Press-C\u00f4te d'Ivoire","C\u00d4TE D'IVOIRE"],"articleSection":["homepage-french","Politique","Top Nouvelles","Toutes les actualit\u00e9s"],"inLanguage":"fr-FR","potentialAction":[{"@type":"CommentAction","name":"Comment","target":["https:\/\/www.africa-press.net\/cotedivoire\/politique\/richesse-en-trompe-loeil-dun-pays-en-developpement-la-cote-divoire-elus-pdci#respond"]}]},{"@type":"WebPage","@id":"https:\/\/www.africa-press.net\/cotedivoire\/politique\/richesse-en-trompe-loeil-dun-pays-en-developpement-la-cote-divoire-elus-pdci","url":"https:\/\/www.africa-press.net\/cotedivoire\/politique\/richesse-en-trompe-loeil-dun-pays-en-developpement-la-cote-divoire-elus-pdci","name":"\u00ab\u00a0Richesse en trompe l\u2019\u0153il d\u2019un pays en d\u00e9veloppement, la C\u00f4te d\u2019Ivoire\u00a0\u00bb (\u00e9lus PDCI) - C\u00f4te d&#039;Ivoire","isPartOf":{"@id":"https:\/\/www.africa-press.net\/cotedivoire\/#website"},"primaryImageOfPage":{"@id":"https:\/\/www.africa-press.net\/cotedivoire\/politique\/richesse-en-trompe-loeil-dun-pays-en-developpement-la-cote-divoire-elus-pdci#primaryimage"},"image":{"@id":"https:\/\/www.africa-press.net\/cotedivoire\/politique\/richesse-en-trompe-loeil-dun-pays-en-developpement-la-cote-divoire-elus-pdci#primaryimage"},"thumbnailUrl":"https:\/\/static.africa-press.net\/cote\/sites\/43\/2021\/05\/img-60b0f692039ee.jpg","datePublished":"2021-05-28T14:20:47+00:00","dateModified":"2021-05-28T14:27:28+00:00","author":{"@id":"https:\/\/www.africa-press.net\/cotedivoire\/#\/schema\/person\/2b1cf3cd81a31e3cd26889ca66d677f1"},"description":"La C\u00f4te d\u2019Ivoire a lev\u00e9 des Euro-bonds d\u2019un milliard d\u2019Euros au taux de 5% (24 novembre 2020): \u2022 S\u2019assurant une ...","breadcrumb":{"@id":"https:\/\/www.africa-press.net\/cotedivoire\/politique\/richesse-en-trompe-loeil-dun-pays-en-developpement-la-cote-divoire-elus-pdci#breadcrumb"},"inLanguage":"fr-FR","potentialAction":[{"@type":"ReadAction","target":["https:\/\/www.africa-press.net\/cotedivoire\/politique\/richesse-en-trompe-loeil-dun-pays-en-developpement-la-cote-divoire-elus-pdci"]}]},{"@type":"ImageObject","inLanguage":"fr-FR","@id":"https:\/\/www.africa-press.net\/cotedivoire\/politique\/richesse-en-trompe-loeil-dun-pays-en-developpement-la-cote-divoire-elus-pdci#primaryimage","url":"https:\/\/static.africa-press.net\/cote\/sites\/43\/2021\/05\/img-60b0f692039ee.jpg","contentUrl":"https:\/\/static.africa-press.net\/cote\/sites\/43\/2021\/05\/img-60b0f692039ee.jpg","width":876,"height":700,"caption":"\u00ab\u00a0Richesse en trompe l\u2019\u0153il d\u2019un pays en d\u00e9veloppement, la C\u00f4te d\u2019Ivoire\u00a0\u00bb (\u00e9lus PDCI)"},{"@type":"BreadcrumbList","@id":"https:\/\/www.africa-press.net\/cotedivoire\/politique\/richesse-en-trompe-loeil-dun-pays-en-developpement-la-cote-divoire-elus-pdci#breadcrumb","itemListElement":[{"@type":"ListItem","position":1,"name":"Accueil","item":"https:\/\/www.africa-press.net\/cotedivoire\/"},{"@type":"ListItem","position":2,"name":"\u00ab\u00a0Richesse en trompe l\u2019\u0153il d\u2019un pays en d\u00e9veloppement, la C\u00f4te d\u2019Ivoire\u00a0\u00bb (\u00e9lus PDCI)"}]},{"@type":"WebSite","@id":"https:\/\/www.africa-press.net\/cotedivoire\/#website","url":"https:\/\/www.africa-press.net\/cotedivoire\/","name":"C\u00f4te d&#039;Ivoire","description":"Just another Africa News Agency Sites site","potentialAction":[{"@type":"SearchAction","target":{"@type":"EntryPoint","urlTemplate":"https:\/\/www.africa-press.net\/cotedivoire\/?s={search_term_string}"},"query-input":{"@type":"PropertyValueSpecification","valueRequired":true,"valueName":"search_term_string"}}],"inLanguage":"fr-FR"},{"@type":"Person","@id":"https:\/\/www.africa-press.net\/cotedivoire\/#\/schema\/person\/2b1cf3cd81a31e3cd26889ca66d677f1","name":"cfeditorfr"}]}},"_links":{"self":[{"href":"https:\/\/www.africa-press.net\/cotedivoire\/wp-json\/wp\/v2\/posts\/8301","targetHints":{"allow":["GET"]}}],"collection":[{"href":"https:\/\/www.africa-press.net\/cotedivoire\/wp-json\/wp\/v2\/posts"}],"about":[{"href":"https:\/\/www.africa-press.net\/cotedivoire\/wp-json\/wp\/v2\/types\/post"}],"author":[{"embeddable":true,"href":"https:\/\/www.africa-press.net\/cotedivoire\/wp-json\/wp\/v2\/users\/82"}],"replies":[{"embeddable":true,"href":"https:\/\/www.africa-press.net\/cotedivoire\/wp-json\/wp\/v2\/comments?post=8301"}],"version-history":[{"count":0,"href":"https:\/\/www.africa-press.net\/cotedivoire\/wp-json\/wp\/v2\/posts\/8301\/revisions"}],"wp:featuredmedia":[{"embeddable":true,"href":"https:\/\/www.africa-press.net\/cotedivoire\/wp-json\/wp\/v2\/media\/8300"}],"wp:attachment":[{"href":"https:\/\/www.africa-press.net\/cotedivoire\/wp-json\/wp\/v2\/media?parent=8301"}],"wp:term":[{"taxonomy":"category","embeddable":true,"href":"https:\/\/www.africa-press.net\/cotedivoire\/wp-json\/wp\/v2\/categories?post=8301"},{"taxonomy":"post_tag","embeddable":true,"href":"https:\/\/www.africa-press.net\/cotedivoire\/wp-json\/wp\/v2\/tags?post=8301"}],"curies":[{"name":"wp","href":"https:\/\/api.w.org\/{rel}","templated":true}]}}