{"id":83011,"date":"2024-07-01T13:44:21","date_gmt":"2024-07-01T13:44:21","guid":{"rendered":"https:\/\/www.africa-press.net\/cotedivoire\/politique\/beugre-mambe-lance-le-1er-salon-international-des-ressources-extractives-et-energetiques-lundi"},"modified":"2024-07-01T14:02:24","modified_gmt":"2024-07-01T14:02:24","slug":"beugre-mambe-lance-le-1er-salon-international-des-ressources-extractives-et-energetiques-lundi","status":"publish","type":"post","link":"https:\/\/www.africa-press.net\/cotedivoire\/economie\/beugre-mambe-lance-le-1er-salon-international-des-ressources-extractives-et-energetiques-lundi","title":{"rendered":"Beugr\u00e9 Mamb\u00e9 lance le 1er Salon International des Ressources Extractives et Energ\u00e9tiques lundi"},"content":{"rendered":"<p><span style=\"color: #ff6600\"><strong>Africa-Press &#8211; C\u00f4te d&rsquo;Ivoire. <\/strong><\/span>Le 1er Salon International des Ressources Extractives et E\u0301nerge\u0301tiques (SIREXE), initie\u0301 par le Ministe\u0300re des Mines, du Pe\u0301trole et de l&rsquo;E\u0301nergie (MMPE), sera officiellement lance\u0301, le 1er juillet prochain au Sofitel ho\u0302tel Ivoire d&rsquo;Abidjan Cocody. L&rsquo;information a e\u0301te\u0301 livre\u0301e a\u0300 la presse, par ledit ministe\u0300re dirige\u0301 par Mamadou Sangofowa-Coulibaly.<\/p>\n<p>Cette ce\u0301re\u0301monie solennelle de lancement, place\u0301e sous le Haut Parrainage de Monsieur Robert Beugre\u0301 Mambe\u0301, Premier Ministre, Chef du Gouvernement, Ministre des Sports et du Cadre de Vie, sera l\u2019occasion pour le ministre Mamadou Sangafowa-Coulibaly en charge des Mines, du Pe\u0301trole et de l\u2019Energie, de donner les de\u0301tails affe\u0301rents a\u0300 la premie\u0300re e\u0301dition de ce salon axe\u0301 sur le the\u0300me \u00ab\u00a0De\u0301veloppement durable des industries extractives et e\u0301nerge\u0301tiques: Quelles politiques et strategies ? \u00ab\u00a0, qui se de\u0301roulera du 27 novembre au 02 de\u0301cembre 2024, au Parc des Expositions d&rsquo;Abidjan.<\/p>\n<p>Initiative majeure du Ministe\u0300re des Mines, du Pe\u0301trole et de l&rsquo;Energie, le SIREXE s&rsquo;inscrit dans la vision du chef de l&rsquo;E\u0301tat Alassane Ouattara, Pre\u0301sident de la Re\u0301publique de Co\u0302te d\u2019Ivoire, de faire du secteur des ressources mine\u0301rales et de l&rsquo;e\u0301nergie, le moteur d&rsquo;une croissance soutenue et durable de l&rsquo;e\u0301conomie ivoirienne.<\/p>\n<p>Ce salon biennal, qui se tiendra pendant cinq (5) jours, visera a\u0300 encourager les investissements prive\u0301s nationaux et internationaux dans les secteurs des ressources extractives et e\u0301nerge\u0301tiques, tout en cre\u0301ant une plateforme d&rsquo;e\u0301change et de collaboration incontournable pour les acteurs de ces industries, en Afrique et dans le monde.<\/p>\n<p>Il est bon de rappeller que c\u2019est le mercredi 17 avril 2024 que le Conseil des ministres a adopte\u0301 l\u2019institutionnalisation du SIREXE dont le lancement, le lundi prochain, se fera e\u0301galement en pre\u0301sence des membres du Gouvernement, du corps diplomatique, d\u2019organismes internationaux, de partenaires au de\u0301veloppement, de chambres consulaires, de groupements professionnels, d\u2019acteurs des Mines, du Pe\u0301trole et de l\u2019Energie, de structures sous tutelle, de l\u2019administration publique et prive\u0301e, de de\u0301cideurs, de scientifiques, d\u2019e\u0301conomistes, de promoteurs de start-up, d\u2019enseignants, d\u2019e\u0301tudiants, de me\u0301dias, et de bien d&rsquo;autres corps de me\u0301tiers.<\/p>\n<p><strong>Pour plus d&rsquo;informations et d&rsquo;analyses sur la C\u00f4te d&rsquo;Ivoire, suivez Africa-Press<\/strong><\/p>\n","protected":false},"excerpt":{"rendered":"<p>Africa-Press &#8211; C\u00f4te d&rsquo;Ivoire. Le 1er Salon International des Ressources Extractives et E\u0301nerge\u0301tiques (SIREXE), initie\u0301 par le Ministe\u0300re des Mines, du Pe\u0301trole et de l&rsquo;E\u0301nergie (MMPE), sera officiellement lance\u0301, le 1er juillet prochain au Sofitel ho\u0302tel Ivoire d&rsquo;Abidjan Cocody. L&rsquo;information a e\u0301te\u0301 livre\u0301e a\u0300 la presse, par ledit ministe\u0300re dirige\u0301 par Mamadou Sangofowa-Coulibaly. Cette ce\u0301re\u0301monie [&hellip;]<\/p>\n","protected":false},"author":82,"featured_media":83009,"comment_status":"open","ping_status":"closed","sticky":false,"template":"","format":"standard","meta":{"footnotes":""},"categories":[3,10],"tags":[14006,2342,29,8005,13164,14005,13928],"class_list":["post-83011","post","type-post","status-publish","format-standard","has-post-thumbnail","hentry","category-economie","category-toutes-les-actualites","tag-1er-juillet","tag-ceremonie","tag-cote-divoire","tag-lancement","tag-novembre","tag-ouverture-du-sirexe","tag-sirexe"],"yoast_head":"<!-- This site is optimized with the Yoast SEO Premium plugin v26.1 (Yoast SEO v27.0) - https:\/\/yoast.com\/product\/yoast-seo-premium-wordpress\/ -->\n<title>Beugr\u00e9 Mamb\u00e9 lance le 1er Salon International des Ressources Extractives et Energ\u00e9tiques lundi - C\u00f4te d&#039;Ivoire<\/title>\n<meta name=\"description\" content=\"Le 1er Salon International des Ressources Extractives et E\u0301nerge\u0301tiques (SIREXE), initie\u0301 par le Ministe\u0300re des Mines, d ...\" \/>\n<meta name=\"robots\" content=\"index, follow, max-snippet:-1, max-image-preview:large, max-video-preview:-1\" \/>\n<link rel=\"canonical\" href=\"https:\/\/www.africa-press.net\/cotedivoire\/economie\/beugre-mambe-lance-le-1er-salon-international-des-ressources-extractives-et-energetiques-lundi\" \/>\n<meta property=\"og:locale\" content=\"fr_FR\" \/>\n<meta property=\"og:type\" content=\"article\" \/>\n<meta property=\"og:title\" content=\"Beugr\u00e9 Mamb\u00e9 lance le 1er Salon International des Ressources Extractives et Energ\u00e9tiques lundi\" \/>\n<meta property=\"og:description\" content=\"Le 1er Salon International des Ressources Extractives et E\u0301nerge\u0301tiques (SIREXE), initie\u0301 par le Ministe\u0300re des Mines, d ...\" \/>\n<meta property=\"og:url\" content=\"https:\/\/www.africa-press.net\/cotedivoire\/economie\/beugre-mambe-lance-le-1er-salon-international-des-ressources-extractives-et-energetiques-lundi\" \/>\n<meta property=\"og:site_name\" content=\"C\u00f4te d&#039;Ivoire\" \/>\n<meta property=\"article:published_time\" content=\"2024-07-01T13:44:21+00:00\" \/>\n<meta property=\"article:modified_time\" content=\"2024-07-01T14:02:24+00:00\" \/>\n<meta property=\"og:image\" content=\"https:\/\/static.africa-press.net\/cote\/sites\/43\/2024\/07\/sm_1719829925.366354.jpg\" \/>\n\t<meta property=\"og:image:width\" content=\"720\" \/>\n\t<meta property=\"og:image:height\" content=\"480\" \/>\n\t<meta property=\"og:image:type\" content=\"image\/jpeg\" \/>\n<meta name=\"author\" content=\"cfeditorfr\" \/>\n<meta name=\"twitter:card\" content=\"summary_large_image\" \/>\n<meta name=\"twitter:label1\" content=\"\u00c9crit par\" \/>\n\t<meta name=\"twitter:data1\" content=\"cfeditorfr\" \/>\n\t<meta name=\"twitter:label2\" content=\"Dur\u00e9e de lecture estim\u00e9e\" \/>\n\t<meta name=\"twitter:data2\" content=\"2 minutes\" \/>\n<script type=\"application\/ld+json\" class=\"yoast-schema-graph\">{\"@context\":\"https:\/\/schema.org\",\"@graph\":[{\"@type\":\"Article\",\"@id\":\"https:\/\/www.africa-press.net\/cotedivoire\/economie\/beugre-mambe-lance-le-1er-salon-international-des-ressources-extractives-et-energetiques-lundi#article\",\"isPartOf\":{\"@id\":\"https:\/\/www.africa-press.net\/cotedivoire\/economie\/beugre-mambe-lance-le-1er-salon-international-des-ressources-extractives-et-energetiques-lundi\"},\"author\":{\"name\":\"cfeditorfr\",\"@id\":\"https:\/\/www.africa-press.net\/cotedivoire\/#\/schema\/person\/2b1cf3cd81a31e3cd26889ca66d677f1\"},\"headline\":\"Beugr\u00e9 Mamb\u00e9 lance le 1er Salon International des Ressources Extractives et Energ\u00e9tiques lundi\",\"datePublished\":\"2024-07-01T13:44:21+00:00\",\"dateModified\":\"2024-07-01T14:02:24+00:00\",\"mainEntityOfPage\":{\"@id\":\"https:\/\/www.africa-press.net\/cotedivoire\/economie\/beugre-mambe-lance-le-1er-salon-international-des-ressources-extractives-et-energetiques-lundi\"},\"wordCount\":423,\"commentCount\":0,\"image\":{\"@id\":\"https:\/\/www.africa-press.net\/cotedivoire\/economie\/beugre-mambe-lance-le-1er-salon-international-des-ressources-extractives-et-energetiques-lundi#primaryimage\"},\"thumbnailUrl\":\"https:\/\/static.africa-press.net\/cote\/sites\/43\/2024\/07\/sm_1719829925.366354.jpg\",\"keywords\":[\"1er juillet\",\"C\u00e9r\u00e9monie\",\"C\u00d4TE D'IVOIRE\",\"lancement\",\"novembre\",\"ouverture du SIREXE\",\"SIREXE\"],\"articleSection\":[\"\u00c9conomie\",\"Toutes les actualit\u00e9s\"],\"inLanguage\":\"fr-FR\",\"potentialAction\":[{\"@type\":\"CommentAction\",\"name\":\"Comment\",\"target\":[\"https:\/\/www.africa-press.net\/cotedivoire\/economie\/beugre-mambe-lance-le-1er-salon-international-des-ressources-extractives-et-energetiques-lundi#respond\"]}]},{\"@type\":\"WebPage\",\"@id\":\"https:\/\/www.africa-press.net\/cotedivoire\/economie\/beugre-mambe-lance-le-1er-salon-international-des-ressources-extractives-et-energetiques-lundi\",\"url\":\"https:\/\/www.africa-press.net\/cotedivoire\/economie\/beugre-mambe-lance-le-1er-salon-international-des-ressources-extractives-et-energetiques-lundi\",\"name\":\"Beugr\u00e9 Mamb\u00e9 lance le 1er Salon International des Ressources Extractives et Energ\u00e9tiques lundi - C\u00f4te d&#039;Ivoire\",\"isPartOf\":{\"@id\":\"https:\/\/www.africa-press.net\/cotedivoire\/#website\"},\"primaryImageOfPage\":{\"@id\":\"https:\/\/www.africa-press.net\/cotedivoire\/economie\/beugre-mambe-lance-le-1er-salon-international-des-ressources-extractives-et-energetiques-lundi#primaryimage\"},\"image\":{\"@id\":\"https:\/\/www.africa-press.net\/cotedivoire\/economie\/beugre-mambe-lance-le-1er-salon-international-des-ressources-extractives-et-energetiques-lundi#primaryimage\"},\"thumbnailUrl\":\"https:\/\/static.africa-press.net\/cote\/sites\/43\/2024\/07\/sm_1719829925.366354.jpg\",\"datePublished\":\"2024-07-01T13:44:21+00:00\",\"dateModified\":\"2024-07-01T14:02:24+00:00\",\"author\":{\"@id\":\"https:\/\/www.africa-press.net\/cotedivoire\/#\/schema\/person\/2b1cf3cd81a31e3cd26889ca66d677f1\"},\"description\":\"Le 1er Salon International des Ressources Extractives et E\u0301nerge\u0301tiques (SIREXE), initie\u0301 par le Ministe\u0300re des Mines, d ...\",\"breadcrumb\":{\"@id\":\"https:\/\/www.africa-press.net\/cotedivoire\/economie\/beugre-mambe-lance-le-1er-salon-international-des-ressources-extractives-et-energetiques-lundi#breadcrumb\"},\"inLanguage\":\"fr-FR\",\"potentialAction\":[{\"@type\":\"ReadAction\",\"target\":[\"https:\/\/www.africa-press.net\/cotedivoire\/economie\/beugre-mambe-lance-le-1er-salon-international-des-ressources-extractives-et-energetiques-lundi\"]}]},{\"@type\":\"ImageObject\",\"inLanguage\":\"fr-FR\",\"@id\":\"https:\/\/www.africa-press.net\/cotedivoire\/economie\/beugre-mambe-lance-le-1er-salon-international-des-ressources-extractives-et-energetiques-lundi#primaryimage\",\"url\":\"https:\/\/static.africa-press.net\/cote\/sites\/43\/2024\/07\/sm_1719829925.366354.jpg\",\"contentUrl\":\"https:\/\/static.africa-press.net\/cote\/sites\/43\/2024\/07\/sm_1719829925.366354.jpg\",\"width\":720,\"height\":480,\"caption\":\"Beugr\u00e9 Mamb\u00e9 lance le 1er Salon International des Ressources Extractives et Energ\u00e9tiques lundi\"},{\"@type\":\"BreadcrumbList\",\"@id\":\"https:\/\/www.africa-press.net\/cotedivoire\/economie\/beugre-mambe-lance-le-1er-salon-international-des-ressources-extractives-et-energetiques-lundi#breadcrumb\",\"itemListElement\":[{\"@type\":\"ListItem\",\"position\":1,\"name\":\"Accueil\",\"item\":\"https:\/\/www.africa-press.net\/cotedivoire\/\"},{\"@type\":\"ListItem\",\"position\":2,\"name\":\"Beugr\u00e9 Mamb\u00e9 lance le 1er Salon International des Ressources Extractives et Energ\u00e9tiques lundi\"}]},{\"@type\":\"WebSite\",\"@id\":\"https:\/\/www.africa-press.net\/cotedivoire\/#website\",\"url\":\"https:\/\/www.africa-press.net\/cotedivoire\/\",\"name\":\"C\u00f4te d&#039;Ivoire\",\"description\":\"Just another Africa News Agency Sites site\",\"potentialAction\":[{\"@type\":\"SearchAction\",\"target\":{\"@type\":\"EntryPoint\",\"urlTemplate\":\"https:\/\/www.africa-press.net\/cotedivoire\/?s={search_term_string}\"},\"query-input\":{\"@type\":\"PropertyValueSpecification\",\"valueRequired\":true,\"valueName\":\"search_term_string\"}}],\"inLanguage\":\"fr-FR\"},{\"@type\":\"Person\",\"@id\":\"https:\/\/www.africa-press.net\/cotedivoire\/#\/schema\/person\/2b1cf3cd81a31e3cd26889ca66d677f1\",\"name\":\"cfeditorfr\"}]}<\/script>\n<!-- \/ Yoast SEO Premium plugin. -->","yoast_head_json":{"title":"Beugr\u00e9 Mamb\u00e9 lance le 1er Salon International des Ressources Extractives et Energ\u00e9tiques lundi - C\u00f4te d&#039;Ivoire","description":"Le 1er Salon International des Ressources Extractives et E\u0301nerge\u0301tiques (SIREXE), initie\u0301 par le Ministe\u0300re des Mines, d ...","robots":{"index":"index","follow":"follow","max-snippet":"max-snippet:-1","max-image-preview":"max-image-preview:large","max-video-preview":"max-video-preview:-1"},"canonical":"https:\/\/www.africa-press.net\/cotedivoire\/economie\/beugre-mambe-lance-le-1er-salon-international-des-ressources-extractives-et-energetiques-lundi","og_locale":"fr_FR","og_type":"article","og_title":"Beugr\u00e9 Mamb\u00e9 lance le 1er Salon International des Ressources Extractives et Energ\u00e9tiques lundi","og_description":"Le 1er Salon International des Ressources Extractives et E\u0301nerge\u0301tiques (SIREXE), initie\u0301 par le Ministe\u0300re des Mines, d ...","og_url":"https:\/\/www.africa-press.net\/cotedivoire\/economie\/beugre-mambe-lance-le-1er-salon-international-des-ressources-extractives-et-energetiques-lundi","og_site_name":"C\u00f4te d&#039;Ivoire","article_published_time":"2024-07-01T13:44:21+00:00","article_modified_time":"2024-07-01T14:02:24+00:00","og_image":[{"width":720,"height":480,"url":"https:\/\/static.africa-press.net\/cote\/sites\/43\/2024\/07\/sm_1719829925.366354.jpg","type":"image\/jpeg"}],"author":"cfeditorfr","twitter_card":"summary_large_image","twitter_misc":{"\u00c9crit par":"cfeditorfr","Dur\u00e9e de lecture estim\u00e9e":"2 minutes"},"schema":{"@context":"https:\/\/schema.org","@graph":[{"@type":"Article","@id":"https:\/\/www.africa-press.net\/cotedivoire\/economie\/beugre-mambe-lance-le-1er-salon-international-des-ressources-extractives-et-energetiques-lundi#article","isPartOf":{"@id":"https:\/\/www.africa-press.net\/cotedivoire\/economie\/beugre-mambe-lance-le-1er-salon-international-des-ressources-extractives-et-energetiques-lundi"},"author":{"name":"cfeditorfr","@id":"https:\/\/www.africa-press.net\/cotedivoire\/#\/schema\/person\/2b1cf3cd81a31e3cd26889ca66d677f1"},"headline":"Beugr\u00e9 Mamb\u00e9 lance le 1er Salon International des Ressources Extractives et Energ\u00e9tiques lundi","datePublished":"2024-07-01T13:44:21+00:00","dateModified":"2024-07-01T14:02:24+00:00","mainEntityOfPage":{"@id":"https:\/\/www.africa-press.net\/cotedivoire\/economie\/beugre-mambe-lance-le-1er-salon-international-des-ressources-extractives-et-energetiques-lundi"},"wordCount":423,"commentCount":0,"image":{"@id":"https:\/\/www.africa-press.net\/cotedivoire\/economie\/beugre-mambe-lance-le-1er-salon-international-des-ressources-extractives-et-energetiques-lundi#primaryimage"},"thumbnailUrl":"https:\/\/static.africa-press.net\/cote\/sites\/43\/2024\/07\/sm_1719829925.366354.jpg","keywords":["1er juillet","C\u00e9r\u00e9monie","C\u00d4TE D'IVOIRE","lancement","novembre","ouverture du SIREXE","SIREXE"],"articleSection":["\u00c9conomie","Toutes les actualit\u00e9s"],"inLanguage":"fr-FR","potentialAction":[{"@type":"CommentAction","name":"Comment","target":["https:\/\/www.africa-press.net\/cotedivoire\/economie\/beugre-mambe-lance-le-1er-salon-international-des-ressources-extractives-et-energetiques-lundi#respond"]}]},{"@type":"WebPage","@id":"https:\/\/www.africa-press.net\/cotedivoire\/economie\/beugre-mambe-lance-le-1er-salon-international-des-ressources-extractives-et-energetiques-lundi","url":"https:\/\/www.africa-press.net\/cotedivoire\/economie\/beugre-mambe-lance-le-1er-salon-international-des-ressources-extractives-et-energetiques-lundi","name":"Beugr\u00e9 Mamb\u00e9 lance le 1er Salon International des Ressources Extractives et Energ\u00e9tiques lundi - C\u00f4te d&#039;Ivoire","isPartOf":{"@id":"https:\/\/www.africa-press.net\/cotedivoire\/#website"},"primaryImageOfPage":{"@id":"https:\/\/www.africa-press.net\/cotedivoire\/economie\/beugre-mambe-lance-le-1er-salon-international-des-ressources-extractives-et-energetiques-lundi#primaryimage"},"image":{"@id":"https:\/\/www.africa-press.net\/cotedivoire\/economie\/beugre-mambe-lance-le-1er-salon-international-des-ressources-extractives-et-energetiques-lundi#primaryimage"},"thumbnailUrl":"https:\/\/static.africa-press.net\/cote\/sites\/43\/2024\/07\/sm_1719829925.366354.jpg","datePublished":"2024-07-01T13:44:21+00:00","dateModified":"2024-07-01T14:02:24+00:00","author":{"@id":"https:\/\/www.africa-press.net\/cotedivoire\/#\/schema\/person\/2b1cf3cd81a31e3cd26889ca66d677f1"},"description":"Le 1er Salon International des Ressources Extractives et E\u0301nerge\u0301tiques (SIREXE), initie\u0301 par le Ministe\u0300re des Mines, d ...","breadcrumb":{"@id":"https:\/\/www.africa-press.net\/cotedivoire\/economie\/beugre-mambe-lance-le-1er-salon-international-des-ressources-extractives-et-energetiques-lundi#breadcrumb"},"inLanguage":"fr-FR","potentialAction":[{"@type":"ReadAction","target":["https:\/\/www.africa-press.net\/cotedivoire\/economie\/beugre-mambe-lance-le-1er-salon-international-des-ressources-extractives-et-energetiques-lundi"]}]},{"@type":"ImageObject","inLanguage":"fr-FR","@id":"https:\/\/www.africa-press.net\/cotedivoire\/economie\/beugre-mambe-lance-le-1er-salon-international-des-ressources-extractives-et-energetiques-lundi#primaryimage","url":"https:\/\/static.africa-press.net\/cote\/sites\/43\/2024\/07\/sm_1719829925.366354.jpg","contentUrl":"https:\/\/static.africa-press.net\/cote\/sites\/43\/2024\/07\/sm_1719829925.366354.jpg","width":720,"height":480,"caption":"Beugr\u00e9 Mamb\u00e9 lance le 1er Salon International des Ressources Extractives et Energ\u00e9tiques lundi"},{"@type":"BreadcrumbList","@id":"https:\/\/www.africa-press.net\/cotedivoire\/economie\/beugre-mambe-lance-le-1er-salon-international-des-ressources-extractives-et-energetiques-lundi#breadcrumb","itemListElement":[{"@type":"ListItem","position":1,"name":"Accueil","item":"https:\/\/www.africa-press.net\/cotedivoire\/"},{"@type":"ListItem","position":2,"name":"Beugr\u00e9 Mamb\u00e9 lance le 1er Salon International des Ressources Extractives et Energ\u00e9tiques lundi"}]},{"@type":"WebSite","@id":"https:\/\/www.africa-press.net\/cotedivoire\/#website","url":"https:\/\/www.africa-press.net\/cotedivoire\/","name":"C\u00f4te d&#039;Ivoire","description":"Just another Africa News Agency Sites site","potentialAction":[{"@type":"SearchAction","target":{"@type":"EntryPoint","urlTemplate":"https:\/\/www.africa-press.net\/cotedivoire\/?s={search_term_string}"},"query-input":{"@type":"PropertyValueSpecification","valueRequired":true,"valueName":"search_term_string"}}],"inLanguage":"fr-FR"},{"@type":"Person","@id":"https:\/\/www.africa-press.net\/cotedivoire\/#\/schema\/person\/2b1cf3cd81a31e3cd26889ca66d677f1","name":"cfeditorfr"}]}},"_links":{"self":[{"href":"https:\/\/www.africa-press.net\/cotedivoire\/wp-json\/wp\/v2\/posts\/83011","targetHints":{"allow":["GET"]}}],"collection":[{"href":"https:\/\/www.africa-press.net\/cotedivoire\/wp-json\/wp\/v2\/posts"}],"about":[{"href":"https:\/\/www.africa-press.net\/cotedivoire\/wp-json\/wp\/v2\/types\/post"}],"author":[{"embeddable":true,"href":"https:\/\/www.africa-press.net\/cotedivoire\/wp-json\/wp\/v2\/users\/82"}],"replies":[{"embeddable":true,"href":"https:\/\/www.africa-press.net\/cotedivoire\/wp-json\/wp\/v2\/comments?post=83011"}],"version-history":[{"count":0,"href":"https:\/\/www.africa-press.net\/cotedivoire\/wp-json\/wp\/v2\/posts\/83011\/revisions"}],"wp:featuredmedia":[{"embeddable":true,"href":"https:\/\/www.africa-press.net\/cotedivoire\/wp-json\/wp\/v2\/media\/83009"}],"wp:attachment":[{"href":"https:\/\/www.africa-press.net\/cotedivoire\/wp-json\/wp\/v2\/media?parent=83011"}],"wp:term":[{"taxonomy":"category","embeddable":true,"href":"https:\/\/www.africa-press.net\/cotedivoire\/wp-json\/wp\/v2\/categories?post=83011"},{"taxonomy":"post_tag","embeddable":true,"href":"https:\/\/www.africa-press.net\/cotedivoire\/wp-json\/wp\/v2\/tags?post=83011"}],"curies":[{"name":"wp","href":"https:\/\/api.w.org\/{rel}","templated":true}]}}