{"id":8304,"date":"2021-05-28T14:27:26","date_gmt":"2021-05-28T14:27:26","guid":{"rendered":"https:\/\/www.africa-press.net\/cotedivoire\/?p=8304"},"modified":"2021-05-28T14:27:38","modified_gmt":"2021-05-28T14:27:38","slug":"reponse-du-rhdp-au-fpi-ce-nest-pas-le-moment-dorganiser-des-ceremonies-grandioses-daccueil-de-gbagbo-en-cote-divoire-bictogo","status":"publish","type":"post","link":"https:\/\/www.africa-press.net\/cotedivoire\/politique\/reponse-du-rhdp-au-fpi-ce-nest-pas-le-moment-dorganiser-des-ceremonies-grandioses-daccueil-de-gbagbo-en-cote-divoire-bictogo","title":{"rendered":"R\u00e9ponse du RHDP au FPI: \u00ab\u00a0Ce n\u2019est pas le moment d\u2019organiser des c\u00e9r\u00e9monies\u00a0\u00bb grandioses d\u2019accueil de Gbagbo en C\u00f4te-d\u2019Ivoire (Bictogo)"},"content":{"rendered":"<p><span style=\"color: #ff6600\"><strong><a href=\"https:\/\/www.africa-press.net\/\">Africa-Press<\/a> &#8211; <a href=\"https:\/\/www.africa-press.net\/cotedivoire\">C\u00f4te d&rsquo;Ivoire<\/a>.\u00a0 <\/strong><\/span>Le directeur ex\u00e9cutif du Rassemblement des houphou\u00ebtistes pour la d\u00e9mocratie et la paix (RHDP, parti au pouvoir) Adama Bictogo a estim\u00e9 que ce n\u2019\u00e9tait \u00ab pas le moment d\u2019organiser des c\u00e9r\u00e9monies d\u2019accueil \u00bb de l\u2019ex-Pr\u00e9sident Laurent Gbagbo, apr\u00e8s une r\u00e9union.<\/p>\n<p><b>\u00ab Je voudrais que tous ceux qui s\u2019agitent comprennent que ce n\u2019est pas le moment de vouloir organiser des c\u00e9r\u00e9monies d\u2019accueil sinon vous aurez aussi en face des gens qui vont organiser des c\u00e9r\u00e9monies de deuils \u00bb<\/b><\/p>\n<p>, a d\u00e9clar\u00e9 M. Bictogo, face \u00e0 la presse.<\/p>\n<p>\u00ab Nous n\u2019en faisons pas un \u00e9v\u00e9nement. Nous consid\u00e9rons que le pr\u00e9sident Laurent Gbagbo rentre chez lui, comme chaque Ivoirien rentre chez lui, comme le pr\u00e9sident Alassane est rentr\u00e9 chez lui en 2003, dans le respect de tous les Ivoiriens, et dans le respect des \u00e9v\u00e8nements que nous avons v\u00e9cus \u00bb, a-t-il ajout\u00e9.<\/p>\n<p>Gbagbo \u00ab est libre de renter, \u00bb mais \u00ab en tenant compte des victimes \u00bb, a recommand\u00e9 Adama Bictogo.<\/p>\n<p>Le 31 mars, la Chambre d\u2019appel de la CPI a confirm\u00e9 l\u2019acquittement, prononc\u00e9 en premi\u00e8re instance, en janvier 2019, en faveur de Laurent Gbagbo et de son ancien ministre de la Jeunesse Charles Bl\u00e9 Goud\u00e9.<\/p>\n<p>&nbsp;<\/p>\n","protected":false},"excerpt":{"rendered":"<p>Africa-Press &#8211; C\u00f4te d&rsquo;Ivoire.\u00a0 Le directeur ex\u00e9cutif du Rassemblement des houphou\u00ebtistes pour la d\u00e9mocratie et la paix (RHDP, parti au pouvoir) Adama Bictogo a estim\u00e9 que ce n\u2019\u00e9tait \u00ab pas le moment d\u2019organiser des c\u00e9r\u00e9monies d\u2019accueil \u00bb de l\u2019ex-Pr\u00e9sident Laurent Gbagbo, apr\u00e8s une r\u00e9union. \u00ab Je voudrais que tous ceux qui s\u2019agitent comprennent que ce [&hellip;]<\/p>\n","protected":false},"author":82,"featured_media":8303,"comment_status":"open","ping_status":"closed","sticky":false,"template":"","format":"standard","meta":{"footnotes":""},"categories":[11,2,20,10],"tags":[56,63,29],"class_list":["post-8304","post","type-post","status-publish","format-standard","has-post-thumbnail","hentry","category-homepage-french","category-politique","category-top-nouvelles","category-toutes-les-actualites","tag-africa-press","tag-africa-press-cote-divoire","tag-cote-divoire"],"yoast_head":"<!-- This site is optimized with the Yoast SEO Premium plugin v26.1 (Yoast SEO v27.0) - https:\/\/yoast.com\/product\/yoast-seo-premium-wordpress\/ -->\n<title>R\u00e9ponse du RHDP au FPI: \u00ab\u00a0Ce n\u2019est pas le moment d\u2019organiser des c\u00e9r\u00e9monies\u00a0\u00bb grandioses d\u2019accueil de Gbagbo en C\u00f4te-d\u2019Ivoire (Bictogo) - C\u00f4te d&#039;Ivoire<\/title>\n<meta name=\"description\" content=\"Edwige FIENDELe directeur ex\u00e9cutif du Rassemblement des houphou\u00ebtistes pour la d\u00e9mocratie et la paix (RHDP, parti au po ...\" \/>\n<meta name=\"robots\" content=\"index, follow, max-snippet:-1, max-image-preview:large, max-video-preview:-1\" \/>\n<link rel=\"canonical\" href=\"https:\/\/www.africa-press.net\/cotedivoire\/politique\/reponse-du-rhdp-au-fpi-ce-nest-pas-le-moment-dorganiser-des-ceremonies-grandioses-daccueil-de-gbagbo-en-cote-divoire-bictogo\" \/>\n<meta property=\"og:locale\" content=\"fr_FR\" \/>\n<meta property=\"og:type\" content=\"article\" \/>\n<meta property=\"og:title\" content=\"R\u00e9ponse du RHDP au FPI: \u00ab\u00a0Ce n\u2019est pas le moment d\u2019organiser des c\u00e9r\u00e9monies\u00a0\u00bb grandioses d\u2019accueil de Gbagbo en C\u00f4te-d\u2019Ivoire (Bictogo)\" \/>\n<meta property=\"og:description\" content=\"Edwige FIENDELe directeur ex\u00e9cutif du Rassemblement des houphou\u00ebtistes pour la d\u00e9mocratie et la paix (RHDP, parti au po ...\" \/>\n<meta property=\"og:url\" content=\"https:\/\/www.africa-press.net\/cotedivoire\/politique\/reponse-du-rhdp-au-fpi-ce-nest-pas-le-moment-dorganiser-des-ceremonies-grandioses-daccueil-de-gbagbo-en-cote-divoire-bictogo\" \/>\n<meta property=\"og:site_name\" content=\"C\u00f4te d&#039;Ivoire\" \/>\n<meta property=\"article:published_time\" content=\"2021-05-28T14:27:26+00:00\" \/>\n<meta property=\"article:modified_time\" content=\"2021-05-28T14:27:38+00:00\" \/>\n<meta property=\"og:image\" content=\"https:\/\/static.africa-press.net\/cote\/sites\/43\/2021\/05\/img-60b0f6b993028.jpg\" \/>\n\t<meta property=\"og:image:width\" content=\"1080\" \/>\n\t<meta property=\"og:image:height\" content=\"720\" \/>\n\t<meta property=\"og:image:type\" content=\"image\/jpeg\" \/>\n<meta name=\"author\" content=\"cfeditorfr\" \/>\n<meta name=\"twitter:card\" content=\"summary_large_image\" \/>\n<meta name=\"twitter:label1\" content=\"\u00c9crit par\" \/>\n\t<meta name=\"twitter:data1\" content=\"cfeditorfr\" \/>\n\t<meta name=\"twitter:label2\" content=\"Dur\u00e9e de lecture estim\u00e9e\" \/>\n\t<meta name=\"twitter:data2\" content=\"1 minute\" \/>\n<script type=\"application\/ld+json\" class=\"yoast-schema-graph\">{\"@context\":\"https:\/\/schema.org\",\"@graph\":[{\"@type\":\"Article\",\"@id\":\"https:\/\/www.africa-press.net\/cotedivoire\/politique\/reponse-du-rhdp-au-fpi-ce-nest-pas-le-moment-dorganiser-des-ceremonies-grandioses-daccueil-de-gbagbo-en-cote-divoire-bictogo#article\",\"isPartOf\":{\"@id\":\"https:\/\/www.africa-press.net\/cotedivoire\/politique\/reponse-du-rhdp-au-fpi-ce-nest-pas-le-moment-dorganiser-des-ceremonies-grandioses-daccueil-de-gbagbo-en-cote-divoire-bictogo\"},\"author\":{\"name\":\"cfeditorfr\",\"@id\":\"https:\/\/www.africa-press.net\/cotedivoire\/#\/schema\/person\/2b1cf3cd81a31e3cd26889ca66d677f1\"},\"headline\":\"R\u00e9ponse du RHDP au FPI: \u00ab\u00a0Ce n\u2019est pas le moment d\u2019organiser des c\u00e9r\u00e9monies\u00a0\u00bb grandioses d\u2019accueil de Gbagbo en C\u00f4te-d\u2019Ivoire (Bictogo)\",\"datePublished\":\"2021-05-28T14:27:26+00:00\",\"dateModified\":\"2021-05-28T14:27:38+00:00\",\"mainEntityOfPage\":{\"@id\":\"https:\/\/www.africa-press.net\/cotedivoire\/politique\/reponse-du-rhdp-au-fpi-ce-nest-pas-le-moment-dorganiser-des-ceremonies-grandioses-daccueil-de-gbagbo-en-cote-divoire-bictogo\"},\"wordCount\":243,\"commentCount\":0,\"image\":{\"@id\":\"https:\/\/www.africa-press.net\/cotedivoire\/politique\/reponse-du-rhdp-au-fpi-ce-nest-pas-le-moment-dorganiser-des-ceremonies-grandioses-daccueil-de-gbagbo-en-cote-divoire-bictogo#primaryimage\"},\"thumbnailUrl\":\"https:\/\/static.africa-press.net\/cote\/sites\/43\/2021\/05\/img-60b0f6b993028.jpg\",\"keywords\":[\"Africa Press\",\"Africa Press-C\u00f4te d'Ivoire\",\"C\u00d4TE D'IVOIRE\"],\"articleSection\":[\"homepage-french\",\"Politique\",\"Top Nouvelles\",\"Toutes les actualit\u00e9s\"],\"inLanguage\":\"fr-FR\",\"potentialAction\":[{\"@type\":\"CommentAction\",\"name\":\"Comment\",\"target\":[\"https:\/\/www.africa-press.net\/cotedivoire\/politique\/reponse-du-rhdp-au-fpi-ce-nest-pas-le-moment-dorganiser-des-ceremonies-grandioses-daccueil-de-gbagbo-en-cote-divoire-bictogo#respond\"]}]},{\"@type\":\"WebPage\",\"@id\":\"https:\/\/www.africa-press.net\/cotedivoire\/politique\/reponse-du-rhdp-au-fpi-ce-nest-pas-le-moment-dorganiser-des-ceremonies-grandioses-daccueil-de-gbagbo-en-cote-divoire-bictogo\",\"url\":\"https:\/\/www.africa-press.net\/cotedivoire\/politique\/reponse-du-rhdp-au-fpi-ce-nest-pas-le-moment-dorganiser-des-ceremonies-grandioses-daccueil-de-gbagbo-en-cote-divoire-bictogo\",\"name\":\"R\u00e9ponse du RHDP au FPI: \u00ab\u00a0Ce n\u2019est pas le moment d\u2019organiser des c\u00e9r\u00e9monies\u00a0\u00bb grandioses d\u2019accueil de Gbagbo en C\u00f4te-d\u2019Ivoire (Bictogo) - C\u00f4te d&#039;Ivoire\",\"isPartOf\":{\"@id\":\"https:\/\/www.africa-press.net\/cotedivoire\/#website\"},\"primaryImageOfPage\":{\"@id\":\"https:\/\/www.africa-press.net\/cotedivoire\/politique\/reponse-du-rhdp-au-fpi-ce-nest-pas-le-moment-dorganiser-des-ceremonies-grandioses-daccueil-de-gbagbo-en-cote-divoire-bictogo#primaryimage\"},\"image\":{\"@id\":\"https:\/\/www.africa-press.net\/cotedivoire\/politique\/reponse-du-rhdp-au-fpi-ce-nest-pas-le-moment-dorganiser-des-ceremonies-grandioses-daccueil-de-gbagbo-en-cote-divoire-bictogo#primaryimage\"},\"thumbnailUrl\":\"https:\/\/static.africa-press.net\/cote\/sites\/43\/2021\/05\/img-60b0f6b993028.jpg\",\"datePublished\":\"2021-05-28T14:27:26+00:00\",\"dateModified\":\"2021-05-28T14:27:38+00:00\",\"author\":{\"@id\":\"https:\/\/www.africa-press.net\/cotedivoire\/#\/schema\/person\/2b1cf3cd81a31e3cd26889ca66d677f1\"},\"description\":\"Edwige FIENDELe directeur ex\u00e9cutif du Rassemblement des houphou\u00ebtistes pour la d\u00e9mocratie et la paix (RHDP, parti au po ...\",\"breadcrumb\":{\"@id\":\"https:\/\/www.africa-press.net\/cotedivoire\/politique\/reponse-du-rhdp-au-fpi-ce-nest-pas-le-moment-dorganiser-des-ceremonies-grandioses-daccueil-de-gbagbo-en-cote-divoire-bictogo#breadcrumb\"},\"inLanguage\":\"fr-FR\",\"potentialAction\":[{\"@type\":\"ReadAction\",\"target\":[\"https:\/\/www.africa-press.net\/cotedivoire\/politique\/reponse-du-rhdp-au-fpi-ce-nest-pas-le-moment-dorganiser-des-ceremonies-grandioses-daccueil-de-gbagbo-en-cote-divoire-bictogo\"]}]},{\"@type\":\"ImageObject\",\"inLanguage\":\"fr-FR\",\"@id\":\"https:\/\/www.africa-press.net\/cotedivoire\/politique\/reponse-du-rhdp-au-fpi-ce-nest-pas-le-moment-dorganiser-des-ceremonies-grandioses-daccueil-de-gbagbo-en-cote-divoire-bictogo#primaryimage\",\"url\":\"https:\/\/static.africa-press.net\/cote\/sites\/43\/2021\/05\/img-60b0f6b993028.jpg\",\"contentUrl\":\"https:\/\/static.africa-press.net\/cote\/sites\/43\/2021\/05\/img-60b0f6b993028.jpg\",\"width\":1080,\"height\":720,\"caption\":\"R\u00e9ponse du RHDP au FPI: \u00ab\u00a0Ce n\u2019est pas le moment d\u2019organiser des c\u00e9r\u00e9monies\u00a0\u00bb grandioses d\u2019accueil de Gbagbo en C\u00f4te-d\u2019Ivoire (Bictogo)\"},{\"@type\":\"BreadcrumbList\",\"@id\":\"https:\/\/www.africa-press.net\/cotedivoire\/politique\/reponse-du-rhdp-au-fpi-ce-nest-pas-le-moment-dorganiser-des-ceremonies-grandioses-daccueil-de-gbagbo-en-cote-divoire-bictogo#breadcrumb\",\"itemListElement\":[{\"@type\":\"ListItem\",\"position\":1,\"name\":\"Accueil\",\"item\":\"https:\/\/www.africa-press.net\/cotedivoire\/\"},{\"@type\":\"ListItem\",\"position\":2,\"name\":\"R\u00e9ponse du RHDP au FPI: \u00ab\u00a0Ce n\u2019est pas le moment d\u2019organiser des c\u00e9r\u00e9monies\u00a0\u00bb grandioses d\u2019accueil de Gbagbo en C\u00f4te-d\u2019Ivoire (Bictogo)\"}]},{\"@type\":\"WebSite\",\"@id\":\"https:\/\/www.africa-press.net\/cotedivoire\/#website\",\"url\":\"https:\/\/www.africa-press.net\/cotedivoire\/\",\"name\":\"C\u00f4te d&#039;Ivoire\",\"description\":\"Just another Africa News Agency Sites site\",\"potentialAction\":[{\"@type\":\"SearchAction\",\"target\":{\"@type\":\"EntryPoint\",\"urlTemplate\":\"https:\/\/www.africa-press.net\/cotedivoire\/?s={search_term_string}\"},\"query-input\":{\"@type\":\"PropertyValueSpecification\",\"valueRequired\":true,\"valueName\":\"search_term_string\"}}],\"inLanguage\":\"fr-FR\"},{\"@type\":\"Person\",\"@id\":\"https:\/\/www.africa-press.net\/cotedivoire\/#\/schema\/person\/2b1cf3cd81a31e3cd26889ca66d677f1\",\"name\":\"cfeditorfr\"}]}<\/script>\n<!-- \/ Yoast SEO Premium plugin. -->","yoast_head_json":{"title":"R\u00e9ponse du RHDP au FPI: \u00ab\u00a0Ce n\u2019est pas le moment d\u2019organiser des c\u00e9r\u00e9monies\u00a0\u00bb grandioses d\u2019accueil de Gbagbo en C\u00f4te-d\u2019Ivoire (Bictogo) - C\u00f4te d&#039;Ivoire","description":"Edwige FIENDELe directeur ex\u00e9cutif du Rassemblement des houphou\u00ebtistes pour la d\u00e9mocratie et la paix (RHDP, parti au po ...","robots":{"index":"index","follow":"follow","max-snippet":"max-snippet:-1","max-image-preview":"max-image-preview:large","max-video-preview":"max-video-preview:-1"},"canonical":"https:\/\/www.africa-press.net\/cotedivoire\/politique\/reponse-du-rhdp-au-fpi-ce-nest-pas-le-moment-dorganiser-des-ceremonies-grandioses-daccueil-de-gbagbo-en-cote-divoire-bictogo","og_locale":"fr_FR","og_type":"article","og_title":"R\u00e9ponse du RHDP au FPI: \u00ab\u00a0Ce n\u2019est pas le moment d\u2019organiser des c\u00e9r\u00e9monies\u00a0\u00bb grandioses d\u2019accueil de Gbagbo en C\u00f4te-d\u2019Ivoire (Bictogo)","og_description":"Edwige FIENDELe directeur ex\u00e9cutif du Rassemblement des houphou\u00ebtistes pour la d\u00e9mocratie et la paix (RHDP, parti au po ...","og_url":"https:\/\/www.africa-press.net\/cotedivoire\/politique\/reponse-du-rhdp-au-fpi-ce-nest-pas-le-moment-dorganiser-des-ceremonies-grandioses-daccueil-de-gbagbo-en-cote-divoire-bictogo","og_site_name":"C\u00f4te d&#039;Ivoire","article_published_time":"2021-05-28T14:27:26+00:00","article_modified_time":"2021-05-28T14:27:38+00:00","og_image":[{"width":1080,"height":720,"url":"https:\/\/static.africa-press.net\/cote\/sites\/43\/2021\/05\/img-60b0f6b993028.jpg","type":"image\/jpeg"}],"author":"cfeditorfr","twitter_card":"summary_large_image","twitter_misc":{"\u00c9crit par":"cfeditorfr","Dur\u00e9e de lecture estim\u00e9e":"1 minute"},"schema":{"@context":"https:\/\/schema.org","@graph":[{"@type":"Article","@id":"https:\/\/www.africa-press.net\/cotedivoire\/politique\/reponse-du-rhdp-au-fpi-ce-nest-pas-le-moment-dorganiser-des-ceremonies-grandioses-daccueil-de-gbagbo-en-cote-divoire-bictogo#article","isPartOf":{"@id":"https:\/\/www.africa-press.net\/cotedivoire\/politique\/reponse-du-rhdp-au-fpi-ce-nest-pas-le-moment-dorganiser-des-ceremonies-grandioses-daccueil-de-gbagbo-en-cote-divoire-bictogo"},"author":{"name":"cfeditorfr","@id":"https:\/\/www.africa-press.net\/cotedivoire\/#\/schema\/person\/2b1cf3cd81a31e3cd26889ca66d677f1"},"headline":"R\u00e9ponse du RHDP au FPI: \u00ab\u00a0Ce n\u2019est pas le moment d\u2019organiser des c\u00e9r\u00e9monies\u00a0\u00bb grandioses d\u2019accueil de Gbagbo en C\u00f4te-d\u2019Ivoire (Bictogo)","datePublished":"2021-05-28T14:27:26+00:00","dateModified":"2021-05-28T14:27:38+00:00","mainEntityOfPage":{"@id":"https:\/\/www.africa-press.net\/cotedivoire\/politique\/reponse-du-rhdp-au-fpi-ce-nest-pas-le-moment-dorganiser-des-ceremonies-grandioses-daccueil-de-gbagbo-en-cote-divoire-bictogo"},"wordCount":243,"commentCount":0,"image":{"@id":"https:\/\/www.africa-press.net\/cotedivoire\/politique\/reponse-du-rhdp-au-fpi-ce-nest-pas-le-moment-dorganiser-des-ceremonies-grandioses-daccueil-de-gbagbo-en-cote-divoire-bictogo#primaryimage"},"thumbnailUrl":"https:\/\/static.africa-press.net\/cote\/sites\/43\/2021\/05\/img-60b0f6b993028.jpg","keywords":["Africa Press","Africa Press-C\u00f4te d'Ivoire","C\u00d4TE D'IVOIRE"],"articleSection":["homepage-french","Politique","Top Nouvelles","Toutes les actualit\u00e9s"],"inLanguage":"fr-FR","potentialAction":[{"@type":"CommentAction","name":"Comment","target":["https:\/\/www.africa-press.net\/cotedivoire\/politique\/reponse-du-rhdp-au-fpi-ce-nest-pas-le-moment-dorganiser-des-ceremonies-grandioses-daccueil-de-gbagbo-en-cote-divoire-bictogo#respond"]}]},{"@type":"WebPage","@id":"https:\/\/www.africa-press.net\/cotedivoire\/politique\/reponse-du-rhdp-au-fpi-ce-nest-pas-le-moment-dorganiser-des-ceremonies-grandioses-daccueil-de-gbagbo-en-cote-divoire-bictogo","url":"https:\/\/www.africa-press.net\/cotedivoire\/politique\/reponse-du-rhdp-au-fpi-ce-nest-pas-le-moment-dorganiser-des-ceremonies-grandioses-daccueil-de-gbagbo-en-cote-divoire-bictogo","name":"R\u00e9ponse du RHDP au FPI: \u00ab\u00a0Ce n\u2019est pas le moment d\u2019organiser des c\u00e9r\u00e9monies\u00a0\u00bb grandioses d\u2019accueil de Gbagbo en C\u00f4te-d\u2019Ivoire (Bictogo) - C\u00f4te d&#039;Ivoire","isPartOf":{"@id":"https:\/\/www.africa-press.net\/cotedivoire\/#website"},"primaryImageOfPage":{"@id":"https:\/\/www.africa-press.net\/cotedivoire\/politique\/reponse-du-rhdp-au-fpi-ce-nest-pas-le-moment-dorganiser-des-ceremonies-grandioses-daccueil-de-gbagbo-en-cote-divoire-bictogo#primaryimage"},"image":{"@id":"https:\/\/www.africa-press.net\/cotedivoire\/politique\/reponse-du-rhdp-au-fpi-ce-nest-pas-le-moment-dorganiser-des-ceremonies-grandioses-daccueil-de-gbagbo-en-cote-divoire-bictogo#primaryimage"},"thumbnailUrl":"https:\/\/static.africa-press.net\/cote\/sites\/43\/2021\/05\/img-60b0f6b993028.jpg","datePublished":"2021-05-28T14:27:26+00:00","dateModified":"2021-05-28T14:27:38+00:00","author":{"@id":"https:\/\/www.africa-press.net\/cotedivoire\/#\/schema\/person\/2b1cf3cd81a31e3cd26889ca66d677f1"},"description":"Edwige FIENDELe directeur ex\u00e9cutif du Rassemblement des houphou\u00ebtistes pour la d\u00e9mocratie et la paix (RHDP, parti au po ...","breadcrumb":{"@id":"https:\/\/www.africa-press.net\/cotedivoire\/politique\/reponse-du-rhdp-au-fpi-ce-nest-pas-le-moment-dorganiser-des-ceremonies-grandioses-daccueil-de-gbagbo-en-cote-divoire-bictogo#breadcrumb"},"inLanguage":"fr-FR","potentialAction":[{"@type":"ReadAction","target":["https:\/\/www.africa-press.net\/cotedivoire\/politique\/reponse-du-rhdp-au-fpi-ce-nest-pas-le-moment-dorganiser-des-ceremonies-grandioses-daccueil-de-gbagbo-en-cote-divoire-bictogo"]}]},{"@type":"ImageObject","inLanguage":"fr-FR","@id":"https:\/\/www.africa-press.net\/cotedivoire\/politique\/reponse-du-rhdp-au-fpi-ce-nest-pas-le-moment-dorganiser-des-ceremonies-grandioses-daccueil-de-gbagbo-en-cote-divoire-bictogo#primaryimage","url":"https:\/\/static.africa-press.net\/cote\/sites\/43\/2021\/05\/img-60b0f6b993028.jpg","contentUrl":"https:\/\/static.africa-press.net\/cote\/sites\/43\/2021\/05\/img-60b0f6b993028.jpg","width":1080,"height":720,"caption":"R\u00e9ponse du RHDP au FPI: \u00ab\u00a0Ce n\u2019est pas le moment d\u2019organiser des c\u00e9r\u00e9monies\u00a0\u00bb grandioses d\u2019accueil de Gbagbo en C\u00f4te-d\u2019Ivoire (Bictogo)"},{"@type":"BreadcrumbList","@id":"https:\/\/www.africa-press.net\/cotedivoire\/politique\/reponse-du-rhdp-au-fpi-ce-nest-pas-le-moment-dorganiser-des-ceremonies-grandioses-daccueil-de-gbagbo-en-cote-divoire-bictogo#breadcrumb","itemListElement":[{"@type":"ListItem","position":1,"name":"Accueil","item":"https:\/\/www.africa-press.net\/cotedivoire\/"},{"@type":"ListItem","position":2,"name":"R\u00e9ponse du RHDP au FPI: \u00ab\u00a0Ce n\u2019est pas le moment d\u2019organiser des c\u00e9r\u00e9monies\u00a0\u00bb grandioses d\u2019accueil de Gbagbo en C\u00f4te-d\u2019Ivoire (Bictogo)"}]},{"@type":"WebSite","@id":"https:\/\/www.africa-press.net\/cotedivoire\/#website","url":"https:\/\/www.africa-press.net\/cotedivoire\/","name":"C\u00f4te d&#039;Ivoire","description":"Just another Africa News Agency Sites site","potentialAction":[{"@type":"SearchAction","target":{"@type":"EntryPoint","urlTemplate":"https:\/\/www.africa-press.net\/cotedivoire\/?s={search_term_string}"},"query-input":{"@type":"PropertyValueSpecification","valueRequired":true,"valueName":"search_term_string"}}],"inLanguage":"fr-FR"},{"@type":"Person","@id":"https:\/\/www.africa-press.net\/cotedivoire\/#\/schema\/person\/2b1cf3cd81a31e3cd26889ca66d677f1","name":"cfeditorfr"}]}},"_links":{"self":[{"href":"https:\/\/www.africa-press.net\/cotedivoire\/wp-json\/wp\/v2\/posts\/8304","targetHints":{"allow":["GET"]}}],"collection":[{"href":"https:\/\/www.africa-press.net\/cotedivoire\/wp-json\/wp\/v2\/posts"}],"about":[{"href":"https:\/\/www.africa-press.net\/cotedivoire\/wp-json\/wp\/v2\/types\/post"}],"author":[{"embeddable":true,"href":"https:\/\/www.africa-press.net\/cotedivoire\/wp-json\/wp\/v2\/users\/82"}],"replies":[{"embeddable":true,"href":"https:\/\/www.africa-press.net\/cotedivoire\/wp-json\/wp\/v2\/comments?post=8304"}],"version-history":[{"count":0,"href":"https:\/\/www.africa-press.net\/cotedivoire\/wp-json\/wp\/v2\/posts\/8304\/revisions"}],"wp:featuredmedia":[{"embeddable":true,"href":"https:\/\/www.africa-press.net\/cotedivoire\/wp-json\/wp\/v2\/media\/8303"}],"wp:attachment":[{"href":"https:\/\/www.africa-press.net\/cotedivoire\/wp-json\/wp\/v2\/media?parent=8304"}],"wp:term":[{"taxonomy":"category","embeddable":true,"href":"https:\/\/www.africa-press.net\/cotedivoire\/wp-json\/wp\/v2\/categories?post=8304"},{"taxonomy":"post_tag","embeddable":true,"href":"https:\/\/www.africa-press.net\/cotedivoire\/wp-json\/wp\/v2\/tags?post=8304"}],"curies":[{"name":"wp","href":"https:\/\/api.w.org\/{rel}","templated":true}]}}