{"id":8335,"date":"2021-05-29T12:04:05","date_gmt":"2021-05-29T12:04:05","guid":{"rendered":"https:\/\/www.africa-press.net\/cotedivoire\/?p=8335"},"modified":"2021-05-29T14:34:44","modified_gmt":"2021-05-29T14:34:44","slug":"une-nouvelle-operation-epervier-lancee-contre-la-criminalite-a-abobo-en-cote-divoire","status":"publish","type":"post","link":"https:\/\/www.africa-press.net\/cotedivoire\/toutes-les-actualites\/une-nouvelle-operation-epervier-lancee-contre-la-criminalite-a-abobo-en-cote-divoire","title":{"rendered":"Une nouvelle op\u00e9ration \u00e9pervier lanc\u00e9e contre la criminalit\u00e9 \u00e0 Abobo en C\u00f4te-d\u2019Ivoire"},"content":{"rendered":"<p><span style=\"color: #ff6600\"><strong><a href=\"https:\/\/www.africa-press.net\/\">Africa-Press<\/a> &#8211; <a href=\"https:\/\/www.africa-press.net\/cotedivoire\">C\u00f4te d&rsquo;Ivoire<\/a>. <\/strong><\/span>La Direction g\u00e9n\u00e9rale de la police nationale (Dgpn) a lanc\u00e9 l\u2019op\u00e9ration \u201c\u00e9pervier 6\u2019\u2019 \u00e0 Abobo. La c\u00e9r\u00e9monie officielle s\u2019est tenue au rond-point de la mairie de ladite commune le jeudi 27 mai 2021. Une op\u00e9ration motiv\u00e9e par la recrudescence de la criminalit\u00e9 dans cette zone.<\/p>\n<p>L\u2019\u00e9v\u00e9nement s\u2019est d\u00e9roul\u00e9 en pr\u00e9sence du ministre d\u2019Etat, ministre des Affaires \u00e9trang\u00e8res, de l\u2019Int\u00e9gration africaine et de la Diaspora, par ailleurs maire honoraire d\u2019Abobo, Kandia Camara et du ministre de l\u2019Int\u00e9rieur et de la S\u00e9curit\u00e9, le g\u00e9n\u00e9ral de corps d\u2019arm\u00e9e Vagondo Diomand\u00e9.<\/p>\n<p>Le g\u00e9n\u00e9ral de corps d\u2019arm\u00e9e Vagondo Diomand\u00e9 a d\u2019abord rendu un hommage \u00e0 l\u2019ancien Premier ministre, Hamed Bakayoko, compte tenu de son implication dans la commune d\u2019Abobo. Il a aussi soulign\u00e9 les raisons de cette extension de l\u2019op\u00e9ration \u00e0 Abobo.<\/p>\n<p>\u201cLes op\u00e9rations \u00e9perviers sont devenues depuis quelques ann\u00e9es des moyens de lutte contre la criminalit\u00e9 dans les principales localit\u00e9s du pays (\u2026). Il s\u2019agit aujourd\u2019hui de s\u2019attaquer aux zones criminog\u00e8nes, d\u00e9truire les fumoirs, d\u00e9manteler les r\u00e9seaux de trafic d\u2019humains, lutter contre le ph\u00e9nom\u00e8ne des enfants en conflit avec la loi, lutter contre les installations anarchiques, restaurer la tranquillit\u00e9 des habitants et cr\u00e9er un cadre propice aux activit\u00e9s socio-\u00e9conomiques\u201d, insiste le ministre de l\u2019Int\u00e9rieur et de la S\u00e9curit\u00e9.<\/p>\n<p>Cette initiative est donc dans la continuit\u00e9 de l\u2019op\u00e9ration \u00ab \u00e9pervier 6 \u00bb lanc\u00e9e dans diff\u00e9rentes localit\u00e9s sur l\u2019ensemble du territoire depuis le 18 f\u00e9vrier 2021. \u00c0 cette occasion, 2000 Forces de l\u2019ordre avaient \u00e9t\u00e9 d\u00e9ploy\u00e9s sur le terrain.<\/p>\n<p>Lors d\u2019une de leurs patrouilles au quartier Gesco Micao \u00e0 Yopougon, quatre fumoirs ont \u00e9t\u00e9 d\u00e9truits et incendi\u00e9s, quatre individus interpell\u00e9s et deux motos saisies. Il y a eu \u00e9galement quatre couteaux et 42 boulettes de cannabis saisis.<\/p>\n<p>&nbsp;<\/p>\n","protected":false},"excerpt":{"rendered":"<p>Africa-Press &#8211; C\u00f4te d&rsquo;Ivoire. La Direction g\u00e9n\u00e9rale de la police nationale (Dgpn) a lanc\u00e9 l\u2019op\u00e9ration \u201c\u00e9pervier 6\u2019\u2019 \u00e0 Abobo. La c\u00e9r\u00e9monie officielle s\u2019est tenue au rond-point de la mairie de ladite commune le jeudi 27 mai 2021. Une op\u00e9ration motiv\u00e9e par la recrudescence de la criminalit\u00e9 dans cette zone. L\u2019\u00e9v\u00e9nement s\u2019est d\u00e9roul\u00e9 en pr\u00e9sence du [&hellip;]<\/p>\n","protected":false},"author":82,"featured_media":8334,"comment_status":"open","ping_status":"closed","sticky":false,"template":"","format":"standard","meta":{"footnotes":""},"categories":[21,11,10],"tags":[56,63,29],"class_list":["post-8335","post","type-post","status-publish","format-standard","has-post-thumbnail","hentry","category-communaute","category-homepage-french","category-toutes-les-actualites","tag-africa-press","tag-africa-press-cote-divoire","tag-cote-divoire"],"yoast_head":"<!-- This site is optimized with the Yoast SEO Premium plugin v26.1 (Yoast SEO v27.0) - https:\/\/yoast.com\/product\/yoast-seo-premium-wordpress\/ -->\n<title>Une nouvelle op\u00e9ration \u00e9pervier lanc\u00e9e contre la criminalit\u00e9 \u00e0 Abobo en C\u00f4te-d\u2019Ivoire - C\u00f4te d&#039;Ivoire<\/title>\n<meta name=\"description\" content=\"La Direction g\u00e9n\u00e9rale de la police nationale (Dgpn) a lanc\u00e9 l\u2019op\u00e9ration \u201c\u00e9pervier 6\u2019\u2019 \u00e0 Abobo. La c\u00e9r\u00e9monie officielle s ...\" \/>\n<meta name=\"robots\" content=\"index, follow, max-snippet:-1, max-image-preview:large, max-video-preview:-1\" \/>\n<link rel=\"canonical\" href=\"https:\/\/www.africa-press.net\/cotedivoire\/toutes-les-actualites\/une-nouvelle-operation-epervier-lancee-contre-la-criminalite-a-abobo-en-cote-divoire\" \/>\n<meta property=\"og:locale\" content=\"fr_FR\" \/>\n<meta property=\"og:type\" content=\"article\" \/>\n<meta property=\"og:title\" content=\"Une nouvelle op\u00e9ration \u00e9pervier lanc\u00e9e contre la criminalit\u00e9 \u00e0 Abobo en C\u00f4te-d\u2019Ivoire\" \/>\n<meta property=\"og:description\" content=\"La Direction g\u00e9n\u00e9rale de la police nationale (Dgpn) a lanc\u00e9 l\u2019op\u00e9ration \u201c\u00e9pervier 6\u2019\u2019 \u00e0 Abobo. La c\u00e9r\u00e9monie officielle s ...\" \/>\n<meta property=\"og:url\" content=\"https:\/\/www.africa-press.net\/cotedivoire\/toutes-les-actualites\/une-nouvelle-operation-epervier-lancee-contre-la-criminalite-a-abobo-en-cote-divoire\" \/>\n<meta property=\"og:site_name\" content=\"C\u00f4te d&#039;Ivoire\" \/>\n<meta property=\"article:published_time\" content=\"2021-05-29T12:04:05+00:00\" \/>\n<meta property=\"article:modified_time\" content=\"2021-05-29T14:34:44+00:00\" \/>\n<meta property=\"og:image\" content=\"https:\/\/static.africa-press.net\/cote\/sites\/43\/2021\/05\/img-60b22b1482113.jpg\" \/>\n\t<meta property=\"og:image:width\" content=\"800\" \/>\n\t<meta property=\"og:image:height\" content=\"400\" \/>\n\t<meta property=\"og:image:type\" content=\"image\/jpeg\" \/>\n<meta name=\"author\" content=\"cfeditorfr\" \/>\n<meta name=\"twitter:card\" content=\"summary_large_image\" \/>\n<meta name=\"twitter:label1\" content=\"\u00c9crit par\" \/>\n\t<meta name=\"twitter:data1\" content=\"cfeditorfr\" \/>\n\t<meta name=\"twitter:label2\" content=\"Dur\u00e9e de lecture estim\u00e9e\" \/>\n\t<meta name=\"twitter:data2\" content=\"2 minutes\" \/>\n<script type=\"application\/ld+json\" class=\"yoast-schema-graph\">{\"@context\":\"https:\/\/schema.org\",\"@graph\":[{\"@type\":\"Article\",\"@id\":\"https:\/\/www.africa-press.net\/cotedivoire\/toutes-les-actualites\/une-nouvelle-operation-epervier-lancee-contre-la-criminalite-a-abobo-en-cote-divoire#article\",\"isPartOf\":{\"@id\":\"https:\/\/www.africa-press.net\/cotedivoire\/toutes-les-actualites\/une-nouvelle-operation-epervier-lancee-contre-la-criminalite-a-abobo-en-cote-divoire\"},\"author\":{\"name\":\"cfeditorfr\",\"@id\":\"https:\/\/www.africa-press.net\/cotedivoire\/#\/schema\/person\/2b1cf3cd81a31e3cd26889ca66d677f1\"},\"headline\":\"Une nouvelle op\u00e9ration \u00e9pervier lanc\u00e9e contre la criminalit\u00e9 \u00e0 Abobo en C\u00f4te-d\u2019Ivoire\",\"datePublished\":\"2021-05-29T12:04:05+00:00\",\"dateModified\":\"2021-05-29T14:34:44+00:00\",\"mainEntityOfPage\":{\"@id\":\"https:\/\/www.africa-press.net\/cotedivoire\/toutes-les-actualites\/une-nouvelle-operation-epervier-lancee-contre-la-criminalite-a-abobo-en-cote-divoire\"},\"wordCount\":355,\"commentCount\":0,\"image\":{\"@id\":\"https:\/\/www.africa-press.net\/cotedivoire\/toutes-les-actualites\/une-nouvelle-operation-epervier-lancee-contre-la-criminalite-a-abobo-en-cote-divoire#primaryimage\"},\"thumbnailUrl\":\"https:\/\/static.africa-press.net\/cote\/sites\/43\/2021\/05\/img-60b22b1482113.jpg\",\"keywords\":[\"Africa Press\",\"Africa Press-C\u00f4te d'Ivoire\",\"C\u00d4TE D'IVOIRE\"],\"articleSection\":[\"Communaut\u00e9\",\"homepage-french\",\"Toutes les actualit\u00e9s\"],\"inLanguage\":\"fr-FR\",\"potentialAction\":[{\"@type\":\"CommentAction\",\"name\":\"Comment\",\"target\":[\"https:\/\/www.africa-press.net\/cotedivoire\/toutes-les-actualites\/une-nouvelle-operation-epervier-lancee-contre-la-criminalite-a-abobo-en-cote-divoire#respond\"]}]},{\"@type\":\"WebPage\",\"@id\":\"https:\/\/www.africa-press.net\/cotedivoire\/toutes-les-actualites\/une-nouvelle-operation-epervier-lancee-contre-la-criminalite-a-abobo-en-cote-divoire\",\"url\":\"https:\/\/www.africa-press.net\/cotedivoire\/toutes-les-actualites\/une-nouvelle-operation-epervier-lancee-contre-la-criminalite-a-abobo-en-cote-divoire\",\"name\":\"Une nouvelle op\u00e9ration \u00e9pervier lanc\u00e9e contre la criminalit\u00e9 \u00e0 Abobo en C\u00f4te-d\u2019Ivoire - C\u00f4te d&#039;Ivoire\",\"isPartOf\":{\"@id\":\"https:\/\/www.africa-press.net\/cotedivoire\/#website\"},\"primaryImageOfPage\":{\"@id\":\"https:\/\/www.africa-press.net\/cotedivoire\/toutes-les-actualites\/une-nouvelle-operation-epervier-lancee-contre-la-criminalite-a-abobo-en-cote-divoire#primaryimage\"},\"image\":{\"@id\":\"https:\/\/www.africa-press.net\/cotedivoire\/toutes-les-actualites\/une-nouvelle-operation-epervier-lancee-contre-la-criminalite-a-abobo-en-cote-divoire#primaryimage\"},\"thumbnailUrl\":\"https:\/\/static.africa-press.net\/cote\/sites\/43\/2021\/05\/img-60b22b1482113.jpg\",\"datePublished\":\"2021-05-29T12:04:05+00:00\",\"dateModified\":\"2021-05-29T14:34:44+00:00\",\"author\":{\"@id\":\"https:\/\/www.africa-press.net\/cotedivoire\/#\/schema\/person\/2b1cf3cd81a31e3cd26889ca66d677f1\"},\"description\":\"La Direction g\u00e9n\u00e9rale de la police nationale (Dgpn) a lanc\u00e9 l\u2019op\u00e9ration \u201c\u00e9pervier 6\u2019\u2019 \u00e0 Abobo. La c\u00e9r\u00e9monie officielle s ...\",\"breadcrumb\":{\"@id\":\"https:\/\/www.africa-press.net\/cotedivoire\/toutes-les-actualites\/une-nouvelle-operation-epervier-lancee-contre-la-criminalite-a-abobo-en-cote-divoire#breadcrumb\"},\"inLanguage\":\"fr-FR\",\"potentialAction\":[{\"@type\":\"ReadAction\",\"target\":[\"https:\/\/www.africa-press.net\/cotedivoire\/toutes-les-actualites\/une-nouvelle-operation-epervier-lancee-contre-la-criminalite-a-abobo-en-cote-divoire\"]}]},{\"@type\":\"ImageObject\",\"inLanguage\":\"fr-FR\",\"@id\":\"https:\/\/www.africa-press.net\/cotedivoire\/toutes-les-actualites\/une-nouvelle-operation-epervier-lancee-contre-la-criminalite-a-abobo-en-cote-divoire#primaryimage\",\"url\":\"https:\/\/static.africa-press.net\/cote\/sites\/43\/2021\/05\/img-60b22b1482113.jpg\",\"contentUrl\":\"https:\/\/static.africa-press.net\/cote\/sites\/43\/2021\/05\/img-60b22b1482113.jpg\",\"width\":800,\"height\":400,\"caption\":\"Une nouvelle op\u00e9ration \u00e9pervier lanc\u00e9e contre la criminalit\u00e9 \u00e0 Abobo en C\u00f4te-d\u2019Ivoire\"},{\"@type\":\"BreadcrumbList\",\"@id\":\"https:\/\/www.africa-press.net\/cotedivoire\/toutes-les-actualites\/une-nouvelle-operation-epervier-lancee-contre-la-criminalite-a-abobo-en-cote-divoire#breadcrumb\",\"itemListElement\":[{\"@type\":\"ListItem\",\"position\":1,\"name\":\"Accueil\",\"item\":\"https:\/\/www.africa-press.net\/cotedivoire\/\"},{\"@type\":\"ListItem\",\"position\":2,\"name\":\"Une nouvelle op\u00e9ration \u00e9pervier lanc\u00e9e contre la criminalit\u00e9 \u00e0 Abobo en C\u00f4te-d\u2019Ivoire\"}]},{\"@type\":\"WebSite\",\"@id\":\"https:\/\/www.africa-press.net\/cotedivoire\/#website\",\"url\":\"https:\/\/www.africa-press.net\/cotedivoire\/\",\"name\":\"C\u00f4te d&#039;Ivoire\",\"description\":\"Just another Africa News Agency Sites site\",\"potentialAction\":[{\"@type\":\"SearchAction\",\"target\":{\"@type\":\"EntryPoint\",\"urlTemplate\":\"https:\/\/www.africa-press.net\/cotedivoire\/?s={search_term_string}\"},\"query-input\":{\"@type\":\"PropertyValueSpecification\",\"valueRequired\":true,\"valueName\":\"search_term_string\"}}],\"inLanguage\":\"fr-FR\"},{\"@type\":\"Person\",\"@id\":\"https:\/\/www.africa-press.net\/cotedivoire\/#\/schema\/person\/2b1cf3cd81a31e3cd26889ca66d677f1\",\"name\":\"cfeditorfr\"}]}<\/script>\n<!-- \/ Yoast SEO Premium plugin. -->","yoast_head_json":{"title":"Une nouvelle op\u00e9ration \u00e9pervier lanc\u00e9e contre la criminalit\u00e9 \u00e0 Abobo en C\u00f4te-d\u2019Ivoire - C\u00f4te d&#039;Ivoire","description":"La Direction g\u00e9n\u00e9rale de la police nationale (Dgpn) a lanc\u00e9 l\u2019op\u00e9ration \u201c\u00e9pervier 6\u2019\u2019 \u00e0 Abobo. La c\u00e9r\u00e9monie officielle s ...","robots":{"index":"index","follow":"follow","max-snippet":"max-snippet:-1","max-image-preview":"max-image-preview:large","max-video-preview":"max-video-preview:-1"},"canonical":"https:\/\/www.africa-press.net\/cotedivoire\/toutes-les-actualites\/une-nouvelle-operation-epervier-lancee-contre-la-criminalite-a-abobo-en-cote-divoire","og_locale":"fr_FR","og_type":"article","og_title":"Une nouvelle op\u00e9ration \u00e9pervier lanc\u00e9e contre la criminalit\u00e9 \u00e0 Abobo en C\u00f4te-d\u2019Ivoire","og_description":"La Direction g\u00e9n\u00e9rale de la police nationale (Dgpn) a lanc\u00e9 l\u2019op\u00e9ration \u201c\u00e9pervier 6\u2019\u2019 \u00e0 Abobo. La c\u00e9r\u00e9monie officielle s ...","og_url":"https:\/\/www.africa-press.net\/cotedivoire\/toutes-les-actualites\/une-nouvelle-operation-epervier-lancee-contre-la-criminalite-a-abobo-en-cote-divoire","og_site_name":"C\u00f4te d&#039;Ivoire","article_published_time":"2021-05-29T12:04:05+00:00","article_modified_time":"2021-05-29T14:34:44+00:00","og_image":[{"width":800,"height":400,"url":"https:\/\/static.africa-press.net\/cote\/sites\/43\/2021\/05\/img-60b22b1482113.jpg","type":"image\/jpeg"}],"author":"cfeditorfr","twitter_card":"summary_large_image","twitter_misc":{"\u00c9crit par":"cfeditorfr","Dur\u00e9e de lecture estim\u00e9e":"2 minutes"},"schema":{"@context":"https:\/\/schema.org","@graph":[{"@type":"Article","@id":"https:\/\/www.africa-press.net\/cotedivoire\/toutes-les-actualites\/une-nouvelle-operation-epervier-lancee-contre-la-criminalite-a-abobo-en-cote-divoire#article","isPartOf":{"@id":"https:\/\/www.africa-press.net\/cotedivoire\/toutes-les-actualites\/une-nouvelle-operation-epervier-lancee-contre-la-criminalite-a-abobo-en-cote-divoire"},"author":{"name":"cfeditorfr","@id":"https:\/\/www.africa-press.net\/cotedivoire\/#\/schema\/person\/2b1cf3cd81a31e3cd26889ca66d677f1"},"headline":"Une nouvelle op\u00e9ration \u00e9pervier lanc\u00e9e contre la criminalit\u00e9 \u00e0 Abobo en C\u00f4te-d\u2019Ivoire","datePublished":"2021-05-29T12:04:05+00:00","dateModified":"2021-05-29T14:34:44+00:00","mainEntityOfPage":{"@id":"https:\/\/www.africa-press.net\/cotedivoire\/toutes-les-actualites\/une-nouvelle-operation-epervier-lancee-contre-la-criminalite-a-abobo-en-cote-divoire"},"wordCount":355,"commentCount":0,"image":{"@id":"https:\/\/www.africa-press.net\/cotedivoire\/toutes-les-actualites\/une-nouvelle-operation-epervier-lancee-contre-la-criminalite-a-abobo-en-cote-divoire#primaryimage"},"thumbnailUrl":"https:\/\/static.africa-press.net\/cote\/sites\/43\/2021\/05\/img-60b22b1482113.jpg","keywords":["Africa Press","Africa Press-C\u00f4te d'Ivoire","C\u00d4TE D'IVOIRE"],"articleSection":["Communaut\u00e9","homepage-french","Toutes les actualit\u00e9s"],"inLanguage":"fr-FR","potentialAction":[{"@type":"CommentAction","name":"Comment","target":["https:\/\/www.africa-press.net\/cotedivoire\/toutes-les-actualites\/une-nouvelle-operation-epervier-lancee-contre-la-criminalite-a-abobo-en-cote-divoire#respond"]}]},{"@type":"WebPage","@id":"https:\/\/www.africa-press.net\/cotedivoire\/toutes-les-actualites\/une-nouvelle-operation-epervier-lancee-contre-la-criminalite-a-abobo-en-cote-divoire","url":"https:\/\/www.africa-press.net\/cotedivoire\/toutes-les-actualites\/une-nouvelle-operation-epervier-lancee-contre-la-criminalite-a-abobo-en-cote-divoire","name":"Une nouvelle op\u00e9ration \u00e9pervier lanc\u00e9e contre la criminalit\u00e9 \u00e0 Abobo en C\u00f4te-d\u2019Ivoire - C\u00f4te d&#039;Ivoire","isPartOf":{"@id":"https:\/\/www.africa-press.net\/cotedivoire\/#website"},"primaryImageOfPage":{"@id":"https:\/\/www.africa-press.net\/cotedivoire\/toutes-les-actualites\/une-nouvelle-operation-epervier-lancee-contre-la-criminalite-a-abobo-en-cote-divoire#primaryimage"},"image":{"@id":"https:\/\/www.africa-press.net\/cotedivoire\/toutes-les-actualites\/une-nouvelle-operation-epervier-lancee-contre-la-criminalite-a-abobo-en-cote-divoire#primaryimage"},"thumbnailUrl":"https:\/\/static.africa-press.net\/cote\/sites\/43\/2021\/05\/img-60b22b1482113.jpg","datePublished":"2021-05-29T12:04:05+00:00","dateModified":"2021-05-29T14:34:44+00:00","author":{"@id":"https:\/\/www.africa-press.net\/cotedivoire\/#\/schema\/person\/2b1cf3cd81a31e3cd26889ca66d677f1"},"description":"La Direction g\u00e9n\u00e9rale de la police nationale (Dgpn) a lanc\u00e9 l\u2019op\u00e9ration \u201c\u00e9pervier 6\u2019\u2019 \u00e0 Abobo. La c\u00e9r\u00e9monie officielle s ...","breadcrumb":{"@id":"https:\/\/www.africa-press.net\/cotedivoire\/toutes-les-actualites\/une-nouvelle-operation-epervier-lancee-contre-la-criminalite-a-abobo-en-cote-divoire#breadcrumb"},"inLanguage":"fr-FR","potentialAction":[{"@type":"ReadAction","target":["https:\/\/www.africa-press.net\/cotedivoire\/toutes-les-actualites\/une-nouvelle-operation-epervier-lancee-contre-la-criminalite-a-abobo-en-cote-divoire"]}]},{"@type":"ImageObject","inLanguage":"fr-FR","@id":"https:\/\/www.africa-press.net\/cotedivoire\/toutes-les-actualites\/une-nouvelle-operation-epervier-lancee-contre-la-criminalite-a-abobo-en-cote-divoire#primaryimage","url":"https:\/\/static.africa-press.net\/cote\/sites\/43\/2021\/05\/img-60b22b1482113.jpg","contentUrl":"https:\/\/static.africa-press.net\/cote\/sites\/43\/2021\/05\/img-60b22b1482113.jpg","width":800,"height":400,"caption":"Une nouvelle op\u00e9ration \u00e9pervier lanc\u00e9e contre la criminalit\u00e9 \u00e0 Abobo en C\u00f4te-d\u2019Ivoire"},{"@type":"BreadcrumbList","@id":"https:\/\/www.africa-press.net\/cotedivoire\/toutes-les-actualites\/une-nouvelle-operation-epervier-lancee-contre-la-criminalite-a-abobo-en-cote-divoire#breadcrumb","itemListElement":[{"@type":"ListItem","position":1,"name":"Accueil","item":"https:\/\/www.africa-press.net\/cotedivoire\/"},{"@type":"ListItem","position":2,"name":"Une nouvelle op\u00e9ration \u00e9pervier lanc\u00e9e contre la criminalit\u00e9 \u00e0 Abobo en C\u00f4te-d\u2019Ivoire"}]},{"@type":"WebSite","@id":"https:\/\/www.africa-press.net\/cotedivoire\/#website","url":"https:\/\/www.africa-press.net\/cotedivoire\/","name":"C\u00f4te d&#039;Ivoire","description":"Just another Africa News Agency Sites site","potentialAction":[{"@type":"SearchAction","target":{"@type":"EntryPoint","urlTemplate":"https:\/\/www.africa-press.net\/cotedivoire\/?s={search_term_string}"},"query-input":{"@type":"PropertyValueSpecification","valueRequired":true,"valueName":"search_term_string"}}],"inLanguage":"fr-FR"},{"@type":"Person","@id":"https:\/\/www.africa-press.net\/cotedivoire\/#\/schema\/person\/2b1cf3cd81a31e3cd26889ca66d677f1","name":"cfeditorfr"}]}},"_links":{"self":[{"href":"https:\/\/www.africa-press.net\/cotedivoire\/wp-json\/wp\/v2\/posts\/8335","targetHints":{"allow":["GET"]}}],"collection":[{"href":"https:\/\/www.africa-press.net\/cotedivoire\/wp-json\/wp\/v2\/posts"}],"about":[{"href":"https:\/\/www.africa-press.net\/cotedivoire\/wp-json\/wp\/v2\/types\/post"}],"author":[{"embeddable":true,"href":"https:\/\/www.africa-press.net\/cotedivoire\/wp-json\/wp\/v2\/users\/82"}],"replies":[{"embeddable":true,"href":"https:\/\/www.africa-press.net\/cotedivoire\/wp-json\/wp\/v2\/comments?post=8335"}],"version-history":[{"count":0,"href":"https:\/\/www.africa-press.net\/cotedivoire\/wp-json\/wp\/v2\/posts\/8335\/revisions"}],"wp:featuredmedia":[{"embeddable":true,"href":"https:\/\/www.africa-press.net\/cotedivoire\/wp-json\/wp\/v2\/media\/8334"}],"wp:attachment":[{"href":"https:\/\/www.africa-press.net\/cotedivoire\/wp-json\/wp\/v2\/media?parent=8335"}],"wp:term":[{"taxonomy":"category","embeddable":true,"href":"https:\/\/www.africa-press.net\/cotedivoire\/wp-json\/wp\/v2\/categories?post=8335"},{"taxonomy":"post_tag","embeddable":true,"href":"https:\/\/www.africa-press.net\/cotedivoire\/wp-json\/wp\/v2\/tags?post=8335"}],"curies":[{"name":"wp","href":"https:\/\/api.w.org\/{rel}","templated":true}]}}