{"id":8338,"date":"2021-05-29T12:12:14","date_gmt":"2021-05-29T12:12:14","guid":{"rendered":"https:\/\/www.africa-press.net\/cotedivoire\/?p=8338"},"modified":"2021-05-29T14:35:06","modified_gmt":"2021-05-29T14:35:06","slug":"les-burkinabe-en-cote-divoire-ne-se-melent-pas-des-questions-politiques-internes-ambassadeur","status":"publish","type":"post","link":"https:\/\/www.africa-press.net\/cotedivoire\/politique\/les-burkinabe-en-cote-divoire-ne-se-melent-pas-des-questions-politiques-internes-ambassadeur","title":{"rendered":"\u00ab\u00a0Les Burkinab\u00e8 en C\u00f4te-d\u2019Ivoire ne se m\u00ealent pas des questions politiques\u00a0\u00bb internes (Ambassadeur)"},"content":{"rendered":"<p><span style=\"color: #ff6600\"><strong><a href=\"https:\/\/www.africa-press.net\/\">Africa-Press<\/a> &#8211; <a href=\"https:\/\/www.africa-press.net\/cotedivoire\">C\u00f4te d&rsquo;Ivoire<\/a>. <\/strong><\/span>En C\u00f4te d\u2019Ivoire, la communaut\u00e9 burkinab\u00e8 \u00ab ne se m\u00eale pas des questions politiques \u00bb internes, a affirm\u00e9 vendredi l\u2019ambassadeur Mahamadou Zongo, en r\u00e9action \u00e0 la publication d\u2019une vid\u00e9o sur les r\u00e9seaux sociaux, pr\u00e9sentant ses compatriotes comme \u00ab la source des probl\u00e8mes \u00bb des Ivoiriens, dans une note.<\/p>\n<p>\u00ab les Burkinab\u00e8 \u00ab ne se m\u00ealent pas des questions politiques ivoiriennes \u00bb, a dit M. Zongo, invitant \u00ab toute personne ayant connaissance de ce cas d\u2019implication dans des activit\u00e9s politiques \u00e0 les d\u00e9noncer imm\u00e9diatement aupr\u00e8s des autorit\u00e9s comp\u00e9tentes \u00bb<\/p>\n<p>Selon la repr\u00e9sentation diplomatique, une vid\u00e9o qui circule sur les r\u00e9seaux sociaux depuis quelques temps, tente de \u00ab pr\u00e9senter les Burkinab\u00e8 comme la source des probl\u00e8mes de la C\u00f4te d\u2019Ivoire \u00bb et invite les Ivoiriens \u00e0 les consid\u00e9rer \u00ab comme leur v\u00e9ritable ennemi \u00bb.<\/p>\n<p>La chancellerie Burkinab\u00e8 \u00ab d\u00e9nonce ces accusations et d\u00e9plore une fois de plus l\u2019insidieux amalgame fait entre patronyme, ethnie et nationalit\u00e9 dont la finalit\u00e9 est de stigmatiser toute une communaut\u00e9 et jeter d\u2019innocentes personnes en p\u00e2ture \u00bb.<\/p>\n<p>Mahamadou Zongo a invit\u00e9 ses compatriotes, estim\u00e9s \u00e0 3,5 millions d\u2019apr\u00e8s le recensement de 2014 \u00ab \u00e0 ne pas c\u00e9der \u00e0 d\u2019\u00e9ventuelles provocations d\u2019une part, et d\u2019autres part, \u00e0 saisir les autorit\u00e9s de leurs localit\u00e9s en cas de n\u00e9cessit\u00e9. \u00bb<\/p>\n<p>La r\u00e9action M. Zongo intervient peu de temps apr\u00e8s les violences qui ont vis\u00e9 la communaut\u00e9 nig\u00e9rienne \u00e0 Abidjan et Daloa (centre-ouest), apr\u00e8s une vid\u00e9o d\u2019actes d\u2019agressivit\u00e9s sur des pr\u00e9sum\u00e9s ivoiriens \u00e0 l\u2019\u00e9tranger publi\u00e9e sur les r\u00e9seaux sociaux.<\/p>\n<p>Un nig\u00e9riens est d\u00e9c\u00e9d\u00e9, 39 autres bless\u00e9s dont 06 cas graves, un officier de Police l\u00e9g\u00e8rement bless\u00e9, 51 commerces pill\u00e9s et 22 incendi\u00e9s, 14 v\u00e9hicules saccag\u00e9s, 21 millions fcfa d\u00e9clar\u00e9 emport\u00e9, selon le bilan \u00e9tabli par les autorit\u00e9s ivoiriennes.<\/p>\n<p>&nbsp;<\/p>\n","protected":false},"excerpt":{"rendered":"<p>Africa-Press &#8211; C\u00f4te d&rsquo;Ivoire. En C\u00f4te d\u2019Ivoire, la communaut\u00e9 burkinab\u00e8 \u00ab ne se m\u00eale pas des questions politiques \u00bb internes, a affirm\u00e9 vendredi l\u2019ambassadeur Mahamadou Zongo, en r\u00e9action \u00e0 la publication d\u2019une vid\u00e9o sur les r\u00e9seaux sociaux, pr\u00e9sentant ses compatriotes comme \u00ab la source des probl\u00e8mes \u00bb des Ivoiriens, dans une note. \u00ab les Burkinab\u00e8 [&hellip;]<\/p>\n","protected":false},"author":82,"featured_media":8337,"comment_status":"open","ping_status":"closed","sticky":false,"template":"","format":"standard","meta":{"footnotes":""},"categories":[11,2,20,10],"tags":[56,63,29],"class_list":["post-8338","post","type-post","status-publish","format-standard","has-post-thumbnail","hentry","category-homepage-french","category-politique","category-top-nouvelles","category-toutes-les-actualites","tag-africa-press","tag-africa-press-cote-divoire","tag-cote-divoire"],"yoast_head":"<!-- This site is optimized with the Yoast SEO Premium plugin v26.1 (Yoast SEO v27.0) - https:\/\/yoast.com\/product\/yoast-seo-premium-wordpress\/ -->\n<title>\u00ab\u00a0Les Burkinab\u00e8 en C\u00f4te-d\u2019Ivoire ne se m\u00ealent pas des questions politiques\u00a0\u00bb internes (Ambassadeur) - C\u00f4te d&#039;Ivoire<\/title>\n<meta name=\"description\" content=\"Dogoma KAMAGATEEn C\u00f4te d\u2019Ivoire, la communaut\u00e9 burkinab\u00e8 \u00ab ne se m\u00eale pas des questions politiques \u00bb internes, a affirm ...\" \/>\n<meta name=\"robots\" content=\"index, follow, max-snippet:-1, max-image-preview:large, max-video-preview:-1\" \/>\n<link rel=\"canonical\" href=\"https:\/\/www.africa-press.net\/cotedivoire\/politique\/les-burkinabe-en-cote-divoire-ne-se-melent-pas-des-questions-politiques-internes-ambassadeur\" \/>\n<meta property=\"og:locale\" content=\"fr_FR\" \/>\n<meta property=\"og:type\" content=\"article\" \/>\n<meta property=\"og:title\" content=\"\u00ab\u00a0Les Burkinab\u00e8 en C\u00f4te-d\u2019Ivoire ne se m\u00ealent pas des questions politiques\u00a0\u00bb internes (Ambassadeur)\" \/>\n<meta property=\"og:description\" content=\"Dogoma KAMAGATEEn C\u00f4te d\u2019Ivoire, la communaut\u00e9 burkinab\u00e8 \u00ab ne se m\u00eale pas des questions politiques \u00bb internes, a affirm ...\" \/>\n<meta property=\"og:url\" content=\"https:\/\/www.africa-press.net\/cotedivoire\/politique\/les-burkinabe-en-cote-divoire-ne-se-melent-pas-des-questions-politiques-internes-ambassadeur\" \/>\n<meta property=\"og:site_name\" content=\"C\u00f4te d&#039;Ivoire\" \/>\n<meta property=\"article:published_time\" content=\"2021-05-29T12:12:14+00:00\" \/>\n<meta property=\"article:modified_time\" content=\"2021-05-29T14:35:06+00:00\" \/>\n<meta property=\"og:image\" content=\"https:\/\/static.africa-press.net\/cote\/sites\/43\/2021\/05\/img-60b22b560d2c5.jpg\" \/>\n\t<meta property=\"og:image:width\" content=\"720\" \/>\n\t<meta property=\"og:image:height\" content=\"480\" \/>\n\t<meta property=\"og:image:type\" content=\"image\/jpeg\" \/>\n<meta name=\"author\" content=\"cfeditorfr\" \/>\n<meta name=\"twitter:card\" content=\"summary_large_image\" \/>\n<meta name=\"twitter:label1\" content=\"\u00c9crit par\" \/>\n\t<meta name=\"twitter:data1\" content=\"cfeditorfr\" \/>\n\t<meta name=\"twitter:label2\" content=\"Dur\u00e9e de lecture estim\u00e9e\" \/>\n\t<meta name=\"twitter:data2\" content=\"2 minutes\" \/>\n<script type=\"application\/ld+json\" class=\"yoast-schema-graph\">{\"@context\":\"https:\/\/schema.org\",\"@graph\":[{\"@type\":\"Article\",\"@id\":\"https:\/\/www.africa-press.net\/cotedivoire\/politique\/les-burkinabe-en-cote-divoire-ne-se-melent-pas-des-questions-politiques-internes-ambassadeur#article\",\"isPartOf\":{\"@id\":\"https:\/\/www.africa-press.net\/cotedivoire\/politique\/les-burkinabe-en-cote-divoire-ne-se-melent-pas-des-questions-politiques-internes-ambassadeur\"},\"author\":{\"name\":\"cfeditorfr\",\"@id\":\"https:\/\/www.africa-press.net\/cotedivoire\/#\/schema\/person\/2b1cf3cd81a31e3cd26889ca66d677f1\"},\"headline\":\"\u00ab\u00a0Les Burkinab\u00e8 en C\u00f4te-d\u2019Ivoire ne se m\u00ealent pas des questions politiques\u00a0\u00bb internes (Ambassadeur)\",\"datePublished\":\"2021-05-29T12:12:14+00:00\",\"dateModified\":\"2021-05-29T14:35:06+00:00\",\"mainEntityOfPage\":{\"@id\":\"https:\/\/www.africa-press.net\/cotedivoire\/politique\/les-burkinabe-en-cote-divoire-ne-se-melent-pas-des-questions-politiques-internes-ambassadeur\"},\"wordCount\":342,\"commentCount\":0,\"image\":{\"@id\":\"https:\/\/www.africa-press.net\/cotedivoire\/politique\/les-burkinabe-en-cote-divoire-ne-se-melent-pas-des-questions-politiques-internes-ambassadeur#primaryimage\"},\"thumbnailUrl\":\"https:\/\/static.africa-press.net\/cote\/sites\/43\/2021\/05\/img-60b22b560d2c5.jpg\",\"keywords\":[\"Africa Press\",\"Africa Press-C\u00f4te d'Ivoire\",\"C\u00d4TE D'IVOIRE\"],\"articleSection\":[\"homepage-french\",\"Politique\",\"Top Nouvelles\",\"Toutes les actualit\u00e9s\"],\"inLanguage\":\"fr-FR\",\"potentialAction\":[{\"@type\":\"CommentAction\",\"name\":\"Comment\",\"target\":[\"https:\/\/www.africa-press.net\/cotedivoire\/politique\/les-burkinabe-en-cote-divoire-ne-se-melent-pas-des-questions-politiques-internes-ambassadeur#respond\"]}]},{\"@type\":\"WebPage\",\"@id\":\"https:\/\/www.africa-press.net\/cotedivoire\/politique\/les-burkinabe-en-cote-divoire-ne-se-melent-pas-des-questions-politiques-internes-ambassadeur\",\"url\":\"https:\/\/www.africa-press.net\/cotedivoire\/politique\/les-burkinabe-en-cote-divoire-ne-se-melent-pas-des-questions-politiques-internes-ambassadeur\",\"name\":\"\u00ab\u00a0Les Burkinab\u00e8 en C\u00f4te-d\u2019Ivoire ne se m\u00ealent pas des questions politiques\u00a0\u00bb internes (Ambassadeur) - C\u00f4te d&#039;Ivoire\",\"isPartOf\":{\"@id\":\"https:\/\/www.africa-press.net\/cotedivoire\/#website\"},\"primaryImageOfPage\":{\"@id\":\"https:\/\/www.africa-press.net\/cotedivoire\/politique\/les-burkinabe-en-cote-divoire-ne-se-melent-pas-des-questions-politiques-internes-ambassadeur#primaryimage\"},\"image\":{\"@id\":\"https:\/\/www.africa-press.net\/cotedivoire\/politique\/les-burkinabe-en-cote-divoire-ne-se-melent-pas-des-questions-politiques-internes-ambassadeur#primaryimage\"},\"thumbnailUrl\":\"https:\/\/static.africa-press.net\/cote\/sites\/43\/2021\/05\/img-60b22b560d2c5.jpg\",\"datePublished\":\"2021-05-29T12:12:14+00:00\",\"dateModified\":\"2021-05-29T14:35:06+00:00\",\"author\":{\"@id\":\"https:\/\/www.africa-press.net\/cotedivoire\/#\/schema\/person\/2b1cf3cd81a31e3cd26889ca66d677f1\"},\"description\":\"Dogoma KAMAGATEEn C\u00f4te d\u2019Ivoire, la communaut\u00e9 burkinab\u00e8 \u00ab ne se m\u00eale pas des questions politiques \u00bb internes, a affirm ...\",\"breadcrumb\":{\"@id\":\"https:\/\/www.africa-press.net\/cotedivoire\/politique\/les-burkinabe-en-cote-divoire-ne-se-melent-pas-des-questions-politiques-internes-ambassadeur#breadcrumb\"},\"inLanguage\":\"fr-FR\",\"potentialAction\":[{\"@type\":\"ReadAction\",\"target\":[\"https:\/\/www.africa-press.net\/cotedivoire\/politique\/les-burkinabe-en-cote-divoire-ne-se-melent-pas-des-questions-politiques-internes-ambassadeur\"]}]},{\"@type\":\"ImageObject\",\"inLanguage\":\"fr-FR\",\"@id\":\"https:\/\/www.africa-press.net\/cotedivoire\/politique\/les-burkinabe-en-cote-divoire-ne-se-melent-pas-des-questions-politiques-internes-ambassadeur#primaryimage\",\"url\":\"https:\/\/static.africa-press.net\/cote\/sites\/43\/2021\/05\/img-60b22b560d2c5.jpg\",\"contentUrl\":\"https:\/\/static.africa-press.net\/cote\/sites\/43\/2021\/05\/img-60b22b560d2c5.jpg\",\"width\":720,\"height\":480,\"caption\":\"\u00ab\u00a0Les Burkinab\u00e8 en C\u00f4te-d\u2019Ivoire ne se m\u00ealent pas des questions politiques\u00a0\u00bb internes (Ambassadeur)\"},{\"@type\":\"BreadcrumbList\",\"@id\":\"https:\/\/www.africa-press.net\/cotedivoire\/politique\/les-burkinabe-en-cote-divoire-ne-se-melent-pas-des-questions-politiques-internes-ambassadeur#breadcrumb\",\"itemListElement\":[{\"@type\":\"ListItem\",\"position\":1,\"name\":\"Accueil\",\"item\":\"https:\/\/www.africa-press.net\/cotedivoire\/\"},{\"@type\":\"ListItem\",\"position\":2,\"name\":\"\u00ab\u00a0Les Burkinab\u00e8 en C\u00f4te-d\u2019Ivoire ne se m\u00ealent pas des questions politiques\u00a0\u00bb internes (Ambassadeur)\"}]},{\"@type\":\"WebSite\",\"@id\":\"https:\/\/www.africa-press.net\/cotedivoire\/#website\",\"url\":\"https:\/\/www.africa-press.net\/cotedivoire\/\",\"name\":\"C\u00f4te d&#039;Ivoire\",\"description\":\"Just another Africa News Agency Sites site\",\"potentialAction\":[{\"@type\":\"SearchAction\",\"target\":{\"@type\":\"EntryPoint\",\"urlTemplate\":\"https:\/\/www.africa-press.net\/cotedivoire\/?s={search_term_string}\"},\"query-input\":{\"@type\":\"PropertyValueSpecification\",\"valueRequired\":true,\"valueName\":\"search_term_string\"}}],\"inLanguage\":\"fr-FR\"},{\"@type\":\"Person\",\"@id\":\"https:\/\/www.africa-press.net\/cotedivoire\/#\/schema\/person\/2b1cf3cd81a31e3cd26889ca66d677f1\",\"name\":\"cfeditorfr\"}]}<\/script>\n<!-- \/ Yoast SEO Premium plugin. -->","yoast_head_json":{"title":"\u00ab\u00a0Les Burkinab\u00e8 en C\u00f4te-d\u2019Ivoire ne se m\u00ealent pas des questions politiques\u00a0\u00bb internes (Ambassadeur) - C\u00f4te d&#039;Ivoire","description":"Dogoma KAMAGATEEn C\u00f4te d\u2019Ivoire, la communaut\u00e9 burkinab\u00e8 \u00ab ne se m\u00eale pas des questions politiques \u00bb internes, a affirm ...","robots":{"index":"index","follow":"follow","max-snippet":"max-snippet:-1","max-image-preview":"max-image-preview:large","max-video-preview":"max-video-preview:-1"},"canonical":"https:\/\/www.africa-press.net\/cotedivoire\/politique\/les-burkinabe-en-cote-divoire-ne-se-melent-pas-des-questions-politiques-internes-ambassadeur","og_locale":"fr_FR","og_type":"article","og_title":"\u00ab\u00a0Les Burkinab\u00e8 en C\u00f4te-d\u2019Ivoire ne se m\u00ealent pas des questions politiques\u00a0\u00bb internes (Ambassadeur)","og_description":"Dogoma KAMAGATEEn C\u00f4te d\u2019Ivoire, la communaut\u00e9 burkinab\u00e8 \u00ab ne se m\u00eale pas des questions politiques \u00bb internes, a affirm ...","og_url":"https:\/\/www.africa-press.net\/cotedivoire\/politique\/les-burkinabe-en-cote-divoire-ne-se-melent-pas-des-questions-politiques-internes-ambassadeur","og_site_name":"C\u00f4te d&#039;Ivoire","article_published_time":"2021-05-29T12:12:14+00:00","article_modified_time":"2021-05-29T14:35:06+00:00","og_image":[{"width":720,"height":480,"url":"https:\/\/static.africa-press.net\/cote\/sites\/43\/2021\/05\/img-60b22b560d2c5.jpg","type":"image\/jpeg"}],"author":"cfeditorfr","twitter_card":"summary_large_image","twitter_misc":{"\u00c9crit par":"cfeditorfr","Dur\u00e9e de lecture estim\u00e9e":"2 minutes"},"schema":{"@context":"https:\/\/schema.org","@graph":[{"@type":"Article","@id":"https:\/\/www.africa-press.net\/cotedivoire\/politique\/les-burkinabe-en-cote-divoire-ne-se-melent-pas-des-questions-politiques-internes-ambassadeur#article","isPartOf":{"@id":"https:\/\/www.africa-press.net\/cotedivoire\/politique\/les-burkinabe-en-cote-divoire-ne-se-melent-pas-des-questions-politiques-internes-ambassadeur"},"author":{"name":"cfeditorfr","@id":"https:\/\/www.africa-press.net\/cotedivoire\/#\/schema\/person\/2b1cf3cd81a31e3cd26889ca66d677f1"},"headline":"\u00ab\u00a0Les Burkinab\u00e8 en C\u00f4te-d\u2019Ivoire ne se m\u00ealent pas des questions politiques\u00a0\u00bb internes (Ambassadeur)","datePublished":"2021-05-29T12:12:14+00:00","dateModified":"2021-05-29T14:35:06+00:00","mainEntityOfPage":{"@id":"https:\/\/www.africa-press.net\/cotedivoire\/politique\/les-burkinabe-en-cote-divoire-ne-se-melent-pas-des-questions-politiques-internes-ambassadeur"},"wordCount":342,"commentCount":0,"image":{"@id":"https:\/\/www.africa-press.net\/cotedivoire\/politique\/les-burkinabe-en-cote-divoire-ne-se-melent-pas-des-questions-politiques-internes-ambassadeur#primaryimage"},"thumbnailUrl":"https:\/\/static.africa-press.net\/cote\/sites\/43\/2021\/05\/img-60b22b560d2c5.jpg","keywords":["Africa Press","Africa Press-C\u00f4te d'Ivoire","C\u00d4TE D'IVOIRE"],"articleSection":["homepage-french","Politique","Top Nouvelles","Toutes les actualit\u00e9s"],"inLanguage":"fr-FR","potentialAction":[{"@type":"CommentAction","name":"Comment","target":["https:\/\/www.africa-press.net\/cotedivoire\/politique\/les-burkinabe-en-cote-divoire-ne-se-melent-pas-des-questions-politiques-internes-ambassadeur#respond"]}]},{"@type":"WebPage","@id":"https:\/\/www.africa-press.net\/cotedivoire\/politique\/les-burkinabe-en-cote-divoire-ne-se-melent-pas-des-questions-politiques-internes-ambassadeur","url":"https:\/\/www.africa-press.net\/cotedivoire\/politique\/les-burkinabe-en-cote-divoire-ne-se-melent-pas-des-questions-politiques-internes-ambassadeur","name":"\u00ab\u00a0Les Burkinab\u00e8 en C\u00f4te-d\u2019Ivoire ne se m\u00ealent pas des questions politiques\u00a0\u00bb internes (Ambassadeur) - C\u00f4te d&#039;Ivoire","isPartOf":{"@id":"https:\/\/www.africa-press.net\/cotedivoire\/#website"},"primaryImageOfPage":{"@id":"https:\/\/www.africa-press.net\/cotedivoire\/politique\/les-burkinabe-en-cote-divoire-ne-se-melent-pas-des-questions-politiques-internes-ambassadeur#primaryimage"},"image":{"@id":"https:\/\/www.africa-press.net\/cotedivoire\/politique\/les-burkinabe-en-cote-divoire-ne-se-melent-pas-des-questions-politiques-internes-ambassadeur#primaryimage"},"thumbnailUrl":"https:\/\/static.africa-press.net\/cote\/sites\/43\/2021\/05\/img-60b22b560d2c5.jpg","datePublished":"2021-05-29T12:12:14+00:00","dateModified":"2021-05-29T14:35:06+00:00","author":{"@id":"https:\/\/www.africa-press.net\/cotedivoire\/#\/schema\/person\/2b1cf3cd81a31e3cd26889ca66d677f1"},"description":"Dogoma KAMAGATEEn C\u00f4te d\u2019Ivoire, la communaut\u00e9 burkinab\u00e8 \u00ab ne se m\u00eale pas des questions politiques \u00bb internes, a affirm ...","breadcrumb":{"@id":"https:\/\/www.africa-press.net\/cotedivoire\/politique\/les-burkinabe-en-cote-divoire-ne-se-melent-pas-des-questions-politiques-internes-ambassadeur#breadcrumb"},"inLanguage":"fr-FR","potentialAction":[{"@type":"ReadAction","target":["https:\/\/www.africa-press.net\/cotedivoire\/politique\/les-burkinabe-en-cote-divoire-ne-se-melent-pas-des-questions-politiques-internes-ambassadeur"]}]},{"@type":"ImageObject","inLanguage":"fr-FR","@id":"https:\/\/www.africa-press.net\/cotedivoire\/politique\/les-burkinabe-en-cote-divoire-ne-se-melent-pas-des-questions-politiques-internes-ambassadeur#primaryimage","url":"https:\/\/static.africa-press.net\/cote\/sites\/43\/2021\/05\/img-60b22b560d2c5.jpg","contentUrl":"https:\/\/static.africa-press.net\/cote\/sites\/43\/2021\/05\/img-60b22b560d2c5.jpg","width":720,"height":480,"caption":"\u00ab\u00a0Les Burkinab\u00e8 en C\u00f4te-d\u2019Ivoire ne se m\u00ealent pas des questions politiques\u00a0\u00bb internes (Ambassadeur)"},{"@type":"BreadcrumbList","@id":"https:\/\/www.africa-press.net\/cotedivoire\/politique\/les-burkinabe-en-cote-divoire-ne-se-melent-pas-des-questions-politiques-internes-ambassadeur#breadcrumb","itemListElement":[{"@type":"ListItem","position":1,"name":"Accueil","item":"https:\/\/www.africa-press.net\/cotedivoire\/"},{"@type":"ListItem","position":2,"name":"\u00ab\u00a0Les Burkinab\u00e8 en C\u00f4te-d\u2019Ivoire ne se m\u00ealent pas des questions politiques\u00a0\u00bb internes (Ambassadeur)"}]},{"@type":"WebSite","@id":"https:\/\/www.africa-press.net\/cotedivoire\/#website","url":"https:\/\/www.africa-press.net\/cotedivoire\/","name":"C\u00f4te d&#039;Ivoire","description":"Just another Africa News Agency Sites site","potentialAction":[{"@type":"SearchAction","target":{"@type":"EntryPoint","urlTemplate":"https:\/\/www.africa-press.net\/cotedivoire\/?s={search_term_string}"},"query-input":{"@type":"PropertyValueSpecification","valueRequired":true,"valueName":"search_term_string"}}],"inLanguage":"fr-FR"},{"@type":"Person","@id":"https:\/\/www.africa-press.net\/cotedivoire\/#\/schema\/person\/2b1cf3cd81a31e3cd26889ca66d677f1","name":"cfeditorfr"}]}},"_links":{"self":[{"href":"https:\/\/www.africa-press.net\/cotedivoire\/wp-json\/wp\/v2\/posts\/8338","targetHints":{"allow":["GET"]}}],"collection":[{"href":"https:\/\/www.africa-press.net\/cotedivoire\/wp-json\/wp\/v2\/posts"}],"about":[{"href":"https:\/\/www.africa-press.net\/cotedivoire\/wp-json\/wp\/v2\/types\/post"}],"author":[{"embeddable":true,"href":"https:\/\/www.africa-press.net\/cotedivoire\/wp-json\/wp\/v2\/users\/82"}],"replies":[{"embeddable":true,"href":"https:\/\/www.africa-press.net\/cotedivoire\/wp-json\/wp\/v2\/comments?post=8338"}],"version-history":[{"count":0,"href":"https:\/\/www.africa-press.net\/cotedivoire\/wp-json\/wp\/v2\/posts\/8338\/revisions"}],"wp:featuredmedia":[{"embeddable":true,"href":"https:\/\/www.africa-press.net\/cotedivoire\/wp-json\/wp\/v2\/media\/8337"}],"wp:attachment":[{"href":"https:\/\/www.africa-press.net\/cotedivoire\/wp-json\/wp\/v2\/media?parent=8338"}],"wp:term":[{"taxonomy":"category","embeddable":true,"href":"https:\/\/www.africa-press.net\/cotedivoire\/wp-json\/wp\/v2\/categories?post=8338"},{"taxonomy":"post_tag","embeddable":true,"href":"https:\/\/www.africa-press.net\/cotedivoire\/wp-json\/wp\/v2\/tags?post=8338"}],"curies":[{"name":"wp","href":"https:\/\/api.w.org\/{rel}","templated":true}]}}