{"id":8341,"date":"2021-05-29T12:25:56","date_gmt":"2021-05-29T12:25:56","guid":{"rendered":"https:\/\/www.africa-press.net\/cotedivoire\/?p=8341"},"modified":"2021-05-29T14:35:26","modified_gmt":"2021-05-29T14:35:26","slug":"cote-divoire-quels-sont-les-acteurs-au-coeur-de-la-crise-electrique","status":"publish","type":"post","link":"https:\/\/www.africa-press.net\/cotedivoire\/economie\/cote-divoire-quels-sont-les-acteurs-au-coeur-de-la-crise-electrique","title":{"rendered":"quels sont les acteurs au c\u0153ur de la crise \u00e9lectrique ?"},"content":{"rendered":"<p><span style=\"color: #ff6600\"><strong><a href=\"https:\/\/www.africa-press.net\/\">Africa-Press<\/a> &#8211; <a href=\"https:\/\/www.africa-press.net\/cotedivoire\">C\u00f4te d&rsquo;Ivoire<\/a>. <\/strong><\/span>Le secteur de l\u2019\u00e9lectricit\u00e9 ivoirien traverse une grave crise. Un plan de d\u00e9lestage, qui concerne entreprises et particuliers, est en cours. De nombreux acteurs sont mobilis\u00e9s, en attendant un retour \u00e0 la normale dans deux mois.<\/p>\n<p>Comment un pays qui a augment\u00e9 sa production d\u2019\u00e9lectricit\u00e9 de 60 % en dix ans \u2013 au point d\u2019en exporter une partie chez ses voisins \u2013 peut-il se retrouver en situation de d\u00e9lestage ?<\/p>\n<p>En C\u00f4te d\u2019Ivoire, 180 entreprises et des millions de foyers \u2013 \u00e0 Abidjan et \u00e0 l\u2019int\u00e9rieur du pays \u2013 sont soumis depuis plus d\u2019un mois \u00e0 des coupures pour pallier un d\u00e9ficit estim\u00e9 \u00e0 200 MW, cons\u00e9quence de pannes en cascade sur le r\u00e9seau thermique (qui repr\u00e9sente 60 % de la production totale) et d\u2019investissements qui ont pris du retard notamment en raison de la crise sanitaire du Covid-19. D\u2019ici \u00e0 deux mois, la situation sera redevenue normale<\/p>\n<p>Le nouveau ministre des Mines, du P\u00e9trole et de l\u2019\u00c9nergie, Thomas Camara, qui pilote la gestion de cette crise in\u00e9dite depuis le milieu des ann\u00e9es 1980, pr\u00e9f\u00e8re employer le terme de \u00ab rationnement \u00bb. \u00ab Nos \u00e9quipes sont sur le terrain et mettent tout en \u0153uvre pour r\u00e9duire le temps d\u2019indisponibilit\u00e9 de l\u2019\u00e9lectricit\u00e9. Une grosse turbine \u00e0 gaz est en construction sur le r\u00e9seau thermique, et les travaux sont acc\u00e9l\u00e9r\u00e9s. Nous assurons \u00e0 la population que, d\u2019ici \u00e0 deux mois, la situation sera redevenue normale \u00bb, a-t-il affirm\u00e9.<\/p>\n<p><b>\u00a0<\/b><\/p>\n","protected":false},"excerpt":{"rendered":"<p>Africa-Press &#8211; C\u00f4te d&rsquo;Ivoire. Le secteur de l\u2019\u00e9lectricit\u00e9 ivoirien traverse une grave crise. Un plan de d\u00e9lestage, qui concerne entreprises et particuliers, est en cours. De nombreux acteurs sont mobilis\u00e9s, en attendant un retour \u00e0 la normale dans deux mois. Comment un pays qui a augment\u00e9 sa production d\u2019\u00e9lectricit\u00e9 de 60 % en dix ans [&hellip;]<\/p>\n","protected":false},"author":82,"featured_media":8340,"comment_status":"open","ping_status":"closed","sticky":false,"template":"","format":"standard","meta":{"footnotes":""},"categories":[3,11,20,10],"tags":[56,63,29],"class_list":["post-8341","post","type-post","status-publish","format-standard","has-post-thumbnail","hentry","category-economie","category-homepage-french","category-top-nouvelles","category-toutes-les-actualites","tag-africa-press","tag-africa-press-cote-divoire","tag-cote-divoire"],"yoast_head":"<!-- This site is optimized with the Yoast SEO Premium plugin v26.1 (Yoast SEO v27.0) - https:\/\/yoast.com\/product\/yoast-seo-premium-wordpress\/ -->\n<title>quels sont les acteurs au c\u0153ur de la crise \u00e9lectrique ? - C\u00f4te d&#039;Ivoire<\/title>\n<meta name=\"description\" content=\"Le secteur de l\u2019\u00e9lectricit\u00e9 ivoirien traverse une grave crise. Un plan de d\u00e9lestage, qui concerne entreprises et particu ...\" \/>\n<meta name=\"robots\" content=\"index, follow, max-snippet:-1, max-image-preview:large, max-video-preview:-1\" \/>\n<link rel=\"canonical\" href=\"https:\/\/www.africa-press.net\/cotedivoire\/economie\/cote-divoire-quels-sont-les-acteurs-au-coeur-de-la-crise-electrique\" \/>\n<meta property=\"og:locale\" content=\"fr_FR\" \/>\n<meta property=\"og:type\" content=\"article\" \/>\n<meta property=\"og:title\" content=\"quels sont les acteurs au c\u0153ur de la crise \u00e9lectrique ?\" \/>\n<meta property=\"og:description\" content=\"Le secteur de l\u2019\u00e9lectricit\u00e9 ivoirien traverse une grave crise. Un plan de d\u00e9lestage, qui concerne entreprises et particu ...\" \/>\n<meta property=\"og:url\" content=\"https:\/\/www.africa-press.net\/cotedivoire\/economie\/cote-divoire-quels-sont-les-acteurs-au-coeur-de-la-crise-electrique\" \/>\n<meta property=\"og:site_name\" content=\"C\u00f4te d&#039;Ivoire\" \/>\n<meta property=\"article:published_time\" content=\"2021-05-29T12:25:56+00:00\" \/>\n<meta property=\"article:modified_time\" content=\"2021-05-29T14:35:26+00:00\" \/>\n<meta property=\"og:image\" content=\"https:\/\/static.africa-press.net\/cote\/sites\/43\/2021\/05\/img-60b22da05d7bb.jpg\" \/>\n\t<meta property=\"og:image:width\" content=\"720\" \/>\n\t<meta property=\"og:image:height\" content=\"360\" \/>\n\t<meta property=\"og:image:type\" content=\"image\/jpeg\" \/>\n<meta name=\"author\" content=\"cfeditorfr\" \/>\n<meta name=\"twitter:card\" content=\"summary_large_image\" \/>\n<meta name=\"twitter:label1\" content=\"\u00c9crit par\" \/>\n\t<meta name=\"twitter:data1\" content=\"cfeditorfr\" \/>\n\t<meta name=\"twitter:label2\" content=\"Dur\u00e9e de lecture estim\u00e9e\" \/>\n\t<meta name=\"twitter:data2\" content=\"2 minutes\" \/>\n<script type=\"application\/ld+json\" class=\"yoast-schema-graph\">{\"@context\":\"https:\/\/schema.org\",\"@graph\":[{\"@type\":\"Article\",\"@id\":\"https:\/\/www.africa-press.net\/cotedivoire\/economie\/cote-divoire-quels-sont-les-acteurs-au-coeur-de-la-crise-electrique#article\",\"isPartOf\":{\"@id\":\"https:\/\/www.africa-press.net\/cotedivoire\/economie\/cote-divoire-quels-sont-les-acteurs-au-coeur-de-la-crise-electrique\"},\"author\":{\"name\":\"cfeditorfr\",\"@id\":\"https:\/\/www.africa-press.net\/cotedivoire\/#\/schema\/person\/2b1cf3cd81a31e3cd26889ca66d677f1\"},\"headline\":\"quels sont les acteurs au c\u0153ur de la crise \u00e9lectrique ?\",\"datePublished\":\"2021-05-29T12:25:56+00:00\",\"dateModified\":\"2021-05-29T14:35:26+00:00\",\"mainEntityOfPage\":{\"@id\":\"https:\/\/www.africa-press.net\/cotedivoire\/economie\/cote-divoire-quels-sont-les-acteurs-au-coeur-de-la-crise-electrique\"},\"wordCount\":259,\"commentCount\":0,\"image\":{\"@id\":\"https:\/\/www.africa-press.net\/cotedivoire\/economie\/cote-divoire-quels-sont-les-acteurs-au-coeur-de-la-crise-electrique#primaryimage\"},\"thumbnailUrl\":\"https:\/\/static.africa-press.net\/cote\/sites\/43\/2021\/05\/img-60b22da05d7bb.jpg\",\"keywords\":[\"Africa Press\",\"Africa Press-C\u00f4te d'Ivoire\",\"C\u00d4TE D'IVOIRE\"],\"articleSection\":[\"\u00c9conomie\",\"homepage-french\",\"Top Nouvelles\",\"Toutes les actualit\u00e9s\"],\"inLanguage\":\"fr-FR\",\"potentialAction\":[{\"@type\":\"CommentAction\",\"name\":\"Comment\",\"target\":[\"https:\/\/www.africa-press.net\/cotedivoire\/economie\/cote-divoire-quels-sont-les-acteurs-au-coeur-de-la-crise-electrique#respond\"]}]},{\"@type\":\"WebPage\",\"@id\":\"https:\/\/www.africa-press.net\/cotedivoire\/economie\/cote-divoire-quels-sont-les-acteurs-au-coeur-de-la-crise-electrique\",\"url\":\"https:\/\/www.africa-press.net\/cotedivoire\/economie\/cote-divoire-quels-sont-les-acteurs-au-coeur-de-la-crise-electrique\",\"name\":\"quels sont les acteurs au c\u0153ur de la crise \u00e9lectrique ? - C\u00f4te d&#039;Ivoire\",\"isPartOf\":{\"@id\":\"https:\/\/www.africa-press.net\/cotedivoire\/#website\"},\"primaryImageOfPage\":{\"@id\":\"https:\/\/www.africa-press.net\/cotedivoire\/economie\/cote-divoire-quels-sont-les-acteurs-au-coeur-de-la-crise-electrique#primaryimage\"},\"image\":{\"@id\":\"https:\/\/www.africa-press.net\/cotedivoire\/economie\/cote-divoire-quels-sont-les-acteurs-au-coeur-de-la-crise-electrique#primaryimage\"},\"thumbnailUrl\":\"https:\/\/static.africa-press.net\/cote\/sites\/43\/2021\/05\/img-60b22da05d7bb.jpg\",\"datePublished\":\"2021-05-29T12:25:56+00:00\",\"dateModified\":\"2021-05-29T14:35:26+00:00\",\"author\":{\"@id\":\"https:\/\/www.africa-press.net\/cotedivoire\/#\/schema\/person\/2b1cf3cd81a31e3cd26889ca66d677f1\"},\"description\":\"Le secteur de l\u2019\u00e9lectricit\u00e9 ivoirien traverse une grave crise. Un plan de d\u00e9lestage, qui concerne entreprises et particu ...\",\"breadcrumb\":{\"@id\":\"https:\/\/www.africa-press.net\/cotedivoire\/economie\/cote-divoire-quels-sont-les-acteurs-au-coeur-de-la-crise-electrique#breadcrumb\"},\"inLanguage\":\"fr-FR\",\"potentialAction\":[{\"@type\":\"ReadAction\",\"target\":[\"https:\/\/www.africa-press.net\/cotedivoire\/economie\/cote-divoire-quels-sont-les-acteurs-au-coeur-de-la-crise-electrique\"]}]},{\"@type\":\"ImageObject\",\"inLanguage\":\"fr-FR\",\"@id\":\"https:\/\/www.africa-press.net\/cotedivoire\/economie\/cote-divoire-quels-sont-les-acteurs-au-coeur-de-la-crise-electrique#primaryimage\",\"url\":\"https:\/\/static.africa-press.net\/cote\/sites\/43\/2021\/05\/img-60b22da05d7bb.jpg\",\"contentUrl\":\"https:\/\/static.africa-press.net\/cote\/sites\/43\/2021\/05\/img-60b22da05d7bb.jpg\",\"width\":720,\"height\":360,\"caption\":\"C\u00f4te d\u2019Ivoire : quels sont les acteurs au c\u0153ur de la crise \u00e9lectrique ?\"},{\"@type\":\"BreadcrumbList\",\"@id\":\"https:\/\/www.africa-press.net\/cotedivoire\/economie\/cote-divoire-quels-sont-les-acteurs-au-coeur-de-la-crise-electrique#breadcrumb\",\"itemListElement\":[{\"@type\":\"ListItem\",\"position\":1,\"name\":\"Accueil\",\"item\":\"https:\/\/www.africa-press.net\/cotedivoire\/\"},{\"@type\":\"ListItem\",\"position\":2,\"name\":\"quels sont les acteurs au c\u0153ur de la crise \u00e9lectrique ?\"}]},{\"@type\":\"WebSite\",\"@id\":\"https:\/\/www.africa-press.net\/cotedivoire\/#website\",\"url\":\"https:\/\/www.africa-press.net\/cotedivoire\/\",\"name\":\"C\u00f4te d&#039;Ivoire\",\"description\":\"Just another Africa News Agency Sites site\",\"potentialAction\":[{\"@type\":\"SearchAction\",\"target\":{\"@type\":\"EntryPoint\",\"urlTemplate\":\"https:\/\/www.africa-press.net\/cotedivoire\/?s={search_term_string}\"},\"query-input\":{\"@type\":\"PropertyValueSpecification\",\"valueRequired\":true,\"valueName\":\"search_term_string\"}}],\"inLanguage\":\"fr-FR\"},{\"@type\":\"Person\",\"@id\":\"https:\/\/www.africa-press.net\/cotedivoire\/#\/schema\/person\/2b1cf3cd81a31e3cd26889ca66d677f1\",\"name\":\"cfeditorfr\"}]}<\/script>\n<!-- \/ Yoast SEO Premium plugin. -->","yoast_head_json":{"title":"quels sont les acteurs au c\u0153ur de la crise \u00e9lectrique ? - C\u00f4te d&#039;Ivoire","description":"Le secteur de l\u2019\u00e9lectricit\u00e9 ivoirien traverse une grave crise. Un plan de d\u00e9lestage, qui concerne entreprises et particu ...","robots":{"index":"index","follow":"follow","max-snippet":"max-snippet:-1","max-image-preview":"max-image-preview:large","max-video-preview":"max-video-preview:-1"},"canonical":"https:\/\/www.africa-press.net\/cotedivoire\/economie\/cote-divoire-quels-sont-les-acteurs-au-coeur-de-la-crise-electrique","og_locale":"fr_FR","og_type":"article","og_title":"quels sont les acteurs au c\u0153ur de la crise \u00e9lectrique ?","og_description":"Le secteur de l\u2019\u00e9lectricit\u00e9 ivoirien traverse une grave crise. Un plan de d\u00e9lestage, qui concerne entreprises et particu ...","og_url":"https:\/\/www.africa-press.net\/cotedivoire\/economie\/cote-divoire-quels-sont-les-acteurs-au-coeur-de-la-crise-electrique","og_site_name":"C\u00f4te d&#039;Ivoire","article_published_time":"2021-05-29T12:25:56+00:00","article_modified_time":"2021-05-29T14:35:26+00:00","og_image":[{"width":720,"height":360,"url":"https:\/\/static.africa-press.net\/cote\/sites\/43\/2021\/05\/img-60b22da05d7bb.jpg","type":"image\/jpeg"}],"author":"cfeditorfr","twitter_card":"summary_large_image","twitter_misc":{"\u00c9crit par":"cfeditorfr","Dur\u00e9e de lecture estim\u00e9e":"2 minutes"},"schema":{"@context":"https:\/\/schema.org","@graph":[{"@type":"Article","@id":"https:\/\/www.africa-press.net\/cotedivoire\/economie\/cote-divoire-quels-sont-les-acteurs-au-coeur-de-la-crise-electrique#article","isPartOf":{"@id":"https:\/\/www.africa-press.net\/cotedivoire\/economie\/cote-divoire-quels-sont-les-acteurs-au-coeur-de-la-crise-electrique"},"author":{"name":"cfeditorfr","@id":"https:\/\/www.africa-press.net\/cotedivoire\/#\/schema\/person\/2b1cf3cd81a31e3cd26889ca66d677f1"},"headline":"quels sont les acteurs au c\u0153ur de la crise \u00e9lectrique ?","datePublished":"2021-05-29T12:25:56+00:00","dateModified":"2021-05-29T14:35:26+00:00","mainEntityOfPage":{"@id":"https:\/\/www.africa-press.net\/cotedivoire\/economie\/cote-divoire-quels-sont-les-acteurs-au-coeur-de-la-crise-electrique"},"wordCount":259,"commentCount":0,"image":{"@id":"https:\/\/www.africa-press.net\/cotedivoire\/economie\/cote-divoire-quels-sont-les-acteurs-au-coeur-de-la-crise-electrique#primaryimage"},"thumbnailUrl":"https:\/\/static.africa-press.net\/cote\/sites\/43\/2021\/05\/img-60b22da05d7bb.jpg","keywords":["Africa Press","Africa Press-C\u00f4te d'Ivoire","C\u00d4TE D'IVOIRE"],"articleSection":["\u00c9conomie","homepage-french","Top Nouvelles","Toutes les actualit\u00e9s"],"inLanguage":"fr-FR","potentialAction":[{"@type":"CommentAction","name":"Comment","target":["https:\/\/www.africa-press.net\/cotedivoire\/economie\/cote-divoire-quels-sont-les-acteurs-au-coeur-de-la-crise-electrique#respond"]}]},{"@type":"WebPage","@id":"https:\/\/www.africa-press.net\/cotedivoire\/economie\/cote-divoire-quels-sont-les-acteurs-au-coeur-de-la-crise-electrique","url":"https:\/\/www.africa-press.net\/cotedivoire\/economie\/cote-divoire-quels-sont-les-acteurs-au-coeur-de-la-crise-electrique","name":"quels sont les acteurs au c\u0153ur de la crise \u00e9lectrique ? - C\u00f4te d&#039;Ivoire","isPartOf":{"@id":"https:\/\/www.africa-press.net\/cotedivoire\/#website"},"primaryImageOfPage":{"@id":"https:\/\/www.africa-press.net\/cotedivoire\/economie\/cote-divoire-quels-sont-les-acteurs-au-coeur-de-la-crise-electrique#primaryimage"},"image":{"@id":"https:\/\/www.africa-press.net\/cotedivoire\/economie\/cote-divoire-quels-sont-les-acteurs-au-coeur-de-la-crise-electrique#primaryimage"},"thumbnailUrl":"https:\/\/static.africa-press.net\/cote\/sites\/43\/2021\/05\/img-60b22da05d7bb.jpg","datePublished":"2021-05-29T12:25:56+00:00","dateModified":"2021-05-29T14:35:26+00:00","author":{"@id":"https:\/\/www.africa-press.net\/cotedivoire\/#\/schema\/person\/2b1cf3cd81a31e3cd26889ca66d677f1"},"description":"Le secteur de l\u2019\u00e9lectricit\u00e9 ivoirien traverse une grave crise. Un plan de d\u00e9lestage, qui concerne entreprises et particu ...","breadcrumb":{"@id":"https:\/\/www.africa-press.net\/cotedivoire\/economie\/cote-divoire-quels-sont-les-acteurs-au-coeur-de-la-crise-electrique#breadcrumb"},"inLanguage":"fr-FR","potentialAction":[{"@type":"ReadAction","target":["https:\/\/www.africa-press.net\/cotedivoire\/economie\/cote-divoire-quels-sont-les-acteurs-au-coeur-de-la-crise-electrique"]}]},{"@type":"ImageObject","inLanguage":"fr-FR","@id":"https:\/\/www.africa-press.net\/cotedivoire\/economie\/cote-divoire-quels-sont-les-acteurs-au-coeur-de-la-crise-electrique#primaryimage","url":"https:\/\/static.africa-press.net\/cote\/sites\/43\/2021\/05\/img-60b22da05d7bb.jpg","contentUrl":"https:\/\/static.africa-press.net\/cote\/sites\/43\/2021\/05\/img-60b22da05d7bb.jpg","width":720,"height":360,"caption":"C\u00f4te d\u2019Ivoire : quels sont les acteurs au c\u0153ur de la crise \u00e9lectrique ?"},{"@type":"BreadcrumbList","@id":"https:\/\/www.africa-press.net\/cotedivoire\/economie\/cote-divoire-quels-sont-les-acteurs-au-coeur-de-la-crise-electrique#breadcrumb","itemListElement":[{"@type":"ListItem","position":1,"name":"Accueil","item":"https:\/\/www.africa-press.net\/cotedivoire\/"},{"@type":"ListItem","position":2,"name":"quels sont les acteurs au c\u0153ur de la crise \u00e9lectrique ?"}]},{"@type":"WebSite","@id":"https:\/\/www.africa-press.net\/cotedivoire\/#website","url":"https:\/\/www.africa-press.net\/cotedivoire\/","name":"C\u00f4te d&#039;Ivoire","description":"Just another Africa News Agency Sites site","potentialAction":[{"@type":"SearchAction","target":{"@type":"EntryPoint","urlTemplate":"https:\/\/www.africa-press.net\/cotedivoire\/?s={search_term_string}"},"query-input":{"@type":"PropertyValueSpecification","valueRequired":true,"valueName":"search_term_string"}}],"inLanguage":"fr-FR"},{"@type":"Person","@id":"https:\/\/www.africa-press.net\/cotedivoire\/#\/schema\/person\/2b1cf3cd81a31e3cd26889ca66d677f1","name":"cfeditorfr"}]}},"_links":{"self":[{"href":"https:\/\/www.africa-press.net\/cotedivoire\/wp-json\/wp\/v2\/posts\/8341","targetHints":{"allow":["GET"]}}],"collection":[{"href":"https:\/\/www.africa-press.net\/cotedivoire\/wp-json\/wp\/v2\/posts"}],"about":[{"href":"https:\/\/www.africa-press.net\/cotedivoire\/wp-json\/wp\/v2\/types\/post"}],"author":[{"embeddable":true,"href":"https:\/\/www.africa-press.net\/cotedivoire\/wp-json\/wp\/v2\/users\/82"}],"replies":[{"embeddable":true,"href":"https:\/\/www.africa-press.net\/cotedivoire\/wp-json\/wp\/v2\/comments?post=8341"}],"version-history":[{"count":0,"href":"https:\/\/www.africa-press.net\/cotedivoire\/wp-json\/wp\/v2\/posts\/8341\/revisions"}],"wp:featuredmedia":[{"embeddable":true,"href":"https:\/\/www.africa-press.net\/cotedivoire\/wp-json\/wp\/v2\/media\/8340"}],"wp:attachment":[{"href":"https:\/\/www.africa-press.net\/cotedivoire\/wp-json\/wp\/v2\/media?parent=8341"}],"wp:term":[{"taxonomy":"category","embeddable":true,"href":"https:\/\/www.africa-press.net\/cotedivoire\/wp-json\/wp\/v2\/categories?post=8341"},{"taxonomy":"post_tag","embeddable":true,"href":"https:\/\/www.africa-press.net\/cotedivoire\/wp-json\/wp\/v2\/tags?post=8341"}],"curies":[{"name":"wp","href":"https:\/\/api.w.org\/{rel}","templated":true}]}}