{"id":83429,"date":"2024-07-08T20:11:42","date_gmt":"2024-07-08T20:11:42","guid":{"rendered":"https:\/\/www.africa-press.net\/cotedivoire\/politique\/celebration-de-lexcellence-scolaire-dans-le-canton-guebie-la-conasu-appelle-les-populations-a-la-fraternite-et-a-la-cohesion-sociale"},"modified":"2024-07-09T13:57:11","modified_gmt":"2024-07-09T13:57:11","slug":"celebration-de-lexcellence-scolaire-dans-le-canton-guebie-la-conasu-appelle-les-populations-a-la-fraternite-et-a-la-cohesion-sociale","status":"publish","type":"post","link":"https:\/\/www.africa-press.net\/cotedivoire\/toutes-les-actualites\/celebration-de-lexcellence-scolaire-dans-le-canton-guebie-la-conasu-appelle-les-populations-a-la-fraternite-et-a-la-cohesion-sociale","title":{"rendered":"C\u00e9l\u00e9bration de l&rsquo;excellence scolaire dans le canton Gu\u00e9bi\u00e9, la CONASU appelle les populations \u00e0 la fraternit\u00e9 et \u00e0 la coh\u00e9sion sociale"},"content":{"rendered":"<p><span style=\"color: #ff6600\"><strong>Africa-Press &#8211; C\u00f4te d&rsquo;Ivoire. <\/strong><\/span>L\u2019association des e\u0301le\u0300ves et e\u0301tudiants du Canton Gue\u0301bie\u0301 e\u0301tait en fe\u0302te, ce samedi 6 juin a\u0300 Gnagbodougnoa dans le de\u0301partement de Gagnoa. Elle a organise\u0301 la premie\u0300re e\u0301dition de la journe\u0301e de l\u2019excellence et de la cohe\u0301sion sociale qui avait pour parrain, Zanga Coulibaly, Pre\u0301sident de la Coalition nationale pour le sursaut (CONASU).<\/p>\n<p>Au cours de cette journe\u0301e d\u2019excellence, le pre\u0301sident de la CONASU a re\u0301compense\u0301 les meilleurs e\u0301le\u0300ves du canton. Il a, a\u0300 l&rsquo;occasion, affirme\u0301 que la CONASU et lui ont contribue\u0301 fortement au maintien de la cohe\u0301sion sociale et a\u0300 la stabilite\u0301 politique durable du pays.<\/p>\n<p>\u00ab Chers parents, l\u2019e\u0301ducation est une arme puissante qui peut bouleverser toute une socie\u0301te\u0301 de manie\u0300re positive. Je rentre dans le Canton Gue\u0301bie\u0301 par une activite\u0301 d\u2019excellence organise\u0301e par des jeunes e\u0301le\u0300ves et e\u0301tudiants. Voyez-vous, vos enfants sont a\u0300 l\u2019e\u0301cole, parce que vous avez mis votre confiance en eux pour que demain, le Canton Gue\u0301bie\u0301 rayonne a\u0300 travers l\u2019excellence de leurs re\u0301sultats et des de\u0301bouche\u0301s qu\u2019ils auront dans la vie. Que la fraternite\u0301 entre votre Canton et tous les autres Cantons et les peuples de Co\u0302te d\u2019Ivoire soit excellente et renforce\u0301e \u00bb, a ajoute\u0301, Zanga Coulibaly.<\/p>\n<p>Le Pre\u0301sident de la CONASU a demande\u0301 a\u0300 ses ho\u0302tes de garder espoir et d\u2019e\u0302tre unis pour prendre place dans cette Co\u0302te d\u2019Ivoire de brassage. Zanga Coulibaly a enfin encourage\u0301, les parents des e\u0301tudiants et e\u0301le\u0300ves a\u0300 soutenir les initiatives de leurs fils et filles en leur inculquant les bonnes valeurs.<\/p>\n<p><strong>Pour plus d&rsquo;informations et d&rsquo;analyses sur la C\u00f4te d&rsquo;Ivoire, suivez Africa-Press<\/strong><\/p>\n","protected":false},"excerpt":{"rendered":"<p>Africa-Press &#8211; C\u00f4te d&rsquo;Ivoire. L\u2019association des e\u0301le\u0300ves et e\u0301tudiants du Canton Gue\u0301bie\u0301 e\u0301tait en fe\u0302te, ce samedi 6 juin a\u0300 Gnagbodougnoa dans le de\u0301partement de Gagnoa. Elle a organise\u0301 la premie\u0300re e\u0301dition de la journe\u0301e de l\u2019excellence et de la cohe\u0301sion sociale qui avait pour parrain, Zanga Coulibaly, Pre\u0301sident de la Coalition nationale pour le [&hellip;]<\/p>\n","protected":false},"author":82,"featured_media":83428,"comment_status":"open","ping_status":"closed","sticky":false,"template":"","format":"standard","meta":{"footnotes":""},"categories":[21,10],"tags":[4859,7242,29,14089,14090,1503,7361],"class_list":["post-83429","post","type-post","status-publish","format-standard","has-post-thumbnail","hentry","category-communaute","category-toutes-les-actualites","tag-cohesion-sociale","tag-conasu","tag-cote-divoire","tag-excellence-scolaire","tag-fraternite","tag-guebie","tag-zanga-coulibaly"],"yoast_head":"<!-- This site is optimized with the Yoast SEO Premium plugin v26.1 (Yoast SEO v27.0) - https:\/\/yoast.com\/product\/yoast-seo-premium-wordpress\/ -->\n<title>C\u00e9l\u00e9bration de l&#039;excellence scolaire dans le canton Gu\u00e9bi\u00e9, la CONASU appelle les populations \u00e0 la fraternit\u00e9 et \u00e0 la coh\u00e9sion sociale - C\u00f4te d&#039;Ivoire<\/title>\n<meta name=\"description\" content=\"L\u2019association des e\u0301le\u0300ves et e\u0301tudiants du Canton Gue\u0301bie\u0301 e\u0301tait en fe\u0302te, ce samedi 6 juin a\u0300 Gnagbodougnoa dans le d ...\" \/>\n<meta name=\"robots\" content=\"index, follow, max-snippet:-1, max-image-preview:large, max-video-preview:-1\" \/>\n<link rel=\"canonical\" href=\"https:\/\/www.africa-press.net\/cotedivoire\/toutes-les-actualites\/celebration-de-lexcellence-scolaire-dans-le-canton-guebie-la-conasu-appelle-les-populations-a-la-fraternite-et-a-la-cohesion-sociale\" \/>\n<meta property=\"og:locale\" content=\"fr_FR\" \/>\n<meta property=\"og:type\" content=\"article\" \/>\n<meta property=\"og:title\" content=\"C\u00e9l\u00e9bration de l&#039;excellence scolaire dans le canton Gu\u00e9bi\u00e9, la CONASU appelle les populations \u00e0 la fraternit\u00e9 et \u00e0 la coh\u00e9sion sociale\" \/>\n<meta property=\"og:description\" content=\"L\u2019association des e\u0301le\u0300ves et e\u0301tudiants du Canton Gue\u0301bie\u0301 e\u0301tait en fe\u0302te, ce samedi 6 juin a\u0300 Gnagbodougnoa dans le d ...\" \/>\n<meta property=\"og:url\" content=\"https:\/\/www.africa-press.net\/cotedivoire\/toutes-les-actualites\/celebration-de-lexcellence-scolaire-dans-le-canton-guebie-la-conasu-appelle-les-populations-a-la-fraternite-et-a-la-cohesion-sociale\" \/>\n<meta property=\"og:site_name\" content=\"C\u00f4te d&#039;Ivoire\" \/>\n<meta property=\"article:published_time\" content=\"2024-07-08T20:11:42+00:00\" \/>\n<meta property=\"article:modified_time\" content=\"2024-07-09T13:57:11+00:00\" \/>\n<meta property=\"og:image\" content=\"https:\/\/static.africa-press.net\/cote\/sites\/43\/2024\/07\/sm_1720457992.991737.jpg\" \/>\n\t<meta property=\"og:image:width\" content=\"720\" \/>\n\t<meta property=\"og:image:height\" content=\"480\" \/>\n\t<meta property=\"og:image:type\" content=\"image\/jpeg\" \/>\n<meta name=\"author\" content=\"cfeditorfr\" \/>\n<meta name=\"twitter:card\" content=\"summary_large_image\" \/>\n<meta name=\"twitter:label1\" content=\"\u00c9crit par\" \/>\n\t<meta name=\"twitter:data1\" content=\"cfeditorfr\" \/>\n\t<meta name=\"twitter:label2\" content=\"Dur\u00e9e de lecture estim\u00e9e\" \/>\n\t<meta name=\"twitter:data2\" content=\"2 minutes\" \/>\n<script type=\"application\/ld+json\" class=\"yoast-schema-graph\">{\"@context\":\"https:\/\/schema.org\",\"@graph\":[{\"@type\":\"Article\",\"@id\":\"https:\/\/www.africa-press.net\/cotedivoire\/toutes-les-actualites\/celebration-de-lexcellence-scolaire-dans-le-canton-guebie-la-conasu-appelle-les-populations-a-la-fraternite-et-a-la-cohesion-sociale#article\",\"isPartOf\":{\"@id\":\"https:\/\/www.africa-press.net\/cotedivoire\/toutes-les-actualites\/celebration-de-lexcellence-scolaire-dans-le-canton-guebie-la-conasu-appelle-les-populations-a-la-fraternite-et-a-la-cohesion-sociale\"},\"author\":{\"name\":\"cfeditorfr\",\"@id\":\"https:\/\/www.africa-press.net\/cotedivoire\/#\/schema\/person\/2b1cf3cd81a31e3cd26889ca66d677f1\"},\"headline\":\"C\u00e9l\u00e9bration de l&rsquo;excellence scolaire dans le canton Gu\u00e9bi\u00e9, la CONASU appelle les populations \u00e0 la fraternit\u00e9 et \u00e0 la coh\u00e9sion sociale\",\"datePublished\":\"2024-07-08T20:11:42+00:00\",\"dateModified\":\"2024-07-09T13:57:11+00:00\",\"mainEntityOfPage\":{\"@id\":\"https:\/\/www.africa-press.net\/cotedivoire\/toutes-les-actualites\/celebration-de-lexcellence-scolaire-dans-le-canton-guebie-la-conasu-appelle-les-populations-a-la-fraternite-et-a-la-cohesion-sociale\"},\"wordCount\":339,\"commentCount\":0,\"image\":{\"@id\":\"https:\/\/www.africa-press.net\/cotedivoire\/toutes-les-actualites\/celebration-de-lexcellence-scolaire-dans-le-canton-guebie-la-conasu-appelle-les-populations-a-la-fraternite-et-a-la-cohesion-sociale#primaryimage\"},\"thumbnailUrl\":\"https:\/\/static.africa-press.net\/cote\/sites\/43\/2024\/07\/sm_1720457992.991737.jpg\",\"keywords\":[\"coh\u00e9sion sociale\",\"CONASU\",\"C\u00d4TE D'IVOIRE\",\"excellence scolaire\",\"fraternit\u00e9\",\"Gu\u00e9bi\u00e9\",\"Zanga Coulibaly\"],\"articleSection\":[\"Communaut\u00e9\",\"Toutes les actualit\u00e9s\"],\"inLanguage\":\"fr-FR\",\"potentialAction\":[{\"@type\":\"CommentAction\",\"name\":\"Comment\",\"target\":[\"https:\/\/www.africa-press.net\/cotedivoire\/toutes-les-actualites\/celebration-de-lexcellence-scolaire-dans-le-canton-guebie-la-conasu-appelle-les-populations-a-la-fraternite-et-a-la-cohesion-sociale#respond\"]}]},{\"@type\":\"WebPage\",\"@id\":\"https:\/\/www.africa-press.net\/cotedivoire\/toutes-les-actualites\/celebration-de-lexcellence-scolaire-dans-le-canton-guebie-la-conasu-appelle-les-populations-a-la-fraternite-et-a-la-cohesion-sociale\",\"url\":\"https:\/\/www.africa-press.net\/cotedivoire\/toutes-les-actualites\/celebration-de-lexcellence-scolaire-dans-le-canton-guebie-la-conasu-appelle-les-populations-a-la-fraternite-et-a-la-cohesion-sociale\",\"name\":\"C\u00e9l\u00e9bration de l'excellence scolaire dans le canton Gu\u00e9bi\u00e9, la CONASU appelle les populations \u00e0 la fraternit\u00e9 et \u00e0 la coh\u00e9sion sociale - C\u00f4te d&#039;Ivoire\",\"isPartOf\":{\"@id\":\"https:\/\/www.africa-press.net\/cotedivoire\/#website\"},\"primaryImageOfPage\":{\"@id\":\"https:\/\/www.africa-press.net\/cotedivoire\/toutes-les-actualites\/celebration-de-lexcellence-scolaire-dans-le-canton-guebie-la-conasu-appelle-les-populations-a-la-fraternite-et-a-la-cohesion-sociale#primaryimage\"},\"image\":{\"@id\":\"https:\/\/www.africa-press.net\/cotedivoire\/toutes-les-actualites\/celebration-de-lexcellence-scolaire-dans-le-canton-guebie-la-conasu-appelle-les-populations-a-la-fraternite-et-a-la-cohesion-sociale#primaryimage\"},\"thumbnailUrl\":\"https:\/\/static.africa-press.net\/cote\/sites\/43\/2024\/07\/sm_1720457992.991737.jpg\",\"datePublished\":\"2024-07-08T20:11:42+00:00\",\"dateModified\":\"2024-07-09T13:57:11+00:00\",\"author\":{\"@id\":\"https:\/\/www.africa-press.net\/cotedivoire\/#\/schema\/person\/2b1cf3cd81a31e3cd26889ca66d677f1\"},\"description\":\"L\u2019association des e\u0301le\u0300ves et e\u0301tudiants du Canton Gue\u0301bie\u0301 e\u0301tait en fe\u0302te, ce samedi 6 juin a\u0300 Gnagbodougnoa dans le d ...\",\"breadcrumb\":{\"@id\":\"https:\/\/www.africa-press.net\/cotedivoire\/toutes-les-actualites\/celebration-de-lexcellence-scolaire-dans-le-canton-guebie-la-conasu-appelle-les-populations-a-la-fraternite-et-a-la-cohesion-sociale#breadcrumb\"},\"inLanguage\":\"fr-FR\",\"potentialAction\":[{\"@type\":\"ReadAction\",\"target\":[\"https:\/\/www.africa-press.net\/cotedivoire\/toutes-les-actualites\/celebration-de-lexcellence-scolaire-dans-le-canton-guebie-la-conasu-appelle-les-populations-a-la-fraternite-et-a-la-cohesion-sociale\"]}]},{\"@type\":\"ImageObject\",\"inLanguage\":\"fr-FR\",\"@id\":\"https:\/\/www.africa-press.net\/cotedivoire\/toutes-les-actualites\/celebration-de-lexcellence-scolaire-dans-le-canton-guebie-la-conasu-appelle-les-populations-a-la-fraternite-et-a-la-cohesion-sociale#primaryimage\",\"url\":\"https:\/\/static.africa-press.net\/cote\/sites\/43\/2024\/07\/sm_1720457992.991737.jpg\",\"contentUrl\":\"https:\/\/static.africa-press.net\/cote\/sites\/43\/2024\/07\/sm_1720457992.991737.jpg\",\"width\":720,\"height\":480,\"caption\":\"C\u00e9l\u00e9bration de l'excellence scolaire dans le canton Gu\u00e9bi\u00e9, la CONASU appelle les populations \u00e0 la fraternit\u00e9 et \u00e0 la coh\u00e9sion sociale\"},{\"@type\":\"BreadcrumbList\",\"@id\":\"https:\/\/www.africa-press.net\/cotedivoire\/toutes-les-actualites\/celebration-de-lexcellence-scolaire-dans-le-canton-guebie-la-conasu-appelle-les-populations-a-la-fraternite-et-a-la-cohesion-sociale#breadcrumb\",\"itemListElement\":[{\"@type\":\"ListItem\",\"position\":1,\"name\":\"Accueil\",\"item\":\"https:\/\/www.africa-press.net\/cotedivoire\/\"},{\"@type\":\"ListItem\",\"position\":2,\"name\":\"C\u00e9l\u00e9bration de l&#8217;excellence scolaire dans le canton Gu\u00e9bi\u00e9, la CONASU appelle les populations \u00e0 la fraternit\u00e9 et \u00e0 la coh\u00e9sion sociale\"}]},{\"@type\":\"WebSite\",\"@id\":\"https:\/\/www.africa-press.net\/cotedivoire\/#website\",\"url\":\"https:\/\/www.africa-press.net\/cotedivoire\/\",\"name\":\"C\u00f4te d&#039;Ivoire\",\"description\":\"Just another Africa News Agency Sites site\",\"potentialAction\":[{\"@type\":\"SearchAction\",\"target\":{\"@type\":\"EntryPoint\",\"urlTemplate\":\"https:\/\/www.africa-press.net\/cotedivoire\/?s={search_term_string}\"},\"query-input\":{\"@type\":\"PropertyValueSpecification\",\"valueRequired\":true,\"valueName\":\"search_term_string\"}}],\"inLanguage\":\"fr-FR\"},{\"@type\":\"Person\",\"@id\":\"https:\/\/www.africa-press.net\/cotedivoire\/#\/schema\/person\/2b1cf3cd81a31e3cd26889ca66d677f1\",\"name\":\"cfeditorfr\"}]}<\/script>\n<!-- \/ Yoast SEO Premium plugin. -->","yoast_head_json":{"title":"C\u00e9l\u00e9bration de l'excellence scolaire dans le canton Gu\u00e9bi\u00e9, la CONASU appelle les populations \u00e0 la fraternit\u00e9 et \u00e0 la coh\u00e9sion sociale - C\u00f4te d&#039;Ivoire","description":"L\u2019association des e\u0301le\u0300ves et e\u0301tudiants du Canton Gue\u0301bie\u0301 e\u0301tait en fe\u0302te, ce samedi 6 juin a\u0300 Gnagbodougnoa dans le d ...","robots":{"index":"index","follow":"follow","max-snippet":"max-snippet:-1","max-image-preview":"max-image-preview:large","max-video-preview":"max-video-preview:-1"},"canonical":"https:\/\/www.africa-press.net\/cotedivoire\/toutes-les-actualites\/celebration-de-lexcellence-scolaire-dans-le-canton-guebie-la-conasu-appelle-les-populations-a-la-fraternite-et-a-la-cohesion-sociale","og_locale":"fr_FR","og_type":"article","og_title":"C\u00e9l\u00e9bration de l'excellence scolaire dans le canton Gu\u00e9bi\u00e9, la CONASU appelle les populations \u00e0 la fraternit\u00e9 et \u00e0 la coh\u00e9sion sociale","og_description":"L\u2019association des e\u0301le\u0300ves et e\u0301tudiants du Canton Gue\u0301bie\u0301 e\u0301tait en fe\u0302te, ce samedi 6 juin a\u0300 Gnagbodougnoa dans le d ...","og_url":"https:\/\/www.africa-press.net\/cotedivoire\/toutes-les-actualites\/celebration-de-lexcellence-scolaire-dans-le-canton-guebie-la-conasu-appelle-les-populations-a-la-fraternite-et-a-la-cohesion-sociale","og_site_name":"C\u00f4te d&#039;Ivoire","article_published_time":"2024-07-08T20:11:42+00:00","article_modified_time":"2024-07-09T13:57:11+00:00","og_image":[{"width":720,"height":480,"url":"https:\/\/static.africa-press.net\/cote\/sites\/43\/2024\/07\/sm_1720457992.991737.jpg","type":"image\/jpeg"}],"author":"cfeditorfr","twitter_card":"summary_large_image","twitter_misc":{"\u00c9crit par":"cfeditorfr","Dur\u00e9e de lecture estim\u00e9e":"2 minutes"},"schema":{"@context":"https:\/\/schema.org","@graph":[{"@type":"Article","@id":"https:\/\/www.africa-press.net\/cotedivoire\/toutes-les-actualites\/celebration-de-lexcellence-scolaire-dans-le-canton-guebie-la-conasu-appelle-les-populations-a-la-fraternite-et-a-la-cohesion-sociale#article","isPartOf":{"@id":"https:\/\/www.africa-press.net\/cotedivoire\/toutes-les-actualites\/celebration-de-lexcellence-scolaire-dans-le-canton-guebie-la-conasu-appelle-les-populations-a-la-fraternite-et-a-la-cohesion-sociale"},"author":{"name":"cfeditorfr","@id":"https:\/\/www.africa-press.net\/cotedivoire\/#\/schema\/person\/2b1cf3cd81a31e3cd26889ca66d677f1"},"headline":"C\u00e9l\u00e9bration de l&rsquo;excellence scolaire dans le canton Gu\u00e9bi\u00e9, la CONASU appelle les populations \u00e0 la fraternit\u00e9 et \u00e0 la coh\u00e9sion sociale","datePublished":"2024-07-08T20:11:42+00:00","dateModified":"2024-07-09T13:57:11+00:00","mainEntityOfPage":{"@id":"https:\/\/www.africa-press.net\/cotedivoire\/toutes-les-actualites\/celebration-de-lexcellence-scolaire-dans-le-canton-guebie-la-conasu-appelle-les-populations-a-la-fraternite-et-a-la-cohesion-sociale"},"wordCount":339,"commentCount":0,"image":{"@id":"https:\/\/www.africa-press.net\/cotedivoire\/toutes-les-actualites\/celebration-de-lexcellence-scolaire-dans-le-canton-guebie-la-conasu-appelle-les-populations-a-la-fraternite-et-a-la-cohesion-sociale#primaryimage"},"thumbnailUrl":"https:\/\/static.africa-press.net\/cote\/sites\/43\/2024\/07\/sm_1720457992.991737.jpg","keywords":["coh\u00e9sion sociale","CONASU","C\u00d4TE D'IVOIRE","excellence scolaire","fraternit\u00e9","Gu\u00e9bi\u00e9","Zanga Coulibaly"],"articleSection":["Communaut\u00e9","Toutes les actualit\u00e9s"],"inLanguage":"fr-FR","potentialAction":[{"@type":"CommentAction","name":"Comment","target":["https:\/\/www.africa-press.net\/cotedivoire\/toutes-les-actualites\/celebration-de-lexcellence-scolaire-dans-le-canton-guebie-la-conasu-appelle-les-populations-a-la-fraternite-et-a-la-cohesion-sociale#respond"]}]},{"@type":"WebPage","@id":"https:\/\/www.africa-press.net\/cotedivoire\/toutes-les-actualites\/celebration-de-lexcellence-scolaire-dans-le-canton-guebie-la-conasu-appelle-les-populations-a-la-fraternite-et-a-la-cohesion-sociale","url":"https:\/\/www.africa-press.net\/cotedivoire\/toutes-les-actualites\/celebration-de-lexcellence-scolaire-dans-le-canton-guebie-la-conasu-appelle-les-populations-a-la-fraternite-et-a-la-cohesion-sociale","name":"C\u00e9l\u00e9bration de l'excellence scolaire dans le canton Gu\u00e9bi\u00e9, la CONASU appelle les populations \u00e0 la fraternit\u00e9 et \u00e0 la coh\u00e9sion sociale - C\u00f4te d&#039;Ivoire","isPartOf":{"@id":"https:\/\/www.africa-press.net\/cotedivoire\/#website"},"primaryImageOfPage":{"@id":"https:\/\/www.africa-press.net\/cotedivoire\/toutes-les-actualites\/celebration-de-lexcellence-scolaire-dans-le-canton-guebie-la-conasu-appelle-les-populations-a-la-fraternite-et-a-la-cohesion-sociale#primaryimage"},"image":{"@id":"https:\/\/www.africa-press.net\/cotedivoire\/toutes-les-actualites\/celebration-de-lexcellence-scolaire-dans-le-canton-guebie-la-conasu-appelle-les-populations-a-la-fraternite-et-a-la-cohesion-sociale#primaryimage"},"thumbnailUrl":"https:\/\/static.africa-press.net\/cote\/sites\/43\/2024\/07\/sm_1720457992.991737.jpg","datePublished":"2024-07-08T20:11:42+00:00","dateModified":"2024-07-09T13:57:11+00:00","author":{"@id":"https:\/\/www.africa-press.net\/cotedivoire\/#\/schema\/person\/2b1cf3cd81a31e3cd26889ca66d677f1"},"description":"L\u2019association des e\u0301le\u0300ves et e\u0301tudiants du Canton Gue\u0301bie\u0301 e\u0301tait en fe\u0302te, ce samedi 6 juin a\u0300 Gnagbodougnoa dans le d ...","breadcrumb":{"@id":"https:\/\/www.africa-press.net\/cotedivoire\/toutes-les-actualites\/celebration-de-lexcellence-scolaire-dans-le-canton-guebie-la-conasu-appelle-les-populations-a-la-fraternite-et-a-la-cohesion-sociale#breadcrumb"},"inLanguage":"fr-FR","potentialAction":[{"@type":"ReadAction","target":["https:\/\/www.africa-press.net\/cotedivoire\/toutes-les-actualites\/celebration-de-lexcellence-scolaire-dans-le-canton-guebie-la-conasu-appelle-les-populations-a-la-fraternite-et-a-la-cohesion-sociale"]}]},{"@type":"ImageObject","inLanguage":"fr-FR","@id":"https:\/\/www.africa-press.net\/cotedivoire\/toutes-les-actualites\/celebration-de-lexcellence-scolaire-dans-le-canton-guebie-la-conasu-appelle-les-populations-a-la-fraternite-et-a-la-cohesion-sociale#primaryimage","url":"https:\/\/static.africa-press.net\/cote\/sites\/43\/2024\/07\/sm_1720457992.991737.jpg","contentUrl":"https:\/\/static.africa-press.net\/cote\/sites\/43\/2024\/07\/sm_1720457992.991737.jpg","width":720,"height":480,"caption":"C\u00e9l\u00e9bration de l'excellence scolaire dans le canton Gu\u00e9bi\u00e9, la CONASU appelle les populations \u00e0 la fraternit\u00e9 et \u00e0 la coh\u00e9sion sociale"},{"@type":"BreadcrumbList","@id":"https:\/\/www.africa-press.net\/cotedivoire\/toutes-les-actualites\/celebration-de-lexcellence-scolaire-dans-le-canton-guebie-la-conasu-appelle-les-populations-a-la-fraternite-et-a-la-cohesion-sociale#breadcrumb","itemListElement":[{"@type":"ListItem","position":1,"name":"Accueil","item":"https:\/\/www.africa-press.net\/cotedivoire\/"},{"@type":"ListItem","position":2,"name":"C\u00e9l\u00e9bration de l&#8217;excellence scolaire dans le canton Gu\u00e9bi\u00e9, la CONASU appelle les populations \u00e0 la fraternit\u00e9 et \u00e0 la coh\u00e9sion sociale"}]},{"@type":"WebSite","@id":"https:\/\/www.africa-press.net\/cotedivoire\/#website","url":"https:\/\/www.africa-press.net\/cotedivoire\/","name":"C\u00f4te d&#039;Ivoire","description":"Just another Africa News Agency Sites site","potentialAction":[{"@type":"SearchAction","target":{"@type":"EntryPoint","urlTemplate":"https:\/\/www.africa-press.net\/cotedivoire\/?s={search_term_string}"},"query-input":{"@type":"PropertyValueSpecification","valueRequired":true,"valueName":"search_term_string"}}],"inLanguage":"fr-FR"},{"@type":"Person","@id":"https:\/\/www.africa-press.net\/cotedivoire\/#\/schema\/person\/2b1cf3cd81a31e3cd26889ca66d677f1","name":"cfeditorfr"}]}},"_links":{"self":[{"href":"https:\/\/www.africa-press.net\/cotedivoire\/wp-json\/wp\/v2\/posts\/83429","targetHints":{"allow":["GET"]}}],"collection":[{"href":"https:\/\/www.africa-press.net\/cotedivoire\/wp-json\/wp\/v2\/posts"}],"about":[{"href":"https:\/\/www.africa-press.net\/cotedivoire\/wp-json\/wp\/v2\/types\/post"}],"author":[{"embeddable":true,"href":"https:\/\/www.africa-press.net\/cotedivoire\/wp-json\/wp\/v2\/users\/82"}],"replies":[{"embeddable":true,"href":"https:\/\/www.africa-press.net\/cotedivoire\/wp-json\/wp\/v2\/comments?post=83429"}],"version-history":[{"count":0,"href":"https:\/\/www.africa-press.net\/cotedivoire\/wp-json\/wp\/v2\/posts\/83429\/revisions"}],"wp:featuredmedia":[{"embeddable":true,"href":"https:\/\/www.africa-press.net\/cotedivoire\/wp-json\/wp\/v2\/media\/83428"}],"wp:attachment":[{"href":"https:\/\/www.africa-press.net\/cotedivoire\/wp-json\/wp\/v2\/media?parent=83429"}],"wp:term":[{"taxonomy":"category","embeddable":true,"href":"https:\/\/www.africa-press.net\/cotedivoire\/wp-json\/wp\/v2\/categories?post=83429"},{"taxonomy":"post_tag","embeddable":true,"href":"https:\/\/www.africa-press.net\/cotedivoire\/wp-json\/wp\/v2\/tags?post=83429"}],"curies":[{"name":"wp","href":"https:\/\/api.w.org\/{rel}","templated":true}]}}