{"id":83523,"date":"2024-07-10T16:26:17","date_gmt":"2024-07-10T16:26:17","guid":{"rendered":"https:\/\/www.africa-press.net\/cotedivoire\/politique\/drame-a-port-bouet-le-jeune-etudiant-qui-sest-jete-du-3e-etage-de-la-cite-universitaire-est-decede-apres-son-evacuation"},"modified":"2024-07-10T16:56:33","modified_gmt":"2024-07-10T16:56:33","slug":"drame-a-port-bouet-le-jeune-etudiant-qui-sest-jete-du-3e-etage-de-la-cite-universitaire-est-decede-apres-son-evacuation","status":"publish","type":"post","link":"https:\/\/www.africa-press.net\/cotedivoire\/toutes-les-actualites\/drame-a-port-bouet-le-jeune-etudiant-qui-sest-jete-du-3e-etage-de-la-cite-universitaire-est-decede-apres-son-evacuation","title":{"rendered":"Drame \u00e0 Port-Bou\u00ebt, le jeune \u00e9tudiant qui s&rsquo;est jet\u00e9 du 3e \u00e9tage de la cit\u00e9 universitaire est d\u00e9c\u00e9d\u00e9 apr\u00e8s son \u00e9vacuation"},"content":{"rendered":"<p><span style=\"color: #ff6600\"><strong>Africa-Press &#8211; C\u00f4te d&rsquo;Ivoire. <\/strong><\/span>Le mercredi 10 juillet 2024 restera grave\u0301 dans les me\u0301moires comme une journe\u0301e sombre pour les e\u0301tudiants de la cite\u0301 universitaire de Port-Boue\u0308t 2.<\/p>\n<p>Comme nous le rapportions plus to\u0302t, en ce jour fatidique, un jeune e\u0301tudiant de 24 ans a de\u0301cide\u0301 de mettre fin a\u0300 ses jours en se jetant du troisie\u0300me e\u0301tage du ba\u0302timent B1 de la cite\u0301 universitaire. Le jeune e\u0301tudiant qui s&rsquo;est jete\u0301 du 3e e\u0301tage de la cite\u0301 universitaire est de\u0301ce\u0301de\u0301, apprend KOACI de sources concordantes.<\/p>\n<p>L&rsquo;annonce de cet acte tragique a plonge\u0301 ses camarades, ses professeurs et toute la communaute\u0301 en e\u0301tat de choc et de tristesse.<\/p>\n<p>Les faits se sont de\u0301roule\u0301s dans la matine\u0301e de ce mercredi. Des te\u0301moins oculaires ont rapporte\u0301 avoir vu le jeune homme, en proie a\u0300 une grande de\u0301tresse avant de se jeter dans le vide. Les secours ont e\u0301te\u0301 imme\u0301diatement alerte\u0301s et le jeune e\u0301tudiant a e\u0301te\u0301 transporte\u0301 d&rsquo;urgence au Centre Hospitalier Universitaire (CHU) de Treichville. Malgre\u0301 les efforts des me\u0301decins pour le sauver, il a succombe\u0301 a\u0300 ses blessures peu de temps apre\u0300s son arrive\u0301e a\u0300 l&rsquo;ho\u0302pital.<\/p>\n<p>Les raisons qui ont pousse\u0301 ce jeune homme a\u0300 commettre cet acte de\u0301sespe\u0301re\u0301 restent pour l&rsquo;instant inconnues. Les autorite\u0301s universitaires et les forces de l&rsquo;ordre ont ouvert une enque\u0302te pour tenter de faire la lumie\u0300re sur cette trage\u0301die.<\/p>\n<p>La mort de ce jeune e\u0301tudiant est un rappel douloureux des de\u0301fis auxquels sont confronte\u0301s les e\u0301tudiants et de la ne\u0301cessite\u0301 de mettre en place des syste\u0300mes de soutien efficaces. En attendant les re\u0301sultats de l&rsquo;enque\u0302te, les e\u0301tudiants de la cite\u0301 universitaire de Port-Boue\u0308t 2 pleurent la perte d&rsquo;un des siens et se mobilise pour honorer sa me\u0301moire.<\/p>\n<p><strong>Pour plus d&rsquo;informations et d&rsquo;analyses sur la C\u00f4te d&rsquo;Ivoire, suivez Africa-Press<\/strong><\/p>\n","protected":false},"excerpt":{"rendered":"<p>Africa-Press &#8211; C\u00f4te d&rsquo;Ivoire. Le mercredi 10 juillet 2024 restera grave\u0301 dans les me\u0301moires comme une journe\u0301e sombre pour les e\u0301tudiants de la cite\u0301 universitaire de Port-Boue\u0308t 2. Comme nous le rapportions plus to\u0302t, en ce jour fatidique, un jeune e\u0301tudiant de 24 ans a de\u0301cide\u0301 de mettre fin a\u0300 ses jours en se jetant [&hellip;]<\/p>\n","protected":false},"author":82,"featured_media":83521,"comment_status":"open","ping_status":"closed","sticky":false,"template":"","format":"standard","meta":{"footnotes":""},"categories":[21,10],"tags":[13050,2890,29,2425,3814,8138],"class_list":["post-83523","post","type-post","status-publish","format-standard","has-post-thumbnail","hentry","category-communaute","category-toutes-les-actualites","tag-bouet","tag-cite","tag-cote-divoire","tag-etudiant","tag-port","tag-universitaire"],"yoast_head":"<!-- This site is optimized with the Yoast SEO Premium plugin v26.1 (Yoast SEO v27.0) - https:\/\/yoast.com\/product\/yoast-seo-premium-wordpress\/ -->\n<title>Drame \u00e0 Port-Bou\u00ebt, le jeune \u00e9tudiant qui s&#039;est jet\u00e9 du 3e \u00e9tage de la cit\u00e9 universitaire est d\u00e9c\u00e9d\u00e9 apr\u00e8s son \u00e9vacuation - C\u00f4te d&#039;Ivoire<\/title>\n<meta name=\"description\" content=\"Le mercredi 10 juillet 2024 restera grave\u0301 dans les me\u0301moires comme une journe\u0301e sombre pour les e\u0301tudiants de la cite\u0301 ...\" \/>\n<meta name=\"robots\" content=\"index, follow, max-snippet:-1, max-image-preview:large, max-video-preview:-1\" \/>\n<link rel=\"canonical\" href=\"https:\/\/www.africa-press.net\/cotedivoire\/toutes-les-actualites\/drame-a-port-bouet-le-jeune-etudiant-qui-sest-jete-du-3e-etage-de-la-cite-universitaire-est-decede-apres-son-evacuation\" \/>\n<meta property=\"og:locale\" content=\"fr_FR\" \/>\n<meta property=\"og:type\" content=\"article\" \/>\n<meta property=\"og:title\" content=\"Drame \u00e0 Port-Bou\u00ebt, le jeune \u00e9tudiant qui s&#039;est jet\u00e9 du 3e \u00e9tage de la cit\u00e9 universitaire est d\u00e9c\u00e9d\u00e9 apr\u00e8s son \u00e9vacuation\" \/>\n<meta property=\"og:description\" content=\"Le mercredi 10 juillet 2024 restera grave\u0301 dans les me\u0301moires comme une journe\u0301e sombre pour les e\u0301tudiants de la cite\u0301 ...\" \/>\n<meta property=\"og:url\" content=\"https:\/\/www.africa-press.net\/cotedivoire\/toutes-les-actualites\/drame-a-port-bouet-le-jeune-etudiant-qui-sest-jete-du-3e-etage-de-la-cite-universitaire-est-decede-apres-son-evacuation\" \/>\n<meta property=\"og:site_name\" content=\"C\u00f4te d&#039;Ivoire\" \/>\n<meta property=\"article:published_time\" content=\"2024-07-10T16:26:17+00:00\" \/>\n<meta property=\"article:modified_time\" content=\"2024-07-10T16:56:33+00:00\" \/>\n<meta property=\"og:image\" content=\"https:\/\/static.africa-press.net\/cote\/sites\/43\/2024\/07\/sm_1720617960.085828.jpg\" \/>\n\t<meta property=\"og:image:width\" content=\"720\" \/>\n\t<meta property=\"og:image:height\" content=\"399\" \/>\n\t<meta property=\"og:image:type\" content=\"image\/jpeg\" \/>\n<meta name=\"author\" content=\"cfeditorfr\" \/>\n<meta name=\"twitter:card\" content=\"summary_large_image\" \/>\n<meta name=\"twitter:label1\" content=\"\u00c9crit par\" \/>\n\t<meta name=\"twitter:data1\" content=\"cfeditorfr\" \/>\n\t<meta name=\"twitter:label2\" content=\"Dur\u00e9e de lecture estim\u00e9e\" \/>\n\t<meta name=\"twitter:data2\" content=\"2 minutes\" \/>\n<script type=\"application\/ld+json\" class=\"yoast-schema-graph\">{\"@context\":\"https:\/\/schema.org\",\"@graph\":[{\"@type\":\"Article\",\"@id\":\"https:\/\/www.africa-press.net\/cotedivoire\/toutes-les-actualites\/drame-a-port-bouet-le-jeune-etudiant-qui-sest-jete-du-3e-etage-de-la-cite-universitaire-est-decede-apres-son-evacuation#article\",\"isPartOf\":{\"@id\":\"https:\/\/www.africa-press.net\/cotedivoire\/toutes-les-actualites\/drame-a-port-bouet-le-jeune-etudiant-qui-sest-jete-du-3e-etage-de-la-cite-universitaire-est-decede-apres-son-evacuation\"},\"author\":{\"name\":\"cfeditorfr\",\"@id\":\"https:\/\/www.africa-press.net\/cotedivoire\/#\/schema\/person\/2b1cf3cd81a31e3cd26889ca66d677f1\"},\"headline\":\"Drame \u00e0 Port-Bou\u00ebt, le jeune \u00e9tudiant qui s&rsquo;est jet\u00e9 du 3e \u00e9tage de la cit\u00e9 universitaire est d\u00e9c\u00e9d\u00e9 apr\u00e8s son \u00e9vacuation\",\"datePublished\":\"2024-07-10T16:26:17+00:00\",\"dateModified\":\"2024-07-10T16:56:33+00:00\",\"mainEntityOfPage\":{\"@id\":\"https:\/\/www.africa-press.net\/cotedivoire\/toutes-les-actualites\/drame-a-port-bouet-le-jeune-etudiant-qui-sest-jete-du-3e-etage-de-la-cite-universitaire-est-decede-apres-son-evacuation\"},\"wordCount\":371,\"commentCount\":0,\"image\":{\"@id\":\"https:\/\/www.africa-press.net\/cotedivoire\/toutes-les-actualites\/drame-a-port-bouet-le-jeune-etudiant-qui-sest-jete-du-3e-etage-de-la-cite-universitaire-est-decede-apres-son-evacuation#primaryimage\"},\"thumbnailUrl\":\"https:\/\/static.africa-press.net\/cote\/sites\/43\/2024\/07\/sm_1720617960.085828.jpg\",\"keywords\":[\"Bou\u00ebt\",\"Cit\u00e9\",\"C\u00d4TE D'IVOIRE\",\"\u00e9tudiant\",\"Port\",\"universitaire\"],\"articleSection\":[\"Communaut\u00e9\",\"Toutes les actualit\u00e9s\"],\"inLanguage\":\"fr-FR\",\"potentialAction\":[{\"@type\":\"CommentAction\",\"name\":\"Comment\",\"target\":[\"https:\/\/www.africa-press.net\/cotedivoire\/toutes-les-actualites\/drame-a-port-bouet-le-jeune-etudiant-qui-sest-jete-du-3e-etage-de-la-cite-universitaire-est-decede-apres-son-evacuation#respond\"]}]},{\"@type\":\"WebPage\",\"@id\":\"https:\/\/www.africa-press.net\/cotedivoire\/toutes-les-actualites\/drame-a-port-bouet-le-jeune-etudiant-qui-sest-jete-du-3e-etage-de-la-cite-universitaire-est-decede-apres-son-evacuation\",\"url\":\"https:\/\/www.africa-press.net\/cotedivoire\/toutes-les-actualites\/drame-a-port-bouet-le-jeune-etudiant-qui-sest-jete-du-3e-etage-de-la-cite-universitaire-est-decede-apres-son-evacuation\",\"name\":\"Drame \u00e0 Port-Bou\u00ebt, le jeune \u00e9tudiant qui s'est jet\u00e9 du 3e \u00e9tage de la cit\u00e9 universitaire est d\u00e9c\u00e9d\u00e9 apr\u00e8s son \u00e9vacuation - C\u00f4te d&#039;Ivoire\",\"isPartOf\":{\"@id\":\"https:\/\/www.africa-press.net\/cotedivoire\/#website\"},\"primaryImageOfPage\":{\"@id\":\"https:\/\/www.africa-press.net\/cotedivoire\/toutes-les-actualites\/drame-a-port-bouet-le-jeune-etudiant-qui-sest-jete-du-3e-etage-de-la-cite-universitaire-est-decede-apres-son-evacuation#primaryimage\"},\"image\":{\"@id\":\"https:\/\/www.africa-press.net\/cotedivoire\/toutes-les-actualites\/drame-a-port-bouet-le-jeune-etudiant-qui-sest-jete-du-3e-etage-de-la-cite-universitaire-est-decede-apres-son-evacuation#primaryimage\"},\"thumbnailUrl\":\"https:\/\/static.africa-press.net\/cote\/sites\/43\/2024\/07\/sm_1720617960.085828.jpg\",\"datePublished\":\"2024-07-10T16:26:17+00:00\",\"dateModified\":\"2024-07-10T16:56:33+00:00\",\"author\":{\"@id\":\"https:\/\/www.africa-press.net\/cotedivoire\/#\/schema\/person\/2b1cf3cd81a31e3cd26889ca66d677f1\"},\"description\":\"Le mercredi 10 juillet 2024 restera grave\u0301 dans les me\u0301moires comme une journe\u0301e sombre pour les e\u0301tudiants de la cite\u0301 ...\",\"breadcrumb\":{\"@id\":\"https:\/\/www.africa-press.net\/cotedivoire\/toutes-les-actualites\/drame-a-port-bouet-le-jeune-etudiant-qui-sest-jete-du-3e-etage-de-la-cite-universitaire-est-decede-apres-son-evacuation#breadcrumb\"},\"inLanguage\":\"fr-FR\",\"potentialAction\":[{\"@type\":\"ReadAction\",\"target\":[\"https:\/\/www.africa-press.net\/cotedivoire\/toutes-les-actualites\/drame-a-port-bouet-le-jeune-etudiant-qui-sest-jete-du-3e-etage-de-la-cite-universitaire-est-decede-apres-son-evacuation\"]}]},{\"@type\":\"ImageObject\",\"inLanguage\":\"fr-FR\",\"@id\":\"https:\/\/www.africa-press.net\/cotedivoire\/toutes-les-actualites\/drame-a-port-bouet-le-jeune-etudiant-qui-sest-jete-du-3e-etage-de-la-cite-universitaire-est-decede-apres-son-evacuation#primaryimage\",\"url\":\"https:\/\/static.africa-press.net\/cote\/sites\/43\/2024\/07\/sm_1720617960.085828.jpg\",\"contentUrl\":\"https:\/\/static.africa-press.net\/cote\/sites\/43\/2024\/07\/sm_1720617960.085828.jpg\",\"width\":720,\"height\":399,\"caption\":\"Drame \u00e0 Port-Bou\u00ebt, le jeune \u00e9tudiant qui s'est jet\u00e9 du 3e \u00e9tage de la cit\u00e9 universitaire est d\u00e9c\u00e9d\u00e9 apr\u00e8s son \u00e9vacuation\"},{\"@type\":\"BreadcrumbList\",\"@id\":\"https:\/\/www.africa-press.net\/cotedivoire\/toutes-les-actualites\/drame-a-port-bouet-le-jeune-etudiant-qui-sest-jete-du-3e-etage-de-la-cite-universitaire-est-decede-apres-son-evacuation#breadcrumb\",\"itemListElement\":[{\"@type\":\"ListItem\",\"position\":1,\"name\":\"Accueil\",\"item\":\"https:\/\/www.africa-press.net\/cotedivoire\/\"},{\"@type\":\"ListItem\",\"position\":2,\"name\":\"Drame \u00e0 Port-Bou\u00ebt, le jeune \u00e9tudiant qui s&#8217;est jet\u00e9 du 3e \u00e9tage de la cit\u00e9 universitaire est d\u00e9c\u00e9d\u00e9 apr\u00e8s son \u00e9vacuation\"}]},{\"@type\":\"WebSite\",\"@id\":\"https:\/\/www.africa-press.net\/cotedivoire\/#website\",\"url\":\"https:\/\/www.africa-press.net\/cotedivoire\/\",\"name\":\"C\u00f4te d&#039;Ivoire\",\"description\":\"Just another Africa News Agency Sites site\",\"potentialAction\":[{\"@type\":\"SearchAction\",\"target\":{\"@type\":\"EntryPoint\",\"urlTemplate\":\"https:\/\/www.africa-press.net\/cotedivoire\/?s={search_term_string}\"},\"query-input\":{\"@type\":\"PropertyValueSpecification\",\"valueRequired\":true,\"valueName\":\"search_term_string\"}}],\"inLanguage\":\"fr-FR\"},{\"@type\":\"Person\",\"@id\":\"https:\/\/www.africa-press.net\/cotedivoire\/#\/schema\/person\/2b1cf3cd81a31e3cd26889ca66d677f1\",\"name\":\"cfeditorfr\"}]}<\/script>\n<!-- \/ Yoast SEO Premium plugin. -->","yoast_head_json":{"title":"Drame \u00e0 Port-Bou\u00ebt, le jeune \u00e9tudiant qui s'est jet\u00e9 du 3e \u00e9tage de la cit\u00e9 universitaire est d\u00e9c\u00e9d\u00e9 apr\u00e8s son \u00e9vacuation - C\u00f4te d&#039;Ivoire","description":"Le mercredi 10 juillet 2024 restera grave\u0301 dans les me\u0301moires comme une journe\u0301e sombre pour les e\u0301tudiants de la cite\u0301 ...","robots":{"index":"index","follow":"follow","max-snippet":"max-snippet:-1","max-image-preview":"max-image-preview:large","max-video-preview":"max-video-preview:-1"},"canonical":"https:\/\/www.africa-press.net\/cotedivoire\/toutes-les-actualites\/drame-a-port-bouet-le-jeune-etudiant-qui-sest-jete-du-3e-etage-de-la-cite-universitaire-est-decede-apres-son-evacuation","og_locale":"fr_FR","og_type":"article","og_title":"Drame \u00e0 Port-Bou\u00ebt, le jeune \u00e9tudiant qui s'est jet\u00e9 du 3e \u00e9tage de la cit\u00e9 universitaire est d\u00e9c\u00e9d\u00e9 apr\u00e8s son \u00e9vacuation","og_description":"Le mercredi 10 juillet 2024 restera grave\u0301 dans les me\u0301moires comme une journe\u0301e sombre pour les e\u0301tudiants de la cite\u0301 ...","og_url":"https:\/\/www.africa-press.net\/cotedivoire\/toutes-les-actualites\/drame-a-port-bouet-le-jeune-etudiant-qui-sest-jete-du-3e-etage-de-la-cite-universitaire-est-decede-apres-son-evacuation","og_site_name":"C\u00f4te d&#039;Ivoire","article_published_time":"2024-07-10T16:26:17+00:00","article_modified_time":"2024-07-10T16:56:33+00:00","og_image":[{"width":720,"height":399,"url":"https:\/\/static.africa-press.net\/cote\/sites\/43\/2024\/07\/sm_1720617960.085828.jpg","type":"image\/jpeg"}],"author":"cfeditorfr","twitter_card":"summary_large_image","twitter_misc":{"\u00c9crit par":"cfeditorfr","Dur\u00e9e de lecture estim\u00e9e":"2 minutes"},"schema":{"@context":"https:\/\/schema.org","@graph":[{"@type":"Article","@id":"https:\/\/www.africa-press.net\/cotedivoire\/toutes-les-actualites\/drame-a-port-bouet-le-jeune-etudiant-qui-sest-jete-du-3e-etage-de-la-cite-universitaire-est-decede-apres-son-evacuation#article","isPartOf":{"@id":"https:\/\/www.africa-press.net\/cotedivoire\/toutes-les-actualites\/drame-a-port-bouet-le-jeune-etudiant-qui-sest-jete-du-3e-etage-de-la-cite-universitaire-est-decede-apres-son-evacuation"},"author":{"name":"cfeditorfr","@id":"https:\/\/www.africa-press.net\/cotedivoire\/#\/schema\/person\/2b1cf3cd81a31e3cd26889ca66d677f1"},"headline":"Drame \u00e0 Port-Bou\u00ebt, le jeune \u00e9tudiant qui s&rsquo;est jet\u00e9 du 3e \u00e9tage de la cit\u00e9 universitaire est d\u00e9c\u00e9d\u00e9 apr\u00e8s son \u00e9vacuation","datePublished":"2024-07-10T16:26:17+00:00","dateModified":"2024-07-10T16:56:33+00:00","mainEntityOfPage":{"@id":"https:\/\/www.africa-press.net\/cotedivoire\/toutes-les-actualites\/drame-a-port-bouet-le-jeune-etudiant-qui-sest-jete-du-3e-etage-de-la-cite-universitaire-est-decede-apres-son-evacuation"},"wordCount":371,"commentCount":0,"image":{"@id":"https:\/\/www.africa-press.net\/cotedivoire\/toutes-les-actualites\/drame-a-port-bouet-le-jeune-etudiant-qui-sest-jete-du-3e-etage-de-la-cite-universitaire-est-decede-apres-son-evacuation#primaryimage"},"thumbnailUrl":"https:\/\/static.africa-press.net\/cote\/sites\/43\/2024\/07\/sm_1720617960.085828.jpg","keywords":["Bou\u00ebt","Cit\u00e9","C\u00d4TE D'IVOIRE","\u00e9tudiant","Port","universitaire"],"articleSection":["Communaut\u00e9","Toutes les actualit\u00e9s"],"inLanguage":"fr-FR","potentialAction":[{"@type":"CommentAction","name":"Comment","target":["https:\/\/www.africa-press.net\/cotedivoire\/toutes-les-actualites\/drame-a-port-bouet-le-jeune-etudiant-qui-sest-jete-du-3e-etage-de-la-cite-universitaire-est-decede-apres-son-evacuation#respond"]}]},{"@type":"WebPage","@id":"https:\/\/www.africa-press.net\/cotedivoire\/toutes-les-actualites\/drame-a-port-bouet-le-jeune-etudiant-qui-sest-jete-du-3e-etage-de-la-cite-universitaire-est-decede-apres-son-evacuation","url":"https:\/\/www.africa-press.net\/cotedivoire\/toutes-les-actualites\/drame-a-port-bouet-le-jeune-etudiant-qui-sest-jete-du-3e-etage-de-la-cite-universitaire-est-decede-apres-son-evacuation","name":"Drame \u00e0 Port-Bou\u00ebt, le jeune \u00e9tudiant qui s'est jet\u00e9 du 3e \u00e9tage de la cit\u00e9 universitaire est d\u00e9c\u00e9d\u00e9 apr\u00e8s son \u00e9vacuation - C\u00f4te d&#039;Ivoire","isPartOf":{"@id":"https:\/\/www.africa-press.net\/cotedivoire\/#website"},"primaryImageOfPage":{"@id":"https:\/\/www.africa-press.net\/cotedivoire\/toutes-les-actualites\/drame-a-port-bouet-le-jeune-etudiant-qui-sest-jete-du-3e-etage-de-la-cite-universitaire-est-decede-apres-son-evacuation#primaryimage"},"image":{"@id":"https:\/\/www.africa-press.net\/cotedivoire\/toutes-les-actualites\/drame-a-port-bouet-le-jeune-etudiant-qui-sest-jete-du-3e-etage-de-la-cite-universitaire-est-decede-apres-son-evacuation#primaryimage"},"thumbnailUrl":"https:\/\/static.africa-press.net\/cote\/sites\/43\/2024\/07\/sm_1720617960.085828.jpg","datePublished":"2024-07-10T16:26:17+00:00","dateModified":"2024-07-10T16:56:33+00:00","author":{"@id":"https:\/\/www.africa-press.net\/cotedivoire\/#\/schema\/person\/2b1cf3cd81a31e3cd26889ca66d677f1"},"description":"Le mercredi 10 juillet 2024 restera grave\u0301 dans les me\u0301moires comme une journe\u0301e sombre pour les e\u0301tudiants de la cite\u0301 ...","breadcrumb":{"@id":"https:\/\/www.africa-press.net\/cotedivoire\/toutes-les-actualites\/drame-a-port-bouet-le-jeune-etudiant-qui-sest-jete-du-3e-etage-de-la-cite-universitaire-est-decede-apres-son-evacuation#breadcrumb"},"inLanguage":"fr-FR","potentialAction":[{"@type":"ReadAction","target":["https:\/\/www.africa-press.net\/cotedivoire\/toutes-les-actualites\/drame-a-port-bouet-le-jeune-etudiant-qui-sest-jete-du-3e-etage-de-la-cite-universitaire-est-decede-apres-son-evacuation"]}]},{"@type":"ImageObject","inLanguage":"fr-FR","@id":"https:\/\/www.africa-press.net\/cotedivoire\/toutes-les-actualites\/drame-a-port-bouet-le-jeune-etudiant-qui-sest-jete-du-3e-etage-de-la-cite-universitaire-est-decede-apres-son-evacuation#primaryimage","url":"https:\/\/static.africa-press.net\/cote\/sites\/43\/2024\/07\/sm_1720617960.085828.jpg","contentUrl":"https:\/\/static.africa-press.net\/cote\/sites\/43\/2024\/07\/sm_1720617960.085828.jpg","width":720,"height":399,"caption":"Drame \u00e0 Port-Bou\u00ebt, le jeune \u00e9tudiant qui s'est jet\u00e9 du 3e \u00e9tage de la cit\u00e9 universitaire est d\u00e9c\u00e9d\u00e9 apr\u00e8s son \u00e9vacuation"},{"@type":"BreadcrumbList","@id":"https:\/\/www.africa-press.net\/cotedivoire\/toutes-les-actualites\/drame-a-port-bouet-le-jeune-etudiant-qui-sest-jete-du-3e-etage-de-la-cite-universitaire-est-decede-apres-son-evacuation#breadcrumb","itemListElement":[{"@type":"ListItem","position":1,"name":"Accueil","item":"https:\/\/www.africa-press.net\/cotedivoire\/"},{"@type":"ListItem","position":2,"name":"Drame \u00e0 Port-Bou\u00ebt, le jeune \u00e9tudiant qui s&#8217;est jet\u00e9 du 3e \u00e9tage de la cit\u00e9 universitaire est d\u00e9c\u00e9d\u00e9 apr\u00e8s son \u00e9vacuation"}]},{"@type":"WebSite","@id":"https:\/\/www.africa-press.net\/cotedivoire\/#website","url":"https:\/\/www.africa-press.net\/cotedivoire\/","name":"C\u00f4te d&#039;Ivoire","description":"Just another Africa News Agency Sites site","potentialAction":[{"@type":"SearchAction","target":{"@type":"EntryPoint","urlTemplate":"https:\/\/www.africa-press.net\/cotedivoire\/?s={search_term_string}"},"query-input":{"@type":"PropertyValueSpecification","valueRequired":true,"valueName":"search_term_string"}}],"inLanguage":"fr-FR"},{"@type":"Person","@id":"https:\/\/www.africa-press.net\/cotedivoire\/#\/schema\/person\/2b1cf3cd81a31e3cd26889ca66d677f1","name":"cfeditorfr"}]}},"_links":{"self":[{"href":"https:\/\/www.africa-press.net\/cotedivoire\/wp-json\/wp\/v2\/posts\/83523","targetHints":{"allow":["GET"]}}],"collection":[{"href":"https:\/\/www.africa-press.net\/cotedivoire\/wp-json\/wp\/v2\/posts"}],"about":[{"href":"https:\/\/www.africa-press.net\/cotedivoire\/wp-json\/wp\/v2\/types\/post"}],"author":[{"embeddable":true,"href":"https:\/\/www.africa-press.net\/cotedivoire\/wp-json\/wp\/v2\/users\/82"}],"replies":[{"embeddable":true,"href":"https:\/\/www.africa-press.net\/cotedivoire\/wp-json\/wp\/v2\/comments?post=83523"}],"version-history":[{"count":0,"href":"https:\/\/www.africa-press.net\/cotedivoire\/wp-json\/wp\/v2\/posts\/83523\/revisions"}],"wp:featuredmedia":[{"embeddable":true,"href":"https:\/\/www.africa-press.net\/cotedivoire\/wp-json\/wp\/v2\/media\/83521"}],"wp:attachment":[{"href":"https:\/\/www.africa-press.net\/cotedivoire\/wp-json\/wp\/v2\/media?parent=83523"}],"wp:term":[{"taxonomy":"category","embeddable":true,"href":"https:\/\/www.africa-press.net\/cotedivoire\/wp-json\/wp\/v2\/categories?post=83523"},{"taxonomy":"post_tag","embeddable":true,"href":"https:\/\/www.africa-press.net\/cotedivoire\/wp-json\/wp\/v2\/tags?post=83523"}],"curies":[{"name":"wp","href":"https:\/\/api.w.org\/{rel}","templated":true}]}}