{"id":83526,"date":"2024-07-10T16:08:34","date_gmt":"2024-07-10T16:08:34","guid":{"rendered":"https:\/\/www.africa-press.net\/cotedivoire\/politique\/filiere-cafe-cacao-le-gouvernement-va-accorder-des-subventions-aux-exportateurs-nationaux-pour-leur-permettre-detre-competitifs-sur-les-marches"},"modified":"2024-07-10T16:56:50","modified_gmt":"2024-07-10T16:56:50","slug":"filiere-cafe-cacao-le-gouvernement-va-accorder-des-subventions-aux-exportateurs-nationaux-pour-leur-permettre-detre-competitifs-sur-les-marches","status":"publish","type":"post","link":"https:\/\/www.africa-press.net\/cotedivoire\/economie\/filiere-cafe-cacao-le-gouvernement-va-accorder-des-subventions-aux-exportateurs-nationaux-pour-leur-permettre-detre-competitifs-sur-les-marches","title":{"rendered":"Fili\u00e8re caf\u00e9-cacao, le gouvernement va accorder des subventions aux exportateurs nationaux pour leur permettre d&rsquo;\u00eatre comp\u00e9titifs sur les march\u00e9s"},"content":{"rendered":"<p><span style=\"color: #ff6600\"><strong>Africa-Press &#8211; C\u00f4te d&rsquo;Ivoire. <\/strong><\/span>Bonne nouvelle pour les exportateurs nationaux de cafe\u0301-cacao. Ils be\u0301ne\u0301ficieront pour les prochaines campagnes de subventions de l&rsquo;E\u0301tat pour l&rsquo;exercice de leur activite\u0301.<\/p>\n<p>Cette de\u0301cision a e\u0301te\u0301 prise, ce mercredi 10 juillet 2024 en conseil des ministres. A travers cette mesure, le Gouvernement veut promouvoir l&rsquo;e\u0301mergence des champions nationaux et assurer leur compe\u0301titivite\u0301 sur le marche\u0301 national et international.<\/p>\n<p>La mesure fraichement prise en conseil des ministres, prend en compte les campagnes cafe\u0301-cacao des pe\u0301riodes 2023-2024, 2024-2025, 2025-2026 et 2026-2027.<\/p>\n<p><strong>Pour plus d&rsquo;informations et d&rsquo;analyses sur la C\u00f4te d&rsquo;Ivoire, suivez Africa-Press<\/strong><\/p>\n","protected":false},"excerpt":{"rendered":"<p>Africa-Press &#8211; C\u00f4te d&rsquo;Ivoire. Bonne nouvelle pour les exportateurs nationaux de cafe\u0301-cacao. Ils be\u0301ne\u0301ficieront pour les prochaines campagnes de subventions de l&rsquo;E\u0301tat pour l&rsquo;exercice de leur activite\u0301. Cette de\u0301cision a e\u0301te\u0301 prise, ce mercredi 10 juillet 2024 en conseil des ministres. A travers cette mesure, le Gouvernement veut promouvoir l&rsquo;e\u0301mergence des champions nationaux et assurer [&hellip;]<\/p>\n","protected":false},"author":82,"featured_media":83524,"comment_status":"open","ping_status":"closed","sticky":false,"template":"","format":"standard","meta":{"footnotes":""},"categories":[3,70,20,10],"tags":[2711,8256,29,4600,14104,5835],"class_list":["post-83526","post","type-post","status-publish","format-standard","has-post-thumbnail","hentry","category-economie","category-to-homepage","category-top-nouvelles","category-toutes-les-actualites","tag-campagne","tag-conseil-des-ministres","tag-cote-divoire","tag-exportateurs","tag-filiere-cafe-cacao","tag-nationaux"],"yoast_head":"<!-- This site is optimized with the Yoast SEO Premium plugin v26.1 (Yoast SEO v27.0) - https:\/\/yoast.com\/product\/yoast-seo-premium-wordpress\/ -->\n<title>Fili\u00e8re caf\u00e9-cacao, le gouvernement va accorder des subventions aux exportateurs nationaux pour leur permettre d&#039;\u00eatre comp\u00e9titifs sur les march\u00e9s - C\u00f4te d&#039;Ivoire<\/title>\n<meta name=\"description\" content=\"Bonne nouvelle pour les exportateurs nationaux de cafe\u0301-cacao. Ils be\u0301ne\u0301ficieront pour les prochaines campagnes de subv ...\" \/>\n<meta name=\"robots\" content=\"index, follow, max-snippet:-1, max-image-preview:large, max-video-preview:-1\" \/>\n<link rel=\"canonical\" href=\"https:\/\/www.africa-press.net\/cotedivoire\/economie\/filiere-cafe-cacao-le-gouvernement-va-accorder-des-subventions-aux-exportateurs-nationaux-pour-leur-permettre-detre-competitifs-sur-les-marches\" \/>\n<meta property=\"og:locale\" content=\"fr_FR\" \/>\n<meta property=\"og:type\" content=\"article\" \/>\n<meta property=\"og:title\" content=\"Fili\u00e8re caf\u00e9-cacao, le gouvernement va accorder des subventions aux exportateurs nationaux pour leur permettre d&#039;\u00eatre comp\u00e9titifs sur les march\u00e9s\" \/>\n<meta property=\"og:description\" content=\"Bonne nouvelle pour les exportateurs nationaux de cafe\u0301-cacao. Ils be\u0301ne\u0301ficieront pour les prochaines campagnes de subv ...\" \/>\n<meta property=\"og:url\" content=\"https:\/\/www.africa-press.net\/cotedivoire\/economie\/filiere-cafe-cacao-le-gouvernement-va-accorder-des-subventions-aux-exportateurs-nationaux-pour-leur-permettre-detre-competitifs-sur-les-marches\" \/>\n<meta property=\"og:site_name\" content=\"C\u00f4te d&#039;Ivoire\" \/>\n<meta property=\"article:published_time\" content=\"2024-07-10T16:08:34+00:00\" \/>\n<meta property=\"article:modified_time\" content=\"2024-07-10T16:56:50+00:00\" \/>\n<meta property=\"og:image\" content=\"https:\/\/static.africa-press.net\/cote\/sites\/43\/2024\/07\/sm_1720617978.345568.jpg\" \/>\n\t<meta property=\"og:image:width\" content=\"720\" \/>\n\t<meta property=\"og:image:height\" content=\"343\" \/>\n\t<meta property=\"og:image:type\" content=\"image\/jpeg\" \/>\n<meta name=\"author\" content=\"cfeditorfr\" \/>\n<meta name=\"twitter:card\" content=\"summary_large_image\" \/>\n<meta name=\"twitter:label1\" content=\"\u00c9crit par\" \/>\n\t<meta name=\"twitter:data1\" content=\"cfeditorfr\" \/>\n\t<meta name=\"twitter:label2\" content=\"Dur\u00e9e de lecture estim\u00e9e\" \/>\n\t<meta name=\"twitter:data2\" content=\"1 minute\" \/>\n<script type=\"application\/ld+json\" class=\"yoast-schema-graph\">{\"@context\":\"https:\/\/schema.org\",\"@graph\":[{\"@type\":\"Article\",\"@id\":\"https:\/\/www.africa-press.net\/cotedivoire\/economie\/filiere-cafe-cacao-le-gouvernement-va-accorder-des-subventions-aux-exportateurs-nationaux-pour-leur-permettre-detre-competitifs-sur-les-marches#article\",\"isPartOf\":{\"@id\":\"https:\/\/www.africa-press.net\/cotedivoire\/economie\/filiere-cafe-cacao-le-gouvernement-va-accorder-des-subventions-aux-exportateurs-nationaux-pour-leur-permettre-detre-competitifs-sur-les-marches\"},\"author\":{\"name\":\"cfeditorfr\",\"@id\":\"https:\/\/www.africa-press.net\/cotedivoire\/#\/schema\/person\/2b1cf3cd81a31e3cd26889ca66d677f1\"},\"headline\":\"Fili\u00e8re caf\u00e9-cacao, le gouvernement va accorder des subventions aux exportateurs nationaux pour leur permettre d&rsquo;\u00eatre comp\u00e9titifs sur les march\u00e9s\",\"datePublished\":\"2024-07-10T16:08:34+00:00\",\"dateModified\":\"2024-07-10T16:56:50+00:00\",\"mainEntityOfPage\":{\"@id\":\"https:\/\/www.africa-press.net\/cotedivoire\/economie\/filiere-cafe-cacao-le-gouvernement-va-accorder-des-subventions-aux-exportateurs-nationaux-pour-leur-permettre-detre-competitifs-sur-les-marches\"},\"wordCount\":136,\"commentCount\":0,\"image\":{\"@id\":\"https:\/\/www.africa-press.net\/cotedivoire\/economie\/filiere-cafe-cacao-le-gouvernement-va-accorder-des-subventions-aux-exportateurs-nationaux-pour-leur-permettre-detre-competitifs-sur-les-marches#primaryimage\"},\"thumbnailUrl\":\"https:\/\/static.africa-press.net\/cote\/sites\/43\/2024\/07\/sm_1720617978.345568.jpg\",\"keywords\":[\"campagne\",\"Conseil des ministres\",\"C\u00d4TE D'IVOIRE\",\"exportateurs\",\"fili\u00e8re caf\u00e9-cacao\",\"nationaux\"],\"articleSection\":[\"\u00c9conomie\",\"to-homepage\",\"Top Nouvelles\",\"Toutes les actualit\u00e9s\"],\"inLanguage\":\"fr-FR\",\"potentialAction\":[{\"@type\":\"CommentAction\",\"name\":\"Comment\",\"target\":[\"https:\/\/www.africa-press.net\/cotedivoire\/economie\/filiere-cafe-cacao-le-gouvernement-va-accorder-des-subventions-aux-exportateurs-nationaux-pour-leur-permettre-detre-competitifs-sur-les-marches#respond\"]}]},{\"@type\":\"WebPage\",\"@id\":\"https:\/\/www.africa-press.net\/cotedivoire\/economie\/filiere-cafe-cacao-le-gouvernement-va-accorder-des-subventions-aux-exportateurs-nationaux-pour-leur-permettre-detre-competitifs-sur-les-marches\",\"url\":\"https:\/\/www.africa-press.net\/cotedivoire\/economie\/filiere-cafe-cacao-le-gouvernement-va-accorder-des-subventions-aux-exportateurs-nationaux-pour-leur-permettre-detre-competitifs-sur-les-marches\",\"name\":\"Fili\u00e8re caf\u00e9-cacao, le gouvernement va accorder des subventions aux exportateurs nationaux pour leur permettre d'\u00eatre comp\u00e9titifs sur les march\u00e9s - C\u00f4te d&#039;Ivoire\",\"isPartOf\":{\"@id\":\"https:\/\/www.africa-press.net\/cotedivoire\/#website\"},\"primaryImageOfPage\":{\"@id\":\"https:\/\/www.africa-press.net\/cotedivoire\/economie\/filiere-cafe-cacao-le-gouvernement-va-accorder-des-subventions-aux-exportateurs-nationaux-pour-leur-permettre-detre-competitifs-sur-les-marches#primaryimage\"},\"image\":{\"@id\":\"https:\/\/www.africa-press.net\/cotedivoire\/economie\/filiere-cafe-cacao-le-gouvernement-va-accorder-des-subventions-aux-exportateurs-nationaux-pour-leur-permettre-detre-competitifs-sur-les-marches#primaryimage\"},\"thumbnailUrl\":\"https:\/\/static.africa-press.net\/cote\/sites\/43\/2024\/07\/sm_1720617978.345568.jpg\",\"datePublished\":\"2024-07-10T16:08:34+00:00\",\"dateModified\":\"2024-07-10T16:56:50+00:00\",\"author\":{\"@id\":\"https:\/\/www.africa-press.net\/cotedivoire\/#\/schema\/person\/2b1cf3cd81a31e3cd26889ca66d677f1\"},\"description\":\"Bonne nouvelle pour les exportateurs nationaux de cafe\u0301-cacao. Ils be\u0301ne\u0301ficieront pour les prochaines campagnes de subv ...\",\"breadcrumb\":{\"@id\":\"https:\/\/www.africa-press.net\/cotedivoire\/economie\/filiere-cafe-cacao-le-gouvernement-va-accorder-des-subventions-aux-exportateurs-nationaux-pour-leur-permettre-detre-competitifs-sur-les-marches#breadcrumb\"},\"inLanguage\":\"fr-FR\",\"potentialAction\":[{\"@type\":\"ReadAction\",\"target\":[\"https:\/\/www.africa-press.net\/cotedivoire\/economie\/filiere-cafe-cacao-le-gouvernement-va-accorder-des-subventions-aux-exportateurs-nationaux-pour-leur-permettre-detre-competitifs-sur-les-marches\"]}]},{\"@type\":\"ImageObject\",\"inLanguage\":\"fr-FR\",\"@id\":\"https:\/\/www.africa-press.net\/cotedivoire\/economie\/filiere-cafe-cacao-le-gouvernement-va-accorder-des-subventions-aux-exportateurs-nationaux-pour-leur-permettre-detre-competitifs-sur-les-marches#primaryimage\",\"url\":\"https:\/\/static.africa-press.net\/cote\/sites\/43\/2024\/07\/sm_1720617978.345568.jpg\",\"contentUrl\":\"https:\/\/static.africa-press.net\/cote\/sites\/43\/2024\/07\/sm_1720617978.345568.jpg\",\"width\":720,\"height\":343,\"caption\":\"Fili\u00e8re caf\u00e9-cacao, le gouvernement va accorder des subventions aux exportateurs nationaux pour leur permettre d'\u00eatre comp\u00e9titifs sur les march\u00e9s\"},{\"@type\":\"BreadcrumbList\",\"@id\":\"https:\/\/www.africa-press.net\/cotedivoire\/economie\/filiere-cafe-cacao-le-gouvernement-va-accorder-des-subventions-aux-exportateurs-nationaux-pour-leur-permettre-detre-competitifs-sur-les-marches#breadcrumb\",\"itemListElement\":[{\"@type\":\"ListItem\",\"position\":1,\"name\":\"Accueil\",\"item\":\"https:\/\/www.africa-press.net\/cotedivoire\/\"},{\"@type\":\"ListItem\",\"position\":2,\"name\":\"Fili\u00e8re caf\u00e9-cacao, le gouvernement va accorder des subventions aux exportateurs nationaux pour leur permettre d&#8217;\u00eatre comp\u00e9titifs sur les march\u00e9s\"}]},{\"@type\":\"WebSite\",\"@id\":\"https:\/\/www.africa-press.net\/cotedivoire\/#website\",\"url\":\"https:\/\/www.africa-press.net\/cotedivoire\/\",\"name\":\"C\u00f4te d&#039;Ivoire\",\"description\":\"Just another Africa News Agency Sites site\",\"potentialAction\":[{\"@type\":\"SearchAction\",\"target\":{\"@type\":\"EntryPoint\",\"urlTemplate\":\"https:\/\/www.africa-press.net\/cotedivoire\/?s={search_term_string}\"},\"query-input\":{\"@type\":\"PropertyValueSpecification\",\"valueRequired\":true,\"valueName\":\"search_term_string\"}}],\"inLanguage\":\"fr-FR\"},{\"@type\":\"Person\",\"@id\":\"https:\/\/www.africa-press.net\/cotedivoire\/#\/schema\/person\/2b1cf3cd81a31e3cd26889ca66d677f1\",\"name\":\"cfeditorfr\"}]}<\/script>\n<!-- \/ Yoast SEO Premium plugin. -->","yoast_head_json":{"title":"Fili\u00e8re caf\u00e9-cacao, le gouvernement va accorder des subventions aux exportateurs nationaux pour leur permettre d'\u00eatre comp\u00e9titifs sur les march\u00e9s - C\u00f4te d&#039;Ivoire","description":"Bonne nouvelle pour les exportateurs nationaux de cafe\u0301-cacao. Ils be\u0301ne\u0301ficieront pour les prochaines campagnes de subv ...","robots":{"index":"index","follow":"follow","max-snippet":"max-snippet:-1","max-image-preview":"max-image-preview:large","max-video-preview":"max-video-preview:-1"},"canonical":"https:\/\/www.africa-press.net\/cotedivoire\/economie\/filiere-cafe-cacao-le-gouvernement-va-accorder-des-subventions-aux-exportateurs-nationaux-pour-leur-permettre-detre-competitifs-sur-les-marches","og_locale":"fr_FR","og_type":"article","og_title":"Fili\u00e8re caf\u00e9-cacao, le gouvernement va accorder des subventions aux exportateurs nationaux pour leur permettre d'\u00eatre comp\u00e9titifs sur les march\u00e9s","og_description":"Bonne nouvelle pour les exportateurs nationaux de cafe\u0301-cacao. Ils be\u0301ne\u0301ficieront pour les prochaines campagnes de subv ...","og_url":"https:\/\/www.africa-press.net\/cotedivoire\/economie\/filiere-cafe-cacao-le-gouvernement-va-accorder-des-subventions-aux-exportateurs-nationaux-pour-leur-permettre-detre-competitifs-sur-les-marches","og_site_name":"C\u00f4te d&#039;Ivoire","article_published_time":"2024-07-10T16:08:34+00:00","article_modified_time":"2024-07-10T16:56:50+00:00","og_image":[{"width":720,"height":343,"url":"https:\/\/static.africa-press.net\/cote\/sites\/43\/2024\/07\/sm_1720617978.345568.jpg","type":"image\/jpeg"}],"author":"cfeditorfr","twitter_card":"summary_large_image","twitter_misc":{"\u00c9crit par":"cfeditorfr","Dur\u00e9e de lecture estim\u00e9e":"1 minute"},"schema":{"@context":"https:\/\/schema.org","@graph":[{"@type":"Article","@id":"https:\/\/www.africa-press.net\/cotedivoire\/economie\/filiere-cafe-cacao-le-gouvernement-va-accorder-des-subventions-aux-exportateurs-nationaux-pour-leur-permettre-detre-competitifs-sur-les-marches#article","isPartOf":{"@id":"https:\/\/www.africa-press.net\/cotedivoire\/economie\/filiere-cafe-cacao-le-gouvernement-va-accorder-des-subventions-aux-exportateurs-nationaux-pour-leur-permettre-detre-competitifs-sur-les-marches"},"author":{"name":"cfeditorfr","@id":"https:\/\/www.africa-press.net\/cotedivoire\/#\/schema\/person\/2b1cf3cd81a31e3cd26889ca66d677f1"},"headline":"Fili\u00e8re caf\u00e9-cacao, le gouvernement va accorder des subventions aux exportateurs nationaux pour leur permettre d&rsquo;\u00eatre comp\u00e9titifs sur les march\u00e9s","datePublished":"2024-07-10T16:08:34+00:00","dateModified":"2024-07-10T16:56:50+00:00","mainEntityOfPage":{"@id":"https:\/\/www.africa-press.net\/cotedivoire\/economie\/filiere-cafe-cacao-le-gouvernement-va-accorder-des-subventions-aux-exportateurs-nationaux-pour-leur-permettre-detre-competitifs-sur-les-marches"},"wordCount":136,"commentCount":0,"image":{"@id":"https:\/\/www.africa-press.net\/cotedivoire\/economie\/filiere-cafe-cacao-le-gouvernement-va-accorder-des-subventions-aux-exportateurs-nationaux-pour-leur-permettre-detre-competitifs-sur-les-marches#primaryimage"},"thumbnailUrl":"https:\/\/static.africa-press.net\/cote\/sites\/43\/2024\/07\/sm_1720617978.345568.jpg","keywords":["campagne","Conseil des ministres","C\u00d4TE D'IVOIRE","exportateurs","fili\u00e8re caf\u00e9-cacao","nationaux"],"articleSection":["\u00c9conomie","to-homepage","Top Nouvelles","Toutes les actualit\u00e9s"],"inLanguage":"fr-FR","potentialAction":[{"@type":"CommentAction","name":"Comment","target":["https:\/\/www.africa-press.net\/cotedivoire\/economie\/filiere-cafe-cacao-le-gouvernement-va-accorder-des-subventions-aux-exportateurs-nationaux-pour-leur-permettre-detre-competitifs-sur-les-marches#respond"]}]},{"@type":"WebPage","@id":"https:\/\/www.africa-press.net\/cotedivoire\/economie\/filiere-cafe-cacao-le-gouvernement-va-accorder-des-subventions-aux-exportateurs-nationaux-pour-leur-permettre-detre-competitifs-sur-les-marches","url":"https:\/\/www.africa-press.net\/cotedivoire\/economie\/filiere-cafe-cacao-le-gouvernement-va-accorder-des-subventions-aux-exportateurs-nationaux-pour-leur-permettre-detre-competitifs-sur-les-marches","name":"Fili\u00e8re caf\u00e9-cacao, le gouvernement va accorder des subventions aux exportateurs nationaux pour leur permettre d'\u00eatre comp\u00e9titifs sur les march\u00e9s - C\u00f4te d&#039;Ivoire","isPartOf":{"@id":"https:\/\/www.africa-press.net\/cotedivoire\/#website"},"primaryImageOfPage":{"@id":"https:\/\/www.africa-press.net\/cotedivoire\/economie\/filiere-cafe-cacao-le-gouvernement-va-accorder-des-subventions-aux-exportateurs-nationaux-pour-leur-permettre-detre-competitifs-sur-les-marches#primaryimage"},"image":{"@id":"https:\/\/www.africa-press.net\/cotedivoire\/economie\/filiere-cafe-cacao-le-gouvernement-va-accorder-des-subventions-aux-exportateurs-nationaux-pour-leur-permettre-detre-competitifs-sur-les-marches#primaryimage"},"thumbnailUrl":"https:\/\/static.africa-press.net\/cote\/sites\/43\/2024\/07\/sm_1720617978.345568.jpg","datePublished":"2024-07-10T16:08:34+00:00","dateModified":"2024-07-10T16:56:50+00:00","author":{"@id":"https:\/\/www.africa-press.net\/cotedivoire\/#\/schema\/person\/2b1cf3cd81a31e3cd26889ca66d677f1"},"description":"Bonne nouvelle pour les exportateurs nationaux de cafe\u0301-cacao. Ils be\u0301ne\u0301ficieront pour les prochaines campagnes de subv ...","breadcrumb":{"@id":"https:\/\/www.africa-press.net\/cotedivoire\/economie\/filiere-cafe-cacao-le-gouvernement-va-accorder-des-subventions-aux-exportateurs-nationaux-pour-leur-permettre-detre-competitifs-sur-les-marches#breadcrumb"},"inLanguage":"fr-FR","potentialAction":[{"@type":"ReadAction","target":["https:\/\/www.africa-press.net\/cotedivoire\/economie\/filiere-cafe-cacao-le-gouvernement-va-accorder-des-subventions-aux-exportateurs-nationaux-pour-leur-permettre-detre-competitifs-sur-les-marches"]}]},{"@type":"ImageObject","inLanguage":"fr-FR","@id":"https:\/\/www.africa-press.net\/cotedivoire\/economie\/filiere-cafe-cacao-le-gouvernement-va-accorder-des-subventions-aux-exportateurs-nationaux-pour-leur-permettre-detre-competitifs-sur-les-marches#primaryimage","url":"https:\/\/static.africa-press.net\/cote\/sites\/43\/2024\/07\/sm_1720617978.345568.jpg","contentUrl":"https:\/\/static.africa-press.net\/cote\/sites\/43\/2024\/07\/sm_1720617978.345568.jpg","width":720,"height":343,"caption":"Fili\u00e8re caf\u00e9-cacao, le gouvernement va accorder des subventions aux exportateurs nationaux pour leur permettre d'\u00eatre comp\u00e9titifs sur les march\u00e9s"},{"@type":"BreadcrumbList","@id":"https:\/\/www.africa-press.net\/cotedivoire\/economie\/filiere-cafe-cacao-le-gouvernement-va-accorder-des-subventions-aux-exportateurs-nationaux-pour-leur-permettre-detre-competitifs-sur-les-marches#breadcrumb","itemListElement":[{"@type":"ListItem","position":1,"name":"Accueil","item":"https:\/\/www.africa-press.net\/cotedivoire\/"},{"@type":"ListItem","position":2,"name":"Fili\u00e8re caf\u00e9-cacao, le gouvernement va accorder des subventions aux exportateurs nationaux pour leur permettre d&#8217;\u00eatre comp\u00e9titifs sur les march\u00e9s"}]},{"@type":"WebSite","@id":"https:\/\/www.africa-press.net\/cotedivoire\/#website","url":"https:\/\/www.africa-press.net\/cotedivoire\/","name":"C\u00f4te d&#039;Ivoire","description":"Just another Africa News Agency Sites site","potentialAction":[{"@type":"SearchAction","target":{"@type":"EntryPoint","urlTemplate":"https:\/\/www.africa-press.net\/cotedivoire\/?s={search_term_string}"},"query-input":{"@type":"PropertyValueSpecification","valueRequired":true,"valueName":"search_term_string"}}],"inLanguage":"fr-FR"},{"@type":"Person","@id":"https:\/\/www.africa-press.net\/cotedivoire\/#\/schema\/person\/2b1cf3cd81a31e3cd26889ca66d677f1","name":"cfeditorfr"}]}},"_links":{"self":[{"href":"https:\/\/www.africa-press.net\/cotedivoire\/wp-json\/wp\/v2\/posts\/83526","targetHints":{"allow":["GET"]}}],"collection":[{"href":"https:\/\/www.africa-press.net\/cotedivoire\/wp-json\/wp\/v2\/posts"}],"about":[{"href":"https:\/\/www.africa-press.net\/cotedivoire\/wp-json\/wp\/v2\/types\/post"}],"author":[{"embeddable":true,"href":"https:\/\/www.africa-press.net\/cotedivoire\/wp-json\/wp\/v2\/users\/82"}],"replies":[{"embeddable":true,"href":"https:\/\/www.africa-press.net\/cotedivoire\/wp-json\/wp\/v2\/comments?post=83526"}],"version-history":[{"count":0,"href":"https:\/\/www.africa-press.net\/cotedivoire\/wp-json\/wp\/v2\/posts\/83526\/revisions"}],"wp:featuredmedia":[{"embeddable":true,"href":"https:\/\/www.africa-press.net\/cotedivoire\/wp-json\/wp\/v2\/media\/83524"}],"wp:attachment":[{"href":"https:\/\/www.africa-press.net\/cotedivoire\/wp-json\/wp\/v2\/media?parent=83526"}],"wp:term":[{"taxonomy":"category","embeddable":true,"href":"https:\/\/www.africa-press.net\/cotedivoire\/wp-json\/wp\/v2\/categories?post=83526"},{"taxonomy":"post_tag","embeddable":true,"href":"https:\/\/www.africa-press.net\/cotedivoire\/wp-json\/wp\/v2\/tags?post=83526"}],"curies":[{"name":"wp","href":"https:\/\/api.w.org\/{rel}","templated":true}]}}