{"id":83671,"date":"2024-07-13T14:50:20","date_gmt":"2024-07-13T14:50:20","guid":{"rendered":"https:\/\/www.africa-press.net\/cotedivoire\/politique\/gambie-le-vice-president-des-brics-ahoua-don-mello-chez-adama-barrow-a-moscou-pour-renforcer-la-collaboration-au-nom-de-poutine"},"modified":"2024-07-13T15:12:13","modified_gmt":"2024-07-13T15:12:13","slug":"gambie-le-vice-president-des-brics-ahoua-don-mello-chez-adama-barrow-a-moscou-pour-renforcer-la-collaboration-au-nom-de-poutine","status":"publish","type":"post","link":"https:\/\/www.africa-press.net\/cotedivoire\/politique\/gambie-le-vice-president-des-brics-ahoua-don-mello-chez-adama-barrow-a-moscou-pour-renforcer-la-collaboration-au-nom-de-poutine","title":{"rendered":"Gambie, le vice-pr\u00e9sident des BRICS Ahoua Don Mello chez Adama Barrow \u00e0 Moscou  pour renforcer la collaboration au nom de Poutine"},"content":{"rendered":"<p><span style=\"color: #ff6600\"><strong>Africa-Press &#8211; C\u00f4te d&rsquo;Ivoire. <\/strong><\/span>Le vice-pre\u0301sident de l&rsquo;Alliance des Brics, Ahoua Don Mello, a e\u0301te\u0301 rec\u0327u par le pre\u0301sident Gambien Adama Barrow.<\/p>\n<p>Selon le cadre du PPA-CI, il s\u2019agit du renforcement des collaborations avec les pays non-BRICS.<\/p>\n<p>\u00ab C\u2019est un accueil plus que chaleureux qui a e\u0301te\u0301 re\u0301serve\u0301 a\u0300 la de\u0301le\u0301gation des BRICS que je conduisais. Ce fut pour nous l\u2019occasion de discuter avec monsieur le pre\u0301sident, de grands projets qui pourraient voir le jour tre\u0300s prochainement. Ce fut une rencontre fructueuse qui s\u2019est de\u0301roule\u0301e et s\u2019est acheve\u0301e dans une ambiance conviviale \u00bb, a relaye\u0301 l\u2019ancien Ministre de Laurent Gbagbo.<\/p>\n<p><strong>Pour plus d&rsquo;informations et d&rsquo;analyses sur la C\u00f4te d&rsquo;Ivoire, suivez Africa-Press<\/strong><\/p>\n","protected":false},"excerpt":{"rendered":"<p>Africa-Press &#8211; C\u00f4te d&rsquo;Ivoire. Le vice-pre\u0301sident de l&rsquo;Alliance des Brics, Ahoua Don Mello, a e\u0301te\u0301 rec\u0327u par le pre\u0301sident Gambien Adama Barrow. Selon le cadre du PPA-CI, il s\u2019agit du renforcement des collaborations avec les pays non-BRICS. \u00ab C\u2019est un accueil plus que chaleureux qui a e\u0301te\u0301 re\u0301serve\u0301 a\u0300 la de\u0301le\u0301gation des BRICS que je [&hellip;]<\/p>\n","protected":false},"author":82,"featured_media":83670,"comment_status":"open","ping_status":"closed","sticky":false,"template":"","format":"standard","meta":{"footnotes":""},"categories":[2,10],"tags":[9782,2387,8392,29,50,9267],"class_list":{"0":"post-83671","1":"post","2":"type-post","3":"status-publish","4":"format-standard","5":"has-post-thumbnail","6":"hentry","7":"category-politique","8":"category-toutes-les-actualites","10":"tag-ahoua-don-mello","11":"tag-brics","12":"tag-cote-divoire","13":"tag-laurent-gbagbo","14":"tag-poutine"},"yoast_head":"<!-- This site is optimized with the Yoast SEO Premium plugin v26.1 (Yoast SEO v27.0) - https:\/\/yoast.com\/product\/yoast-seo-premium-wordpress\/ -->\n<title>Gambie, le vice-pr\u00e9sident des BRICS Ahoua Don Mello chez Adama Barrow \u00e0 Moscou pour renforcer la collaboration au nom de Poutine - C\u00f4te d&#039;Ivoire<\/title>\n<meta name=\"description\" content=\"Le vice-pre\u0301sident de l&#039;Alliance des Brics, Ahoua Don Mello, a e\u0301te\u0301 rec\u0327u par le pre\u0301sident Gambien Adama Barrow. Selo ...\" \/>\n<meta name=\"robots\" content=\"index, follow, max-snippet:-1, max-image-preview:large, max-video-preview:-1\" \/>\n<link rel=\"canonical\" href=\"https:\/\/www.africa-press.net\/cotedivoire\/politique\/gambie-le-vice-president-des-brics-ahoua-don-mello-chez-adama-barrow-a-moscou-pour-renforcer-la-collaboration-au-nom-de-poutine\" \/>\n<meta property=\"og:locale\" content=\"fr_FR\" \/>\n<meta property=\"og:type\" content=\"article\" \/>\n<meta property=\"og:title\" content=\"Gambie, le vice-pr\u00e9sident des BRICS Ahoua Don Mello chez Adama Barrow \u00e0 Moscou pour renforcer la collaboration au nom de Poutine\" \/>\n<meta property=\"og:description\" content=\"Le vice-pre\u0301sident de l&#039;Alliance des Brics, Ahoua Don Mello, a e\u0301te\u0301 rec\u0327u par le pre\u0301sident Gambien Adama Barrow. Selo ...\" \/>\n<meta property=\"og:url\" content=\"https:\/\/www.africa-press.net\/cotedivoire\/politique\/gambie-le-vice-president-des-brics-ahoua-don-mello-chez-adama-barrow-a-moscou-pour-renforcer-la-collaboration-au-nom-de-poutine\" \/>\n<meta property=\"og:site_name\" content=\"C\u00f4te d&#039;Ivoire\" \/>\n<meta property=\"article:published_time\" content=\"2024-07-13T14:50:20+00:00\" \/>\n<meta property=\"article:modified_time\" content=\"2024-07-13T15:12:13+00:00\" \/>\n<meta property=\"og:image\" content=\"https:\/\/static.africa-press.net\/cote\/sites\/43\/2024\/07\/sm_1720870887.60185.jpg\" \/>\n\t<meta property=\"og:image:width\" content=\"720\" \/>\n\t<meta property=\"og:image:height\" content=\"540\" \/>\n\t<meta property=\"og:image:type\" content=\"image\/jpeg\" \/>\n<meta name=\"author\" content=\"cfeditorfr\" \/>\n<meta name=\"twitter:card\" content=\"summary_large_image\" \/>\n<meta name=\"twitter:label1\" content=\"\u00c9crit par\" \/>\n\t<meta name=\"twitter:data1\" content=\"cfeditorfr\" \/>\n\t<meta name=\"twitter:label2\" content=\"Dur\u00e9e de lecture estim\u00e9e\" \/>\n\t<meta name=\"twitter:data2\" content=\"1 minute\" \/>\n<script type=\"application\/ld+json\" class=\"yoast-schema-graph\">{\"@context\":\"https:\/\/schema.org\",\"@graph\":[{\"@type\":\"Article\",\"@id\":\"https:\/\/www.africa-press.net\/cotedivoire\/politique\/gambie-le-vice-president-des-brics-ahoua-don-mello-chez-adama-barrow-a-moscou-pour-renforcer-la-collaboration-au-nom-de-poutine#article\",\"isPartOf\":{\"@id\":\"https:\/\/www.africa-press.net\/cotedivoire\/politique\/gambie-le-vice-president-des-brics-ahoua-don-mello-chez-adama-barrow-a-moscou-pour-renforcer-la-collaboration-au-nom-de-poutine\"},\"author\":{\"name\":\"cfeditorfr\",\"@id\":\"https:\/\/www.africa-press.net\/cotedivoire\/#\/schema\/person\/2b1cf3cd81a31e3cd26889ca66d677f1\"},\"headline\":\"Gambie, le vice-pr\u00e9sident des BRICS Ahoua Don Mello chez Adama Barrow \u00e0 Moscou pour renforcer la collaboration au nom de Poutine\",\"datePublished\":\"2024-07-13T14:50:20+00:00\",\"dateModified\":\"2024-07-13T15:12:13+00:00\",\"mainEntityOfPage\":{\"@id\":\"https:\/\/www.africa-press.net\/cotedivoire\/politique\/gambie-le-vice-president-des-brics-ahoua-don-mello-chez-adama-barrow-a-moscou-pour-renforcer-la-collaboration-au-nom-de-poutine\"},\"wordCount\":156,\"commentCount\":0,\"image\":{\"@id\":\"https:\/\/www.africa-press.net\/cotedivoire\/politique\/gambie-le-vice-president-des-brics-ahoua-don-mello-chez-adama-barrow-a-moscou-pour-renforcer-la-collaboration-au-nom-de-poutine#primaryimage\"},\"thumbnailUrl\":\"https:\/\/static.africa-press.net\/cote\/sites\/43\/2024\/07\/sm_1720870887.60185.jpg\",\"keywords\":[\"Adama Barrow\",\"Ahoua Don Mello\",\"Brics\",\"C\u00d4TE D'IVOIRE\",\"Laurent Gbagbo\",\"Poutine\"],\"articleSection\":[\"Politique\",\"Toutes les actualit\u00e9s\"],\"inLanguage\":\"fr-FR\",\"potentialAction\":[{\"@type\":\"CommentAction\",\"name\":\"Comment\",\"target\":[\"https:\/\/www.africa-press.net\/cotedivoire\/politique\/gambie-le-vice-president-des-brics-ahoua-don-mello-chez-adama-barrow-a-moscou-pour-renforcer-la-collaboration-au-nom-de-poutine#respond\"]}]},{\"@type\":\"WebPage\",\"@id\":\"https:\/\/www.africa-press.net\/cotedivoire\/politique\/gambie-le-vice-president-des-brics-ahoua-don-mello-chez-adama-barrow-a-moscou-pour-renforcer-la-collaboration-au-nom-de-poutine\",\"url\":\"https:\/\/www.africa-press.net\/cotedivoire\/politique\/gambie-le-vice-president-des-brics-ahoua-don-mello-chez-adama-barrow-a-moscou-pour-renforcer-la-collaboration-au-nom-de-poutine\",\"name\":\"Gambie, le vice-pr\u00e9sident des BRICS Ahoua Don Mello chez Adama Barrow \u00e0 Moscou pour renforcer la collaboration au nom de Poutine - C\u00f4te d&#039;Ivoire\",\"isPartOf\":{\"@id\":\"https:\/\/www.africa-press.net\/cotedivoire\/#website\"},\"primaryImageOfPage\":{\"@id\":\"https:\/\/www.africa-press.net\/cotedivoire\/politique\/gambie-le-vice-president-des-brics-ahoua-don-mello-chez-adama-barrow-a-moscou-pour-renforcer-la-collaboration-au-nom-de-poutine#primaryimage\"},\"image\":{\"@id\":\"https:\/\/www.africa-press.net\/cotedivoire\/politique\/gambie-le-vice-president-des-brics-ahoua-don-mello-chez-adama-barrow-a-moscou-pour-renforcer-la-collaboration-au-nom-de-poutine#primaryimage\"},\"thumbnailUrl\":\"https:\/\/static.africa-press.net\/cote\/sites\/43\/2024\/07\/sm_1720870887.60185.jpg\",\"datePublished\":\"2024-07-13T14:50:20+00:00\",\"dateModified\":\"2024-07-13T15:12:13+00:00\",\"author\":{\"@id\":\"https:\/\/www.africa-press.net\/cotedivoire\/#\/schema\/person\/2b1cf3cd81a31e3cd26889ca66d677f1\"},\"description\":\"Le vice-pre\u0301sident de l'Alliance des Brics, Ahoua Don Mello, a e\u0301te\u0301 rec\u0327u par le pre\u0301sident Gambien Adama Barrow. Selo ...\",\"breadcrumb\":{\"@id\":\"https:\/\/www.africa-press.net\/cotedivoire\/politique\/gambie-le-vice-president-des-brics-ahoua-don-mello-chez-adama-barrow-a-moscou-pour-renforcer-la-collaboration-au-nom-de-poutine#breadcrumb\"},\"inLanguage\":\"fr-FR\",\"potentialAction\":[{\"@type\":\"ReadAction\",\"target\":[\"https:\/\/www.africa-press.net\/cotedivoire\/politique\/gambie-le-vice-president-des-brics-ahoua-don-mello-chez-adama-barrow-a-moscou-pour-renforcer-la-collaboration-au-nom-de-poutine\"]}]},{\"@type\":\"ImageObject\",\"inLanguage\":\"fr-FR\",\"@id\":\"https:\/\/www.africa-press.net\/cotedivoire\/politique\/gambie-le-vice-president-des-brics-ahoua-don-mello-chez-adama-barrow-a-moscou-pour-renforcer-la-collaboration-au-nom-de-poutine#primaryimage\",\"url\":\"https:\/\/static.africa-press.net\/cote\/sites\/43\/2024\/07\/sm_1720870887.60185.jpg\",\"contentUrl\":\"https:\/\/static.africa-press.net\/cote\/sites\/43\/2024\/07\/sm_1720870887.60185.jpg\",\"width\":720,\"height\":540,\"caption\":\"Gambie, le vice-pr\u00e9sident des BRICS Ahoua Don Mello chez Adama Barrow \u00e0 Moscou pour renforcer la collaboration au nom de Poutine\"},{\"@type\":\"BreadcrumbList\",\"@id\":\"https:\/\/www.africa-press.net\/cotedivoire\/politique\/gambie-le-vice-president-des-brics-ahoua-don-mello-chez-adama-barrow-a-moscou-pour-renforcer-la-collaboration-au-nom-de-poutine#breadcrumb\",\"itemListElement\":[{\"@type\":\"ListItem\",\"position\":1,\"name\":\"Accueil\",\"item\":\"https:\/\/www.africa-press.net\/cotedivoire\/\"},{\"@type\":\"ListItem\",\"position\":2,\"name\":\"Gambie, le vice-pr\u00e9sident des BRICS Ahoua Don Mello chez Adama Barrow \u00e0 Moscou pour renforcer la collaboration au nom de Poutine\"}]},{\"@type\":\"WebSite\",\"@id\":\"https:\/\/www.africa-press.net\/cotedivoire\/#website\",\"url\":\"https:\/\/www.africa-press.net\/cotedivoire\/\",\"name\":\"C\u00f4te d&#039;Ivoire\",\"description\":\"Just another Africa News Agency Sites site\",\"potentialAction\":[{\"@type\":\"SearchAction\",\"target\":{\"@type\":\"EntryPoint\",\"urlTemplate\":\"https:\/\/www.africa-press.net\/cotedivoire\/?s={search_term_string}\"},\"query-input\":{\"@type\":\"PropertyValueSpecification\",\"valueRequired\":true,\"valueName\":\"search_term_string\"}}],\"inLanguage\":\"fr-FR\"},{\"@type\":\"Person\",\"@id\":\"https:\/\/www.africa-press.net\/cotedivoire\/#\/schema\/person\/2b1cf3cd81a31e3cd26889ca66d677f1\",\"name\":\"cfeditorfr\"}]}<\/script>\n<!-- \/ Yoast SEO Premium plugin. -->","yoast_head_json":{"title":"Gambie, le vice-pr\u00e9sident des BRICS Ahoua Don Mello chez Adama Barrow \u00e0 Moscou pour renforcer la collaboration au nom de Poutine - C\u00f4te d&#039;Ivoire","description":"Le vice-pre\u0301sident de l'Alliance des Brics, Ahoua Don Mello, a e\u0301te\u0301 rec\u0327u par le pre\u0301sident Gambien Adama Barrow. Selo ...","robots":{"index":"index","follow":"follow","max-snippet":"max-snippet:-1","max-image-preview":"max-image-preview:large","max-video-preview":"max-video-preview:-1"},"canonical":"https:\/\/www.africa-press.net\/cotedivoire\/politique\/gambie-le-vice-president-des-brics-ahoua-don-mello-chez-adama-barrow-a-moscou-pour-renforcer-la-collaboration-au-nom-de-poutine","og_locale":"fr_FR","og_type":"article","og_title":"Gambie, le vice-pr\u00e9sident des BRICS Ahoua Don Mello chez Adama Barrow \u00e0 Moscou pour renforcer la collaboration au nom de Poutine","og_description":"Le vice-pre\u0301sident de l'Alliance des Brics, Ahoua Don Mello, a e\u0301te\u0301 rec\u0327u par le pre\u0301sident Gambien Adama Barrow. Selo ...","og_url":"https:\/\/www.africa-press.net\/cotedivoire\/politique\/gambie-le-vice-president-des-brics-ahoua-don-mello-chez-adama-barrow-a-moscou-pour-renforcer-la-collaboration-au-nom-de-poutine","og_site_name":"C\u00f4te d&#039;Ivoire","article_published_time":"2024-07-13T14:50:20+00:00","article_modified_time":"2024-07-13T15:12:13+00:00","og_image":[{"width":720,"height":540,"url":"https:\/\/static.africa-press.net\/cote\/sites\/43\/2024\/07\/sm_1720870887.60185.jpg","type":"image\/jpeg"}],"author":"cfeditorfr","twitter_card":"summary_large_image","twitter_misc":{"\u00c9crit par":"cfeditorfr","Dur\u00e9e de lecture estim\u00e9e":"1 minute"},"schema":{"@context":"https:\/\/schema.org","@graph":[{"@type":"Article","@id":"https:\/\/www.africa-press.net\/cotedivoire\/politique\/gambie-le-vice-president-des-brics-ahoua-don-mello-chez-adama-barrow-a-moscou-pour-renforcer-la-collaboration-au-nom-de-poutine#article","isPartOf":{"@id":"https:\/\/www.africa-press.net\/cotedivoire\/politique\/gambie-le-vice-president-des-brics-ahoua-don-mello-chez-adama-barrow-a-moscou-pour-renforcer-la-collaboration-au-nom-de-poutine"},"author":{"name":"cfeditorfr","@id":"https:\/\/www.africa-press.net\/cotedivoire\/#\/schema\/person\/2b1cf3cd81a31e3cd26889ca66d677f1"},"headline":"Gambie, le vice-pr\u00e9sident des BRICS Ahoua Don Mello chez Adama Barrow \u00e0 Moscou pour renforcer la collaboration au nom de Poutine","datePublished":"2024-07-13T14:50:20+00:00","dateModified":"2024-07-13T15:12:13+00:00","mainEntityOfPage":{"@id":"https:\/\/www.africa-press.net\/cotedivoire\/politique\/gambie-le-vice-president-des-brics-ahoua-don-mello-chez-adama-barrow-a-moscou-pour-renforcer-la-collaboration-au-nom-de-poutine"},"wordCount":156,"commentCount":0,"image":{"@id":"https:\/\/www.africa-press.net\/cotedivoire\/politique\/gambie-le-vice-president-des-brics-ahoua-don-mello-chez-adama-barrow-a-moscou-pour-renforcer-la-collaboration-au-nom-de-poutine#primaryimage"},"thumbnailUrl":"https:\/\/static.africa-press.net\/cote\/sites\/43\/2024\/07\/sm_1720870887.60185.jpg","keywords":["Adama Barrow","Ahoua Don Mello","Brics","C\u00d4TE D'IVOIRE","Laurent Gbagbo","Poutine"],"articleSection":["Politique","Toutes les actualit\u00e9s"],"inLanguage":"fr-FR","potentialAction":[{"@type":"CommentAction","name":"Comment","target":["https:\/\/www.africa-press.net\/cotedivoire\/politique\/gambie-le-vice-president-des-brics-ahoua-don-mello-chez-adama-barrow-a-moscou-pour-renforcer-la-collaboration-au-nom-de-poutine#respond"]}]},{"@type":"WebPage","@id":"https:\/\/www.africa-press.net\/cotedivoire\/politique\/gambie-le-vice-president-des-brics-ahoua-don-mello-chez-adama-barrow-a-moscou-pour-renforcer-la-collaboration-au-nom-de-poutine","url":"https:\/\/www.africa-press.net\/cotedivoire\/politique\/gambie-le-vice-president-des-brics-ahoua-don-mello-chez-adama-barrow-a-moscou-pour-renforcer-la-collaboration-au-nom-de-poutine","name":"Gambie, le vice-pr\u00e9sident des BRICS Ahoua Don Mello chez Adama Barrow \u00e0 Moscou pour renforcer la collaboration au nom de Poutine - C\u00f4te d&#039;Ivoire","isPartOf":{"@id":"https:\/\/www.africa-press.net\/cotedivoire\/#website"},"primaryImageOfPage":{"@id":"https:\/\/www.africa-press.net\/cotedivoire\/politique\/gambie-le-vice-president-des-brics-ahoua-don-mello-chez-adama-barrow-a-moscou-pour-renforcer-la-collaboration-au-nom-de-poutine#primaryimage"},"image":{"@id":"https:\/\/www.africa-press.net\/cotedivoire\/politique\/gambie-le-vice-president-des-brics-ahoua-don-mello-chez-adama-barrow-a-moscou-pour-renforcer-la-collaboration-au-nom-de-poutine#primaryimage"},"thumbnailUrl":"https:\/\/static.africa-press.net\/cote\/sites\/43\/2024\/07\/sm_1720870887.60185.jpg","datePublished":"2024-07-13T14:50:20+00:00","dateModified":"2024-07-13T15:12:13+00:00","author":{"@id":"https:\/\/www.africa-press.net\/cotedivoire\/#\/schema\/person\/2b1cf3cd81a31e3cd26889ca66d677f1"},"description":"Le vice-pre\u0301sident de l'Alliance des Brics, Ahoua Don Mello, a e\u0301te\u0301 rec\u0327u par le pre\u0301sident Gambien Adama Barrow. Selo ...","breadcrumb":{"@id":"https:\/\/www.africa-press.net\/cotedivoire\/politique\/gambie-le-vice-president-des-brics-ahoua-don-mello-chez-adama-barrow-a-moscou-pour-renforcer-la-collaboration-au-nom-de-poutine#breadcrumb"},"inLanguage":"fr-FR","potentialAction":[{"@type":"ReadAction","target":["https:\/\/www.africa-press.net\/cotedivoire\/politique\/gambie-le-vice-president-des-brics-ahoua-don-mello-chez-adama-barrow-a-moscou-pour-renforcer-la-collaboration-au-nom-de-poutine"]}]},{"@type":"ImageObject","inLanguage":"fr-FR","@id":"https:\/\/www.africa-press.net\/cotedivoire\/politique\/gambie-le-vice-president-des-brics-ahoua-don-mello-chez-adama-barrow-a-moscou-pour-renforcer-la-collaboration-au-nom-de-poutine#primaryimage","url":"https:\/\/static.africa-press.net\/cote\/sites\/43\/2024\/07\/sm_1720870887.60185.jpg","contentUrl":"https:\/\/static.africa-press.net\/cote\/sites\/43\/2024\/07\/sm_1720870887.60185.jpg","width":720,"height":540,"caption":"Gambie, le vice-pr\u00e9sident des BRICS Ahoua Don Mello chez Adama Barrow \u00e0 Moscou pour renforcer la collaboration au nom de Poutine"},{"@type":"BreadcrumbList","@id":"https:\/\/www.africa-press.net\/cotedivoire\/politique\/gambie-le-vice-president-des-brics-ahoua-don-mello-chez-adama-barrow-a-moscou-pour-renforcer-la-collaboration-au-nom-de-poutine#breadcrumb","itemListElement":[{"@type":"ListItem","position":1,"name":"Accueil","item":"https:\/\/www.africa-press.net\/cotedivoire\/"},{"@type":"ListItem","position":2,"name":"Gambie, le vice-pr\u00e9sident des BRICS Ahoua Don Mello chez Adama Barrow \u00e0 Moscou pour renforcer la collaboration au nom de Poutine"}]},{"@type":"WebSite","@id":"https:\/\/www.africa-press.net\/cotedivoire\/#website","url":"https:\/\/www.africa-press.net\/cotedivoire\/","name":"C\u00f4te d&#039;Ivoire","description":"Just another Africa News Agency Sites site","potentialAction":[{"@type":"SearchAction","target":{"@type":"EntryPoint","urlTemplate":"https:\/\/www.africa-press.net\/cotedivoire\/?s={search_term_string}"},"query-input":{"@type":"PropertyValueSpecification","valueRequired":true,"valueName":"search_term_string"}}],"inLanguage":"fr-FR"},{"@type":"Person","@id":"https:\/\/www.africa-press.net\/cotedivoire\/#\/schema\/person\/2b1cf3cd81a31e3cd26889ca66d677f1","name":"cfeditorfr"}]}},"_links":{"self":[{"href":"https:\/\/www.africa-press.net\/cotedivoire\/wp-json\/wp\/v2\/posts\/83671","targetHints":{"allow":["GET"]}}],"collection":[{"href":"https:\/\/www.africa-press.net\/cotedivoire\/wp-json\/wp\/v2\/posts"}],"about":[{"href":"https:\/\/www.africa-press.net\/cotedivoire\/wp-json\/wp\/v2\/types\/post"}],"author":[{"embeddable":true,"href":"https:\/\/www.africa-press.net\/cotedivoire\/wp-json\/wp\/v2\/users\/82"}],"replies":[{"embeddable":true,"href":"https:\/\/www.africa-press.net\/cotedivoire\/wp-json\/wp\/v2\/comments?post=83671"}],"version-history":[{"count":0,"href":"https:\/\/www.africa-press.net\/cotedivoire\/wp-json\/wp\/v2\/posts\/83671\/revisions"}],"wp:featuredmedia":[{"embeddable":true,"href":"https:\/\/www.africa-press.net\/cotedivoire\/wp-json\/wp\/v2\/media\/83670"}],"wp:attachment":[{"href":"https:\/\/www.africa-press.net\/cotedivoire\/wp-json\/wp\/v2\/media?parent=83671"}],"wp:term":[{"taxonomy":"category","embeddable":true,"href":"https:\/\/www.africa-press.net\/cotedivoire\/wp-json\/wp\/v2\/categories?post=83671"},{"taxonomy":"post_tag","embeddable":true,"href":"https:\/\/www.africa-press.net\/cotedivoire\/wp-json\/wp\/v2\/tags?post=83671"}],"curies":[{"name":"wp","href":"https:\/\/api.w.org\/{rel}","templated":true}]}}