{"id":8369,"date":"2021-05-30T15:11:27","date_gmt":"2021-05-30T15:11:27","guid":{"rendered":"https:\/\/www.africa-press.net\/cotedivoire\/?p=8369"},"modified":"2021-05-30T17:16:24","modified_gmt":"2021-05-30T17:16:24","slug":"flambee-des-prix-face-aux-deputes-pdci-des-associations-de-consommateurs-accusent-les-intermediaires-et-les-reseaux-mafieux","status":"publish","type":"post","link":"https:\/\/www.africa-press.net\/cotedivoire\/economie\/flambee-des-prix-face-aux-deputes-pdci-des-associations-de-consommateurs-accusent-les-intermediaires-et-les-reseaux-mafieux","title":{"rendered":"Flamb\u00e9e des prix \/ Face aux d\u00e9put\u00e9s Pdci: Des associations de consommateurs accusent les interm\u00e9diaires et les r\u00e9seaux mafieux"},"content":{"rendered":"<p><span style=\"color: #ff6600\"><strong><a href=\"https:\/\/www.africa-press.net\/\">Africa-Press<\/a> &#8211; <a href=\"https:\/\/www.africa-press.net\/cotedivoire\">C\u00f4te d&rsquo;Ivoire<\/a>. <\/strong><\/span>Le groupe parlementaire Pdci-Rda sous l\u2019impulsion de son porte-parole Yasmina Ou\u00e9gnin rencontre depuis quelques jours les groupes sociaux organis\u00e9s afin de comprendre certains maux qui minent la soci\u00e9t\u00e9 ivoirienne dans sa diversit\u00e9.<br \/>\nApr\u00e8s les industriels qui vivent directement les cons\u00e9quences des d\u00e9lestages \u00e9lectriques, ce groupe de d\u00e9put\u00e9s a \u00e9t\u00e9 re\u00e7u jeudi par des associations de consommateurs. Au Plateau, \u00e0 Adjam\u00e9 et en zone 4, ils ont pu \u00e9changer sans tabou avec des organisations de consommateurs dont la F\u00e9d\u00e9ration nationale des associations de consommateurs de C\u00f4te d\u2019ivoire de Soumahoro Ben N\u2019Faly et l\u2019Union f\u00e9d\u00e9rale des consommateurs de Jean-Baptiste Koffi.<br \/>\nLes d\u00e9put\u00e9s ont voulu comprendre la vie de ces organisations, leurs actions sur le terrain, les interactions avec le gouvernement et surtout les facteurs du march\u00e9 qui font flamber les prix.<\/p>\n<p>Que ce soit Ben N\u2019faly, que ce soit Jean-Baptiste Koffi, tous ont expliqu\u00e9 que les organisations qu\u2019ils dirigent vivent sans grands moyens financiers, vu qu\u2019elles ne b\u00e9n\u00e9ficient pas de subventions de l\u2019\u00e9tat. Mais, rel\u00e8vent-ils, leurs courage et d\u00e9termination permettent de gagner bien des combats. Quant \u00e0 la flamb\u00e9e des prix en cas de chocs \u00e9conomiques comme le Covid 19 et \u00e0 pr\u00e9sent le d\u00e9lestage, Ben N\u2019faly a point\u00e9 du doigt les mafias \u00ab contre qui personne ne peut rien \u00bb. Selon M. N\u2019faly qui a longuement expliqu\u00e9 les agissements de ces mafias, les augmentations constat\u00e9es \u00e7\u00e0 et l\u00e0 sont de leur fait. Dans le transport, dans la distribution de la viande et dans bien d\u2019autres secteurs vitaux. Il accuse \u00e9galement les interm\u00e9diaires dont l\u2019activisme g\u00e9n\u00e8re les faux frais. C\u2019est l\u2019exemple dans le secteur de la viande. Selon Ben N\u2019faly, la viande est livr\u00e9e \u00e0 1800 FCFA le kilogramme \u00e0 l\u2019abattoir. Mais, du fait des interm\u00e9diaires, le prix du kilogramme au consommateur s\u2019\u00e9l\u00e8ve aujourd\u2019hui \u00e0 2.500 voir 3000 F sur certains march\u00e9s. Le prix de la viande, r\u00e9v\u00e8le-t-il, est aussi tributaire des taxes et autres faux frais. Il cite notamment le co\u00fbt de l\u2019abattage \u00e0 la machine qui est pass\u00e9 de 5000 FCFA \u00e0 17.000 FCFA par b\u00eate. Un co\u00fbt que les grossistes et d\u00e9taillants r\u00e9percutent sur les prix m\u00eame en cas de panne des machines d\u2019abattage.<br \/>\nMais, en tout \u00e9tat de cause, M<br \/>\nN\u2019faly pense que les consommateurs constituent eux-m\u00eames la principale cause de la hausse des prix et du commerce en C\u00f4te d\u2019ivoire. \u00ab Le probl\u00e8me aujourd\u2019hui, c\u2019est nous-m\u00eames les consommateurs. Nous avons un pouvoir de boycott que nous n\u2019exer\u00e7ons pas assez \u00bb, fulmine-t-il.<\/p>\n<p>En r\u00e9action, des d\u00e9put\u00e9s ont accus\u00e9 le mouvement des consommateurs en C\u00f4te d\u2019ivoire de se faire souvent complice du gouvernement en adh\u00e9rant \u00e0 des structures \u00e9tatiques qui \u00e9tranglent leur vraie ind\u00e9pendance. \u00ab Nous ne sentons pas l\u2019impact de vos actions sur le terrain \u00bb, a r\u00e9torqu\u00e9 un autre d\u00e9put\u00e9. A ce niveau Ben N\u2019faly r\u00e9pond que le mouvement des consommateurs en C\u00f4te d\u2019ivoire n\u2019est ni un syndicat, ni un adversaire du gouvernement. \u00ab Nous avons un r\u00f4le transversal consistant \u00e0 remonter les probl\u00e8mes que nous rencontrons sur les march\u00e9s et nous sommes une association ouverte. On aura une solution lorsque les consommateurs ivoiriens comprendront que leurs actions peuvent jouer sur les d\u00e9cisions du gouvernement \u00ab , indique Ben N\u2019faly.<\/p>\n<p>Tirant quelques conclusions de cette rencontre, la d\u00e9put\u00e9e Yasmina Ou\u00e9gnin s\u2019est dite convaincue qu\u2019il y a une prise de conscience qui n\u2019est pas encore une r\u00e9alit\u00e9 chez le consommateur ivoirien. Pour elle, il y a une n\u00e9cessit\u00e9 \u00e0 s\u2019engager pour l\u2019action collective.<\/p>\n<p>&nbsp;<\/p>\n","protected":false},"excerpt":{"rendered":"<p>Africa-Press &#8211; C\u00f4te d&rsquo;Ivoire. Le groupe parlementaire Pdci-Rda sous l\u2019impulsion de son porte-parole Yasmina Ou\u00e9gnin rencontre depuis quelques jours les groupes sociaux organis\u00e9s afin de comprendre certains maux qui minent la soci\u00e9t\u00e9 ivoirienne dans sa diversit\u00e9. Apr\u00e8s les industriels qui vivent directement les cons\u00e9quences des d\u00e9lestages \u00e9lectriques, ce groupe de d\u00e9put\u00e9s a \u00e9t\u00e9 re\u00e7u jeudi [&hellip;]<\/p>\n","protected":false},"author":82,"featured_media":8368,"comment_status":"open","ping_status":"closed","sticky":false,"template":"","format":"standard","meta":{"footnotes":""},"categories":[3,11,10],"tags":[56,63,29],"class_list":["post-8369","post","type-post","status-publish","format-standard","has-post-thumbnail","hentry","category-economie","category-homepage-french","category-toutes-les-actualites","tag-africa-press","tag-africa-press-cote-divoire","tag-cote-divoire"],"yoast_head":"<!-- This site is optimized with the Yoast SEO Premium plugin v26.1 (Yoast SEO v27.0) - https:\/\/yoast.com\/product\/yoast-seo-premium-wordpress\/ -->\n<title>Flamb\u00e9e des prix \/ Face aux d\u00e9put\u00e9s Pdci: Des associations de consommateurs accusent les interm\u00e9diaires et les r\u00e9seaux mafieux - C\u00f4te d&#039;Ivoire<\/title>\n<meta name=\"description\" content=\"Le groupe parlementaire Pdci-Rda sous l\u2019impulsion de son porte-parole Yasmina Ou\u00e9gnin rencontre depuis quelques jours le ...\" \/>\n<meta name=\"robots\" content=\"index, follow, max-snippet:-1, max-image-preview:large, max-video-preview:-1\" \/>\n<link rel=\"canonical\" href=\"https:\/\/www.africa-press.net\/cotedivoire\/economie\/flambee-des-prix-face-aux-deputes-pdci-des-associations-de-consommateurs-accusent-les-intermediaires-et-les-reseaux-mafieux\" \/>\n<meta property=\"og:locale\" content=\"fr_FR\" \/>\n<meta property=\"og:type\" content=\"article\" \/>\n<meta property=\"og:title\" content=\"Flamb\u00e9e des prix \/ Face aux d\u00e9put\u00e9s Pdci: Des associations de consommateurs accusent les interm\u00e9diaires et les r\u00e9seaux mafieux\" \/>\n<meta property=\"og:description\" content=\"Le groupe parlementaire Pdci-Rda sous l\u2019impulsion de son porte-parole Yasmina Ou\u00e9gnin rencontre depuis quelques jours le ...\" \/>\n<meta property=\"og:url\" content=\"https:\/\/www.africa-press.net\/cotedivoire\/economie\/flambee-des-prix-face-aux-deputes-pdci-des-associations-de-consommateurs-accusent-les-intermediaires-et-les-reseaux-mafieux\" \/>\n<meta property=\"og:site_name\" content=\"C\u00f4te d&#039;Ivoire\" \/>\n<meta property=\"article:published_time\" content=\"2021-05-30T15:11:27+00:00\" \/>\n<meta property=\"article:modified_time\" content=\"2021-05-30T17:16:24+00:00\" \/>\n<meta property=\"og:image\" content=\"https:\/\/static.africa-press.net\/cote\/sites\/43\/2021\/05\/img-60b3a69b20f20.jpg\" \/>\n\t<meta property=\"og:image:width\" content=\"1560\" \/>\n\t<meta property=\"og:image:height\" content=\"1170\" \/>\n\t<meta property=\"og:image:type\" content=\"image\/jpeg\" \/>\n<meta name=\"author\" content=\"cfeditorfr\" \/>\n<meta name=\"twitter:card\" content=\"summary_large_image\" \/>\n<meta name=\"twitter:label1\" content=\"\u00c9crit par\" \/>\n\t<meta name=\"twitter:data1\" content=\"cfeditorfr\" \/>\n\t<meta name=\"twitter:label2\" content=\"Dur\u00e9e de lecture estim\u00e9e\" \/>\n\t<meta name=\"twitter:data2\" content=\"3 minutes\" \/>\n<script type=\"application\/ld+json\" class=\"yoast-schema-graph\">{\"@context\":\"https:\/\/schema.org\",\"@graph\":[{\"@type\":\"Article\",\"@id\":\"https:\/\/www.africa-press.net\/cotedivoire\/economie\/flambee-des-prix-face-aux-deputes-pdci-des-associations-de-consommateurs-accusent-les-intermediaires-et-les-reseaux-mafieux#article\",\"isPartOf\":{\"@id\":\"https:\/\/www.africa-press.net\/cotedivoire\/economie\/flambee-des-prix-face-aux-deputes-pdci-des-associations-de-consommateurs-accusent-les-intermediaires-et-les-reseaux-mafieux\"},\"author\":{\"name\":\"cfeditorfr\",\"@id\":\"https:\/\/www.africa-press.net\/cotedivoire\/#\/schema\/person\/2b1cf3cd81a31e3cd26889ca66d677f1\"},\"headline\":\"Flamb\u00e9e des prix \/ Face aux d\u00e9put\u00e9s Pdci: Des associations de consommateurs accusent les interm\u00e9diaires et les r\u00e9seaux mafieux\",\"datePublished\":\"2021-05-30T15:11:27+00:00\",\"dateModified\":\"2021-05-30T17:16:24+00:00\",\"mainEntityOfPage\":{\"@id\":\"https:\/\/www.africa-press.net\/cotedivoire\/economie\/flambee-des-prix-face-aux-deputes-pdci-des-associations-de-consommateurs-accusent-les-intermediaires-et-les-reseaux-mafieux\"},\"wordCount\":666,\"commentCount\":0,\"image\":{\"@id\":\"https:\/\/www.africa-press.net\/cotedivoire\/economie\/flambee-des-prix-face-aux-deputes-pdci-des-associations-de-consommateurs-accusent-les-intermediaires-et-les-reseaux-mafieux#primaryimage\"},\"thumbnailUrl\":\"https:\/\/static.africa-press.net\/cote\/sites\/43\/2021\/05\/img-60b3a69b20f20.jpg\",\"keywords\":[\"Africa Press\",\"Africa Press-C\u00f4te d'Ivoire\",\"C\u00d4TE D'IVOIRE\"],\"articleSection\":[\"\u00c9conomie\",\"homepage-french\",\"Toutes les actualit\u00e9s\"],\"inLanguage\":\"fr-FR\",\"potentialAction\":[{\"@type\":\"CommentAction\",\"name\":\"Comment\",\"target\":[\"https:\/\/www.africa-press.net\/cotedivoire\/economie\/flambee-des-prix-face-aux-deputes-pdci-des-associations-de-consommateurs-accusent-les-intermediaires-et-les-reseaux-mafieux#respond\"]}]},{\"@type\":\"WebPage\",\"@id\":\"https:\/\/www.africa-press.net\/cotedivoire\/economie\/flambee-des-prix-face-aux-deputes-pdci-des-associations-de-consommateurs-accusent-les-intermediaires-et-les-reseaux-mafieux\",\"url\":\"https:\/\/www.africa-press.net\/cotedivoire\/economie\/flambee-des-prix-face-aux-deputes-pdci-des-associations-de-consommateurs-accusent-les-intermediaires-et-les-reseaux-mafieux\",\"name\":\"Flamb\u00e9e des prix \/ Face aux d\u00e9put\u00e9s Pdci: Des associations de consommateurs accusent les interm\u00e9diaires et les r\u00e9seaux mafieux - C\u00f4te d&#039;Ivoire\",\"isPartOf\":{\"@id\":\"https:\/\/www.africa-press.net\/cotedivoire\/#website\"},\"primaryImageOfPage\":{\"@id\":\"https:\/\/www.africa-press.net\/cotedivoire\/economie\/flambee-des-prix-face-aux-deputes-pdci-des-associations-de-consommateurs-accusent-les-intermediaires-et-les-reseaux-mafieux#primaryimage\"},\"image\":{\"@id\":\"https:\/\/www.africa-press.net\/cotedivoire\/economie\/flambee-des-prix-face-aux-deputes-pdci-des-associations-de-consommateurs-accusent-les-intermediaires-et-les-reseaux-mafieux#primaryimage\"},\"thumbnailUrl\":\"https:\/\/static.africa-press.net\/cote\/sites\/43\/2021\/05\/img-60b3a69b20f20.jpg\",\"datePublished\":\"2021-05-30T15:11:27+00:00\",\"dateModified\":\"2021-05-30T17:16:24+00:00\",\"author\":{\"@id\":\"https:\/\/www.africa-press.net\/cotedivoire\/#\/schema\/person\/2b1cf3cd81a31e3cd26889ca66d677f1\"},\"description\":\"Le groupe parlementaire Pdci-Rda sous l\u2019impulsion de son porte-parole Yasmina Ou\u00e9gnin rencontre depuis quelques jours le ...\",\"breadcrumb\":{\"@id\":\"https:\/\/www.africa-press.net\/cotedivoire\/economie\/flambee-des-prix-face-aux-deputes-pdci-des-associations-de-consommateurs-accusent-les-intermediaires-et-les-reseaux-mafieux#breadcrumb\"},\"inLanguage\":\"fr-FR\",\"potentialAction\":[{\"@type\":\"ReadAction\",\"target\":[\"https:\/\/www.africa-press.net\/cotedivoire\/economie\/flambee-des-prix-face-aux-deputes-pdci-des-associations-de-consommateurs-accusent-les-intermediaires-et-les-reseaux-mafieux\"]}]},{\"@type\":\"ImageObject\",\"inLanguage\":\"fr-FR\",\"@id\":\"https:\/\/www.africa-press.net\/cotedivoire\/economie\/flambee-des-prix-face-aux-deputes-pdci-des-associations-de-consommateurs-accusent-les-intermediaires-et-les-reseaux-mafieux#primaryimage\",\"url\":\"https:\/\/static.africa-press.net\/cote\/sites\/43\/2021\/05\/img-60b3a69b20f20.jpg\",\"contentUrl\":\"https:\/\/static.africa-press.net\/cote\/sites\/43\/2021\/05\/img-60b3a69b20f20.jpg\",\"width\":1560,\"height\":1170,\"caption\":\"Flamb\u00e9e des prix \/ Face aux d\u00e9put\u00e9s Pdci: Des associations de consommateurs accusent les interm\u00e9diaires et les r\u00e9seaux mafieux\"},{\"@type\":\"BreadcrumbList\",\"@id\":\"https:\/\/www.africa-press.net\/cotedivoire\/economie\/flambee-des-prix-face-aux-deputes-pdci-des-associations-de-consommateurs-accusent-les-intermediaires-et-les-reseaux-mafieux#breadcrumb\",\"itemListElement\":[{\"@type\":\"ListItem\",\"position\":1,\"name\":\"Accueil\",\"item\":\"https:\/\/www.africa-press.net\/cotedivoire\/\"},{\"@type\":\"ListItem\",\"position\":2,\"name\":\"Flamb\u00e9e des prix \/ Face aux d\u00e9put\u00e9s Pdci: Des associations de consommateurs accusent les interm\u00e9diaires et les r\u00e9seaux mafieux\"}]},{\"@type\":\"WebSite\",\"@id\":\"https:\/\/www.africa-press.net\/cotedivoire\/#website\",\"url\":\"https:\/\/www.africa-press.net\/cotedivoire\/\",\"name\":\"C\u00f4te d&#039;Ivoire\",\"description\":\"Just another Africa News Agency Sites site\",\"potentialAction\":[{\"@type\":\"SearchAction\",\"target\":{\"@type\":\"EntryPoint\",\"urlTemplate\":\"https:\/\/www.africa-press.net\/cotedivoire\/?s={search_term_string}\"},\"query-input\":{\"@type\":\"PropertyValueSpecification\",\"valueRequired\":true,\"valueName\":\"search_term_string\"}}],\"inLanguage\":\"fr-FR\"},{\"@type\":\"Person\",\"@id\":\"https:\/\/www.africa-press.net\/cotedivoire\/#\/schema\/person\/2b1cf3cd81a31e3cd26889ca66d677f1\",\"name\":\"cfeditorfr\"}]}<\/script>\n<!-- \/ Yoast SEO Premium plugin. -->","yoast_head_json":{"title":"Flamb\u00e9e des prix \/ Face aux d\u00e9put\u00e9s Pdci: Des associations de consommateurs accusent les interm\u00e9diaires et les r\u00e9seaux mafieux - C\u00f4te d&#039;Ivoire","description":"Le groupe parlementaire Pdci-Rda sous l\u2019impulsion de son porte-parole Yasmina Ou\u00e9gnin rencontre depuis quelques jours le ...","robots":{"index":"index","follow":"follow","max-snippet":"max-snippet:-1","max-image-preview":"max-image-preview:large","max-video-preview":"max-video-preview:-1"},"canonical":"https:\/\/www.africa-press.net\/cotedivoire\/economie\/flambee-des-prix-face-aux-deputes-pdci-des-associations-de-consommateurs-accusent-les-intermediaires-et-les-reseaux-mafieux","og_locale":"fr_FR","og_type":"article","og_title":"Flamb\u00e9e des prix \/ Face aux d\u00e9put\u00e9s Pdci: Des associations de consommateurs accusent les interm\u00e9diaires et les r\u00e9seaux mafieux","og_description":"Le groupe parlementaire Pdci-Rda sous l\u2019impulsion de son porte-parole Yasmina Ou\u00e9gnin rencontre depuis quelques jours le ...","og_url":"https:\/\/www.africa-press.net\/cotedivoire\/economie\/flambee-des-prix-face-aux-deputes-pdci-des-associations-de-consommateurs-accusent-les-intermediaires-et-les-reseaux-mafieux","og_site_name":"C\u00f4te d&#039;Ivoire","article_published_time":"2021-05-30T15:11:27+00:00","article_modified_time":"2021-05-30T17:16:24+00:00","og_image":[{"width":1560,"height":1170,"url":"https:\/\/static.africa-press.net\/cote\/sites\/43\/2021\/05\/img-60b3a69b20f20.jpg","type":"image\/jpeg"}],"author":"cfeditorfr","twitter_card":"summary_large_image","twitter_misc":{"\u00c9crit par":"cfeditorfr","Dur\u00e9e de lecture estim\u00e9e":"3 minutes"},"schema":{"@context":"https:\/\/schema.org","@graph":[{"@type":"Article","@id":"https:\/\/www.africa-press.net\/cotedivoire\/economie\/flambee-des-prix-face-aux-deputes-pdci-des-associations-de-consommateurs-accusent-les-intermediaires-et-les-reseaux-mafieux#article","isPartOf":{"@id":"https:\/\/www.africa-press.net\/cotedivoire\/economie\/flambee-des-prix-face-aux-deputes-pdci-des-associations-de-consommateurs-accusent-les-intermediaires-et-les-reseaux-mafieux"},"author":{"name":"cfeditorfr","@id":"https:\/\/www.africa-press.net\/cotedivoire\/#\/schema\/person\/2b1cf3cd81a31e3cd26889ca66d677f1"},"headline":"Flamb\u00e9e des prix \/ Face aux d\u00e9put\u00e9s Pdci: Des associations de consommateurs accusent les interm\u00e9diaires et les r\u00e9seaux mafieux","datePublished":"2021-05-30T15:11:27+00:00","dateModified":"2021-05-30T17:16:24+00:00","mainEntityOfPage":{"@id":"https:\/\/www.africa-press.net\/cotedivoire\/economie\/flambee-des-prix-face-aux-deputes-pdci-des-associations-de-consommateurs-accusent-les-intermediaires-et-les-reseaux-mafieux"},"wordCount":666,"commentCount":0,"image":{"@id":"https:\/\/www.africa-press.net\/cotedivoire\/economie\/flambee-des-prix-face-aux-deputes-pdci-des-associations-de-consommateurs-accusent-les-intermediaires-et-les-reseaux-mafieux#primaryimage"},"thumbnailUrl":"https:\/\/static.africa-press.net\/cote\/sites\/43\/2021\/05\/img-60b3a69b20f20.jpg","keywords":["Africa Press","Africa Press-C\u00f4te d'Ivoire","C\u00d4TE D'IVOIRE"],"articleSection":["\u00c9conomie","homepage-french","Toutes les actualit\u00e9s"],"inLanguage":"fr-FR","potentialAction":[{"@type":"CommentAction","name":"Comment","target":["https:\/\/www.africa-press.net\/cotedivoire\/economie\/flambee-des-prix-face-aux-deputes-pdci-des-associations-de-consommateurs-accusent-les-intermediaires-et-les-reseaux-mafieux#respond"]}]},{"@type":"WebPage","@id":"https:\/\/www.africa-press.net\/cotedivoire\/economie\/flambee-des-prix-face-aux-deputes-pdci-des-associations-de-consommateurs-accusent-les-intermediaires-et-les-reseaux-mafieux","url":"https:\/\/www.africa-press.net\/cotedivoire\/economie\/flambee-des-prix-face-aux-deputes-pdci-des-associations-de-consommateurs-accusent-les-intermediaires-et-les-reseaux-mafieux","name":"Flamb\u00e9e des prix \/ Face aux d\u00e9put\u00e9s Pdci: Des associations de consommateurs accusent les interm\u00e9diaires et les r\u00e9seaux mafieux - C\u00f4te d&#039;Ivoire","isPartOf":{"@id":"https:\/\/www.africa-press.net\/cotedivoire\/#website"},"primaryImageOfPage":{"@id":"https:\/\/www.africa-press.net\/cotedivoire\/economie\/flambee-des-prix-face-aux-deputes-pdci-des-associations-de-consommateurs-accusent-les-intermediaires-et-les-reseaux-mafieux#primaryimage"},"image":{"@id":"https:\/\/www.africa-press.net\/cotedivoire\/economie\/flambee-des-prix-face-aux-deputes-pdci-des-associations-de-consommateurs-accusent-les-intermediaires-et-les-reseaux-mafieux#primaryimage"},"thumbnailUrl":"https:\/\/static.africa-press.net\/cote\/sites\/43\/2021\/05\/img-60b3a69b20f20.jpg","datePublished":"2021-05-30T15:11:27+00:00","dateModified":"2021-05-30T17:16:24+00:00","author":{"@id":"https:\/\/www.africa-press.net\/cotedivoire\/#\/schema\/person\/2b1cf3cd81a31e3cd26889ca66d677f1"},"description":"Le groupe parlementaire Pdci-Rda sous l\u2019impulsion de son porte-parole Yasmina Ou\u00e9gnin rencontre depuis quelques jours le ...","breadcrumb":{"@id":"https:\/\/www.africa-press.net\/cotedivoire\/economie\/flambee-des-prix-face-aux-deputes-pdci-des-associations-de-consommateurs-accusent-les-intermediaires-et-les-reseaux-mafieux#breadcrumb"},"inLanguage":"fr-FR","potentialAction":[{"@type":"ReadAction","target":["https:\/\/www.africa-press.net\/cotedivoire\/economie\/flambee-des-prix-face-aux-deputes-pdci-des-associations-de-consommateurs-accusent-les-intermediaires-et-les-reseaux-mafieux"]}]},{"@type":"ImageObject","inLanguage":"fr-FR","@id":"https:\/\/www.africa-press.net\/cotedivoire\/economie\/flambee-des-prix-face-aux-deputes-pdci-des-associations-de-consommateurs-accusent-les-intermediaires-et-les-reseaux-mafieux#primaryimage","url":"https:\/\/static.africa-press.net\/cote\/sites\/43\/2021\/05\/img-60b3a69b20f20.jpg","contentUrl":"https:\/\/static.africa-press.net\/cote\/sites\/43\/2021\/05\/img-60b3a69b20f20.jpg","width":1560,"height":1170,"caption":"Flamb\u00e9e des prix \/ Face aux d\u00e9put\u00e9s Pdci: Des associations de consommateurs accusent les interm\u00e9diaires et les r\u00e9seaux mafieux"},{"@type":"BreadcrumbList","@id":"https:\/\/www.africa-press.net\/cotedivoire\/economie\/flambee-des-prix-face-aux-deputes-pdci-des-associations-de-consommateurs-accusent-les-intermediaires-et-les-reseaux-mafieux#breadcrumb","itemListElement":[{"@type":"ListItem","position":1,"name":"Accueil","item":"https:\/\/www.africa-press.net\/cotedivoire\/"},{"@type":"ListItem","position":2,"name":"Flamb\u00e9e des prix \/ Face aux d\u00e9put\u00e9s Pdci: Des associations de consommateurs accusent les interm\u00e9diaires et les r\u00e9seaux mafieux"}]},{"@type":"WebSite","@id":"https:\/\/www.africa-press.net\/cotedivoire\/#website","url":"https:\/\/www.africa-press.net\/cotedivoire\/","name":"C\u00f4te d&#039;Ivoire","description":"Just another Africa News Agency Sites site","potentialAction":[{"@type":"SearchAction","target":{"@type":"EntryPoint","urlTemplate":"https:\/\/www.africa-press.net\/cotedivoire\/?s={search_term_string}"},"query-input":{"@type":"PropertyValueSpecification","valueRequired":true,"valueName":"search_term_string"}}],"inLanguage":"fr-FR"},{"@type":"Person","@id":"https:\/\/www.africa-press.net\/cotedivoire\/#\/schema\/person\/2b1cf3cd81a31e3cd26889ca66d677f1","name":"cfeditorfr"}]}},"_links":{"self":[{"href":"https:\/\/www.africa-press.net\/cotedivoire\/wp-json\/wp\/v2\/posts\/8369","targetHints":{"allow":["GET"]}}],"collection":[{"href":"https:\/\/www.africa-press.net\/cotedivoire\/wp-json\/wp\/v2\/posts"}],"about":[{"href":"https:\/\/www.africa-press.net\/cotedivoire\/wp-json\/wp\/v2\/types\/post"}],"author":[{"embeddable":true,"href":"https:\/\/www.africa-press.net\/cotedivoire\/wp-json\/wp\/v2\/users\/82"}],"replies":[{"embeddable":true,"href":"https:\/\/www.africa-press.net\/cotedivoire\/wp-json\/wp\/v2\/comments?post=8369"}],"version-history":[{"count":0,"href":"https:\/\/www.africa-press.net\/cotedivoire\/wp-json\/wp\/v2\/posts\/8369\/revisions"}],"wp:featuredmedia":[{"embeddable":true,"href":"https:\/\/www.africa-press.net\/cotedivoire\/wp-json\/wp\/v2\/media\/8368"}],"wp:attachment":[{"href":"https:\/\/www.africa-press.net\/cotedivoire\/wp-json\/wp\/v2\/media?parent=8369"}],"wp:term":[{"taxonomy":"category","embeddable":true,"href":"https:\/\/www.africa-press.net\/cotedivoire\/wp-json\/wp\/v2\/categories?post=8369"},{"taxonomy":"post_tag","embeddable":true,"href":"https:\/\/www.africa-press.net\/cotedivoire\/wp-json\/wp\/v2\/tags?post=8369"}],"curies":[{"name":"wp","href":"https:\/\/api.w.org\/{rel}","templated":true}]}}