{"id":8372,"date":"2021-05-30T15:17:08","date_gmt":"2021-05-30T15:17:08","guid":{"rendered":"https:\/\/www.africa-press.net\/cotedivoire\/?p=8372"},"modified":"2021-05-30T17:16:36","modified_gmt":"2021-05-30T17:16:36","slug":"que-personne-nait-peur-du-retour-de-gbagbo-en-cote-divoire-stephane-kipre","status":"publish","type":"post","link":"https:\/\/www.africa-press.net\/cotedivoire\/politique\/que-personne-nait-peur-du-retour-de-gbagbo-en-cote-divoire-stephane-kipre","title":{"rendered":"\u00ab\u00a0Que personne n\u2019ait peur du retour\u00a0\u00bb de Gbagbo   en C\u00f4te-d\u2019Ivoire (St\u00e9phane Kipr\u00e9)"},"content":{"rendered":"<p><span style=\"color: #ff6600\"><strong><a href=\"https:\/\/www.africa-press.net\/\">Africa-Press<\/a> &#8211; <a href=\"https:\/\/www.africa-press.net\/cotedivoire\">C\u00f4te d&rsquo;Ivoire<\/a>. <\/strong><\/span>Le pr\u00e9sident de l\u2019Union des nouvelles g\u00e9n\u00e9rations (UNG, opposition), St\u00e9phane Kipr\u00e9, gendre de Laurent Gbagbo a souhait\u00e9 \u00ab que personne n\u2019ait peur du retour \u00bb en C\u00f4te de l\u2019ancien pr\u00e9sident qui ne vient pas \u00ab dans un esprit revanchard \u00bb, \u00e0 son retour d\u2019exil vendredi.<\/p>\n<p>\u00ab Que personne n\u2019ai peur du retour du pr\u00e9sident Laurent Gbagbo en C\u00f4te d\u2019Ivoire, que personne ne pense ne pense qu\u2019il vient dans un esprit revanchard, il vient juste apporter sa contribution \u00bb, a affirm\u00e9 M. Kipr\u00e9, \u00e0 une c\u00e9r\u00e9monie d\u2019accueil organis\u00e9e par son parti dans un H\u00f4tel \u00e0 Cocody (quartier chic \u00e0 l\u2019est d\u2019Abidjan).<\/p>\n<p>Rentr\u00e9 vendredi en C\u00f4te d\u2019Ivoire apr\u00e8s dix ans d\u2019exil, il a expliqu\u00e9 qu\u2019il \u00ab rentre parce que les autorit\u00e9s ont d\u00e9cid\u00e9 d\u2019engager v\u00e9ritablement la r\u00e9conciliation \u00bb et \u00ab pour prendre (sa) place dans l\u2019opposition r\u00e9publicaine \u00bb<\/p>\n<p>\u00ab Je reviens avec un \u00e9tat d\u2019esprit de paix \u00bb, a assur\u00e9 Stephane Kipr\u00e9, qui remercie le pr\u00e9sident Alassane Ouattara, le gouvernement et le ministre de la R\u00e9conciliation Bertin Kouadio Konan \u00ab avec qui (son) parti a beaucoup travaill\u00e9 pour permettre (son) retour \u00bb.<\/p>\n<p>&nbsp;<\/p>\n","protected":false},"excerpt":{"rendered":"<p>Africa-Press &#8211; C\u00f4te d&rsquo;Ivoire. Le pr\u00e9sident de l\u2019Union des nouvelles g\u00e9n\u00e9rations (UNG, opposition), St\u00e9phane Kipr\u00e9, gendre de Laurent Gbagbo a souhait\u00e9 \u00ab que personne n\u2019ait peur du retour \u00bb en C\u00f4te de l\u2019ancien pr\u00e9sident qui ne vient pas \u00ab dans un esprit revanchard \u00bb, \u00e0 son retour d\u2019exil vendredi. \u00ab Que personne n\u2019ai peur du [&hellip;]<\/p>\n","protected":false},"author":82,"featured_media":8371,"comment_status":"open","ping_status":"closed","sticky":false,"template":"","format":"standard","meta":{"footnotes":""},"categories":[11,2,10],"tags":[56,63,29],"class_list":["post-8372","post","type-post","status-publish","format-standard","has-post-thumbnail","hentry","category-homepage-french","category-politique","category-toutes-les-actualites","tag-africa-press","tag-africa-press-cote-divoire","tag-cote-divoire"],"yoast_head":"<!-- This site is optimized with the Yoast SEO Premium plugin v26.1 (Yoast SEO v27.0) - https:\/\/yoast.com\/product\/yoast-seo-premium-wordpress\/ -->\n<title>\u00ab\u00a0Que personne n\u2019ait peur du retour\u00a0\u00bb de Gbagbo  en C\u00f4te-d\u2019Ivoire (St\u00e9phane Kipr\u00e9) - C\u00f4te d&#039;Ivoire<\/title>\n<meta name=\"description\" content=\"Edwige FIENDELe pr\u00e9sident de l\u2019Union des nouvelles g\u00e9n\u00e9rations (UNG, opposition), St\u00e9phane Kipr\u00e9, gendre de Laurent Gba ...\" \/>\n<meta name=\"robots\" content=\"index, follow, max-snippet:-1, max-image-preview:large, max-video-preview:-1\" \/>\n<link rel=\"canonical\" href=\"https:\/\/www.africa-press.net\/cotedivoire\/politique\/que-personne-nait-peur-du-retour-de-gbagbo-en-cote-divoire-stephane-kipre\" \/>\n<meta property=\"og:locale\" content=\"fr_FR\" \/>\n<meta property=\"og:type\" content=\"article\" \/>\n<meta property=\"og:title\" content=\"\u00ab\u00a0Que personne n\u2019ait peur du retour\u00a0\u00bb de Gbagbo  en C\u00f4te-d\u2019Ivoire (St\u00e9phane Kipr\u00e9)\" \/>\n<meta property=\"og:description\" content=\"Edwige FIENDELe pr\u00e9sident de l\u2019Union des nouvelles g\u00e9n\u00e9rations (UNG, opposition), St\u00e9phane Kipr\u00e9, gendre de Laurent Gba ...\" \/>\n<meta property=\"og:url\" content=\"https:\/\/www.africa-press.net\/cotedivoire\/politique\/que-personne-nait-peur-du-retour-de-gbagbo-en-cote-divoire-stephane-kipre\" \/>\n<meta property=\"og:site_name\" content=\"C\u00f4te d&#039;Ivoire\" \/>\n<meta property=\"article:published_time\" content=\"2021-05-30T15:17:08+00:00\" \/>\n<meta property=\"article:modified_time\" content=\"2021-05-30T17:16:36+00:00\" \/>\n<meta property=\"og:image\" content=\"https:\/\/static.africa-press.net\/cote\/sites\/43\/2021\/05\/img-60b3a6c5e275d.jpg\" \/>\n\t<meta property=\"og:image:width\" content=\"1040\" \/>\n\t<meta property=\"og:image:height\" content=\"780\" \/>\n\t<meta property=\"og:image:type\" content=\"image\/jpeg\" \/>\n<meta name=\"author\" content=\"cfeditorfr\" \/>\n<meta name=\"twitter:card\" content=\"summary_large_image\" \/>\n<meta name=\"twitter:label1\" content=\"\u00c9crit par\" \/>\n\t<meta name=\"twitter:data1\" content=\"cfeditorfr\" \/>\n\t<meta name=\"twitter:label2\" content=\"Dur\u00e9e de lecture estim\u00e9e\" \/>\n\t<meta name=\"twitter:data2\" content=\"1 minute\" \/>\n<script type=\"application\/ld+json\" class=\"yoast-schema-graph\">{\"@context\":\"https:\/\/schema.org\",\"@graph\":[{\"@type\":\"Article\",\"@id\":\"https:\/\/www.africa-press.net\/cotedivoire\/politique\/que-personne-nait-peur-du-retour-de-gbagbo-en-cote-divoire-stephane-kipre#article\",\"isPartOf\":{\"@id\":\"https:\/\/www.africa-press.net\/cotedivoire\/politique\/que-personne-nait-peur-du-retour-de-gbagbo-en-cote-divoire-stephane-kipre\"},\"author\":{\"name\":\"cfeditorfr\",\"@id\":\"https:\/\/www.africa-press.net\/cotedivoire\/#\/schema\/person\/2b1cf3cd81a31e3cd26889ca66d677f1\"},\"headline\":\"\u00ab\u00a0Que personne n\u2019ait peur du retour\u00a0\u00bb de Gbagbo en C\u00f4te-d\u2019Ivoire (St\u00e9phane Kipr\u00e9)\",\"datePublished\":\"2021-05-30T15:17:08+00:00\",\"dateModified\":\"2021-05-30T17:16:36+00:00\",\"mainEntityOfPage\":{\"@id\":\"https:\/\/www.africa-press.net\/cotedivoire\/politique\/que-personne-nait-peur-du-retour-de-gbagbo-en-cote-divoire-stephane-kipre\"},\"wordCount\":222,\"commentCount\":0,\"image\":{\"@id\":\"https:\/\/www.africa-press.net\/cotedivoire\/politique\/que-personne-nait-peur-du-retour-de-gbagbo-en-cote-divoire-stephane-kipre#primaryimage\"},\"thumbnailUrl\":\"https:\/\/static.africa-press.net\/cote\/sites\/43\/2021\/05\/img-60b3a6c5e275d.jpg\",\"keywords\":[\"Africa Press\",\"Africa Press-C\u00f4te d'Ivoire\",\"C\u00d4TE D'IVOIRE\"],\"articleSection\":[\"homepage-french\",\"Politique\",\"Toutes les actualit\u00e9s\"],\"inLanguage\":\"fr-FR\",\"potentialAction\":[{\"@type\":\"CommentAction\",\"name\":\"Comment\",\"target\":[\"https:\/\/www.africa-press.net\/cotedivoire\/politique\/que-personne-nait-peur-du-retour-de-gbagbo-en-cote-divoire-stephane-kipre#respond\"]}]},{\"@type\":\"WebPage\",\"@id\":\"https:\/\/www.africa-press.net\/cotedivoire\/politique\/que-personne-nait-peur-du-retour-de-gbagbo-en-cote-divoire-stephane-kipre\",\"url\":\"https:\/\/www.africa-press.net\/cotedivoire\/politique\/que-personne-nait-peur-du-retour-de-gbagbo-en-cote-divoire-stephane-kipre\",\"name\":\"\u00ab\u00a0Que personne n\u2019ait peur du retour\u00a0\u00bb de Gbagbo en C\u00f4te-d\u2019Ivoire (St\u00e9phane Kipr\u00e9) - C\u00f4te d&#039;Ivoire\",\"isPartOf\":{\"@id\":\"https:\/\/www.africa-press.net\/cotedivoire\/#website\"},\"primaryImageOfPage\":{\"@id\":\"https:\/\/www.africa-press.net\/cotedivoire\/politique\/que-personne-nait-peur-du-retour-de-gbagbo-en-cote-divoire-stephane-kipre#primaryimage\"},\"image\":{\"@id\":\"https:\/\/www.africa-press.net\/cotedivoire\/politique\/que-personne-nait-peur-du-retour-de-gbagbo-en-cote-divoire-stephane-kipre#primaryimage\"},\"thumbnailUrl\":\"https:\/\/static.africa-press.net\/cote\/sites\/43\/2021\/05\/img-60b3a6c5e275d.jpg\",\"datePublished\":\"2021-05-30T15:17:08+00:00\",\"dateModified\":\"2021-05-30T17:16:36+00:00\",\"author\":{\"@id\":\"https:\/\/www.africa-press.net\/cotedivoire\/#\/schema\/person\/2b1cf3cd81a31e3cd26889ca66d677f1\"},\"description\":\"Edwige FIENDELe pr\u00e9sident de l\u2019Union des nouvelles g\u00e9n\u00e9rations (UNG, opposition), St\u00e9phane Kipr\u00e9, gendre de Laurent Gba ...\",\"breadcrumb\":{\"@id\":\"https:\/\/www.africa-press.net\/cotedivoire\/politique\/que-personne-nait-peur-du-retour-de-gbagbo-en-cote-divoire-stephane-kipre#breadcrumb\"},\"inLanguage\":\"fr-FR\",\"potentialAction\":[{\"@type\":\"ReadAction\",\"target\":[\"https:\/\/www.africa-press.net\/cotedivoire\/politique\/que-personne-nait-peur-du-retour-de-gbagbo-en-cote-divoire-stephane-kipre\"]}]},{\"@type\":\"ImageObject\",\"inLanguage\":\"fr-FR\",\"@id\":\"https:\/\/www.africa-press.net\/cotedivoire\/politique\/que-personne-nait-peur-du-retour-de-gbagbo-en-cote-divoire-stephane-kipre#primaryimage\",\"url\":\"https:\/\/static.africa-press.net\/cote\/sites\/43\/2021\/05\/img-60b3a6c5e275d.jpg\",\"contentUrl\":\"https:\/\/static.africa-press.net\/cote\/sites\/43\/2021\/05\/img-60b3a6c5e275d.jpg\",\"width\":1040,\"height\":780,\"caption\":\"\u00ab\u00a0Que personne n\u2019ait peur du retour\u00a0\u00bb de Gbagbo en C\u00f4te-d\u2019Ivoire (St\u00e9phane Kipr\u00e9)\"},{\"@type\":\"BreadcrumbList\",\"@id\":\"https:\/\/www.africa-press.net\/cotedivoire\/politique\/que-personne-nait-peur-du-retour-de-gbagbo-en-cote-divoire-stephane-kipre#breadcrumb\",\"itemListElement\":[{\"@type\":\"ListItem\",\"position\":1,\"name\":\"Accueil\",\"item\":\"https:\/\/www.africa-press.net\/cotedivoire\/\"},{\"@type\":\"ListItem\",\"position\":2,\"name\":\"\u00ab\u00a0Que personne n\u2019ait peur du retour\u00a0\u00bb de Gbagbo en C\u00f4te-d\u2019Ivoire (St\u00e9phane Kipr\u00e9)\"}]},{\"@type\":\"WebSite\",\"@id\":\"https:\/\/www.africa-press.net\/cotedivoire\/#website\",\"url\":\"https:\/\/www.africa-press.net\/cotedivoire\/\",\"name\":\"C\u00f4te d&#039;Ivoire\",\"description\":\"Just another Africa News Agency Sites site\",\"potentialAction\":[{\"@type\":\"SearchAction\",\"target\":{\"@type\":\"EntryPoint\",\"urlTemplate\":\"https:\/\/www.africa-press.net\/cotedivoire\/?s={search_term_string}\"},\"query-input\":{\"@type\":\"PropertyValueSpecification\",\"valueRequired\":true,\"valueName\":\"search_term_string\"}}],\"inLanguage\":\"fr-FR\"},{\"@type\":\"Person\",\"@id\":\"https:\/\/www.africa-press.net\/cotedivoire\/#\/schema\/person\/2b1cf3cd81a31e3cd26889ca66d677f1\",\"name\":\"cfeditorfr\"}]}<\/script>\n<!-- \/ Yoast SEO Premium plugin. -->","yoast_head_json":{"title":"\u00ab\u00a0Que personne n\u2019ait peur du retour\u00a0\u00bb de Gbagbo  en C\u00f4te-d\u2019Ivoire (St\u00e9phane Kipr\u00e9) - C\u00f4te d&#039;Ivoire","description":"Edwige FIENDELe pr\u00e9sident de l\u2019Union des nouvelles g\u00e9n\u00e9rations (UNG, opposition), St\u00e9phane Kipr\u00e9, gendre de Laurent Gba ...","robots":{"index":"index","follow":"follow","max-snippet":"max-snippet:-1","max-image-preview":"max-image-preview:large","max-video-preview":"max-video-preview:-1"},"canonical":"https:\/\/www.africa-press.net\/cotedivoire\/politique\/que-personne-nait-peur-du-retour-de-gbagbo-en-cote-divoire-stephane-kipre","og_locale":"fr_FR","og_type":"article","og_title":"\u00ab\u00a0Que personne n\u2019ait peur du retour\u00a0\u00bb de Gbagbo  en C\u00f4te-d\u2019Ivoire (St\u00e9phane Kipr\u00e9)","og_description":"Edwige FIENDELe pr\u00e9sident de l\u2019Union des nouvelles g\u00e9n\u00e9rations (UNG, opposition), St\u00e9phane Kipr\u00e9, gendre de Laurent Gba ...","og_url":"https:\/\/www.africa-press.net\/cotedivoire\/politique\/que-personne-nait-peur-du-retour-de-gbagbo-en-cote-divoire-stephane-kipre","og_site_name":"C\u00f4te d&#039;Ivoire","article_published_time":"2021-05-30T15:17:08+00:00","article_modified_time":"2021-05-30T17:16:36+00:00","og_image":[{"width":1040,"height":780,"url":"https:\/\/static.africa-press.net\/cote\/sites\/43\/2021\/05\/img-60b3a6c5e275d.jpg","type":"image\/jpeg"}],"author":"cfeditorfr","twitter_card":"summary_large_image","twitter_misc":{"\u00c9crit par":"cfeditorfr","Dur\u00e9e de lecture estim\u00e9e":"1 minute"},"schema":{"@context":"https:\/\/schema.org","@graph":[{"@type":"Article","@id":"https:\/\/www.africa-press.net\/cotedivoire\/politique\/que-personne-nait-peur-du-retour-de-gbagbo-en-cote-divoire-stephane-kipre#article","isPartOf":{"@id":"https:\/\/www.africa-press.net\/cotedivoire\/politique\/que-personne-nait-peur-du-retour-de-gbagbo-en-cote-divoire-stephane-kipre"},"author":{"name":"cfeditorfr","@id":"https:\/\/www.africa-press.net\/cotedivoire\/#\/schema\/person\/2b1cf3cd81a31e3cd26889ca66d677f1"},"headline":"\u00ab\u00a0Que personne n\u2019ait peur du retour\u00a0\u00bb de Gbagbo en C\u00f4te-d\u2019Ivoire (St\u00e9phane Kipr\u00e9)","datePublished":"2021-05-30T15:17:08+00:00","dateModified":"2021-05-30T17:16:36+00:00","mainEntityOfPage":{"@id":"https:\/\/www.africa-press.net\/cotedivoire\/politique\/que-personne-nait-peur-du-retour-de-gbagbo-en-cote-divoire-stephane-kipre"},"wordCount":222,"commentCount":0,"image":{"@id":"https:\/\/www.africa-press.net\/cotedivoire\/politique\/que-personne-nait-peur-du-retour-de-gbagbo-en-cote-divoire-stephane-kipre#primaryimage"},"thumbnailUrl":"https:\/\/static.africa-press.net\/cote\/sites\/43\/2021\/05\/img-60b3a6c5e275d.jpg","keywords":["Africa Press","Africa Press-C\u00f4te d'Ivoire","C\u00d4TE D'IVOIRE"],"articleSection":["homepage-french","Politique","Toutes les actualit\u00e9s"],"inLanguage":"fr-FR","potentialAction":[{"@type":"CommentAction","name":"Comment","target":["https:\/\/www.africa-press.net\/cotedivoire\/politique\/que-personne-nait-peur-du-retour-de-gbagbo-en-cote-divoire-stephane-kipre#respond"]}]},{"@type":"WebPage","@id":"https:\/\/www.africa-press.net\/cotedivoire\/politique\/que-personne-nait-peur-du-retour-de-gbagbo-en-cote-divoire-stephane-kipre","url":"https:\/\/www.africa-press.net\/cotedivoire\/politique\/que-personne-nait-peur-du-retour-de-gbagbo-en-cote-divoire-stephane-kipre","name":"\u00ab\u00a0Que personne n\u2019ait peur du retour\u00a0\u00bb de Gbagbo en C\u00f4te-d\u2019Ivoire (St\u00e9phane Kipr\u00e9) - C\u00f4te d&#039;Ivoire","isPartOf":{"@id":"https:\/\/www.africa-press.net\/cotedivoire\/#website"},"primaryImageOfPage":{"@id":"https:\/\/www.africa-press.net\/cotedivoire\/politique\/que-personne-nait-peur-du-retour-de-gbagbo-en-cote-divoire-stephane-kipre#primaryimage"},"image":{"@id":"https:\/\/www.africa-press.net\/cotedivoire\/politique\/que-personne-nait-peur-du-retour-de-gbagbo-en-cote-divoire-stephane-kipre#primaryimage"},"thumbnailUrl":"https:\/\/static.africa-press.net\/cote\/sites\/43\/2021\/05\/img-60b3a6c5e275d.jpg","datePublished":"2021-05-30T15:17:08+00:00","dateModified":"2021-05-30T17:16:36+00:00","author":{"@id":"https:\/\/www.africa-press.net\/cotedivoire\/#\/schema\/person\/2b1cf3cd81a31e3cd26889ca66d677f1"},"description":"Edwige FIENDELe pr\u00e9sident de l\u2019Union des nouvelles g\u00e9n\u00e9rations (UNG, opposition), St\u00e9phane Kipr\u00e9, gendre de Laurent Gba ...","breadcrumb":{"@id":"https:\/\/www.africa-press.net\/cotedivoire\/politique\/que-personne-nait-peur-du-retour-de-gbagbo-en-cote-divoire-stephane-kipre#breadcrumb"},"inLanguage":"fr-FR","potentialAction":[{"@type":"ReadAction","target":["https:\/\/www.africa-press.net\/cotedivoire\/politique\/que-personne-nait-peur-du-retour-de-gbagbo-en-cote-divoire-stephane-kipre"]}]},{"@type":"ImageObject","inLanguage":"fr-FR","@id":"https:\/\/www.africa-press.net\/cotedivoire\/politique\/que-personne-nait-peur-du-retour-de-gbagbo-en-cote-divoire-stephane-kipre#primaryimage","url":"https:\/\/static.africa-press.net\/cote\/sites\/43\/2021\/05\/img-60b3a6c5e275d.jpg","contentUrl":"https:\/\/static.africa-press.net\/cote\/sites\/43\/2021\/05\/img-60b3a6c5e275d.jpg","width":1040,"height":780,"caption":"\u00ab\u00a0Que personne n\u2019ait peur du retour\u00a0\u00bb de Gbagbo en C\u00f4te-d\u2019Ivoire (St\u00e9phane Kipr\u00e9)"},{"@type":"BreadcrumbList","@id":"https:\/\/www.africa-press.net\/cotedivoire\/politique\/que-personne-nait-peur-du-retour-de-gbagbo-en-cote-divoire-stephane-kipre#breadcrumb","itemListElement":[{"@type":"ListItem","position":1,"name":"Accueil","item":"https:\/\/www.africa-press.net\/cotedivoire\/"},{"@type":"ListItem","position":2,"name":"\u00ab\u00a0Que personne n\u2019ait peur du retour\u00a0\u00bb de Gbagbo en C\u00f4te-d\u2019Ivoire (St\u00e9phane Kipr\u00e9)"}]},{"@type":"WebSite","@id":"https:\/\/www.africa-press.net\/cotedivoire\/#website","url":"https:\/\/www.africa-press.net\/cotedivoire\/","name":"C\u00f4te d&#039;Ivoire","description":"Just another Africa News Agency Sites site","potentialAction":[{"@type":"SearchAction","target":{"@type":"EntryPoint","urlTemplate":"https:\/\/www.africa-press.net\/cotedivoire\/?s={search_term_string}"},"query-input":{"@type":"PropertyValueSpecification","valueRequired":true,"valueName":"search_term_string"}}],"inLanguage":"fr-FR"},{"@type":"Person","@id":"https:\/\/www.africa-press.net\/cotedivoire\/#\/schema\/person\/2b1cf3cd81a31e3cd26889ca66d677f1","name":"cfeditorfr"}]}},"_links":{"self":[{"href":"https:\/\/www.africa-press.net\/cotedivoire\/wp-json\/wp\/v2\/posts\/8372","targetHints":{"allow":["GET"]}}],"collection":[{"href":"https:\/\/www.africa-press.net\/cotedivoire\/wp-json\/wp\/v2\/posts"}],"about":[{"href":"https:\/\/www.africa-press.net\/cotedivoire\/wp-json\/wp\/v2\/types\/post"}],"author":[{"embeddable":true,"href":"https:\/\/www.africa-press.net\/cotedivoire\/wp-json\/wp\/v2\/users\/82"}],"replies":[{"embeddable":true,"href":"https:\/\/www.africa-press.net\/cotedivoire\/wp-json\/wp\/v2\/comments?post=8372"}],"version-history":[{"count":0,"href":"https:\/\/www.africa-press.net\/cotedivoire\/wp-json\/wp\/v2\/posts\/8372\/revisions"}],"wp:featuredmedia":[{"embeddable":true,"href":"https:\/\/www.africa-press.net\/cotedivoire\/wp-json\/wp\/v2\/media\/8371"}],"wp:attachment":[{"href":"https:\/\/www.africa-press.net\/cotedivoire\/wp-json\/wp\/v2\/media?parent=8372"}],"wp:term":[{"taxonomy":"category","embeddable":true,"href":"https:\/\/www.africa-press.net\/cotedivoire\/wp-json\/wp\/v2\/categories?post=8372"},{"taxonomy":"post_tag","embeddable":true,"href":"https:\/\/www.africa-press.net\/cotedivoire\/wp-json\/wp\/v2\/tags?post=8372"}],"curies":[{"name":"wp","href":"https:\/\/api.w.org\/{rel}","templated":true}]}}