{"id":8375,"date":"2021-05-30T15:25:48","date_gmt":"2021-05-30T15:25:48","guid":{"rendered":"https:\/\/www.africa-press.net\/cotedivoire\/?p=8375"},"modified":"2021-05-30T17:16:45","modified_gmt":"2021-05-30T17:16:45","slug":"le-prix-du-kg-de-viande-de-boeuf-fixe-par-le-gouvernement-pas-respecte-en-cote-divoire","status":"publish","type":"post","link":"https:\/\/www.africa-press.net\/cotedivoire\/economie\/le-prix-du-kg-de-viande-de-boeuf-fixe-par-le-gouvernement-pas-respecte-en-cote-divoire","title":{"rendered":"Le prix du kg de viande de b\u0153uf fix\u00e9 par le gouvernement pas respect\u00e9 en C\u00f4te-d\u2019Ivoire"},"content":{"rendered":"<p><span style=\"color: #ff6600\"><strong><a href=\"https:\/\/www.africa-press.net\/\">Africa-Press<\/a> &#8211; <a href=\"https:\/\/www.africa-press.net\/cotedivoire\">C\u00f4te d&rsquo;Ivoire<\/a>.\u00a0 <\/strong><\/span>Le prix du kilogramme de la viande de b\u0153uf fix\u00e9 par le gouvernement ivoirien n\u2019est pas respect\u00e9 dans des march\u00e9s de la capitale \u00e9conomique ivoirienne, Abidjan, une semaine apr\u00e8s le plafonnement du prix maxima, a constat\u00e9 samedi un journaliste de ALERTE INFO.<\/p>\n<p>\u00c0 l\u2019abattoir de Port-Bou\u00ebt (Abidjan sud), le plus grand, le kilogramme de la viande de b\u0153uf avec os est c\u00e9d\u00e9 \u00e0 2.700 FCFA au lieu de 2.500 FCFA et celui sans os \u00e0 3.000 FCFA contre 2.700 FCFA fix\u00e9 par le gouvernement chez les bouchers d\u00e9taillants.<\/p>\n<p>Dans certains march\u00e9s du district d\u2019Abidjan, le kilogramme de la viande de b\u0153uf sans os fix\u00e9 \u00e0 2.800 FCFA, est vendu \u00e0 3.000 FCFA au march\u00e9 d\u2019Abobo, une commune populaire du nord d\u2019Abidjan contre 3.300 FCFA au march\u00e9 de Treichville (Abidjan sud), 3.200 FCFA au Forum d\u2019Adjam\u00e9 (Abidjan nord) et 3.400 FCFA au march\u00e9 de Cocody (Abidjan est).<\/p>\n<p>Pour le kilogramme de la viande de b\u0153uf avec os, fix\u00e9 \u00e0 2.600 FCFA par le minist\u00e8re du Commerce, il est c\u00e9d\u00e9 \u00e0 2.800 FCFA au Forum d\u2019Adjam\u00e9 et au march\u00e9 de Treichville contre 3.000 FCFA au march\u00e9 de Cocody et 2.700 FCFA au march\u00e9 d\u2019Abobo.<\/p>\n<p>Selon les bouchers divers facteurs sont \u00e0 la base du non-respect du prix fix\u00e9 par le gouvernement.<\/p>\n<p>Ils \u00e9voquent pour certains un nombre insuffisant du b\u00e9tail, un manque de communication avec la tutelle et pour d\u2019autres des taxes sur l\u2019abattage des b\u00eates et un prix d\u2019achat \u00e9lev\u00e9.<\/p>\n<p>Face \u00e0 une flamb\u00e9e du prix du kilogramme de la viande de b\u0153uf en raison de la crise \u00e9nerg\u00e9tique, le gouvernement a d\u00e9cid\u00e9 de plafonner les prix en concertation avec les acteurs de la fili\u00e8re.<\/p>\n<p>\u00c0 cet effet, il a invit\u00e9 au respect de cette d\u00e9cision et pr\u00e9vient toutefois que tout contrevenant s\u2019expose \u00e0 des sanctions.<\/p>\n<p>&nbsp;<\/p>\n","protected":false},"excerpt":{"rendered":"<p>Africa-Press &#8211; C\u00f4te d&rsquo;Ivoire.\u00a0 Le prix du kilogramme de la viande de b\u0153uf fix\u00e9 par le gouvernement ivoirien n\u2019est pas respect\u00e9 dans des march\u00e9s de la capitale \u00e9conomique ivoirienne, Abidjan, une semaine apr\u00e8s le plafonnement du prix maxima, a constat\u00e9 samedi un journaliste de ALERTE INFO. \u00c0 l\u2019abattoir de Port-Bou\u00ebt (Abidjan sud), le plus grand, [&hellip;]<\/p>\n","protected":false},"author":82,"featured_media":8374,"comment_status":"open","ping_status":"closed","sticky":false,"template":"","format":"standard","meta":{"footnotes":""},"categories":[3,11,10],"tags":[56,63,29],"class_list":["post-8375","post","type-post","status-publish","format-standard","has-post-thumbnail","hentry","category-economie","category-homepage-french","category-toutes-les-actualites","tag-africa-press","tag-africa-press-cote-divoire","tag-cote-divoire"],"yoast_head":"<!-- This site is optimized with the Yoast SEO Premium plugin v26.1 (Yoast SEO v27.0) - https:\/\/yoast.com\/product\/yoast-seo-premium-wordpress\/ -->\n<title>Le prix du kg de viande de b\u0153uf fix\u00e9 par le gouvernement pas respect\u00e9 en C\u00f4te-d\u2019Ivoire - C\u00f4te d&#039;Ivoire<\/title>\n<meta name=\"description\" content=\"Djamal AKINBOLALe prix du kilogramme de la viande de b\u0153uf fix\u00e9 par le gouvernement ivoirien n\u2019est pas respect\u00e9 dans des ...\" \/>\n<meta name=\"robots\" content=\"index, follow, max-snippet:-1, max-image-preview:large, max-video-preview:-1\" \/>\n<link rel=\"canonical\" href=\"https:\/\/www.africa-press.net\/cotedivoire\/economie\/le-prix-du-kg-de-viande-de-boeuf-fixe-par-le-gouvernement-pas-respecte-en-cote-divoire\" \/>\n<meta property=\"og:locale\" content=\"fr_FR\" \/>\n<meta property=\"og:type\" content=\"article\" \/>\n<meta property=\"og:title\" content=\"Le prix du kg de viande de b\u0153uf fix\u00e9 par le gouvernement pas respect\u00e9 en C\u00f4te-d\u2019Ivoire\" \/>\n<meta property=\"og:description\" content=\"Djamal AKINBOLALe prix du kilogramme de la viande de b\u0153uf fix\u00e9 par le gouvernement ivoirien n\u2019est pas respect\u00e9 dans des ...\" \/>\n<meta property=\"og:url\" content=\"https:\/\/www.africa-press.net\/cotedivoire\/economie\/le-prix-du-kg-de-viande-de-boeuf-fixe-par-le-gouvernement-pas-respecte-en-cote-divoire\" \/>\n<meta property=\"og:site_name\" content=\"C\u00f4te d&#039;Ivoire\" \/>\n<meta property=\"article:published_time\" content=\"2021-05-30T15:25:48+00:00\" \/>\n<meta property=\"article:modified_time\" content=\"2021-05-30T17:16:45+00:00\" \/>\n<meta property=\"og:image\" content=\"https:\/\/static.africa-press.net\/cote\/sites\/43\/2021\/05\/img-60b3a6ef58164.jpg\" \/>\n\t<meta property=\"og:image:width\" content=\"720\" \/>\n\t<meta property=\"og:image:height\" content=\"539\" \/>\n\t<meta property=\"og:image:type\" content=\"image\/jpeg\" \/>\n<meta name=\"author\" content=\"cfeditorfr\" \/>\n<meta name=\"twitter:card\" content=\"summary_large_image\" \/>\n<meta name=\"twitter:label1\" content=\"\u00c9crit par\" \/>\n\t<meta name=\"twitter:data1\" content=\"cfeditorfr\" \/>\n\t<meta name=\"twitter:label2\" content=\"Dur\u00e9e de lecture estim\u00e9e\" \/>\n\t<meta name=\"twitter:data2\" content=\"2 minutes\" \/>\n<script type=\"application\/ld+json\" class=\"yoast-schema-graph\">{\"@context\":\"https:\/\/schema.org\",\"@graph\":[{\"@type\":\"Article\",\"@id\":\"https:\/\/www.africa-press.net\/cotedivoire\/economie\/le-prix-du-kg-de-viande-de-boeuf-fixe-par-le-gouvernement-pas-respecte-en-cote-divoire#article\",\"isPartOf\":{\"@id\":\"https:\/\/www.africa-press.net\/cotedivoire\/economie\/le-prix-du-kg-de-viande-de-boeuf-fixe-par-le-gouvernement-pas-respecte-en-cote-divoire\"},\"author\":{\"name\":\"cfeditorfr\",\"@id\":\"https:\/\/www.africa-press.net\/cotedivoire\/#\/schema\/person\/2b1cf3cd81a31e3cd26889ca66d677f1\"},\"headline\":\"Le prix du kg de viande de b\u0153uf fix\u00e9 par le gouvernement pas respect\u00e9 en C\u00f4te-d\u2019Ivoire\",\"datePublished\":\"2021-05-30T15:25:48+00:00\",\"dateModified\":\"2021-05-30T17:16:45+00:00\",\"mainEntityOfPage\":{\"@id\":\"https:\/\/www.africa-press.net\/cotedivoire\/economie\/le-prix-du-kg-de-viande-de-boeuf-fixe-par-le-gouvernement-pas-respecte-en-cote-divoire\"},\"wordCount\":330,\"commentCount\":0,\"image\":{\"@id\":\"https:\/\/www.africa-press.net\/cotedivoire\/economie\/le-prix-du-kg-de-viande-de-boeuf-fixe-par-le-gouvernement-pas-respecte-en-cote-divoire#primaryimage\"},\"thumbnailUrl\":\"https:\/\/static.africa-press.net\/cote\/sites\/43\/2021\/05\/img-60b3a6ef58164.jpg\",\"keywords\":[\"Africa Press\",\"Africa Press-C\u00f4te d'Ivoire\",\"C\u00d4TE D'IVOIRE\"],\"articleSection\":[\"\u00c9conomie\",\"homepage-french\",\"Toutes les actualit\u00e9s\"],\"inLanguage\":\"fr-FR\",\"potentialAction\":[{\"@type\":\"CommentAction\",\"name\":\"Comment\",\"target\":[\"https:\/\/www.africa-press.net\/cotedivoire\/economie\/le-prix-du-kg-de-viande-de-boeuf-fixe-par-le-gouvernement-pas-respecte-en-cote-divoire#respond\"]}]},{\"@type\":\"WebPage\",\"@id\":\"https:\/\/www.africa-press.net\/cotedivoire\/economie\/le-prix-du-kg-de-viande-de-boeuf-fixe-par-le-gouvernement-pas-respecte-en-cote-divoire\",\"url\":\"https:\/\/www.africa-press.net\/cotedivoire\/economie\/le-prix-du-kg-de-viande-de-boeuf-fixe-par-le-gouvernement-pas-respecte-en-cote-divoire\",\"name\":\"Le prix du kg de viande de b\u0153uf fix\u00e9 par le gouvernement pas respect\u00e9 en C\u00f4te-d\u2019Ivoire - C\u00f4te d&#039;Ivoire\",\"isPartOf\":{\"@id\":\"https:\/\/www.africa-press.net\/cotedivoire\/#website\"},\"primaryImageOfPage\":{\"@id\":\"https:\/\/www.africa-press.net\/cotedivoire\/economie\/le-prix-du-kg-de-viande-de-boeuf-fixe-par-le-gouvernement-pas-respecte-en-cote-divoire#primaryimage\"},\"image\":{\"@id\":\"https:\/\/www.africa-press.net\/cotedivoire\/economie\/le-prix-du-kg-de-viande-de-boeuf-fixe-par-le-gouvernement-pas-respecte-en-cote-divoire#primaryimage\"},\"thumbnailUrl\":\"https:\/\/static.africa-press.net\/cote\/sites\/43\/2021\/05\/img-60b3a6ef58164.jpg\",\"datePublished\":\"2021-05-30T15:25:48+00:00\",\"dateModified\":\"2021-05-30T17:16:45+00:00\",\"author\":{\"@id\":\"https:\/\/www.africa-press.net\/cotedivoire\/#\/schema\/person\/2b1cf3cd81a31e3cd26889ca66d677f1\"},\"description\":\"Djamal AKINBOLALe prix du kilogramme de la viande de b\u0153uf fix\u00e9 par le gouvernement ivoirien n\u2019est pas respect\u00e9 dans des ...\",\"breadcrumb\":{\"@id\":\"https:\/\/www.africa-press.net\/cotedivoire\/economie\/le-prix-du-kg-de-viande-de-boeuf-fixe-par-le-gouvernement-pas-respecte-en-cote-divoire#breadcrumb\"},\"inLanguage\":\"fr-FR\",\"potentialAction\":[{\"@type\":\"ReadAction\",\"target\":[\"https:\/\/www.africa-press.net\/cotedivoire\/economie\/le-prix-du-kg-de-viande-de-boeuf-fixe-par-le-gouvernement-pas-respecte-en-cote-divoire\"]}]},{\"@type\":\"ImageObject\",\"inLanguage\":\"fr-FR\",\"@id\":\"https:\/\/www.africa-press.net\/cotedivoire\/economie\/le-prix-du-kg-de-viande-de-boeuf-fixe-par-le-gouvernement-pas-respecte-en-cote-divoire#primaryimage\",\"url\":\"https:\/\/static.africa-press.net\/cote\/sites\/43\/2021\/05\/img-60b3a6ef58164.jpg\",\"contentUrl\":\"https:\/\/static.africa-press.net\/cote\/sites\/43\/2021\/05\/img-60b3a6ef58164.jpg\",\"width\":720,\"height\":539,\"caption\":\"Le prix du kg de viande de b\u0153uf fix\u00e9 par le gouvernement pas respect\u00e9 en C\u00f4te-d\u2019Ivoire\"},{\"@type\":\"BreadcrumbList\",\"@id\":\"https:\/\/www.africa-press.net\/cotedivoire\/economie\/le-prix-du-kg-de-viande-de-boeuf-fixe-par-le-gouvernement-pas-respecte-en-cote-divoire#breadcrumb\",\"itemListElement\":[{\"@type\":\"ListItem\",\"position\":1,\"name\":\"Accueil\",\"item\":\"https:\/\/www.africa-press.net\/cotedivoire\/\"},{\"@type\":\"ListItem\",\"position\":2,\"name\":\"Le prix du kg de viande de b\u0153uf fix\u00e9 par le gouvernement pas respect\u00e9 en C\u00f4te-d\u2019Ivoire\"}]},{\"@type\":\"WebSite\",\"@id\":\"https:\/\/www.africa-press.net\/cotedivoire\/#website\",\"url\":\"https:\/\/www.africa-press.net\/cotedivoire\/\",\"name\":\"C\u00f4te d&#039;Ivoire\",\"description\":\"Just another Africa News Agency Sites site\",\"potentialAction\":[{\"@type\":\"SearchAction\",\"target\":{\"@type\":\"EntryPoint\",\"urlTemplate\":\"https:\/\/www.africa-press.net\/cotedivoire\/?s={search_term_string}\"},\"query-input\":{\"@type\":\"PropertyValueSpecification\",\"valueRequired\":true,\"valueName\":\"search_term_string\"}}],\"inLanguage\":\"fr-FR\"},{\"@type\":\"Person\",\"@id\":\"https:\/\/www.africa-press.net\/cotedivoire\/#\/schema\/person\/2b1cf3cd81a31e3cd26889ca66d677f1\",\"name\":\"cfeditorfr\"}]}<\/script>\n<!-- \/ Yoast SEO Premium plugin. -->","yoast_head_json":{"title":"Le prix du kg de viande de b\u0153uf fix\u00e9 par le gouvernement pas respect\u00e9 en C\u00f4te-d\u2019Ivoire - C\u00f4te d&#039;Ivoire","description":"Djamal AKINBOLALe prix du kilogramme de la viande de b\u0153uf fix\u00e9 par le gouvernement ivoirien n\u2019est pas respect\u00e9 dans des ...","robots":{"index":"index","follow":"follow","max-snippet":"max-snippet:-1","max-image-preview":"max-image-preview:large","max-video-preview":"max-video-preview:-1"},"canonical":"https:\/\/www.africa-press.net\/cotedivoire\/economie\/le-prix-du-kg-de-viande-de-boeuf-fixe-par-le-gouvernement-pas-respecte-en-cote-divoire","og_locale":"fr_FR","og_type":"article","og_title":"Le prix du kg de viande de b\u0153uf fix\u00e9 par le gouvernement pas respect\u00e9 en C\u00f4te-d\u2019Ivoire","og_description":"Djamal AKINBOLALe prix du kilogramme de la viande de b\u0153uf fix\u00e9 par le gouvernement ivoirien n\u2019est pas respect\u00e9 dans des ...","og_url":"https:\/\/www.africa-press.net\/cotedivoire\/economie\/le-prix-du-kg-de-viande-de-boeuf-fixe-par-le-gouvernement-pas-respecte-en-cote-divoire","og_site_name":"C\u00f4te d&#039;Ivoire","article_published_time":"2021-05-30T15:25:48+00:00","article_modified_time":"2021-05-30T17:16:45+00:00","og_image":[{"width":720,"height":539,"url":"https:\/\/static.africa-press.net\/cote\/sites\/43\/2021\/05\/img-60b3a6ef58164.jpg","type":"image\/jpeg"}],"author":"cfeditorfr","twitter_card":"summary_large_image","twitter_misc":{"\u00c9crit par":"cfeditorfr","Dur\u00e9e de lecture estim\u00e9e":"2 minutes"},"schema":{"@context":"https:\/\/schema.org","@graph":[{"@type":"Article","@id":"https:\/\/www.africa-press.net\/cotedivoire\/economie\/le-prix-du-kg-de-viande-de-boeuf-fixe-par-le-gouvernement-pas-respecte-en-cote-divoire#article","isPartOf":{"@id":"https:\/\/www.africa-press.net\/cotedivoire\/economie\/le-prix-du-kg-de-viande-de-boeuf-fixe-par-le-gouvernement-pas-respecte-en-cote-divoire"},"author":{"name":"cfeditorfr","@id":"https:\/\/www.africa-press.net\/cotedivoire\/#\/schema\/person\/2b1cf3cd81a31e3cd26889ca66d677f1"},"headline":"Le prix du kg de viande de b\u0153uf fix\u00e9 par le gouvernement pas respect\u00e9 en C\u00f4te-d\u2019Ivoire","datePublished":"2021-05-30T15:25:48+00:00","dateModified":"2021-05-30T17:16:45+00:00","mainEntityOfPage":{"@id":"https:\/\/www.africa-press.net\/cotedivoire\/economie\/le-prix-du-kg-de-viande-de-boeuf-fixe-par-le-gouvernement-pas-respecte-en-cote-divoire"},"wordCount":330,"commentCount":0,"image":{"@id":"https:\/\/www.africa-press.net\/cotedivoire\/economie\/le-prix-du-kg-de-viande-de-boeuf-fixe-par-le-gouvernement-pas-respecte-en-cote-divoire#primaryimage"},"thumbnailUrl":"https:\/\/static.africa-press.net\/cote\/sites\/43\/2021\/05\/img-60b3a6ef58164.jpg","keywords":["Africa Press","Africa Press-C\u00f4te d'Ivoire","C\u00d4TE D'IVOIRE"],"articleSection":["\u00c9conomie","homepage-french","Toutes les actualit\u00e9s"],"inLanguage":"fr-FR","potentialAction":[{"@type":"CommentAction","name":"Comment","target":["https:\/\/www.africa-press.net\/cotedivoire\/economie\/le-prix-du-kg-de-viande-de-boeuf-fixe-par-le-gouvernement-pas-respecte-en-cote-divoire#respond"]}]},{"@type":"WebPage","@id":"https:\/\/www.africa-press.net\/cotedivoire\/economie\/le-prix-du-kg-de-viande-de-boeuf-fixe-par-le-gouvernement-pas-respecte-en-cote-divoire","url":"https:\/\/www.africa-press.net\/cotedivoire\/economie\/le-prix-du-kg-de-viande-de-boeuf-fixe-par-le-gouvernement-pas-respecte-en-cote-divoire","name":"Le prix du kg de viande de b\u0153uf fix\u00e9 par le gouvernement pas respect\u00e9 en C\u00f4te-d\u2019Ivoire - C\u00f4te d&#039;Ivoire","isPartOf":{"@id":"https:\/\/www.africa-press.net\/cotedivoire\/#website"},"primaryImageOfPage":{"@id":"https:\/\/www.africa-press.net\/cotedivoire\/economie\/le-prix-du-kg-de-viande-de-boeuf-fixe-par-le-gouvernement-pas-respecte-en-cote-divoire#primaryimage"},"image":{"@id":"https:\/\/www.africa-press.net\/cotedivoire\/economie\/le-prix-du-kg-de-viande-de-boeuf-fixe-par-le-gouvernement-pas-respecte-en-cote-divoire#primaryimage"},"thumbnailUrl":"https:\/\/static.africa-press.net\/cote\/sites\/43\/2021\/05\/img-60b3a6ef58164.jpg","datePublished":"2021-05-30T15:25:48+00:00","dateModified":"2021-05-30T17:16:45+00:00","author":{"@id":"https:\/\/www.africa-press.net\/cotedivoire\/#\/schema\/person\/2b1cf3cd81a31e3cd26889ca66d677f1"},"description":"Djamal AKINBOLALe prix du kilogramme de la viande de b\u0153uf fix\u00e9 par le gouvernement ivoirien n\u2019est pas respect\u00e9 dans des ...","breadcrumb":{"@id":"https:\/\/www.africa-press.net\/cotedivoire\/economie\/le-prix-du-kg-de-viande-de-boeuf-fixe-par-le-gouvernement-pas-respecte-en-cote-divoire#breadcrumb"},"inLanguage":"fr-FR","potentialAction":[{"@type":"ReadAction","target":["https:\/\/www.africa-press.net\/cotedivoire\/economie\/le-prix-du-kg-de-viande-de-boeuf-fixe-par-le-gouvernement-pas-respecte-en-cote-divoire"]}]},{"@type":"ImageObject","inLanguage":"fr-FR","@id":"https:\/\/www.africa-press.net\/cotedivoire\/economie\/le-prix-du-kg-de-viande-de-boeuf-fixe-par-le-gouvernement-pas-respecte-en-cote-divoire#primaryimage","url":"https:\/\/static.africa-press.net\/cote\/sites\/43\/2021\/05\/img-60b3a6ef58164.jpg","contentUrl":"https:\/\/static.africa-press.net\/cote\/sites\/43\/2021\/05\/img-60b3a6ef58164.jpg","width":720,"height":539,"caption":"Le prix du kg de viande de b\u0153uf fix\u00e9 par le gouvernement pas respect\u00e9 en C\u00f4te-d\u2019Ivoire"},{"@type":"BreadcrumbList","@id":"https:\/\/www.africa-press.net\/cotedivoire\/economie\/le-prix-du-kg-de-viande-de-boeuf-fixe-par-le-gouvernement-pas-respecte-en-cote-divoire#breadcrumb","itemListElement":[{"@type":"ListItem","position":1,"name":"Accueil","item":"https:\/\/www.africa-press.net\/cotedivoire\/"},{"@type":"ListItem","position":2,"name":"Le prix du kg de viande de b\u0153uf fix\u00e9 par le gouvernement pas respect\u00e9 en C\u00f4te-d\u2019Ivoire"}]},{"@type":"WebSite","@id":"https:\/\/www.africa-press.net\/cotedivoire\/#website","url":"https:\/\/www.africa-press.net\/cotedivoire\/","name":"C\u00f4te d&#039;Ivoire","description":"Just another Africa News Agency Sites site","potentialAction":[{"@type":"SearchAction","target":{"@type":"EntryPoint","urlTemplate":"https:\/\/www.africa-press.net\/cotedivoire\/?s={search_term_string}"},"query-input":{"@type":"PropertyValueSpecification","valueRequired":true,"valueName":"search_term_string"}}],"inLanguage":"fr-FR"},{"@type":"Person","@id":"https:\/\/www.africa-press.net\/cotedivoire\/#\/schema\/person\/2b1cf3cd81a31e3cd26889ca66d677f1","name":"cfeditorfr"}]}},"_links":{"self":[{"href":"https:\/\/www.africa-press.net\/cotedivoire\/wp-json\/wp\/v2\/posts\/8375","targetHints":{"allow":["GET"]}}],"collection":[{"href":"https:\/\/www.africa-press.net\/cotedivoire\/wp-json\/wp\/v2\/posts"}],"about":[{"href":"https:\/\/www.africa-press.net\/cotedivoire\/wp-json\/wp\/v2\/types\/post"}],"author":[{"embeddable":true,"href":"https:\/\/www.africa-press.net\/cotedivoire\/wp-json\/wp\/v2\/users\/82"}],"replies":[{"embeddable":true,"href":"https:\/\/www.africa-press.net\/cotedivoire\/wp-json\/wp\/v2\/comments?post=8375"}],"version-history":[{"count":0,"href":"https:\/\/www.africa-press.net\/cotedivoire\/wp-json\/wp\/v2\/posts\/8375\/revisions"}],"wp:featuredmedia":[{"embeddable":true,"href":"https:\/\/www.africa-press.net\/cotedivoire\/wp-json\/wp\/v2\/media\/8374"}],"wp:attachment":[{"href":"https:\/\/www.africa-press.net\/cotedivoire\/wp-json\/wp\/v2\/media?parent=8375"}],"wp:term":[{"taxonomy":"category","embeddable":true,"href":"https:\/\/www.africa-press.net\/cotedivoire\/wp-json\/wp\/v2\/categories?post=8375"},{"taxonomy":"post_tag","embeddable":true,"href":"https:\/\/www.africa-press.net\/cotedivoire\/wp-json\/wp\/v2\/tags?post=8375"}],"curies":[{"name":"wp","href":"https:\/\/api.w.org\/{rel}","templated":true}]}}