{"id":83831,"date":"2024-07-16T17:26:15","date_gmt":"2024-07-16T17:26:15","guid":{"rendered":"https:\/\/www.africa-press.net\/cotedivoire\/politique\/gbagbo-depuis-bonoua-il-faut-que-ce-gouvernement-ne-soit-plus-la-en-2025-son-appel-a-lunion-a-toute-lopposition"},"modified":"2024-07-16T17:54:42","modified_gmt":"2024-07-16T17:54:42","slug":"gbagbo-depuis-bonoua-il-faut-que-ce-gouvernement-ne-soit-plus-la-en-2025-son-appel-a-lunion-a-toute-lopposition","status":"publish","type":"post","link":"https:\/\/www.africa-press.net\/cotedivoire\/politique\/gbagbo-depuis-bonoua-il-faut-que-ce-gouvernement-ne-soit-plus-la-en-2025-son-appel-a-lunion-a-toute-lopposition","title":{"rendered":"Gbagbo depuis Bonoua \u00abil faut que ce gouvernement ne soit plus l\u00e0 en 2025\u00bb, son appel \u00e0 l&rsquo;union \u00e0 toute l&rsquo;opposition"},"content":{"rendered":"<p><span style=\"color: #ff6600\"><strong>Africa-Press &#8211; C\u00f4te d&rsquo;Ivoire. <\/strong><\/span>Laurent Gbagbo, pre\u0301sident du Parti des Peuples Africains-Co\u0302te d&rsquo;Ivoire (PPA-CI), a entame\u0301 le dimanche 14 juillet 2024 une se\u0301rie de meetings.<\/p>\n<p>Il a de\u0301bute\u0301 cette tourne\u0301e par un rassemblement impressionnant a\u0300 Bonoua, le fief de Simone Gbagbo. L&rsquo;ex-pre\u0301sident ivoirien a choisi la place Amangoua de la ville pour s&rsquo;adresser a\u0300 des centaines de milliers de partisans venus l&rsquo;e\u0301couter et te\u0301moigner de leur soutien.<\/p>\n<p>Avant ce meeting crucial, le natif de Mama a rendu une visite protocolaire au Roi des Aboure\u0301 pour un entretien a\u0300 la cour royale, marquant ainsi son respect et son hommage a\u0300 la culture locale.<\/p>\n<p>Le discours de Laurent Gbagbo a e\u0301te\u0301 marque\u0301 par des moments forts et des appels passionne\u0301s a\u0300 l&rsquo;unite\u0301 et a\u0300 l&rsquo;action. Apre\u0300s avoir rendu un hommage e\u0301loquent au peuple Aboure\u0301, il a appele\u0301 a\u0300 une union sans roublardise autour de sa candidature pour sauver la me\u0300re patrie.<\/p>\n<p>\u00ab\u00a0Il faut que ce gouvernement ne soit plus la\u0300 en 2025 ! D\u2019ici (Bonoua), je lance un appel au rassemblement, un appel a\u0300 toutes les forces politiques, a\u0300 tous ceux qui, comme nous, pensent que ce gouvernement ne doit plus e\u0302tre la\u0300, de venir et ensemble, nous allons travailler. J\u2019ouvre mes bras et j\u2019appelle mes collaborateurs a\u0300 accepter de discuter avec tous ceux qui veulent nous rejoindre dans ce combat. Mais je veux d\u2019une discussion franche, d\u2019une discussion since\u0300re, une discussion honne\u0302te\u00a0\u00bb, a de\u0301clare\u0301 Gbagbo.<\/p>\n<p>L&rsquo;ancien prisonniers de la cour pe\u0301nale internationale (CPI) a e\u0301galement plaide\u0301 pour des mesures sociales concre\u0300tes, comme la gratuite\u0301 de la Carte Nationale d\u2019Identite\u0301. Il a rappele\u0301 avec force: \u00ab\u00a0Nous l\u2019avons de\u0301ja\u0300 fait et c\u0327a n\u2019a pas tue\u0301 le Pays. Si nous l\u2019avons fait en temps de guerre, nous pouvons le faire maintenant. J\u2019encourage le gouvernement a\u0300 faire ce geste pour soulager les Ivoiriens. On ne peut pas demander a\u0300 un citoyen de payer sa citoyennete\u0301.\u00a0\u00bb<\/p>\n<p>Un autre point marquant de son discours a e\u0301te\u0301 son appel a\u0300 la vigilance face aux proble\u0300mes de se\u0301curite\u0301 et aux disparitions inquie\u0301tantes de jeunes filles dans le pays. Gbagbo a exprime\u0301 sa profonde inquie\u0301tude: \u00ab\u00a0Au de\u0301but, j&rsquo;entendais que des jeunes filles avaient disparu, je croyais qu&rsquo;elles e\u0301taient alle\u0301es chez leur gars pour s&rsquo;enjailler un peu mais non, des gens disparaissent vraiment, des gens se suicident vraiment. Ce n&rsquo;est pas normal, il faut que le gouvernement fasse attention.\u00a0\u00bb, a-t-il de\u0301clare\u0301.<\/p>\n<p>Ces mots ont trouve\u0301 un e\u0301cho particulier dans un contexte ou\u0300 la se\u0301curite\u0301 et le bien-e\u0302tre des citoyens restent des pre\u0301occupations majeures.<\/p>\n<p>Ce rassemblement a\u0300 Bonoua marque le de\u0301but d&rsquo;une campagne de\u0301termine\u0301e pour Laurent Gbagbo, qui vise a\u0300 unir les forces politiques et sociales de la Co\u0302te d&rsquo;Ivoire autour de sa vision pour l&rsquo;avenir. En choisissant Bonoua pour lancer sa se\u0301rie de meetings, l&rsquo;ex-pre\u0301sident envoie un message clair de respect et de solidarite\u0301 avec les bastions historiques de son mouvement. Sa visite au Roi des Aboure\u0301 et ses appels a\u0300 l&rsquo;union nationale te\u0301moignent de son de\u0301sir de rassembler au-dela\u0300 des clivages politiques.<\/p>\n<p>Le pre\u0301sident du PPA-CI, par ses paroles et ses actes, cherche a\u0300 mobiliser un large soutien populaire pour cre\u0301er une alternative politique forte en vue des e\u0301lections de 2025. Son discours a\u0300 Bonoua, riche en appels a\u0300 l&rsquo;unite\u0301, en propositions et en pre\u0301occupations se\u0301curitaires, pose les bases d&rsquo;une campagne ambitieuse et profonde\u0301ment enracine\u0301e dans les aspirations du peuple ivoirien. Alors que le PPA-CI se pre\u0301pare a\u0300 intensifier ses activite\u0301s de campagne, la Co\u0302te d&rsquo;Ivoire se trouve a\u0300 l&rsquo;aube d&rsquo;une pe\u0301riode politique cruciale, avec des enjeux majeurs pour son avenir de\u0301mocratique et social.<\/p>\n<p>Les prochaines e\u0301tapes de la campagne de l&rsquo;ex code\u0301tenu de Ble\u0301 Goude\u0301 a\u0300 la CPI seront scrute\u0301es de pre\u0300s, alors qu&rsquo;il continue de plaider pour une Co\u0302te d&rsquo;Ivoire unie, juste et se\u0301curise\u0301e. Son engagement envers des discussions honne\u0302tes et inclusives, ainsi que sa vision d&rsquo;une politique oriente\u0301e vers le bien-e\u0302tre des citoyens, pourraient bien rede\u0301finir le paysage politique ivoirien a\u0300 l&rsquo;approche de 2025.<\/p>\n<p>En attendant, Bonoua reste le symbole du lancement d&rsquo;un appel au changement et a\u0300 l&rsquo;unite\u0301, un appel qui pourrait bien re\u0301sonner a\u0300 travers tout le pays.<\/p>\n<p>La campagne de Laurent Gbagbo s\u2019annonce prometteuse et de\u0301termine\u0301e a\u0300 aborder les questions essentielles qui touchent la population. Les attentes sont grandes, et les de\u0301fis nombreux. Le rassemblement de Bonoua a montre\u0301 que Gbagbo est pre\u0302t a\u0300 relever ces de\u0301fis avec une e\u0301nergie renouvele\u0301e et une volonte\u0301 de fer. En plac\u0327ant les pre\u0301occupations des citoyens au c\u0153ur de son discours, il espe\u0300re rallier autour de lui une coalition forte capable de faire face aux e\u0301che\u0301ances e\u0301lectorales de 2025 et d&rsquo;instaurer un gouvernement qui re\u0301pondra aux attentes de tous les Ivoiriens. Les semaines et les mois a\u0300 venir seront de\u0301terminants pour savoir si cette dynamique pourra se maintenir et aboutir a\u0300 un changement significatif dans la gouvernance du pays.<\/p>\n<p><strong>Pour plus d&rsquo;informations et d&rsquo;analyses sur la C\u00f4te d&rsquo;Ivoire, suivez Africa-Press<\/strong><\/p>\n","protected":false},"excerpt":{"rendered":"<p>Africa-Press &#8211; C\u00f4te d&rsquo;Ivoire. Laurent Gbagbo, pre\u0301sident du Parti des Peuples Africains-Co\u0302te d&rsquo;Ivoire (PPA-CI), a entame\u0301 le dimanche 14 juillet 2024 une se\u0301rie de meetings. Il a de\u0301bute\u0301 cette tourne\u0301e par un rassemblement impressionnant a\u0300 Bonoua, le fief de Simone Gbagbo. L&rsquo;ex-pre\u0301sident ivoirien a choisi la place Amangoua de la ville pour s&rsquo;adresser a\u0300 des [&hellip;]<\/p>\n","protected":false},"author":82,"featured_media":83830,"comment_status":"open","ping_status":"closed","sticky":false,"template":"","format":"standard","meta":{"footnotes":""},"categories":[2,20,10],"tags":[4406,495,1004,29,693,320,912,4804,395,60,1952,359],"class_list":["post-83831","post","type-post","status-publish","format-standard","has-post-thumbnail","hentry","category-politique","category-top-nouvelles","category-toutes-les-actualites","tag-aboure","tag-ble-goude","tag-bonoua","tag-cote-divoire","tag-cpi","tag-gbagbo","tag-mama","tag-meeting","tag-pays","tag-politique","tag-ppa-ci","tag-simone"],"yoast_head":"<!-- This site is optimized with the Yoast SEO Premium plugin v26.1 (Yoast SEO v27.0) - https:\/\/yoast.com\/product\/yoast-seo-premium-wordpress\/ -->\n<title>Gbagbo depuis Bonoua \u00abil faut que ce gouvernement ne soit plus l\u00e0 en 2025\u00bb, son appel \u00e0 l&#039;union \u00e0 toute l&#039;opposition - C\u00f4te d&#039;Ivoire<\/title>\n<meta name=\"description\" content=\"Laurent Gbagbo, pre\u0301sident du Parti des Peuples Africains-Co\u0302te d&#039;Ivoire (PPA-CI), a entame\u0301 le dimanche 14 juillet 2024 ...\" \/>\n<meta name=\"robots\" content=\"index, follow, max-snippet:-1, max-image-preview:large, max-video-preview:-1\" \/>\n<link rel=\"canonical\" href=\"https:\/\/www.africa-press.net\/cotedivoire\/politique\/gbagbo-depuis-bonoua-il-faut-que-ce-gouvernement-ne-soit-plus-la-en-2025-son-appel-a-lunion-a-toute-lopposition\" \/>\n<meta property=\"og:locale\" content=\"fr_FR\" \/>\n<meta property=\"og:type\" content=\"article\" \/>\n<meta property=\"og:title\" content=\"Gbagbo depuis Bonoua \u00abil faut que ce gouvernement ne soit plus l\u00e0 en 2025\u00bb, son appel \u00e0 l&#039;union \u00e0 toute l&#039;opposition\" \/>\n<meta property=\"og:description\" content=\"Laurent Gbagbo, pre\u0301sident du Parti des Peuples Africains-Co\u0302te d&#039;Ivoire (PPA-CI), a entame\u0301 le dimanche 14 juillet 2024 ...\" \/>\n<meta property=\"og:url\" content=\"https:\/\/www.africa-press.net\/cotedivoire\/politique\/gbagbo-depuis-bonoua-il-faut-que-ce-gouvernement-ne-soit-plus-la-en-2025-son-appel-a-lunion-a-toute-lopposition\" \/>\n<meta property=\"og:site_name\" content=\"C\u00f4te d&#039;Ivoire\" \/>\n<meta property=\"article:published_time\" content=\"2024-07-16T17:26:15+00:00\" \/>\n<meta property=\"article:modified_time\" content=\"2024-07-16T17:54:42+00:00\" \/>\n<meta property=\"og:image\" content=\"https:\/\/static.africa-press.net\/cote\/sites\/43\/2024\/07\/sm_1721139861.557327.jpg\" \/>\n\t<meta property=\"og:image:width\" content=\"720\" \/>\n\t<meta property=\"og:image:height\" content=\"480\" \/>\n\t<meta property=\"og:image:type\" content=\"image\/jpeg\" \/>\n<meta name=\"author\" content=\"cfeditorfr\" \/>\n<meta name=\"twitter:card\" content=\"summary_large_image\" \/>\n<meta name=\"twitter:label1\" content=\"\u00c9crit par\" \/>\n\t<meta name=\"twitter:data1\" content=\"cfeditorfr\" \/>\n\t<meta name=\"twitter:label2\" content=\"Dur\u00e9e de lecture estim\u00e9e\" \/>\n\t<meta name=\"twitter:data2\" content=\"4 minutes\" \/>\n<script type=\"application\/ld+json\" class=\"yoast-schema-graph\">{\"@context\":\"https:\/\/schema.org\",\"@graph\":[{\"@type\":\"Article\",\"@id\":\"https:\/\/www.africa-press.net\/cotedivoire\/politique\/gbagbo-depuis-bonoua-il-faut-que-ce-gouvernement-ne-soit-plus-la-en-2025-son-appel-a-lunion-a-toute-lopposition#article\",\"isPartOf\":{\"@id\":\"https:\/\/www.africa-press.net\/cotedivoire\/politique\/gbagbo-depuis-bonoua-il-faut-que-ce-gouvernement-ne-soit-plus-la-en-2025-son-appel-a-lunion-a-toute-lopposition\"},\"author\":{\"name\":\"cfeditorfr\",\"@id\":\"https:\/\/www.africa-press.net\/cotedivoire\/#\/schema\/person\/2b1cf3cd81a31e3cd26889ca66d677f1\"},\"headline\":\"Gbagbo depuis Bonoua \u00abil faut que ce gouvernement ne soit plus l\u00e0 en 2025\u00bb, son appel \u00e0 l&rsquo;union \u00e0 toute l&rsquo;opposition\",\"datePublished\":\"2024-07-16T17:26:15+00:00\",\"dateModified\":\"2024-07-16T17:54:42+00:00\",\"mainEntityOfPage\":{\"@id\":\"https:\/\/www.africa-press.net\/cotedivoire\/politique\/gbagbo-depuis-bonoua-il-faut-que-ce-gouvernement-ne-soit-plus-la-en-2025-son-appel-a-lunion-a-toute-lopposition\"},\"wordCount\":944,\"commentCount\":0,\"image\":{\"@id\":\"https:\/\/www.africa-press.net\/cotedivoire\/politique\/gbagbo-depuis-bonoua-il-faut-que-ce-gouvernement-ne-soit-plus-la-en-2025-son-appel-a-lunion-a-toute-lopposition#primaryimage\"},\"thumbnailUrl\":\"https:\/\/static.africa-press.net\/cote\/sites\/43\/2024\/07\/sm_1721139861.557327.jpg\",\"keywords\":[\"Abour\u00e9\",\"Bl\u00e9 Goud\u00e9\",\"Bonoua\",\"C\u00d4TE D'IVOIRE\",\"Cpi\",\"Gbagbo\",\"Mama\",\"meeting\",\"Pays\",\"Politique\",\"PPA-CI\",\"Simone\"],\"articleSection\":[\"Politique\",\"Top Nouvelles\",\"Toutes les actualit\u00e9s\"],\"inLanguage\":\"fr-FR\",\"potentialAction\":[{\"@type\":\"CommentAction\",\"name\":\"Comment\",\"target\":[\"https:\/\/www.africa-press.net\/cotedivoire\/politique\/gbagbo-depuis-bonoua-il-faut-que-ce-gouvernement-ne-soit-plus-la-en-2025-son-appel-a-lunion-a-toute-lopposition#respond\"]}]},{\"@type\":\"WebPage\",\"@id\":\"https:\/\/www.africa-press.net\/cotedivoire\/politique\/gbagbo-depuis-bonoua-il-faut-que-ce-gouvernement-ne-soit-plus-la-en-2025-son-appel-a-lunion-a-toute-lopposition\",\"url\":\"https:\/\/www.africa-press.net\/cotedivoire\/politique\/gbagbo-depuis-bonoua-il-faut-que-ce-gouvernement-ne-soit-plus-la-en-2025-son-appel-a-lunion-a-toute-lopposition\",\"name\":\"Gbagbo depuis Bonoua \u00abil faut que ce gouvernement ne soit plus l\u00e0 en 2025\u00bb, son appel \u00e0 l'union \u00e0 toute l'opposition - C\u00f4te d&#039;Ivoire\",\"isPartOf\":{\"@id\":\"https:\/\/www.africa-press.net\/cotedivoire\/#website\"},\"primaryImageOfPage\":{\"@id\":\"https:\/\/www.africa-press.net\/cotedivoire\/politique\/gbagbo-depuis-bonoua-il-faut-que-ce-gouvernement-ne-soit-plus-la-en-2025-son-appel-a-lunion-a-toute-lopposition#primaryimage\"},\"image\":{\"@id\":\"https:\/\/www.africa-press.net\/cotedivoire\/politique\/gbagbo-depuis-bonoua-il-faut-que-ce-gouvernement-ne-soit-plus-la-en-2025-son-appel-a-lunion-a-toute-lopposition#primaryimage\"},\"thumbnailUrl\":\"https:\/\/static.africa-press.net\/cote\/sites\/43\/2024\/07\/sm_1721139861.557327.jpg\",\"datePublished\":\"2024-07-16T17:26:15+00:00\",\"dateModified\":\"2024-07-16T17:54:42+00:00\",\"author\":{\"@id\":\"https:\/\/www.africa-press.net\/cotedivoire\/#\/schema\/person\/2b1cf3cd81a31e3cd26889ca66d677f1\"},\"description\":\"Laurent Gbagbo, pre\u0301sident du Parti des Peuples Africains-Co\u0302te d'Ivoire (PPA-CI), a entame\u0301 le dimanche 14 juillet 2024 ...\",\"breadcrumb\":{\"@id\":\"https:\/\/www.africa-press.net\/cotedivoire\/politique\/gbagbo-depuis-bonoua-il-faut-que-ce-gouvernement-ne-soit-plus-la-en-2025-son-appel-a-lunion-a-toute-lopposition#breadcrumb\"},\"inLanguage\":\"fr-FR\",\"potentialAction\":[{\"@type\":\"ReadAction\",\"target\":[\"https:\/\/www.africa-press.net\/cotedivoire\/politique\/gbagbo-depuis-bonoua-il-faut-que-ce-gouvernement-ne-soit-plus-la-en-2025-son-appel-a-lunion-a-toute-lopposition\"]}]},{\"@type\":\"ImageObject\",\"inLanguage\":\"fr-FR\",\"@id\":\"https:\/\/www.africa-press.net\/cotedivoire\/politique\/gbagbo-depuis-bonoua-il-faut-que-ce-gouvernement-ne-soit-plus-la-en-2025-son-appel-a-lunion-a-toute-lopposition#primaryimage\",\"url\":\"https:\/\/static.africa-press.net\/cote\/sites\/43\/2024\/07\/sm_1721139861.557327.jpg\",\"contentUrl\":\"https:\/\/static.africa-press.net\/cote\/sites\/43\/2024\/07\/sm_1721139861.557327.jpg\",\"width\":720,\"height\":480,\"caption\":\"Gbagbo depuis Bonoua \u00abil faut que ce gouvernement ne soit plus l\u00e0 en 2025\u00bb, son appel \u00e0 l'union \u00e0 toute l'opposition\"},{\"@type\":\"BreadcrumbList\",\"@id\":\"https:\/\/www.africa-press.net\/cotedivoire\/politique\/gbagbo-depuis-bonoua-il-faut-que-ce-gouvernement-ne-soit-plus-la-en-2025-son-appel-a-lunion-a-toute-lopposition#breadcrumb\",\"itemListElement\":[{\"@type\":\"ListItem\",\"position\":1,\"name\":\"Accueil\",\"item\":\"https:\/\/www.africa-press.net\/cotedivoire\/\"},{\"@type\":\"ListItem\",\"position\":2,\"name\":\"Gbagbo depuis Bonoua \u00abil faut que ce gouvernement ne soit plus l\u00e0 en 2025\u00bb, son appel \u00e0 l&#8217;union \u00e0 toute l&#8217;opposition\"}]},{\"@type\":\"WebSite\",\"@id\":\"https:\/\/www.africa-press.net\/cotedivoire\/#website\",\"url\":\"https:\/\/www.africa-press.net\/cotedivoire\/\",\"name\":\"C\u00f4te d&#039;Ivoire\",\"description\":\"Just another Africa News Agency Sites site\",\"potentialAction\":[{\"@type\":\"SearchAction\",\"target\":{\"@type\":\"EntryPoint\",\"urlTemplate\":\"https:\/\/www.africa-press.net\/cotedivoire\/?s={search_term_string}\"},\"query-input\":{\"@type\":\"PropertyValueSpecification\",\"valueRequired\":true,\"valueName\":\"search_term_string\"}}],\"inLanguage\":\"fr-FR\"},{\"@type\":\"Person\",\"@id\":\"https:\/\/www.africa-press.net\/cotedivoire\/#\/schema\/person\/2b1cf3cd81a31e3cd26889ca66d677f1\",\"name\":\"cfeditorfr\"}]}<\/script>\n<!-- \/ Yoast SEO Premium plugin. -->","yoast_head_json":{"title":"Gbagbo depuis Bonoua \u00abil faut que ce gouvernement ne soit plus l\u00e0 en 2025\u00bb, son appel \u00e0 l'union \u00e0 toute l'opposition - C\u00f4te d&#039;Ivoire","description":"Laurent Gbagbo, pre\u0301sident du Parti des Peuples Africains-Co\u0302te d'Ivoire (PPA-CI), a entame\u0301 le dimanche 14 juillet 2024 ...","robots":{"index":"index","follow":"follow","max-snippet":"max-snippet:-1","max-image-preview":"max-image-preview:large","max-video-preview":"max-video-preview:-1"},"canonical":"https:\/\/www.africa-press.net\/cotedivoire\/politique\/gbagbo-depuis-bonoua-il-faut-que-ce-gouvernement-ne-soit-plus-la-en-2025-son-appel-a-lunion-a-toute-lopposition","og_locale":"fr_FR","og_type":"article","og_title":"Gbagbo depuis Bonoua \u00abil faut que ce gouvernement ne soit plus l\u00e0 en 2025\u00bb, son appel \u00e0 l'union \u00e0 toute l'opposition","og_description":"Laurent Gbagbo, pre\u0301sident du Parti des Peuples Africains-Co\u0302te d'Ivoire (PPA-CI), a entame\u0301 le dimanche 14 juillet 2024 ...","og_url":"https:\/\/www.africa-press.net\/cotedivoire\/politique\/gbagbo-depuis-bonoua-il-faut-que-ce-gouvernement-ne-soit-plus-la-en-2025-son-appel-a-lunion-a-toute-lopposition","og_site_name":"C\u00f4te d&#039;Ivoire","article_published_time":"2024-07-16T17:26:15+00:00","article_modified_time":"2024-07-16T17:54:42+00:00","og_image":[{"width":720,"height":480,"url":"https:\/\/static.africa-press.net\/cote\/sites\/43\/2024\/07\/sm_1721139861.557327.jpg","type":"image\/jpeg"}],"author":"cfeditorfr","twitter_card":"summary_large_image","twitter_misc":{"\u00c9crit par":"cfeditorfr","Dur\u00e9e de lecture estim\u00e9e":"4 minutes"},"schema":{"@context":"https:\/\/schema.org","@graph":[{"@type":"Article","@id":"https:\/\/www.africa-press.net\/cotedivoire\/politique\/gbagbo-depuis-bonoua-il-faut-que-ce-gouvernement-ne-soit-plus-la-en-2025-son-appel-a-lunion-a-toute-lopposition#article","isPartOf":{"@id":"https:\/\/www.africa-press.net\/cotedivoire\/politique\/gbagbo-depuis-bonoua-il-faut-que-ce-gouvernement-ne-soit-plus-la-en-2025-son-appel-a-lunion-a-toute-lopposition"},"author":{"name":"cfeditorfr","@id":"https:\/\/www.africa-press.net\/cotedivoire\/#\/schema\/person\/2b1cf3cd81a31e3cd26889ca66d677f1"},"headline":"Gbagbo depuis Bonoua \u00abil faut que ce gouvernement ne soit plus l\u00e0 en 2025\u00bb, son appel \u00e0 l&rsquo;union \u00e0 toute l&rsquo;opposition","datePublished":"2024-07-16T17:26:15+00:00","dateModified":"2024-07-16T17:54:42+00:00","mainEntityOfPage":{"@id":"https:\/\/www.africa-press.net\/cotedivoire\/politique\/gbagbo-depuis-bonoua-il-faut-que-ce-gouvernement-ne-soit-plus-la-en-2025-son-appel-a-lunion-a-toute-lopposition"},"wordCount":944,"commentCount":0,"image":{"@id":"https:\/\/www.africa-press.net\/cotedivoire\/politique\/gbagbo-depuis-bonoua-il-faut-que-ce-gouvernement-ne-soit-plus-la-en-2025-son-appel-a-lunion-a-toute-lopposition#primaryimage"},"thumbnailUrl":"https:\/\/static.africa-press.net\/cote\/sites\/43\/2024\/07\/sm_1721139861.557327.jpg","keywords":["Abour\u00e9","Bl\u00e9 Goud\u00e9","Bonoua","C\u00d4TE D'IVOIRE","Cpi","Gbagbo","Mama","meeting","Pays","Politique","PPA-CI","Simone"],"articleSection":["Politique","Top Nouvelles","Toutes les actualit\u00e9s"],"inLanguage":"fr-FR","potentialAction":[{"@type":"CommentAction","name":"Comment","target":["https:\/\/www.africa-press.net\/cotedivoire\/politique\/gbagbo-depuis-bonoua-il-faut-que-ce-gouvernement-ne-soit-plus-la-en-2025-son-appel-a-lunion-a-toute-lopposition#respond"]}]},{"@type":"WebPage","@id":"https:\/\/www.africa-press.net\/cotedivoire\/politique\/gbagbo-depuis-bonoua-il-faut-que-ce-gouvernement-ne-soit-plus-la-en-2025-son-appel-a-lunion-a-toute-lopposition","url":"https:\/\/www.africa-press.net\/cotedivoire\/politique\/gbagbo-depuis-bonoua-il-faut-que-ce-gouvernement-ne-soit-plus-la-en-2025-son-appel-a-lunion-a-toute-lopposition","name":"Gbagbo depuis Bonoua \u00abil faut que ce gouvernement ne soit plus l\u00e0 en 2025\u00bb, son appel \u00e0 l'union \u00e0 toute l'opposition - C\u00f4te d&#039;Ivoire","isPartOf":{"@id":"https:\/\/www.africa-press.net\/cotedivoire\/#website"},"primaryImageOfPage":{"@id":"https:\/\/www.africa-press.net\/cotedivoire\/politique\/gbagbo-depuis-bonoua-il-faut-que-ce-gouvernement-ne-soit-plus-la-en-2025-son-appel-a-lunion-a-toute-lopposition#primaryimage"},"image":{"@id":"https:\/\/www.africa-press.net\/cotedivoire\/politique\/gbagbo-depuis-bonoua-il-faut-que-ce-gouvernement-ne-soit-plus-la-en-2025-son-appel-a-lunion-a-toute-lopposition#primaryimage"},"thumbnailUrl":"https:\/\/static.africa-press.net\/cote\/sites\/43\/2024\/07\/sm_1721139861.557327.jpg","datePublished":"2024-07-16T17:26:15+00:00","dateModified":"2024-07-16T17:54:42+00:00","author":{"@id":"https:\/\/www.africa-press.net\/cotedivoire\/#\/schema\/person\/2b1cf3cd81a31e3cd26889ca66d677f1"},"description":"Laurent Gbagbo, pre\u0301sident du Parti des Peuples Africains-Co\u0302te d'Ivoire (PPA-CI), a entame\u0301 le dimanche 14 juillet 2024 ...","breadcrumb":{"@id":"https:\/\/www.africa-press.net\/cotedivoire\/politique\/gbagbo-depuis-bonoua-il-faut-que-ce-gouvernement-ne-soit-plus-la-en-2025-son-appel-a-lunion-a-toute-lopposition#breadcrumb"},"inLanguage":"fr-FR","potentialAction":[{"@type":"ReadAction","target":["https:\/\/www.africa-press.net\/cotedivoire\/politique\/gbagbo-depuis-bonoua-il-faut-que-ce-gouvernement-ne-soit-plus-la-en-2025-son-appel-a-lunion-a-toute-lopposition"]}]},{"@type":"ImageObject","inLanguage":"fr-FR","@id":"https:\/\/www.africa-press.net\/cotedivoire\/politique\/gbagbo-depuis-bonoua-il-faut-que-ce-gouvernement-ne-soit-plus-la-en-2025-son-appel-a-lunion-a-toute-lopposition#primaryimage","url":"https:\/\/static.africa-press.net\/cote\/sites\/43\/2024\/07\/sm_1721139861.557327.jpg","contentUrl":"https:\/\/static.africa-press.net\/cote\/sites\/43\/2024\/07\/sm_1721139861.557327.jpg","width":720,"height":480,"caption":"Gbagbo depuis Bonoua \u00abil faut que ce gouvernement ne soit plus l\u00e0 en 2025\u00bb, son appel \u00e0 l'union \u00e0 toute l'opposition"},{"@type":"BreadcrumbList","@id":"https:\/\/www.africa-press.net\/cotedivoire\/politique\/gbagbo-depuis-bonoua-il-faut-que-ce-gouvernement-ne-soit-plus-la-en-2025-son-appel-a-lunion-a-toute-lopposition#breadcrumb","itemListElement":[{"@type":"ListItem","position":1,"name":"Accueil","item":"https:\/\/www.africa-press.net\/cotedivoire\/"},{"@type":"ListItem","position":2,"name":"Gbagbo depuis Bonoua \u00abil faut que ce gouvernement ne soit plus l\u00e0 en 2025\u00bb, son appel \u00e0 l&#8217;union \u00e0 toute l&#8217;opposition"}]},{"@type":"WebSite","@id":"https:\/\/www.africa-press.net\/cotedivoire\/#website","url":"https:\/\/www.africa-press.net\/cotedivoire\/","name":"C\u00f4te d&#039;Ivoire","description":"Just another Africa News Agency Sites site","potentialAction":[{"@type":"SearchAction","target":{"@type":"EntryPoint","urlTemplate":"https:\/\/www.africa-press.net\/cotedivoire\/?s={search_term_string}"},"query-input":{"@type":"PropertyValueSpecification","valueRequired":true,"valueName":"search_term_string"}}],"inLanguage":"fr-FR"},{"@type":"Person","@id":"https:\/\/www.africa-press.net\/cotedivoire\/#\/schema\/person\/2b1cf3cd81a31e3cd26889ca66d677f1","name":"cfeditorfr"}]}},"_links":{"self":[{"href":"https:\/\/www.africa-press.net\/cotedivoire\/wp-json\/wp\/v2\/posts\/83831","targetHints":{"allow":["GET"]}}],"collection":[{"href":"https:\/\/www.africa-press.net\/cotedivoire\/wp-json\/wp\/v2\/posts"}],"about":[{"href":"https:\/\/www.africa-press.net\/cotedivoire\/wp-json\/wp\/v2\/types\/post"}],"author":[{"embeddable":true,"href":"https:\/\/www.africa-press.net\/cotedivoire\/wp-json\/wp\/v2\/users\/82"}],"replies":[{"embeddable":true,"href":"https:\/\/www.africa-press.net\/cotedivoire\/wp-json\/wp\/v2\/comments?post=83831"}],"version-history":[{"count":0,"href":"https:\/\/www.africa-press.net\/cotedivoire\/wp-json\/wp\/v2\/posts\/83831\/revisions"}],"wp:featuredmedia":[{"embeddable":true,"href":"https:\/\/www.africa-press.net\/cotedivoire\/wp-json\/wp\/v2\/media\/83830"}],"wp:attachment":[{"href":"https:\/\/www.africa-press.net\/cotedivoire\/wp-json\/wp\/v2\/media?parent=83831"}],"wp:term":[{"taxonomy":"category","embeddable":true,"href":"https:\/\/www.africa-press.net\/cotedivoire\/wp-json\/wp\/v2\/categories?post=83831"},{"taxonomy":"post_tag","embeddable":true,"href":"https:\/\/www.africa-press.net\/cotedivoire\/wp-json\/wp\/v2\/tags?post=83831"}],"curies":[{"name":"wp","href":"https:\/\/api.w.org\/{rel}","templated":true}]}}